{"id":231220,"date":"2023-07-17T16:56:07","date_gmt":"2023-07-17T19:56:07","guid":{"rendered":"https:\/\/diariotextual.com\/inicio\/?p=231220"},"modified":"2023-07-18T08:28:12","modified_gmt":"2023-07-18T11:28:12","slug":"massa-y-cristina-fernandez-en-un-acto-a-15-anos-de-la-reestatizacion-de-aerolineas","status":"publish","type":"post","link":"https:\/\/diariotextual.com\/inicio\/index.php\/2023\/07\/17\/massa-y-cristina-fernandez-en-un-acto-a-15-anos-de-la-reestatizacion-de-aerolineas\/","title":{"rendered":"Massa y Cristina Fern\u00e1ndez cuestionaron a los que piden volver a privatizar Aerol\u00edneas"},"content":{"rendered":"\n<p>El ministro de Econom\u00eda y precandidato presidencial de Uni\u00f3n por la Patria (UxP), Sergio Massa, y la vicepresidenta Cristina Fern\u00e1ndez de Kirchner compartieron un acto con motivo de los 15 a\u00f1os de la reestatizaci\u00f3n de Aerol\u00edneas Argentinas. Ambos cuestionaron a los que insisten en volver a privatizar a la l\u00ednea de bandera.<\/p>\n\n\n\n<p>La actividad tuvo lugar en el Centro de Formaci\u00f3n y Entrenamiento de Pilotos de la Rep\u00fablica Argentina (Cefepra), aleda\u00f1o al aeropuerto internacional de Ezeiza, donde en el marco de la conmemoraci\u00f3n se inaugurar\u00e1 un nuevo simulador de vuelo de la empresa de bandera.<\/p>\n\n\n\n<p>Fue el primer acto de gobierno de Sergio Massa como jefe de Gabinete de Cristina Fern\u00e1ndez de Kirchner en 2008: anunciar el env\u00edo del proyecto de ley para la reestatizaci\u00f3n de Aerol\u00edneas Argentinas.<\/p>\n\n\n\n<p>Massa comenz\u00f3 apuntando contra Horacio Rodr\u00edguez Larreta. \u201cEscuch\u00e9 al actual jefe de Gobierno que dec\u00eda que los vecinos del conurbano cuando compran leche, le pagan los pasajes de los que viajan a Roma. Pido que seamos rigurosos con los n\u00fameros. Aerol\u00edneas en el primer semestre con el vuelo a Roma gan\u00f3 12 millones de d\u00f3lares\u201d, dijo. \u201cSe definen dos modelos de pa\u00eds, si queremos un pa\u00eds federal hay que defender a Aerol\u00edneas\u201d, agreg\u00f3.<\/p>\n\n\n\n<p>\u201cHay que sacarse las anteojeras ideol\u00f3gicas y poner como horizonte la defensa de los intereses nacionales\u201d, se quej\u00f3 Cristina Kirchner. \u201cQuieren privatizar Aerol\u00edneas y ya lo hicieron\u201d, lanz\u00f3.<\/p>\n\n\n\n<p>\u201cAlguien deber\u00eda inventar alg\u00fan simulador de presidentes, para que lo pusi\u00e9ramos a uno con los n\u00fameros y los problemas de Argentina, no los de Suecia o Noruega\u201d, ironiz\u00f3 Cristina Kirchner.<\/p>\n\n\n\n<p>\u201cHay una cifra fenomenal. 428.635 millones de d\u00f3lares. Son los activos formados en el exterior por personas f\u00edsicas y jur\u00eddicas de la Argentina. Bienvenido a la Argentina, donde nos faltan los d\u00f3lares. Ah, pero afuera de la Argentina, hay un grupo selecto de argentinos que tiene casi un PBI \u00bfLes suena? El PBI lo tienen argentinos y argentinos afuera\u201d, afirm\u00f3 la vicepresidenta.<\/p>\n\n\n\n<p>\u201cLos d\u00f3lares que le faltan a la Argentina no son un fen\u00f3meno natural. Si todo esto estuviera declarado ser\u00edan monumentales los ingresos fiscales. Gran parte de esos activos se debe a evasi\u00f3n impositiva o sobrefacturaci\u00f3n de importaciones o subfacturaci\u00f3n de exportaciones\u201d, complet\u00f3.<\/p>\n\n\n\n<p>\u201cEs necesario volver a hablar en serio de los problemas que tienen los argentinos y c\u00f3mo responderlos, con n\u00fameros en la mano y con el ejercicio de responsabilidad que a cada uno le cabe. Al FMI no lo trajo este gobierno. Es m\u00e1s, el peronismo y el kirchnerismo le hab\u00edan dicho out, game over. Y lo trajeron de vuelta\u201d, comenz\u00f3 a despotricar CFK, antes de enviarle un mensaje al propio organismo de cr\u00e9dito por la extitular Christine Lagarde. \u201cLa Argentina hay una sola, pero el Fondo Monetario tambi\u00e9n es uno solo. Si nosotros tenemos que hacernos cargo del desmanejo del anterior presidente cuando convoc\u00f3 al Fondo, el Fondo, en su actual autoridad, se tienen que hacer cargo del desmanejo que tuvo la directora. La continuidad institucional es para todos y para todas\u201d.<\/p>\n","protected":false},"excerpt":{"rendered":"<p>El ministro de Econom\u00eda y precandidato presidencial de Uni\u00f3n por la Patria (UxP), Sergio Massa, y la vicepresidenta Cristina Fern\u00e1ndez de Kirchner compartieron un acto con motivo de los 15&hellip;<\/p>\n","protected":false},"author":3,"featured_media":231221,"comment_status":"closed","ping_status":"open","sticky":false,"template":"","format":"standard","meta":{"_acf_changed":false,"footnotes":""},"categories":[1,11,12],"tags":[],"class_list":["post-231220","post","type-post","status-publish","format-standard","has-post-thumbnail","hentry","category-es-noticia","category-que-pasa","category-sociedad"],"acf":[],"yoast_head":"<!-- This site is optimized with the Yoast SEO plugin v27.5 - https:\/\/yoast.com\/product\/yoast-seo-wordpress\/ -->\n<title>Massa y Cristina Fern\u00e1ndez cuestionaron a los que piden volver a privatizar Aerol\u00edneas - Diario Textual<\/title>\n<meta name=\"robots\" content=\"index, follow, max-snippet:-1, max-image-preview:large, max-video-preview:-1\" \/>\n<link rel=\"canonical\" href=\"https:\/\/diariotextual.com\/inicio\/index.php\/2023\/07\/17\/massa-y-cristina-fernandez-en-un-acto-a-15-anos-de-la-reestatizacion-de-aerolineas\/\" \/>\n<meta property=\"og:locale\" content=\"es_ES\" \/>\n<meta property=\"og:type\" content=\"article\" \/>\n<meta property=\"og:title\" content=\"Massa y Cristina Fern\u00e1ndez cuestionaron a los que piden volver a privatizar Aerol\u00edneas - Diario Textual\" \/>\n<meta property=\"og:description\" content=\"El ministro de Econom\u00eda y precandidato presidencial de Uni\u00f3n por la Patria (UxP), Sergio Massa, y la vicepresidenta Cristina Fern\u00e1ndez de Kirchner compartieron un acto con motivo de los 15&hellip;\" \/>\n<meta property=\"og:url\" content=\"https:\/\/diariotextual.com\/inicio\/index.php\/2023\/07\/17\/massa-y-cristina-fernandez-en-un-acto-a-15-anos-de-la-reestatizacion-de-aerolineas\/\" \/>\n<meta property=\"og:site_name\" content=\"Diario Textual\" \/>\n<meta property=\"article:publisher\" content=\"https:\/\/www.facebook.com\/eltextual\" \/>\n<meta property=\"article:published_time\" content=\"2023-07-17T19:56:07+00:00\" \/>\n<meta property=\"article:modified_time\" content=\"2023-07-18T11:28:12+00:00\" \/>\n<meta property=\"og:image\" content=\"https:\/\/diariotextual.com\/inicio\/wp-content\/uploads\/2023\/07\/fernandezcristinamassasergioavionaerolineas2023-1.jpg\" \/>\n\t<meta property=\"og:image:width\" content=\"1100\" \/>\n\t<meta property=\"og:image:height\" content=\"619\" \/>\n\t<meta property=\"og:image:type\" content=\"image\/jpeg\" \/>\n<meta name=\"author\" content=\"Diario1 Diario1\" \/>\n<meta name=\"twitter:card\" content=\"summary_large_image\" \/>\n<meta name=\"twitter:creator\" content=\"@eltextual\" \/>\n<meta name=\"twitter:site\" content=\"@eltextual\" \/>\n<meta name=\"twitter:label1\" content=\"Escrito por\" \/>\n\t<meta name=\"twitter:data1\" content=\"Diario1 Diario1\" \/>\n\t<meta name=\"twitter:label2\" content=\"Tiempo de lectura\" \/>\n\t<meta name=\"twitter:data2\" content=\"3 minutos\" \/>\n<script type=\"application\/ld+json\" class=\"yoast-schema-graph\">{\"@context\":\"https:\\\/\\\/schema.org\",\"@graph\":[{\"@type\":\"Article\",\"@id\":\"https:\\\/\\\/diariotextual.com\\\/inicio\\\/index.php\\\/2023\\\/07\\\/17\\\/massa-y-cristina-fernandez-en-un-acto-a-15-anos-de-la-reestatizacion-de-aerolineas\\\/#article\",\"isPartOf\":{\"@id\":\"https:\\\/\\\/diariotextual.com\\\/inicio\\\/index.php\\\/2023\\\/07\\\/17\\\/massa-y-cristina-fernandez-en-un-acto-a-15-anos-de-la-reestatizacion-de-aerolineas\\\/\"},\"author\":{\"name\":\"Diario1 Diario1\",\"@id\":\"https:\\\/\\\/diariotextual.com\\\/inicio\\\/#\\\/schema\\\/person\\\/418fc4093c33e86ed41562db3508f958\"},\"headline\":\"Massa y Cristina Fern\u00e1ndez cuestionaron a los que piden volver a privatizar Aerol\u00edneas\",\"datePublished\":\"2023-07-17T19:56:07+00:00\",\"dateModified\":\"2023-07-18T11:28:12+00:00\",\"mainEntityOfPage\":{\"@id\":\"https:\\\/\\\/diariotextual.com\\\/inicio\\\/index.php\\\/2023\\\/07\\\/17\\\/massa-y-cristina-fernandez-en-un-acto-a-15-anos-de-la-reestatizacion-de-aerolineas\\\/\"},\"wordCount\":551,\"publisher\":{\"@id\":\"https:\\\/\\\/diariotextual.com\\\/inicio\\\/#organization\"},\"image\":{\"@id\":\"https:\\\/\\\/diariotextual.com\\\/inicio\\\/index.php\\\/2023\\\/07\\\/17\\\/massa-y-cristina-fernandez-en-un-acto-a-15-anos-de-la-reestatizacion-de-aerolineas\\\/#primaryimage\"},\"thumbnailUrl\":\"https:\\\/\\\/diariotextual.com\\\/inicio\\\/wp-content\\\/uploads\\\/2023\\\/07\\\/fernandezcristinamassasergioavionaerolineas2023-1.jpg\",\"articleSection\":[\"A - ES NOTICIA (van abajo)\",\"A - QUE PASA (al costado)\",\"SOCIEDAD\"],\"inLanguage\":\"es\"},{\"@type\":\"WebPage\",\"@id\":\"https:\\\/\\\/diariotextual.com\\\/inicio\\\/index.php\\\/2023\\\/07\\\/17\\\/massa-y-cristina-fernandez-en-un-acto-a-15-anos-de-la-reestatizacion-de-aerolineas\\\/\",\"url\":\"https:\\\/\\\/diariotextual.com\\\/inicio\\\/index.php\\\/2023\\\/07\\\/17\\\/massa-y-cristina-fernandez-en-un-acto-a-15-anos-de-la-reestatizacion-de-aerolineas\\\/\",\"name\":\"Massa y Cristina Fern\u00e1ndez cuestionaron a los que piden volver a privatizar Aerol\u00edneas - Diario Textual\",\"isPartOf\":{\"@id\":\"https:\\\/\\\/diariotextual.com\\\/inicio\\\/#website\"},\"primaryImageOfPage\":{\"@id\":\"https:\\\/\\\/diariotextual.com\\\/inicio\\\/index.php\\\/2023\\\/07\\\/17\\\/massa-y-cristina-fernandez-en-un-acto-a-15-anos-de-la-reestatizacion-de-aerolineas\\\/#primaryimage\"},\"image\":{\"@id\":\"https:\\\/\\\/diariotextual.com\\\/inicio\\\/index.php\\\/2023\\\/07\\\/17\\\/massa-y-cristina-fernandez-en-un-acto-a-15-anos-de-la-reestatizacion-de-aerolineas\\\/#primaryimage\"},\"thumbnailUrl\":\"https:\\\/\\\/diariotextual.com\\\/inicio\\\/wp-content\\\/uploads\\\/2023\\\/07\\\/fernandezcristinamassasergioavionaerolineas2023-1.jpg\",\"datePublished\":\"2023-07-17T19:56:07+00:00\",\"dateModified\":\"2023-07-18T11:28:12+00:00\",\"breadcrumb\":{\"@id\":\"https:\\\/\\\/diariotextual.com\\\/inicio\\\/index.php\\\/2023\\\/07\\\/17\\\/massa-y-cristina-fernandez-en-un-acto-a-15-anos-de-la-reestatizacion-de-aerolineas\\\/#breadcrumb\"},\"inLanguage\":\"es\",\"potentialAction\":[{\"@type\":\"ReadAction\",\"target\":[\"https:\\\/\\\/diariotextual.com\\\/inicio\\\/index.php\\\/2023\\\/07\\\/17\\\/massa-y-cristina-fernandez-en-un-acto-a-15-anos-de-la-reestatizacion-de-aerolineas\\\/\"]}]},{\"@type\":\"ImageObject\",\"inLanguage\":\"es\",\"@id\":\"https:\\\/\\\/diariotextual.com\\\/inicio\\\/index.php\\\/2023\\\/07\\\/17\\\/massa-y-cristina-fernandez-en-un-acto-a-15-anos-de-la-reestatizacion-de-aerolineas\\\/#primaryimage\",\"url\":\"https:\\\/\\\/diariotextual.com\\\/inicio\\\/wp-content\\\/uploads\\\/2023\\\/07\\\/fernandezcristinamassasergioavionaerolineas2023-1.jpg\",\"contentUrl\":\"https:\\\/\\\/diariotextual.com\\\/inicio\\\/wp-content\\\/uploads\\\/2023\\\/07\\\/fernandezcristinamassasergioavionaerolineas2023-1.jpg\",\"width\":1100,\"height\":619},{\"@type\":\"BreadcrumbList\",\"@id\":\"https:\\\/\\\/diariotextual.com\\\/inicio\\\/index.php\\\/2023\\\/07\\\/17\\\/massa-y-cristina-fernandez-en-un-acto-a-15-anos-de-la-reestatizacion-de-aerolineas\\\/#breadcrumb\",\"itemListElement\":[{\"@type\":\"ListItem\",\"position\":1,\"name\":\"Portada\",\"item\":\"https:\\\/\\\/diariotextual.com\\\/inicio\\\/\"},{\"@type\":\"ListItem\",\"position\":2,\"name\":\"Massa y Cristina Fern\u00e1ndez cuestionaron a los que piden volver a privatizar Aerol\u00edneas\"}]},{\"@type\":\"WebSite\",\"@id\":\"https:\\\/\\\/diariotextual.com\\\/inicio\\\/#website\",\"url\":\"https:\\\/\\\/diariotextual.com\\\/inicio\\\/\",\"name\":\"Diario Textual\",\"description\":\"\",\"publisher\":{\"@id\":\"https:\\\/\\\/diariotextual.com\\\/inicio\\\/#organization\"},\"potentialAction\":[{\"@type\":\"SearchAction\",\"target\":{\"@type\":\"EntryPoint\",\"urlTemplate\":\"https:\\\/\\\/diariotextual.com\\\/inicio\\\/?s={search_term_string}\"},\"query-input\":{\"@type\":\"PropertyValueSpecification\",\"valueRequired\":true,\"valueName\":\"search_term_string\"}}],\"inLanguage\":\"es\"},{\"@type\":\"Organization\",\"@id\":\"https:\\\/\\\/diariotextual.com\\\/inicio\\\/#organization\",\"name\":\"Diario Textual\",\"url\":\"https:\\\/\\\/diariotextual.com\\\/inicio\\\/\",\"logo\":{\"@type\":\"ImageObject\",\"inLanguage\":\"es\",\"@id\":\"https:\\\/\\\/diariotextual.com\\\/inicio\\\/#\\\/schema\\\/logo\\\/image\\\/\",\"url\":\"https:\\\/\\\/diariotextual.com\\\/inicio\\\/wp-content\\\/uploads\\\/2023\\\/05\\\/logotextual1.jpg\",\"contentUrl\":\"https:\\\/\\\/diariotextual.com\\\/inicio\\\/wp-content\\\/uploads\\\/2023\\\/05\\\/logotextual1.jpg\",\"width\":516,\"height\":76,\"caption\":\"Diario Textual\"},\"image\":{\"@id\":\"https:\\\/\\\/diariotextual.com\\\/inicio\\\/#\\\/schema\\\/logo\\\/image\\\/\"},\"sameAs\":[\"https:\\\/\\\/www.facebook.com\\\/eltextual\",\"https:\\\/\\\/x.com\\\/eltextual\",\"http:\\\/\\\/www.instagram.com\\\/eltextual\"]},{\"@type\":\"Person\",\"@id\":\"https:\\\/\\\/diariotextual.com\\\/inicio\\\/#\\\/schema\\\/person\\\/418fc4093c33e86ed41562db3508f958\",\"name\":\"Diario1 Diario1\",\"image\":{\"@type\":\"ImageObject\",\"inLanguage\":\"es\",\"@id\":\"https:\\\/\\\/secure.gravatar.com\\\/avatar\\\/9167d280179c85bc18be67aa7eda765854300033af4896dd779b608640f2ef7a?s=96&d=mm&r=g\",\"url\":\"https:\\\/\\\/secure.gravatar.com\\\/avatar\\\/9167d280179c85bc18be67aa7eda765854300033af4896dd779b608640f2ef7a?s=96&d=mm&r=g\",\"contentUrl\":\"https:\\\/\\\/secure.gravatar.com\\\/avatar\\\/9167d280179c85bc18be67aa7eda765854300033af4896dd779b608640f2ef7a?s=96&d=mm&r=g\",\"caption\":\"Diario1 Diario1\"},\"url\":\"https:\\\/\\\/diariotextual.com\\\/inicio\\\/index.php\\\/author\\\/diario1\\\/\"}]}<\/script>\n<!-- \/ Yoast SEO plugin. -->","yoast_head_json":{"title":"Massa y Cristina Fern\u00e1ndez cuestionaron a los que piden volver a privatizar Aerol\u00edneas - Diario Textual","robots":{"index":"index","follow":"follow","max-snippet":"max-snippet:-1","max-image-preview":"max-image-preview:large","max-video-preview":"max-video-preview:-1"},"canonical":"https:\/\/diariotextual.com\/inicio\/index.php\/2023\/07\/17\/massa-y-cristina-fernandez-en-un-acto-a-15-anos-de-la-reestatizacion-de-aerolineas\/","og_locale":"es_ES","og_type":"article","og_title":"Massa y Cristina Fern\u00e1ndez cuestionaron a los que piden volver a privatizar Aerol\u00edneas - Diario Textual","og_description":"El ministro de Econom\u00eda y precandidato presidencial de Uni\u00f3n por la Patria (UxP), Sergio Massa, y la vicepresidenta Cristina Fern\u00e1ndez de Kirchner compartieron un acto con motivo de los 15&hellip;","og_url":"https:\/\/diariotextual.com\/inicio\/index.php\/2023\/07\/17\/massa-y-cristina-fernandez-en-un-acto-a-15-anos-de-la-reestatizacion-de-aerolineas\/","og_site_name":"Diario Textual","article_publisher":"https:\/\/www.facebook.com\/eltextual","article_published_time":"2023-07-17T19:56:07+00:00","article_modified_time":"2023-07-18T11:28:12+00:00","og_image":[{"width":1100,"height":619,"url":"https:\/\/diariotextual.com\/inicio\/wp-content\/uploads\/2023\/07\/fernandezcristinamassasergioavionaerolineas2023-1.jpg","type":"image\/jpeg"}],"author":"Diario1 Diario1","twitter_card":"summary_large_image","twitter_creator":"@eltextual","twitter_site":"@eltextual","twitter_misc":{"Escrito por":"Diario1 Diario1","Tiempo de lectura":"3 minutos"},"schema":{"@context":"https:\/\/schema.org","@graph":[{"@type":"Article","@id":"https:\/\/diariotextual.com\/inicio\/index.php\/2023\/07\/17\/massa-y-cristina-fernandez-en-un-acto-a-15-anos-de-la-reestatizacion-de-aerolineas\/#article","isPartOf":{"@id":"https:\/\/diariotextual.com\/inicio\/index.php\/2023\/07\/17\/massa-y-cristina-fernandez-en-un-acto-a-15-anos-de-la-reestatizacion-de-aerolineas\/"},"author":{"name":"Diario1 Diario1","@id":"https:\/\/diariotextual.com\/inicio\/#\/schema\/person\/418fc4093c33e86ed41562db3508f958"},"headline":"Massa y Cristina Fern\u00e1ndez cuestionaron a los que piden volver a privatizar Aerol\u00edneas","datePublished":"2023-07-17T19:56:07+00:00","dateModified":"2023-07-18T11:28:12+00:00","mainEntityOfPage":{"@id":"https:\/\/diariotextual.com\/inicio\/index.php\/2023\/07\/17\/massa-y-cristina-fernandez-en-un-acto-a-15-anos-de-la-reestatizacion-de-aerolineas\/"},"wordCount":551,"publisher":{"@id":"https:\/\/diariotextual.com\/inicio\/#organization"},"image":{"@id":"https:\/\/diariotextual.com\/inicio\/index.php\/2023\/07\/17\/massa-y-cristina-fernandez-en-un-acto-a-15-anos-de-la-reestatizacion-de-aerolineas\/#primaryimage"},"thumbnailUrl":"https:\/\/diariotextual.com\/inicio\/wp-content\/uploads\/2023\/07\/fernandezcristinamassasergioavionaerolineas2023-1.jpg","articleSection":["A - ES NOTICIA (van abajo)","A - QUE PASA (al costado)","SOCIEDAD"],"inLanguage":"es"},{"@type":"WebPage","@id":"https:\/\/diariotextual.com\/inicio\/index.php\/2023\/07\/17\/massa-y-cristina-fernandez-en-un-acto-a-15-anos-de-la-reestatizacion-de-aerolineas\/","url":"https:\/\/diariotextual.com\/inicio\/index.php\/2023\/07\/17\/massa-y-cristina-fernandez-en-un-acto-a-15-anos-de-la-reestatizacion-de-aerolineas\/","name":"Massa y Cristina Fern\u00e1ndez cuestionaron a los que piden volver a privatizar Aerol\u00edneas - Diario Textual","isPartOf":{"@id":"https:\/\/diariotextual.com\/inicio\/#website"},"primaryImageOfPage":{"@id":"https:\/\/diariotextual.com\/inicio\/index.php\/2023\/07\/17\/massa-y-cristina-fernandez-en-un-acto-a-15-anos-de-la-reestatizacion-de-aerolineas\/#primaryimage"},"image":{"@id":"https:\/\/diariotextual.com\/inicio\/index.php\/2023\/07\/17\/massa-y-cristina-fernandez-en-un-acto-a-15-anos-de-la-reestatizacion-de-aerolineas\/#primaryimage"},"thumbnailUrl":"https:\/\/diariotextual.com\/inicio\/wp-content\/uploads\/2023\/07\/fernandezcristinamassasergioavionaerolineas2023-1.jpg","datePublished":"2023-07-17T19:56:07+00:00","dateModified":"2023-07-18T11:28:12+00:00","breadcrumb":{"@id":"https:\/\/diariotextual.com\/inicio\/index.php\/2023\/07\/17\/massa-y-cristina-fernandez-en-un-acto-a-15-anos-de-la-reestatizacion-de-aerolineas\/#breadcrumb"},"inLanguage":"es","potentialAction":[{"@type":"ReadAction","target":["https:\/\/diariotextual.com\/inicio\/index.php\/2023\/07\/17\/massa-y-cristina-fernandez-en-un-acto-a-15-anos-de-la-reestatizacion-de-aerolineas\/"]}]},{"@type":"ImageObject","inLanguage":"es","@id":"https:\/\/diariotextual.com\/inicio\/index.php\/2023\/07\/17\/massa-y-cristina-fernandez-en-un-acto-a-15-anos-de-la-reestatizacion-de-aerolineas\/#primaryimage","url":"https:\/\/diariotextual.com\/inicio\/wp-content\/uploads\/2023\/07\/fernandezcristinamassasergioavionaerolineas2023-1.jpg","contentUrl":"https:\/\/diariotextual.com\/inicio\/wp-content\/uploads\/2023\/07\/fernandezcristinamassasergioavionaerolineas2023-1.jpg","width":1100,"height":619},{"@type":"BreadcrumbList","@id":"https:\/\/diariotextual.com\/inicio\/index.php\/2023\/07\/17\/massa-y-cristina-fernandez-en-un-acto-a-15-anos-de-la-reestatizacion-de-aerolineas\/#breadcrumb","itemListElement":[{"@type":"ListItem","position":1,"name":"Portada","item":"https:\/\/diariotextual.com\/inicio\/"},{"@type":"ListItem","position":2,"name":"Massa y Cristina Fern\u00e1ndez cuestionaron a los que piden volver a privatizar Aerol\u00edneas"}]},{"@type":"WebSite","@id":"https:\/\/diariotextual.com\/inicio\/#website","url":"https:\/\/diariotextual.com\/inicio\/","name":"Diario Textual","description":"","publisher":{"@id":"https:\/\/diariotextual.com\/inicio\/#organization"},"potentialAction":[{"@type":"SearchAction","target":{"@type":"EntryPoint","urlTemplate":"https:\/\/diariotextual.com\/inicio\/?s={search_term_string}"},"query-input":{"@type":"PropertyValueSpecification","valueRequired":true,"valueName":"search_term_string"}}],"inLanguage":"es"},{"@type":"Organization","@id":"https:\/\/diariotextual.com\/inicio\/#organization","name":"Diario Textual","url":"https:\/\/diariotextual.com\/inicio\/","logo":{"@type":"ImageObject","inLanguage":"es","@id":"https:\/\/diariotextual.com\/inicio\/#\/schema\/logo\/image\/","url":"https:\/\/diariotextual.com\/inicio\/wp-content\/uploads\/2023\/05\/logotextual1.jpg","contentUrl":"https:\/\/diariotextual.com\/inicio\/wp-content\/uploads\/2023\/05\/logotextual1.jpg","width":516,"height":76,"caption":"Diario Textual"},"image":{"@id":"https:\/\/diariotextual.com\/inicio\/#\/schema\/logo\/image\/"},"sameAs":["https:\/\/www.facebook.com\/eltextual","https:\/\/x.com\/eltextual","http:\/\/www.instagram.com\/eltextual"]},{"@type":"Person","@id":"https:\/\/diariotextual.com\/inicio\/#\/schema\/person\/418fc4093c33e86ed41562db3508f958","name":"Diario1 Diario1","image":{"@type":"ImageObject","inLanguage":"es","@id":"https:\/\/secure.gravatar.com\/avatar\/9167d280179c85bc18be67aa7eda765854300033af4896dd779b608640f2ef7a?s=96&d=mm&r=g","url":"https:\/\/secure.gravatar.com\/avatar\/9167d280179c85bc18be67aa7eda765854300033af4896dd779b608640f2ef7a?s=96&d=mm&r=g","contentUrl":"https:\/\/secure.gravatar.com\/avatar\/9167d280179c85bc18be67aa7eda765854300033af4896dd779b608640f2ef7a?s=96&d=mm&r=g","caption":"Diario1 Diario1"},"url":"https:\/\/diariotextual.com\/inicio\/index.php\/author\/diario1\/"}]}},"_links":{"self":[{"href":"https:\/\/diariotextual.com\/inicio\/index.php\/wp-json\/wp\/v2\/posts\/231220","targetHints":{"allow":["GET"]}}],"collection":[{"href":"https:\/\/diariotextual.com\/inicio\/index.php\/wp-json\/wp\/v2\/posts"}],"about":[{"href":"https:\/\/diariotextual.com\/inicio\/index.php\/wp-json\/wp\/v2\/types\/post"}],"author":[{"embeddable":true,"href":"https:\/\/diariotextual.com\/inicio\/index.php\/wp-json\/wp\/v2\/users\/3"}],"replies":[{"embeddable":true,"href":"https:\/\/diariotextual.com\/inicio\/index.php\/wp-json\/wp\/v2\/comments?post=231220"}],"version-history":[{"count":2,"href":"https:\/\/diariotextual.com\/inicio\/index.php\/wp-json\/wp\/v2\/posts\/231220\/revisions"}],"predecessor-version":[{"id":231223,"href":"https:\/\/diariotextual.com\/inicio\/index.php\/wp-json\/wp\/v2\/posts\/231220\/revisions\/231223"}],"wp:featuredmedia":[{"embeddable":true,"href":"https:\/\/diariotextual.com\/inicio\/index.php\/wp-json\/wp\/v2\/media\/231221"}],"wp:attachment":[{"href":"https:\/\/diariotextual.com\/inicio\/index.php\/wp-json\/wp\/v2\/media?parent=231220"}],"wp:term":[{"taxonomy":"category","embeddable":true,"href":"https:\/\/diariotextual.com\/inicio\/index.php\/wp-json\/wp\/v2\/categories?post=231220"},{"taxonomy":"post_tag","embeddable":true,"href":"https:\/\/diariotextual.com\/inicio\/index.php\/wp-json\/wp\/v2\/tags?post=231220"}],"curies":[{"name":"wp","href":"https:\/\/api.w.org\/{rel}","templated":true}]}}