{"id":231227,"date":"2023-07-17T20:11:42","date_gmt":"2023-07-17T23:11:42","guid":{"rendered":"https:\/\/diariotextual.com\/inicio\/?p=231227"},"modified":"2023-07-18T08:26:42","modified_gmt":"2023-07-18T11:26:42","slug":"incorporan-equipo-de-rayos-x-al-centro-de-salud-de-zona-norte","status":"publish","type":"post","link":"https:\/\/diariotextual.com\/inicio\/index.php\/2023\/07\/17\/incorporan-equipo-de-rayos-x-al-centro-de-salud-de-zona-norte\/","title":{"rendered":"Incorporan equipo de rayos X al Centro de Salud de Zona Norte"},"content":{"rendered":"\n<p>El Gobierno provincial destin\u00f3 un equipo de rayos X digitalizado de 500 MA al Centro de Salud de Zona Norte. \u201cPermite todo tipo de rayos convencionales para pacientes adultos y pedi\u00e1tricos\u201d, &nbsp;dijo el subsecretario de Salud, Gustavo Vera, a la Agencia Provincial de Noticias.<\/p>\n\n\n\n<p>\u201cSi bien, en la ciudad de Santa Rosa, los establecimientos asistenciales Lucio Molas, Villa Parque, Reconversi\u00f3n, Centro Sanitario, Hospital Evita y el Hospital de Complejidad Creciente Ren\u00e9 Favaloro ya cuentan con este tipo de equipamientos, a partir de la ampliaci\u00f3n estrat\u00e9gica de este servicio, se garantizan nuevas prestaciones en este centro de Salud que tiene una gran poblaci\u00f3n a cargo, evitando derivaciones, lo cual favorece a la descentralizaci\u00f3n de la atenci\u00f3n y lo m\u00e1s importante es que el paciente recibe el diagn\u00f3stico inmediato, sin tener que desplazarse hasta otra instituci\u00f3n\u201d, dijo.<\/p>\n\n\n\n<p>\u201cEl nuevo servicio del centro de Salud, el cual ya est\u00e1 en funcionamiento, atiende en horarios de ma\u00f1ana y de tarde gracias a la incorporaci\u00f3n de t\u00e9cnicos formados en la materia. De este modo cada vecino o vecina que necesite hacerse una imagen con rayos X , podr\u00e1 resolverlo en este centro de Salud. Recordemos que se trata de un equipo digitalizado el cual permite subir la imagen al sistema de manera inmediata para, en caso de ser necesario, consultar con otros profesionales de la red provincial de Salud\u201d, dijo.<\/p>\n\n\n\n<p>En tanto, Daniel Rengifo, director del Centro de Salud, expres\u00f3 este es un Centro de Salud de \u201creferencia\u201d, el cual tiene a cargo una amplia poblaci\u00f3n y al que regularmente tambi\u00e9n asisten vecinas y vecinos de los barrios aleda\u00f1os. \u201cEn la actualidad contamos con servicio de imagen, ya sea a trav\u00e9s de rayos y\/o ecograf\u00eda, laboratorio, m\u00e9dicos generalistas, y servicios de atenci\u00f3n de profesionales como nutrici\u00f3n, odontolog\u00eda, obstetricia, pediatr\u00eda, ginecolog\u00eda y psicolog\u00eda. Todos y cada uno de estos servicios tienen como fin promover y generar mejores prestaciones en cada uno de los procesos asistenciales destinados a la comunidad\u201d, concluy\u00f3.<\/p>\n","protected":false},"excerpt":{"rendered":"<p>El Gobierno provincial destin\u00f3 un equipo de rayos X digitalizado de 500 MA al Centro de Salud de Zona Norte. \u201cPermite todo tipo de rayos convencionales para pacientes adultos y&hellip;<\/p>\n","protected":false},"author":3,"featured_media":231229,"comment_status":"closed","ping_status":"open","sticky":false,"template":"","format":"standard","meta":{"_acf_changed":false,"footnotes":""},"categories":[1,12],"tags":[],"class_list":["post-231227","post","type-post","status-publish","format-standard","has-post-thumbnail","hentry","category-es-noticia","category-sociedad"],"acf":[],"yoast_head":"<!-- This site is optimized with the Yoast SEO plugin v27.5 - https:\/\/yoast.com\/product\/yoast-seo-wordpress\/ -->\n<title>Incorporan equipo de rayos X al Centro de Salud de Zona Norte - Diario Textual<\/title>\n<meta name=\"robots\" content=\"index, follow, max-snippet:-1, max-image-preview:large, max-video-preview:-1\" \/>\n<link rel=\"canonical\" href=\"https:\/\/diariotextual.com\/inicio\/index.php\/2023\/07\/17\/incorporan-equipo-de-rayos-x-al-centro-de-salud-de-zona-norte\/\" \/>\n<meta property=\"og:locale\" content=\"es_ES\" \/>\n<meta property=\"og:type\" content=\"article\" \/>\n<meta property=\"og:title\" content=\"Incorporan equipo de rayos X al Centro de Salud de Zona Norte - Diario Textual\" \/>\n<meta property=\"og:description\" content=\"El Gobierno provincial destin\u00f3 un equipo de rayos X digitalizado de 500 MA al Centro de Salud de Zona Norte. \u201cPermite todo tipo de rayos convencionales para pacientes adultos y&hellip;\" \/>\n<meta property=\"og:url\" content=\"https:\/\/diariotextual.com\/inicio\/index.php\/2023\/07\/17\/incorporan-equipo-de-rayos-x-al-centro-de-salud-de-zona-norte\/\" \/>\n<meta property=\"og:site_name\" content=\"Diario Textual\" \/>\n<meta property=\"article:publisher\" content=\"https:\/\/www.facebook.com\/eltextual\" \/>\n<meta property=\"article:published_time\" content=\"2023-07-17T23:11:42+00:00\" \/>\n<meta property=\"article:modified_time\" content=\"2023-07-18T11:26:42+00:00\" \/>\n<meta property=\"og:image\" content=\"https:\/\/diariotextual.com\/inicio\/wp-content\/uploads\/2023\/07\/rayosxcentrodesaludzonanorte2023-1.jpeg\" \/>\n\t<meta property=\"og:image:width\" content=\"1280\" \/>\n\t<meta property=\"og:image:height\" content=\"779\" \/>\n\t<meta property=\"og:image:type\" content=\"image\/jpeg\" \/>\n<meta name=\"author\" content=\"Diario1 Diario1\" \/>\n<meta name=\"twitter:card\" content=\"summary_large_image\" \/>\n<meta name=\"twitter:creator\" content=\"@eltextual\" \/>\n<meta name=\"twitter:site\" content=\"@eltextual\" \/>\n<meta name=\"twitter:label1\" content=\"Escrito por\" \/>\n\t<meta name=\"twitter:data1\" content=\"Diario1 Diario1\" \/>\n\t<meta name=\"twitter:label2\" content=\"Tiempo de lectura\" \/>\n\t<meta name=\"twitter:data2\" content=\"2 minutos\" \/>\n<script type=\"application\/ld+json\" class=\"yoast-schema-graph\">{\"@context\":\"https:\\\/\\\/schema.org\",\"@graph\":[{\"@type\":\"Article\",\"@id\":\"https:\\\/\\\/diariotextual.com\\\/inicio\\\/index.php\\\/2023\\\/07\\\/17\\\/incorporan-equipo-de-rayos-x-al-centro-de-salud-de-zona-norte\\\/#article\",\"isPartOf\":{\"@id\":\"https:\\\/\\\/diariotextual.com\\\/inicio\\\/index.php\\\/2023\\\/07\\\/17\\\/incorporan-equipo-de-rayos-x-al-centro-de-salud-de-zona-norte\\\/\"},\"author\":{\"name\":\"Diario1 Diario1\",\"@id\":\"https:\\\/\\\/diariotextual.com\\\/inicio\\\/#\\\/schema\\\/person\\\/418fc4093c33e86ed41562db3508f958\"},\"headline\":\"Incorporan equipo de rayos X al Centro de Salud de Zona Norte\",\"datePublished\":\"2023-07-17T23:11:42+00:00\",\"dateModified\":\"2023-07-18T11:26:42+00:00\",\"mainEntityOfPage\":{\"@id\":\"https:\\\/\\\/diariotextual.com\\\/inicio\\\/index.php\\\/2023\\\/07\\\/17\\\/incorporan-equipo-de-rayos-x-al-centro-de-salud-de-zona-norte\\\/\"},\"wordCount\":361,\"publisher\":{\"@id\":\"https:\\\/\\\/diariotextual.com\\\/inicio\\\/#organization\"},\"image\":{\"@id\":\"https:\\\/\\\/diariotextual.com\\\/inicio\\\/index.php\\\/2023\\\/07\\\/17\\\/incorporan-equipo-de-rayos-x-al-centro-de-salud-de-zona-norte\\\/#primaryimage\"},\"thumbnailUrl\":\"https:\\\/\\\/diariotextual.com\\\/inicio\\\/wp-content\\\/uploads\\\/2023\\\/07\\\/rayosxcentrodesaludzonanorte2023-1.jpeg\",\"articleSection\":[\"A - ES NOTICIA (van abajo)\",\"SOCIEDAD\"],\"inLanguage\":\"es\"},{\"@type\":\"WebPage\",\"@id\":\"https:\\\/\\\/diariotextual.com\\\/inicio\\\/index.php\\\/2023\\\/07\\\/17\\\/incorporan-equipo-de-rayos-x-al-centro-de-salud-de-zona-norte\\\/\",\"url\":\"https:\\\/\\\/diariotextual.com\\\/inicio\\\/index.php\\\/2023\\\/07\\\/17\\\/incorporan-equipo-de-rayos-x-al-centro-de-salud-de-zona-norte\\\/\",\"name\":\"Incorporan equipo de rayos X al Centro de Salud de Zona Norte - Diario Textual\",\"isPartOf\":{\"@id\":\"https:\\\/\\\/diariotextual.com\\\/inicio\\\/#website\"},\"primaryImageOfPage\":{\"@id\":\"https:\\\/\\\/diariotextual.com\\\/inicio\\\/index.php\\\/2023\\\/07\\\/17\\\/incorporan-equipo-de-rayos-x-al-centro-de-salud-de-zona-norte\\\/#primaryimage\"},\"image\":{\"@id\":\"https:\\\/\\\/diariotextual.com\\\/inicio\\\/index.php\\\/2023\\\/07\\\/17\\\/incorporan-equipo-de-rayos-x-al-centro-de-salud-de-zona-norte\\\/#primaryimage\"},\"thumbnailUrl\":\"https:\\\/\\\/diariotextual.com\\\/inicio\\\/wp-content\\\/uploads\\\/2023\\\/07\\\/rayosxcentrodesaludzonanorte2023-1.jpeg\",\"datePublished\":\"2023-07-17T23:11:42+00:00\",\"dateModified\":\"2023-07-18T11:26:42+00:00\",\"breadcrumb\":{\"@id\":\"https:\\\/\\\/diariotextual.com\\\/inicio\\\/index.php\\\/2023\\\/07\\\/17\\\/incorporan-equipo-de-rayos-x-al-centro-de-salud-de-zona-norte\\\/#breadcrumb\"},\"inLanguage\":\"es\",\"potentialAction\":[{\"@type\":\"ReadAction\",\"target\":[\"https:\\\/\\\/diariotextual.com\\\/inicio\\\/index.php\\\/2023\\\/07\\\/17\\\/incorporan-equipo-de-rayos-x-al-centro-de-salud-de-zona-norte\\\/\"]}]},{\"@type\":\"ImageObject\",\"inLanguage\":\"es\",\"@id\":\"https:\\\/\\\/diariotextual.com\\\/inicio\\\/index.php\\\/2023\\\/07\\\/17\\\/incorporan-equipo-de-rayos-x-al-centro-de-salud-de-zona-norte\\\/#primaryimage\",\"url\":\"https:\\\/\\\/diariotextual.com\\\/inicio\\\/wp-content\\\/uploads\\\/2023\\\/07\\\/rayosxcentrodesaludzonanorte2023-1.jpeg\",\"contentUrl\":\"https:\\\/\\\/diariotextual.com\\\/inicio\\\/wp-content\\\/uploads\\\/2023\\\/07\\\/rayosxcentrodesaludzonanorte2023-1.jpeg\",\"width\":1280,\"height\":779},{\"@type\":\"BreadcrumbList\",\"@id\":\"https:\\\/\\\/diariotextual.com\\\/inicio\\\/index.php\\\/2023\\\/07\\\/17\\\/incorporan-equipo-de-rayos-x-al-centro-de-salud-de-zona-norte\\\/#breadcrumb\",\"itemListElement\":[{\"@type\":\"ListItem\",\"position\":1,\"name\":\"Portada\",\"item\":\"https:\\\/\\\/diariotextual.com\\\/inicio\\\/\"},{\"@type\":\"ListItem\",\"position\":2,\"name\":\"Incorporan equipo de rayos X al Centro de Salud de Zona Norte\"}]},{\"@type\":\"WebSite\",\"@id\":\"https:\\\/\\\/diariotextual.com\\\/inicio\\\/#website\",\"url\":\"https:\\\/\\\/diariotextual.com\\\/inicio\\\/\",\"name\":\"Diario Textual\",\"description\":\"\",\"publisher\":{\"@id\":\"https:\\\/\\\/diariotextual.com\\\/inicio\\\/#organization\"},\"potentialAction\":[{\"@type\":\"SearchAction\",\"target\":{\"@type\":\"EntryPoint\",\"urlTemplate\":\"https:\\\/\\\/diariotextual.com\\\/inicio\\\/?s={search_term_string}\"},\"query-input\":{\"@type\":\"PropertyValueSpecification\",\"valueRequired\":true,\"valueName\":\"search_term_string\"}}],\"inLanguage\":\"es\"},{\"@type\":\"Organization\",\"@id\":\"https:\\\/\\\/diariotextual.com\\\/inicio\\\/#organization\",\"name\":\"Diario Textual\",\"url\":\"https:\\\/\\\/diariotextual.com\\\/inicio\\\/\",\"logo\":{\"@type\":\"ImageObject\",\"inLanguage\":\"es\",\"@id\":\"https:\\\/\\\/diariotextual.com\\\/inicio\\\/#\\\/schema\\\/logo\\\/image\\\/\",\"url\":\"https:\\\/\\\/diariotextual.com\\\/inicio\\\/wp-content\\\/uploads\\\/2023\\\/05\\\/logotextual1.jpg\",\"contentUrl\":\"https:\\\/\\\/diariotextual.com\\\/inicio\\\/wp-content\\\/uploads\\\/2023\\\/05\\\/logotextual1.jpg\",\"width\":516,\"height\":76,\"caption\":\"Diario Textual\"},\"image\":{\"@id\":\"https:\\\/\\\/diariotextual.com\\\/inicio\\\/#\\\/schema\\\/logo\\\/image\\\/\"},\"sameAs\":[\"https:\\\/\\\/www.facebook.com\\\/eltextual\",\"https:\\\/\\\/x.com\\\/eltextual\",\"http:\\\/\\\/www.instagram.com\\\/eltextual\"]},{\"@type\":\"Person\",\"@id\":\"https:\\\/\\\/diariotextual.com\\\/inicio\\\/#\\\/schema\\\/person\\\/418fc4093c33e86ed41562db3508f958\",\"name\":\"Diario1 Diario1\",\"image\":{\"@type\":\"ImageObject\",\"inLanguage\":\"es\",\"@id\":\"https:\\\/\\\/secure.gravatar.com\\\/avatar\\\/9167d280179c85bc18be67aa7eda765854300033af4896dd779b608640f2ef7a?s=96&d=mm&r=g\",\"url\":\"https:\\\/\\\/secure.gravatar.com\\\/avatar\\\/9167d280179c85bc18be67aa7eda765854300033af4896dd779b608640f2ef7a?s=96&d=mm&r=g\",\"contentUrl\":\"https:\\\/\\\/secure.gravatar.com\\\/avatar\\\/9167d280179c85bc18be67aa7eda765854300033af4896dd779b608640f2ef7a?s=96&d=mm&r=g\",\"caption\":\"Diario1 Diario1\"},\"url\":\"https:\\\/\\\/diariotextual.com\\\/inicio\\\/index.php\\\/author\\\/diario1\\\/\"}]}<\/script>\n<!-- \/ Yoast SEO plugin. -->","yoast_head_json":{"title":"Incorporan equipo de rayos X al Centro de Salud de Zona Norte - Diario Textual","robots":{"index":"index","follow":"follow","max-snippet":"max-snippet:-1","max-image-preview":"max-image-preview:large","max-video-preview":"max-video-preview:-1"},"canonical":"https:\/\/diariotextual.com\/inicio\/index.php\/2023\/07\/17\/incorporan-equipo-de-rayos-x-al-centro-de-salud-de-zona-norte\/","og_locale":"es_ES","og_type":"article","og_title":"Incorporan equipo de rayos X al Centro de Salud de Zona Norte - Diario Textual","og_description":"El Gobierno provincial destin\u00f3 un equipo de rayos X digitalizado de 500 MA al Centro de Salud de Zona Norte. \u201cPermite todo tipo de rayos convencionales para pacientes adultos y&hellip;","og_url":"https:\/\/diariotextual.com\/inicio\/index.php\/2023\/07\/17\/incorporan-equipo-de-rayos-x-al-centro-de-salud-de-zona-norte\/","og_site_name":"Diario Textual","article_publisher":"https:\/\/www.facebook.com\/eltextual","article_published_time":"2023-07-17T23:11:42+00:00","article_modified_time":"2023-07-18T11:26:42+00:00","og_image":[{"width":1280,"height":779,"url":"https:\/\/diariotextual.com\/inicio\/wp-content\/uploads\/2023\/07\/rayosxcentrodesaludzonanorte2023-1.jpeg","type":"image\/jpeg"}],"author":"Diario1 Diario1","twitter_card":"summary_large_image","twitter_creator":"@eltextual","twitter_site":"@eltextual","twitter_misc":{"Escrito por":"Diario1 Diario1","Tiempo de lectura":"2 minutos"},"schema":{"@context":"https:\/\/schema.org","@graph":[{"@type":"Article","@id":"https:\/\/diariotextual.com\/inicio\/index.php\/2023\/07\/17\/incorporan-equipo-de-rayos-x-al-centro-de-salud-de-zona-norte\/#article","isPartOf":{"@id":"https:\/\/diariotextual.com\/inicio\/index.php\/2023\/07\/17\/incorporan-equipo-de-rayos-x-al-centro-de-salud-de-zona-norte\/"},"author":{"name":"Diario1 Diario1","@id":"https:\/\/diariotextual.com\/inicio\/#\/schema\/person\/418fc4093c33e86ed41562db3508f958"},"headline":"Incorporan equipo de rayos X al Centro de Salud de Zona Norte","datePublished":"2023-07-17T23:11:42+00:00","dateModified":"2023-07-18T11:26:42+00:00","mainEntityOfPage":{"@id":"https:\/\/diariotextual.com\/inicio\/index.php\/2023\/07\/17\/incorporan-equipo-de-rayos-x-al-centro-de-salud-de-zona-norte\/"},"wordCount":361,"publisher":{"@id":"https:\/\/diariotextual.com\/inicio\/#organization"},"image":{"@id":"https:\/\/diariotextual.com\/inicio\/index.php\/2023\/07\/17\/incorporan-equipo-de-rayos-x-al-centro-de-salud-de-zona-norte\/#primaryimage"},"thumbnailUrl":"https:\/\/diariotextual.com\/inicio\/wp-content\/uploads\/2023\/07\/rayosxcentrodesaludzonanorte2023-1.jpeg","articleSection":["A - ES NOTICIA (van abajo)","SOCIEDAD"],"inLanguage":"es"},{"@type":"WebPage","@id":"https:\/\/diariotextual.com\/inicio\/index.php\/2023\/07\/17\/incorporan-equipo-de-rayos-x-al-centro-de-salud-de-zona-norte\/","url":"https:\/\/diariotextual.com\/inicio\/index.php\/2023\/07\/17\/incorporan-equipo-de-rayos-x-al-centro-de-salud-de-zona-norte\/","name":"Incorporan equipo de rayos X al Centro de Salud de Zona Norte - Diario Textual","isPartOf":{"@id":"https:\/\/diariotextual.com\/inicio\/#website"},"primaryImageOfPage":{"@id":"https:\/\/diariotextual.com\/inicio\/index.php\/2023\/07\/17\/incorporan-equipo-de-rayos-x-al-centro-de-salud-de-zona-norte\/#primaryimage"},"image":{"@id":"https:\/\/diariotextual.com\/inicio\/index.php\/2023\/07\/17\/incorporan-equipo-de-rayos-x-al-centro-de-salud-de-zona-norte\/#primaryimage"},"thumbnailUrl":"https:\/\/diariotextual.com\/inicio\/wp-content\/uploads\/2023\/07\/rayosxcentrodesaludzonanorte2023-1.jpeg","datePublished":"2023-07-17T23:11:42+00:00","dateModified":"2023-07-18T11:26:42+00:00","breadcrumb":{"@id":"https:\/\/diariotextual.com\/inicio\/index.php\/2023\/07\/17\/incorporan-equipo-de-rayos-x-al-centro-de-salud-de-zona-norte\/#breadcrumb"},"inLanguage":"es","potentialAction":[{"@type":"ReadAction","target":["https:\/\/diariotextual.com\/inicio\/index.php\/2023\/07\/17\/incorporan-equipo-de-rayos-x-al-centro-de-salud-de-zona-norte\/"]}]},{"@type":"ImageObject","inLanguage":"es","@id":"https:\/\/diariotextual.com\/inicio\/index.php\/2023\/07\/17\/incorporan-equipo-de-rayos-x-al-centro-de-salud-de-zona-norte\/#primaryimage","url":"https:\/\/diariotextual.com\/inicio\/wp-content\/uploads\/2023\/07\/rayosxcentrodesaludzonanorte2023-1.jpeg","contentUrl":"https:\/\/diariotextual.com\/inicio\/wp-content\/uploads\/2023\/07\/rayosxcentrodesaludzonanorte2023-1.jpeg","width":1280,"height":779},{"@type":"BreadcrumbList","@id":"https:\/\/diariotextual.com\/inicio\/index.php\/2023\/07\/17\/incorporan-equipo-de-rayos-x-al-centro-de-salud-de-zona-norte\/#breadcrumb","itemListElement":[{"@type":"ListItem","position":1,"name":"Portada","item":"https:\/\/diariotextual.com\/inicio\/"},{"@type":"ListItem","position":2,"name":"Incorporan equipo de rayos X al Centro de Salud de Zona Norte"}]},{"@type":"WebSite","@id":"https:\/\/diariotextual.com\/inicio\/#website","url":"https:\/\/diariotextual.com\/inicio\/","name":"Diario Textual","description":"","publisher":{"@id":"https:\/\/diariotextual.com\/inicio\/#organization"},"potentialAction":[{"@type":"SearchAction","target":{"@type":"EntryPoint","urlTemplate":"https:\/\/diariotextual.com\/inicio\/?s={search_term_string}"},"query-input":{"@type":"PropertyValueSpecification","valueRequired":true,"valueName":"search_term_string"}}],"inLanguage":"es"},{"@type":"Organization","@id":"https:\/\/diariotextual.com\/inicio\/#organization","name":"Diario Textual","url":"https:\/\/diariotextual.com\/inicio\/","logo":{"@type":"ImageObject","inLanguage":"es","@id":"https:\/\/diariotextual.com\/inicio\/#\/schema\/logo\/image\/","url":"https:\/\/diariotextual.com\/inicio\/wp-content\/uploads\/2023\/05\/logotextual1.jpg","contentUrl":"https:\/\/diariotextual.com\/inicio\/wp-content\/uploads\/2023\/05\/logotextual1.jpg","width":516,"height":76,"caption":"Diario Textual"},"image":{"@id":"https:\/\/diariotextual.com\/inicio\/#\/schema\/logo\/image\/"},"sameAs":["https:\/\/www.facebook.com\/eltextual","https:\/\/x.com\/eltextual","http:\/\/www.instagram.com\/eltextual"]},{"@type":"Person","@id":"https:\/\/diariotextual.com\/inicio\/#\/schema\/person\/418fc4093c33e86ed41562db3508f958","name":"Diario1 Diario1","image":{"@type":"ImageObject","inLanguage":"es","@id":"https:\/\/secure.gravatar.com\/avatar\/9167d280179c85bc18be67aa7eda765854300033af4896dd779b608640f2ef7a?s=96&d=mm&r=g","url":"https:\/\/secure.gravatar.com\/avatar\/9167d280179c85bc18be67aa7eda765854300033af4896dd779b608640f2ef7a?s=96&d=mm&r=g","contentUrl":"https:\/\/secure.gravatar.com\/avatar\/9167d280179c85bc18be67aa7eda765854300033af4896dd779b608640f2ef7a?s=96&d=mm&r=g","caption":"Diario1 Diario1"},"url":"https:\/\/diariotextual.com\/inicio\/index.php\/author\/diario1\/"}]}},"_links":{"self":[{"href":"https:\/\/diariotextual.com\/inicio\/index.php\/wp-json\/wp\/v2\/posts\/231227","targetHints":{"allow":["GET"]}}],"collection":[{"href":"https:\/\/diariotextual.com\/inicio\/index.php\/wp-json\/wp\/v2\/posts"}],"about":[{"href":"https:\/\/diariotextual.com\/inicio\/index.php\/wp-json\/wp\/v2\/types\/post"}],"author":[{"embeddable":true,"href":"https:\/\/diariotextual.com\/inicio\/index.php\/wp-json\/wp\/v2\/users\/3"}],"replies":[{"embeddable":true,"href":"https:\/\/diariotextual.com\/inicio\/index.php\/wp-json\/wp\/v2\/comments?post=231227"}],"version-history":[{"count":1,"href":"https:\/\/diariotextual.com\/inicio\/index.php\/wp-json\/wp\/v2\/posts\/231227\/revisions"}],"predecessor-version":[{"id":231228,"href":"https:\/\/diariotextual.com\/inicio\/index.php\/wp-json\/wp\/v2\/posts\/231227\/revisions\/231228"}],"wp:featuredmedia":[{"embeddable":true,"href":"https:\/\/diariotextual.com\/inicio\/index.php\/wp-json\/wp\/v2\/media\/231229"}],"wp:attachment":[{"href":"https:\/\/diariotextual.com\/inicio\/index.php\/wp-json\/wp\/v2\/media?parent=231227"}],"wp:term":[{"taxonomy":"category","embeddable":true,"href":"https:\/\/diariotextual.com\/inicio\/index.php\/wp-json\/wp\/v2\/categories?post=231227"},{"taxonomy":"post_tag","embeddable":true,"href":"https:\/\/diariotextual.com\/inicio\/index.php\/wp-json\/wp\/v2\/tags?post=231227"}],"curies":[{"name":"wp","href":"https:\/\/api.w.org\/{rel}","templated":true}]}}