{"id":231230,"date":"2023-07-17T20:22:05","date_gmt":"2023-07-17T23:22:05","guid":{"rendered":"https:\/\/diariotextual.com\/inicio\/?p=231230"},"modified":"2023-07-17T20:22:07","modified_gmt":"2023-07-17T23:22:07","slug":"proponen-nuevos-cursos-de-capacitacion-tecnologica","status":"publish","type":"post","link":"https:\/\/diariotextual.com\/inicio\/index.php\/2023\/07\/17\/proponen-nuevos-cursos-de-capacitacion-tecnologica\/","title":{"rendered":"Proponen nuevos cursos de capacitaci\u00f3n tecnol\u00f3gica"},"content":{"rendered":"\n<p>En el marco del Trayecto de Formaci\u00f3n en Oficios Tecnol\u00f3gicos que se realiza de manera conjunta con la Facultad de Ingenier\u00eda de la UNLPam y el Ministerio de la Producci\u00f3n, la <strong>Agencia CITIA propone una nueva oferta formativa vinculada al desarrollo de competencias y habilidades tecnol\u00f3gicas <\/strong>vinculadas a la industria 4.0, a la creaci\u00f3n y mantenimiento de p\u00e1ginas web, al uso de nuevos canales de comunicaci\u00f3n y al manejo de la informaci\u00f3n del sector industrial.<\/p>\n\n\n\n<p>Durante el mes de <strong>agosto dar\u00e1n inicio tres cursos<\/strong> que, en su conjunto est\u00e1n orientados a todos aquellos interesados en adquirir conocimientos sobre tecnolog\u00edas web, t\u00e9cnicas de programaci\u00f3n avanzadas; as\u00ed como redes y dispositivos de datos, protocolos y relaciones entre ellos.\u00a0<\/p>\n\n\n\n<p>Estas propuestas desarrolladas con modalidad h\u00edbrida, cuentan con certificaci\u00f3n de la Facultad de Ingenier\u00eda, de la Agencia CITIA y del Ministerio de la Producci\u00f3n del Gobierno de La Pampa.<br><\/p>\n\n\n\n<p>-Curso <strong>Programaci\u00f3n web con PHP y MySQL<\/strong> apunta a dominar algunas tecnolog\u00edas que est\u00e1n a la vanguardia del desarrollo de aplicaciones basadas en la Web. M\u00e1s informaci\u00f3n en:<a href=\"https:\/\/bit.ly\/ver-mas-programacion-web-php-mysql y el Link para inscripci\u00f3n es: https:\/\/bit.ly\/inscripcion-web-php-mysql\" target=\"_blank\" rel=\"noreferrer noopener\"> https:\/\/bit.ly\/ver-mas-programacion-web-php-mysql y el Link para inscripci\u00f3n es: https:\/\/bit.ly\/inscripcion-web-php-mysql<\/a><br><br>-Curso <strong>Fundamentos de Redes<\/strong><br>Este curso apunta al conocimiento y manejo de redes, dispositivos, protocolos y las relaciones que se establecen entre ellos en un intento de lograr diversas funcionalidades. M\u00e1s informaci\u00f3n en: <a href=\"https:\/\/bit.ly\/mas-info-fundamentos-redes.\u00a0Link de inscripci\u00f3n: https:\/\/bit.ly\/inscribir-fundamentos-redes\" target=\"_blank\" rel=\"noreferrer noopener\">https:\/\/bit.ly\/mas-info-fundamentos-redes.\u00a0Link de inscripci\u00f3n: https:\/\/bit.ly\/inscribir-fundamentos-redes<\/a><br><br>-Curso <strong>JavaScript Programador Avanzado<\/strong><br>Una propuesta de 80 horas que aborda conocimientos actualizados y en profundidad sobre JavaScript avanzado y t\u00e9cnicas de programaci\u00f3n avanzadas.\u00a0M\u00e1s informaci\u00f3n en:<a href=\"https:\/\/bit.ly\/mas-info-javascript-avanzado.\u00a0Link de inscripci\u00f3n: https:\/\/bit.ly\/inscribir-desarrollador-javascript\" target=\"_blank\" rel=\"noreferrer noopener\"> https:\/\/bit.ly\/mas-info-javascript-avanzado.\u00a0Link de inscripci\u00f3n: https:\/\/bit.ly\/inscribir-desarrollador-javascript<\/a><br><\/p>\n\n\n\n<p>Para m\u00e1s informaci\u00f3n, comunicarse a los tel\u00e9fonos: 2302 46 4825 &#8211; 2302 41 6955.\u00a0Tambi\u00e9n por correo: cytex@ing.unlpam.edu.ar proyectos@citialapampa.ar.<\/p>\n","protected":false},"excerpt":{"rendered":"<p>En el marco del Trayecto de Formaci\u00f3n en Oficios Tecnol\u00f3gicos que se realiza de manera conjunta con la Facultad de Ingenier\u00eda de la UNLPam y el Ministerio de la Producci\u00f3n,&hellip;<\/p>\n","protected":false},"author":4,"featured_media":191710,"comment_status":"closed","ping_status":"open","sticky":false,"template":"","format":"standard","meta":{"_acf_changed":false,"footnotes":""},"categories":[1,6],"tags":[],"class_list":["post-231230","post","type-post","status-publish","format-standard","has-post-thumbnail","hentry","category-es-noticia","category-tecno"],"acf":[],"yoast_head":"<!-- This site is optimized with the Yoast SEO plugin v27.5 - https:\/\/yoast.com\/product\/yoast-seo-wordpress\/ -->\n<title>Proponen nuevos cursos de capacitaci\u00f3n tecnol\u00f3gica - Diario Textual<\/title>\n<meta name=\"robots\" content=\"index, follow, max-snippet:-1, max-image-preview:large, max-video-preview:-1\" \/>\n<link rel=\"canonical\" href=\"https:\/\/diariotextual.com\/inicio\/index.php\/2023\/07\/17\/proponen-nuevos-cursos-de-capacitacion-tecnologica\/\" \/>\n<meta property=\"og:locale\" content=\"es_ES\" \/>\n<meta property=\"og:type\" content=\"article\" \/>\n<meta property=\"og:title\" content=\"Proponen nuevos cursos de capacitaci\u00f3n tecnol\u00f3gica - Diario Textual\" \/>\n<meta property=\"og:description\" content=\"En el marco del Trayecto de Formaci\u00f3n en Oficios Tecnol\u00f3gicos que se realiza de manera conjunta con la Facultad de Ingenier\u00eda de la UNLPam y el Ministerio de la Producci\u00f3n,&hellip;\" \/>\n<meta property=\"og:url\" content=\"https:\/\/diariotextual.com\/inicio\/index.php\/2023\/07\/17\/proponen-nuevos-cursos-de-capacitacion-tecnologica\/\" \/>\n<meta property=\"og:site_name\" content=\"Diario Textual\" \/>\n<meta property=\"article:publisher\" content=\"https:\/\/www.facebook.com\/eltextual\" \/>\n<meta property=\"article:published_time\" content=\"2023-07-17T23:22:05+00:00\" \/>\n<meta property=\"article:modified_time\" content=\"2023-07-17T23:22:07+00:00\" \/>\n<meta property=\"og:image\" content=\"https:\/\/diariotextual.com\/inicio\/wp-content\/uploads\/2022\/06\/innovaciontecnologia344.jpeg\" \/>\n\t<meta property=\"og:image:width\" content=\"1200\" \/>\n\t<meta property=\"og:image:height\" content=\"675\" \/>\n\t<meta property=\"og:image:type\" content=\"image\/jpeg\" \/>\n<meta name=\"author\" content=\"diario2\" \/>\n<meta name=\"twitter:card\" content=\"summary_large_image\" \/>\n<meta name=\"twitter:creator\" content=\"@eltextual\" \/>\n<meta name=\"twitter:site\" content=\"@eltextual\" \/>\n<meta name=\"twitter:label1\" content=\"Escrito por\" \/>\n\t<meta name=\"twitter:data1\" content=\"diario2\" \/>\n\t<meta name=\"twitter:label2\" content=\"Tiempo de lectura\" \/>\n\t<meta name=\"twitter:data2\" content=\"2 minutos\" \/>\n<script type=\"application\/ld+json\" class=\"yoast-schema-graph\">{\"@context\":\"https:\\\/\\\/schema.org\",\"@graph\":[{\"@type\":\"Article\",\"@id\":\"https:\\\/\\\/diariotextual.com\\\/inicio\\\/index.php\\\/2023\\\/07\\\/17\\\/proponen-nuevos-cursos-de-capacitacion-tecnologica\\\/#article\",\"isPartOf\":{\"@id\":\"https:\\\/\\\/diariotextual.com\\\/inicio\\\/index.php\\\/2023\\\/07\\\/17\\\/proponen-nuevos-cursos-de-capacitacion-tecnologica\\\/\"},\"author\":{\"name\":\"diario2\",\"@id\":\"https:\\\/\\\/diariotextual.com\\\/inicio\\\/#\\\/schema\\\/person\\\/694f60677f23c4a530867a98f22b3768\"},\"headline\":\"Proponen nuevos cursos de capacitaci\u00f3n tecnol\u00f3gica\",\"datePublished\":\"2023-07-17T23:22:05+00:00\",\"dateModified\":\"2023-07-17T23:22:07+00:00\",\"mainEntityOfPage\":{\"@id\":\"https:\\\/\\\/diariotextual.com\\\/inicio\\\/index.php\\\/2023\\\/07\\\/17\\\/proponen-nuevos-cursos-de-capacitacion-tecnologica\\\/\"},\"wordCount\":330,\"publisher\":{\"@id\":\"https:\\\/\\\/diariotextual.com\\\/inicio\\\/#organization\"},\"image\":{\"@id\":\"https:\\\/\\\/diariotextual.com\\\/inicio\\\/index.php\\\/2023\\\/07\\\/17\\\/proponen-nuevos-cursos-de-capacitacion-tecnologica\\\/#primaryimage\"},\"thumbnailUrl\":\"https:\\\/\\\/diariotextual.com\\\/inicio\\\/wp-content\\\/uploads\\\/2022\\\/06\\\/innovaciontecnologia344.jpeg\",\"articleSection\":[\"A - ES NOTICIA (van abajo)\",\"TECNO\"],\"inLanguage\":\"es\"},{\"@type\":\"WebPage\",\"@id\":\"https:\\\/\\\/diariotextual.com\\\/inicio\\\/index.php\\\/2023\\\/07\\\/17\\\/proponen-nuevos-cursos-de-capacitacion-tecnologica\\\/\",\"url\":\"https:\\\/\\\/diariotextual.com\\\/inicio\\\/index.php\\\/2023\\\/07\\\/17\\\/proponen-nuevos-cursos-de-capacitacion-tecnologica\\\/\",\"name\":\"Proponen nuevos cursos de capacitaci\u00f3n tecnol\u00f3gica - Diario Textual\",\"isPartOf\":{\"@id\":\"https:\\\/\\\/diariotextual.com\\\/inicio\\\/#website\"},\"primaryImageOfPage\":{\"@id\":\"https:\\\/\\\/diariotextual.com\\\/inicio\\\/index.php\\\/2023\\\/07\\\/17\\\/proponen-nuevos-cursos-de-capacitacion-tecnologica\\\/#primaryimage\"},\"image\":{\"@id\":\"https:\\\/\\\/diariotextual.com\\\/inicio\\\/index.php\\\/2023\\\/07\\\/17\\\/proponen-nuevos-cursos-de-capacitacion-tecnologica\\\/#primaryimage\"},\"thumbnailUrl\":\"https:\\\/\\\/diariotextual.com\\\/inicio\\\/wp-content\\\/uploads\\\/2022\\\/06\\\/innovaciontecnologia344.jpeg\",\"datePublished\":\"2023-07-17T23:22:05+00:00\",\"dateModified\":\"2023-07-17T23:22:07+00:00\",\"breadcrumb\":{\"@id\":\"https:\\\/\\\/diariotextual.com\\\/inicio\\\/index.php\\\/2023\\\/07\\\/17\\\/proponen-nuevos-cursos-de-capacitacion-tecnologica\\\/#breadcrumb\"},\"inLanguage\":\"es\",\"potentialAction\":[{\"@type\":\"ReadAction\",\"target\":[\"https:\\\/\\\/diariotextual.com\\\/inicio\\\/index.php\\\/2023\\\/07\\\/17\\\/proponen-nuevos-cursos-de-capacitacion-tecnologica\\\/\"]}]},{\"@type\":\"ImageObject\",\"inLanguage\":\"es\",\"@id\":\"https:\\\/\\\/diariotextual.com\\\/inicio\\\/index.php\\\/2023\\\/07\\\/17\\\/proponen-nuevos-cursos-de-capacitacion-tecnologica\\\/#primaryimage\",\"url\":\"https:\\\/\\\/diariotextual.com\\\/inicio\\\/wp-content\\\/uploads\\\/2022\\\/06\\\/innovaciontecnologia344.jpeg\",\"contentUrl\":\"https:\\\/\\\/diariotextual.com\\\/inicio\\\/wp-content\\\/uploads\\\/2022\\\/06\\\/innovaciontecnologia344.jpeg\",\"width\":1200,\"height\":675},{\"@type\":\"BreadcrumbList\",\"@id\":\"https:\\\/\\\/diariotextual.com\\\/inicio\\\/index.php\\\/2023\\\/07\\\/17\\\/proponen-nuevos-cursos-de-capacitacion-tecnologica\\\/#breadcrumb\",\"itemListElement\":[{\"@type\":\"ListItem\",\"position\":1,\"name\":\"Portada\",\"item\":\"https:\\\/\\\/diariotextual.com\\\/inicio\\\/\"},{\"@type\":\"ListItem\",\"position\":2,\"name\":\"Proponen nuevos cursos de capacitaci\u00f3n tecnol\u00f3gica\"}]},{\"@type\":\"WebSite\",\"@id\":\"https:\\\/\\\/diariotextual.com\\\/inicio\\\/#website\",\"url\":\"https:\\\/\\\/diariotextual.com\\\/inicio\\\/\",\"name\":\"Diario Textual\",\"description\":\"\",\"publisher\":{\"@id\":\"https:\\\/\\\/diariotextual.com\\\/inicio\\\/#organization\"},\"potentialAction\":[{\"@type\":\"SearchAction\",\"target\":{\"@type\":\"EntryPoint\",\"urlTemplate\":\"https:\\\/\\\/diariotextual.com\\\/inicio\\\/?s={search_term_string}\"},\"query-input\":{\"@type\":\"PropertyValueSpecification\",\"valueRequired\":true,\"valueName\":\"search_term_string\"}}],\"inLanguage\":\"es\"},{\"@type\":\"Organization\",\"@id\":\"https:\\\/\\\/diariotextual.com\\\/inicio\\\/#organization\",\"name\":\"Diario Textual\",\"url\":\"https:\\\/\\\/diariotextual.com\\\/inicio\\\/\",\"logo\":{\"@type\":\"ImageObject\",\"inLanguage\":\"es\",\"@id\":\"https:\\\/\\\/diariotextual.com\\\/inicio\\\/#\\\/schema\\\/logo\\\/image\\\/\",\"url\":\"https:\\\/\\\/diariotextual.com\\\/inicio\\\/wp-content\\\/uploads\\\/2023\\\/05\\\/logotextual1.jpg\",\"contentUrl\":\"https:\\\/\\\/diariotextual.com\\\/inicio\\\/wp-content\\\/uploads\\\/2023\\\/05\\\/logotextual1.jpg\",\"width\":516,\"height\":76,\"caption\":\"Diario Textual\"},\"image\":{\"@id\":\"https:\\\/\\\/diariotextual.com\\\/inicio\\\/#\\\/schema\\\/logo\\\/image\\\/\"},\"sameAs\":[\"https:\\\/\\\/www.facebook.com\\\/eltextual\",\"https:\\\/\\\/x.com\\\/eltextual\",\"http:\\\/\\\/www.instagram.com\\\/eltextual\"]},{\"@type\":\"Person\",\"@id\":\"https:\\\/\\\/diariotextual.com\\\/inicio\\\/#\\\/schema\\\/person\\\/694f60677f23c4a530867a98f22b3768\",\"name\":\"diario2\",\"image\":{\"@type\":\"ImageObject\",\"inLanguage\":\"es\",\"@id\":\"https:\\\/\\\/secure.gravatar.com\\\/avatar\\\/5a2567495ba16b852fcd8f1ed006a2e24fcace936018ed8237e95f488ad6e0a7?s=96&d=mm&r=g\",\"url\":\"https:\\\/\\\/secure.gravatar.com\\\/avatar\\\/5a2567495ba16b852fcd8f1ed006a2e24fcace936018ed8237e95f488ad6e0a7?s=96&d=mm&r=g\",\"contentUrl\":\"https:\\\/\\\/secure.gravatar.com\\\/avatar\\\/5a2567495ba16b852fcd8f1ed006a2e24fcace936018ed8237e95f488ad6e0a7?s=96&d=mm&r=g\",\"caption\":\"diario2\"},\"url\":\"https:\\\/\\\/diariotextual.com\\\/inicio\\\/index.php\\\/author\\\/diario2\\\/\"}]}<\/script>\n<!-- \/ Yoast SEO plugin. -->","yoast_head_json":{"title":"Proponen nuevos cursos de capacitaci\u00f3n tecnol\u00f3gica - Diario Textual","robots":{"index":"index","follow":"follow","max-snippet":"max-snippet:-1","max-image-preview":"max-image-preview:large","max-video-preview":"max-video-preview:-1"},"canonical":"https:\/\/diariotextual.com\/inicio\/index.php\/2023\/07\/17\/proponen-nuevos-cursos-de-capacitacion-tecnologica\/","og_locale":"es_ES","og_type":"article","og_title":"Proponen nuevos cursos de capacitaci\u00f3n tecnol\u00f3gica - Diario Textual","og_description":"En el marco del Trayecto de Formaci\u00f3n en Oficios Tecnol\u00f3gicos que se realiza de manera conjunta con la Facultad de Ingenier\u00eda de la UNLPam y el Ministerio de la Producci\u00f3n,&hellip;","og_url":"https:\/\/diariotextual.com\/inicio\/index.php\/2023\/07\/17\/proponen-nuevos-cursos-de-capacitacion-tecnologica\/","og_site_name":"Diario Textual","article_publisher":"https:\/\/www.facebook.com\/eltextual","article_published_time":"2023-07-17T23:22:05+00:00","article_modified_time":"2023-07-17T23:22:07+00:00","og_image":[{"width":1200,"height":675,"url":"https:\/\/diariotextual.com\/inicio\/wp-content\/uploads\/2022\/06\/innovaciontecnologia344.jpeg","type":"image\/jpeg"}],"author":"diario2","twitter_card":"summary_large_image","twitter_creator":"@eltextual","twitter_site":"@eltextual","twitter_misc":{"Escrito por":"diario2","Tiempo de lectura":"2 minutos"},"schema":{"@context":"https:\/\/schema.org","@graph":[{"@type":"Article","@id":"https:\/\/diariotextual.com\/inicio\/index.php\/2023\/07\/17\/proponen-nuevos-cursos-de-capacitacion-tecnologica\/#article","isPartOf":{"@id":"https:\/\/diariotextual.com\/inicio\/index.php\/2023\/07\/17\/proponen-nuevos-cursos-de-capacitacion-tecnologica\/"},"author":{"name":"diario2","@id":"https:\/\/diariotextual.com\/inicio\/#\/schema\/person\/694f60677f23c4a530867a98f22b3768"},"headline":"Proponen nuevos cursos de capacitaci\u00f3n tecnol\u00f3gica","datePublished":"2023-07-17T23:22:05+00:00","dateModified":"2023-07-17T23:22:07+00:00","mainEntityOfPage":{"@id":"https:\/\/diariotextual.com\/inicio\/index.php\/2023\/07\/17\/proponen-nuevos-cursos-de-capacitacion-tecnologica\/"},"wordCount":330,"publisher":{"@id":"https:\/\/diariotextual.com\/inicio\/#organization"},"image":{"@id":"https:\/\/diariotextual.com\/inicio\/index.php\/2023\/07\/17\/proponen-nuevos-cursos-de-capacitacion-tecnologica\/#primaryimage"},"thumbnailUrl":"https:\/\/diariotextual.com\/inicio\/wp-content\/uploads\/2022\/06\/innovaciontecnologia344.jpeg","articleSection":["A - ES NOTICIA (van abajo)","TECNO"],"inLanguage":"es"},{"@type":"WebPage","@id":"https:\/\/diariotextual.com\/inicio\/index.php\/2023\/07\/17\/proponen-nuevos-cursos-de-capacitacion-tecnologica\/","url":"https:\/\/diariotextual.com\/inicio\/index.php\/2023\/07\/17\/proponen-nuevos-cursos-de-capacitacion-tecnologica\/","name":"Proponen nuevos cursos de capacitaci\u00f3n tecnol\u00f3gica - Diario Textual","isPartOf":{"@id":"https:\/\/diariotextual.com\/inicio\/#website"},"primaryImageOfPage":{"@id":"https:\/\/diariotextual.com\/inicio\/index.php\/2023\/07\/17\/proponen-nuevos-cursos-de-capacitacion-tecnologica\/#primaryimage"},"image":{"@id":"https:\/\/diariotextual.com\/inicio\/index.php\/2023\/07\/17\/proponen-nuevos-cursos-de-capacitacion-tecnologica\/#primaryimage"},"thumbnailUrl":"https:\/\/diariotextual.com\/inicio\/wp-content\/uploads\/2022\/06\/innovaciontecnologia344.jpeg","datePublished":"2023-07-17T23:22:05+00:00","dateModified":"2023-07-17T23:22:07+00:00","breadcrumb":{"@id":"https:\/\/diariotextual.com\/inicio\/index.php\/2023\/07\/17\/proponen-nuevos-cursos-de-capacitacion-tecnologica\/#breadcrumb"},"inLanguage":"es","potentialAction":[{"@type":"ReadAction","target":["https:\/\/diariotextual.com\/inicio\/index.php\/2023\/07\/17\/proponen-nuevos-cursos-de-capacitacion-tecnologica\/"]}]},{"@type":"ImageObject","inLanguage":"es","@id":"https:\/\/diariotextual.com\/inicio\/index.php\/2023\/07\/17\/proponen-nuevos-cursos-de-capacitacion-tecnologica\/#primaryimage","url":"https:\/\/diariotextual.com\/inicio\/wp-content\/uploads\/2022\/06\/innovaciontecnologia344.jpeg","contentUrl":"https:\/\/diariotextual.com\/inicio\/wp-content\/uploads\/2022\/06\/innovaciontecnologia344.jpeg","width":1200,"height":675},{"@type":"BreadcrumbList","@id":"https:\/\/diariotextual.com\/inicio\/index.php\/2023\/07\/17\/proponen-nuevos-cursos-de-capacitacion-tecnologica\/#breadcrumb","itemListElement":[{"@type":"ListItem","position":1,"name":"Portada","item":"https:\/\/diariotextual.com\/inicio\/"},{"@type":"ListItem","position":2,"name":"Proponen nuevos cursos de capacitaci\u00f3n tecnol\u00f3gica"}]},{"@type":"WebSite","@id":"https:\/\/diariotextual.com\/inicio\/#website","url":"https:\/\/diariotextual.com\/inicio\/","name":"Diario Textual","description":"","publisher":{"@id":"https:\/\/diariotextual.com\/inicio\/#organization"},"potentialAction":[{"@type":"SearchAction","target":{"@type":"EntryPoint","urlTemplate":"https:\/\/diariotextual.com\/inicio\/?s={search_term_string}"},"query-input":{"@type":"PropertyValueSpecification","valueRequired":true,"valueName":"search_term_string"}}],"inLanguage":"es"},{"@type":"Organization","@id":"https:\/\/diariotextual.com\/inicio\/#organization","name":"Diario Textual","url":"https:\/\/diariotextual.com\/inicio\/","logo":{"@type":"ImageObject","inLanguage":"es","@id":"https:\/\/diariotextual.com\/inicio\/#\/schema\/logo\/image\/","url":"https:\/\/diariotextual.com\/inicio\/wp-content\/uploads\/2023\/05\/logotextual1.jpg","contentUrl":"https:\/\/diariotextual.com\/inicio\/wp-content\/uploads\/2023\/05\/logotextual1.jpg","width":516,"height":76,"caption":"Diario Textual"},"image":{"@id":"https:\/\/diariotextual.com\/inicio\/#\/schema\/logo\/image\/"},"sameAs":["https:\/\/www.facebook.com\/eltextual","https:\/\/x.com\/eltextual","http:\/\/www.instagram.com\/eltextual"]},{"@type":"Person","@id":"https:\/\/diariotextual.com\/inicio\/#\/schema\/person\/694f60677f23c4a530867a98f22b3768","name":"diario2","image":{"@type":"ImageObject","inLanguage":"es","@id":"https:\/\/secure.gravatar.com\/avatar\/5a2567495ba16b852fcd8f1ed006a2e24fcace936018ed8237e95f488ad6e0a7?s=96&d=mm&r=g","url":"https:\/\/secure.gravatar.com\/avatar\/5a2567495ba16b852fcd8f1ed006a2e24fcace936018ed8237e95f488ad6e0a7?s=96&d=mm&r=g","contentUrl":"https:\/\/secure.gravatar.com\/avatar\/5a2567495ba16b852fcd8f1ed006a2e24fcace936018ed8237e95f488ad6e0a7?s=96&d=mm&r=g","caption":"diario2"},"url":"https:\/\/diariotextual.com\/inicio\/index.php\/author\/diario2\/"}]}},"_links":{"self":[{"href":"https:\/\/diariotextual.com\/inicio\/index.php\/wp-json\/wp\/v2\/posts\/231230","targetHints":{"allow":["GET"]}}],"collection":[{"href":"https:\/\/diariotextual.com\/inicio\/index.php\/wp-json\/wp\/v2\/posts"}],"about":[{"href":"https:\/\/diariotextual.com\/inicio\/index.php\/wp-json\/wp\/v2\/types\/post"}],"author":[{"embeddable":true,"href":"https:\/\/diariotextual.com\/inicio\/index.php\/wp-json\/wp\/v2\/users\/4"}],"replies":[{"embeddable":true,"href":"https:\/\/diariotextual.com\/inicio\/index.php\/wp-json\/wp\/v2\/comments?post=231230"}],"version-history":[{"count":2,"href":"https:\/\/diariotextual.com\/inicio\/index.php\/wp-json\/wp\/v2\/posts\/231230\/revisions"}],"predecessor-version":[{"id":231232,"href":"https:\/\/diariotextual.com\/inicio\/index.php\/wp-json\/wp\/v2\/posts\/231230\/revisions\/231232"}],"wp:featuredmedia":[{"embeddable":true,"href":"https:\/\/diariotextual.com\/inicio\/index.php\/wp-json\/wp\/v2\/media\/191710"}],"wp:attachment":[{"href":"https:\/\/diariotextual.com\/inicio\/index.php\/wp-json\/wp\/v2\/media?parent=231230"}],"wp:term":[{"taxonomy":"category","embeddable":true,"href":"https:\/\/diariotextual.com\/inicio\/index.php\/wp-json\/wp\/v2\/categories?post=231230"},{"taxonomy":"post_tag","embeddable":true,"href":"https:\/\/diariotextual.com\/inicio\/index.php\/wp-json\/wp\/v2\/tags?post=231230"}],"curies":[{"name":"wp","href":"https:\/\/api.w.org\/{rel}","templated":true}]}}