{"id":231244,"date":"2023-07-18T07:27:40","date_gmt":"2023-07-18T10:27:40","guid":{"rendered":"https:\/\/diariotextual.com\/inicio\/?p=231244"},"modified":"2023-07-18T13:15:27","modified_gmt":"2023-07-18T16:15:27","slug":"hallan-muerto-al-joven-acusado-de-agredir-a-un-arbitro-de-futbol-en-un-torneo-en-avellaneda","status":"publish","type":"post","link":"https:\/\/diariotextual.com\/inicio\/index.php\/2023\/07\/18\/hallan-muerto-al-joven-acusado-de-agredir-a-un-arbitro-de-futbol-en-un-torneo-en-avellaneda\/","title":{"rendered":"Hallan muerto al joven acusado de agredir a un \u00e1rbitro de f\u00fatbol en un torneo en Avellaneda"},"content":{"rendered":"\n<p>El joven acusado de agredir a un \u00e1rbitro en un torneo de f\u00fatbol amateur en la localidad bonaerense de Sarand\u00ed, partido de Avellaneda, fue hallado anoche muerto de un disparo luego de que la v\u00edctima realizara la denuncia por la golpiza, informaron hoy fuentes policiales.<\/p>\n\n\n\n<p>Se trata de <strong>Williams Alexander Tap\u00f3n (24), acusado de golpear a Cristian Ariel Paniagua (36<\/strong>) cuando dirig\u00eda un partido de f\u00fatbol de un torneo amateur en el complejo deportivo \u00abEstaci\u00f3n 98\u00bb, ubicado sobre la avenida Mitre al 3900 en esa localidad del partido de Avellaneda, al sur del conurbano bonaerense.<\/p>\n\n\n\n<p>Seg\u00fan expresaron las fuentes a T\u00e9lam, el cuerpo de Tap\u00f3n fue hallado anoche con un disparo en la regi\u00f3n parietal en las v\u00edas del ferrocarril Roca, sobre las calles General Paz y Heredia, de la localidad de Gerli.<\/p>\n\n\n\n<p>Si bien la fiscal Alejandra Olmos Coronel, a cargo de la Unidad Funcional de Instrucci\u00f3n (UFI) 1 de Avellaneda, dispuso las dirigencias de rigor por un presunto suicidio, la polic\u00eda inform\u00f3 en un primero momento que, por la oscuridad de la zona, a\u00fan no hab\u00eda sido hallada el arma con la que presuntamente se dispar\u00f3.<\/p>\n\n\n\n<p><strong>Tap\u00f3n estaba acusado de agredir a golpes y patadas al \u00e1rbitro Paniagua<\/strong> el \u00faltimo s\u00e1bado cuando su equipo de f\u00fatbol \u201cLa Cortada\u201d disputara un encuentro de un torneo de f\u00fatbol amateur contra el rival, \u201cEl Rejunte\u201d.<\/p>\n\n\n\n<p>Seg\u00fan la denuncia policial del \u00e1rbitro, luego de ser increpado por un compa\u00f1ero de equipo del agresor, Tap\u00f3n lo increp\u00f3 y le asest\u00f3 dos golpes de pu\u00f1o en el rostro, lo que provoc\u00f3 que la v\u00edctima cayera al piso, donde fue pateado en la cabeza por el jugador.<\/p>\n\n\n\n<p><strong>\u201cLa verdad es que estuve mal, lo admito. Fueron esos cinco minutos en los que no me pude controlar y reaccion\u00e9 as\u00ed hacia el refer\u00ed. La \u00fanica explicaci\u00f3n que puedo dar es que ten\u00eda enojo. El \u00e1rbitro no ayud\u00f3; de entrada estaba cobrando todo para ellos\u201d,<\/strong> afirm\u00f3 el joven en una entrevista con Canal 9, en la que se identific\u00f3 como Dimitri.<\/p>\n\n\n\n<p>Siempre seg\u00fan su denuncia ante la polic\u00eda, Paniagua perdi\u00f3 el conocimiento y fue trasladado al hospital Presidente Per\u00f3n de Avellaneda, donde fue atendido y luego dado de alta, sin que le brindaran informaci\u00f3n sobre un diagn\u00f3stico preciso de lo que le sucedi\u00f3.<\/p>\n\n\n\n<p>Finalmente, la UFI 4 de Avellaneda, a cargo de hechos vinculados a violencia en eventos deportivos, intervino de oficio horas antes ya que el hombre no hab\u00eda realizado la denuncia.<\/p>\n","protected":false},"excerpt":{"rendered":"<p>El joven acusado de agredir a un \u00e1rbitro en un torneo de f\u00fatbol amateur en la localidad bonaerense de Sarand\u00ed, partido de Avellaneda, fue hallado anoche muerto de un disparo&hellip;<\/p>\n","protected":false},"author":4,"featured_media":231252,"comment_status":"closed","ping_status":"open","sticky":false,"template":"","format":"standard","meta":{"_acf_changed":false,"footnotes":""},"categories":[1,3],"tags":[],"class_list":["post-231244","post","type-post","status-publish","format-standard","has-post-thumbnail","hentry","category-es-noticia","category-deportes"],"acf":[],"yoast_head":"<!-- This site is optimized with the Yoast SEO plugin v27.5 - https:\/\/yoast.com\/product\/yoast-seo-wordpress\/ -->\n<title>Hallan muerto al joven acusado de agredir a un \u00e1rbitro de f\u00fatbol en un torneo en Avellaneda - Diario Textual<\/title>\n<meta name=\"robots\" content=\"index, follow, max-snippet:-1, max-image-preview:large, max-video-preview:-1\" \/>\n<link rel=\"canonical\" href=\"https:\/\/diariotextual.com\/inicio\/index.php\/2023\/07\/18\/hallan-muerto-al-joven-acusado-de-agredir-a-un-arbitro-de-futbol-en-un-torneo-en-avellaneda\/\" \/>\n<meta property=\"og:locale\" content=\"es_ES\" \/>\n<meta property=\"og:type\" content=\"article\" \/>\n<meta property=\"og:title\" content=\"Hallan muerto al joven acusado de agredir a un \u00e1rbitro de f\u00fatbol en un torneo en Avellaneda - Diario Textual\" \/>\n<meta property=\"og:description\" content=\"El joven acusado de agredir a un \u00e1rbitro en un torneo de f\u00fatbol amateur en la localidad bonaerense de Sarand\u00ed, partido de Avellaneda, fue hallado anoche muerto de un disparo&hellip;\" \/>\n<meta property=\"og:url\" content=\"https:\/\/diariotextual.com\/inicio\/index.php\/2023\/07\/18\/hallan-muerto-al-joven-acusado-de-agredir-a-un-arbitro-de-futbol-en-un-torneo-en-avellaneda\/\" \/>\n<meta property=\"og:site_name\" content=\"Diario Textual\" \/>\n<meta property=\"article:publisher\" content=\"https:\/\/www.facebook.com\/eltextual\" \/>\n<meta property=\"article:published_time\" content=\"2023-07-18T10:27:40+00:00\" \/>\n<meta property=\"article:modified_time\" content=\"2023-07-18T16:15:27+00:00\" \/>\n<meta property=\"og:image\" content=\"https:\/\/diariotextual.com\/inicio\/wp-content\/uploads\/2023\/07\/williamtapon2023-1.png\" \/>\n\t<meta property=\"og:image:width\" content=\"682\" \/>\n\t<meta property=\"og:image:height\" content=\"444\" \/>\n\t<meta property=\"og:image:type\" content=\"image\/png\" \/>\n<meta name=\"author\" content=\"diario2\" \/>\n<meta name=\"twitter:card\" content=\"summary_large_image\" \/>\n<meta name=\"twitter:creator\" content=\"@eltextual\" \/>\n<meta name=\"twitter:site\" content=\"@eltextual\" \/>\n<meta name=\"twitter:label1\" content=\"Escrito por\" \/>\n\t<meta name=\"twitter:data1\" content=\"diario2\" \/>\n\t<meta name=\"twitter:label2\" content=\"Tiempo de lectura\" \/>\n\t<meta name=\"twitter:data2\" content=\"2 minutos\" \/>\n<script type=\"application\/ld+json\" class=\"yoast-schema-graph\">{\"@context\":\"https:\\\/\\\/schema.org\",\"@graph\":[{\"@type\":\"Article\",\"@id\":\"https:\\\/\\\/diariotextual.com\\\/inicio\\\/index.php\\\/2023\\\/07\\\/18\\\/hallan-muerto-al-joven-acusado-de-agredir-a-un-arbitro-de-futbol-en-un-torneo-en-avellaneda\\\/#article\",\"isPartOf\":{\"@id\":\"https:\\\/\\\/diariotextual.com\\\/inicio\\\/index.php\\\/2023\\\/07\\\/18\\\/hallan-muerto-al-joven-acusado-de-agredir-a-un-arbitro-de-futbol-en-un-torneo-en-avellaneda\\\/\"},\"author\":{\"name\":\"diario2\",\"@id\":\"https:\\\/\\\/diariotextual.com\\\/inicio\\\/#\\\/schema\\\/person\\\/694f60677f23c4a530867a98f22b3768\"},\"headline\":\"Hallan muerto al joven acusado de agredir a un \u00e1rbitro de f\u00fatbol en un torneo en Avellaneda\",\"datePublished\":\"2023-07-18T10:27:40+00:00\",\"dateModified\":\"2023-07-18T16:15:27+00:00\",\"mainEntityOfPage\":{\"@id\":\"https:\\\/\\\/diariotextual.com\\\/inicio\\\/index.php\\\/2023\\\/07\\\/18\\\/hallan-muerto-al-joven-acusado-de-agredir-a-un-arbitro-de-futbol-en-un-torneo-en-avellaneda\\\/\"},\"wordCount\":449,\"publisher\":{\"@id\":\"https:\\\/\\\/diariotextual.com\\\/inicio\\\/#organization\"},\"image\":{\"@id\":\"https:\\\/\\\/diariotextual.com\\\/inicio\\\/index.php\\\/2023\\\/07\\\/18\\\/hallan-muerto-al-joven-acusado-de-agredir-a-un-arbitro-de-futbol-en-un-torneo-en-avellaneda\\\/#primaryimage\"},\"thumbnailUrl\":\"https:\\\/\\\/diariotextual.com\\\/inicio\\\/wp-content\\\/uploads\\\/2023\\\/07\\\/williamtapon2023-1.png\",\"articleSection\":[\"A - ES NOTICIA (van abajo)\",\"DEPORTES\"],\"inLanguage\":\"es\"},{\"@type\":\"WebPage\",\"@id\":\"https:\\\/\\\/diariotextual.com\\\/inicio\\\/index.php\\\/2023\\\/07\\\/18\\\/hallan-muerto-al-joven-acusado-de-agredir-a-un-arbitro-de-futbol-en-un-torneo-en-avellaneda\\\/\",\"url\":\"https:\\\/\\\/diariotextual.com\\\/inicio\\\/index.php\\\/2023\\\/07\\\/18\\\/hallan-muerto-al-joven-acusado-de-agredir-a-un-arbitro-de-futbol-en-un-torneo-en-avellaneda\\\/\",\"name\":\"Hallan muerto al joven acusado de agredir a un \u00e1rbitro de f\u00fatbol en un torneo en Avellaneda - Diario Textual\",\"isPartOf\":{\"@id\":\"https:\\\/\\\/diariotextual.com\\\/inicio\\\/#website\"},\"primaryImageOfPage\":{\"@id\":\"https:\\\/\\\/diariotextual.com\\\/inicio\\\/index.php\\\/2023\\\/07\\\/18\\\/hallan-muerto-al-joven-acusado-de-agredir-a-un-arbitro-de-futbol-en-un-torneo-en-avellaneda\\\/#primaryimage\"},\"image\":{\"@id\":\"https:\\\/\\\/diariotextual.com\\\/inicio\\\/index.php\\\/2023\\\/07\\\/18\\\/hallan-muerto-al-joven-acusado-de-agredir-a-un-arbitro-de-futbol-en-un-torneo-en-avellaneda\\\/#primaryimage\"},\"thumbnailUrl\":\"https:\\\/\\\/diariotextual.com\\\/inicio\\\/wp-content\\\/uploads\\\/2023\\\/07\\\/williamtapon2023-1.png\",\"datePublished\":\"2023-07-18T10:27:40+00:00\",\"dateModified\":\"2023-07-18T16:15:27+00:00\",\"breadcrumb\":{\"@id\":\"https:\\\/\\\/diariotextual.com\\\/inicio\\\/index.php\\\/2023\\\/07\\\/18\\\/hallan-muerto-al-joven-acusado-de-agredir-a-un-arbitro-de-futbol-en-un-torneo-en-avellaneda\\\/#breadcrumb\"},\"inLanguage\":\"es\",\"potentialAction\":[{\"@type\":\"ReadAction\",\"target\":[\"https:\\\/\\\/diariotextual.com\\\/inicio\\\/index.php\\\/2023\\\/07\\\/18\\\/hallan-muerto-al-joven-acusado-de-agredir-a-un-arbitro-de-futbol-en-un-torneo-en-avellaneda\\\/\"]}]},{\"@type\":\"ImageObject\",\"inLanguage\":\"es\",\"@id\":\"https:\\\/\\\/diariotextual.com\\\/inicio\\\/index.php\\\/2023\\\/07\\\/18\\\/hallan-muerto-al-joven-acusado-de-agredir-a-un-arbitro-de-futbol-en-un-torneo-en-avellaneda\\\/#primaryimage\",\"url\":\"https:\\\/\\\/diariotextual.com\\\/inicio\\\/wp-content\\\/uploads\\\/2023\\\/07\\\/williamtapon2023-1.png\",\"contentUrl\":\"https:\\\/\\\/diariotextual.com\\\/inicio\\\/wp-content\\\/uploads\\\/2023\\\/07\\\/williamtapon2023-1.png\",\"width\":682,\"height\":444},{\"@type\":\"BreadcrumbList\",\"@id\":\"https:\\\/\\\/diariotextual.com\\\/inicio\\\/index.php\\\/2023\\\/07\\\/18\\\/hallan-muerto-al-joven-acusado-de-agredir-a-un-arbitro-de-futbol-en-un-torneo-en-avellaneda\\\/#breadcrumb\",\"itemListElement\":[{\"@type\":\"ListItem\",\"position\":1,\"name\":\"Portada\",\"item\":\"https:\\\/\\\/diariotextual.com\\\/inicio\\\/\"},{\"@type\":\"ListItem\",\"position\":2,\"name\":\"Hallan muerto al joven acusado de agredir a un \u00e1rbitro de f\u00fatbol en un torneo en Avellaneda\"}]},{\"@type\":\"WebSite\",\"@id\":\"https:\\\/\\\/diariotextual.com\\\/inicio\\\/#website\",\"url\":\"https:\\\/\\\/diariotextual.com\\\/inicio\\\/\",\"name\":\"Diario Textual\",\"description\":\"\",\"publisher\":{\"@id\":\"https:\\\/\\\/diariotextual.com\\\/inicio\\\/#organization\"},\"potentialAction\":[{\"@type\":\"SearchAction\",\"target\":{\"@type\":\"EntryPoint\",\"urlTemplate\":\"https:\\\/\\\/diariotextual.com\\\/inicio\\\/?s={search_term_string}\"},\"query-input\":{\"@type\":\"PropertyValueSpecification\",\"valueRequired\":true,\"valueName\":\"search_term_string\"}}],\"inLanguage\":\"es\"},{\"@type\":\"Organization\",\"@id\":\"https:\\\/\\\/diariotextual.com\\\/inicio\\\/#organization\",\"name\":\"Diario Textual\",\"url\":\"https:\\\/\\\/diariotextual.com\\\/inicio\\\/\",\"logo\":{\"@type\":\"ImageObject\",\"inLanguage\":\"es\",\"@id\":\"https:\\\/\\\/diariotextual.com\\\/inicio\\\/#\\\/schema\\\/logo\\\/image\\\/\",\"url\":\"https:\\\/\\\/diariotextual.com\\\/inicio\\\/wp-content\\\/uploads\\\/2023\\\/05\\\/logotextual1.jpg\",\"contentUrl\":\"https:\\\/\\\/diariotextual.com\\\/inicio\\\/wp-content\\\/uploads\\\/2023\\\/05\\\/logotextual1.jpg\",\"width\":516,\"height\":76,\"caption\":\"Diario Textual\"},\"image\":{\"@id\":\"https:\\\/\\\/diariotextual.com\\\/inicio\\\/#\\\/schema\\\/logo\\\/image\\\/\"},\"sameAs\":[\"https:\\\/\\\/www.facebook.com\\\/eltextual\",\"https:\\\/\\\/x.com\\\/eltextual\",\"http:\\\/\\\/www.instagram.com\\\/eltextual\"]},{\"@type\":\"Person\",\"@id\":\"https:\\\/\\\/diariotextual.com\\\/inicio\\\/#\\\/schema\\\/person\\\/694f60677f23c4a530867a98f22b3768\",\"name\":\"diario2\",\"image\":{\"@type\":\"ImageObject\",\"inLanguage\":\"es\",\"@id\":\"https:\\\/\\\/secure.gravatar.com\\\/avatar\\\/5a2567495ba16b852fcd8f1ed006a2e24fcace936018ed8237e95f488ad6e0a7?s=96&d=mm&r=g\",\"url\":\"https:\\\/\\\/secure.gravatar.com\\\/avatar\\\/5a2567495ba16b852fcd8f1ed006a2e24fcace936018ed8237e95f488ad6e0a7?s=96&d=mm&r=g\",\"contentUrl\":\"https:\\\/\\\/secure.gravatar.com\\\/avatar\\\/5a2567495ba16b852fcd8f1ed006a2e24fcace936018ed8237e95f488ad6e0a7?s=96&d=mm&r=g\",\"caption\":\"diario2\"},\"url\":\"https:\\\/\\\/diariotextual.com\\\/inicio\\\/index.php\\\/author\\\/diario2\\\/\"}]}<\/script>\n<!-- \/ Yoast SEO plugin. -->","yoast_head_json":{"title":"Hallan muerto al joven acusado de agredir a un \u00e1rbitro de f\u00fatbol en un torneo en Avellaneda - Diario Textual","robots":{"index":"index","follow":"follow","max-snippet":"max-snippet:-1","max-image-preview":"max-image-preview:large","max-video-preview":"max-video-preview:-1"},"canonical":"https:\/\/diariotextual.com\/inicio\/index.php\/2023\/07\/18\/hallan-muerto-al-joven-acusado-de-agredir-a-un-arbitro-de-futbol-en-un-torneo-en-avellaneda\/","og_locale":"es_ES","og_type":"article","og_title":"Hallan muerto al joven acusado de agredir a un \u00e1rbitro de f\u00fatbol en un torneo en Avellaneda - Diario Textual","og_description":"El joven acusado de agredir a un \u00e1rbitro en un torneo de f\u00fatbol amateur en la localidad bonaerense de Sarand\u00ed, partido de Avellaneda, fue hallado anoche muerto de un disparo&hellip;","og_url":"https:\/\/diariotextual.com\/inicio\/index.php\/2023\/07\/18\/hallan-muerto-al-joven-acusado-de-agredir-a-un-arbitro-de-futbol-en-un-torneo-en-avellaneda\/","og_site_name":"Diario Textual","article_publisher":"https:\/\/www.facebook.com\/eltextual","article_published_time":"2023-07-18T10:27:40+00:00","article_modified_time":"2023-07-18T16:15:27+00:00","og_image":[{"width":682,"height":444,"url":"https:\/\/diariotextual.com\/inicio\/wp-content\/uploads\/2023\/07\/williamtapon2023-1.png","type":"image\/png"}],"author":"diario2","twitter_card":"summary_large_image","twitter_creator":"@eltextual","twitter_site":"@eltextual","twitter_misc":{"Escrito por":"diario2","Tiempo de lectura":"2 minutos"},"schema":{"@context":"https:\/\/schema.org","@graph":[{"@type":"Article","@id":"https:\/\/diariotextual.com\/inicio\/index.php\/2023\/07\/18\/hallan-muerto-al-joven-acusado-de-agredir-a-un-arbitro-de-futbol-en-un-torneo-en-avellaneda\/#article","isPartOf":{"@id":"https:\/\/diariotextual.com\/inicio\/index.php\/2023\/07\/18\/hallan-muerto-al-joven-acusado-de-agredir-a-un-arbitro-de-futbol-en-un-torneo-en-avellaneda\/"},"author":{"name":"diario2","@id":"https:\/\/diariotextual.com\/inicio\/#\/schema\/person\/694f60677f23c4a530867a98f22b3768"},"headline":"Hallan muerto al joven acusado de agredir a un \u00e1rbitro de f\u00fatbol en un torneo en Avellaneda","datePublished":"2023-07-18T10:27:40+00:00","dateModified":"2023-07-18T16:15:27+00:00","mainEntityOfPage":{"@id":"https:\/\/diariotextual.com\/inicio\/index.php\/2023\/07\/18\/hallan-muerto-al-joven-acusado-de-agredir-a-un-arbitro-de-futbol-en-un-torneo-en-avellaneda\/"},"wordCount":449,"publisher":{"@id":"https:\/\/diariotextual.com\/inicio\/#organization"},"image":{"@id":"https:\/\/diariotextual.com\/inicio\/index.php\/2023\/07\/18\/hallan-muerto-al-joven-acusado-de-agredir-a-un-arbitro-de-futbol-en-un-torneo-en-avellaneda\/#primaryimage"},"thumbnailUrl":"https:\/\/diariotextual.com\/inicio\/wp-content\/uploads\/2023\/07\/williamtapon2023-1.png","articleSection":["A - ES NOTICIA (van abajo)","DEPORTES"],"inLanguage":"es"},{"@type":"WebPage","@id":"https:\/\/diariotextual.com\/inicio\/index.php\/2023\/07\/18\/hallan-muerto-al-joven-acusado-de-agredir-a-un-arbitro-de-futbol-en-un-torneo-en-avellaneda\/","url":"https:\/\/diariotextual.com\/inicio\/index.php\/2023\/07\/18\/hallan-muerto-al-joven-acusado-de-agredir-a-un-arbitro-de-futbol-en-un-torneo-en-avellaneda\/","name":"Hallan muerto al joven acusado de agredir a un \u00e1rbitro de f\u00fatbol en un torneo en Avellaneda - Diario Textual","isPartOf":{"@id":"https:\/\/diariotextual.com\/inicio\/#website"},"primaryImageOfPage":{"@id":"https:\/\/diariotextual.com\/inicio\/index.php\/2023\/07\/18\/hallan-muerto-al-joven-acusado-de-agredir-a-un-arbitro-de-futbol-en-un-torneo-en-avellaneda\/#primaryimage"},"image":{"@id":"https:\/\/diariotextual.com\/inicio\/index.php\/2023\/07\/18\/hallan-muerto-al-joven-acusado-de-agredir-a-un-arbitro-de-futbol-en-un-torneo-en-avellaneda\/#primaryimage"},"thumbnailUrl":"https:\/\/diariotextual.com\/inicio\/wp-content\/uploads\/2023\/07\/williamtapon2023-1.png","datePublished":"2023-07-18T10:27:40+00:00","dateModified":"2023-07-18T16:15:27+00:00","breadcrumb":{"@id":"https:\/\/diariotextual.com\/inicio\/index.php\/2023\/07\/18\/hallan-muerto-al-joven-acusado-de-agredir-a-un-arbitro-de-futbol-en-un-torneo-en-avellaneda\/#breadcrumb"},"inLanguage":"es","potentialAction":[{"@type":"ReadAction","target":["https:\/\/diariotextual.com\/inicio\/index.php\/2023\/07\/18\/hallan-muerto-al-joven-acusado-de-agredir-a-un-arbitro-de-futbol-en-un-torneo-en-avellaneda\/"]}]},{"@type":"ImageObject","inLanguage":"es","@id":"https:\/\/diariotextual.com\/inicio\/index.php\/2023\/07\/18\/hallan-muerto-al-joven-acusado-de-agredir-a-un-arbitro-de-futbol-en-un-torneo-en-avellaneda\/#primaryimage","url":"https:\/\/diariotextual.com\/inicio\/wp-content\/uploads\/2023\/07\/williamtapon2023-1.png","contentUrl":"https:\/\/diariotextual.com\/inicio\/wp-content\/uploads\/2023\/07\/williamtapon2023-1.png","width":682,"height":444},{"@type":"BreadcrumbList","@id":"https:\/\/diariotextual.com\/inicio\/index.php\/2023\/07\/18\/hallan-muerto-al-joven-acusado-de-agredir-a-un-arbitro-de-futbol-en-un-torneo-en-avellaneda\/#breadcrumb","itemListElement":[{"@type":"ListItem","position":1,"name":"Portada","item":"https:\/\/diariotextual.com\/inicio\/"},{"@type":"ListItem","position":2,"name":"Hallan muerto al joven acusado de agredir a un \u00e1rbitro de f\u00fatbol en un torneo en Avellaneda"}]},{"@type":"WebSite","@id":"https:\/\/diariotextual.com\/inicio\/#website","url":"https:\/\/diariotextual.com\/inicio\/","name":"Diario Textual","description":"","publisher":{"@id":"https:\/\/diariotextual.com\/inicio\/#organization"},"potentialAction":[{"@type":"SearchAction","target":{"@type":"EntryPoint","urlTemplate":"https:\/\/diariotextual.com\/inicio\/?s={search_term_string}"},"query-input":{"@type":"PropertyValueSpecification","valueRequired":true,"valueName":"search_term_string"}}],"inLanguage":"es"},{"@type":"Organization","@id":"https:\/\/diariotextual.com\/inicio\/#organization","name":"Diario Textual","url":"https:\/\/diariotextual.com\/inicio\/","logo":{"@type":"ImageObject","inLanguage":"es","@id":"https:\/\/diariotextual.com\/inicio\/#\/schema\/logo\/image\/","url":"https:\/\/diariotextual.com\/inicio\/wp-content\/uploads\/2023\/05\/logotextual1.jpg","contentUrl":"https:\/\/diariotextual.com\/inicio\/wp-content\/uploads\/2023\/05\/logotextual1.jpg","width":516,"height":76,"caption":"Diario Textual"},"image":{"@id":"https:\/\/diariotextual.com\/inicio\/#\/schema\/logo\/image\/"},"sameAs":["https:\/\/www.facebook.com\/eltextual","https:\/\/x.com\/eltextual","http:\/\/www.instagram.com\/eltextual"]},{"@type":"Person","@id":"https:\/\/diariotextual.com\/inicio\/#\/schema\/person\/694f60677f23c4a530867a98f22b3768","name":"diario2","image":{"@type":"ImageObject","inLanguage":"es","@id":"https:\/\/secure.gravatar.com\/avatar\/5a2567495ba16b852fcd8f1ed006a2e24fcace936018ed8237e95f488ad6e0a7?s=96&d=mm&r=g","url":"https:\/\/secure.gravatar.com\/avatar\/5a2567495ba16b852fcd8f1ed006a2e24fcace936018ed8237e95f488ad6e0a7?s=96&d=mm&r=g","contentUrl":"https:\/\/secure.gravatar.com\/avatar\/5a2567495ba16b852fcd8f1ed006a2e24fcace936018ed8237e95f488ad6e0a7?s=96&d=mm&r=g","caption":"diario2"},"url":"https:\/\/diariotextual.com\/inicio\/index.php\/author\/diario2\/"}]}},"_links":{"self":[{"href":"https:\/\/diariotextual.com\/inicio\/index.php\/wp-json\/wp\/v2\/posts\/231244","targetHints":{"allow":["GET"]}}],"collection":[{"href":"https:\/\/diariotextual.com\/inicio\/index.php\/wp-json\/wp\/v2\/posts"}],"about":[{"href":"https:\/\/diariotextual.com\/inicio\/index.php\/wp-json\/wp\/v2\/types\/post"}],"author":[{"embeddable":true,"href":"https:\/\/diariotextual.com\/inicio\/index.php\/wp-json\/wp\/v2\/users\/4"}],"replies":[{"embeddable":true,"href":"https:\/\/diariotextual.com\/inicio\/index.php\/wp-json\/wp\/v2\/comments?post=231244"}],"version-history":[{"count":1,"href":"https:\/\/diariotextual.com\/inicio\/index.php\/wp-json\/wp\/v2\/posts\/231244\/revisions"}],"predecessor-version":[{"id":231245,"href":"https:\/\/diariotextual.com\/inicio\/index.php\/wp-json\/wp\/v2\/posts\/231244\/revisions\/231245"}],"wp:featuredmedia":[{"embeddable":true,"href":"https:\/\/diariotextual.com\/inicio\/index.php\/wp-json\/wp\/v2\/media\/231252"}],"wp:attachment":[{"href":"https:\/\/diariotextual.com\/inicio\/index.php\/wp-json\/wp\/v2\/media?parent=231244"}],"wp:term":[{"taxonomy":"category","embeddable":true,"href":"https:\/\/diariotextual.com\/inicio\/index.php\/wp-json\/wp\/v2\/categories?post=231244"},{"taxonomy":"post_tag","embeddable":true,"href":"https:\/\/diariotextual.com\/inicio\/index.php\/wp-json\/wp\/v2\/tags?post=231244"}],"curies":[{"name":"wp","href":"https:\/\/api.w.org\/{rel}","templated":true}]}}