{"id":231246,"date":"2023-07-18T08:01:23","date_gmt":"2023-07-18T11:01:23","guid":{"rendered":"https:\/\/diariotextual.com\/inicio\/?p=231246"},"modified":"2023-07-18T08:01:25","modified_gmt":"2023-07-18T11:01:25","slug":"el-gobierno-formalizo-la-creacion-de-un-programa-para-mejorar-la-gestion-menstrual","status":"publish","type":"post","link":"https:\/\/diariotextual.com\/inicio\/index.php\/2023\/07\/18\/el-gobierno-formalizo-la-creacion-de-un-programa-para-mejorar-la-gestion-menstrual\/","title":{"rendered":"El Gobierno formaliz\u00f3 la creaci\u00f3n de un programa para mejorar la \u201cgesti\u00f3n menstrual\u201d"},"content":{"rendered":"\n<p>El Gobierno cre\u00f3 un&nbsp;<strong>programa destinado a mejorar la \u201cgesti\u00f3n menstrual\u201d<\/strong>&nbsp;y \u201creducir las brechas de desigualdad asociadas al&nbsp;<strong>tab\u00fa social de la&nbsp;menstruaci\u00f3n&nbsp;y la discriminaci\u00f3n<\/strong>&nbsp;que sufren las&nbsp;personas menstruantes\u201d.<\/p>\n\n\n\n<p>Se trata del&nbsp;<strong>Programa Nacional MenstruAR<\/strong>, que est\u00e1 dentro de la \u00f3rbita del Ministerio de las Mujeres, G\u00e9neros y Diversidad.<\/p>\n\n\n\n<p>La iniciativa fue creada a trav\u00e9s de la&nbsp;<strong>Resoluci\u00f3n 393\/2023<\/strong>&nbsp;firmada por la titular de la cartera feminista,&nbsp;<strong>Ayel\u00e9n Mazzina<\/strong>, y publicada este martes en el Bolet\u00edn Oficial.<\/p>\n\n\n\n<p>El prop\u00f3sito del Programa MenstruAR es&nbsp;<strong>\u201creducir las brechas de desigualdad asociadas al tab\u00fa social de la menstruaci\u00f3n y la discriminaci\u00f3n que sufren las personas menstruantes\u201d<\/strong>.&nbsp;Tambi\u00e9n apunta a resolver \u201cla&nbsp;<strong>falta de acceso a informaci\u00f3n, productos de gesti\u00f3n menstrual de calidad y servicios sanitarios adecuados para gestionar la menstruaci\u00f3n de manera saludable y sustentable\u201d<\/strong>.<\/p>\n\n\n\n<p>El Ministerio de las Mujeres, G\u00e9neros y Diversidad justific\u00f3 la medida al se\u00f1alar que&nbsp;<strong>\u201cmenstruar exige una inversi\u00f3n econ\u00f3mica que dificulta que miles de mujeres y LGTBI+ menstruantes puedan&nbsp;gestionar adecuadamente su ciclo menstrual<\/strong>, con consecuencias que impactan en los distintos \u00e1mbitos donde desarrollan su vida, el \u00e1mbito social, laboral, escolar, el disfrute del tiempo libre y el esparcimiento\u201d.<\/p>\n\n\n\n<p>Adem\u00e1s, indic\u00f3 que&nbsp;<strong>la menstruaci\u00f3n \u201csuele tener una connotaci\u00f3n negativa en muchas sociedades<\/strong>&nbsp;asociada a mitos patriarcales&nbsp;que la consideran sucia, contaminante, que interfiere con las actividades productivas, que genera inestabilidad&nbsp;emocional en las personas menstruantes y afecta su juicio\u201d.<\/p>\n\n\n\n<p><strong>\u201cEn Argentina m\u00e1s de 12.000.000 de personas menstr\u00faan. Los productos de gesti\u00f3n menstrual m\u00e1s utilizados, como los tampones y las toallitas descartables, pueden ser hasta un 50% m\u00e1s costosos que el promedio de los valores de los productos de la canasta b\u00e1sica<\/strong>. Teniendo en cuenta que en un hogar puede haber m\u00e1s de una persona menstruante, esto puede representar una inversi\u00f3n muy elevada para las personas en situaci\u00f3n de vulnerabilidad\u201d, plante\u00f3 la cartera conducida por Mazzina.<\/p>\n\n\n\n<p>Y agreg\u00f3:&nbsp;<strong>\u201cQuienes utilizan tampones, destinan m\u00e1s de una Asignaci\u00f3n Universal por Hijo\/a en el a\u00f1o a comprar estos productos\u201d<\/strong>.<\/p>\n\n\n\n<p>Seg\u00fan un estudio de&nbsp;<strong>UNICEF<\/strong>&nbsp;publicado en 2021 y citado por el Ministerio,&nbsp;<strong>casi el 10% de las personas consultadas no van a la escuela durante la menstruaci\u00f3n y el 23% siente verg\u00fcenza o incomodidad<\/strong>.<\/p>\n","protected":false},"excerpt":{"rendered":"<p>El Gobierno cre\u00f3 un&nbsp;programa destinado a mejorar la \u201cgesti\u00f3n menstrual\u201d&nbsp;y \u201creducir las brechas de desigualdad asociadas al&nbsp;tab\u00fa social de la&nbsp;menstruaci\u00f3n&nbsp;y la discriminaci\u00f3n&nbsp;que sufren las&nbsp;personas menstruantes\u201d. Se trata del&nbsp;Programa Nacional MenstruAR,&hellip;<\/p>\n","protected":false},"author":4,"featured_media":183210,"comment_status":"closed","ping_status":"open","sticky":false,"template":"","format":"standard","meta":{"_acf_changed":false,"footnotes":""},"categories":[1,12],"tags":[],"class_list":["post-231246","post","type-post","status-publish","format-standard","has-post-thumbnail","hentry","category-es-noticia","category-sociedad"],"acf":[],"yoast_head":"<!-- This site is optimized with the Yoast SEO plugin v27.5 - https:\/\/yoast.com\/product\/yoast-seo-wordpress\/ -->\n<title>El Gobierno formaliz\u00f3 la creaci\u00f3n de un programa para mejorar la \u201cgesti\u00f3n menstrual\u201d - Diario Textual<\/title>\n<meta name=\"robots\" content=\"index, follow, max-snippet:-1, max-image-preview:large, max-video-preview:-1\" \/>\n<link rel=\"canonical\" href=\"https:\/\/diariotextual.com\/inicio\/index.php\/2023\/07\/18\/el-gobierno-formalizo-la-creacion-de-un-programa-para-mejorar-la-gestion-menstrual\/\" \/>\n<meta property=\"og:locale\" content=\"es_ES\" \/>\n<meta property=\"og:type\" content=\"article\" \/>\n<meta property=\"og:title\" content=\"El Gobierno formaliz\u00f3 la creaci\u00f3n de un programa para mejorar la \u201cgesti\u00f3n menstrual\u201d - Diario Textual\" \/>\n<meta property=\"og:description\" content=\"El Gobierno cre\u00f3 un&nbsp;programa destinado a mejorar la \u201cgesti\u00f3n menstrual\u201d&nbsp;y \u201creducir las brechas de desigualdad asociadas al&nbsp;tab\u00fa social de la&nbsp;menstruaci\u00f3n&nbsp;y la discriminaci\u00f3n&nbsp;que sufren las&nbsp;personas menstruantes\u201d. Se trata del&nbsp;Programa Nacional MenstruAR,&hellip;\" \/>\n<meta property=\"og:url\" content=\"https:\/\/diariotextual.com\/inicio\/index.php\/2023\/07\/18\/el-gobierno-formalizo-la-creacion-de-un-programa-para-mejorar-la-gestion-menstrual\/\" \/>\n<meta property=\"og:site_name\" content=\"Diario Textual\" \/>\n<meta property=\"article:publisher\" content=\"https:\/\/www.facebook.com\/eltextual\" \/>\n<meta property=\"article:published_time\" content=\"2023-07-18T11:01:23+00:00\" \/>\n<meta property=\"article:modified_time\" content=\"2023-07-18T11:01:25+00:00\" \/>\n<meta property=\"og:image\" content=\"https:\/\/diariotextual.com\/inicio\/wp-content\/uploads\/2022\/03\/copamenstrual344-1.jpg\" \/>\n\t<meta property=\"og:image:width\" content=\"1024\" \/>\n\t<meta property=\"og:image:height\" content=\"683\" \/>\n\t<meta property=\"og:image:type\" content=\"image\/jpeg\" \/>\n<meta name=\"author\" content=\"diario2\" \/>\n<meta name=\"twitter:card\" content=\"summary_large_image\" \/>\n<meta name=\"twitter:creator\" content=\"@eltextual\" \/>\n<meta name=\"twitter:site\" content=\"@eltextual\" \/>\n<meta name=\"twitter:label1\" content=\"Escrito por\" \/>\n\t<meta name=\"twitter:data1\" content=\"diario2\" \/>\n\t<meta name=\"twitter:label2\" content=\"Tiempo de lectura\" \/>\n\t<meta name=\"twitter:data2\" content=\"2 minutos\" \/>\n<script type=\"application\/ld+json\" class=\"yoast-schema-graph\">{\"@context\":\"https:\\\/\\\/schema.org\",\"@graph\":[{\"@type\":\"Article\",\"@id\":\"https:\\\/\\\/diariotextual.com\\\/inicio\\\/index.php\\\/2023\\\/07\\\/18\\\/el-gobierno-formalizo-la-creacion-de-un-programa-para-mejorar-la-gestion-menstrual\\\/#article\",\"isPartOf\":{\"@id\":\"https:\\\/\\\/diariotextual.com\\\/inicio\\\/index.php\\\/2023\\\/07\\\/18\\\/el-gobierno-formalizo-la-creacion-de-un-programa-para-mejorar-la-gestion-menstrual\\\/\"},\"author\":{\"name\":\"diario2\",\"@id\":\"https:\\\/\\\/diariotextual.com\\\/inicio\\\/#\\\/schema\\\/person\\\/694f60677f23c4a530867a98f22b3768\"},\"headline\":\"El Gobierno formaliz\u00f3 la creaci\u00f3n de un programa para mejorar la \u201cgesti\u00f3n menstrual\u201d\",\"datePublished\":\"2023-07-18T11:01:23+00:00\",\"dateModified\":\"2023-07-18T11:01:25+00:00\",\"mainEntityOfPage\":{\"@id\":\"https:\\\/\\\/diariotextual.com\\\/inicio\\\/index.php\\\/2023\\\/07\\\/18\\\/el-gobierno-formalizo-la-creacion-de-un-programa-para-mejorar-la-gestion-menstrual\\\/\"},\"wordCount\":436,\"publisher\":{\"@id\":\"https:\\\/\\\/diariotextual.com\\\/inicio\\\/#organization\"},\"image\":{\"@id\":\"https:\\\/\\\/diariotextual.com\\\/inicio\\\/index.php\\\/2023\\\/07\\\/18\\\/el-gobierno-formalizo-la-creacion-de-un-programa-para-mejorar-la-gestion-menstrual\\\/#primaryimage\"},\"thumbnailUrl\":\"https:\\\/\\\/diariotextual.com\\\/inicio\\\/wp-content\\\/uploads\\\/2022\\\/03\\\/copamenstrual344-1.jpg\",\"articleSection\":[\"A - ES NOTICIA (van abajo)\",\"SOCIEDAD\"],\"inLanguage\":\"es\"},{\"@type\":\"WebPage\",\"@id\":\"https:\\\/\\\/diariotextual.com\\\/inicio\\\/index.php\\\/2023\\\/07\\\/18\\\/el-gobierno-formalizo-la-creacion-de-un-programa-para-mejorar-la-gestion-menstrual\\\/\",\"url\":\"https:\\\/\\\/diariotextual.com\\\/inicio\\\/index.php\\\/2023\\\/07\\\/18\\\/el-gobierno-formalizo-la-creacion-de-un-programa-para-mejorar-la-gestion-menstrual\\\/\",\"name\":\"El Gobierno formaliz\u00f3 la creaci\u00f3n de un programa para mejorar la \u201cgesti\u00f3n menstrual\u201d - Diario Textual\",\"isPartOf\":{\"@id\":\"https:\\\/\\\/diariotextual.com\\\/inicio\\\/#website\"},\"primaryImageOfPage\":{\"@id\":\"https:\\\/\\\/diariotextual.com\\\/inicio\\\/index.php\\\/2023\\\/07\\\/18\\\/el-gobierno-formalizo-la-creacion-de-un-programa-para-mejorar-la-gestion-menstrual\\\/#primaryimage\"},\"image\":{\"@id\":\"https:\\\/\\\/diariotextual.com\\\/inicio\\\/index.php\\\/2023\\\/07\\\/18\\\/el-gobierno-formalizo-la-creacion-de-un-programa-para-mejorar-la-gestion-menstrual\\\/#primaryimage\"},\"thumbnailUrl\":\"https:\\\/\\\/diariotextual.com\\\/inicio\\\/wp-content\\\/uploads\\\/2022\\\/03\\\/copamenstrual344-1.jpg\",\"datePublished\":\"2023-07-18T11:01:23+00:00\",\"dateModified\":\"2023-07-18T11:01:25+00:00\",\"breadcrumb\":{\"@id\":\"https:\\\/\\\/diariotextual.com\\\/inicio\\\/index.php\\\/2023\\\/07\\\/18\\\/el-gobierno-formalizo-la-creacion-de-un-programa-para-mejorar-la-gestion-menstrual\\\/#breadcrumb\"},\"inLanguage\":\"es\",\"potentialAction\":[{\"@type\":\"ReadAction\",\"target\":[\"https:\\\/\\\/diariotextual.com\\\/inicio\\\/index.php\\\/2023\\\/07\\\/18\\\/el-gobierno-formalizo-la-creacion-de-un-programa-para-mejorar-la-gestion-menstrual\\\/\"]}]},{\"@type\":\"ImageObject\",\"inLanguage\":\"es\",\"@id\":\"https:\\\/\\\/diariotextual.com\\\/inicio\\\/index.php\\\/2023\\\/07\\\/18\\\/el-gobierno-formalizo-la-creacion-de-un-programa-para-mejorar-la-gestion-menstrual\\\/#primaryimage\",\"url\":\"https:\\\/\\\/diariotextual.com\\\/inicio\\\/wp-content\\\/uploads\\\/2022\\\/03\\\/copamenstrual344-1.jpg\",\"contentUrl\":\"https:\\\/\\\/diariotextual.com\\\/inicio\\\/wp-content\\\/uploads\\\/2022\\\/03\\\/copamenstrual344-1.jpg\",\"width\":1024,\"height\":683},{\"@type\":\"BreadcrumbList\",\"@id\":\"https:\\\/\\\/diariotextual.com\\\/inicio\\\/index.php\\\/2023\\\/07\\\/18\\\/el-gobierno-formalizo-la-creacion-de-un-programa-para-mejorar-la-gestion-menstrual\\\/#breadcrumb\",\"itemListElement\":[{\"@type\":\"ListItem\",\"position\":1,\"name\":\"Portada\",\"item\":\"https:\\\/\\\/diariotextual.com\\\/inicio\\\/\"},{\"@type\":\"ListItem\",\"position\":2,\"name\":\"El Gobierno formaliz\u00f3 la creaci\u00f3n de un programa para mejorar la \u201cgesti\u00f3n menstrual\u201d\"}]},{\"@type\":\"WebSite\",\"@id\":\"https:\\\/\\\/diariotextual.com\\\/inicio\\\/#website\",\"url\":\"https:\\\/\\\/diariotextual.com\\\/inicio\\\/\",\"name\":\"Diario Textual\",\"description\":\"\",\"publisher\":{\"@id\":\"https:\\\/\\\/diariotextual.com\\\/inicio\\\/#organization\"},\"potentialAction\":[{\"@type\":\"SearchAction\",\"target\":{\"@type\":\"EntryPoint\",\"urlTemplate\":\"https:\\\/\\\/diariotextual.com\\\/inicio\\\/?s={search_term_string}\"},\"query-input\":{\"@type\":\"PropertyValueSpecification\",\"valueRequired\":true,\"valueName\":\"search_term_string\"}}],\"inLanguage\":\"es\"},{\"@type\":\"Organization\",\"@id\":\"https:\\\/\\\/diariotextual.com\\\/inicio\\\/#organization\",\"name\":\"Diario Textual\",\"url\":\"https:\\\/\\\/diariotextual.com\\\/inicio\\\/\",\"logo\":{\"@type\":\"ImageObject\",\"inLanguage\":\"es\",\"@id\":\"https:\\\/\\\/diariotextual.com\\\/inicio\\\/#\\\/schema\\\/logo\\\/image\\\/\",\"url\":\"https:\\\/\\\/diariotextual.com\\\/inicio\\\/wp-content\\\/uploads\\\/2023\\\/05\\\/logotextual1.jpg\",\"contentUrl\":\"https:\\\/\\\/diariotextual.com\\\/inicio\\\/wp-content\\\/uploads\\\/2023\\\/05\\\/logotextual1.jpg\",\"width\":516,\"height\":76,\"caption\":\"Diario Textual\"},\"image\":{\"@id\":\"https:\\\/\\\/diariotextual.com\\\/inicio\\\/#\\\/schema\\\/logo\\\/image\\\/\"},\"sameAs\":[\"https:\\\/\\\/www.facebook.com\\\/eltextual\",\"https:\\\/\\\/x.com\\\/eltextual\",\"http:\\\/\\\/www.instagram.com\\\/eltextual\"]},{\"@type\":\"Person\",\"@id\":\"https:\\\/\\\/diariotextual.com\\\/inicio\\\/#\\\/schema\\\/person\\\/694f60677f23c4a530867a98f22b3768\",\"name\":\"diario2\",\"image\":{\"@type\":\"ImageObject\",\"inLanguage\":\"es\",\"@id\":\"https:\\\/\\\/secure.gravatar.com\\\/avatar\\\/5a2567495ba16b852fcd8f1ed006a2e24fcace936018ed8237e95f488ad6e0a7?s=96&d=mm&r=g\",\"url\":\"https:\\\/\\\/secure.gravatar.com\\\/avatar\\\/5a2567495ba16b852fcd8f1ed006a2e24fcace936018ed8237e95f488ad6e0a7?s=96&d=mm&r=g\",\"contentUrl\":\"https:\\\/\\\/secure.gravatar.com\\\/avatar\\\/5a2567495ba16b852fcd8f1ed006a2e24fcace936018ed8237e95f488ad6e0a7?s=96&d=mm&r=g\",\"caption\":\"diario2\"},\"url\":\"https:\\\/\\\/diariotextual.com\\\/inicio\\\/index.php\\\/author\\\/diario2\\\/\"}]}<\/script>\n<!-- \/ Yoast SEO plugin. -->","yoast_head_json":{"title":"El Gobierno formaliz\u00f3 la creaci\u00f3n de un programa para mejorar la \u201cgesti\u00f3n menstrual\u201d - Diario Textual","robots":{"index":"index","follow":"follow","max-snippet":"max-snippet:-1","max-image-preview":"max-image-preview:large","max-video-preview":"max-video-preview:-1"},"canonical":"https:\/\/diariotextual.com\/inicio\/index.php\/2023\/07\/18\/el-gobierno-formalizo-la-creacion-de-un-programa-para-mejorar-la-gestion-menstrual\/","og_locale":"es_ES","og_type":"article","og_title":"El Gobierno formaliz\u00f3 la creaci\u00f3n de un programa para mejorar la \u201cgesti\u00f3n menstrual\u201d - Diario Textual","og_description":"El Gobierno cre\u00f3 un&nbsp;programa destinado a mejorar la \u201cgesti\u00f3n menstrual\u201d&nbsp;y \u201creducir las brechas de desigualdad asociadas al&nbsp;tab\u00fa social de la&nbsp;menstruaci\u00f3n&nbsp;y la discriminaci\u00f3n&nbsp;que sufren las&nbsp;personas menstruantes\u201d. Se trata del&nbsp;Programa Nacional MenstruAR,&hellip;","og_url":"https:\/\/diariotextual.com\/inicio\/index.php\/2023\/07\/18\/el-gobierno-formalizo-la-creacion-de-un-programa-para-mejorar-la-gestion-menstrual\/","og_site_name":"Diario Textual","article_publisher":"https:\/\/www.facebook.com\/eltextual","article_published_time":"2023-07-18T11:01:23+00:00","article_modified_time":"2023-07-18T11:01:25+00:00","og_image":[{"width":1024,"height":683,"url":"https:\/\/diariotextual.com\/inicio\/wp-content\/uploads\/2022\/03\/copamenstrual344-1.jpg","type":"image\/jpeg"}],"author":"diario2","twitter_card":"summary_large_image","twitter_creator":"@eltextual","twitter_site":"@eltextual","twitter_misc":{"Escrito por":"diario2","Tiempo de lectura":"2 minutos"},"schema":{"@context":"https:\/\/schema.org","@graph":[{"@type":"Article","@id":"https:\/\/diariotextual.com\/inicio\/index.php\/2023\/07\/18\/el-gobierno-formalizo-la-creacion-de-un-programa-para-mejorar-la-gestion-menstrual\/#article","isPartOf":{"@id":"https:\/\/diariotextual.com\/inicio\/index.php\/2023\/07\/18\/el-gobierno-formalizo-la-creacion-de-un-programa-para-mejorar-la-gestion-menstrual\/"},"author":{"name":"diario2","@id":"https:\/\/diariotextual.com\/inicio\/#\/schema\/person\/694f60677f23c4a530867a98f22b3768"},"headline":"El Gobierno formaliz\u00f3 la creaci\u00f3n de un programa para mejorar la \u201cgesti\u00f3n menstrual\u201d","datePublished":"2023-07-18T11:01:23+00:00","dateModified":"2023-07-18T11:01:25+00:00","mainEntityOfPage":{"@id":"https:\/\/diariotextual.com\/inicio\/index.php\/2023\/07\/18\/el-gobierno-formalizo-la-creacion-de-un-programa-para-mejorar-la-gestion-menstrual\/"},"wordCount":436,"publisher":{"@id":"https:\/\/diariotextual.com\/inicio\/#organization"},"image":{"@id":"https:\/\/diariotextual.com\/inicio\/index.php\/2023\/07\/18\/el-gobierno-formalizo-la-creacion-de-un-programa-para-mejorar-la-gestion-menstrual\/#primaryimage"},"thumbnailUrl":"https:\/\/diariotextual.com\/inicio\/wp-content\/uploads\/2022\/03\/copamenstrual344-1.jpg","articleSection":["A - ES NOTICIA (van abajo)","SOCIEDAD"],"inLanguage":"es"},{"@type":"WebPage","@id":"https:\/\/diariotextual.com\/inicio\/index.php\/2023\/07\/18\/el-gobierno-formalizo-la-creacion-de-un-programa-para-mejorar-la-gestion-menstrual\/","url":"https:\/\/diariotextual.com\/inicio\/index.php\/2023\/07\/18\/el-gobierno-formalizo-la-creacion-de-un-programa-para-mejorar-la-gestion-menstrual\/","name":"El Gobierno formaliz\u00f3 la creaci\u00f3n de un programa para mejorar la \u201cgesti\u00f3n menstrual\u201d - Diario Textual","isPartOf":{"@id":"https:\/\/diariotextual.com\/inicio\/#website"},"primaryImageOfPage":{"@id":"https:\/\/diariotextual.com\/inicio\/index.php\/2023\/07\/18\/el-gobierno-formalizo-la-creacion-de-un-programa-para-mejorar-la-gestion-menstrual\/#primaryimage"},"image":{"@id":"https:\/\/diariotextual.com\/inicio\/index.php\/2023\/07\/18\/el-gobierno-formalizo-la-creacion-de-un-programa-para-mejorar-la-gestion-menstrual\/#primaryimage"},"thumbnailUrl":"https:\/\/diariotextual.com\/inicio\/wp-content\/uploads\/2022\/03\/copamenstrual344-1.jpg","datePublished":"2023-07-18T11:01:23+00:00","dateModified":"2023-07-18T11:01:25+00:00","breadcrumb":{"@id":"https:\/\/diariotextual.com\/inicio\/index.php\/2023\/07\/18\/el-gobierno-formalizo-la-creacion-de-un-programa-para-mejorar-la-gestion-menstrual\/#breadcrumb"},"inLanguage":"es","potentialAction":[{"@type":"ReadAction","target":["https:\/\/diariotextual.com\/inicio\/index.php\/2023\/07\/18\/el-gobierno-formalizo-la-creacion-de-un-programa-para-mejorar-la-gestion-menstrual\/"]}]},{"@type":"ImageObject","inLanguage":"es","@id":"https:\/\/diariotextual.com\/inicio\/index.php\/2023\/07\/18\/el-gobierno-formalizo-la-creacion-de-un-programa-para-mejorar-la-gestion-menstrual\/#primaryimage","url":"https:\/\/diariotextual.com\/inicio\/wp-content\/uploads\/2022\/03\/copamenstrual344-1.jpg","contentUrl":"https:\/\/diariotextual.com\/inicio\/wp-content\/uploads\/2022\/03\/copamenstrual344-1.jpg","width":1024,"height":683},{"@type":"BreadcrumbList","@id":"https:\/\/diariotextual.com\/inicio\/index.php\/2023\/07\/18\/el-gobierno-formalizo-la-creacion-de-un-programa-para-mejorar-la-gestion-menstrual\/#breadcrumb","itemListElement":[{"@type":"ListItem","position":1,"name":"Portada","item":"https:\/\/diariotextual.com\/inicio\/"},{"@type":"ListItem","position":2,"name":"El Gobierno formaliz\u00f3 la creaci\u00f3n de un programa para mejorar la \u201cgesti\u00f3n menstrual\u201d"}]},{"@type":"WebSite","@id":"https:\/\/diariotextual.com\/inicio\/#website","url":"https:\/\/diariotextual.com\/inicio\/","name":"Diario Textual","description":"","publisher":{"@id":"https:\/\/diariotextual.com\/inicio\/#organization"},"potentialAction":[{"@type":"SearchAction","target":{"@type":"EntryPoint","urlTemplate":"https:\/\/diariotextual.com\/inicio\/?s={search_term_string}"},"query-input":{"@type":"PropertyValueSpecification","valueRequired":true,"valueName":"search_term_string"}}],"inLanguage":"es"},{"@type":"Organization","@id":"https:\/\/diariotextual.com\/inicio\/#organization","name":"Diario Textual","url":"https:\/\/diariotextual.com\/inicio\/","logo":{"@type":"ImageObject","inLanguage":"es","@id":"https:\/\/diariotextual.com\/inicio\/#\/schema\/logo\/image\/","url":"https:\/\/diariotextual.com\/inicio\/wp-content\/uploads\/2023\/05\/logotextual1.jpg","contentUrl":"https:\/\/diariotextual.com\/inicio\/wp-content\/uploads\/2023\/05\/logotextual1.jpg","width":516,"height":76,"caption":"Diario Textual"},"image":{"@id":"https:\/\/diariotextual.com\/inicio\/#\/schema\/logo\/image\/"},"sameAs":["https:\/\/www.facebook.com\/eltextual","https:\/\/x.com\/eltextual","http:\/\/www.instagram.com\/eltextual"]},{"@type":"Person","@id":"https:\/\/diariotextual.com\/inicio\/#\/schema\/person\/694f60677f23c4a530867a98f22b3768","name":"diario2","image":{"@type":"ImageObject","inLanguage":"es","@id":"https:\/\/secure.gravatar.com\/avatar\/5a2567495ba16b852fcd8f1ed006a2e24fcace936018ed8237e95f488ad6e0a7?s=96&d=mm&r=g","url":"https:\/\/secure.gravatar.com\/avatar\/5a2567495ba16b852fcd8f1ed006a2e24fcace936018ed8237e95f488ad6e0a7?s=96&d=mm&r=g","contentUrl":"https:\/\/secure.gravatar.com\/avatar\/5a2567495ba16b852fcd8f1ed006a2e24fcace936018ed8237e95f488ad6e0a7?s=96&d=mm&r=g","caption":"diario2"},"url":"https:\/\/diariotextual.com\/inicio\/index.php\/author\/diario2\/"}]}},"_links":{"self":[{"href":"https:\/\/diariotextual.com\/inicio\/index.php\/wp-json\/wp\/v2\/posts\/231246","targetHints":{"allow":["GET"]}}],"collection":[{"href":"https:\/\/diariotextual.com\/inicio\/index.php\/wp-json\/wp\/v2\/posts"}],"about":[{"href":"https:\/\/diariotextual.com\/inicio\/index.php\/wp-json\/wp\/v2\/types\/post"}],"author":[{"embeddable":true,"href":"https:\/\/diariotextual.com\/inicio\/index.php\/wp-json\/wp\/v2\/users\/4"}],"replies":[{"embeddable":true,"href":"https:\/\/diariotextual.com\/inicio\/index.php\/wp-json\/wp\/v2\/comments?post=231246"}],"version-history":[{"count":1,"href":"https:\/\/diariotextual.com\/inicio\/index.php\/wp-json\/wp\/v2\/posts\/231246\/revisions"}],"predecessor-version":[{"id":231247,"href":"https:\/\/diariotextual.com\/inicio\/index.php\/wp-json\/wp\/v2\/posts\/231246\/revisions\/231247"}],"wp:featuredmedia":[{"embeddable":true,"href":"https:\/\/diariotextual.com\/inicio\/index.php\/wp-json\/wp\/v2\/media\/183210"}],"wp:attachment":[{"href":"https:\/\/diariotextual.com\/inicio\/index.php\/wp-json\/wp\/v2\/media?parent=231246"}],"wp:term":[{"taxonomy":"category","embeddable":true,"href":"https:\/\/diariotextual.com\/inicio\/index.php\/wp-json\/wp\/v2\/categories?post=231246"},{"taxonomy":"post_tag","embeddable":true,"href":"https:\/\/diariotextual.com\/inicio\/index.php\/wp-json\/wp\/v2\/tags?post=231246"}],"curies":[{"name":"wp","href":"https:\/\/api.w.org\/{rel}","templated":true}]}}