{"id":231254,"date":"2023-07-18T08:26:13","date_gmt":"2023-07-18T11:26:13","guid":{"rendered":"https:\/\/diariotextual.com\/inicio\/?p=231254"},"modified":"2023-07-18T17:45:03","modified_gmt":"2023-07-18T20:45:03","slug":"los-asombrosos-viajes-de-zamba-y-nina-llega-a-la-pampa","status":"publish","type":"post","link":"https:\/\/diariotextual.com\/inicio\/index.php\/2023\/07\/18\/los-asombrosos-viajes-de-zamba-y-nina-llega-a-la-pampa\/","title":{"rendered":"Los asombrosos viajes de Zamba y Nina llega a La Pampa"},"content":{"rendered":"\n<p><strong>Pakapaka<\/strong>, la se\u00f1al infantil del Estado argentino, y la&nbsp;<strong>TV P\u00fablica<\/strong>, presentan&nbsp;<strong><em>Los asombrosos viajes de Zamba y Nina por la Argentina<\/em><\/strong>. Se trata de la primera serie en la que Zamba y Nina interact\u00faan con personajes y fondos reales y son animados en 3D en el espacio&nbsp;<strong>ANIMAR MoCap<\/strong>. <\/p>\n\n\n\n<p>El ciclo, con la conducci\u00f3n de\u00a0<strong>Mauricio Vila<\/strong>\u00a0y\u00a0<strong>Mar Mediavilla<\/strong>, esta semana recorrer\u00e1 la provincia de\u00a0<strong>La Pampa<\/strong>\u00a0con paradas en el\u00a0<strong>Parque Nacional Lihu\u00e9 Calel\u00a0<\/strong>(lunes 17 de julio)<strong>, el oeste pampeano<\/strong>\u00a0(martes 18 de julio),<strong>\u00a0la Villa Tur\u00edstica Casa de Piedra\u00a0<\/strong>(mi\u00e9rcoles 19 de julio),<strong>\u00a0la ciudad de Toay\u00a0<\/strong>(jueves 20 de julio)\u00a0<strong>y el Parque Luro y Naic\u00f3\u00a0<\/strong>(viernes 21 de julio).<\/p>\n\n\n\n<p>En cada cap\u00edtulo,&nbsp;<strong>Zamba y Nina<\/strong>&nbsp;se suben a la super camioneta que conducen Mar y Mau y emprenden un viaje guiado por Clementina, la computadora de a bordo. As\u00ed, cada semana visitan una provincia distinta de la Argentina. Adem\u00e1s, comparten juegos, m\u00fasica y videos.<strong><u><\/u><u><\/u><\/strong><\/p>\n\n\n\n<p>En este recorrido se encuentran con diferentes y pintorescos personajes que brindan informaci\u00f3n sobre&nbsp;<strong>la geograf\u00eda, la flora, la fauna y las costumbres<\/strong>&nbsp;de cada lugar. Tambi\u00e9n aportan datos relevantes y curiosidades. Asimismo, artistas de distintas disciplinas son parte del viaje y proponen actividades relacionadas con la ciudad o localidad que visitan.<\/p>\n\n\n\n<div style=\"height:100px\" aria-hidden=\"true\" class=\"wp-block-spacer\"><\/div>\n\n\n\n<p><em>TV P\u00fablica \u2013 lunes a viernes a las 9:00<\/em><\/p>\n\n\n\n<p><em>Pakapaka \u2013 lunes a viernes a las 14:00 (repite de lunes a viernes a las 20:00)<\/em><\/p>\n\n\n\n<p>Tambi\u00e9n en la plataforma Contar:&nbsp;<a href=\"https:\/\/www.cont.ar\/serie\/5e9dd3e0-74a8-4560-8e5f-676a496a9e4f\" target=\"_blank\" rel=\"noreferrer noopener\">https:\/\/www.cont.ar\/serie\/5e9dd3e0-74a8-4560-8e5f-676a496a9e4f<\/a><\/p>\n\n\n\n<p>YouTube:&nbsp;<a href=\"http:\/\/www.youtube.com\/CanalPakapaka\" target=\"_blank\" rel=\"noreferrer noopener\">http:\/\/www.youtube.com\/CanalPakapaka<\/a><\/p>\n\n\n\n<p>Instagram:&nbsp;<a href=\"https:\/\/www.instagram.com\/canalpakapaka\" target=\"_blank\" rel=\"noreferrer noopener\">https:\/\/www.instagram.com\/canalpakapaka<\/a><\/p>\n\n\n\n<p>Facebook:&nbsp;<a href=\"https:\/\/www.facebook.com\/canalpakapaka\" target=\"_blank\" rel=\"noreferrer noopener\">https:\/\/www.facebook.com\/canalpakapaka<\/a><\/p>\n\n\n\n<p>Twitter:&nbsp;<a href=\"https:\/\/twitter.com\/CanalPakapaka\" target=\"_blank\" rel=\"noreferrer noopener\">https:\/\/twitter.com\/CanalPakapaka<\/a><\/p>\n\n\n\n<p>TikTok: @canalpakapaka.ok<\/p>\n","protected":false},"excerpt":{"rendered":"<p>Pakapaka, la se\u00f1al infantil del Estado argentino, y la&nbsp;TV P\u00fablica, presentan&nbsp;Los asombrosos viajes de Zamba y Nina por la Argentina. Se trata de la primera serie en la que Zamba&hellip;<\/p>\n","protected":false},"author":3,"featured_media":231256,"comment_status":"closed","ping_status":"open","sticky":false,"template":"","format":"standard","meta":{"_acf_changed":false,"footnotes":""},"categories":[1,2],"tags":[],"class_list":["post-231254","post","type-post","status-publish","format-standard","has-post-thumbnail","hentry","category-es-noticia","category-cultura"],"acf":[],"yoast_head":"<!-- This site is optimized with the Yoast SEO plugin v27.5 - https:\/\/yoast.com\/product\/yoast-seo-wordpress\/ -->\n<title>Los asombrosos viajes de Zamba y Nina llega a La Pampa - Diario Textual<\/title>\n<meta name=\"robots\" content=\"index, follow, max-snippet:-1, max-image-preview:large, max-video-preview:-1\" \/>\n<link rel=\"canonical\" href=\"https:\/\/diariotextual.com\/inicio\/index.php\/2023\/07\/18\/los-asombrosos-viajes-de-zamba-y-nina-llega-a-la-pampa\/\" \/>\n<meta property=\"og:locale\" content=\"es_ES\" \/>\n<meta property=\"og:type\" content=\"article\" \/>\n<meta property=\"og:title\" content=\"Los asombrosos viajes de Zamba y Nina llega a La Pampa - Diario Textual\" \/>\n<meta property=\"og:description\" content=\"Pakapaka, la se\u00f1al infantil del Estado argentino, y la&nbsp;TV P\u00fablica, presentan&nbsp;Los asombrosos viajes de Zamba y Nina por la Argentina. Se trata de la primera serie en la que Zamba&hellip;\" \/>\n<meta property=\"og:url\" content=\"https:\/\/diariotextual.com\/inicio\/index.php\/2023\/07\/18\/los-asombrosos-viajes-de-zamba-y-nina-llega-a-la-pampa\/\" \/>\n<meta property=\"og:site_name\" content=\"Diario Textual\" \/>\n<meta property=\"article:publisher\" content=\"https:\/\/www.facebook.com\/eltextual\" \/>\n<meta property=\"article:published_time\" content=\"2023-07-18T11:26:13+00:00\" \/>\n<meta property=\"article:modified_time\" content=\"2023-07-18T20:45:03+00:00\" \/>\n<meta property=\"og:image\" content=\"https:\/\/diariotextual.com\/inicio\/wp-content\/uploads\/2023\/07\/zambayninalosasombrososviajesdezambayninatelam2023-1.jpg\" \/>\n\t<meta property=\"og:image:width\" content=\"1200\" \/>\n\t<meta property=\"og:image:height\" content=\"675\" \/>\n\t<meta property=\"og:image:type\" content=\"image\/jpeg\" \/>\n<meta name=\"author\" content=\"Diario1 Diario1\" \/>\n<meta name=\"twitter:card\" content=\"summary_large_image\" \/>\n<meta name=\"twitter:creator\" content=\"@eltextual\" \/>\n<meta name=\"twitter:site\" content=\"@eltextual\" \/>\n<meta name=\"twitter:label1\" content=\"Escrito por\" \/>\n\t<meta name=\"twitter:data1\" content=\"Diario1 Diario1\" \/>\n\t<meta name=\"twitter:label2\" content=\"Tiempo de lectura\" \/>\n\t<meta name=\"twitter:data2\" content=\"2 minutos\" \/>\n<script type=\"application\/ld+json\" class=\"yoast-schema-graph\">{\"@context\":\"https:\\\/\\\/schema.org\",\"@graph\":[{\"@type\":\"Article\",\"@id\":\"https:\\\/\\\/diariotextual.com\\\/inicio\\\/index.php\\\/2023\\\/07\\\/18\\\/los-asombrosos-viajes-de-zamba-y-nina-llega-a-la-pampa\\\/#article\",\"isPartOf\":{\"@id\":\"https:\\\/\\\/diariotextual.com\\\/inicio\\\/index.php\\\/2023\\\/07\\\/18\\\/los-asombrosos-viajes-de-zamba-y-nina-llega-a-la-pampa\\\/\"},\"author\":{\"name\":\"Diario1 Diario1\",\"@id\":\"https:\\\/\\\/diariotextual.com\\\/inicio\\\/#\\\/schema\\\/person\\\/418fc4093c33e86ed41562db3508f958\"},\"headline\":\"Los asombrosos viajes de Zamba y Nina llega a La Pampa\",\"datePublished\":\"2023-07-18T11:26:13+00:00\",\"dateModified\":\"2023-07-18T20:45:03+00:00\",\"mainEntityOfPage\":{\"@id\":\"https:\\\/\\\/diariotextual.com\\\/inicio\\\/index.php\\\/2023\\\/07\\\/18\\\/los-asombrosos-viajes-de-zamba-y-nina-llega-a-la-pampa\\\/\"},\"wordCount\":314,\"publisher\":{\"@id\":\"https:\\\/\\\/diariotextual.com\\\/inicio\\\/#organization\"},\"image\":{\"@id\":\"https:\\\/\\\/diariotextual.com\\\/inicio\\\/index.php\\\/2023\\\/07\\\/18\\\/los-asombrosos-viajes-de-zamba-y-nina-llega-a-la-pampa\\\/#primaryimage\"},\"thumbnailUrl\":\"https:\\\/\\\/diariotextual.com\\\/inicio\\\/wp-content\\\/uploads\\\/2023\\\/07\\\/zambayninalosasombrososviajesdezambayninatelam2023-1.jpg\",\"articleSection\":[\"A - ES NOTICIA (van abajo)\",\"CULTURA\"],\"inLanguage\":\"es\"},{\"@type\":\"WebPage\",\"@id\":\"https:\\\/\\\/diariotextual.com\\\/inicio\\\/index.php\\\/2023\\\/07\\\/18\\\/los-asombrosos-viajes-de-zamba-y-nina-llega-a-la-pampa\\\/\",\"url\":\"https:\\\/\\\/diariotextual.com\\\/inicio\\\/index.php\\\/2023\\\/07\\\/18\\\/los-asombrosos-viajes-de-zamba-y-nina-llega-a-la-pampa\\\/\",\"name\":\"Los asombrosos viajes de Zamba y Nina llega a La Pampa - Diario Textual\",\"isPartOf\":{\"@id\":\"https:\\\/\\\/diariotextual.com\\\/inicio\\\/#website\"},\"primaryImageOfPage\":{\"@id\":\"https:\\\/\\\/diariotextual.com\\\/inicio\\\/index.php\\\/2023\\\/07\\\/18\\\/los-asombrosos-viajes-de-zamba-y-nina-llega-a-la-pampa\\\/#primaryimage\"},\"image\":{\"@id\":\"https:\\\/\\\/diariotextual.com\\\/inicio\\\/index.php\\\/2023\\\/07\\\/18\\\/los-asombrosos-viajes-de-zamba-y-nina-llega-a-la-pampa\\\/#primaryimage\"},\"thumbnailUrl\":\"https:\\\/\\\/diariotextual.com\\\/inicio\\\/wp-content\\\/uploads\\\/2023\\\/07\\\/zambayninalosasombrososviajesdezambayninatelam2023-1.jpg\",\"datePublished\":\"2023-07-18T11:26:13+00:00\",\"dateModified\":\"2023-07-18T20:45:03+00:00\",\"breadcrumb\":{\"@id\":\"https:\\\/\\\/diariotextual.com\\\/inicio\\\/index.php\\\/2023\\\/07\\\/18\\\/los-asombrosos-viajes-de-zamba-y-nina-llega-a-la-pampa\\\/#breadcrumb\"},\"inLanguage\":\"es\",\"potentialAction\":[{\"@type\":\"ReadAction\",\"target\":[\"https:\\\/\\\/diariotextual.com\\\/inicio\\\/index.php\\\/2023\\\/07\\\/18\\\/los-asombrosos-viajes-de-zamba-y-nina-llega-a-la-pampa\\\/\"]}]},{\"@type\":\"ImageObject\",\"inLanguage\":\"es\",\"@id\":\"https:\\\/\\\/diariotextual.com\\\/inicio\\\/index.php\\\/2023\\\/07\\\/18\\\/los-asombrosos-viajes-de-zamba-y-nina-llega-a-la-pampa\\\/#primaryimage\",\"url\":\"https:\\\/\\\/diariotextual.com\\\/inicio\\\/wp-content\\\/uploads\\\/2023\\\/07\\\/zambayninalosasombrososviajesdezambayninatelam2023-1.jpg\",\"contentUrl\":\"https:\\\/\\\/diariotextual.com\\\/inicio\\\/wp-content\\\/uploads\\\/2023\\\/07\\\/zambayninalosasombrososviajesdezambayninatelam2023-1.jpg\",\"width\":1200,\"height\":675},{\"@type\":\"BreadcrumbList\",\"@id\":\"https:\\\/\\\/diariotextual.com\\\/inicio\\\/index.php\\\/2023\\\/07\\\/18\\\/los-asombrosos-viajes-de-zamba-y-nina-llega-a-la-pampa\\\/#breadcrumb\",\"itemListElement\":[{\"@type\":\"ListItem\",\"position\":1,\"name\":\"Portada\",\"item\":\"https:\\\/\\\/diariotextual.com\\\/inicio\\\/\"},{\"@type\":\"ListItem\",\"position\":2,\"name\":\"Los asombrosos viajes de Zamba y Nina llega a La Pampa\"}]},{\"@type\":\"WebSite\",\"@id\":\"https:\\\/\\\/diariotextual.com\\\/inicio\\\/#website\",\"url\":\"https:\\\/\\\/diariotextual.com\\\/inicio\\\/\",\"name\":\"Diario Textual\",\"description\":\"\",\"publisher\":{\"@id\":\"https:\\\/\\\/diariotextual.com\\\/inicio\\\/#organization\"},\"potentialAction\":[{\"@type\":\"SearchAction\",\"target\":{\"@type\":\"EntryPoint\",\"urlTemplate\":\"https:\\\/\\\/diariotextual.com\\\/inicio\\\/?s={search_term_string}\"},\"query-input\":{\"@type\":\"PropertyValueSpecification\",\"valueRequired\":true,\"valueName\":\"search_term_string\"}}],\"inLanguage\":\"es\"},{\"@type\":\"Organization\",\"@id\":\"https:\\\/\\\/diariotextual.com\\\/inicio\\\/#organization\",\"name\":\"Diario Textual\",\"url\":\"https:\\\/\\\/diariotextual.com\\\/inicio\\\/\",\"logo\":{\"@type\":\"ImageObject\",\"inLanguage\":\"es\",\"@id\":\"https:\\\/\\\/diariotextual.com\\\/inicio\\\/#\\\/schema\\\/logo\\\/image\\\/\",\"url\":\"https:\\\/\\\/diariotextual.com\\\/inicio\\\/wp-content\\\/uploads\\\/2023\\\/05\\\/logotextual1.jpg\",\"contentUrl\":\"https:\\\/\\\/diariotextual.com\\\/inicio\\\/wp-content\\\/uploads\\\/2023\\\/05\\\/logotextual1.jpg\",\"width\":516,\"height\":76,\"caption\":\"Diario Textual\"},\"image\":{\"@id\":\"https:\\\/\\\/diariotextual.com\\\/inicio\\\/#\\\/schema\\\/logo\\\/image\\\/\"},\"sameAs\":[\"https:\\\/\\\/www.facebook.com\\\/eltextual\",\"https:\\\/\\\/x.com\\\/eltextual\",\"http:\\\/\\\/www.instagram.com\\\/eltextual\"]},{\"@type\":\"Person\",\"@id\":\"https:\\\/\\\/diariotextual.com\\\/inicio\\\/#\\\/schema\\\/person\\\/418fc4093c33e86ed41562db3508f958\",\"name\":\"Diario1 Diario1\",\"image\":{\"@type\":\"ImageObject\",\"inLanguage\":\"es\",\"@id\":\"https:\\\/\\\/secure.gravatar.com\\\/avatar\\\/9167d280179c85bc18be67aa7eda765854300033af4896dd779b608640f2ef7a?s=96&d=mm&r=g\",\"url\":\"https:\\\/\\\/secure.gravatar.com\\\/avatar\\\/9167d280179c85bc18be67aa7eda765854300033af4896dd779b608640f2ef7a?s=96&d=mm&r=g\",\"contentUrl\":\"https:\\\/\\\/secure.gravatar.com\\\/avatar\\\/9167d280179c85bc18be67aa7eda765854300033af4896dd779b608640f2ef7a?s=96&d=mm&r=g\",\"caption\":\"Diario1 Diario1\"},\"url\":\"https:\\\/\\\/diariotextual.com\\\/inicio\\\/index.php\\\/author\\\/diario1\\\/\"}]}<\/script>\n<!-- \/ Yoast SEO plugin. -->","yoast_head_json":{"title":"Los asombrosos viajes de Zamba y Nina llega a La Pampa - Diario Textual","robots":{"index":"index","follow":"follow","max-snippet":"max-snippet:-1","max-image-preview":"max-image-preview:large","max-video-preview":"max-video-preview:-1"},"canonical":"https:\/\/diariotextual.com\/inicio\/index.php\/2023\/07\/18\/los-asombrosos-viajes-de-zamba-y-nina-llega-a-la-pampa\/","og_locale":"es_ES","og_type":"article","og_title":"Los asombrosos viajes de Zamba y Nina llega a La Pampa - Diario Textual","og_description":"Pakapaka, la se\u00f1al infantil del Estado argentino, y la&nbsp;TV P\u00fablica, presentan&nbsp;Los asombrosos viajes de Zamba y Nina por la Argentina. Se trata de la primera serie en la que Zamba&hellip;","og_url":"https:\/\/diariotextual.com\/inicio\/index.php\/2023\/07\/18\/los-asombrosos-viajes-de-zamba-y-nina-llega-a-la-pampa\/","og_site_name":"Diario Textual","article_publisher":"https:\/\/www.facebook.com\/eltextual","article_published_time":"2023-07-18T11:26:13+00:00","article_modified_time":"2023-07-18T20:45:03+00:00","og_image":[{"width":1200,"height":675,"url":"https:\/\/diariotextual.com\/inicio\/wp-content\/uploads\/2023\/07\/zambayninalosasombrososviajesdezambayninatelam2023-1.jpg","type":"image\/jpeg"}],"author":"Diario1 Diario1","twitter_card":"summary_large_image","twitter_creator":"@eltextual","twitter_site":"@eltextual","twitter_misc":{"Escrito por":"Diario1 Diario1","Tiempo de lectura":"2 minutos"},"schema":{"@context":"https:\/\/schema.org","@graph":[{"@type":"Article","@id":"https:\/\/diariotextual.com\/inicio\/index.php\/2023\/07\/18\/los-asombrosos-viajes-de-zamba-y-nina-llega-a-la-pampa\/#article","isPartOf":{"@id":"https:\/\/diariotextual.com\/inicio\/index.php\/2023\/07\/18\/los-asombrosos-viajes-de-zamba-y-nina-llega-a-la-pampa\/"},"author":{"name":"Diario1 Diario1","@id":"https:\/\/diariotextual.com\/inicio\/#\/schema\/person\/418fc4093c33e86ed41562db3508f958"},"headline":"Los asombrosos viajes de Zamba y Nina llega a La Pampa","datePublished":"2023-07-18T11:26:13+00:00","dateModified":"2023-07-18T20:45:03+00:00","mainEntityOfPage":{"@id":"https:\/\/diariotextual.com\/inicio\/index.php\/2023\/07\/18\/los-asombrosos-viajes-de-zamba-y-nina-llega-a-la-pampa\/"},"wordCount":314,"publisher":{"@id":"https:\/\/diariotextual.com\/inicio\/#organization"},"image":{"@id":"https:\/\/diariotextual.com\/inicio\/index.php\/2023\/07\/18\/los-asombrosos-viajes-de-zamba-y-nina-llega-a-la-pampa\/#primaryimage"},"thumbnailUrl":"https:\/\/diariotextual.com\/inicio\/wp-content\/uploads\/2023\/07\/zambayninalosasombrososviajesdezambayninatelam2023-1.jpg","articleSection":["A - ES NOTICIA (van abajo)","CULTURA"],"inLanguage":"es"},{"@type":"WebPage","@id":"https:\/\/diariotextual.com\/inicio\/index.php\/2023\/07\/18\/los-asombrosos-viajes-de-zamba-y-nina-llega-a-la-pampa\/","url":"https:\/\/diariotextual.com\/inicio\/index.php\/2023\/07\/18\/los-asombrosos-viajes-de-zamba-y-nina-llega-a-la-pampa\/","name":"Los asombrosos viajes de Zamba y Nina llega a La Pampa - Diario Textual","isPartOf":{"@id":"https:\/\/diariotextual.com\/inicio\/#website"},"primaryImageOfPage":{"@id":"https:\/\/diariotextual.com\/inicio\/index.php\/2023\/07\/18\/los-asombrosos-viajes-de-zamba-y-nina-llega-a-la-pampa\/#primaryimage"},"image":{"@id":"https:\/\/diariotextual.com\/inicio\/index.php\/2023\/07\/18\/los-asombrosos-viajes-de-zamba-y-nina-llega-a-la-pampa\/#primaryimage"},"thumbnailUrl":"https:\/\/diariotextual.com\/inicio\/wp-content\/uploads\/2023\/07\/zambayninalosasombrososviajesdezambayninatelam2023-1.jpg","datePublished":"2023-07-18T11:26:13+00:00","dateModified":"2023-07-18T20:45:03+00:00","breadcrumb":{"@id":"https:\/\/diariotextual.com\/inicio\/index.php\/2023\/07\/18\/los-asombrosos-viajes-de-zamba-y-nina-llega-a-la-pampa\/#breadcrumb"},"inLanguage":"es","potentialAction":[{"@type":"ReadAction","target":["https:\/\/diariotextual.com\/inicio\/index.php\/2023\/07\/18\/los-asombrosos-viajes-de-zamba-y-nina-llega-a-la-pampa\/"]}]},{"@type":"ImageObject","inLanguage":"es","@id":"https:\/\/diariotextual.com\/inicio\/index.php\/2023\/07\/18\/los-asombrosos-viajes-de-zamba-y-nina-llega-a-la-pampa\/#primaryimage","url":"https:\/\/diariotextual.com\/inicio\/wp-content\/uploads\/2023\/07\/zambayninalosasombrososviajesdezambayninatelam2023-1.jpg","contentUrl":"https:\/\/diariotextual.com\/inicio\/wp-content\/uploads\/2023\/07\/zambayninalosasombrososviajesdezambayninatelam2023-1.jpg","width":1200,"height":675},{"@type":"BreadcrumbList","@id":"https:\/\/diariotextual.com\/inicio\/index.php\/2023\/07\/18\/los-asombrosos-viajes-de-zamba-y-nina-llega-a-la-pampa\/#breadcrumb","itemListElement":[{"@type":"ListItem","position":1,"name":"Portada","item":"https:\/\/diariotextual.com\/inicio\/"},{"@type":"ListItem","position":2,"name":"Los asombrosos viajes de Zamba y Nina llega a La Pampa"}]},{"@type":"WebSite","@id":"https:\/\/diariotextual.com\/inicio\/#website","url":"https:\/\/diariotextual.com\/inicio\/","name":"Diario Textual","description":"","publisher":{"@id":"https:\/\/diariotextual.com\/inicio\/#organization"},"potentialAction":[{"@type":"SearchAction","target":{"@type":"EntryPoint","urlTemplate":"https:\/\/diariotextual.com\/inicio\/?s={search_term_string}"},"query-input":{"@type":"PropertyValueSpecification","valueRequired":true,"valueName":"search_term_string"}}],"inLanguage":"es"},{"@type":"Organization","@id":"https:\/\/diariotextual.com\/inicio\/#organization","name":"Diario Textual","url":"https:\/\/diariotextual.com\/inicio\/","logo":{"@type":"ImageObject","inLanguage":"es","@id":"https:\/\/diariotextual.com\/inicio\/#\/schema\/logo\/image\/","url":"https:\/\/diariotextual.com\/inicio\/wp-content\/uploads\/2023\/05\/logotextual1.jpg","contentUrl":"https:\/\/diariotextual.com\/inicio\/wp-content\/uploads\/2023\/05\/logotextual1.jpg","width":516,"height":76,"caption":"Diario Textual"},"image":{"@id":"https:\/\/diariotextual.com\/inicio\/#\/schema\/logo\/image\/"},"sameAs":["https:\/\/www.facebook.com\/eltextual","https:\/\/x.com\/eltextual","http:\/\/www.instagram.com\/eltextual"]},{"@type":"Person","@id":"https:\/\/diariotextual.com\/inicio\/#\/schema\/person\/418fc4093c33e86ed41562db3508f958","name":"Diario1 Diario1","image":{"@type":"ImageObject","inLanguage":"es","@id":"https:\/\/secure.gravatar.com\/avatar\/9167d280179c85bc18be67aa7eda765854300033af4896dd779b608640f2ef7a?s=96&d=mm&r=g","url":"https:\/\/secure.gravatar.com\/avatar\/9167d280179c85bc18be67aa7eda765854300033af4896dd779b608640f2ef7a?s=96&d=mm&r=g","contentUrl":"https:\/\/secure.gravatar.com\/avatar\/9167d280179c85bc18be67aa7eda765854300033af4896dd779b608640f2ef7a?s=96&d=mm&r=g","caption":"Diario1 Diario1"},"url":"https:\/\/diariotextual.com\/inicio\/index.php\/author\/diario1\/"}]}},"_links":{"self":[{"href":"https:\/\/diariotextual.com\/inicio\/index.php\/wp-json\/wp\/v2\/posts\/231254","targetHints":{"allow":["GET"]}}],"collection":[{"href":"https:\/\/diariotextual.com\/inicio\/index.php\/wp-json\/wp\/v2\/posts"}],"about":[{"href":"https:\/\/diariotextual.com\/inicio\/index.php\/wp-json\/wp\/v2\/types\/post"}],"author":[{"embeddable":true,"href":"https:\/\/diariotextual.com\/inicio\/index.php\/wp-json\/wp\/v2\/users\/3"}],"replies":[{"embeddable":true,"href":"https:\/\/diariotextual.com\/inicio\/index.php\/wp-json\/wp\/v2\/comments?post=231254"}],"version-history":[{"count":2,"href":"https:\/\/diariotextual.com\/inicio\/index.php\/wp-json\/wp\/v2\/posts\/231254\/revisions"}],"predecessor-version":[{"id":231257,"href":"https:\/\/diariotextual.com\/inicio\/index.php\/wp-json\/wp\/v2\/posts\/231254\/revisions\/231257"}],"wp:featuredmedia":[{"embeddable":true,"href":"https:\/\/diariotextual.com\/inicio\/index.php\/wp-json\/wp\/v2\/media\/231256"}],"wp:attachment":[{"href":"https:\/\/diariotextual.com\/inicio\/index.php\/wp-json\/wp\/v2\/media?parent=231254"}],"wp:term":[{"taxonomy":"category","embeddable":true,"href":"https:\/\/diariotextual.com\/inicio\/index.php\/wp-json\/wp\/v2\/categories?post=231254"},{"taxonomy":"post_tag","embeddable":true,"href":"https:\/\/diariotextual.com\/inicio\/index.php\/wp-json\/wp\/v2\/tags?post=231254"}],"curies":[{"name":"wp","href":"https:\/\/api.w.org\/{rel}","templated":true}]}}