{"id":231260,"date":"2023-07-18T12:46:03","date_gmt":"2023-07-18T15:46:03","guid":{"rendered":"https:\/\/diariotextual.com\/inicio\/?p=231260"},"modified":"2023-07-18T17:54:40","modified_gmt":"2023-07-18T20:54:40","slug":"vacaciones-las-actividades-en-el-museo-de-historia-natural","status":"publish","type":"post","link":"https:\/\/diariotextual.com\/inicio\/index.php\/2023\/07\/18\/vacaciones-las-actividades-en-el-museo-de-historia-natural\/","title":{"rendered":"Vacaciones: las actividades en el Museo de Historia Natural"},"content":{"rendered":"\n<p>Este mi\u00e9rcoles 19 de julio a las 19 horas&nbsp;el <strong>Museo Provincial de Historia Natural <\/strong>de la Secretar\u00eda de Cultura proyectar\u00e1 el largometraje animado \u201cAgua de Mandarina\u201d del realizador pampeano Waldo Rom\u00e1n Mart\u00ednez.<\/p>\n\n\n\n<p><a><\/a>Esta pel\u00edcula se sit\u00faa en un lugar semi\u00e1rido a orillas de un r\u00edo que es el \u00fanico sustento de una familia. Ellos viven rodeados de vida silvestre y en compa\u00f1\u00eda de su \u00e1rbol mandarino, pasando sus d\u00edas en total normalidad. Una ma\u00f1ana, la mano del&nbsp;hombre y su supuesto progreso, cambia sus vidas para siempre.<\/p>\n\n\n\n<p>Agua de Mandarina es un largometraje animado que relata una historia que puede suceder en cualquier lugar del planeta y a la que nadie deber\u00eda ser indiferente.<\/p>\n\n\n\n<p>El director del Museo, Daniel Pinc\u00e9n destac\u00f3 que \u201cpoder contar con esta producci\u00f3n audiovisual y proyectarlo por primera vez en La Pampa es un lindo privilegio que nos da gusto compartir. Waldo Mart\u00ednez, adem\u00e1s de un gran realizador, es una persona muy generosa y nos ha brindado la posibilidad de compartir esta producci\u00f3n en el Museo. La pel\u00edcula y la actividad est\u00e1n destinadas a j\u00f3venes de 16 a\u00f1os en adelante; y, adem\u00e1s, compartiremos tambi\u00e9n un caf\u00e9 calentito con masitas\u201d.<\/p>\n\n\n\n<div style=\"height:100px\" aria-hidden=\"true\" class=\"wp-block-spacer\"><\/div>\n\n\n\n<p><strong>Actividades en&nbsp;vacaciones de invierno<\/strong><\/p>\n\n\n\n<p>Lunes a viernes de 10 a 12 y de 15 a 17 horas.<\/p>\n\n\n\n<p>Bandada de Libros<\/p>\n\n\n\n<p>Compartimos un recorrido de lecturas cuya \u00fanica br\u00fajula ser\u00e1 una peque\u00f1a colecci\u00f3n de diferentes libros que desde lo visual, literario y metaf\u00f3rico vuelen, cuenten y exploren la vida (real e imaginaria) de las aves. Este recorrido nos llevar\u00e1 a conocer diferentes especies de aves de la fauna pampeana, reconocer distintos plumajes, personalidades, vuelos, nidos, libertades y cautiverios. De esta manera esperamos promover la empat\u00eda mediante el conocimiento, para de ese modo continuar con el proceso de erradicaci\u00f3n de artefactos que disparan proyectiles (gomeras, aires comprimidos, etc.) y de captura (jaulas, etc.). Al recibir esta informaci\u00f3n cient\u00edfica e inspirarnos en relatos y poes\u00edas nos adentraremos en la vida de las aves, sus h\u00e1bitos, su vida, para luego realizar caligramas y construcci\u00f3n de aves de cart\u00f3n que surjan de la imaginaci\u00f3n de los participantes.<\/p>\n\n\n\n<p>Sala:&nbsp;Auditorio<\/p>\n\n\n\n<p>Extensi\u00f3n:&nbsp;40\/60 minutos<\/p>\n\n\n\n<p>P\u00fablico\/Edades:&nbsp;de 7 a 12 a\u00f1os<\/p>\n\n\n\n<p>Inscripci\u00f3n:&nbsp;<a href=\"https:\/\/forms.gle\/riQcasfFPpisqC3M7\" target=\"_blank\" rel=\"noreferrer noopener\">https:\/\/forms.gle\/riQcasfFPpisqC3M7<\/a><\/p>\n\n\n\n<div style=\"height:100px\" aria-hidden=\"true\" class=\"wp-block-spacer\"><\/div>\n\n\n\n<p><strong>Momento de Relatos<\/strong><\/p>\n\n\n\n<p>Se compartir\u00e1n relatos sobre animales de la fauna pampeana sostenidos en la perspectiva y tradici\u00f3n oral de los Pueblos Originarios. Estos relatos nos muestran otra manera de relacionarnos con el Mundo Natural y sus habitantes. Nos ayudar\u00e1n a re-pensar nuestros v\u00ednculos con la Naturaleza y, al mismo tiempo, nos brindan la posibilidad de reconocer que todos nos podemos comunicar con los animales si los respetamos y valoramos su presencia. Luego de compartir los relatos, acompa\u00f1ados de los animales protagonistas de los mismos cada participante podr\u00e1 ilustrar el animal que m\u00e1s le guste.<\/p>\n\n\n\n<p>Sala:&nbsp;Espacio de Talleres<\/p>\n\n\n\n<p>Extensi\u00f3n:&nbsp;40\/60 minutos<\/p>\n\n\n\n<p>P\u00fablico\/Edades:&nbsp;de 7 a 12 a\u00f1os<\/p>\n\n\n\n<p>Inscripci\u00f3n:&nbsp;<a href=\"https:\/\/forms.gle\/yuqWQDTTYjBEYNR59\" target=\"_blank\" rel=\"noreferrer noopener\">https:\/\/forms.gle\/yuqWQDTTYjBEYNR59<\/a><\/p>\n\n\n\n<div style=\"height:100px\" aria-hidden=\"true\" class=\"wp-block-spacer\"><\/div>\n\n\n\n<p><strong>PaleoMemo<\/strong><\/p>\n\n\n\n<p>A trav\u00e9s de un juego de la memoria&nbsp;se&nbsp;realizar\u00e1&nbsp;un recorrido por el registro f\u00f3sil de La Pampa. Conoceremos distintos organismos f\u00f3siles que habitaron en nuestra provincia y el mundo que habitaron hace muchos millones de a\u00f1os atr\u00e1s. Aprenderemos qu\u00e9 antig\u00fcedad tiene cada uno, d\u00f3nde fueron encontrados y su importancia para la Paleontolog\u00eda.<\/p>\n\n\n\n<p>Sala:&nbsp;Hall central\/Auditorio<\/p>\n\n\n\n<p>Extensi\u00f3n:&nbsp;40\/60 minutos<\/p>\n\n\n\n<p>P\u00fablico\/Edades:&nbsp;9 a 12 a\u00f1os<\/p>\n\n\n\n<p>Inscripci\u00f3n:&nbsp;<a href=\"https:\/\/forms.gle\/LNUa7EUkRmKzj7tQ9\" target=\"_blank\" rel=\"noreferrer noopener\">https:\/\/forms.gle\/LNUa7EUkRmKzj7tQ9<\/a><\/p>\n\n\n\n<div style=\"height:100px\" aria-hidden=\"true\" class=\"wp-block-spacer\"><\/div>\n\n\n\n<p><strong>Pelis, Caf\u00e9 y Masitas<\/strong><\/p>\n\n\n\n<p>Descripci\u00f3n\/Objetivos:&nbsp;de martes a jueves&nbsp;se&nbsp;proyectan&nbsp;producciones audiovisuales de reconocidos realizadores pampeanos que tienen un largo recorrido en el mundo del cine. Los cortos y largometrajes seleccionados, si bien trabajan con diferentes t\u00e9cnicas, tienen una fuerte impronta y compromiso con la Naturaleza y Cultura de nuestra provincia. Con este marco y en compa\u00f1\u00eda de un rico caf\u00e9 (o mate) disfrutaremos y reflexionaremos sobre la situaci\u00f3n ambiental que vivimos en este presente.<\/p>\n\n\n\n<p>Sala:&nbsp;Auditorio<\/p>\n\n\n\n<p>Extensi\u00f3n:&nbsp;90 minutos<\/p>\n\n\n\n<p>P\u00fablico\/Edades:&nbsp;16 a\u00f1os en adelante<\/p>\n\n\n\n<p>Inscripci\u00f3n:&nbsp;<a href=\"https:\/\/forms.gle\/wVwATUg8ar5giLYP7\" target=\"_blank\" rel=\"noreferrer noopener\">https:\/\/forms.gle\/wVwATUg8ar5giLYP7<\/a><\/p>\n","protected":false},"excerpt":{"rendered":"<p>Este mi\u00e9rcoles 19 de julio a las 19 horas&nbsp;el Museo Provincial de Historia Natural de la Secretar\u00eda de Cultura proyectar\u00e1 el largometraje animado \u201cAgua de Mandarina\u201d del realizador pampeano Waldo&hellip;<\/p>\n","protected":false},"author":4,"featured_media":231294,"comment_status":"closed","ping_status":"open","sticky":false,"template":"","format":"standard","meta":{"_acf_changed":false,"footnotes":""},"categories":[1,2],"tags":[],"class_list":["post-231260","post","type-post","status-publish","format-standard","has-post-thumbnail","hentry","category-es-noticia","category-cultura"],"acf":[],"yoast_head":"<!-- This site is optimized with the Yoast SEO plugin v27.5 - https:\/\/yoast.com\/product\/yoast-seo-wordpress\/ -->\n<title>Vacaciones: las actividades en el Museo de Historia Natural - Diario Textual<\/title>\n<meta name=\"robots\" content=\"index, follow, max-snippet:-1, max-image-preview:large, max-video-preview:-1\" \/>\n<link rel=\"canonical\" href=\"https:\/\/diariotextual.com\/inicio\/index.php\/2023\/07\/18\/vacaciones-las-actividades-en-el-museo-de-historia-natural\/\" \/>\n<meta property=\"og:locale\" content=\"es_ES\" \/>\n<meta property=\"og:type\" content=\"article\" \/>\n<meta property=\"og:title\" content=\"Vacaciones: las actividades en el Museo de Historia Natural - Diario Textual\" \/>\n<meta property=\"og:description\" content=\"Este mi\u00e9rcoles 19 de julio a las 19 horas&nbsp;el Museo Provincial de Historia Natural de la Secretar\u00eda de Cultura proyectar\u00e1 el largometraje animado \u201cAgua de Mandarina\u201d del realizador pampeano Waldo&hellip;\" \/>\n<meta property=\"og:url\" content=\"https:\/\/diariotextual.com\/inicio\/index.php\/2023\/07\/18\/vacaciones-las-actividades-en-el-museo-de-historia-natural\/\" \/>\n<meta property=\"og:site_name\" content=\"Diario Textual\" \/>\n<meta property=\"article:publisher\" content=\"https:\/\/www.facebook.com\/eltextual\" \/>\n<meta property=\"article:published_time\" content=\"2023-07-18T15:46:03+00:00\" \/>\n<meta property=\"article:modified_time\" content=\"2023-07-18T20:54:40+00:00\" \/>\n<meta property=\"og:image\" content=\"https:\/\/diariotextual.com\/inicio\/wp-content\/uploads\/2023\/07\/museonaturalvacaciones567888.jpg\" \/>\n\t<meta property=\"og:image:width\" content=\"1000\" \/>\n\t<meta property=\"og:image:height\" content=\"563\" \/>\n\t<meta property=\"og:image:type\" content=\"image\/jpeg\" \/>\n<meta name=\"author\" content=\"diario2\" \/>\n<meta name=\"twitter:card\" content=\"summary_large_image\" \/>\n<meta name=\"twitter:creator\" content=\"@eltextual\" \/>\n<meta name=\"twitter:site\" content=\"@eltextual\" \/>\n<meta name=\"twitter:label1\" content=\"Escrito por\" \/>\n\t<meta name=\"twitter:data1\" content=\"diario2\" \/>\n\t<meta name=\"twitter:label2\" content=\"Tiempo de lectura\" \/>\n\t<meta name=\"twitter:data2\" content=\"3 minutos\" \/>\n<script type=\"application\/ld+json\" class=\"yoast-schema-graph\">{\"@context\":\"https:\\\/\\\/schema.org\",\"@graph\":[{\"@type\":\"Article\",\"@id\":\"https:\\\/\\\/diariotextual.com\\\/inicio\\\/index.php\\\/2023\\\/07\\\/18\\\/vacaciones-las-actividades-en-el-museo-de-historia-natural\\\/#article\",\"isPartOf\":{\"@id\":\"https:\\\/\\\/diariotextual.com\\\/inicio\\\/index.php\\\/2023\\\/07\\\/18\\\/vacaciones-las-actividades-en-el-museo-de-historia-natural\\\/\"},\"author\":{\"name\":\"diario2\",\"@id\":\"https:\\\/\\\/diariotextual.com\\\/inicio\\\/#\\\/schema\\\/person\\\/694f60677f23c4a530867a98f22b3768\"},\"headline\":\"Vacaciones: las actividades en el Museo de Historia Natural\",\"datePublished\":\"2023-07-18T15:46:03+00:00\",\"dateModified\":\"2023-07-18T20:54:40+00:00\",\"mainEntityOfPage\":{\"@id\":\"https:\\\/\\\/diariotextual.com\\\/inicio\\\/index.php\\\/2023\\\/07\\\/18\\\/vacaciones-las-actividades-en-el-museo-de-historia-natural\\\/\"},\"wordCount\":736,\"publisher\":{\"@id\":\"https:\\\/\\\/diariotextual.com\\\/inicio\\\/#organization\"},\"image\":{\"@id\":\"https:\\\/\\\/diariotextual.com\\\/inicio\\\/index.php\\\/2023\\\/07\\\/18\\\/vacaciones-las-actividades-en-el-museo-de-historia-natural\\\/#primaryimage\"},\"thumbnailUrl\":\"https:\\\/\\\/diariotextual.com\\\/inicio\\\/wp-content\\\/uploads\\\/2023\\\/07\\\/museonaturalvacaciones567888.jpg\",\"articleSection\":[\"A - ES NOTICIA (van abajo)\",\"CULTURA\"],\"inLanguage\":\"es\"},{\"@type\":\"WebPage\",\"@id\":\"https:\\\/\\\/diariotextual.com\\\/inicio\\\/index.php\\\/2023\\\/07\\\/18\\\/vacaciones-las-actividades-en-el-museo-de-historia-natural\\\/\",\"url\":\"https:\\\/\\\/diariotextual.com\\\/inicio\\\/index.php\\\/2023\\\/07\\\/18\\\/vacaciones-las-actividades-en-el-museo-de-historia-natural\\\/\",\"name\":\"Vacaciones: las actividades en el Museo de Historia Natural - Diario Textual\",\"isPartOf\":{\"@id\":\"https:\\\/\\\/diariotextual.com\\\/inicio\\\/#website\"},\"primaryImageOfPage\":{\"@id\":\"https:\\\/\\\/diariotextual.com\\\/inicio\\\/index.php\\\/2023\\\/07\\\/18\\\/vacaciones-las-actividades-en-el-museo-de-historia-natural\\\/#primaryimage\"},\"image\":{\"@id\":\"https:\\\/\\\/diariotextual.com\\\/inicio\\\/index.php\\\/2023\\\/07\\\/18\\\/vacaciones-las-actividades-en-el-museo-de-historia-natural\\\/#primaryimage\"},\"thumbnailUrl\":\"https:\\\/\\\/diariotextual.com\\\/inicio\\\/wp-content\\\/uploads\\\/2023\\\/07\\\/museonaturalvacaciones567888.jpg\",\"datePublished\":\"2023-07-18T15:46:03+00:00\",\"dateModified\":\"2023-07-18T20:54:40+00:00\",\"breadcrumb\":{\"@id\":\"https:\\\/\\\/diariotextual.com\\\/inicio\\\/index.php\\\/2023\\\/07\\\/18\\\/vacaciones-las-actividades-en-el-museo-de-historia-natural\\\/#breadcrumb\"},\"inLanguage\":\"es\",\"potentialAction\":[{\"@type\":\"ReadAction\",\"target\":[\"https:\\\/\\\/diariotextual.com\\\/inicio\\\/index.php\\\/2023\\\/07\\\/18\\\/vacaciones-las-actividades-en-el-museo-de-historia-natural\\\/\"]}]},{\"@type\":\"ImageObject\",\"inLanguage\":\"es\",\"@id\":\"https:\\\/\\\/diariotextual.com\\\/inicio\\\/index.php\\\/2023\\\/07\\\/18\\\/vacaciones-las-actividades-en-el-museo-de-historia-natural\\\/#primaryimage\",\"url\":\"https:\\\/\\\/diariotextual.com\\\/inicio\\\/wp-content\\\/uploads\\\/2023\\\/07\\\/museonaturalvacaciones567888.jpg\",\"contentUrl\":\"https:\\\/\\\/diariotextual.com\\\/inicio\\\/wp-content\\\/uploads\\\/2023\\\/07\\\/museonaturalvacaciones567888.jpg\",\"width\":1000,\"height\":563},{\"@type\":\"BreadcrumbList\",\"@id\":\"https:\\\/\\\/diariotextual.com\\\/inicio\\\/index.php\\\/2023\\\/07\\\/18\\\/vacaciones-las-actividades-en-el-museo-de-historia-natural\\\/#breadcrumb\",\"itemListElement\":[{\"@type\":\"ListItem\",\"position\":1,\"name\":\"Portada\",\"item\":\"https:\\\/\\\/diariotextual.com\\\/inicio\\\/\"},{\"@type\":\"ListItem\",\"position\":2,\"name\":\"Vacaciones: las actividades en el Museo de Historia Natural\"}]},{\"@type\":\"WebSite\",\"@id\":\"https:\\\/\\\/diariotextual.com\\\/inicio\\\/#website\",\"url\":\"https:\\\/\\\/diariotextual.com\\\/inicio\\\/\",\"name\":\"Diario Textual\",\"description\":\"\",\"publisher\":{\"@id\":\"https:\\\/\\\/diariotextual.com\\\/inicio\\\/#organization\"},\"potentialAction\":[{\"@type\":\"SearchAction\",\"target\":{\"@type\":\"EntryPoint\",\"urlTemplate\":\"https:\\\/\\\/diariotextual.com\\\/inicio\\\/?s={search_term_string}\"},\"query-input\":{\"@type\":\"PropertyValueSpecification\",\"valueRequired\":true,\"valueName\":\"search_term_string\"}}],\"inLanguage\":\"es\"},{\"@type\":\"Organization\",\"@id\":\"https:\\\/\\\/diariotextual.com\\\/inicio\\\/#organization\",\"name\":\"Diario Textual\",\"url\":\"https:\\\/\\\/diariotextual.com\\\/inicio\\\/\",\"logo\":{\"@type\":\"ImageObject\",\"inLanguage\":\"es\",\"@id\":\"https:\\\/\\\/diariotextual.com\\\/inicio\\\/#\\\/schema\\\/logo\\\/image\\\/\",\"url\":\"https:\\\/\\\/diariotextual.com\\\/inicio\\\/wp-content\\\/uploads\\\/2023\\\/05\\\/logotextual1.jpg\",\"contentUrl\":\"https:\\\/\\\/diariotextual.com\\\/inicio\\\/wp-content\\\/uploads\\\/2023\\\/05\\\/logotextual1.jpg\",\"width\":516,\"height\":76,\"caption\":\"Diario Textual\"},\"image\":{\"@id\":\"https:\\\/\\\/diariotextual.com\\\/inicio\\\/#\\\/schema\\\/logo\\\/image\\\/\"},\"sameAs\":[\"https:\\\/\\\/www.facebook.com\\\/eltextual\",\"https:\\\/\\\/x.com\\\/eltextual\",\"http:\\\/\\\/www.instagram.com\\\/eltextual\"]},{\"@type\":\"Person\",\"@id\":\"https:\\\/\\\/diariotextual.com\\\/inicio\\\/#\\\/schema\\\/person\\\/694f60677f23c4a530867a98f22b3768\",\"name\":\"diario2\",\"image\":{\"@type\":\"ImageObject\",\"inLanguage\":\"es\",\"@id\":\"https:\\\/\\\/secure.gravatar.com\\\/avatar\\\/5a2567495ba16b852fcd8f1ed006a2e24fcace936018ed8237e95f488ad6e0a7?s=96&d=mm&r=g\",\"url\":\"https:\\\/\\\/secure.gravatar.com\\\/avatar\\\/5a2567495ba16b852fcd8f1ed006a2e24fcace936018ed8237e95f488ad6e0a7?s=96&d=mm&r=g\",\"contentUrl\":\"https:\\\/\\\/secure.gravatar.com\\\/avatar\\\/5a2567495ba16b852fcd8f1ed006a2e24fcace936018ed8237e95f488ad6e0a7?s=96&d=mm&r=g\",\"caption\":\"diario2\"},\"url\":\"https:\\\/\\\/diariotextual.com\\\/inicio\\\/index.php\\\/author\\\/diario2\\\/\"}]}<\/script>\n<!-- \/ Yoast SEO plugin. -->","yoast_head_json":{"title":"Vacaciones: las actividades en el Museo de Historia Natural - Diario Textual","robots":{"index":"index","follow":"follow","max-snippet":"max-snippet:-1","max-image-preview":"max-image-preview:large","max-video-preview":"max-video-preview:-1"},"canonical":"https:\/\/diariotextual.com\/inicio\/index.php\/2023\/07\/18\/vacaciones-las-actividades-en-el-museo-de-historia-natural\/","og_locale":"es_ES","og_type":"article","og_title":"Vacaciones: las actividades en el Museo de Historia Natural - Diario Textual","og_description":"Este mi\u00e9rcoles 19 de julio a las 19 horas&nbsp;el Museo Provincial de Historia Natural de la Secretar\u00eda de Cultura proyectar\u00e1 el largometraje animado \u201cAgua de Mandarina\u201d del realizador pampeano Waldo&hellip;","og_url":"https:\/\/diariotextual.com\/inicio\/index.php\/2023\/07\/18\/vacaciones-las-actividades-en-el-museo-de-historia-natural\/","og_site_name":"Diario Textual","article_publisher":"https:\/\/www.facebook.com\/eltextual","article_published_time":"2023-07-18T15:46:03+00:00","article_modified_time":"2023-07-18T20:54:40+00:00","og_image":[{"width":1000,"height":563,"url":"https:\/\/diariotextual.com\/inicio\/wp-content\/uploads\/2023\/07\/museonaturalvacaciones567888.jpg","type":"image\/jpeg"}],"author":"diario2","twitter_card":"summary_large_image","twitter_creator":"@eltextual","twitter_site":"@eltextual","twitter_misc":{"Escrito por":"diario2","Tiempo de lectura":"3 minutos"},"schema":{"@context":"https:\/\/schema.org","@graph":[{"@type":"Article","@id":"https:\/\/diariotextual.com\/inicio\/index.php\/2023\/07\/18\/vacaciones-las-actividades-en-el-museo-de-historia-natural\/#article","isPartOf":{"@id":"https:\/\/diariotextual.com\/inicio\/index.php\/2023\/07\/18\/vacaciones-las-actividades-en-el-museo-de-historia-natural\/"},"author":{"name":"diario2","@id":"https:\/\/diariotextual.com\/inicio\/#\/schema\/person\/694f60677f23c4a530867a98f22b3768"},"headline":"Vacaciones: las actividades en el Museo de Historia Natural","datePublished":"2023-07-18T15:46:03+00:00","dateModified":"2023-07-18T20:54:40+00:00","mainEntityOfPage":{"@id":"https:\/\/diariotextual.com\/inicio\/index.php\/2023\/07\/18\/vacaciones-las-actividades-en-el-museo-de-historia-natural\/"},"wordCount":736,"publisher":{"@id":"https:\/\/diariotextual.com\/inicio\/#organization"},"image":{"@id":"https:\/\/diariotextual.com\/inicio\/index.php\/2023\/07\/18\/vacaciones-las-actividades-en-el-museo-de-historia-natural\/#primaryimage"},"thumbnailUrl":"https:\/\/diariotextual.com\/inicio\/wp-content\/uploads\/2023\/07\/museonaturalvacaciones567888.jpg","articleSection":["A - ES NOTICIA (van abajo)","CULTURA"],"inLanguage":"es"},{"@type":"WebPage","@id":"https:\/\/diariotextual.com\/inicio\/index.php\/2023\/07\/18\/vacaciones-las-actividades-en-el-museo-de-historia-natural\/","url":"https:\/\/diariotextual.com\/inicio\/index.php\/2023\/07\/18\/vacaciones-las-actividades-en-el-museo-de-historia-natural\/","name":"Vacaciones: las actividades en el Museo de Historia Natural - Diario Textual","isPartOf":{"@id":"https:\/\/diariotextual.com\/inicio\/#website"},"primaryImageOfPage":{"@id":"https:\/\/diariotextual.com\/inicio\/index.php\/2023\/07\/18\/vacaciones-las-actividades-en-el-museo-de-historia-natural\/#primaryimage"},"image":{"@id":"https:\/\/diariotextual.com\/inicio\/index.php\/2023\/07\/18\/vacaciones-las-actividades-en-el-museo-de-historia-natural\/#primaryimage"},"thumbnailUrl":"https:\/\/diariotextual.com\/inicio\/wp-content\/uploads\/2023\/07\/museonaturalvacaciones567888.jpg","datePublished":"2023-07-18T15:46:03+00:00","dateModified":"2023-07-18T20:54:40+00:00","breadcrumb":{"@id":"https:\/\/diariotextual.com\/inicio\/index.php\/2023\/07\/18\/vacaciones-las-actividades-en-el-museo-de-historia-natural\/#breadcrumb"},"inLanguage":"es","potentialAction":[{"@type":"ReadAction","target":["https:\/\/diariotextual.com\/inicio\/index.php\/2023\/07\/18\/vacaciones-las-actividades-en-el-museo-de-historia-natural\/"]}]},{"@type":"ImageObject","inLanguage":"es","@id":"https:\/\/diariotextual.com\/inicio\/index.php\/2023\/07\/18\/vacaciones-las-actividades-en-el-museo-de-historia-natural\/#primaryimage","url":"https:\/\/diariotextual.com\/inicio\/wp-content\/uploads\/2023\/07\/museonaturalvacaciones567888.jpg","contentUrl":"https:\/\/diariotextual.com\/inicio\/wp-content\/uploads\/2023\/07\/museonaturalvacaciones567888.jpg","width":1000,"height":563},{"@type":"BreadcrumbList","@id":"https:\/\/diariotextual.com\/inicio\/index.php\/2023\/07\/18\/vacaciones-las-actividades-en-el-museo-de-historia-natural\/#breadcrumb","itemListElement":[{"@type":"ListItem","position":1,"name":"Portada","item":"https:\/\/diariotextual.com\/inicio\/"},{"@type":"ListItem","position":2,"name":"Vacaciones: las actividades en el Museo de Historia Natural"}]},{"@type":"WebSite","@id":"https:\/\/diariotextual.com\/inicio\/#website","url":"https:\/\/diariotextual.com\/inicio\/","name":"Diario Textual","description":"","publisher":{"@id":"https:\/\/diariotextual.com\/inicio\/#organization"},"potentialAction":[{"@type":"SearchAction","target":{"@type":"EntryPoint","urlTemplate":"https:\/\/diariotextual.com\/inicio\/?s={search_term_string}"},"query-input":{"@type":"PropertyValueSpecification","valueRequired":true,"valueName":"search_term_string"}}],"inLanguage":"es"},{"@type":"Organization","@id":"https:\/\/diariotextual.com\/inicio\/#organization","name":"Diario Textual","url":"https:\/\/diariotextual.com\/inicio\/","logo":{"@type":"ImageObject","inLanguage":"es","@id":"https:\/\/diariotextual.com\/inicio\/#\/schema\/logo\/image\/","url":"https:\/\/diariotextual.com\/inicio\/wp-content\/uploads\/2023\/05\/logotextual1.jpg","contentUrl":"https:\/\/diariotextual.com\/inicio\/wp-content\/uploads\/2023\/05\/logotextual1.jpg","width":516,"height":76,"caption":"Diario Textual"},"image":{"@id":"https:\/\/diariotextual.com\/inicio\/#\/schema\/logo\/image\/"},"sameAs":["https:\/\/www.facebook.com\/eltextual","https:\/\/x.com\/eltextual","http:\/\/www.instagram.com\/eltextual"]},{"@type":"Person","@id":"https:\/\/diariotextual.com\/inicio\/#\/schema\/person\/694f60677f23c4a530867a98f22b3768","name":"diario2","image":{"@type":"ImageObject","inLanguage":"es","@id":"https:\/\/secure.gravatar.com\/avatar\/5a2567495ba16b852fcd8f1ed006a2e24fcace936018ed8237e95f488ad6e0a7?s=96&d=mm&r=g","url":"https:\/\/secure.gravatar.com\/avatar\/5a2567495ba16b852fcd8f1ed006a2e24fcace936018ed8237e95f488ad6e0a7?s=96&d=mm&r=g","contentUrl":"https:\/\/secure.gravatar.com\/avatar\/5a2567495ba16b852fcd8f1ed006a2e24fcace936018ed8237e95f488ad6e0a7?s=96&d=mm&r=g","caption":"diario2"},"url":"https:\/\/diariotextual.com\/inicio\/index.php\/author\/diario2\/"}]}},"_links":{"self":[{"href":"https:\/\/diariotextual.com\/inicio\/index.php\/wp-json\/wp\/v2\/posts\/231260","targetHints":{"allow":["GET"]}}],"collection":[{"href":"https:\/\/diariotextual.com\/inicio\/index.php\/wp-json\/wp\/v2\/posts"}],"about":[{"href":"https:\/\/diariotextual.com\/inicio\/index.php\/wp-json\/wp\/v2\/types\/post"}],"author":[{"embeddable":true,"href":"https:\/\/diariotextual.com\/inicio\/index.php\/wp-json\/wp\/v2\/users\/4"}],"replies":[{"embeddable":true,"href":"https:\/\/diariotextual.com\/inicio\/index.php\/wp-json\/wp\/v2\/comments?post=231260"}],"version-history":[{"count":3,"href":"https:\/\/diariotextual.com\/inicio\/index.php\/wp-json\/wp\/v2\/posts\/231260\/revisions"}],"predecessor-version":[{"id":231295,"href":"https:\/\/diariotextual.com\/inicio\/index.php\/wp-json\/wp\/v2\/posts\/231260\/revisions\/231295"}],"wp:featuredmedia":[{"embeddable":true,"href":"https:\/\/diariotextual.com\/inicio\/index.php\/wp-json\/wp\/v2\/media\/231294"}],"wp:attachment":[{"href":"https:\/\/diariotextual.com\/inicio\/index.php\/wp-json\/wp\/v2\/media?parent=231260"}],"wp:term":[{"taxonomy":"category","embeddable":true,"href":"https:\/\/diariotextual.com\/inicio\/index.php\/wp-json\/wp\/v2\/categories?post=231260"},{"taxonomy":"post_tag","embeddable":true,"href":"https:\/\/diariotextual.com\/inicio\/index.php\/wp-json\/wp\/v2\/tags?post=231260"}],"curies":[{"name":"wp","href":"https:\/\/api.w.org\/{rel}","templated":true}]}}