{"id":231279,"date":"2023-07-18T13:26:00","date_gmt":"2023-07-18T16:26:00","guid":{"rendered":"https:\/\/diariotextual.com\/inicio\/?p=231279"},"modified":"2023-07-18T13:26:53","modified_gmt":"2023-07-18T16:26:53","slug":"historico-amistoso-entre-la-seleccion-argentina-de-futbol-femenino-sub-17-y-la-primera-division-del-club-all-boys","status":"publish","type":"post","link":"https:\/\/diariotextual.com\/inicio\/index.php\/2023\/07\/18\/historico-amistoso-entre-la-seleccion-argentina-de-futbol-femenino-sub-17-y-la-primera-division-del-club-all-boys\/","title":{"rendered":"Hist\u00f3rico amistoso entre la Selecci\u00f3n argentina Sub 17 y la primera divisi\u00f3n del club All Boys"},"content":{"rendered":"\n<p><strong>La Selecci\u00f3n argentina de f\u00fatbol femenino Sub 17<\/strong> visitar\u00e1 este fin de semana la ciudad de Santa Rosa para disputar la Copa Concejo Deliberante, frente a la<strong> primera divisi\u00f3n femenina del Club All Boys<\/strong>. El encuentro se disputar\u00e1 el s\u00e1bado 22 de julio, desde las 15.30, en el estadio Doctor Ram\u00f3n Turnes.<\/p>\n\n\n\n<p>El hist\u00f3rico amistoso se dar\u00e1 en el marco de los festejos por los 100 a\u00f1os de vida de la instituci\u00f3n alboyense y cuenta con el apoyo del cuerpo deliberativo de esta ciudad.<\/p>\n\n\n\n<p>Este partido, adem\u00e1s, servir\u00e1 de preparaci\u00f3n del seleccionado nacional (cuya visita fue declarada de inter\u00e9s municipal recientemente), que representar\u00e1 a nuestro pa\u00eds en el campeonato Sudamericano que se realizar\u00e1 el pr\u00f3ximo a\u00f1o.<\/p>\n\n\n\n<p>Tendr\u00e1n entrada libre y gratuita las futbolistas de los distintos clubes que participan del Torneo Oficial de la Liga Cultural de F\u00fatbol, como as\u00ed tambi\u00e9n las personas menores de 18 a\u00f1os (en ambos casos con acceso a la popular). En tanto, las entradas generales tendr\u00e1n un valor de $500, mientras que quienes vayan a platea abonar\u00e1n $1.000.<\/p>\n\n\n\n<p><strong>El seleccionado, que cuenta entre sus filas con la futbolista de All Boys Agustina Maldonado<\/strong>, arribar\u00e1 a la ciudad el viernes, donde realizar\u00e1 una pr\u00e1ctica formal, para luego llevar adelante diferentes actividades.<\/p>\n\n\n\n<div style=\"height:100px\" aria-hidden=\"true\" class=\"wp-block-spacer\"><\/div>\n\n\n\n<p><strong>Charla en el concejo<\/strong><\/p>\n\n\n\n<p>Este viernes 21, desde las 18, el cuerpo t\u00e9cnico de Argentina dar\u00e1 una charla abierta a todo el p\u00fablico en el recinto del Concejo Deliberante santarrose\u00f1o (Avenida San Mart\u00edn n\u00b050, primer piso).<\/p>\n\n\n\n<p>La misma contar\u00e1 con la disertaci\u00f3n del entrenador del Sub 17, Christian Meloni; el preparador f\u00edsico, Gabriel Denava; y el coordinador del seleccionado, N\u00e9stor Calvi\u00f1o, y se centrar\u00e1 en el m\u00e9todo de entrenamiento.<\/p>\n\n\n\n<div style=\"height:100px\" aria-hidden=\"true\" class=\"wp-block-spacer\"><\/div>\n\n\n\n<p><strong>Visor\u00eda <\/strong><\/p>\n\n\n\n<p>Dentro de las acciones a realizar en la provincia, el cuerpo t\u00e9cnico del seleccionado argentino llevar\u00e1 a cabo una visor\u00eda de jugadoras de las categor\u00edas Sub 14 y Sub 16. La misma tendr\u00e1 lugar el s\u00e1bado desde las 9 en el Complejo Horacio del Campo de Toay.<\/p>\n","protected":false},"excerpt":{"rendered":"<p>La Selecci\u00f3n argentina de f\u00fatbol femenino Sub 17 visitar\u00e1 este fin de semana la ciudad de Santa Rosa para disputar la Copa Concejo Deliberante, frente a la primera divisi\u00f3n femenina&hellip;<\/p>\n","protected":false},"author":4,"featured_media":231280,"comment_status":"closed","ping_status":"open","sticky":false,"template":"","format":"standard","meta":{"_acf_changed":false,"footnotes":""},"categories":[1,3],"tags":[],"class_list":["post-231279","post","type-post","status-publish","format-standard","has-post-thumbnail","hentry","category-es-noticia","category-deportes"],"acf":[],"yoast_head":"<!-- This site is optimized with the Yoast SEO plugin v27.5 - https:\/\/yoast.com\/product\/yoast-seo-wordpress\/ -->\n<title>Hist\u00f3rico amistoso entre la Selecci\u00f3n argentina Sub 17 y la primera divisi\u00f3n del club All Boys - Diario Textual<\/title>\n<meta name=\"robots\" content=\"index, follow, max-snippet:-1, max-image-preview:large, max-video-preview:-1\" \/>\n<link rel=\"canonical\" href=\"https:\/\/diariotextual.com\/inicio\/index.php\/2023\/07\/18\/historico-amistoso-entre-la-seleccion-argentina-de-futbol-femenino-sub-17-y-la-primera-division-del-club-all-boys\/\" \/>\n<meta property=\"og:locale\" content=\"es_ES\" \/>\n<meta property=\"og:type\" content=\"article\" \/>\n<meta property=\"og:title\" content=\"Hist\u00f3rico amistoso entre la Selecci\u00f3n argentina Sub 17 y la primera divisi\u00f3n del club All Boys - Diario Textual\" \/>\n<meta property=\"og:description\" content=\"La Selecci\u00f3n argentina de f\u00fatbol femenino Sub 17 visitar\u00e1 este fin de semana la ciudad de Santa Rosa para disputar la Copa Concejo Deliberante, frente a la primera divisi\u00f3n femenina&hellip;\" \/>\n<meta property=\"og:url\" content=\"https:\/\/diariotextual.com\/inicio\/index.php\/2023\/07\/18\/historico-amistoso-entre-la-seleccion-argentina-de-futbol-femenino-sub-17-y-la-primera-division-del-club-all-boys\/\" \/>\n<meta property=\"og:site_name\" content=\"Diario Textual\" \/>\n<meta property=\"article:publisher\" content=\"https:\/\/www.facebook.com\/eltextual\" \/>\n<meta property=\"article:published_time\" content=\"2023-07-18T16:26:00+00:00\" \/>\n<meta property=\"article:modified_time\" content=\"2023-07-18T16:26:53+00:00\" \/>\n<meta property=\"og:image\" content=\"https:\/\/diariotextual.com\/inicio\/wp-content\/uploads\/2023\/07\/seleccionsub17argentinafem.jpg\" \/>\n\t<meta property=\"og:image:width\" content=\"618\" \/>\n\t<meta property=\"og:image:height\" content=\"356\" \/>\n\t<meta property=\"og:image:type\" content=\"image\/jpeg\" \/>\n<meta name=\"author\" content=\"diario2\" \/>\n<meta name=\"twitter:card\" content=\"summary_large_image\" \/>\n<meta name=\"twitter:creator\" content=\"@eltextual\" \/>\n<meta name=\"twitter:site\" content=\"@eltextual\" \/>\n<meta name=\"twitter:label1\" content=\"Escrito por\" \/>\n\t<meta name=\"twitter:data1\" content=\"diario2\" \/>\n\t<meta name=\"twitter:label2\" content=\"Tiempo de lectura\" \/>\n\t<meta name=\"twitter:data2\" content=\"2 minutos\" \/>\n<script type=\"application\/ld+json\" class=\"yoast-schema-graph\">{\"@context\":\"https:\\\/\\\/schema.org\",\"@graph\":[{\"@type\":\"Article\",\"@id\":\"https:\\\/\\\/diariotextual.com\\\/inicio\\\/index.php\\\/2023\\\/07\\\/18\\\/historico-amistoso-entre-la-seleccion-argentina-de-futbol-femenino-sub-17-y-la-primera-division-del-club-all-boys\\\/#article\",\"isPartOf\":{\"@id\":\"https:\\\/\\\/diariotextual.com\\\/inicio\\\/index.php\\\/2023\\\/07\\\/18\\\/historico-amistoso-entre-la-seleccion-argentina-de-futbol-femenino-sub-17-y-la-primera-division-del-club-all-boys\\\/\"},\"author\":{\"name\":\"diario2\",\"@id\":\"https:\\\/\\\/diariotextual.com\\\/inicio\\\/#\\\/schema\\\/person\\\/694f60677f23c4a530867a98f22b3768\"},\"headline\":\"Hist\u00f3rico amistoso entre la Selecci\u00f3n argentina Sub 17 y la primera divisi\u00f3n del club All Boys\",\"datePublished\":\"2023-07-18T16:26:00+00:00\",\"dateModified\":\"2023-07-18T16:26:53+00:00\",\"mainEntityOfPage\":{\"@id\":\"https:\\\/\\\/diariotextual.com\\\/inicio\\\/index.php\\\/2023\\\/07\\\/18\\\/historico-amistoso-entre-la-seleccion-argentina-de-futbol-femenino-sub-17-y-la-primera-division-del-club-all-boys\\\/\"},\"wordCount\":362,\"publisher\":{\"@id\":\"https:\\\/\\\/diariotextual.com\\\/inicio\\\/#organization\"},\"image\":{\"@id\":\"https:\\\/\\\/diariotextual.com\\\/inicio\\\/index.php\\\/2023\\\/07\\\/18\\\/historico-amistoso-entre-la-seleccion-argentina-de-futbol-femenino-sub-17-y-la-primera-division-del-club-all-boys\\\/#primaryimage\"},\"thumbnailUrl\":\"https:\\\/\\\/diariotextual.com\\\/inicio\\\/wp-content\\\/uploads\\\/2023\\\/07\\\/seleccionsub17argentinafem.jpg\",\"articleSection\":[\"A - ES NOTICIA (van abajo)\",\"DEPORTES\"],\"inLanguage\":\"es\"},{\"@type\":\"WebPage\",\"@id\":\"https:\\\/\\\/diariotextual.com\\\/inicio\\\/index.php\\\/2023\\\/07\\\/18\\\/historico-amistoso-entre-la-seleccion-argentina-de-futbol-femenino-sub-17-y-la-primera-division-del-club-all-boys\\\/\",\"url\":\"https:\\\/\\\/diariotextual.com\\\/inicio\\\/index.php\\\/2023\\\/07\\\/18\\\/historico-amistoso-entre-la-seleccion-argentina-de-futbol-femenino-sub-17-y-la-primera-division-del-club-all-boys\\\/\",\"name\":\"Hist\u00f3rico amistoso entre la Selecci\u00f3n argentina Sub 17 y la primera divisi\u00f3n del club All Boys - Diario Textual\",\"isPartOf\":{\"@id\":\"https:\\\/\\\/diariotextual.com\\\/inicio\\\/#website\"},\"primaryImageOfPage\":{\"@id\":\"https:\\\/\\\/diariotextual.com\\\/inicio\\\/index.php\\\/2023\\\/07\\\/18\\\/historico-amistoso-entre-la-seleccion-argentina-de-futbol-femenino-sub-17-y-la-primera-division-del-club-all-boys\\\/#primaryimage\"},\"image\":{\"@id\":\"https:\\\/\\\/diariotextual.com\\\/inicio\\\/index.php\\\/2023\\\/07\\\/18\\\/historico-amistoso-entre-la-seleccion-argentina-de-futbol-femenino-sub-17-y-la-primera-division-del-club-all-boys\\\/#primaryimage\"},\"thumbnailUrl\":\"https:\\\/\\\/diariotextual.com\\\/inicio\\\/wp-content\\\/uploads\\\/2023\\\/07\\\/seleccionsub17argentinafem.jpg\",\"datePublished\":\"2023-07-18T16:26:00+00:00\",\"dateModified\":\"2023-07-18T16:26:53+00:00\",\"breadcrumb\":{\"@id\":\"https:\\\/\\\/diariotextual.com\\\/inicio\\\/index.php\\\/2023\\\/07\\\/18\\\/historico-amistoso-entre-la-seleccion-argentina-de-futbol-femenino-sub-17-y-la-primera-division-del-club-all-boys\\\/#breadcrumb\"},\"inLanguage\":\"es\",\"potentialAction\":[{\"@type\":\"ReadAction\",\"target\":[\"https:\\\/\\\/diariotextual.com\\\/inicio\\\/index.php\\\/2023\\\/07\\\/18\\\/historico-amistoso-entre-la-seleccion-argentina-de-futbol-femenino-sub-17-y-la-primera-division-del-club-all-boys\\\/\"]}]},{\"@type\":\"ImageObject\",\"inLanguage\":\"es\",\"@id\":\"https:\\\/\\\/diariotextual.com\\\/inicio\\\/index.php\\\/2023\\\/07\\\/18\\\/historico-amistoso-entre-la-seleccion-argentina-de-futbol-femenino-sub-17-y-la-primera-division-del-club-all-boys\\\/#primaryimage\",\"url\":\"https:\\\/\\\/diariotextual.com\\\/inicio\\\/wp-content\\\/uploads\\\/2023\\\/07\\\/seleccionsub17argentinafem.jpg\",\"contentUrl\":\"https:\\\/\\\/diariotextual.com\\\/inicio\\\/wp-content\\\/uploads\\\/2023\\\/07\\\/seleccionsub17argentinafem.jpg\",\"width\":618,\"height\":356},{\"@type\":\"BreadcrumbList\",\"@id\":\"https:\\\/\\\/diariotextual.com\\\/inicio\\\/index.php\\\/2023\\\/07\\\/18\\\/historico-amistoso-entre-la-seleccion-argentina-de-futbol-femenino-sub-17-y-la-primera-division-del-club-all-boys\\\/#breadcrumb\",\"itemListElement\":[{\"@type\":\"ListItem\",\"position\":1,\"name\":\"Portada\",\"item\":\"https:\\\/\\\/diariotextual.com\\\/inicio\\\/\"},{\"@type\":\"ListItem\",\"position\":2,\"name\":\"Hist\u00f3rico amistoso entre la Selecci\u00f3n argentina Sub 17 y la primera divisi\u00f3n del club All Boys\"}]},{\"@type\":\"WebSite\",\"@id\":\"https:\\\/\\\/diariotextual.com\\\/inicio\\\/#website\",\"url\":\"https:\\\/\\\/diariotextual.com\\\/inicio\\\/\",\"name\":\"Diario Textual\",\"description\":\"\",\"publisher\":{\"@id\":\"https:\\\/\\\/diariotextual.com\\\/inicio\\\/#organization\"},\"potentialAction\":[{\"@type\":\"SearchAction\",\"target\":{\"@type\":\"EntryPoint\",\"urlTemplate\":\"https:\\\/\\\/diariotextual.com\\\/inicio\\\/?s={search_term_string}\"},\"query-input\":{\"@type\":\"PropertyValueSpecification\",\"valueRequired\":true,\"valueName\":\"search_term_string\"}}],\"inLanguage\":\"es\"},{\"@type\":\"Organization\",\"@id\":\"https:\\\/\\\/diariotextual.com\\\/inicio\\\/#organization\",\"name\":\"Diario Textual\",\"url\":\"https:\\\/\\\/diariotextual.com\\\/inicio\\\/\",\"logo\":{\"@type\":\"ImageObject\",\"inLanguage\":\"es\",\"@id\":\"https:\\\/\\\/diariotextual.com\\\/inicio\\\/#\\\/schema\\\/logo\\\/image\\\/\",\"url\":\"https:\\\/\\\/diariotextual.com\\\/inicio\\\/wp-content\\\/uploads\\\/2023\\\/05\\\/logotextual1.jpg\",\"contentUrl\":\"https:\\\/\\\/diariotextual.com\\\/inicio\\\/wp-content\\\/uploads\\\/2023\\\/05\\\/logotextual1.jpg\",\"width\":516,\"height\":76,\"caption\":\"Diario Textual\"},\"image\":{\"@id\":\"https:\\\/\\\/diariotextual.com\\\/inicio\\\/#\\\/schema\\\/logo\\\/image\\\/\"},\"sameAs\":[\"https:\\\/\\\/www.facebook.com\\\/eltextual\",\"https:\\\/\\\/x.com\\\/eltextual\",\"http:\\\/\\\/www.instagram.com\\\/eltextual\"]},{\"@type\":\"Person\",\"@id\":\"https:\\\/\\\/diariotextual.com\\\/inicio\\\/#\\\/schema\\\/person\\\/694f60677f23c4a530867a98f22b3768\",\"name\":\"diario2\",\"image\":{\"@type\":\"ImageObject\",\"inLanguage\":\"es\",\"@id\":\"https:\\\/\\\/secure.gravatar.com\\\/avatar\\\/5a2567495ba16b852fcd8f1ed006a2e24fcace936018ed8237e95f488ad6e0a7?s=96&d=mm&r=g\",\"url\":\"https:\\\/\\\/secure.gravatar.com\\\/avatar\\\/5a2567495ba16b852fcd8f1ed006a2e24fcace936018ed8237e95f488ad6e0a7?s=96&d=mm&r=g\",\"contentUrl\":\"https:\\\/\\\/secure.gravatar.com\\\/avatar\\\/5a2567495ba16b852fcd8f1ed006a2e24fcace936018ed8237e95f488ad6e0a7?s=96&d=mm&r=g\",\"caption\":\"diario2\"},\"url\":\"https:\\\/\\\/diariotextual.com\\\/inicio\\\/index.php\\\/author\\\/diario2\\\/\"}]}<\/script>\n<!-- \/ Yoast SEO plugin. -->","yoast_head_json":{"title":"Hist\u00f3rico amistoso entre la Selecci\u00f3n argentina Sub 17 y la primera divisi\u00f3n del club All Boys - Diario Textual","robots":{"index":"index","follow":"follow","max-snippet":"max-snippet:-1","max-image-preview":"max-image-preview:large","max-video-preview":"max-video-preview:-1"},"canonical":"https:\/\/diariotextual.com\/inicio\/index.php\/2023\/07\/18\/historico-amistoso-entre-la-seleccion-argentina-de-futbol-femenino-sub-17-y-la-primera-division-del-club-all-boys\/","og_locale":"es_ES","og_type":"article","og_title":"Hist\u00f3rico amistoso entre la Selecci\u00f3n argentina Sub 17 y la primera divisi\u00f3n del club All Boys - Diario Textual","og_description":"La Selecci\u00f3n argentina de f\u00fatbol femenino Sub 17 visitar\u00e1 este fin de semana la ciudad de Santa Rosa para disputar la Copa Concejo Deliberante, frente a la primera divisi\u00f3n femenina&hellip;","og_url":"https:\/\/diariotextual.com\/inicio\/index.php\/2023\/07\/18\/historico-amistoso-entre-la-seleccion-argentina-de-futbol-femenino-sub-17-y-la-primera-division-del-club-all-boys\/","og_site_name":"Diario Textual","article_publisher":"https:\/\/www.facebook.com\/eltextual","article_published_time":"2023-07-18T16:26:00+00:00","article_modified_time":"2023-07-18T16:26:53+00:00","og_image":[{"width":618,"height":356,"url":"https:\/\/diariotextual.com\/inicio\/wp-content\/uploads\/2023\/07\/seleccionsub17argentinafem.jpg","type":"image\/jpeg"}],"author":"diario2","twitter_card":"summary_large_image","twitter_creator":"@eltextual","twitter_site":"@eltextual","twitter_misc":{"Escrito por":"diario2","Tiempo de lectura":"2 minutos"},"schema":{"@context":"https:\/\/schema.org","@graph":[{"@type":"Article","@id":"https:\/\/diariotextual.com\/inicio\/index.php\/2023\/07\/18\/historico-amistoso-entre-la-seleccion-argentina-de-futbol-femenino-sub-17-y-la-primera-division-del-club-all-boys\/#article","isPartOf":{"@id":"https:\/\/diariotextual.com\/inicio\/index.php\/2023\/07\/18\/historico-amistoso-entre-la-seleccion-argentina-de-futbol-femenino-sub-17-y-la-primera-division-del-club-all-boys\/"},"author":{"name":"diario2","@id":"https:\/\/diariotextual.com\/inicio\/#\/schema\/person\/694f60677f23c4a530867a98f22b3768"},"headline":"Hist\u00f3rico amistoso entre la Selecci\u00f3n argentina Sub 17 y la primera divisi\u00f3n del club All Boys","datePublished":"2023-07-18T16:26:00+00:00","dateModified":"2023-07-18T16:26:53+00:00","mainEntityOfPage":{"@id":"https:\/\/diariotextual.com\/inicio\/index.php\/2023\/07\/18\/historico-amistoso-entre-la-seleccion-argentina-de-futbol-femenino-sub-17-y-la-primera-division-del-club-all-boys\/"},"wordCount":362,"publisher":{"@id":"https:\/\/diariotextual.com\/inicio\/#organization"},"image":{"@id":"https:\/\/diariotextual.com\/inicio\/index.php\/2023\/07\/18\/historico-amistoso-entre-la-seleccion-argentina-de-futbol-femenino-sub-17-y-la-primera-division-del-club-all-boys\/#primaryimage"},"thumbnailUrl":"https:\/\/diariotextual.com\/inicio\/wp-content\/uploads\/2023\/07\/seleccionsub17argentinafem.jpg","articleSection":["A - ES NOTICIA (van abajo)","DEPORTES"],"inLanguage":"es"},{"@type":"WebPage","@id":"https:\/\/diariotextual.com\/inicio\/index.php\/2023\/07\/18\/historico-amistoso-entre-la-seleccion-argentina-de-futbol-femenino-sub-17-y-la-primera-division-del-club-all-boys\/","url":"https:\/\/diariotextual.com\/inicio\/index.php\/2023\/07\/18\/historico-amistoso-entre-la-seleccion-argentina-de-futbol-femenino-sub-17-y-la-primera-division-del-club-all-boys\/","name":"Hist\u00f3rico amistoso entre la Selecci\u00f3n argentina Sub 17 y la primera divisi\u00f3n del club All Boys - Diario Textual","isPartOf":{"@id":"https:\/\/diariotextual.com\/inicio\/#website"},"primaryImageOfPage":{"@id":"https:\/\/diariotextual.com\/inicio\/index.php\/2023\/07\/18\/historico-amistoso-entre-la-seleccion-argentina-de-futbol-femenino-sub-17-y-la-primera-division-del-club-all-boys\/#primaryimage"},"image":{"@id":"https:\/\/diariotextual.com\/inicio\/index.php\/2023\/07\/18\/historico-amistoso-entre-la-seleccion-argentina-de-futbol-femenino-sub-17-y-la-primera-division-del-club-all-boys\/#primaryimage"},"thumbnailUrl":"https:\/\/diariotextual.com\/inicio\/wp-content\/uploads\/2023\/07\/seleccionsub17argentinafem.jpg","datePublished":"2023-07-18T16:26:00+00:00","dateModified":"2023-07-18T16:26:53+00:00","breadcrumb":{"@id":"https:\/\/diariotextual.com\/inicio\/index.php\/2023\/07\/18\/historico-amistoso-entre-la-seleccion-argentina-de-futbol-femenino-sub-17-y-la-primera-division-del-club-all-boys\/#breadcrumb"},"inLanguage":"es","potentialAction":[{"@type":"ReadAction","target":["https:\/\/diariotextual.com\/inicio\/index.php\/2023\/07\/18\/historico-amistoso-entre-la-seleccion-argentina-de-futbol-femenino-sub-17-y-la-primera-division-del-club-all-boys\/"]}]},{"@type":"ImageObject","inLanguage":"es","@id":"https:\/\/diariotextual.com\/inicio\/index.php\/2023\/07\/18\/historico-amistoso-entre-la-seleccion-argentina-de-futbol-femenino-sub-17-y-la-primera-division-del-club-all-boys\/#primaryimage","url":"https:\/\/diariotextual.com\/inicio\/wp-content\/uploads\/2023\/07\/seleccionsub17argentinafem.jpg","contentUrl":"https:\/\/diariotextual.com\/inicio\/wp-content\/uploads\/2023\/07\/seleccionsub17argentinafem.jpg","width":618,"height":356},{"@type":"BreadcrumbList","@id":"https:\/\/diariotextual.com\/inicio\/index.php\/2023\/07\/18\/historico-amistoso-entre-la-seleccion-argentina-de-futbol-femenino-sub-17-y-la-primera-division-del-club-all-boys\/#breadcrumb","itemListElement":[{"@type":"ListItem","position":1,"name":"Portada","item":"https:\/\/diariotextual.com\/inicio\/"},{"@type":"ListItem","position":2,"name":"Hist\u00f3rico amistoso entre la Selecci\u00f3n argentina Sub 17 y la primera divisi\u00f3n del club All Boys"}]},{"@type":"WebSite","@id":"https:\/\/diariotextual.com\/inicio\/#website","url":"https:\/\/diariotextual.com\/inicio\/","name":"Diario Textual","description":"","publisher":{"@id":"https:\/\/diariotextual.com\/inicio\/#organization"},"potentialAction":[{"@type":"SearchAction","target":{"@type":"EntryPoint","urlTemplate":"https:\/\/diariotextual.com\/inicio\/?s={search_term_string}"},"query-input":{"@type":"PropertyValueSpecification","valueRequired":true,"valueName":"search_term_string"}}],"inLanguage":"es"},{"@type":"Organization","@id":"https:\/\/diariotextual.com\/inicio\/#organization","name":"Diario Textual","url":"https:\/\/diariotextual.com\/inicio\/","logo":{"@type":"ImageObject","inLanguage":"es","@id":"https:\/\/diariotextual.com\/inicio\/#\/schema\/logo\/image\/","url":"https:\/\/diariotextual.com\/inicio\/wp-content\/uploads\/2023\/05\/logotextual1.jpg","contentUrl":"https:\/\/diariotextual.com\/inicio\/wp-content\/uploads\/2023\/05\/logotextual1.jpg","width":516,"height":76,"caption":"Diario Textual"},"image":{"@id":"https:\/\/diariotextual.com\/inicio\/#\/schema\/logo\/image\/"},"sameAs":["https:\/\/www.facebook.com\/eltextual","https:\/\/x.com\/eltextual","http:\/\/www.instagram.com\/eltextual"]},{"@type":"Person","@id":"https:\/\/diariotextual.com\/inicio\/#\/schema\/person\/694f60677f23c4a530867a98f22b3768","name":"diario2","image":{"@type":"ImageObject","inLanguage":"es","@id":"https:\/\/secure.gravatar.com\/avatar\/5a2567495ba16b852fcd8f1ed006a2e24fcace936018ed8237e95f488ad6e0a7?s=96&d=mm&r=g","url":"https:\/\/secure.gravatar.com\/avatar\/5a2567495ba16b852fcd8f1ed006a2e24fcace936018ed8237e95f488ad6e0a7?s=96&d=mm&r=g","contentUrl":"https:\/\/secure.gravatar.com\/avatar\/5a2567495ba16b852fcd8f1ed006a2e24fcace936018ed8237e95f488ad6e0a7?s=96&d=mm&r=g","caption":"diario2"},"url":"https:\/\/diariotextual.com\/inicio\/index.php\/author\/diario2\/"}]}},"_links":{"self":[{"href":"https:\/\/diariotextual.com\/inicio\/index.php\/wp-json\/wp\/v2\/posts\/231279","targetHints":{"allow":["GET"]}}],"collection":[{"href":"https:\/\/diariotextual.com\/inicio\/index.php\/wp-json\/wp\/v2\/posts"}],"about":[{"href":"https:\/\/diariotextual.com\/inicio\/index.php\/wp-json\/wp\/v2\/types\/post"}],"author":[{"embeddable":true,"href":"https:\/\/diariotextual.com\/inicio\/index.php\/wp-json\/wp\/v2\/users\/4"}],"replies":[{"embeddable":true,"href":"https:\/\/diariotextual.com\/inicio\/index.php\/wp-json\/wp\/v2\/comments?post=231279"}],"version-history":[{"count":2,"href":"https:\/\/diariotextual.com\/inicio\/index.php\/wp-json\/wp\/v2\/posts\/231279\/revisions"}],"predecessor-version":[{"id":231282,"href":"https:\/\/diariotextual.com\/inicio\/index.php\/wp-json\/wp\/v2\/posts\/231279\/revisions\/231282"}],"wp:featuredmedia":[{"embeddable":true,"href":"https:\/\/diariotextual.com\/inicio\/index.php\/wp-json\/wp\/v2\/media\/231280"}],"wp:attachment":[{"href":"https:\/\/diariotextual.com\/inicio\/index.php\/wp-json\/wp\/v2\/media?parent=231279"}],"wp:term":[{"taxonomy":"category","embeddable":true,"href":"https:\/\/diariotextual.com\/inicio\/index.php\/wp-json\/wp\/v2\/categories?post=231279"},{"taxonomy":"post_tag","embeddable":true,"href":"https:\/\/diariotextual.com\/inicio\/index.php\/wp-json\/wp\/v2\/tags?post=231279"}],"curies":[{"name":"wp","href":"https:\/\/api.w.org\/{rel}","templated":true}]}}