{"id":231287,"date":"2023-07-18T17:43:47","date_gmt":"2023-07-18T20:43:47","guid":{"rendered":"https:\/\/diariotextual.com\/inicio\/?p=231287"},"modified":"2023-07-19T19:23:45","modified_gmt":"2023-07-19T22:23:45","slug":"como-es-la-indemnizacion-que-piden-a-ziliotto-los-prescindidos-por-la-dictadura","status":"publish","type":"post","link":"https:\/\/diariotextual.com\/inicio\/index.php\/2023\/07\/18\/como-es-la-indemnizacion-que-piden-a-ziliotto-los-prescindidos-por-la-dictadura\/","title":{"rendered":"C\u00f3mo es la indemnizaci\u00f3n que piden a Ziliotto los prescindidos por la Dictadura"},"content":{"rendered":"\n<p>El llamado <strong>Colectivo de Prescindidos Pol\u00edticos de La Pampa <\/strong>present\u00f3 este martes al gobernador <strong>Sergio Ziliotto <\/strong>un proyecto de ley que reconoce por \u00fanica vez el cobro de una indemnizaci\u00f3n material para los empleados nacionales, provinciales y municipales de la provincia que fueron cesanteados, exonerados o forzados a renunciar entre el <strong><em>24 de marzo de 1976<\/em><\/strong><em>\u00a0y el\u00a0<strong>9 de diciembre de 1983<\/strong>\u00a0por motivos pol\u00edticos, ideol\u00f3gicos y\/o gremiales.<\/em><\/p>\n\n\n\n<p><em>\u201cLa extinci\u00f3n del v\u00ednculo laboral debe haberse producido a trav\u00e9s del dictado de actos administrativos simples, reglamentos administrativos y\/o hechos administrativos que hayan exteriorizado el ejercicio de la funci\u00f3n o actividad administrativa, incluyendo la cesant\u00eda o la exoneraci\u00f3n como sanciones administrativas. La existencia de motivos pol\u00edticos, ideol\u00f3gicos y\/o gremiales deben ser interpretados en el marco del respeto y la protecci\u00f3n de los derechos humanos hoy reconocidos y garantizados por la Constituci\u00f3n Provincial, Nacional y Tratados Internacionales en la materia\u201d,<\/em>&nbsp;explicaron las y los exagentes p\u00fablicos en su presentaci\u00f3n normativa.<\/p>\n\n\n\n<p>La autoridad de aplicaci\u00f3n pagar\u00e1 como monto indemnizatorio el equivalente a 30 salarios m\u00ednimos vitales y m\u00f3viles, vigentes a la fecha del cobro. En caso de fallecimiento de las\/los ex agentes mencionados, el beneficio podr\u00e1 ser solicitado por el\/la c\u00f3nyuge sup\u00e9rstite y\/o conviviente que acredite una cohabitaci\u00f3n no menor a 10 a\u00f1os y copia certificada de declaratoria de herederos. El beneficiario\/a o beneficiaria que no posea vivienda propia, que lo acredite mediante presentaci\u00f3n de Certificado de la Direcci\u00f3n General del Registro de la Propiedad Inmueble y que no haya sido beneficiario\/a de planes de viviendas sociales, tendr\u00e1 prioridad de acceso para solicitarla en el marco de la implementaci\u00f3n del Plan Federal de Viviendas en el territorio provincial.<\/p>\n\n\n\n<p>Entre los fundamentos esgrimidos por este Colectivo Provincial&nbsp;de Ex Agentes P\u00fablicos, sobresalen los siguientes:<\/p>\n\n\n\n<p>&#8211;\u00a0<em>La Pampa ha sido una provincia pionera en materia de pol\u00edticas reparadoras. Dentro del Archivo Provincial de la Memoria \u201cEduardo Luis Duhalde\u201d, dependiente de la Subsecretar\u00eda de Derechos Humanos del gobierno provincial, es posible consultar una serie de Actuaciones Administrativas\u00a0sobre violaciones a los Derechos Humanos en La Pampa, ordenadas en 1983 por el exgobernador Rub\u00e9n Mar\u00edn, mediante\u00a0<strong>Decreto 99\/83.<\/strong>\u00a0Durante su gesti\u00f3n, reincorpor\u00f3 agentes provinciales a la administraci\u00f3n p\u00fablica provincial, mediante la\u00a0<strong>Ley N\u00b0 717\/84.<\/strong><\/em><\/p>\n\n\n\n<p>&#8211;\u00a0<em>M\u00e1s de veinte a\u00f1os despu\u00e9s, la Secretar\u00eda de Derechos Humanos del Gobierno de La Pampa ser\u00eda creada en el a\u00f1o 2006 por el entonces gobernador Carlos Alberto Verna\u00a0<strong>(Ley N\u00b02260).<\/strong>\u00a0Tradicionalmente la promoci\u00f3n y protecci\u00f3n de los derechos humanos, y en consecuencia el \u00e1rea institucional a cargo, hab\u00edan sido una competencia casi exclusiva del Estado Nacional, por lo tanto la decisi\u00f3n pol\u00edtica de crear una Secretar\u00eda de Estado, dotarla de un presupuesto y de una adecuada con rango ministerial, revelaba la firmeza pol\u00edtica orientada a reconstruir la memoria hist\u00f3rica y el respeto por la condici\u00f3n humana, como as\u00ed tambi\u00e9n proteger y promover todos sus derechos inalienables (educaci\u00f3n, salud, trabajo, libertad individual, vivienda).<\/em><\/p>\n\n\n\n<p>&#8211;\u00a0<em>La ley es fruto de ese proceso de reivindicaci\u00f3n del Estado en defensa de derechos humanos conculcados por acci\u00f3n u omisi\u00f3n, dentro del sistema democr\u00e1tico de gobierno o fuera de \u00e9ste, como es el caso de las y los ex agentes administrativos del Estado nacional, provincial y municipal en La Pampa, durante el \u00faltimo periodo de facto argentino comprendido entre el 24 de marzo de 1976 y el 10 de diciembre de 1983.<\/em><\/p>\n\n\n\n<p><em>-Cinco leyes reparatorias nacionales, se aplican en La Pampa, tramitadas desde la Subsecretar\u00eda de Derechos Humanos provincial (LEY N\u00b0 23.278, N\u00b0 24.043, N\u00b0 26.564, N\u00b0 24.321, N\u00b0 25.914).<\/em><\/p>\n\n\n\n<p><em>-El 7 de noviembre de 2013, en la Ciudad de Neuqu\u00e9n el\u00a0<strong>Parlamento Patag\u00f3nico\u00a0<\/strong>recomend\u00f3\u00a0\u201ca las provincias que lo integran, que no cuenten con legislaci\u00f3n en ese sentido, sancionen normas que indemnicen \u2013por \u00fanica vez- a los agentes de la administraci\u00f3n p\u00fablica provincial que, por motivos pol\u00edticos.\u00a0\u00c9ste \u00f3rgano legislativo interprovincial fundament\u00f3 al respecto:\u00a0\u201cEntre los m\u00faltiples efectos negativos para la sociedad argentina del golpe militar de 1976, adem\u00e1s de los casi 30 mil desaparecidos, se encuentra la situaci\u00f3n de miles de personas que fueron separadas de sus cargos en los distintos niveles de la Administraci\u00f3n P\u00fablica sin causa alguna, m\u00e1s que la sospecha de pertenecer a alg\u00fan partido pol\u00edtico, organizaci\u00f3n civil y\/o grupo organizado para sostener los derechos humanos y pol\u00edticos, o simplemente pensar distinto a los militares usurpadores del pode<\/em>r.<\/p>\n\n\n\n<p>&#8211;&nbsp;<em>Algunas provincias, como Mendoza, han avanzado en el tema y mediante leyes especiales han reconocido la situaci\u00f3n de los trabajadores de la Administraci\u00f3n P\u00fablica provincial, otorgando un subsidio por \u00fanica vez (Ley N\u00b0 7.496\/06).<\/em><\/p>\n\n\n\n<p>&#8211;&nbsp;<em>Consideramos que las provincias patag\u00f3nicas deben adoptar medidas similares a la de la Provincia de Mendoza y determinar un reconocimiento simb\u00f3lico para los trabajadores cesanteados sin causa laboral en el per\u00edodo 24 de marzo de 1976 y 10 de diciembre de 1983\u2026Esta medida es de estricta justicia y contribuir\u00e1 a que los patag\u00f3nicos no olvidemos a quienes sufrieron por la sola raz\u00f3n de pensar distinto; y es por este motivo que solicitamos a nuestros pares la aprobaci\u00f3n de esta Recomendaci\u00f3n\u201d.<\/em><\/p>\n\n\n\n<p>Por eso, en esa sinton\u00eda, el a\u00f1o pasado el gobernador Sergio Ra\u00fal Ziliotto emiti\u00f3 el\u00a0<strong>Decreto 407\/22<\/strong>, mediante el cual fueron reparados -de manera simb\u00f3lica- los legajos de m\u00e1s de quinientas personas prescindidas laboralmente, durante aquel periodo nefasto de nuestra historia nacional. La situaci\u00f3n hab\u00eda sido pronunciada por el\u00a0<strong>Tribunal Oral Federal<\/strong>, en el marco del segundo juicio a la Subzona 14 por delitos de lesa humanidad.<\/p>\n\n\n\n<p>Este colectivo, ante ese reconocimiento simb\u00f3lico e institucional, reclam\u00f3 a trav\u00e9s de diversos medios&nbsp;<strong>igualdad de trato<\/strong>&nbsp;ante las reparaciones materiales otorgadas desde el Estado nacional y provincial, hacia otras y otros agentes p\u00fablicos v\u00edctimas del terrorismo de Estado descriptos anteriormente.<\/p>\n\n\n\n<p>El referente del grupo, Julio Braile, dijo que espera un avance de la iniciativa.&nbsp;<em>\u201cEstamos muy satisfechos de poder haber concluido un trabajo de varios meses y a\u00f1os, alcanz\u00e1ndole al gobernador Ziliotto este proyecto de ley que re\u00fane todos nuestros puntos de inter\u00e9s. Sabemos de la sensibilidad social del gobernador y de la importancia de \u00e9ste tema para las pol\u00edticas de derechos humanos desarrolladas en La Pampa. Somos optimistas y esperamos una respuesta favorable. Deseamos tambi\u00e9n agradecer a la Legislatura Provincial por habernos facilitado un asesor, quien trabaj\u00f3 con nosotros en la elaboraci\u00f3n de \u00e9ste proyecto, estamos felices\u201d, dijo.<\/em><\/p>\n","protected":false},"excerpt":{"rendered":"<p>El llamado Colectivo de Prescindidos Pol\u00edticos de La Pampa present\u00f3 este martes al gobernador Sergio Ziliotto un proyecto de ley que reconoce por \u00fanica vez el cobro de una indemnizaci\u00f3n&hellip;<\/p>\n","protected":false},"author":3,"featured_media":231289,"comment_status":"closed","ping_status":"open","sticky":false,"template":"","format":"standard","meta":{"_acf_changed":false,"footnotes":""},"categories":[11,8],"tags":[],"class_list":["post-231287","post","type-post","status-publish","format-standard","has-post-thumbnail","hentry","category-que-pasa","category-politica"],"acf":[],"yoast_head":"<!-- This site is optimized with the Yoast SEO plugin v27.5 - https:\/\/yoast.com\/product\/yoast-seo-wordpress\/ -->\n<title>C\u00f3mo es la indemnizaci\u00f3n que piden a Ziliotto los prescindidos por la Dictadura - Diario Textual<\/title>\n<meta name=\"robots\" content=\"index, follow, max-snippet:-1, max-image-preview:large, max-video-preview:-1\" \/>\n<link rel=\"canonical\" href=\"https:\/\/diariotextual.com\/inicio\/index.php\/2023\/07\/18\/como-es-la-indemnizacion-que-piden-a-ziliotto-los-prescindidos-por-la-dictadura\/\" \/>\n<meta property=\"og:locale\" content=\"es_ES\" \/>\n<meta property=\"og:type\" content=\"article\" \/>\n<meta property=\"og:title\" content=\"C\u00f3mo es la indemnizaci\u00f3n que piden a Ziliotto los prescindidos por la Dictadura - Diario Textual\" \/>\n<meta property=\"og:description\" content=\"El llamado Colectivo de Prescindidos Pol\u00edticos de La Pampa present\u00f3 este martes al gobernador Sergio Ziliotto un proyecto de ley que reconoce por \u00fanica vez el cobro de una indemnizaci\u00f3n&hellip;\" \/>\n<meta property=\"og:url\" content=\"https:\/\/diariotextual.com\/inicio\/index.php\/2023\/07\/18\/como-es-la-indemnizacion-que-piden-a-ziliotto-los-prescindidos-por-la-dictadura\/\" \/>\n<meta property=\"og:site_name\" content=\"Diario Textual\" \/>\n<meta property=\"article:publisher\" content=\"https:\/\/www.facebook.com\/eltextual\" \/>\n<meta property=\"article:published_time\" content=\"2023-07-18T20:43:47+00:00\" \/>\n<meta property=\"article:modified_time\" content=\"2023-07-19T22:23:45+00:00\" \/>\n<meta property=\"og:image\" content=\"https:\/\/diariotextual.com\/inicio\/wp-content\/uploads\/2023\/07\/prescindidosporladictaduralapampa2023-1.jpeg\" \/>\n\t<meta property=\"og:image:width\" content=\"1039\" \/>\n\t<meta property=\"og:image:height\" content=\"693\" \/>\n\t<meta property=\"og:image:type\" content=\"image\/jpeg\" \/>\n<meta name=\"author\" content=\"Diario1 Diario1\" \/>\n<meta name=\"twitter:card\" content=\"summary_large_image\" \/>\n<meta name=\"twitter:creator\" content=\"@eltextual\" \/>\n<meta name=\"twitter:site\" content=\"@eltextual\" \/>\n<meta name=\"twitter:label1\" content=\"Escrito por\" \/>\n\t<meta name=\"twitter:data1\" content=\"Diario1 Diario1\" \/>\n\t<meta name=\"twitter:label2\" content=\"Tiempo de lectura\" \/>\n\t<meta name=\"twitter:data2\" content=\"5 minutos\" \/>\n<script type=\"application\/ld+json\" class=\"yoast-schema-graph\">{\"@context\":\"https:\\\/\\\/schema.org\",\"@graph\":[{\"@type\":\"Article\",\"@id\":\"https:\\\/\\\/diariotextual.com\\\/inicio\\\/index.php\\\/2023\\\/07\\\/18\\\/como-es-la-indemnizacion-que-piden-a-ziliotto-los-prescindidos-por-la-dictadura\\\/#article\",\"isPartOf\":{\"@id\":\"https:\\\/\\\/diariotextual.com\\\/inicio\\\/index.php\\\/2023\\\/07\\\/18\\\/como-es-la-indemnizacion-que-piden-a-ziliotto-los-prescindidos-por-la-dictadura\\\/\"},\"author\":{\"name\":\"Diario1 Diario1\",\"@id\":\"https:\\\/\\\/diariotextual.com\\\/inicio\\\/#\\\/schema\\\/person\\\/418fc4093c33e86ed41562db3508f958\"},\"headline\":\"C\u00f3mo es la indemnizaci\u00f3n que piden a Ziliotto los prescindidos por la Dictadura\",\"datePublished\":\"2023-07-18T20:43:47+00:00\",\"dateModified\":\"2023-07-19T22:23:45+00:00\",\"mainEntityOfPage\":{\"@id\":\"https:\\\/\\\/diariotextual.com\\\/inicio\\\/index.php\\\/2023\\\/07\\\/18\\\/como-es-la-indemnizacion-que-piden-a-ziliotto-los-prescindidos-por-la-dictadura\\\/\"},\"wordCount\":1140,\"publisher\":{\"@id\":\"https:\\\/\\\/diariotextual.com\\\/inicio\\\/#organization\"},\"image\":{\"@id\":\"https:\\\/\\\/diariotextual.com\\\/inicio\\\/index.php\\\/2023\\\/07\\\/18\\\/como-es-la-indemnizacion-que-piden-a-ziliotto-los-prescindidos-por-la-dictadura\\\/#primaryimage\"},\"thumbnailUrl\":\"https:\\\/\\\/diariotextual.com\\\/inicio\\\/wp-content\\\/uploads\\\/2023\\\/07\\\/prescindidosporladictaduralapampa2023-1.jpeg\",\"articleSection\":[\"A - QUE PASA (al costado)\",\"POLITICA\"],\"inLanguage\":\"es\"},{\"@type\":\"WebPage\",\"@id\":\"https:\\\/\\\/diariotextual.com\\\/inicio\\\/index.php\\\/2023\\\/07\\\/18\\\/como-es-la-indemnizacion-que-piden-a-ziliotto-los-prescindidos-por-la-dictadura\\\/\",\"url\":\"https:\\\/\\\/diariotextual.com\\\/inicio\\\/index.php\\\/2023\\\/07\\\/18\\\/como-es-la-indemnizacion-que-piden-a-ziliotto-los-prescindidos-por-la-dictadura\\\/\",\"name\":\"C\u00f3mo es la indemnizaci\u00f3n que piden a Ziliotto los prescindidos por la Dictadura - Diario Textual\",\"isPartOf\":{\"@id\":\"https:\\\/\\\/diariotextual.com\\\/inicio\\\/#website\"},\"primaryImageOfPage\":{\"@id\":\"https:\\\/\\\/diariotextual.com\\\/inicio\\\/index.php\\\/2023\\\/07\\\/18\\\/como-es-la-indemnizacion-que-piden-a-ziliotto-los-prescindidos-por-la-dictadura\\\/#primaryimage\"},\"image\":{\"@id\":\"https:\\\/\\\/diariotextual.com\\\/inicio\\\/index.php\\\/2023\\\/07\\\/18\\\/como-es-la-indemnizacion-que-piden-a-ziliotto-los-prescindidos-por-la-dictadura\\\/#primaryimage\"},\"thumbnailUrl\":\"https:\\\/\\\/diariotextual.com\\\/inicio\\\/wp-content\\\/uploads\\\/2023\\\/07\\\/prescindidosporladictaduralapampa2023-1.jpeg\",\"datePublished\":\"2023-07-18T20:43:47+00:00\",\"dateModified\":\"2023-07-19T22:23:45+00:00\",\"breadcrumb\":{\"@id\":\"https:\\\/\\\/diariotextual.com\\\/inicio\\\/index.php\\\/2023\\\/07\\\/18\\\/como-es-la-indemnizacion-que-piden-a-ziliotto-los-prescindidos-por-la-dictadura\\\/#breadcrumb\"},\"inLanguage\":\"es\",\"potentialAction\":[{\"@type\":\"ReadAction\",\"target\":[\"https:\\\/\\\/diariotextual.com\\\/inicio\\\/index.php\\\/2023\\\/07\\\/18\\\/como-es-la-indemnizacion-que-piden-a-ziliotto-los-prescindidos-por-la-dictadura\\\/\"]}]},{\"@type\":\"ImageObject\",\"inLanguage\":\"es\",\"@id\":\"https:\\\/\\\/diariotextual.com\\\/inicio\\\/index.php\\\/2023\\\/07\\\/18\\\/como-es-la-indemnizacion-que-piden-a-ziliotto-los-prescindidos-por-la-dictadura\\\/#primaryimage\",\"url\":\"https:\\\/\\\/diariotextual.com\\\/inicio\\\/wp-content\\\/uploads\\\/2023\\\/07\\\/prescindidosporladictaduralapampa2023-1.jpeg\",\"contentUrl\":\"https:\\\/\\\/diariotextual.com\\\/inicio\\\/wp-content\\\/uploads\\\/2023\\\/07\\\/prescindidosporladictaduralapampa2023-1.jpeg\",\"width\":1039,\"height\":693},{\"@type\":\"BreadcrumbList\",\"@id\":\"https:\\\/\\\/diariotextual.com\\\/inicio\\\/index.php\\\/2023\\\/07\\\/18\\\/como-es-la-indemnizacion-que-piden-a-ziliotto-los-prescindidos-por-la-dictadura\\\/#breadcrumb\",\"itemListElement\":[{\"@type\":\"ListItem\",\"position\":1,\"name\":\"Portada\",\"item\":\"https:\\\/\\\/diariotextual.com\\\/inicio\\\/\"},{\"@type\":\"ListItem\",\"position\":2,\"name\":\"C\u00f3mo es la indemnizaci\u00f3n que piden a Ziliotto los prescindidos por la Dictadura\"}]},{\"@type\":\"WebSite\",\"@id\":\"https:\\\/\\\/diariotextual.com\\\/inicio\\\/#website\",\"url\":\"https:\\\/\\\/diariotextual.com\\\/inicio\\\/\",\"name\":\"Diario Textual\",\"description\":\"\",\"publisher\":{\"@id\":\"https:\\\/\\\/diariotextual.com\\\/inicio\\\/#organization\"},\"potentialAction\":[{\"@type\":\"SearchAction\",\"target\":{\"@type\":\"EntryPoint\",\"urlTemplate\":\"https:\\\/\\\/diariotextual.com\\\/inicio\\\/?s={search_term_string}\"},\"query-input\":{\"@type\":\"PropertyValueSpecification\",\"valueRequired\":true,\"valueName\":\"search_term_string\"}}],\"inLanguage\":\"es\"},{\"@type\":\"Organization\",\"@id\":\"https:\\\/\\\/diariotextual.com\\\/inicio\\\/#organization\",\"name\":\"Diario Textual\",\"url\":\"https:\\\/\\\/diariotextual.com\\\/inicio\\\/\",\"logo\":{\"@type\":\"ImageObject\",\"inLanguage\":\"es\",\"@id\":\"https:\\\/\\\/diariotextual.com\\\/inicio\\\/#\\\/schema\\\/logo\\\/image\\\/\",\"url\":\"https:\\\/\\\/diariotextual.com\\\/inicio\\\/wp-content\\\/uploads\\\/2023\\\/05\\\/logotextual1.jpg\",\"contentUrl\":\"https:\\\/\\\/diariotextual.com\\\/inicio\\\/wp-content\\\/uploads\\\/2023\\\/05\\\/logotextual1.jpg\",\"width\":516,\"height\":76,\"caption\":\"Diario Textual\"},\"image\":{\"@id\":\"https:\\\/\\\/diariotextual.com\\\/inicio\\\/#\\\/schema\\\/logo\\\/image\\\/\"},\"sameAs\":[\"https:\\\/\\\/www.facebook.com\\\/eltextual\",\"https:\\\/\\\/x.com\\\/eltextual\",\"http:\\\/\\\/www.instagram.com\\\/eltextual\"]},{\"@type\":\"Person\",\"@id\":\"https:\\\/\\\/diariotextual.com\\\/inicio\\\/#\\\/schema\\\/person\\\/418fc4093c33e86ed41562db3508f958\",\"name\":\"Diario1 Diario1\",\"image\":{\"@type\":\"ImageObject\",\"inLanguage\":\"es\",\"@id\":\"https:\\\/\\\/secure.gravatar.com\\\/avatar\\\/9167d280179c85bc18be67aa7eda765854300033af4896dd779b608640f2ef7a?s=96&d=mm&r=g\",\"url\":\"https:\\\/\\\/secure.gravatar.com\\\/avatar\\\/9167d280179c85bc18be67aa7eda765854300033af4896dd779b608640f2ef7a?s=96&d=mm&r=g\",\"contentUrl\":\"https:\\\/\\\/secure.gravatar.com\\\/avatar\\\/9167d280179c85bc18be67aa7eda765854300033af4896dd779b608640f2ef7a?s=96&d=mm&r=g\",\"caption\":\"Diario1 Diario1\"},\"url\":\"https:\\\/\\\/diariotextual.com\\\/inicio\\\/index.php\\\/author\\\/diario1\\\/\"}]}<\/script>\n<!-- \/ Yoast SEO plugin. -->","yoast_head_json":{"title":"C\u00f3mo es la indemnizaci\u00f3n que piden a Ziliotto los prescindidos por la Dictadura - Diario Textual","robots":{"index":"index","follow":"follow","max-snippet":"max-snippet:-1","max-image-preview":"max-image-preview:large","max-video-preview":"max-video-preview:-1"},"canonical":"https:\/\/diariotextual.com\/inicio\/index.php\/2023\/07\/18\/como-es-la-indemnizacion-que-piden-a-ziliotto-los-prescindidos-por-la-dictadura\/","og_locale":"es_ES","og_type":"article","og_title":"C\u00f3mo es la indemnizaci\u00f3n que piden a Ziliotto los prescindidos por la Dictadura - Diario Textual","og_description":"El llamado Colectivo de Prescindidos Pol\u00edticos de La Pampa present\u00f3 este martes al gobernador Sergio Ziliotto un proyecto de ley que reconoce por \u00fanica vez el cobro de una indemnizaci\u00f3n&hellip;","og_url":"https:\/\/diariotextual.com\/inicio\/index.php\/2023\/07\/18\/como-es-la-indemnizacion-que-piden-a-ziliotto-los-prescindidos-por-la-dictadura\/","og_site_name":"Diario Textual","article_publisher":"https:\/\/www.facebook.com\/eltextual","article_published_time":"2023-07-18T20:43:47+00:00","article_modified_time":"2023-07-19T22:23:45+00:00","og_image":[{"width":1039,"height":693,"url":"https:\/\/diariotextual.com\/inicio\/wp-content\/uploads\/2023\/07\/prescindidosporladictaduralapampa2023-1.jpeg","type":"image\/jpeg"}],"author":"Diario1 Diario1","twitter_card":"summary_large_image","twitter_creator":"@eltextual","twitter_site":"@eltextual","twitter_misc":{"Escrito por":"Diario1 Diario1","Tiempo de lectura":"5 minutos"},"schema":{"@context":"https:\/\/schema.org","@graph":[{"@type":"Article","@id":"https:\/\/diariotextual.com\/inicio\/index.php\/2023\/07\/18\/como-es-la-indemnizacion-que-piden-a-ziliotto-los-prescindidos-por-la-dictadura\/#article","isPartOf":{"@id":"https:\/\/diariotextual.com\/inicio\/index.php\/2023\/07\/18\/como-es-la-indemnizacion-que-piden-a-ziliotto-los-prescindidos-por-la-dictadura\/"},"author":{"name":"Diario1 Diario1","@id":"https:\/\/diariotextual.com\/inicio\/#\/schema\/person\/418fc4093c33e86ed41562db3508f958"},"headline":"C\u00f3mo es la indemnizaci\u00f3n que piden a Ziliotto los prescindidos por la Dictadura","datePublished":"2023-07-18T20:43:47+00:00","dateModified":"2023-07-19T22:23:45+00:00","mainEntityOfPage":{"@id":"https:\/\/diariotextual.com\/inicio\/index.php\/2023\/07\/18\/como-es-la-indemnizacion-que-piden-a-ziliotto-los-prescindidos-por-la-dictadura\/"},"wordCount":1140,"publisher":{"@id":"https:\/\/diariotextual.com\/inicio\/#organization"},"image":{"@id":"https:\/\/diariotextual.com\/inicio\/index.php\/2023\/07\/18\/como-es-la-indemnizacion-que-piden-a-ziliotto-los-prescindidos-por-la-dictadura\/#primaryimage"},"thumbnailUrl":"https:\/\/diariotextual.com\/inicio\/wp-content\/uploads\/2023\/07\/prescindidosporladictaduralapampa2023-1.jpeg","articleSection":["A - QUE PASA (al costado)","POLITICA"],"inLanguage":"es"},{"@type":"WebPage","@id":"https:\/\/diariotextual.com\/inicio\/index.php\/2023\/07\/18\/como-es-la-indemnizacion-que-piden-a-ziliotto-los-prescindidos-por-la-dictadura\/","url":"https:\/\/diariotextual.com\/inicio\/index.php\/2023\/07\/18\/como-es-la-indemnizacion-que-piden-a-ziliotto-los-prescindidos-por-la-dictadura\/","name":"C\u00f3mo es la indemnizaci\u00f3n que piden a Ziliotto los prescindidos por la Dictadura - Diario Textual","isPartOf":{"@id":"https:\/\/diariotextual.com\/inicio\/#website"},"primaryImageOfPage":{"@id":"https:\/\/diariotextual.com\/inicio\/index.php\/2023\/07\/18\/como-es-la-indemnizacion-que-piden-a-ziliotto-los-prescindidos-por-la-dictadura\/#primaryimage"},"image":{"@id":"https:\/\/diariotextual.com\/inicio\/index.php\/2023\/07\/18\/como-es-la-indemnizacion-que-piden-a-ziliotto-los-prescindidos-por-la-dictadura\/#primaryimage"},"thumbnailUrl":"https:\/\/diariotextual.com\/inicio\/wp-content\/uploads\/2023\/07\/prescindidosporladictaduralapampa2023-1.jpeg","datePublished":"2023-07-18T20:43:47+00:00","dateModified":"2023-07-19T22:23:45+00:00","breadcrumb":{"@id":"https:\/\/diariotextual.com\/inicio\/index.php\/2023\/07\/18\/como-es-la-indemnizacion-que-piden-a-ziliotto-los-prescindidos-por-la-dictadura\/#breadcrumb"},"inLanguage":"es","potentialAction":[{"@type":"ReadAction","target":["https:\/\/diariotextual.com\/inicio\/index.php\/2023\/07\/18\/como-es-la-indemnizacion-que-piden-a-ziliotto-los-prescindidos-por-la-dictadura\/"]}]},{"@type":"ImageObject","inLanguage":"es","@id":"https:\/\/diariotextual.com\/inicio\/index.php\/2023\/07\/18\/como-es-la-indemnizacion-que-piden-a-ziliotto-los-prescindidos-por-la-dictadura\/#primaryimage","url":"https:\/\/diariotextual.com\/inicio\/wp-content\/uploads\/2023\/07\/prescindidosporladictaduralapampa2023-1.jpeg","contentUrl":"https:\/\/diariotextual.com\/inicio\/wp-content\/uploads\/2023\/07\/prescindidosporladictaduralapampa2023-1.jpeg","width":1039,"height":693},{"@type":"BreadcrumbList","@id":"https:\/\/diariotextual.com\/inicio\/index.php\/2023\/07\/18\/como-es-la-indemnizacion-que-piden-a-ziliotto-los-prescindidos-por-la-dictadura\/#breadcrumb","itemListElement":[{"@type":"ListItem","position":1,"name":"Portada","item":"https:\/\/diariotextual.com\/inicio\/"},{"@type":"ListItem","position":2,"name":"C\u00f3mo es la indemnizaci\u00f3n que piden a Ziliotto los prescindidos por la Dictadura"}]},{"@type":"WebSite","@id":"https:\/\/diariotextual.com\/inicio\/#website","url":"https:\/\/diariotextual.com\/inicio\/","name":"Diario Textual","description":"","publisher":{"@id":"https:\/\/diariotextual.com\/inicio\/#organization"},"potentialAction":[{"@type":"SearchAction","target":{"@type":"EntryPoint","urlTemplate":"https:\/\/diariotextual.com\/inicio\/?s={search_term_string}"},"query-input":{"@type":"PropertyValueSpecification","valueRequired":true,"valueName":"search_term_string"}}],"inLanguage":"es"},{"@type":"Organization","@id":"https:\/\/diariotextual.com\/inicio\/#organization","name":"Diario Textual","url":"https:\/\/diariotextual.com\/inicio\/","logo":{"@type":"ImageObject","inLanguage":"es","@id":"https:\/\/diariotextual.com\/inicio\/#\/schema\/logo\/image\/","url":"https:\/\/diariotextual.com\/inicio\/wp-content\/uploads\/2023\/05\/logotextual1.jpg","contentUrl":"https:\/\/diariotextual.com\/inicio\/wp-content\/uploads\/2023\/05\/logotextual1.jpg","width":516,"height":76,"caption":"Diario Textual"},"image":{"@id":"https:\/\/diariotextual.com\/inicio\/#\/schema\/logo\/image\/"},"sameAs":["https:\/\/www.facebook.com\/eltextual","https:\/\/x.com\/eltextual","http:\/\/www.instagram.com\/eltextual"]},{"@type":"Person","@id":"https:\/\/diariotextual.com\/inicio\/#\/schema\/person\/418fc4093c33e86ed41562db3508f958","name":"Diario1 Diario1","image":{"@type":"ImageObject","inLanguage":"es","@id":"https:\/\/secure.gravatar.com\/avatar\/9167d280179c85bc18be67aa7eda765854300033af4896dd779b608640f2ef7a?s=96&d=mm&r=g","url":"https:\/\/secure.gravatar.com\/avatar\/9167d280179c85bc18be67aa7eda765854300033af4896dd779b608640f2ef7a?s=96&d=mm&r=g","contentUrl":"https:\/\/secure.gravatar.com\/avatar\/9167d280179c85bc18be67aa7eda765854300033af4896dd779b608640f2ef7a?s=96&d=mm&r=g","caption":"Diario1 Diario1"},"url":"https:\/\/diariotextual.com\/inicio\/index.php\/author\/diario1\/"}]}},"_links":{"self":[{"href":"https:\/\/diariotextual.com\/inicio\/index.php\/wp-json\/wp\/v2\/posts\/231287","targetHints":{"allow":["GET"]}}],"collection":[{"href":"https:\/\/diariotextual.com\/inicio\/index.php\/wp-json\/wp\/v2\/posts"}],"about":[{"href":"https:\/\/diariotextual.com\/inicio\/index.php\/wp-json\/wp\/v2\/types\/post"}],"author":[{"embeddable":true,"href":"https:\/\/diariotextual.com\/inicio\/index.php\/wp-json\/wp\/v2\/users\/3"}],"replies":[{"embeddable":true,"href":"https:\/\/diariotextual.com\/inicio\/index.php\/wp-json\/wp\/v2\/comments?post=231287"}],"version-history":[{"count":4,"href":"https:\/\/diariotextual.com\/inicio\/index.php\/wp-json\/wp\/v2\/posts\/231287\/revisions"}],"predecessor-version":[{"id":231293,"href":"https:\/\/diariotextual.com\/inicio\/index.php\/wp-json\/wp\/v2\/posts\/231287\/revisions\/231293"}],"wp:featuredmedia":[{"embeddable":true,"href":"https:\/\/diariotextual.com\/inicio\/index.php\/wp-json\/wp\/v2\/media\/231289"}],"wp:attachment":[{"href":"https:\/\/diariotextual.com\/inicio\/index.php\/wp-json\/wp\/v2\/media?parent=231287"}],"wp:term":[{"taxonomy":"category","embeddable":true,"href":"https:\/\/diariotextual.com\/inicio\/index.php\/wp-json\/wp\/v2\/categories?post=231287"},{"taxonomy":"post_tag","embeddable":true,"href":"https:\/\/diariotextual.com\/inicio\/index.php\/wp-json\/wp\/v2\/tags?post=231287"}],"curies":[{"name":"wp","href":"https:\/\/api.w.org\/{rel}","templated":true}]}}