{"id":231305,"date":"2023-07-18T19:52:46","date_gmt":"2023-07-18T22:52:46","guid":{"rendered":"https:\/\/diariotextual.com\/inicio\/?p=231305"},"modified":"2023-07-19T19:23:52","modified_gmt":"2023-07-19T22:23:52","slug":"el-gobierno-lanza-lineas-de-credito-y-subsidios-a-cooperativas-de-trabajo","status":"publish","type":"post","link":"https:\/\/diariotextual.com\/inicio\/index.php\/2023\/07\/18\/el-gobierno-lanza-lineas-de-credito-y-subsidios-a-cooperativas-de-trabajo\/","title":{"rendered":"El Gobierno lanza l\u00edneas de cr\u00e9dito y subsidios a cooperativas de trabajo"},"content":{"rendered":"\n<p>El gobernador Sergio Ziliotto mantuvo una reuni\u00f3n de trabajo con representantes de gran parte de las 55 cooperativas de trabajo que existen en La Pampa y, junto al ministro de Gobierno, Justicia y Derechos Humanos, Ariel Rauschenberger, anunci\u00f3 una l\u00ednea de cr\u00e9dito exclusiva para estas organizaciones sociales y solidarias, con un a\u00f1o de gracia, dos y medio de plazo para el pago del capital y tasa fuertemente subsidiada cercana al 15%. Adem\u00e1s, informaron la instrumentaci\u00f3n del programa Grandes Pasos que otorga un aporte no \u00a0reintegrable de hasta \u00a0500 mil pesos. \u00a0<\/p>\n\n\n\n<p> \u00a0<\/p>\n\n\n\n<p>\u201cEste es un paso m\u00e1s junto a las cooperativas de trabajo que son un instrumento genuino de la econom\u00eda popular\u201d, dijo Ziliotto. \u201cGobernar es generar trabajo y desde el Estado eso significa darle todos los incentivos a alguien que toma la decisi\u00f3n de arriesgar y generar trabajo\u201d, enfatiz\u00f3 el mandatario, quien adem\u00e1s ratific\u00f3 su decisi\u00f3n de sostener \u201ca un Estado presente, interviniendo en la econom\u00eda para potenciarla y ampliarla, no para concentrarla\u201d.<\/p>\n\n\n\n<p>Tambi\u00e9n se refiri\u00f3 al apoyo a los emprendedores. \u201cBuscamos permanentemente alternativas para ver c\u00f3mo, con todas las herramientas del Estado, ponemos en marcha instrumentos que les permitan desarrollarse y crecer a todos los actores de la econom\u00eda, m\u00e1s all\u00e1 de la escala que tengan\u201d, expres\u00f3. \u201cUstedes han tomado un desaf\u00edo que en los tiempos que vivimos es muy dif\u00edcil: trabajar y producir a trav\u00e9s de la mancomuni\u00f3n solidaria, del esquema cooperativo. Hoy damos un paso adelante en el camino de fortalecer la econom\u00eda social, que no debe ser&nbsp; el \u00faltimo, porque esta es una construcci\u00f3n colectiva\u201d, enfatiz\u00f3 el gobernador.<\/p>\n\n\n\n<p>En tanto, el ministro Rauschenberger precis\u00f3 que las acciones definidas surgieron de \u201cla decisi\u00f3n del gobernador\u201d de ayudar a quienes est\u00e1n emprendiendo una actividad. \u201cSobre todo a los m\u00e1s peque\u00f1os y teniendo en cuenta las tasas de inter\u00e9s vigentes en la actualidad\u201d, dijo. \u201cA trav\u00e9s de la Subsecretar\u00eda de Cooperativas hemos instrumentado acciones que nos permitieron incrementar el n\u00famero de cooperativas de trabajo de 14, cuando iniciamos la gesti\u00f3n,&nbsp; a 55 en la actualidad\u201d.<\/p>\n\n\n\n<p>Rauschenberger inform\u00f3 que las nuevas medidas comprenden la puesta en marcha de una l\u00ednea de cr\u00e9ditos exclusiva para cooperativas de trabajo destinada a activos fijos o capital de trabajo. Va a tener un a\u00f1o de gracia; dos a\u00f1os y medio para devoluci\u00f3n del capital y una tasa de referencia que se estableci\u00f3 en el 15 % de la tasa que el BLP aplica a plazos fijos, lo que hoy establecer\u00eda la del cr\u00e9dito en el 14,55%.<\/p>\n\n\n\n<p>\u201cEs una tasa accesible y un plazo razonable que les permitir\u00e1 desenvolverse con comodidad\u201d, dijo el ministro, al tiempo que aclar\u00f3 que como cualquier l\u00ednea de cr\u00e9dito \u201crequerir\u00e1 garant\u00edas, capacidad de reembolso\u201d, afirm\u00f3.<\/p>\n\n\n\n<p>El otro anuncio estuvo vinculado a la implementaci\u00f3n del programa Grandes Pasos a trav\u00e9s del cual se otorga un aporte no reintegrable de hasta $500 mil pesos para fortalecer el objeto social de las cooperativas.<\/p>\n\n\n\n<p>Asimismo, anunci\u00f3 que en virtud de que las cooperativas son inscriptas en IVA se decidi\u00f3 que este impuesto tambi\u00e9n este financiado por el cr\u00e9dito, cumpliendo con el requisito de una certificaci\u00f3n del contador y de las autoridades de la instituci\u00f3n de que no ser\u00e1 tomado como cr\u00e9dito fiscal.<\/p>\n\n\n\n<p>A su vez, la representante de la cooperativa \u201cProduciendo La Pampa\u201d, Laura Romero, la agradeci\u00f3 al gobernador por \u201cponer funcionarios que trabajan\u201d y los acompa\u00f1an. \u201cLa verdad es que quiero agradecer por hacer que las cosas funcionen y gracias por sacar los de los cr\u00e9ditos. Los subsidios y el IVA, porque son cosas que nos generaban trabas y esto nos ayuda un mont\u00f3n\u201d, dijo.<\/p>\n","protected":false},"excerpt":{"rendered":"<p>El gobernador Sergio Ziliotto mantuvo una reuni\u00f3n de trabajo con representantes de gran parte de las 55 cooperativas de trabajo que existen en La Pampa y, junto al ministro de&hellip;<\/p>\n","protected":false},"author":3,"featured_media":231307,"comment_status":"closed","ping_status":"open","sticky":false,"template":"","format":"standard","meta":{"_acf_changed":false,"footnotes":""},"categories":[11,12],"tags":[],"class_list":["post-231305","post","type-post","status-publish","format-standard","has-post-thumbnail","hentry","category-que-pasa","category-sociedad"],"acf":[],"yoast_head":"<!-- This site is optimized with the Yoast SEO plugin v27.5 - https:\/\/yoast.com\/product\/yoast-seo-wordpress\/ -->\n<title>El Gobierno lanza l\u00edneas de cr\u00e9dito y subsidios a cooperativas de trabajo - Diario Textual<\/title>\n<meta name=\"robots\" content=\"index, follow, max-snippet:-1, max-image-preview:large, max-video-preview:-1\" \/>\n<link rel=\"canonical\" href=\"https:\/\/diariotextual.com\/inicio\/index.php\/2023\/07\/18\/el-gobierno-lanza-lineas-de-credito-y-subsidios-a-cooperativas-de-trabajo\/\" \/>\n<meta property=\"og:locale\" content=\"es_ES\" \/>\n<meta property=\"og:type\" content=\"article\" \/>\n<meta property=\"og:title\" content=\"El Gobierno lanza l\u00edneas de cr\u00e9dito y subsidios a cooperativas de trabajo - Diario Textual\" \/>\n<meta property=\"og:description\" content=\"El gobernador Sergio Ziliotto mantuvo una reuni\u00f3n de trabajo con representantes de gran parte de las 55 cooperativas de trabajo que existen en La Pampa y, junto al ministro de&hellip;\" \/>\n<meta property=\"og:url\" content=\"https:\/\/diariotextual.com\/inicio\/index.php\/2023\/07\/18\/el-gobierno-lanza-lineas-de-credito-y-subsidios-a-cooperativas-de-trabajo\/\" \/>\n<meta property=\"og:site_name\" content=\"Diario Textual\" \/>\n<meta property=\"article:publisher\" content=\"https:\/\/www.facebook.com\/eltextual\" \/>\n<meta property=\"article:published_time\" content=\"2023-07-18T22:52:46+00:00\" \/>\n<meta property=\"article:modified_time\" content=\"2023-07-19T22:23:52+00:00\" \/>\n<meta property=\"og:image\" content=\"https:\/\/diariotextual.com\/inicio\/wp-content\/uploads\/2023\/07\/ziliottosergiorauschenbergercooperativastrabajo2023-1.jpg\" \/>\n\t<meta property=\"og:image:width\" content=\"1500\" \/>\n\t<meta property=\"og:image:height\" content=\"1000\" \/>\n\t<meta property=\"og:image:type\" content=\"image\/jpeg\" \/>\n<meta name=\"author\" content=\"Diario1 Diario1\" \/>\n<meta name=\"twitter:card\" content=\"summary_large_image\" \/>\n<meta name=\"twitter:creator\" content=\"@eltextual\" \/>\n<meta name=\"twitter:site\" content=\"@eltextual\" \/>\n<meta name=\"twitter:label1\" content=\"Escrito por\" \/>\n\t<meta name=\"twitter:data1\" content=\"Diario1 Diario1\" \/>\n\t<meta name=\"twitter:label2\" content=\"Tiempo de lectura\" \/>\n\t<meta name=\"twitter:data2\" content=\"1 minuto\" \/>\n<script type=\"application\/ld+json\" class=\"yoast-schema-graph\">{\"@context\":\"https:\\\/\\\/schema.org\",\"@graph\":[{\"@type\":\"Article\",\"@id\":\"https:\\\/\\\/diariotextual.com\\\/inicio\\\/index.php\\\/2023\\\/07\\\/18\\\/el-gobierno-lanza-lineas-de-credito-y-subsidios-a-cooperativas-de-trabajo\\\/#article\",\"isPartOf\":{\"@id\":\"https:\\\/\\\/diariotextual.com\\\/inicio\\\/index.php\\\/2023\\\/07\\\/18\\\/el-gobierno-lanza-lineas-de-credito-y-subsidios-a-cooperativas-de-trabajo\\\/\"},\"author\":{\"name\":\"Diario1 Diario1\",\"@id\":\"https:\\\/\\\/diariotextual.com\\\/inicio\\\/#\\\/schema\\\/person\\\/418fc4093c33e86ed41562db3508f958\"},\"headline\":\"El Gobierno lanza l\u00edneas de cr\u00e9dito y subsidios a cooperativas de trabajo\",\"datePublished\":\"2023-07-18T22:52:46+00:00\",\"dateModified\":\"2023-07-19T22:23:52+00:00\",\"mainEntityOfPage\":{\"@id\":\"https:\\\/\\\/diariotextual.com\\\/inicio\\\/index.php\\\/2023\\\/07\\\/18\\\/el-gobierno-lanza-lineas-de-credito-y-subsidios-a-cooperativas-de-trabajo\\\/\"},\"wordCount\":649,\"publisher\":{\"@id\":\"https:\\\/\\\/diariotextual.com\\\/inicio\\\/#organization\"},\"image\":{\"@id\":\"https:\\\/\\\/diariotextual.com\\\/inicio\\\/index.php\\\/2023\\\/07\\\/18\\\/el-gobierno-lanza-lineas-de-credito-y-subsidios-a-cooperativas-de-trabajo\\\/#primaryimage\"},\"thumbnailUrl\":\"https:\\\/\\\/diariotextual.com\\\/inicio\\\/wp-content\\\/uploads\\\/2023\\\/07\\\/ziliottosergiorauschenbergercooperativastrabajo2023-1.jpg\",\"articleSection\":[\"A - QUE PASA (al costado)\",\"SOCIEDAD\"],\"inLanguage\":\"es\"},{\"@type\":\"WebPage\",\"@id\":\"https:\\\/\\\/diariotextual.com\\\/inicio\\\/index.php\\\/2023\\\/07\\\/18\\\/el-gobierno-lanza-lineas-de-credito-y-subsidios-a-cooperativas-de-trabajo\\\/\",\"url\":\"https:\\\/\\\/diariotextual.com\\\/inicio\\\/index.php\\\/2023\\\/07\\\/18\\\/el-gobierno-lanza-lineas-de-credito-y-subsidios-a-cooperativas-de-trabajo\\\/\",\"name\":\"El Gobierno lanza l\u00edneas de cr\u00e9dito y subsidios a cooperativas de trabajo - Diario Textual\",\"isPartOf\":{\"@id\":\"https:\\\/\\\/diariotextual.com\\\/inicio\\\/#website\"},\"primaryImageOfPage\":{\"@id\":\"https:\\\/\\\/diariotextual.com\\\/inicio\\\/index.php\\\/2023\\\/07\\\/18\\\/el-gobierno-lanza-lineas-de-credito-y-subsidios-a-cooperativas-de-trabajo\\\/#primaryimage\"},\"image\":{\"@id\":\"https:\\\/\\\/diariotextual.com\\\/inicio\\\/index.php\\\/2023\\\/07\\\/18\\\/el-gobierno-lanza-lineas-de-credito-y-subsidios-a-cooperativas-de-trabajo\\\/#primaryimage\"},\"thumbnailUrl\":\"https:\\\/\\\/diariotextual.com\\\/inicio\\\/wp-content\\\/uploads\\\/2023\\\/07\\\/ziliottosergiorauschenbergercooperativastrabajo2023-1.jpg\",\"datePublished\":\"2023-07-18T22:52:46+00:00\",\"dateModified\":\"2023-07-19T22:23:52+00:00\",\"breadcrumb\":{\"@id\":\"https:\\\/\\\/diariotextual.com\\\/inicio\\\/index.php\\\/2023\\\/07\\\/18\\\/el-gobierno-lanza-lineas-de-credito-y-subsidios-a-cooperativas-de-trabajo\\\/#breadcrumb\"},\"inLanguage\":\"es\",\"potentialAction\":[{\"@type\":\"ReadAction\",\"target\":[\"https:\\\/\\\/diariotextual.com\\\/inicio\\\/index.php\\\/2023\\\/07\\\/18\\\/el-gobierno-lanza-lineas-de-credito-y-subsidios-a-cooperativas-de-trabajo\\\/\"]}]},{\"@type\":\"ImageObject\",\"inLanguage\":\"es\",\"@id\":\"https:\\\/\\\/diariotextual.com\\\/inicio\\\/index.php\\\/2023\\\/07\\\/18\\\/el-gobierno-lanza-lineas-de-credito-y-subsidios-a-cooperativas-de-trabajo\\\/#primaryimage\",\"url\":\"https:\\\/\\\/diariotextual.com\\\/inicio\\\/wp-content\\\/uploads\\\/2023\\\/07\\\/ziliottosergiorauschenbergercooperativastrabajo2023-1.jpg\",\"contentUrl\":\"https:\\\/\\\/diariotextual.com\\\/inicio\\\/wp-content\\\/uploads\\\/2023\\\/07\\\/ziliottosergiorauschenbergercooperativastrabajo2023-1.jpg\",\"width\":1500,\"height\":1000},{\"@type\":\"BreadcrumbList\",\"@id\":\"https:\\\/\\\/diariotextual.com\\\/inicio\\\/index.php\\\/2023\\\/07\\\/18\\\/el-gobierno-lanza-lineas-de-credito-y-subsidios-a-cooperativas-de-trabajo\\\/#breadcrumb\",\"itemListElement\":[{\"@type\":\"ListItem\",\"position\":1,\"name\":\"Portada\",\"item\":\"https:\\\/\\\/diariotextual.com\\\/inicio\\\/\"},{\"@type\":\"ListItem\",\"position\":2,\"name\":\"El Gobierno lanza l\u00edneas de cr\u00e9dito y subsidios a cooperativas de trabajo\"}]},{\"@type\":\"WebSite\",\"@id\":\"https:\\\/\\\/diariotextual.com\\\/inicio\\\/#website\",\"url\":\"https:\\\/\\\/diariotextual.com\\\/inicio\\\/\",\"name\":\"Diario Textual\",\"description\":\"\",\"publisher\":{\"@id\":\"https:\\\/\\\/diariotextual.com\\\/inicio\\\/#organization\"},\"potentialAction\":[{\"@type\":\"SearchAction\",\"target\":{\"@type\":\"EntryPoint\",\"urlTemplate\":\"https:\\\/\\\/diariotextual.com\\\/inicio\\\/?s={search_term_string}\"},\"query-input\":{\"@type\":\"PropertyValueSpecification\",\"valueRequired\":true,\"valueName\":\"search_term_string\"}}],\"inLanguage\":\"es\"},{\"@type\":\"Organization\",\"@id\":\"https:\\\/\\\/diariotextual.com\\\/inicio\\\/#organization\",\"name\":\"Diario Textual\",\"url\":\"https:\\\/\\\/diariotextual.com\\\/inicio\\\/\",\"logo\":{\"@type\":\"ImageObject\",\"inLanguage\":\"es\",\"@id\":\"https:\\\/\\\/diariotextual.com\\\/inicio\\\/#\\\/schema\\\/logo\\\/image\\\/\",\"url\":\"https:\\\/\\\/diariotextual.com\\\/inicio\\\/wp-content\\\/uploads\\\/2023\\\/05\\\/logotextual1.jpg\",\"contentUrl\":\"https:\\\/\\\/diariotextual.com\\\/inicio\\\/wp-content\\\/uploads\\\/2023\\\/05\\\/logotextual1.jpg\",\"width\":516,\"height\":76,\"caption\":\"Diario Textual\"},\"image\":{\"@id\":\"https:\\\/\\\/diariotextual.com\\\/inicio\\\/#\\\/schema\\\/logo\\\/image\\\/\"},\"sameAs\":[\"https:\\\/\\\/www.facebook.com\\\/eltextual\",\"https:\\\/\\\/x.com\\\/eltextual\",\"http:\\\/\\\/www.instagram.com\\\/eltextual\"]},{\"@type\":\"Person\",\"@id\":\"https:\\\/\\\/diariotextual.com\\\/inicio\\\/#\\\/schema\\\/person\\\/418fc4093c33e86ed41562db3508f958\",\"name\":\"Diario1 Diario1\",\"image\":{\"@type\":\"ImageObject\",\"inLanguage\":\"es\",\"@id\":\"https:\\\/\\\/secure.gravatar.com\\\/avatar\\\/9167d280179c85bc18be67aa7eda765854300033af4896dd779b608640f2ef7a?s=96&d=mm&r=g\",\"url\":\"https:\\\/\\\/secure.gravatar.com\\\/avatar\\\/9167d280179c85bc18be67aa7eda765854300033af4896dd779b608640f2ef7a?s=96&d=mm&r=g\",\"contentUrl\":\"https:\\\/\\\/secure.gravatar.com\\\/avatar\\\/9167d280179c85bc18be67aa7eda765854300033af4896dd779b608640f2ef7a?s=96&d=mm&r=g\",\"caption\":\"Diario1 Diario1\"},\"url\":\"https:\\\/\\\/diariotextual.com\\\/inicio\\\/index.php\\\/author\\\/diario1\\\/\"}]}<\/script>\n<!-- \/ Yoast SEO plugin. -->","yoast_head_json":{"title":"El Gobierno lanza l\u00edneas de cr\u00e9dito y subsidios a cooperativas de trabajo - Diario Textual","robots":{"index":"index","follow":"follow","max-snippet":"max-snippet:-1","max-image-preview":"max-image-preview:large","max-video-preview":"max-video-preview:-1"},"canonical":"https:\/\/diariotextual.com\/inicio\/index.php\/2023\/07\/18\/el-gobierno-lanza-lineas-de-credito-y-subsidios-a-cooperativas-de-trabajo\/","og_locale":"es_ES","og_type":"article","og_title":"El Gobierno lanza l\u00edneas de cr\u00e9dito y subsidios a cooperativas de trabajo - Diario Textual","og_description":"El gobernador Sergio Ziliotto mantuvo una reuni\u00f3n de trabajo con representantes de gran parte de las 55 cooperativas de trabajo que existen en La Pampa y, junto al ministro de&hellip;","og_url":"https:\/\/diariotextual.com\/inicio\/index.php\/2023\/07\/18\/el-gobierno-lanza-lineas-de-credito-y-subsidios-a-cooperativas-de-trabajo\/","og_site_name":"Diario Textual","article_publisher":"https:\/\/www.facebook.com\/eltextual","article_published_time":"2023-07-18T22:52:46+00:00","article_modified_time":"2023-07-19T22:23:52+00:00","og_image":[{"width":1500,"height":1000,"url":"https:\/\/diariotextual.com\/inicio\/wp-content\/uploads\/2023\/07\/ziliottosergiorauschenbergercooperativastrabajo2023-1.jpg","type":"image\/jpeg"}],"author":"Diario1 Diario1","twitter_card":"summary_large_image","twitter_creator":"@eltextual","twitter_site":"@eltextual","twitter_misc":{"Escrito por":"Diario1 Diario1","Tiempo de lectura":"1 minuto"},"schema":{"@context":"https:\/\/schema.org","@graph":[{"@type":"Article","@id":"https:\/\/diariotextual.com\/inicio\/index.php\/2023\/07\/18\/el-gobierno-lanza-lineas-de-credito-y-subsidios-a-cooperativas-de-trabajo\/#article","isPartOf":{"@id":"https:\/\/diariotextual.com\/inicio\/index.php\/2023\/07\/18\/el-gobierno-lanza-lineas-de-credito-y-subsidios-a-cooperativas-de-trabajo\/"},"author":{"name":"Diario1 Diario1","@id":"https:\/\/diariotextual.com\/inicio\/#\/schema\/person\/418fc4093c33e86ed41562db3508f958"},"headline":"El Gobierno lanza l\u00edneas de cr\u00e9dito y subsidios a cooperativas de trabajo","datePublished":"2023-07-18T22:52:46+00:00","dateModified":"2023-07-19T22:23:52+00:00","mainEntityOfPage":{"@id":"https:\/\/diariotextual.com\/inicio\/index.php\/2023\/07\/18\/el-gobierno-lanza-lineas-de-credito-y-subsidios-a-cooperativas-de-trabajo\/"},"wordCount":649,"publisher":{"@id":"https:\/\/diariotextual.com\/inicio\/#organization"},"image":{"@id":"https:\/\/diariotextual.com\/inicio\/index.php\/2023\/07\/18\/el-gobierno-lanza-lineas-de-credito-y-subsidios-a-cooperativas-de-trabajo\/#primaryimage"},"thumbnailUrl":"https:\/\/diariotextual.com\/inicio\/wp-content\/uploads\/2023\/07\/ziliottosergiorauschenbergercooperativastrabajo2023-1.jpg","articleSection":["A - QUE PASA (al costado)","SOCIEDAD"],"inLanguage":"es"},{"@type":"WebPage","@id":"https:\/\/diariotextual.com\/inicio\/index.php\/2023\/07\/18\/el-gobierno-lanza-lineas-de-credito-y-subsidios-a-cooperativas-de-trabajo\/","url":"https:\/\/diariotextual.com\/inicio\/index.php\/2023\/07\/18\/el-gobierno-lanza-lineas-de-credito-y-subsidios-a-cooperativas-de-trabajo\/","name":"El Gobierno lanza l\u00edneas de cr\u00e9dito y subsidios a cooperativas de trabajo - Diario Textual","isPartOf":{"@id":"https:\/\/diariotextual.com\/inicio\/#website"},"primaryImageOfPage":{"@id":"https:\/\/diariotextual.com\/inicio\/index.php\/2023\/07\/18\/el-gobierno-lanza-lineas-de-credito-y-subsidios-a-cooperativas-de-trabajo\/#primaryimage"},"image":{"@id":"https:\/\/diariotextual.com\/inicio\/index.php\/2023\/07\/18\/el-gobierno-lanza-lineas-de-credito-y-subsidios-a-cooperativas-de-trabajo\/#primaryimage"},"thumbnailUrl":"https:\/\/diariotextual.com\/inicio\/wp-content\/uploads\/2023\/07\/ziliottosergiorauschenbergercooperativastrabajo2023-1.jpg","datePublished":"2023-07-18T22:52:46+00:00","dateModified":"2023-07-19T22:23:52+00:00","breadcrumb":{"@id":"https:\/\/diariotextual.com\/inicio\/index.php\/2023\/07\/18\/el-gobierno-lanza-lineas-de-credito-y-subsidios-a-cooperativas-de-trabajo\/#breadcrumb"},"inLanguage":"es","potentialAction":[{"@type":"ReadAction","target":["https:\/\/diariotextual.com\/inicio\/index.php\/2023\/07\/18\/el-gobierno-lanza-lineas-de-credito-y-subsidios-a-cooperativas-de-trabajo\/"]}]},{"@type":"ImageObject","inLanguage":"es","@id":"https:\/\/diariotextual.com\/inicio\/index.php\/2023\/07\/18\/el-gobierno-lanza-lineas-de-credito-y-subsidios-a-cooperativas-de-trabajo\/#primaryimage","url":"https:\/\/diariotextual.com\/inicio\/wp-content\/uploads\/2023\/07\/ziliottosergiorauschenbergercooperativastrabajo2023-1.jpg","contentUrl":"https:\/\/diariotextual.com\/inicio\/wp-content\/uploads\/2023\/07\/ziliottosergiorauschenbergercooperativastrabajo2023-1.jpg","width":1500,"height":1000},{"@type":"BreadcrumbList","@id":"https:\/\/diariotextual.com\/inicio\/index.php\/2023\/07\/18\/el-gobierno-lanza-lineas-de-credito-y-subsidios-a-cooperativas-de-trabajo\/#breadcrumb","itemListElement":[{"@type":"ListItem","position":1,"name":"Portada","item":"https:\/\/diariotextual.com\/inicio\/"},{"@type":"ListItem","position":2,"name":"El Gobierno lanza l\u00edneas de cr\u00e9dito y subsidios a cooperativas de trabajo"}]},{"@type":"WebSite","@id":"https:\/\/diariotextual.com\/inicio\/#website","url":"https:\/\/diariotextual.com\/inicio\/","name":"Diario Textual","description":"","publisher":{"@id":"https:\/\/diariotextual.com\/inicio\/#organization"},"potentialAction":[{"@type":"SearchAction","target":{"@type":"EntryPoint","urlTemplate":"https:\/\/diariotextual.com\/inicio\/?s={search_term_string}"},"query-input":{"@type":"PropertyValueSpecification","valueRequired":true,"valueName":"search_term_string"}}],"inLanguage":"es"},{"@type":"Organization","@id":"https:\/\/diariotextual.com\/inicio\/#organization","name":"Diario Textual","url":"https:\/\/diariotextual.com\/inicio\/","logo":{"@type":"ImageObject","inLanguage":"es","@id":"https:\/\/diariotextual.com\/inicio\/#\/schema\/logo\/image\/","url":"https:\/\/diariotextual.com\/inicio\/wp-content\/uploads\/2023\/05\/logotextual1.jpg","contentUrl":"https:\/\/diariotextual.com\/inicio\/wp-content\/uploads\/2023\/05\/logotextual1.jpg","width":516,"height":76,"caption":"Diario Textual"},"image":{"@id":"https:\/\/diariotextual.com\/inicio\/#\/schema\/logo\/image\/"},"sameAs":["https:\/\/www.facebook.com\/eltextual","https:\/\/x.com\/eltextual","http:\/\/www.instagram.com\/eltextual"]},{"@type":"Person","@id":"https:\/\/diariotextual.com\/inicio\/#\/schema\/person\/418fc4093c33e86ed41562db3508f958","name":"Diario1 Diario1","image":{"@type":"ImageObject","inLanguage":"es","@id":"https:\/\/secure.gravatar.com\/avatar\/9167d280179c85bc18be67aa7eda765854300033af4896dd779b608640f2ef7a?s=96&d=mm&r=g","url":"https:\/\/secure.gravatar.com\/avatar\/9167d280179c85bc18be67aa7eda765854300033af4896dd779b608640f2ef7a?s=96&d=mm&r=g","contentUrl":"https:\/\/secure.gravatar.com\/avatar\/9167d280179c85bc18be67aa7eda765854300033af4896dd779b608640f2ef7a?s=96&d=mm&r=g","caption":"Diario1 Diario1"},"url":"https:\/\/diariotextual.com\/inicio\/index.php\/author\/diario1\/"}]}},"_links":{"self":[{"href":"https:\/\/diariotextual.com\/inicio\/index.php\/wp-json\/wp\/v2\/posts\/231305","targetHints":{"allow":["GET"]}}],"collection":[{"href":"https:\/\/diariotextual.com\/inicio\/index.php\/wp-json\/wp\/v2\/posts"}],"about":[{"href":"https:\/\/diariotextual.com\/inicio\/index.php\/wp-json\/wp\/v2\/types\/post"}],"author":[{"embeddable":true,"href":"https:\/\/diariotextual.com\/inicio\/index.php\/wp-json\/wp\/v2\/users\/3"}],"replies":[{"embeddable":true,"href":"https:\/\/diariotextual.com\/inicio\/index.php\/wp-json\/wp\/v2\/comments?post=231305"}],"version-history":[{"count":2,"href":"https:\/\/diariotextual.com\/inicio\/index.php\/wp-json\/wp\/v2\/posts\/231305\/revisions"}],"predecessor-version":[{"id":231308,"href":"https:\/\/diariotextual.com\/inicio\/index.php\/wp-json\/wp\/v2\/posts\/231305\/revisions\/231308"}],"wp:featuredmedia":[{"embeddable":true,"href":"https:\/\/diariotextual.com\/inicio\/index.php\/wp-json\/wp\/v2\/media\/231307"}],"wp:attachment":[{"href":"https:\/\/diariotextual.com\/inicio\/index.php\/wp-json\/wp\/v2\/media?parent=231305"}],"wp:term":[{"taxonomy":"category","embeddable":true,"href":"https:\/\/diariotextual.com\/inicio\/index.php\/wp-json\/wp\/v2\/categories?post=231305"},{"taxonomy":"post_tag","embeddable":true,"href":"https:\/\/diariotextual.com\/inicio\/index.php\/wp-json\/wp\/v2\/tags?post=231305"}],"curies":[{"name":"wp","href":"https:\/\/api.w.org\/{rel}","templated":true}]}}