{"id":231318,"date":"2023-07-19T11:18:19","date_gmt":"2023-07-19T14:18:19","guid":{"rendered":"https:\/\/diariotextual.com\/inicio\/?p=231318"},"modified":"2023-07-20T08:43:34","modified_gmt":"2023-07-20T11:43:34","slug":"en-el-oeste-pampeano-la-batalla-por-fomentar-el-turismo-sin-rio","status":"publish","type":"post","link":"https:\/\/diariotextual.com\/inicio\/index.php\/2023\/07\/19\/en-el-oeste-pampeano-la-batalla-por-fomentar-el-turismo-sin-rio\/","title":{"rendered":"En el oeste pampeano, la \u201cbatalla\u201d por fomentar el turismo sin r\u00edo"},"content":{"rendered":"\n<p>La<strong> \u201cbatalla\u201d <\/strong>por la recuperaci\u00f3n de los r\u00edos pampeanos se torn\u00f3, hace a\u00f1os, en cuesti\u00f3n de Estado. En ese contexto, resulta encomiable la labor de los gu\u00edas tur\u00edsticos del oeste pampeano que realizan su trabajo alineando su<em> \u201cspeech\u201d<\/em> a la realidad que viven a diario por la falta de agua. Es el caso de la algarrobense <strong>Vanina Mart\u00ednez<\/strong>, quien a diario recibe y describe al turista de paso los pormenores de una lucha que no se detiene.\u00a0Su labor no es menor y forma parte de una estrategia dise\u00f1ada por ella y que comparte con las personas que toman contacto con los viajeros, entre ellos los playeros de la \u00fanica estaci\u00f3n de servicio de Algarrobo del \u00c1guila.<\/p>\n\n\n\n<p>Vanina Mart\u00ednez, oriunda de Algarrobo del \u00c1guila, cont\u00f3 a la Agencia Provincial de Noticias que en 2006 fue a estudiar a Santa Rosa, form\u00f3 familia y luego el intendente de la localidad oeste\u00f1a, Oscar Gatica, la convoc\u00f3 para ir a desarrollar el turismo en la localidad, tomando como base un proyecto de su autor\u00eda.<\/p>\n\n\n\n<p>\u201c<strong>Casi el 80% de la gente que nos visita lo hace por el tema del r\u00edo, es el llamador que tenemos y dependiendo de la \u00e9poca del a\u00f1o en que pasan, lo ven con agua o seco como est\u00e1 actualmente. Hay gente que va de paso de norte a sur, o de sur a norte y que ingresan porque cargaron combustible y andan con algo de tiempo, pasan a ver los circuitos guiados<\/strong>\u201d, dijo.<\/p>\n\n\n\n<p>\u201cTrabajamos desde el punto de vista de la concientizaci\u00f3n m\u00e1s que nada dentro del circuito cultural hist\u00f3rico, donde est\u00e1 toda la historia del pueblo, pasando por sus antiguos pobladores; mencionamos los pueblos originarios que despu\u00e9s se terminan yendo a Emilio Mitre o Victorica; la fundaci\u00f3n del pueblo; y la primera comisar\u00eda donde dicen que en su calabozo estuvo alojado Juan Vairoletto. All\u00ed funciona ahora el Centro de Informes Tur\u00edsticos. Desde ah\u00ed caminamos a la ribera del r\u00edo, all\u00ed contamos toda la problem\u00e1tica del Atuel, desde el d\u00eda cero hasta la actualidad, con datos que se van actualizando gracias a la Secretar\u00eda de Recursos H\u00eddricos\u201d, expres\u00f3.<\/p>\n\n\n\n<p>Destac\u00f3 que la conexi\u00f3n con la secretar\u00eda es casi a diario, con todas las autoridades que est\u00e1n siempre a disposici\u00f3n. \u201cQuienes est\u00e1n con las mediciones, incluso ha llegado el Atuel al primer puente de acceso del r\u00edo a nuestra provincia, Los Vinchuqueros, y lleva unos d\u00edas hasta que llegue al puente viejo, que es donde armamos toda la costanera dentro del casco urbano\u201d, dijo.<br><\/p>\n\n\n\n<p>\u201cRecibimos a grupos escolares de distintos puntos de la provincia, tanto nivel inicial, primario, secundario o la Universidad de La Pampa. Van con la tem\u00e1tica del Atuel y se acercan hasta el lugar clave donde deb\u00eda estar ese paseo\u201d, dijo.<\/p>\n\n\n\n<div style=\"height:100px\" aria-hidden=\"true\" class=\"wp-block-spacer\"><\/div>\n\n\n\n<p><strong>R\u00edo robado<\/strong><br>Algunos de los turistas saben de la problem\u00e1tica y otros no. \u201cHay que destacar que estos \u00faltimos a\u00f1os se lleg\u00f3 a o\u00eddos nacionales. Lo notamos mucho en la Fiesta del R\u00edo y la Barda, una fiesta local porque es nueva todav\u00eda. Aument\u00f3 la concurrencia del p\u00fablico ya que contratamos artistas nacionales\u201d, dijo.<br><\/p>\n\n\n\n<p>Como an\u00e9cdota, coment\u00f3 que la cantante de folclore Roxana Carabajal desconoc\u00eda la situaci\u00f3n. \u201cNo ten\u00eda idea, nunca lo hab\u00eda escuchado. Llev\u00e9 a conocer a toda la banda al r\u00edo e hicieron un video. Le impact\u00f3 much\u00edsimo el tema y se comprometi\u00f3 a difundirlo en cada show, porque esto no pod\u00eda ser. Tambi\u00e9n hay otros artistas que no se involucran en el tema\u201d, dijo.\u00a0<br><\/p>\n\n\n\n<p><\/p>\n\n\n\n<p>\u201cPara m\u00ed no hay mejor reclamo que el conocimiento, el saber qu\u00e9 est\u00e1 pasando, que esto est\u00e1 mal. Estoy muy a favor de que las escuelas vayan a San Rafael, porque para m\u00ed no hay mayor impacto que ese, que se vean el mont\u00f3n de actividades tur\u00edsticas, recreativas, de naturaleza, donde est\u00e1 todo verde. Y pasen y vean la otra realidad, que pasen por Algarrobo del \u00c1guila y que el cauce est\u00e1 totalmente seco, la aridez, el viento, la tierra. No hay mejor impacto que eso\u201d, enfatiz\u00f3.<\/p>\n\n\n\n<div style=\"height:100px\" aria-hidden=\"true\" class=\"wp-block-spacer\"><\/div>\n\n\n\n<p><strong>Entre provincias<\/strong><br>\u201cCuando tratamos el tema con las escuelas, siempre hago hincapi\u00e9 en las pol\u00edticas mendocinas, no en el ciudadano com\u00fan. Y el tema del bullying se da entre los ni\u00f1os, pero digo, son las pol\u00edticas de gente de mucho poder adquisitivo. La Corte Suprema fall\u00f3 y siguen sin acatar. No es el laburante. Las pol\u00edticas h\u00eddricas de Mendoza desertificaron su propio sur mendocino. Si vamos a General Alvear, compartimos la misma geograf\u00eda y la misma naturaleza, completamente seco\u201d, expres\u00f3.<br><\/p>\n\n\n\n<p>\u201cNo hay mejor manera que el conocer la causa, conocer por qu\u00e9 el r\u00edo tiene que pasar, por qu\u00e9 el r\u00edo es tan importante\u201d, dijo.<\/p>\n\n\n\n<div style=\"height:100px\" aria-hidden=\"true\" class=\"wp-block-spacer\"><\/div>\n\n\n\n<p><\/p>\n\n\n\n<p><strong>El agua cuando llega<\/strong><br>\u201cCuando llega el agua lo comparo con la de San Rafael, ese verde esmeralda divino. Lleg\u00e1s a Algarrobo y el agua es turbia, porque arrastra todos los sedimentos, porque viene sucia, porque fue la que utilizaron para limpiar, baj\u00f3 a las napas y arrastra todo lo que le echan a las plantas, los pesticidas y cuando se empieza a ir, comienzan a quedar manchones de salinidad en la tierra. Por m\u00e1s que Mendoza largue agua tres veces al a\u00f1o, no nos sirve, es agua sucia\u201d, remarc\u00f3 Vanina.<\/p>\n\n\n\n<p><\/p>\n\n\n\n<figure class=\"wp-block-image size-large\"><img fetchpriority=\"high\" decoding=\"async\" width=\"1024\" height=\"768\" src=\"https:\/\/diariotextual.com\/inicio\/wp-content\/uploads\/2023\/07\/atuelsecoalumnos2023-1-1024x768.jpeg\" alt=\"\" class=\"wp-image-231324\" srcset=\"https:\/\/diariotextual.com\/inicio\/wp-content\/uploads\/2023\/07\/atuelsecoalumnos2023-1-1024x768.jpeg 1024w, https:\/\/diariotextual.com\/inicio\/wp-content\/uploads\/2023\/07\/atuelsecoalumnos2023-1-300x225.jpeg 300w, https:\/\/diariotextual.com\/inicio\/wp-content\/uploads\/2023\/07\/atuelsecoalumnos2023-1-768x576.jpeg 768w, https:\/\/diariotextual.com\/inicio\/wp-content\/uploads\/2023\/07\/atuelsecoalumnos2023-1-1536x1152.jpeg 1536w, https:\/\/diariotextual.com\/inicio\/wp-content\/uploads\/2023\/07\/atuelsecoalumnos2023-1-1170x878.jpeg 1170w, https:\/\/diariotextual.com\/inicio\/wp-content\/uploads\/2023\/07\/atuelsecoalumnos2023-1-585x439.jpeg 585w, https:\/\/diariotextual.com\/inicio\/wp-content\/uploads\/2023\/07\/atuelsecoalumnos2023-1.jpeg 1600w\" sizes=\"(max-width: 1024px) 100vw, 1024px\" \/><\/figure>\n\n\n\n<p><br>\u201cEn 2017- record\u00f3- hicimos una limpieza de la costanera, tenemos los miradores, se pusieron mesas y parrillas. Ese a\u00f1o fue at\u00edpico y llovi\u00f3 mucho en todo el pa\u00eds. Tuvimos agua hasta fines de enero de 2018 que fue la novedad, que La Pampa hab\u00eda recuperado el r\u00edo\u201d.\u00a0<br><\/p>\n\n\n\n<p>Tambi\u00e9n en Algarrobo se hizo un emprendimiento de kayak. \u201cSe llen\u00f3 de gente que fue a disfrutar de un verano con el r\u00edo, fue el \u00fanico verano\u201d, dijo.<br><\/p>\n\n\n\n<p>Hubo a\u00f1os que han largado agua y llegado a inundar hasta cerca de la plaza. \u201cEsto pasaba porque el r\u00edo estuvo cortado 25 a\u00f1os, los vientos son permanentes y el cauce se borra si no pasa el agua. Lo que hizo Recursos H\u00eddricos en conjunto con Vialidad Provincial y la municipalidad de Algarrobo del \u00c1guila, fue hacer una readecuaci\u00f3n del cauce, se limpi\u00f3 y se sacaron algunos tamariscos que son especies ex\u00f3ticas, que no deber\u00edan estar ah\u00ed y han invadido el cauce. Esas obras se hicieron y seguimos sin agua. No hay un caudal constante que permita que La Pampa tenga producci\u00f3n en la zona\u201d.<br><\/p>\n\n\n\n<p> \u201cAntes del corte, cuando el r\u00edo Atuel corr\u00eda libremente y ten\u00eda los brazos que ten\u00eda que tener, eran cinco, se hab\u00eda armado sobre el Arroyo Butal\u00f3, una colonia. Les daban a quienes quisieran vivir una parcela, a cambio de que produjeran. Y hab\u00edan sembrado, la gente ven\u00eda a comprar a esa zona que era muy productiva\u201d, sostuvo.\u00a0<\/p>\n\n\n\n<div style=\"height:100px\" aria-hidden=\"true\" class=\"wp-block-spacer\"><\/div>\n\n\n\n<p><strong>Proyectos tur\u00edsticos de la zona<\/strong><\/p>\n\n\n\n<p>Varios son los circuitos: el Cultural Hist\u00f3rico, \u201cdonde vamos al r\u00edo\u201d; el Circuito de la Naturaleza, que son los miradores de la barda. \u201cSe sube a la barda y se puede ver cu\u00e1n infinita es La Pampa, porque se ve tanto territorio. Est\u00e1 armado con carteler\u00eda con las plantas aut\u00f3ctonas y sus usos medicinales\u201d. Un Circuito Productivo, \u201cque se revaloriz\u00f3 a quienes hacen el trabajo de caprineros. Vamos a una chacra al lado del casco urbano\u201d.\u00a0<\/p>\n\n\n\n<figure class=\"wp-block-image size-large\"><img decoding=\"async\" width=\"1024\" height=\"670\" src=\"https:\/\/diariotextual.com\/inicio\/wp-content\/uploads\/2023\/07\/turismooestepampeano2023-1-1024x670.jpeg\" alt=\"\" class=\"wp-image-231325\" srcset=\"https:\/\/diariotextual.com\/inicio\/wp-content\/uploads\/2023\/07\/turismooestepampeano2023-1-1024x670.jpeg 1024w, https:\/\/diariotextual.com\/inicio\/wp-content\/uploads\/2023\/07\/turismooestepampeano2023-1-300x196.jpeg 300w, https:\/\/diariotextual.com\/inicio\/wp-content\/uploads\/2023\/07\/turismooestepampeano2023-1-768x502.jpeg 768w, https:\/\/diariotextual.com\/inicio\/wp-content\/uploads\/2023\/07\/turismooestepampeano2023-1-1536x1005.jpeg 1536w, https:\/\/diariotextual.com\/inicio\/wp-content\/uploads\/2023\/07\/turismooestepampeano2023-1-1170x765.jpeg 1170w, https:\/\/diariotextual.com\/inicio\/wp-content\/uploads\/2023\/07\/turismooestepampeano2023-1-585x383.jpeg 585w, https:\/\/diariotextual.com\/inicio\/wp-content\/uploads\/2023\/07\/turismooestepampeano2023-1.jpeg 1599w\" sizes=\"(max-width: 1024px) 100vw, 1024px\" \/><\/figure>\n\n\n\n<p><br>Se puede recorrer una f\u00e1brica de cerveza artesanal, Cerveza Chicalc\u00f3, donde se cuenta todo el proceso de elaboraci\u00f3n y realiza una degustaci\u00f3n. \u00abVisitamos a una artesana de la localidad, Herminda del R\u00edo, que da talleres de tejido, dentro de la Direcci\u00f3n de Cultura. Adem\u00e1s, se puede realizar senderismo, por los ca\u00f1adones que son muy impactantes, de Don Pascual, era una estancia tur\u00edstica que cerr\u00f3; y senderismo por el cerro Los Guanacos\u00bb. A esto se sum\u00f3 el astro turismo, \u201cgracias a la Secretar\u00eda de Turismo adquirimos en pr\u00e9stamo un telescopio que hab\u00eda en el Parque Luro y que no era utilizado. Hacemos observaci\u00f3n en La Barda\u201d.<\/p>\n\n\n\n<p>Vanina Mart\u00ednez mostr\u00f3 su pasi\u00f3n por su pueblo, sus ganas de llevar adelante un proyecto tur\u00edstico que va m\u00e1s all\u00e1 de dar a&nbsp; conocer los atractivos del oeste profundo. Es un aporte al reclamo de tantos a\u00f1os sobre el r\u00edo Atuel, para que un d\u00eda no muy lejano siga la esperanza de que vuelva a correr por suelo pampeano.&nbsp;<\/p>\n\n\n\n<div style=\"height:100px\" aria-hidden=\"true\" class=\"wp-block-spacer\"><\/div>\n\n\n\n<p><strong>Contacto:<\/strong><\/p>\n\n\n\n<p>Celular:&nbsp;<strong>2954 &#8211; 467956<\/strong><br>Correo:&nbsp;<strong>turismoalgarrobodelaguila@gmail.com<\/strong><\/p>\n","protected":false},"excerpt":{"rendered":"<p>La \u201cbatalla\u201d por la recuperaci\u00f3n de los r\u00edos pampeanos se torn\u00f3, hace a\u00f1os, en cuesti\u00f3n de Estado. En ese contexto, resulta encomiable la labor de los gu\u00edas tur\u00edsticos del oeste&hellip;<\/p>\n","protected":false},"author":3,"featured_media":231322,"comment_status":"closed","ping_status":"open","sticky":false,"template":"","format":"standard","meta":{"_acf_changed":false,"footnotes":""},"categories":[11,12],"tags":[],"class_list":["post-231318","post","type-post","status-publish","format-standard","has-post-thumbnail","hentry","category-que-pasa","category-sociedad"],"acf":[],"yoast_head":"<!-- This site is optimized with the Yoast SEO plugin v27.5 - https:\/\/yoast.com\/product\/yoast-seo-wordpress\/ -->\n<title>En el oeste pampeano, la \u201cbatalla\u201d por fomentar el turismo sin r\u00edo - Diario Textual<\/title>\n<meta name=\"robots\" content=\"index, follow, max-snippet:-1, max-image-preview:large, max-video-preview:-1\" \/>\n<link rel=\"canonical\" href=\"https:\/\/diariotextual.com\/inicio\/index.php\/2023\/07\/19\/en-el-oeste-pampeano-la-batalla-por-fomentar-el-turismo-sin-rio\/\" \/>\n<meta property=\"og:locale\" content=\"es_ES\" \/>\n<meta property=\"og:type\" content=\"article\" \/>\n<meta property=\"og:title\" content=\"En el oeste pampeano, la \u201cbatalla\u201d por fomentar el turismo sin r\u00edo - Diario Textual\" \/>\n<meta property=\"og:description\" content=\"La \u201cbatalla\u201d por la recuperaci\u00f3n de los r\u00edos pampeanos se torn\u00f3, hace a\u00f1os, en cuesti\u00f3n de Estado. En ese contexto, resulta encomiable la labor de los gu\u00edas tur\u00edsticos del oeste&hellip;\" \/>\n<meta property=\"og:url\" content=\"https:\/\/diariotextual.com\/inicio\/index.php\/2023\/07\/19\/en-el-oeste-pampeano-la-batalla-por-fomentar-el-turismo-sin-rio\/\" \/>\n<meta property=\"og:site_name\" content=\"Diario Textual\" \/>\n<meta property=\"article:publisher\" content=\"https:\/\/www.facebook.com\/eltextual\" \/>\n<meta property=\"article:published_time\" content=\"2023-07-19T14:18:19+00:00\" \/>\n<meta property=\"article:modified_time\" content=\"2023-07-20T11:43:34+00:00\" \/>\n<meta property=\"og:image\" content=\"https:\/\/diariotextual.com\/inicio\/wp-content\/uploads\/2023\/07\/oestechivos2023-2.jpg\" \/>\n\t<meta property=\"og:image:width\" content=\"1500\" \/>\n\t<meta property=\"og:image:height\" content=\"973\" \/>\n\t<meta property=\"og:image:type\" content=\"image\/jpeg\" \/>\n<meta name=\"author\" content=\"Diario1 Diario1\" \/>\n<meta name=\"twitter:card\" content=\"summary_large_image\" \/>\n<meta name=\"twitter:creator\" content=\"@eltextual\" \/>\n<meta name=\"twitter:site\" content=\"@eltextual\" \/>\n<meta name=\"twitter:label1\" content=\"Escrito por\" \/>\n\t<meta name=\"twitter:data1\" content=\"Diario1 Diario1\" \/>\n\t<meta name=\"twitter:label2\" content=\"Tiempo de lectura\" \/>\n\t<meta name=\"twitter:data2\" content=\"7 minutos\" \/>\n<script type=\"application\/ld+json\" class=\"yoast-schema-graph\">{\"@context\":\"https:\\\/\\\/schema.org\",\"@graph\":[{\"@type\":\"Article\",\"@id\":\"https:\\\/\\\/diariotextual.com\\\/inicio\\\/index.php\\\/2023\\\/07\\\/19\\\/en-el-oeste-pampeano-la-batalla-por-fomentar-el-turismo-sin-rio\\\/#article\",\"isPartOf\":{\"@id\":\"https:\\\/\\\/diariotextual.com\\\/inicio\\\/index.php\\\/2023\\\/07\\\/19\\\/en-el-oeste-pampeano-la-batalla-por-fomentar-el-turismo-sin-rio\\\/\"},\"author\":{\"name\":\"Diario1 Diario1\",\"@id\":\"https:\\\/\\\/diariotextual.com\\\/inicio\\\/#\\\/schema\\\/person\\\/418fc4093c33e86ed41562db3508f958\"},\"headline\":\"En el oeste pampeano, la \u201cbatalla\u201d por fomentar el turismo sin r\u00edo\",\"datePublished\":\"2023-07-19T14:18:19+00:00\",\"dateModified\":\"2023-07-20T11:43:34+00:00\",\"mainEntityOfPage\":{\"@id\":\"https:\\\/\\\/diariotextual.com\\\/inicio\\\/index.php\\\/2023\\\/07\\\/19\\\/en-el-oeste-pampeano-la-batalla-por-fomentar-el-turismo-sin-rio\\\/\"},\"wordCount\":1469,\"publisher\":{\"@id\":\"https:\\\/\\\/diariotextual.com\\\/inicio\\\/#organization\"},\"image\":{\"@id\":\"https:\\\/\\\/diariotextual.com\\\/inicio\\\/index.php\\\/2023\\\/07\\\/19\\\/en-el-oeste-pampeano-la-batalla-por-fomentar-el-turismo-sin-rio\\\/#primaryimage\"},\"thumbnailUrl\":\"https:\\\/\\\/diariotextual.com\\\/inicio\\\/wp-content\\\/uploads\\\/2023\\\/07\\\/oestechivos2023-2.jpg\",\"articleSection\":[\"A - QUE PASA (al costado)\",\"SOCIEDAD\"],\"inLanguage\":\"es\"},{\"@type\":\"WebPage\",\"@id\":\"https:\\\/\\\/diariotextual.com\\\/inicio\\\/index.php\\\/2023\\\/07\\\/19\\\/en-el-oeste-pampeano-la-batalla-por-fomentar-el-turismo-sin-rio\\\/\",\"url\":\"https:\\\/\\\/diariotextual.com\\\/inicio\\\/index.php\\\/2023\\\/07\\\/19\\\/en-el-oeste-pampeano-la-batalla-por-fomentar-el-turismo-sin-rio\\\/\",\"name\":\"En el oeste pampeano, la \u201cbatalla\u201d por fomentar el turismo sin r\u00edo - Diario Textual\",\"isPartOf\":{\"@id\":\"https:\\\/\\\/diariotextual.com\\\/inicio\\\/#website\"},\"primaryImageOfPage\":{\"@id\":\"https:\\\/\\\/diariotextual.com\\\/inicio\\\/index.php\\\/2023\\\/07\\\/19\\\/en-el-oeste-pampeano-la-batalla-por-fomentar-el-turismo-sin-rio\\\/#primaryimage\"},\"image\":{\"@id\":\"https:\\\/\\\/diariotextual.com\\\/inicio\\\/index.php\\\/2023\\\/07\\\/19\\\/en-el-oeste-pampeano-la-batalla-por-fomentar-el-turismo-sin-rio\\\/#primaryimage\"},\"thumbnailUrl\":\"https:\\\/\\\/diariotextual.com\\\/inicio\\\/wp-content\\\/uploads\\\/2023\\\/07\\\/oestechivos2023-2.jpg\",\"datePublished\":\"2023-07-19T14:18:19+00:00\",\"dateModified\":\"2023-07-20T11:43:34+00:00\",\"breadcrumb\":{\"@id\":\"https:\\\/\\\/diariotextual.com\\\/inicio\\\/index.php\\\/2023\\\/07\\\/19\\\/en-el-oeste-pampeano-la-batalla-por-fomentar-el-turismo-sin-rio\\\/#breadcrumb\"},\"inLanguage\":\"es\",\"potentialAction\":[{\"@type\":\"ReadAction\",\"target\":[\"https:\\\/\\\/diariotextual.com\\\/inicio\\\/index.php\\\/2023\\\/07\\\/19\\\/en-el-oeste-pampeano-la-batalla-por-fomentar-el-turismo-sin-rio\\\/\"]}]},{\"@type\":\"ImageObject\",\"inLanguage\":\"es\",\"@id\":\"https:\\\/\\\/diariotextual.com\\\/inicio\\\/index.php\\\/2023\\\/07\\\/19\\\/en-el-oeste-pampeano-la-batalla-por-fomentar-el-turismo-sin-rio\\\/#primaryimage\",\"url\":\"https:\\\/\\\/diariotextual.com\\\/inicio\\\/wp-content\\\/uploads\\\/2023\\\/07\\\/oestechivos2023-2.jpg\",\"contentUrl\":\"https:\\\/\\\/diariotextual.com\\\/inicio\\\/wp-content\\\/uploads\\\/2023\\\/07\\\/oestechivos2023-2.jpg\",\"width\":1500,\"height\":973},{\"@type\":\"BreadcrumbList\",\"@id\":\"https:\\\/\\\/diariotextual.com\\\/inicio\\\/index.php\\\/2023\\\/07\\\/19\\\/en-el-oeste-pampeano-la-batalla-por-fomentar-el-turismo-sin-rio\\\/#breadcrumb\",\"itemListElement\":[{\"@type\":\"ListItem\",\"position\":1,\"name\":\"Portada\",\"item\":\"https:\\\/\\\/diariotextual.com\\\/inicio\\\/\"},{\"@type\":\"ListItem\",\"position\":2,\"name\":\"En el oeste pampeano, la \u201cbatalla\u201d por fomentar el turismo sin r\u00edo\"}]},{\"@type\":\"WebSite\",\"@id\":\"https:\\\/\\\/diariotextual.com\\\/inicio\\\/#website\",\"url\":\"https:\\\/\\\/diariotextual.com\\\/inicio\\\/\",\"name\":\"Diario Textual\",\"description\":\"\",\"publisher\":{\"@id\":\"https:\\\/\\\/diariotextual.com\\\/inicio\\\/#organization\"},\"potentialAction\":[{\"@type\":\"SearchAction\",\"target\":{\"@type\":\"EntryPoint\",\"urlTemplate\":\"https:\\\/\\\/diariotextual.com\\\/inicio\\\/?s={search_term_string}\"},\"query-input\":{\"@type\":\"PropertyValueSpecification\",\"valueRequired\":true,\"valueName\":\"search_term_string\"}}],\"inLanguage\":\"es\"},{\"@type\":\"Organization\",\"@id\":\"https:\\\/\\\/diariotextual.com\\\/inicio\\\/#organization\",\"name\":\"Diario Textual\",\"url\":\"https:\\\/\\\/diariotextual.com\\\/inicio\\\/\",\"logo\":{\"@type\":\"ImageObject\",\"inLanguage\":\"es\",\"@id\":\"https:\\\/\\\/diariotextual.com\\\/inicio\\\/#\\\/schema\\\/logo\\\/image\\\/\",\"url\":\"https:\\\/\\\/diariotextual.com\\\/inicio\\\/wp-content\\\/uploads\\\/2023\\\/05\\\/logotextual1.jpg\",\"contentUrl\":\"https:\\\/\\\/diariotextual.com\\\/inicio\\\/wp-content\\\/uploads\\\/2023\\\/05\\\/logotextual1.jpg\",\"width\":516,\"height\":76,\"caption\":\"Diario Textual\"},\"image\":{\"@id\":\"https:\\\/\\\/diariotextual.com\\\/inicio\\\/#\\\/schema\\\/logo\\\/image\\\/\"},\"sameAs\":[\"https:\\\/\\\/www.facebook.com\\\/eltextual\",\"https:\\\/\\\/x.com\\\/eltextual\",\"http:\\\/\\\/www.instagram.com\\\/eltextual\"]},{\"@type\":\"Person\",\"@id\":\"https:\\\/\\\/diariotextual.com\\\/inicio\\\/#\\\/schema\\\/person\\\/418fc4093c33e86ed41562db3508f958\",\"name\":\"Diario1 Diario1\",\"image\":{\"@type\":\"ImageObject\",\"inLanguage\":\"es\",\"@id\":\"https:\\\/\\\/secure.gravatar.com\\\/avatar\\\/9167d280179c85bc18be67aa7eda765854300033af4896dd779b608640f2ef7a?s=96&d=mm&r=g\",\"url\":\"https:\\\/\\\/secure.gravatar.com\\\/avatar\\\/9167d280179c85bc18be67aa7eda765854300033af4896dd779b608640f2ef7a?s=96&d=mm&r=g\",\"contentUrl\":\"https:\\\/\\\/secure.gravatar.com\\\/avatar\\\/9167d280179c85bc18be67aa7eda765854300033af4896dd779b608640f2ef7a?s=96&d=mm&r=g\",\"caption\":\"Diario1 Diario1\"},\"url\":\"https:\\\/\\\/diariotextual.com\\\/inicio\\\/index.php\\\/author\\\/diario1\\\/\"}]}<\/script>\n<!-- \/ Yoast SEO plugin. -->","yoast_head_json":{"title":"En el oeste pampeano, la \u201cbatalla\u201d por fomentar el turismo sin r\u00edo - Diario Textual","robots":{"index":"index","follow":"follow","max-snippet":"max-snippet:-1","max-image-preview":"max-image-preview:large","max-video-preview":"max-video-preview:-1"},"canonical":"https:\/\/diariotextual.com\/inicio\/index.php\/2023\/07\/19\/en-el-oeste-pampeano-la-batalla-por-fomentar-el-turismo-sin-rio\/","og_locale":"es_ES","og_type":"article","og_title":"En el oeste pampeano, la \u201cbatalla\u201d por fomentar el turismo sin r\u00edo - Diario Textual","og_description":"La \u201cbatalla\u201d por la recuperaci\u00f3n de los r\u00edos pampeanos se torn\u00f3, hace a\u00f1os, en cuesti\u00f3n de Estado. En ese contexto, resulta encomiable la labor de los gu\u00edas tur\u00edsticos del oeste&hellip;","og_url":"https:\/\/diariotextual.com\/inicio\/index.php\/2023\/07\/19\/en-el-oeste-pampeano-la-batalla-por-fomentar-el-turismo-sin-rio\/","og_site_name":"Diario Textual","article_publisher":"https:\/\/www.facebook.com\/eltextual","article_published_time":"2023-07-19T14:18:19+00:00","article_modified_time":"2023-07-20T11:43:34+00:00","og_image":[{"width":1500,"height":973,"url":"https:\/\/diariotextual.com\/inicio\/wp-content\/uploads\/2023\/07\/oestechivos2023-2.jpg","type":"image\/jpeg"}],"author":"Diario1 Diario1","twitter_card":"summary_large_image","twitter_creator":"@eltextual","twitter_site":"@eltextual","twitter_misc":{"Escrito por":"Diario1 Diario1","Tiempo de lectura":"7 minutos"},"schema":{"@context":"https:\/\/schema.org","@graph":[{"@type":"Article","@id":"https:\/\/diariotextual.com\/inicio\/index.php\/2023\/07\/19\/en-el-oeste-pampeano-la-batalla-por-fomentar-el-turismo-sin-rio\/#article","isPartOf":{"@id":"https:\/\/diariotextual.com\/inicio\/index.php\/2023\/07\/19\/en-el-oeste-pampeano-la-batalla-por-fomentar-el-turismo-sin-rio\/"},"author":{"name":"Diario1 Diario1","@id":"https:\/\/diariotextual.com\/inicio\/#\/schema\/person\/418fc4093c33e86ed41562db3508f958"},"headline":"En el oeste pampeano, la \u201cbatalla\u201d por fomentar el turismo sin r\u00edo","datePublished":"2023-07-19T14:18:19+00:00","dateModified":"2023-07-20T11:43:34+00:00","mainEntityOfPage":{"@id":"https:\/\/diariotextual.com\/inicio\/index.php\/2023\/07\/19\/en-el-oeste-pampeano-la-batalla-por-fomentar-el-turismo-sin-rio\/"},"wordCount":1469,"publisher":{"@id":"https:\/\/diariotextual.com\/inicio\/#organization"},"image":{"@id":"https:\/\/diariotextual.com\/inicio\/index.php\/2023\/07\/19\/en-el-oeste-pampeano-la-batalla-por-fomentar-el-turismo-sin-rio\/#primaryimage"},"thumbnailUrl":"https:\/\/diariotextual.com\/inicio\/wp-content\/uploads\/2023\/07\/oestechivos2023-2.jpg","articleSection":["A - QUE PASA (al costado)","SOCIEDAD"],"inLanguage":"es"},{"@type":"WebPage","@id":"https:\/\/diariotextual.com\/inicio\/index.php\/2023\/07\/19\/en-el-oeste-pampeano-la-batalla-por-fomentar-el-turismo-sin-rio\/","url":"https:\/\/diariotextual.com\/inicio\/index.php\/2023\/07\/19\/en-el-oeste-pampeano-la-batalla-por-fomentar-el-turismo-sin-rio\/","name":"En el oeste pampeano, la \u201cbatalla\u201d por fomentar el turismo sin r\u00edo - Diario Textual","isPartOf":{"@id":"https:\/\/diariotextual.com\/inicio\/#website"},"primaryImageOfPage":{"@id":"https:\/\/diariotextual.com\/inicio\/index.php\/2023\/07\/19\/en-el-oeste-pampeano-la-batalla-por-fomentar-el-turismo-sin-rio\/#primaryimage"},"image":{"@id":"https:\/\/diariotextual.com\/inicio\/index.php\/2023\/07\/19\/en-el-oeste-pampeano-la-batalla-por-fomentar-el-turismo-sin-rio\/#primaryimage"},"thumbnailUrl":"https:\/\/diariotextual.com\/inicio\/wp-content\/uploads\/2023\/07\/oestechivos2023-2.jpg","datePublished":"2023-07-19T14:18:19+00:00","dateModified":"2023-07-20T11:43:34+00:00","breadcrumb":{"@id":"https:\/\/diariotextual.com\/inicio\/index.php\/2023\/07\/19\/en-el-oeste-pampeano-la-batalla-por-fomentar-el-turismo-sin-rio\/#breadcrumb"},"inLanguage":"es","potentialAction":[{"@type":"ReadAction","target":["https:\/\/diariotextual.com\/inicio\/index.php\/2023\/07\/19\/en-el-oeste-pampeano-la-batalla-por-fomentar-el-turismo-sin-rio\/"]}]},{"@type":"ImageObject","inLanguage":"es","@id":"https:\/\/diariotextual.com\/inicio\/index.php\/2023\/07\/19\/en-el-oeste-pampeano-la-batalla-por-fomentar-el-turismo-sin-rio\/#primaryimage","url":"https:\/\/diariotextual.com\/inicio\/wp-content\/uploads\/2023\/07\/oestechivos2023-2.jpg","contentUrl":"https:\/\/diariotextual.com\/inicio\/wp-content\/uploads\/2023\/07\/oestechivos2023-2.jpg","width":1500,"height":973},{"@type":"BreadcrumbList","@id":"https:\/\/diariotextual.com\/inicio\/index.php\/2023\/07\/19\/en-el-oeste-pampeano-la-batalla-por-fomentar-el-turismo-sin-rio\/#breadcrumb","itemListElement":[{"@type":"ListItem","position":1,"name":"Portada","item":"https:\/\/diariotextual.com\/inicio\/"},{"@type":"ListItem","position":2,"name":"En el oeste pampeano, la \u201cbatalla\u201d por fomentar el turismo sin r\u00edo"}]},{"@type":"WebSite","@id":"https:\/\/diariotextual.com\/inicio\/#website","url":"https:\/\/diariotextual.com\/inicio\/","name":"Diario Textual","description":"","publisher":{"@id":"https:\/\/diariotextual.com\/inicio\/#organization"},"potentialAction":[{"@type":"SearchAction","target":{"@type":"EntryPoint","urlTemplate":"https:\/\/diariotextual.com\/inicio\/?s={search_term_string}"},"query-input":{"@type":"PropertyValueSpecification","valueRequired":true,"valueName":"search_term_string"}}],"inLanguage":"es"},{"@type":"Organization","@id":"https:\/\/diariotextual.com\/inicio\/#organization","name":"Diario Textual","url":"https:\/\/diariotextual.com\/inicio\/","logo":{"@type":"ImageObject","inLanguage":"es","@id":"https:\/\/diariotextual.com\/inicio\/#\/schema\/logo\/image\/","url":"https:\/\/diariotextual.com\/inicio\/wp-content\/uploads\/2023\/05\/logotextual1.jpg","contentUrl":"https:\/\/diariotextual.com\/inicio\/wp-content\/uploads\/2023\/05\/logotextual1.jpg","width":516,"height":76,"caption":"Diario Textual"},"image":{"@id":"https:\/\/diariotextual.com\/inicio\/#\/schema\/logo\/image\/"},"sameAs":["https:\/\/www.facebook.com\/eltextual","https:\/\/x.com\/eltextual","http:\/\/www.instagram.com\/eltextual"]},{"@type":"Person","@id":"https:\/\/diariotextual.com\/inicio\/#\/schema\/person\/418fc4093c33e86ed41562db3508f958","name":"Diario1 Diario1","image":{"@type":"ImageObject","inLanguage":"es","@id":"https:\/\/secure.gravatar.com\/avatar\/9167d280179c85bc18be67aa7eda765854300033af4896dd779b608640f2ef7a?s=96&d=mm&r=g","url":"https:\/\/secure.gravatar.com\/avatar\/9167d280179c85bc18be67aa7eda765854300033af4896dd779b608640f2ef7a?s=96&d=mm&r=g","contentUrl":"https:\/\/secure.gravatar.com\/avatar\/9167d280179c85bc18be67aa7eda765854300033af4896dd779b608640f2ef7a?s=96&d=mm&r=g","caption":"Diario1 Diario1"},"url":"https:\/\/diariotextual.com\/inicio\/index.php\/author\/diario1\/"}]}},"_links":{"self":[{"href":"https:\/\/diariotextual.com\/inicio\/index.php\/wp-json\/wp\/v2\/posts\/231318","targetHints":{"allow":["GET"]}}],"collection":[{"href":"https:\/\/diariotextual.com\/inicio\/index.php\/wp-json\/wp\/v2\/posts"}],"about":[{"href":"https:\/\/diariotextual.com\/inicio\/index.php\/wp-json\/wp\/v2\/types\/post"}],"author":[{"embeddable":true,"href":"https:\/\/diariotextual.com\/inicio\/index.php\/wp-json\/wp\/v2\/users\/3"}],"replies":[{"embeddable":true,"href":"https:\/\/diariotextual.com\/inicio\/index.php\/wp-json\/wp\/v2\/comments?post=231318"}],"version-history":[{"count":8,"href":"https:\/\/diariotextual.com\/inicio\/index.php\/wp-json\/wp\/v2\/posts\/231318\/revisions"}],"predecessor-version":[{"id":231336,"href":"https:\/\/diariotextual.com\/inicio\/index.php\/wp-json\/wp\/v2\/posts\/231318\/revisions\/231336"}],"wp:featuredmedia":[{"embeddable":true,"href":"https:\/\/diariotextual.com\/inicio\/index.php\/wp-json\/wp\/v2\/media\/231322"}],"wp:attachment":[{"href":"https:\/\/diariotextual.com\/inicio\/index.php\/wp-json\/wp\/v2\/media?parent=231318"}],"wp:term":[{"taxonomy":"category","embeddable":true,"href":"https:\/\/diariotextual.com\/inicio\/index.php\/wp-json\/wp\/v2\/categories?post=231318"},{"taxonomy":"post_tag","embeddable":true,"href":"https:\/\/diariotextual.com\/inicio\/index.php\/wp-json\/wp\/v2\/tags?post=231318"}],"curies":[{"name":"wp","href":"https:\/\/api.w.org\/{rel}","templated":true}]}}