{"id":231355,"date":"2023-07-19T18:09:49","date_gmt":"2023-07-19T21:09:49","guid":{"rendered":"https:\/\/diariotextual.com\/inicio\/?p=231355"},"modified":"2023-07-19T18:09:53","modified_gmt":"2023-07-19T21:09:53","slug":"canal-3-prepara-una-nueva-barrileteada-y-chocolate-en-el-predio","status":"publish","type":"post","link":"https:\/\/diariotextual.com\/inicio\/index.php\/2023\/07\/19\/canal-3-prepara-una-nueva-barrileteada-y-chocolate-en-el-predio\/","title":{"rendered":"Canal 3 prepara una nueva barrileteada y chocolate en el predio"},"content":{"rendered":"\n<p>El mes de las infancias tendr\u00e1 su lugar en el predio de Canal 3, la Televisi\u00f3n P\u00fablica Pampeana, el domingo 27 de agosto, para disfrutar de la tradicional barrileteada que durante a\u00f1os se desarroll\u00f3 en las instalaciones de la emisora estatal. El encuentro contar\u00e1 con espect\u00e1culos y actividades recreativas para las infancias, una merienda para ni\u00f1os y ni\u00f1as que se acerquen con sus familias al predio de la emisora, y muchas sorpresas.&nbsp;<\/p>\n\n\n\n<p>Merenderos y escuelas de deporte participar\u00e1n tambi\u00e9n de las actividades recreativas y deportivas en el predio, entre las 14 y las 18.<\/p>\n\n\n\n<p>El \u00e1rea de Deportes provincial y las actividades organizadas por distintas dependencias gubernamentales se sumar\u00e1n a la gran fiesta de las infancias y familias pampeanas.<\/p>\n\n\n\n<p>En esta nueva edici\u00f3n, como el a\u00f1o pasado, se dispondr\u00e1 de un circuito para recorrer diferentes stands con actividades recreativas e informaci\u00f3n para toda la familia.<\/p>\n\n\n\n<p>Estar\u00e1n presentes los protagonistas del programa infantil de la TVPP, Mundo Pamp\u00e1stico: Nando y Barita; Payneguor -el zorro celeste- y Car\u00fa Lu\u00e1n -la guanaca verde-, personajes de la serie animada que se emite en el programa.<\/p>\n\n\n\n<p>Adem\u00e1s se montar\u00e1 un mini estudio para que las infancias puedan vivir la experiencia de hacer televisi\u00f3n, habr\u00e1 artistas circenses compartiendo con las familias, y muchas sorpresas m\u00e1s. La actividad tendr\u00e1 tambi\u00e9n un espacio para que las infancias puedan crear y plasmar sus propias obras de arte y aprender con \u201cEl porqu\u00e9 de la ciencia\u201d.<\/p>\n\n\n\n<p>Mundo Pamp\u00e1stico es un programa infantil producido \u00edntegramente en la Televisi\u00f3n P\u00fablica Pampeana y es un espacio audiovisual donde prevalece el contenido educativo y se recupera de manera significativa la identidad local. Esta propuesta audiovisual fue recientemente reconocida por la directora de la se\u00f1al educativa cultural Pakapaka, Cielo Salviolo, quien destac\u00f3 \u201cla enorme tarea que est\u00e1n haciendo y que tiene que ver con garantizar los derechos comunicacionales de las infancias\u201d. El infantil de la TVPP adem\u00e1s es emitido en la se\u00f1al federal AUNAR, en el 22.3 de la TDA.<\/p>\n","protected":false},"excerpt":{"rendered":"<p>El mes de las infancias tendr\u00e1 su lugar en el predio de Canal 3, la Televisi\u00f3n P\u00fablica Pampeana, el domingo 27 de agosto, para disfrutar de la tradicional barrileteada que&hellip;<\/p>\n","protected":false},"author":4,"featured_media":70560,"comment_status":"closed","ping_status":"open","sticky":false,"template":"","format":"standard","meta":{"_acf_changed":false,"footnotes":""},"categories":[1,12],"tags":[],"class_list":["post-231355","post","type-post","status-publish","format-standard","has-post-thumbnail","hentry","category-es-noticia","category-sociedad"],"acf":[],"yoast_head":"<!-- This site is optimized with the Yoast SEO plugin v27.5 - https:\/\/yoast.com\/product\/yoast-seo-wordpress\/ -->\n<title>Canal 3 prepara una nueva barrileteada y chocolate en el predio - Diario Textual<\/title>\n<meta name=\"robots\" content=\"index, follow, max-snippet:-1, max-image-preview:large, max-video-preview:-1\" \/>\n<link rel=\"canonical\" href=\"https:\/\/diariotextual.com\/inicio\/index.php\/2023\/07\/19\/canal-3-prepara-una-nueva-barrileteada-y-chocolate-en-el-predio\/\" \/>\n<meta property=\"og:locale\" content=\"es_ES\" \/>\n<meta property=\"og:type\" content=\"article\" \/>\n<meta property=\"og:title\" content=\"Canal 3 prepara una nueva barrileteada y chocolate en el predio - Diario Textual\" \/>\n<meta property=\"og:description\" content=\"El mes de las infancias tendr\u00e1 su lugar en el predio de Canal 3, la Televisi\u00f3n P\u00fablica Pampeana, el domingo 27 de agosto, para disfrutar de la tradicional barrileteada que&hellip;\" \/>\n<meta property=\"og:url\" content=\"https:\/\/diariotextual.com\/inicio\/index.php\/2023\/07\/19\/canal-3-prepara-una-nueva-barrileteada-y-chocolate-en-el-predio\/\" \/>\n<meta property=\"og:site_name\" content=\"Diario Textual\" \/>\n<meta property=\"article:publisher\" content=\"https:\/\/www.facebook.com\/eltextual\" \/>\n<meta property=\"article:published_time\" content=\"2023-07-19T21:09:49+00:00\" \/>\n<meta property=\"article:modified_time\" content=\"2023-07-19T21:09:53+00:00\" \/>\n<meta property=\"og:image\" content=\"https:\/\/diariotextual.com\/inicio\/wp-content\/uploads\/2019\/11\/canal3.jpg\" \/>\n\t<meta property=\"og:image:width\" content=\"692\" \/>\n\t<meta property=\"og:image:height\" content=\"399\" \/>\n\t<meta property=\"og:image:type\" content=\"image\/jpeg\" \/>\n<meta name=\"author\" content=\"diario2\" \/>\n<meta name=\"twitter:card\" content=\"summary_large_image\" \/>\n<meta name=\"twitter:creator\" content=\"@eltextual\" \/>\n<meta name=\"twitter:site\" content=\"@eltextual\" \/>\n<meta name=\"twitter:label1\" content=\"Escrito por\" \/>\n\t<meta name=\"twitter:data1\" content=\"diario2\" \/>\n\t<meta name=\"twitter:label2\" content=\"Tiempo de lectura\" \/>\n\t<meta name=\"twitter:data2\" content=\"2 minutos\" \/>\n<script type=\"application\/ld+json\" class=\"yoast-schema-graph\">{\"@context\":\"https:\\\/\\\/schema.org\",\"@graph\":[{\"@type\":\"Article\",\"@id\":\"https:\\\/\\\/diariotextual.com\\\/inicio\\\/index.php\\\/2023\\\/07\\\/19\\\/canal-3-prepara-una-nueva-barrileteada-y-chocolate-en-el-predio\\\/#article\",\"isPartOf\":{\"@id\":\"https:\\\/\\\/diariotextual.com\\\/inicio\\\/index.php\\\/2023\\\/07\\\/19\\\/canal-3-prepara-una-nueva-barrileteada-y-chocolate-en-el-predio\\\/\"},\"author\":{\"name\":\"diario2\",\"@id\":\"https:\\\/\\\/diariotextual.com\\\/inicio\\\/#\\\/schema\\\/person\\\/694f60677f23c4a530867a98f22b3768\"},\"headline\":\"Canal 3 prepara una nueva barrileteada y chocolate en el predio\",\"datePublished\":\"2023-07-19T21:09:49+00:00\",\"dateModified\":\"2023-07-19T21:09:53+00:00\",\"mainEntityOfPage\":{\"@id\":\"https:\\\/\\\/diariotextual.com\\\/inicio\\\/index.php\\\/2023\\\/07\\\/19\\\/canal-3-prepara-una-nueva-barrileteada-y-chocolate-en-el-predio\\\/\"},\"wordCount\":357,\"publisher\":{\"@id\":\"https:\\\/\\\/diariotextual.com\\\/inicio\\\/#organization\"},\"image\":{\"@id\":\"https:\\\/\\\/diariotextual.com\\\/inicio\\\/index.php\\\/2023\\\/07\\\/19\\\/canal-3-prepara-una-nueva-barrileteada-y-chocolate-en-el-predio\\\/#primaryimage\"},\"thumbnailUrl\":\"https:\\\/\\\/diariotextual.com\\\/inicio\\\/wp-content\\\/uploads\\\/2019\\\/11\\\/canal3.jpg\",\"articleSection\":[\"A - ES NOTICIA (van abajo)\",\"SOCIEDAD\"],\"inLanguage\":\"es\"},{\"@type\":\"WebPage\",\"@id\":\"https:\\\/\\\/diariotextual.com\\\/inicio\\\/index.php\\\/2023\\\/07\\\/19\\\/canal-3-prepara-una-nueva-barrileteada-y-chocolate-en-el-predio\\\/\",\"url\":\"https:\\\/\\\/diariotextual.com\\\/inicio\\\/index.php\\\/2023\\\/07\\\/19\\\/canal-3-prepara-una-nueva-barrileteada-y-chocolate-en-el-predio\\\/\",\"name\":\"Canal 3 prepara una nueva barrileteada y chocolate en el predio - Diario Textual\",\"isPartOf\":{\"@id\":\"https:\\\/\\\/diariotextual.com\\\/inicio\\\/#website\"},\"primaryImageOfPage\":{\"@id\":\"https:\\\/\\\/diariotextual.com\\\/inicio\\\/index.php\\\/2023\\\/07\\\/19\\\/canal-3-prepara-una-nueva-barrileteada-y-chocolate-en-el-predio\\\/#primaryimage\"},\"image\":{\"@id\":\"https:\\\/\\\/diariotextual.com\\\/inicio\\\/index.php\\\/2023\\\/07\\\/19\\\/canal-3-prepara-una-nueva-barrileteada-y-chocolate-en-el-predio\\\/#primaryimage\"},\"thumbnailUrl\":\"https:\\\/\\\/diariotextual.com\\\/inicio\\\/wp-content\\\/uploads\\\/2019\\\/11\\\/canal3.jpg\",\"datePublished\":\"2023-07-19T21:09:49+00:00\",\"dateModified\":\"2023-07-19T21:09:53+00:00\",\"breadcrumb\":{\"@id\":\"https:\\\/\\\/diariotextual.com\\\/inicio\\\/index.php\\\/2023\\\/07\\\/19\\\/canal-3-prepara-una-nueva-barrileteada-y-chocolate-en-el-predio\\\/#breadcrumb\"},\"inLanguage\":\"es\",\"potentialAction\":[{\"@type\":\"ReadAction\",\"target\":[\"https:\\\/\\\/diariotextual.com\\\/inicio\\\/index.php\\\/2023\\\/07\\\/19\\\/canal-3-prepara-una-nueva-barrileteada-y-chocolate-en-el-predio\\\/\"]}]},{\"@type\":\"ImageObject\",\"inLanguage\":\"es\",\"@id\":\"https:\\\/\\\/diariotextual.com\\\/inicio\\\/index.php\\\/2023\\\/07\\\/19\\\/canal-3-prepara-una-nueva-barrileteada-y-chocolate-en-el-predio\\\/#primaryimage\",\"url\":\"https:\\\/\\\/diariotextual.com\\\/inicio\\\/wp-content\\\/uploads\\\/2019\\\/11\\\/canal3.jpg\",\"contentUrl\":\"https:\\\/\\\/diariotextual.com\\\/inicio\\\/wp-content\\\/uploads\\\/2019\\\/11\\\/canal3.jpg\",\"width\":692,\"height\":399},{\"@type\":\"BreadcrumbList\",\"@id\":\"https:\\\/\\\/diariotextual.com\\\/inicio\\\/index.php\\\/2023\\\/07\\\/19\\\/canal-3-prepara-una-nueva-barrileteada-y-chocolate-en-el-predio\\\/#breadcrumb\",\"itemListElement\":[{\"@type\":\"ListItem\",\"position\":1,\"name\":\"Portada\",\"item\":\"https:\\\/\\\/diariotextual.com\\\/inicio\\\/\"},{\"@type\":\"ListItem\",\"position\":2,\"name\":\"Canal 3 prepara una nueva barrileteada y chocolate en el predio\"}]},{\"@type\":\"WebSite\",\"@id\":\"https:\\\/\\\/diariotextual.com\\\/inicio\\\/#website\",\"url\":\"https:\\\/\\\/diariotextual.com\\\/inicio\\\/\",\"name\":\"Diario Textual\",\"description\":\"\",\"publisher\":{\"@id\":\"https:\\\/\\\/diariotextual.com\\\/inicio\\\/#organization\"},\"potentialAction\":[{\"@type\":\"SearchAction\",\"target\":{\"@type\":\"EntryPoint\",\"urlTemplate\":\"https:\\\/\\\/diariotextual.com\\\/inicio\\\/?s={search_term_string}\"},\"query-input\":{\"@type\":\"PropertyValueSpecification\",\"valueRequired\":true,\"valueName\":\"search_term_string\"}}],\"inLanguage\":\"es\"},{\"@type\":\"Organization\",\"@id\":\"https:\\\/\\\/diariotextual.com\\\/inicio\\\/#organization\",\"name\":\"Diario Textual\",\"url\":\"https:\\\/\\\/diariotextual.com\\\/inicio\\\/\",\"logo\":{\"@type\":\"ImageObject\",\"inLanguage\":\"es\",\"@id\":\"https:\\\/\\\/diariotextual.com\\\/inicio\\\/#\\\/schema\\\/logo\\\/image\\\/\",\"url\":\"https:\\\/\\\/diariotextual.com\\\/inicio\\\/wp-content\\\/uploads\\\/2023\\\/05\\\/logotextual1.jpg\",\"contentUrl\":\"https:\\\/\\\/diariotextual.com\\\/inicio\\\/wp-content\\\/uploads\\\/2023\\\/05\\\/logotextual1.jpg\",\"width\":516,\"height\":76,\"caption\":\"Diario Textual\"},\"image\":{\"@id\":\"https:\\\/\\\/diariotextual.com\\\/inicio\\\/#\\\/schema\\\/logo\\\/image\\\/\"},\"sameAs\":[\"https:\\\/\\\/www.facebook.com\\\/eltextual\",\"https:\\\/\\\/x.com\\\/eltextual\",\"http:\\\/\\\/www.instagram.com\\\/eltextual\"]},{\"@type\":\"Person\",\"@id\":\"https:\\\/\\\/diariotextual.com\\\/inicio\\\/#\\\/schema\\\/person\\\/694f60677f23c4a530867a98f22b3768\",\"name\":\"diario2\",\"image\":{\"@type\":\"ImageObject\",\"inLanguage\":\"es\",\"@id\":\"https:\\\/\\\/secure.gravatar.com\\\/avatar\\\/5a2567495ba16b852fcd8f1ed006a2e24fcace936018ed8237e95f488ad6e0a7?s=96&d=mm&r=g\",\"url\":\"https:\\\/\\\/secure.gravatar.com\\\/avatar\\\/5a2567495ba16b852fcd8f1ed006a2e24fcace936018ed8237e95f488ad6e0a7?s=96&d=mm&r=g\",\"contentUrl\":\"https:\\\/\\\/secure.gravatar.com\\\/avatar\\\/5a2567495ba16b852fcd8f1ed006a2e24fcace936018ed8237e95f488ad6e0a7?s=96&d=mm&r=g\",\"caption\":\"diario2\"},\"url\":\"https:\\\/\\\/diariotextual.com\\\/inicio\\\/index.php\\\/author\\\/diario2\\\/\"}]}<\/script>\n<!-- \/ Yoast SEO plugin. -->","yoast_head_json":{"title":"Canal 3 prepara una nueva barrileteada y chocolate en el predio - Diario Textual","robots":{"index":"index","follow":"follow","max-snippet":"max-snippet:-1","max-image-preview":"max-image-preview:large","max-video-preview":"max-video-preview:-1"},"canonical":"https:\/\/diariotextual.com\/inicio\/index.php\/2023\/07\/19\/canal-3-prepara-una-nueva-barrileteada-y-chocolate-en-el-predio\/","og_locale":"es_ES","og_type":"article","og_title":"Canal 3 prepara una nueva barrileteada y chocolate en el predio - Diario Textual","og_description":"El mes de las infancias tendr\u00e1 su lugar en el predio de Canal 3, la Televisi\u00f3n P\u00fablica Pampeana, el domingo 27 de agosto, para disfrutar de la tradicional barrileteada que&hellip;","og_url":"https:\/\/diariotextual.com\/inicio\/index.php\/2023\/07\/19\/canal-3-prepara-una-nueva-barrileteada-y-chocolate-en-el-predio\/","og_site_name":"Diario Textual","article_publisher":"https:\/\/www.facebook.com\/eltextual","article_published_time":"2023-07-19T21:09:49+00:00","article_modified_time":"2023-07-19T21:09:53+00:00","og_image":[{"width":692,"height":399,"url":"https:\/\/diariotextual.com\/inicio\/wp-content\/uploads\/2019\/11\/canal3.jpg","type":"image\/jpeg"}],"author":"diario2","twitter_card":"summary_large_image","twitter_creator":"@eltextual","twitter_site":"@eltextual","twitter_misc":{"Escrito por":"diario2","Tiempo de lectura":"2 minutos"},"schema":{"@context":"https:\/\/schema.org","@graph":[{"@type":"Article","@id":"https:\/\/diariotextual.com\/inicio\/index.php\/2023\/07\/19\/canal-3-prepara-una-nueva-barrileteada-y-chocolate-en-el-predio\/#article","isPartOf":{"@id":"https:\/\/diariotextual.com\/inicio\/index.php\/2023\/07\/19\/canal-3-prepara-una-nueva-barrileteada-y-chocolate-en-el-predio\/"},"author":{"name":"diario2","@id":"https:\/\/diariotextual.com\/inicio\/#\/schema\/person\/694f60677f23c4a530867a98f22b3768"},"headline":"Canal 3 prepara una nueva barrileteada y chocolate en el predio","datePublished":"2023-07-19T21:09:49+00:00","dateModified":"2023-07-19T21:09:53+00:00","mainEntityOfPage":{"@id":"https:\/\/diariotextual.com\/inicio\/index.php\/2023\/07\/19\/canal-3-prepara-una-nueva-barrileteada-y-chocolate-en-el-predio\/"},"wordCount":357,"publisher":{"@id":"https:\/\/diariotextual.com\/inicio\/#organization"},"image":{"@id":"https:\/\/diariotextual.com\/inicio\/index.php\/2023\/07\/19\/canal-3-prepara-una-nueva-barrileteada-y-chocolate-en-el-predio\/#primaryimage"},"thumbnailUrl":"https:\/\/diariotextual.com\/inicio\/wp-content\/uploads\/2019\/11\/canal3.jpg","articleSection":["A - ES NOTICIA (van abajo)","SOCIEDAD"],"inLanguage":"es"},{"@type":"WebPage","@id":"https:\/\/diariotextual.com\/inicio\/index.php\/2023\/07\/19\/canal-3-prepara-una-nueva-barrileteada-y-chocolate-en-el-predio\/","url":"https:\/\/diariotextual.com\/inicio\/index.php\/2023\/07\/19\/canal-3-prepara-una-nueva-barrileteada-y-chocolate-en-el-predio\/","name":"Canal 3 prepara una nueva barrileteada y chocolate en el predio - Diario Textual","isPartOf":{"@id":"https:\/\/diariotextual.com\/inicio\/#website"},"primaryImageOfPage":{"@id":"https:\/\/diariotextual.com\/inicio\/index.php\/2023\/07\/19\/canal-3-prepara-una-nueva-barrileteada-y-chocolate-en-el-predio\/#primaryimage"},"image":{"@id":"https:\/\/diariotextual.com\/inicio\/index.php\/2023\/07\/19\/canal-3-prepara-una-nueva-barrileteada-y-chocolate-en-el-predio\/#primaryimage"},"thumbnailUrl":"https:\/\/diariotextual.com\/inicio\/wp-content\/uploads\/2019\/11\/canal3.jpg","datePublished":"2023-07-19T21:09:49+00:00","dateModified":"2023-07-19T21:09:53+00:00","breadcrumb":{"@id":"https:\/\/diariotextual.com\/inicio\/index.php\/2023\/07\/19\/canal-3-prepara-una-nueva-barrileteada-y-chocolate-en-el-predio\/#breadcrumb"},"inLanguage":"es","potentialAction":[{"@type":"ReadAction","target":["https:\/\/diariotextual.com\/inicio\/index.php\/2023\/07\/19\/canal-3-prepara-una-nueva-barrileteada-y-chocolate-en-el-predio\/"]}]},{"@type":"ImageObject","inLanguage":"es","@id":"https:\/\/diariotextual.com\/inicio\/index.php\/2023\/07\/19\/canal-3-prepara-una-nueva-barrileteada-y-chocolate-en-el-predio\/#primaryimage","url":"https:\/\/diariotextual.com\/inicio\/wp-content\/uploads\/2019\/11\/canal3.jpg","contentUrl":"https:\/\/diariotextual.com\/inicio\/wp-content\/uploads\/2019\/11\/canal3.jpg","width":692,"height":399},{"@type":"BreadcrumbList","@id":"https:\/\/diariotextual.com\/inicio\/index.php\/2023\/07\/19\/canal-3-prepara-una-nueva-barrileteada-y-chocolate-en-el-predio\/#breadcrumb","itemListElement":[{"@type":"ListItem","position":1,"name":"Portada","item":"https:\/\/diariotextual.com\/inicio\/"},{"@type":"ListItem","position":2,"name":"Canal 3 prepara una nueva barrileteada y chocolate en el predio"}]},{"@type":"WebSite","@id":"https:\/\/diariotextual.com\/inicio\/#website","url":"https:\/\/diariotextual.com\/inicio\/","name":"Diario Textual","description":"","publisher":{"@id":"https:\/\/diariotextual.com\/inicio\/#organization"},"potentialAction":[{"@type":"SearchAction","target":{"@type":"EntryPoint","urlTemplate":"https:\/\/diariotextual.com\/inicio\/?s={search_term_string}"},"query-input":{"@type":"PropertyValueSpecification","valueRequired":true,"valueName":"search_term_string"}}],"inLanguage":"es"},{"@type":"Organization","@id":"https:\/\/diariotextual.com\/inicio\/#organization","name":"Diario Textual","url":"https:\/\/diariotextual.com\/inicio\/","logo":{"@type":"ImageObject","inLanguage":"es","@id":"https:\/\/diariotextual.com\/inicio\/#\/schema\/logo\/image\/","url":"https:\/\/diariotextual.com\/inicio\/wp-content\/uploads\/2023\/05\/logotextual1.jpg","contentUrl":"https:\/\/diariotextual.com\/inicio\/wp-content\/uploads\/2023\/05\/logotextual1.jpg","width":516,"height":76,"caption":"Diario Textual"},"image":{"@id":"https:\/\/diariotextual.com\/inicio\/#\/schema\/logo\/image\/"},"sameAs":["https:\/\/www.facebook.com\/eltextual","https:\/\/x.com\/eltextual","http:\/\/www.instagram.com\/eltextual"]},{"@type":"Person","@id":"https:\/\/diariotextual.com\/inicio\/#\/schema\/person\/694f60677f23c4a530867a98f22b3768","name":"diario2","image":{"@type":"ImageObject","inLanguage":"es","@id":"https:\/\/secure.gravatar.com\/avatar\/5a2567495ba16b852fcd8f1ed006a2e24fcace936018ed8237e95f488ad6e0a7?s=96&d=mm&r=g","url":"https:\/\/secure.gravatar.com\/avatar\/5a2567495ba16b852fcd8f1ed006a2e24fcace936018ed8237e95f488ad6e0a7?s=96&d=mm&r=g","contentUrl":"https:\/\/secure.gravatar.com\/avatar\/5a2567495ba16b852fcd8f1ed006a2e24fcace936018ed8237e95f488ad6e0a7?s=96&d=mm&r=g","caption":"diario2"},"url":"https:\/\/diariotextual.com\/inicio\/index.php\/author\/diario2\/"}]}},"_links":{"self":[{"href":"https:\/\/diariotextual.com\/inicio\/index.php\/wp-json\/wp\/v2\/posts\/231355","targetHints":{"allow":["GET"]}}],"collection":[{"href":"https:\/\/diariotextual.com\/inicio\/index.php\/wp-json\/wp\/v2\/posts"}],"about":[{"href":"https:\/\/diariotextual.com\/inicio\/index.php\/wp-json\/wp\/v2\/types\/post"}],"author":[{"embeddable":true,"href":"https:\/\/diariotextual.com\/inicio\/index.php\/wp-json\/wp\/v2\/users\/4"}],"replies":[{"embeddable":true,"href":"https:\/\/diariotextual.com\/inicio\/index.php\/wp-json\/wp\/v2\/comments?post=231355"}],"version-history":[{"count":2,"href":"https:\/\/diariotextual.com\/inicio\/index.php\/wp-json\/wp\/v2\/posts\/231355\/revisions"}],"predecessor-version":[{"id":231357,"href":"https:\/\/diariotextual.com\/inicio\/index.php\/wp-json\/wp\/v2\/posts\/231355\/revisions\/231357"}],"wp:featuredmedia":[{"embeddable":true,"href":"https:\/\/diariotextual.com\/inicio\/index.php\/wp-json\/wp\/v2\/media\/70560"}],"wp:attachment":[{"href":"https:\/\/diariotextual.com\/inicio\/index.php\/wp-json\/wp\/v2\/media?parent=231355"}],"wp:term":[{"taxonomy":"category","embeddable":true,"href":"https:\/\/diariotextual.com\/inicio\/index.php\/wp-json\/wp\/v2\/categories?post=231355"},{"taxonomy":"post_tag","embeddable":true,"href":"https:\/\/diariotextual.com\/inicio\/index.php\/wp-json\/wp\/v2\/tags?post=231355"}],"curies":[{"name":"wp","href":"https:\/\/api.w.org\/{rel}","templated":true}]}}