{"id":231391,"date":"2023-07-20T09:49:52","date_gmt":"2023-07-20T12:49:52","guid":{"rendered":"https:\/\/diariotextual.com\/inicio\/?p=231391"},"modified":"2023-07-20T20:22:01","modified_gmt":"2023-07-20T23:22:01","slug":"rodriguez-larreta-y-morales-presentaron-sus-14-propuestas-para-combatir-la-inseguridad","status":"publish","type":"post","link":"https:\/\/diariotextual.com\/inicio\/index.php\/2023\/07\/20\/rodriguez-larreta-y-morales-presentaron-sus-14-propuestas-para-combatir-la-inseguridad\/","title":{"rendered":"Rodr\u00edguez Larreta y Morales presentaron sus 14 propuestas para combatir la inseguridad"},"content":{"rendered":"\n<p>Horacio Rodr\u00edguez Larreta y Gerardo Morales presentaron 14 propuestas para impulsar una \u201cRevoluci\u00f3n de la Seguridad en Argentina\u201d, seg\u00fan afirma el comunicado que dieron a conocer. Lo hicieron en el Parque de las Colectividades de Rosario, acompa\u00f1ados por el candidato a gobernador de Santa Fe, Maximiliano Pullaro, reciente ganador de las PASO provinciales, y su compa\u00f1era de f\u00f3rmula, Gisela Scaglia.<\/p>\n\n\n\n<p>Desde el inicio de la campa\u00f1a electoral, Rodr\u00edguez Larreta y Morales presentaron propuestas con seis ejes centrales: generar trabajo, mejorar la educaci\u00f3n, terminar con los privilegios pol\u00edticos, motorizar el crecimiento del campo, tener una Argentina sin inflaci\u00f3n y darle impulso a las energ\u00edas renovables.<\/p>\n\n\n\n<p><strong>\u201cVamos a llevar adelante una verdadera Revoluci\u00f3n de la Seguridad para recuperar la paz y la tranquilidad de todos los argentinos\u201d<\/strong>, afirm\u00f3 Rodr\u00edguez Larreta al detallar una por una las medidas que tomar\u00e1 a partir del 10 de diciembre si es elegido presidente.<\/p>\n\n\n\n<p>Las propuestas en materia de seguridad se suman a las ya presentadas para generar trabajo, mejorar la educaci\u00f3n, terminar con los privilegios pol\u00edticos, motorizar el crecimiento del campo, tener una Argentina sin inflaci\u00f3n y darle impulso a las energ\u00edas renovables.<\/p>\n\n\n\n<p>Rodr\u00edguez Larreta destac\u00f3 que Rosario es una referencia cultural y econ\u00f3mica del pa\u00eds. \u201cSin embargo hoy tambi\u00e9n es sin\u00f3nimo de tragedia, de miedo, es el ejemplo de lo una ciudad sufre cuando el gobierno nacional y provincial dejan que avancen las mafias\u201d, dijo.<\/p>\n\n\n\n<p>El precandidato presidencial asegur\u00f3 que <strong>\u201cvivir con miedo no es vivir\u201d<\/strong> y que no se puede normalizar el nivel de inseguridad que tiene el pa\u00eds. \u201cLos argentinos no merecemos el miedo y el abandono\u201d, sostuvo.0<\/p>\n\n\n\n<p>Para revertir esa situaci\u00f3n, anunci\u00f3 14 propuestas trabajadas en conjunto con Eugenio Burzaco, ministro de Justicia y Seguridad de la Ciudad, y todo su equipo de especialistas. Y explic\u00f3 que las propuestas tienen <strong>tres objetivos centrales<\/strong>: dar la batalla contra el narcotr\u00e1fico, las mafias y el crimen organizado, cuidar a las v\u00edctimas y cuidar a las fuerzas de seguridad.<\/p>\n\n\n\n<p>&nbsp;\u201cSobre el primer eje -dijo-, vamos a <strong>mandar al Ej\u00e9rcito a blindar las fronteras<\/strong> y controlar que no entren drogas y armas como si fuera un colador. Eso nos va a permitir liberar a 10.000 <strong>gendarmes para enviarlos a las zonas m\u00e1s calientes de la droga<\/strong>. Ac\u00e1 a Rosario, al conurbano bonaerense y tambi\u00e9n al sur de C\u00f3rdoba. Adem\u00e1s, vamos a crear el <strong>Grupo de \u00c9lite Antinarcotr\u00e1fico<\/strong> con los mejores hombres y mujeres de todas las fuerzas, una suerte de FBI que va a controlar con tecnolog\u00eda de punta a las mafias que cometen delitos complejos. Vamos a impulsar y aprobar en el Congreso una <strong>ley de extinci\u00f3n de dominio<\/strong> para sacarle la plata y los bienes a los narcos mientras se va resolviendo su condena. No puede ser que mientras est\u00e1n en proceso usen la plata que robaron para comprar sicarios y mandar a matar\u201d.<\/p>\n\n\n\n<p>\u201cVamos a <strong>construir m\u00f3dulos en las c\u00e1rceles con inhibidores de se\u00f1al<\/strong>. No puede ser que desde la c\u00e1rcel manejen sus bandas de droga. Adem\u00e1s, vamos a <strong>construir c\u00e1rceles de m\u00e1xima seguridad<\/strong> bien lejos de las grandes ciudades para que los narcos est\u00e9n presos y aislados. Vamos a <strong>ir a buscar a los pr\u00f3fugos con la tecnolog\u00eda que hoy el Gobierno nacional no usa<\/strong>, pero que en la Ciudad nos dio muy buen resultado, que son las c\u00e1maras con reconocimiento facial\u201d, dijo.<\/p>\n\n\n\n<p>Rodr\u00edguez Larreta se\u00f1al\u00f3 adem\u00e1s la necesidad de reformar las leyes e impulsar cambios en el sistema judicial. \u201cNuestros diputados y senadores van a proponer y aprobar <strong>un nuevo c\u00f3digo penal<\/strong>. Los delincuentes se modernizaron, el C\u00f3digo no. Tiene 102 a\u00f1os y a esta altura ya incorpor\u00f3 m\u00e1s de 900 modificaciones que hoy son inentendibles. Vamos a impulsar un <strong>nuevo sistema de responsabilidad penal juvenil<\/strong> entre los 14 y los 18 a\u00f1os. As\u00ed, vamos a evitar que los chicos entren definitivamente en el mundo del delito y sean usados como soldaditos de los narcos. Ahora tambi\u00e9n es cierto que un chico que cometi\u00f3 un crimen tampoco puede estar en la calle conviviendo como si hubiera pasado nada. Tambi\u00e9n vamos a avanzar con el <strong>sistema acusatorio federal<\/strong> para reducir el tiempo de duraci\u00f3n de los procesos yvamos a promover el <strong>juicio por jurados<\/strong>\u201d, sostuvo.<\/p>\n\n\n\n<p>El segundo objetivo, cuidar a las v\u00edctimas, incluye dos medidas concretas. \u201cVamos a brindar <strong>asistencia, acompa\u00f1amiento psicol\u00f3gico, ayuda econ\u00f3mica y asesoramiento jur\u00eddico gratuito<\/strong> para las v\u00edctimas de la inseguridad.&nbsp; Tambi\u00e9n vamos a reforzar la seguridad en los barrios m\u00e1s violentos con mucha presencia del Estado en forma integral\u201d, dijo.<\/p>\n\n\n\n<p>Finalmente se refiri\u00f3 al tercer eje. \u201c<strong>Vamos a cuidar a los que nos cuidan<\/strong>. Vamos a hacer un acuerdo federal con los gobernadores para que los polic\u00edas tengan el equipamiento necesario y al menos un a\u00f1o de entrenamiento, que cada uno tenga su chaleco, su arma reglamentaria y las Taser. Adem\u00e1s, vamos a <strong>mejorar su salario, facilitarle el acceso a la vivienda y garantizarles una buena cobertura de salud<\/strong>\u201d, dijo.<\/p>\n\n\n\n<p><strong>Las 14 medidas para combatir la inseguridad<\/strong><\/p>\n\n\n\n<ol class=\"wp-block-list\">\n<li><strong>Mandar al Ej\u00e9rcito a blindar las fronteras<\/strong>&nbsp;y controlar que no entren drogas y armas.<\/li>\n\n\n\n<li>Con el Ej\u00e9rcito en las fronteras,&nbsp;<strong>10.000 nuevos gendarmes y efectivos de la polic\u00eda federal van a poner el cuerpo en las zonas m\u00e1s cr\u00edticas del pa\u00eds<\/strong>: 3.000 van a ir a Rosario, 6.000 van a ir al conurbano bonaerense y otros 1.000 a C\u00f3rdoba.<\/li>\n\n\n\n<li><strong>Crear el Grupo de Elite Antinarcotr\u00e1fico<\/strong>&nbsp;con los mejores agentes de todas las fuerzas. Tendr\u00e1 el prestigio del FBI y contar\u00e1 con tecnolog\u00eda de punta para enfrentar delitos complejos.<\/li>\n\n\n\n<li><strong>Impulsar una ley de extinci\u00f3n de dominio para incautar los bienes de los criminales mientras se resuelve la condena<\/strong>. No van a poder usar su plata robada para comprar sicarios, ni usar sus autos y camiones para trasladar la droga, ni sus casas como bunkers.<\/li>\n\n\n\n<li><strong>Construir m\u00f3dulos de m\u00e1xima seguridad en las c\u00e1rceles<\/strong>&nbsp;con inhibidores de se\u00f1al para incomunicar a los l\u00edderes de las organizaciones criminales. Adem\u00e1s, se construir\u00e1n c\u00e1rceles de m\u00e1xima seguridad bien lejos de las grandes ciudades para que todos los narcos est\u00e9n presos.<\/li>\n\n\n\n<li><strong>Ir a buscar a los pr\u00f3fugos, reactivando el sistema que el gobierno actual no usa<\/strong>&nbsp;y con la tecnolog\u00eda que ya dio resultados: c\u00e1maras de reconocimiento facial y equipos especializados de las distintas fuerzas de seguridad.<\/li>\n\n\n\n<li>Diputados y senadores aprobar\u00e1n un&nbsp;<strong>nuevo c\u00f3digo penal para combatir el crimen organizado<\/strong>. Hoy Argentina tiene un c\u00f3digo de m\u00e1s de 100 a\u00f1os que no est\u00e1 preparado para los delitos actuales.<\/li>\n\n\n\n<li><strong>Impulsar un nuevo sistema de responsabilidad penal juvenil entre los 14 y los 18 a\u00f1os<\/strong>. Los j\u00f3venes van a ser responsables de sus actos, pero con un trato diferenciado dentro de un r\u00e9gimen especial, porque a los 14 a\u00f1os no son&nbsp;adultos. As\u00ed se evitar\u00e1 que esos chicos entren definitivamente en el mundo del delito y sean usados como soldaditos de los narcos.<\/li>\n\n\n\n<li><strong>Lograr una Justicia m\u00e1s r\u00e1pida a trav\u00e9s del nuevo sistema acusatorio federal, con prioridad en Rosario<\/strong>. Los juicios penales ser\u00e1n orales y el poder de investigaci\u00f3n lo tendr\u00e1n los fiscales, para bajar de a\u00f1os a meses la duraci\u00f3n de los procesos<\/li>\n\n\n\n<li><strong>&nbsp;Promover el juicio por jurados.<\/strong><\/li>\n<\/ol>\n\n\n\n<p>Otras dos propuestas tienen como objetivo&nbsp;<strong>cuidar a las v\u00edctimas<\/strong>.<\/p>\n\n\n\n<ol class=\"wp-block-list\">\n<li>&nbsp;<strong>Brindar asistencia, acompa\u00f1amiento psicol\u00f3gico, ayuda econ\u00f3mica y asesoramiento jur\u00eddico gratuito<\/strong>&nbsp;para las v\u00edctimas de la inseguridad.<\/li>\n\n\n\n<li>&nbsp;<strong>Volver a tener el control de las calles de los barrios m\u00e1s violentos&nbsp;<\/strong>llevando m\u00e1s polic\u00edas, instalando c\u00e1maras, sumando luces y llevando servicios b\u00e1sicos.<\/li>\n<\/ol>\n\n\n\n<p>Las \u00faltimas dos propuestas apuntan a&nbsp;<strong>cuidar a las fuerzas de seguridad<\/strong>.<\/p>\n\n\n\n<ol class=\"wp-block-list\">\n<li>&nbsp;<strong>Dar a los polic\u00edas el entrenamiento y el equipamiento que necesitan<\/strong>. Impulsar un acuerdo federal con los gobernadores para que los polic\u00edas tengan al menos un a\u00f1o de entrenamiento y que cada uno tenga su chaleco, su arma reglamentaria y Taser, handy y tecnolog\u00eda en el 911 y en las calles.<\/li>\n\n\n\n<li>&nbsp;<strong>Promover beneficios para los que elijan la profesi\u00f3n<\/strong>, mejorando su salario y facilitando el acceso a la vivienda y a un sistema de salud de calidad.<\/li>\n<\/ol>\n\n\n\n<p><\/p>\n\n\n\n<p><\/p>\n","protected":false},"excerpt":{"rendered":"<p>Horacio Rodr\u00edguez Larreta y Gerardo Morales presentaron 14 propuestas para impulsar una \u201cRevoluci\u00f3n de la Seguridad en Argentina\u201d, seg\u00fan afirma el comunicado que dieron a conocer. Lo hicieron en el&hellip;<\/p>\n","protected":false},"author":3,"featured_media":231409,"comment_status":"closed","ping_status":"open","sticky":false,"template":"","format":"standard","meta":{"_acf_changed":false,"footnotes":""},"categories":[11,8],"tags":[],"class_list":["post-231391","post","type-post","status-publish","format-standard","has-post-thumbnail","hentry","category-que-pasa","category-politica"],"acf":[],"yoast_head":"<!-- This site is optimized with the Yoast SEO plugin v27.5 - https:\/\/yoast.com\/product\/yoast-seo-wordpress\/ -->\n<title>Rodr\u00edguez Larreta y Morales presentaron sus 14 propuestas para combatir la inseguridad - Diario Textual<\/title>\n<meta name=\"robots\" content=\"index, follow, max-snippet:-1, max-image-preview:large, max-video-preview:-1\" \/>\n<link rel=\"canonical\" href=\"https:\/\/diariotextual.com\/inicio\/index.php\/2023\/07\/20\/rodriguez-larreta-y-morales-presentaron-sus-14-propuestas-para-combatir-la-inseguridad\/\" \/>\n<meta property=\"og:locale\" content=\"es_ES\" \/>\n<meta property=\"og:type\" content=\"article\" \/>\n<meta property=\"og:title\" content=\"Rodr\u00edguez Larreta y Morales presentaron sus 14 propuestas para combatir la inseguridad - Diario Textual\" \/>\n<meta property=\"og:description\" content=\"Horacio Rodr\u00edguez Larreta y Gerardo Morales presentaron 14 propuestas para impulsar una \u201cRevoluci\u00f3n de la Seguridad en Argentina\u201d, seg\u00fan afirma el comunicado que dieron a conocer. Lo hicieron en el&hellip;\" \/>\n<meta property=\"og:url\" content=\"https:\/\/diariotextual.com\/inicio\/index.php\/2023\/07\/20\/rodriguez-larreta-y-morales-presentaron-sus-14-propuestas-para-combatir-la-inseguridad\/\" \/>\n<meta property=\"og:site_name\" content=\"Diario Textual\" \/>\n<meta property=\"article:publisher\" content=\"https:\/\/www.facebook.com\/eltextual\" \/>\n<meta property=\"article:published_time\" content=\"2023-07-20T12:49:52+00:00\" \/>\n<meta property=\"article:modified_time\" content=\"2023-07-20T23:22:01+00:00\" \/>\n<meta property=\"og:image\" content=\"https:\/\/diariotextual.com\/inicio\/wp-content\/uploads\/2023\/07\/rodriguezlarretahoraciomoralesgerardo2023-2.jpg\" \/>\n\t<meta property=\"og:image:width\" content=\"1024\" \/>\n\t<meta property=\"og:image:height\" content=\"683\" \/>\n\t<meta property=\"og:image:type\" content=\"image\/jpeg\" \/>\n<meta name=\"author\" content=\"Diario1 Diario1\" \/>\n<meta name=\"twitter:card\" content=\"summary_large_image\" \/>\n<meta name=\"twitter:creator\" content=\"@eltextual\" \/>\n<meta name=\"twitter:site\" content=\"@eltextual\" \/>\n<meta name=\"twitter:label1\" content=\"Escrito por\" \/>\n\t<meta name=\"twitter:data1\" content=\"Diario1 Diario1\" \/>\n\t<meta name=\"twitter:label2\" content=\"Tiempo de lectura\" \/>\n\t<meta name=\"twitter:data2\" content=\"7 minutos\" \/>\n<script type=\"application\/ld+json\" class=\"yoast-schema-graph\">{\"@context\":\"https:\\\/\\\/schema.org\",\"@graph\":[{\"@type\":\"Article\",\"@id\":\"https:\\\/\\\/diariotextual.com\\\/inicio\\\/index.php\\\/2023\\\/07\\\/20\\\/rodriguez-larreta-y-morales-presentaron-sus-14-propuestas-para-combatir-la-inseguridad\\\/#article\",\"isPartOf\":{\"@id\":\"https:\\\/\\\/diariotextual.com\\\/inicio\\\/index.php\\\/2023\\\/07\\\/20\\\/rodriguez-larreta-y-morales-presentaron-sus-14-propuestas-para-combatir-la-inseguridad\\\/\"},\"author\":{\"name\":\"Diario1 Diario1\",\"@id\":\"https:\\\/\\\/diariotextual.com\\\/inicio\\\/#\\\/schema\\\/person\\\/418fc4093c33e86ed41562db3508f958\"},\"headline\":\"Rodr\u00edguez Larreta y Morales presentaron sus 14 propuestas para combatir la inseguridad\",\"datePublished\":\"2023-07-20T12:49:52+00:00\",\"dateModified\":\"2023-07-20T23:22:01+00:00\",\"mainEntityOfPage\":{\"@id\":\"https:\\\/\\\/diariotextual.com\\\/inicio\\\/index.php\\\/2023\\\/07\\\/20\\\/rodriguez-larreta-y-morales-presentaron-sus-14-propuestas-para-combatir-la-inseguridad\\\/\"},\"wordCount\":1446,\"publisher\":{\"@id\":\"https:\\\/\\\/diariotextual.com\\\/inicio\\\/#organization\"},\"image\":{\"@id\":\"https:\\\/\\\/diariotextual.com\\\/inicio\\\/index.php\\\/2023\\\/07\\\/20\\\/rodriguez-larreta-y-morales-presentaron-sus-14-propuestas-para-combatir-la-inseguridad\\\/#primaryimage\"},\"thumbnailUrl\":\"https:\\\/\\\/diariotextual.com\\\/inicio\\\/wp-content\\\/uploads\\\/2023\\\/07\\\/rodriguezlarretahoraciomoralesgerardo2023-2.jpg\",\"articleSection\":[\"A - QUE PASA (al costado)\",\"POLITICA\"],\"inLanguage\":\"es\"},{\"@type\":\"WebPage\",\"@id\":\"https:\\\/\\\/diariotextual.com\\\/inicio\\\/index.php\\\/2023\\\/07\\\/20\\\/rodriguez-larreta-y-morales-presentaron-sus-14-propuestas-para-combatir-la-inseguridad\\\/\",\"url\":\"https:\\\/\\\/diariotextual.com\\\/inicio\\\/index.php\\\/2023\\\/07\\\/20\\\/rodriguez-larreta-y-morales-presentaron-sus-14-propuestas-para-combatir-la-inseguridad\\\/\",\"name\":\"Rodr\u00edguez Larreta y Morales presentaron sus 14 propuestas para combatir la inseguridad - Diario Textual\",\"isPartOf\":{\"@id\":\"https:\\\/\\\/diariotextual.com\\\/inicio\\\/#website\"},\"primaryImageOfPage\":{\"@id\":\"https:\\\/\\\/diariotextual.com\\\/inicio\\\/index.php\\\/2023\\\/07\\\/20\\\/rodriguez-larreta-y-morales-presentaron-sus-14-propuestas-para-combatir-la-inseguridad\\\/#primaryimage\"},\"image\":{\"@id\":\"https:\\\/\\\/diariotextual.com\\\/inicio\\\/index.php\\\/2023\\\/07\\\/20\\\/rodriguez-larreta-y-morales-presentaron-sus-14-propuestas-para-combatir-la-inseguridad\\\/#primaryimage\"},\"thumbnailUrl\":\"https:\\\/\\\/diariotextual.com\\\/inicio\\\/wp-content\\\/uploads\\\/2023\\\/07\\\/rodriguezlarretahoraciomoralesgerardo2023-2.jpg\",\"datePublished\":\"2023-07-20T12:49:52+00:00\",\"dateModified\":\"2023-07-20T23:22:01+00:00\",\"breadcrumb\":{\"@id\":\"https:\\\/\\\/diariotextual.com\\\/inicio\\\/index.php\\\/2023\\\/07\\\/20\\\/rodriguez-larreta-y-morales-presentaron-sus-14-propuestas-para-combatir-la-inseguridad\\\/#breadcrumb\"},\"inLanguage\":\"es\",\"potentialAction\":[{\"@type\":\"ReadAction\",\"target\":[\"https:\\\/\\\/diariotextual.com\\\/inicio\\\/index.php\\\/2023\\\/07\\\/20\\\/rodriguez-larreta-y-morales-presentaron-sus-14-propuestas-para-combatir-la-inseguridad\\\/\"]}]},{\"@type\":\"ImageObject\",\"inLanguage\":\"es\",\"@id\":\"https:\\\/\\\/diariotextual.com\\\/inicio\\\/index.php\\\/2023\\\/07\\\/20\\\/rodriguez-larreta-y-morales-presentaron-sus-14-propuestas-para-combatir-la-inseguridad\\\/#primaryimage\",\"url\":\"https:\\\/\\\/diariotextual.com\\\/inicio\\\/wp-content\\\/uploads\\\/2023\\\/07\\\/rodriguezlarretahoraciomoralesgerardo2023-2.jpg\",\"contentUrl\":\"https:\\\/\\\/diariotextual.com\\\/inicio\\\/wp-content\\\/uploads\\\/2023\\\/07\\\/rodriguezlarretahoraciomoralesgerardo2023-2.jpg\",\"width\":1024,\"height\":683},{\"@type\":\"BreadcrumbList\",\"@id\":\"https:\\\/\\\/diariotextual.com\\\/inicio\\\/index.php\\\/2023\\\/07\\\/20\\\/rodriguez-larreta-y-morales-presentaron-sus-14-propuestas-para-combatir-la-inseguridad\\\/#breadcrumb\",\"itemListElement\":[{\"@type\":\"ListItem\",\"position\":1,\"name\":\"Portada\",\"item\":\"https:\\\/\\\/diariotextual.com\\\/inicio\\\/\"},{\"@type\":\"ListItem\",\"position\":2,\"name\":\"Rodr\u00edguez Larreta y Morales presentaron sus 14 propuestas para combatir la inseguridad\"}]},{\"@type\":\"WebSite\",\"@id\":\"https:\\\/\\\/diariotextual.com\\\/inicio\\\/#website\",\"url\":\"https:\\\/\\\/diariotextual.com\\\/inicio\\\/\",\"name\":\"Diario Textual\",\"description\":\"\",\"publisher\":{\"@id\":\"https:\\\/\\\/diariotextual.com\\\/inicio\\\/#organization\"},\"potentialAction\":[{\"@type\":\"SearchAction\",\"target\":{\"@type\":\"EntryPoint\",\"urlTemplate\":\"https:\\\/\\\/diariotextual.com\\\/inicio\\\/?s={search_term_string}\"},\"query-input\":{\"@type\":\"PropertyValueSpecification\",\"valueRequired\":true,\"valueName\":\"search_term_string\"}}],\"inLanguage\":\"es\"},{\"@type\":\"Organization\",\"@id\":\"https:\\\/\\\/diariotextual.com\\\/inicio\\\/#organization\",\"name\":\"Diario Textual\",\"url\":\"https:\\\/\\\/diariotextual.com\\\/inicio\\\/\",\"logo\":{\"@type\":\"ImageObject\",\"inLanguage\":\"es\",\"@id\":\"https:\\\/\\\/diariotextual.com\\\/inicio\\\/#\\\/schema\\\/logo\\\/image\\\/\",\"url\":\"https:\\\/\\\/diariotextual.com\\\/inicio\\\/wp-content\\\/uploads\\\/2023\\\/05\\\/logotextual1.jpg\",\"contentUrl\":\"https:\\\/\\\/diariotextual.com\\\/inicio\\\/wp-content\\\/uploads\\\/2023\\\/05\\\/logotextual1.jpg\",\"width\":516,\"height\":76,\"caption\":\"Diario Textual\"},\"image\":{\"@id\":\"https:\\\/\\\/diariotextual.com\\\/inicio\\\/#\\\/schema\\\/logo\\\/image\\\/\"},\"sameAs\":[\"https:\\\/\\\/www.facebook.com\\\/eltextual\",\"https:\\\/\\\/x.com\\\/eltextual\",\"http:\\\/\\\/www.instagram.com\\\/eltextual\"]},{\"@type\":\"Person\",\"@id\":\"https:\\\/\\\/diariotextual.com\\\/inicio\\\/#\\\/schema\\\/person\\\/418fc4093c33e86ed41562db3508f958\",\"name\":\"Diario1 Diario1\",\"image\":{\"@type\":\"ImageObject\",\"inLanguage\":\"es\",\"@id\":\"https:\\\/\\\/secure.gravatar.com\\\/avatar\\\/9167d280179c85bc18be67aa7eda765854300033af4896dd779b608640f2ef7a?s=96&d=mm&r=g\",\"url\":\"https:\\\/\\\/secure.gravatar.com\\\/avatar\\\/9167d280179c85bc18be67aa7eda765854300033af4896dd779b608640f2ef7a?s=96&d=mm&r=g\",\"contentUrl\":\"https:\\\/\\\/secure.gravatar.com\\\/avatar\\\/9167d280179c85bc18be67aa7eda765854300033af4896dd779b608640f2ef7a?s=96&d=mm&r=g\",\"caption\":\"Diario1 Diario1\"},\"url\":\"https:\\\/\\\/diariotextual.com\\\/inicio\\\/index.php\\\/author\\\/diario1\\\/\"}]}<\/script>\n<!-- \/ Yoast SEO plugin. -->","yoast_head_json":{"title":"Rodr\u00edguez Larreta y Morales presentaron sus 14 propuestas para combatir la inseguridad - Diario Textual","robots":{"index":"index","follow":"follow","max-snippet":"max-snippet:-1","max-image-preview":"max-image-preview:large","max-video-preview":"max-video-preview:-1"},"canonical":"https:\/\/diariotextual.com\/inicio\/index.php\/2023\/07\/20\/rodriguez-larreta-y-morales-presentaron-sus-14-propuestas-para-combatir-la-inseguridad\/","og_locale":"es_ES","og_type":"article","og_title":"Rodr\u00edguez Larreta y Morales presentaron sus 14 propuestas para combatir la inseguridad - Diario Textual","og_description":"Horacio Rodr\u00edguez Larreta y Gerardo Morales presentaron 14 propuestas para impulsar una \u201cRevoluci\u00f3n de la Seguridad en Argentina\u201d, seg\u00fan afirma el comunicado que dieron a conocer. Lo hicieron en el&hellip;","og_url":"https:\/\/diariotextual.com\/inicio\/index.php\/2023\/07\/20\/rodriguez-larreta-y-morales-presentaron-sus-14-propuestas-para-combatir-la-inseguridad\/","og_site_name":"Diario Textual","article_publisher":"https:\/\/www.facebook.com\/eltextual","article_published_time":"2023-07-20T12:49:52+00:00","article_modified_time":"2023-07-20T23:22:01+00:00","og_image":[{"width":1024,"height":683,"url":"https:\/\/diariotextual.com\/inicio\/wp-content\/uploads\/2023\/07\/rodriguezlarretahoraciomoralesgerardo2023-2.jpg","type":"image\/jpeg"}],"author":"Diario1 Diario1","twitter_card":"summary_large_image","twitter_creator":"@eltextual","twitter_site":"@eltextual","twitter_misc":{"Escrito por":"Diario1 Diario1","Tiempo de lectura":"7 minutos"},"schema":{"@context":"https:\/\/schema.org","@graph":[{"@type":"Article","@id":"https:\/\/diariotextual.com\/inicio\/index.php\/2023\/07\/20\/rodriguez-larreta-y-morales-presentaron-sus-14-propuestas-para-combatir-la-inseguridad\/#article","isPartOf":{"@id":"https:\/\/diariotextual.com\/inicio\/index.php\/2023\/07\/20\/rodriguez-larreta-y-morales-presentaron-sus-14-propuestas-para-combatir-la-inseguridad\/"},"author":{"name":"Diario1 Diario1","@id":"https:\/\/diariotextual.com\/inicio\/#\/schema\/person\/418fc4093c33e86ed41562db3508f958"},"headline":"Rodr\u00edguez Larreta y Morales presentaron sus 14 propuestas para combatir la inseguridad","datePublished":"2023-07-20T12:49:52+00:00","dateModified":"2023-07-20T23:22:01+00:00","mainEntityOfPage":{"@id":"https:\/\/diariotextual.com\/inicio\/index.php\/2023\/07\/20\/rodriguez-larreta-y-morales-presentaron-sus-14-propuestas-para-combatir-la-inseguridad\/"},"wordCount":1446,"publisher":{"@id":"https:\/\/diariotextual.com\/inicio\/#organization"},"image":{"@id":"https:\/\/diariotextual.com\/inicio\/index.php\/2023\/07\/20\/rodriguez-larreta-y-morales-presentaron-sus-14-propuestas-para-combatir-la-inseguridad\/#primaryimage"},"thumbnailUrl":"https:\/\/diariotextual.com\/inicio\/wp-content\/uploads\/2023\/07\/rodriguezlarretahoraciomoralesgerardo2023-2.jpg","articleSection":["A - QUE PASA (al costado)","POLITICA"],"inLanguage":"es"},{"@type":"WebPage","@id":"https:\/\/diariotextual.com\/inicio\/index.php\/2023\/07\/20\/rodriguez-larreta-y-morales-presentaron-sus-14-propuestas-para-combatir-la-inseguridad\/","url":"https:\/\/diariotextual.com\/inicio\/index.php\/2023\/07\/20\/rodriguez-larreta-y-morales-presentaron-sus-14-propuestas-para-combatir-la-inseguridad\/","name":"Rodr\u00edguez Larreta y Morales presentaron sus 14 propuestas para combatir la inseguridad - Diario Textual","isPartOf":{"@id":"https:\/\/diariotextual.com\/inicio\/#website"},"primaryImageOfPage":{"@id":"https:\/\/diariotextual.com\/inicio\/index.php\/2023\/07\/20\/rodriguez-larreta-y-morales-presentaron-sus-14-propuestas-para-combatir-la-inseguridad\/#primaryimage"},"image":{"@id":"https:\/\/diariotextual.com\/inicio\/index.php\/2023\/07\/20\/rodriguez-larreta-y-morales-presentaron-sus-14-propuestas-para-combatir-la-inseguridad\/#primaryimage"},"thumbnailUrl":"https:\/\/diariotextual.com\/inicio\/wp-content\/uploads\/2023\/07\/rodriguezlarretahoraciomoralesgerardo2023-2.jpg","datePublished":"2023-07-20T12:49:52+00:00","dateModified":"2023-07-20T23:22:01+00:00","breadcrumb":{"@id":"https:\/\/diariotextual.com\/inicio\/index.php\/2023\/07\/20\/rodriguez-larreta-y-morales-presentaron-sus-14-propuestas-para-combatir-la-inseguridad\/#breadcrumb"},"inLanguage":"es","potentialAction":[{"@type":"ReadAction","target":["https:\/\/diariotextual.com\/inicio\/index.php\/2023\/07\/20\/rodriguez-larreta-y-morales-presentaron-sus-14-propuestas-para-combatir-la-inseguridad\/"]}]},{"@type":"ImageObject","inLanguage":"es","@id":"https:\/\/diariotextual.com\/inicio\/index.php\/2023\/07\/20\/rodriguez-larreta-y-morales-presentaron-sus-14-propuestas-para-combatir-la-inseguridad\/#primaryimage","url":"https:\/\/diariotextual.com\/inicio\/wp-content\/uploads\/2023\/07\/rodriguezlarretahoraciomoralesgerardo2023-2.jpg","contentUrl":"https:\/\/diariotextual.com\/inicio\/wp-content\/uploads\/2023\/07\/rodriguezlarretahoraciomoralesgerardo2023-2.jpg","width":1024,"height":683},{"@type":"BreadcrumbList","@id":"https:\/\/diariotextual.com\/inicio\/index.php\/2023\/07\/20\/rodriguez-larreta-y-morales-presentaron-sus-14-propuestas-para-combatir-la-inseguridad\/#breadcrumb","itemListElement":[{"@type":"ListItem","position":1,"name":"Portada","item":"https:\/\/diariotextual.com\/inicio\/"},{"@type":"ListItem","position":2,"name":"Rodr\u00edguez Larreta y Morales presentaron sus 14 propuestas para combatir la inseguridad"}]},{"@type":"WebSite","@id":"https:\/\/diariotextual.com\/inicio\/#website","url":"https:\/\/diariotextual.com\/inicio\/","name":"Diario Textual","description":"","publisher":{"@id":"https:\/\/diariotextual.com\/inicio\/#organization"},"potentialAction":[{"@type":"SearchAction","target":{"@type":"EntryPoint","urlTemplate":"https:\/\/diariotextual.com\/inicio\/?s={search_term_string}"},"query-input":{"@type":"PropertyValueSpecification","valueRequired":true,"valueName":"search_term_string"}}],"inLanguage":"es"},{"@type":"Organization","@id":"https:\/\/diariotextual.com\/inicio\/#organization","name":"Diario Textual","url":"https:\/\/diariotextual.com\/inicio\/","logo":{"@type":"ImageObject","inLanguage":"es","@id":"https:\/\/diariotextual.com\/inicio\/#\/schema\/logo\/image\/","url":"https:\/\/diariotextual.com\/inicio\/wp-content\/uploads\/2023\/05\/logotextual1.jpg","contentUrl":"https:\/\/diariotextual.com\/inicio\/wp-content\/uploads\/2023\/05\/logotextual1.jpg","width":516,"height":76,"caption":"Diario Textual"},"image":{"@id":"https:\/\/diariotextual.com\/inicio\/#\/schema\/logo\/image\/"},"sameAs":["https:\/\/www.facebook.com\/eltextual","https:\/\/x.com\/eltextual","http:\/\/www.instagram.com\/eltextual"]},{"@type":"Person","@id":"https:\/\/diariotextual.com\/inicio\/#\/schema\/person\/418fc4093c33e86ed41562db3508f958","name":"Diario1 Diario1","image":{"@type":"ImageObject","inLanguage":"es","@id":"https:\/\/secure.gravatar.com\/avatar\/9167d280179c85bc18be67aa7eda765854300033af4896dd779b608640f2ef7a?s=96&d=mm&r=g","url":"https:\/\/secure.gravatar.com\/avatar\/9167d280179c85bc18be67aa7eda765854300033af4896dd779b608640f2ef7a?s=96&d=mm&r=g","contentUrl":"https:\/\/secure.gravatar.com\/avatar\/9167d280179c85bc18be67aa7eda765854300033af4896dd779b608640f2ef7a?s=96&d=mm&r=g","caption":"Diario1 Diario1"},"url":"https:\/\/diariotextual.com\/inicio\/index.php\/author\/diario1\/"}]}},"_links":{"self":[{"href":"https:\/\/diariotextual.com\/inicio\/index.php\/wp-json\/wp\/v2\/posts\/231391","targetHints":{"allow":["GET"]}}],"collection":[{"href":"https:\/\/diariotextual.com\/inicio\/index.php\/wp-json\/wp\/v2\/posts"}],"about":[{"href":"https:\/\/diariotextual.com\/inicio\/index.php\/wp-json\/wp\/v2\/types\/post"}],"author":[{"embeddable":true,"href":"https:\/\/diariotextual.com\/inicio\/index.php\/wp-json\/wp\/v2\/users\/3"}],"replies":[{"embeddable":true,"href":"https:\/\/diariotextual.com\/inicio\/index.php\/wp-json\/wp\/v2\/comments?post=231391"}],"version-history":[{"count":3,"href":"https:\/\/diariotextual.com\/inicio\/index.php\/wp-json\/wp\/v2\/posts\/231391\/revisions"}],"predecessor-version":[{"id":231410,"href":"https:\/\/diariotextual.com\/inicio\/index.php\/wp-json\/wp\/v2\/posts\/231391\/revisions\/231410"}],"wp:featuredmedia":[{"embeddable":true,"href":"https:\/\/diariotextual.com\/inicio\/index.php\/wp-json\/wp\/v2\/media\/231409"}],"wp:attachment":[{"href":"https:\/\/diariotextual.com\/inicio\/index.php\/wp-json\/wp\/v2\/media?parent=231391"}],"wp:term":[{"taxonomy":"category","embeddable":true,"href":"https:\/\/diariotextual.com\/inicio\/index.php\/wp-json\/wp\/v2\/categories?post=231391"},{"taxonomy":"post_tag","embeddable":true,"href":"https:\/\/diariotextual.com\/inicio\/index.php\/wp-json\/wp\/v2\/tags?post=231391"}],"curies":[{"name":"wp","href":"https:\/\/api.w.org\/{rel}","templated":true}]}}