{"id":231412,"date":"2023-07-20T16:53:56","date_gmt":"2023-07-20T19:53:56","guid":{"rendered":"https:\/\/diariotextual.com\/inicio\/?p=231412"},"modified":"2023-07-22T19:38:52","modified_gmt":"2023-07-22T22:38:52","slug":"que-es-el-edadismo-y-como-se-prepara-la-pampa-para-la-vejez","status":"publish","type":"post","link":"https:\/\/diariotextual.com\/inicio\/index.php\/2023\/07\/20\/que-es-el-edadismo-y-como-se-prepara-la-pampa-para-la-vejez\/","title":{"rendered":"Qu\u00e9 es el edadismo y c\u00f3mo se prepara La Pampa para la vejez"},"content":{"rendered":"\n<p>Los t\u00e9rminos <strong>edadismo, edaismo o viejismo<\/strong>, si bien no son nuevos, desde un tiempo a esta parte parecen resultar m\u00e1s cotidianos. Son, ni m\u00e1s ni menos, formas de discriminaci\u00f3n hacia las personas mayores. Qu\u00e9 pasa en La Pampa y c\u00f3mo se vienen preparando algunas instituciones, inmersas en una de las provincias m\u00e1s envejecidas.<\/p>\n\n\n\n<p>El edadismo es un t\u00e9rmino acu\u00f1ado en los \u201870 por el reconocido geront\u00f3logo Robert Butler, quien inici\u00f3 estudios sobre qu\u00e9 les pasaba a las personas con el envejecimiento y las formas de envejecer. En nuestro pa\u00eds, en tanto, el psicoanalista Leopoldo Salvarezza trabaj\u00f3 el \u2018viejismo\u2019 porque a su juicio los latinos y latinas deb\u00edan hablar \u2018m\u00e1s f\u00e1cilmente\u2019 de las formas que son m\u00e1s comunes de discriminaci\u00f3n.<\/p>\n\n\n\n<p>Para la directora de Personas Mayores, Silvia Gonz\u00e1lez, <strong>la forma de discriminaci\u00f3n por edad se asemeja al racismo por lo que provoca en otras personas <\/strong>y lo que va produciendo a lo largo de los a\u00f1os, ya que no es una discriminaci\u00f3n directa sino que presenta m\u00faltiples discriminaciones.<\/p>\n\n\n\n<p>Justamente la gerontolog\u00eda es la ciencia que vino a romper con la idea o concepci\u00f3n est\u00e1tica acerca que todas las personas son iguales. \u201cEnvejecemos de diversas maneras y la gran diversidad que existe en personas de cualquier edad tambi\u00e9n se expresa en la vejez\u201d, aclar\u00f3 la especialista.<\/p>\n\n\n\n<p>De acuerdo a la geront\u00f3loga, cuando se habla de discriminaci\u00f3n por edad pueden existir situaciones desde muy graves a muy leves, pero todas ellas culturalmente van generando \u2018taponcitos\u2019 que van cerrando puertas a distintas posibilidades que podr\u00edan tener las personas mayores, desde la \u2018discriminaci\u00f3n positiva\u2019 o desde una mirada positiva del envejecimiento, que es la que se deber\u00eda tener.<\/p>\n\n\n\n<p><strong>-\u00bfCu\u00e1les son esos \u2018taponcitos\u2019 de los que habl\u00e1s?<\/strong><\/p>\n\n\n\n<p>-Las \u2018piedritas\u2019 que padecen las personas mayores son aquellas cuando les dicen que no pueden hacer una actividad f\u00edsica porque tienen m\u00faltiples enfermedades. Cuando en su familia hay una apoderado o apoderada que les indica cu\u00e1ndo y c\u00f3mo gastar su dinero, cuando les dejan al cuidado nietos y nietas y no los desean. Tambi\u00e9n cuando buscan volver a formar pareja en una residencia y no se lo permiten las hijas o hijos o quienes fueran; en las instituciones, cuando deben hacer tr\u00e1mites burocr\u00e1ticos que no los pueden terminar y necesitan el acompa\u00f1amiento de otro. Todo eso hace que la persona se vaya diciendo necesito de otro o de otra porque sola o solo no puedo. Entonces,<strong> lo m\u00e1s com\u00fan es decir \u2018dej\u00e1 pap\u00e1 o dej\u00e1 mam\u00e1\u2019 yo te acompa\u00f1o y opero en el cajero porque s\u00e9 que le ten\u00e9s temor, en vez de acompa\u00f1ar al adulto hasta el cajero pero dejarlo ingresar solo, darle el tiempo que necesite, y que lo opere.<\/strong><\/p>\n\n\n\n<p>Consultada en Noticiero 3, aludi\u00f3 tambi\u00e9n a las <strong>personas de mediana edad que tienen otros tiempos,<\/strong> diferentes a los de los pibes de hoy, y esos tiempos hay que reconocerlos y considerarlos. \u201cNo podemos pensar que vamos a hacer lo mismo que hac\u00edamos antes o sufrir porque estamos en la mediana edad. Estamos disfrutando de una edad determinada\u201d, sentenci\u00f3. \u201cPor eso necesitamos acompa\u00f1amiento cultural, familiar, social y comunitario que interprete que esa franja etaria tiene sus propias capacidades, habilidades, facultades, potencialidades y una gran capacidad de resiliencia que se va adquiriendo con la experiencia\u201d. En ese sentido, asegur\u00f3 que la experiencia no brinda sabidur\u00eda, pero si estrategias de afrontamiento para diferentes situaciones.<\/p>\n\n\n\n<p>Sobre la <strong>discriminaci\u00f3n hacia las personas mayores, lament\u00f3 que se observe cotidianamente en un mont\u00f3n de situaciones<\/strong>, como por ejemplo cuando se molestan porque alguien se demora en un cajero autom\u00e1tico o expresan que tal persona no deber\u00eda manejar, cuando los mayores son los que menos chocan. \u201cSon esos estereotipos o prejuicios que internamente nos salen, casi como inconscientemente, los que ocasionan una discriminaci\u00f3n muy simb\u00f3lica\u201d, dijo.<\/p>\n\n\n\n<p>En La Pampa, segunda provincia del pa\u00eds m\u00e1s envejecida, <strong>las instituciones se vienen preparando para envejecer.<\/strong> A su entender, existe un grupo de personas mayores que saben perfectamente de qu\u00e9 manera resolver y afrontar la llegada de la vejez. \u201cComunitariamente lo hemos trabajado a trav\u00e9s de los Cumel\u00e9n, los centros de jubilados, las colonias, equipos deportivos y han arrasado con todo tipo de estereotipo, desde el no pod\u00e9s de la geriatr\u00eda hasta el mam\u00e1 para qu\u00e9 vas a regar la vereda ahora\u201d. \u201cEsas son frases comunes, que se hacen desde el querer proteger, pero terminan siendo un impedimento porque mam\u00e1 toda la vida reg\u00f3 la vereda a la misma hora y entonces por qu\u00e9 ahora, que es m\u00e1s grande, no lo puede hacer\u201d, se pregunt\u00f3 la funcionaria, quien indic\u00f3 que esa es una de las maneras de \u201cdiscriminaci\u00f3n por edad\u201d. Por eso propuso desarrollar empat\u00eda y verlo al rev\u00e9s. \u201cPensemos si a nosotros nos gustar\u00eda que nos cambien la vida porque tenemos m\u00e1s a\u00f1os. O si lo decidimos nosotros o lo deciden los otros: eso tiene que ver con el viejismo y es cultural\u201d, concluy\u00f3.<\/p>\n","protected":false},"excerpt":{"rendered":"<p>Los t\u00e9rminos edadismo, edaismo o viejismo, si bien no son nuevos, desde un tiempo a esta parte parecen resultar m\u00e1s cotidianos. Son, ni m\u00e1s ni menos, formas de discriminaci\u00f3n hacia&hellip;<\/p>\n","protected":false},"author":4,"featured_media":79909,"comment_status":"closed","ping_status":"open","sticky":false,"template":"","format":"standard","meta":{"_acf_changed":false,"footnotes":""},"categories":[11,12],"tags":[],"class_list":["post-231412","post","type-post","status-publish","format-standard","has-post-thumbnail","hentry","category-que-pasa","category-sociedad"],"acf":[],"yoast_head":"<!-- This site is optimized with the Yoast SEO plugin v27.5 - https:\/\/yoast.com\/product\/yoast-seo-wordpress\/ -->\n<title>Qu\u00e9 es el edadismo y c\u00f3mo se prepara La Pampa para la vejez - Diario Textual<\/title>\n<meta name=\"robots\" content=\"index, follow, max-snippet:-1, max-image-preview:large, max-video-preview:-1\" \/>\n<link rel=\"canonical\" href=\"https:\/\/diariotextual.com\/inicio\/index.php\/2023\/07\/20\/que-es-el-edadismo-y-como-se-prepara-la-pampa-para-la-vejez\/\" \/>\n<meta property=\"og:locale\" content=\"es_ES\" \/>\n<meta property=\"og:type\" content=\"article\" \/>\n<meta property=\"og:title\" content=\"Qu\u00e9 es el edadismo y c\u00f3mo se prepara La Pampa para la vejez - Diario Textual\" \/>\n<meta property=\"og:description\" content=\"Los t\u00e9rminos edadismo, edaismo o viejismo, si bien no son nuevos, desde un tiempo a esta parte parecen resultar m\u00e1s cotidianos. Son, ni m\u00e1s ni menos, formas de discriminaci\u00f3n hacia&hellip;\" \/>\n<meta property=\"og:url\" content=\"https:\/\/diariotextual.com\/inicio\/index.php\/2023\/07\/20\/que-es-el-edadismo-y-como-se-prepara-la-pampa-para-la-vejez\/\" \/>\n<meta property=\"og:site_name\" content=\"Diario Textual\" \/>\n<meta property=\"article:publisher\" content=\"https:\/\/www.facebook.com\/eltextual\" \/>\n<meta property=\"article:published_time\" content=\"2023-07-20T19:53:56+00:00\" \/>\n<meta property=\"article:modified_time\" content=\"2023-07-22T22:38:52+00:00\" \/>\n<meta property=\"og:image\" content=\"https:\/\/diariotextual.com\/inicio\/wp-content\/uploads\/2020\/02\/jubiladostelam77.jpg\" \/>\n\t<meta property=\"og:image:width\" content=\"1072\" \/>\n\t<meta property=\"og:image:height\" content=\"589\" \/>\n\t<meta property=\"og:image:type\" content=\"image\/jpeg\" \/>\n<meta name=\"author\" content=\"diario2\" \/>\n<meta name=\"twitter:card\" content=\"summary_large_image\" \/>\n<meta name=\"twitter:creator\" content=\"@eltextual\" \/>\n<meta name=\"twitter:site\" content=\"@eltextual\" \/>\n<meta name=\"twitter:label1\" content=\"Escrito por\" \/>\n\t<meta name=\"twitter:data1\" content=\"diario2\" \/>\n\t<meta name=\"twitter:label2\" content=\"Tiempo de lectura\" \/>\n\t<meta name=\"twitter:data2\" content=\"4 minutos\" \/>\n<script type=\"application\/ld+json\" class=\"yoast-schema-graph\">{\"@context\":\"https:\\\/\\\/schema.org\",\"@graph\":[{\"@type\":\"Article\",\"@id\":\"https:\\\/\\\/diariotextual.com\\\/inicio\\\/index.php\\\/2023\\\/07\\\/20\\\/que-es-el-edadismo-y-como-se-prepara-la-pampa-para-la-vejez\\\/#article\",\"isPartOf\":{\"@id\":\"https:\\\/\\\/diariotextual.com\\\/inicio\\\/index.php\\\/2023\\\/07\\\/20\\\/que-es-el-edadismo-y-como-se-prepara-la-pampa-para-la-vejez\\\/\"},\"author\":{\"name\":\"diario2\",\"@id\":\"https:\\\/\\\/diariotextual.com\\\/inicio\\\/#\\\/schema\\\/person\\\/694f60677f23c4a530867a98f22b3768\"},\"headline\":\"Qu\u00e9 es el edadismo y c\u00f3mo se prepara La Pampa para la vejez\",\"datePublished\":\"2023-07-20T19:53:56+00:00\",\"dateModified\":\"2023-07-22T22:38:52+00:00\",\"mainEntityOfPage\":{\"@id\":\"https:\\\/\\\/diariotextual.com\\\/inicio\\\/index.php\\\/2023\\\/07\\\/20\\\/que-es-el-edadismo-y-como-se-prepara-la-pampa-para-la-vejez\\\/\"},\"wordCount\":887,\"publisher\":{\"@id\":\"https:\\\/\\\/diariotextual.com\\\/inicio\\\/#organization\"},\"image\":{\"@id\":\"https:\\\/\\\/diariotextual.com\\\/inicio\\\/index.php\\\/2023\\\/07\\\/20\\\/que-es-el-edadismo-y-como-se-prepara-la-pampa-para-la-vejez\\\/#primaryimage\"},\"thumbnailUrl\":\"https:\\\/\\\/diariotextual.com\\\/inicio\\\/wp-content\\\/uploads\\\/2020\\\/02\\\/jubiladostelam77.jpg\",\"articleSection\":[\"A - QUE PASA (al costado)\",\"SOCIEDAD\"],\"inLanguage\":\"es\"},{\"@type\":\"WebPage\",\"@id\":\"https:\\\/\\\/diariotextual.com\\\/inicio\\\/index.php\\\/2023\\\/07\\\/20\\\/que-es-el-edadismo-y-como-se-prepara-la-pampa-para-la-vejez\\\/\",\"url\":\"https:\\\/\\\/diariotextual.com\\\/inicio\\\/index.php\\\/2023\\\/07\\\/20\\\/que-es-el-edadismo-y-como-se-prepara-la-pampa-para-la-vejez\\\/\",\"name\":\"Qu\u00e9 es el edadismo y c\u00f3mo se prepara La Pampa para la vejez - Diario Textual\",\"isPartOf\":{\"@id\":\"https:\\\/\\\/diariotextual.com\\\/inicio\\\/#website\"},\"primaryImageOfPage\":{\"@id\":\"https:\\\/\\\/diariotextual.com\\\/inicio\\\/index.php\\\/2023\\\/07\\\/20\\\/que-es-el-edadismo-y-como-se-prepara-la-pampa-para-la-vejez\\\/#primaryimage\"},\"image\":{\"@id\":\"https:\\\/\\\/diariotextual.com\\\/inicio\\\/index.php\\\/2023\\\/07\\\/20\\\/que-es-el-edadismo-y-como-se-prepara-la-pampa-para-la-vejez\\\/#primaryimage\"},\"thumbnailUrl\":\"https:\\\/\\\/diariotextual.com\\\/inicio\\\/wp-content\\\/uploads\\\/2020\\\/02\\\/jubiladostelam77.jpg\",\"datePublished\":\"2023-07-20T19:53:56+00:00\",\"dateModified\":\"2023-07-22T22:38:52+00:00\",\"breadcrumb\":{\"@id\":\"https:\\\/\\\/diariotextual.com\\\/inicio\\\/index.php\\\/2023\\\/07\\\/20\\\/que-es-el-edadismo-y-como-se-prepara-la-pampa-para-la-vejez\\\/#breadcrumb\"},\"inLanguage\":\"es\",\"potentialAction\":[{\"@type\":\"ReadAction\",\"target\":[\"https:\\\/\\\/diariotextual.com\\\/inicio\\\/index.php\\\/2023\\\/07\\\/20\\\/que-es-el-edadismo-y-como-se-prepara-la-pampa-para-la-vejez\\\/\"]}]},{\"@type\":\"ImageObject\",\"inLanguage\":\"es\",\"@id\":\"https:\\\/\\\/diariotextual.com\\\/inicio\\\/index.php\\\/2023\\\/07\\\/20\\\/que-es-el-edadismo-y-como-se-prepara-la-pampa-para-la-vejez\\\/#primaryimage\",\"url\":\"https:\\\/\\\/diariotextual.com\\\/inicio\\\/wp-content\\\/uploads\\\/2020\\\/02\\\/jubiladostelam77.jpg\",\"contentUrl\":\"https:\\\/\\\/diariotextual.com\\\/inicio\\\/wp-content\\\/uploads\\\/2020\\\/02\\\/jubiladostelam77.jpg\",\"width\":1072,\"height\":589},{\"@type\":\"BreadcrumbList\",\"@id\":\"https:\\\/\\\/diariotextual.com\\\/inicio\\\/index.php\\\/2023\\\/07\\\/20\\\/que-es-el-edadismo-y-como-se-prepara-la-pampa-para-la-vejez\\\/#breadcrumb\",\"itemListElement\":[{\"@type\":\"ListItem\",\"position\":1,\"name\":\"Portada\",\"item\":\"https:\\\/\\\/diariotextual.com\\\/inicio\\\/\"},{\"@type\":\"ListItem\",\"position\":2,\"name\":\"Qu\u00e9 es el edadismo y c\u00f3mo se prepara La Pampa para la vejez\"}]},{\"@type\":\"WebSite\",\"@id\":\"https:\\\/\\\/diariotextual.com\\\/inicio\\\/#website\",\"url\":\"https:\\\/\\\/diariotextual.com\\\/inicio\\\/\",\"name\":\"Diario Textual\",\"description\":\"\",\"publisher\":{\"@id\":\"https:\\\/\\\/diariotextual.com\\\/inicio\\\/#organization\"},\"potentialAction\":[{\"@type\":\"SearchAction\",\"target\":{\"@type\":\"EntryPoint\",\"urlTemplate\":\"https:\\\/\\\/diariotextual.com\\\/inicio\\\/?s={search_term_string}\"},\"query-input\":{\"@type\":\"PropertyValueSpecification\",\"valueRequired\":true,\"valueName\":\"search_term_string\"}}],\"inLanguage\":\"es\"},{\"@type\":\"Organization\",\"@id\":\"https:\\\/\\\/diariotextual.com\\\/inicio\\\/#organization\",\"name\":\"Diario Textual\",\"url\":\"https:\\\/\\\/diariotextual.com\\\/inicio\\\/\",\"logo\":{\"@type\":\"ImageObject\",\"inLanguage\":\"es\",\"@id\":\"https:\\\/\\\/diariotextual.com\\\/inicio\\\/#\\\/schema\\\/logo\\\/image\\\/\",\"url\":\"https:\\\/\\\/diariotextual.com\\\/inicio\\\/wp-content\\\/uploads\\\/2023\\\/05\\\/logotextual1.jpg\",\"contentUrl\":\"https:\\\/\\\/diariotextual.com\\\/inicio\\\/wp-content\\\/uploads\\\/2023\\\/05\\\/logotextual1.jpg\",\"width\":516,\"height\":76,\"caption\":\"Diario Textual\"},\"image\":{\"@id\":\"https:\\\/\\\/diariotextual.com\\\/inicio\\\/#\\\/schema\\\/logo\\\/image\\\/\"},\"sameAs\":[\"https:\\\/\\\/www.facebook.com\\\/eltextual\",\"https:\\\/\\\/x.com\\\/eltextual\",\"http:\\\/\\\/www.instagram.com\\\/eltextual\"]},{\"@type\":\"Person\",\"@id\":\"https:\\\/\\\/diariotextual.com\\\/inicio\\\/#\\\/schema\\\/person\\\/694f60677f23c4a530867a98f22b3768\",\"name\":\"diario2\",\"image\":{\"@type\":\"ImageObject\",\"inLanguage\":\"es\",\"@id\":\"https:\\\/\\\/secure.gravatar.com\\\/avatar\\\/5a2567495ba16b852fcd8f1ed006a2e24fcace936018ed8237e95f488ad6e0a7?s=96&d=mm&r=g\",\"url\":\"https:\\\/\\\/secure.gravatar.com\\\/avatar\\\/5a2567495ba16b852fcd8f1ed006a2e24fcace936018ed8237e95f488ad6e0a7?s=96&d=mm&r=g\",\"contentUrl\":\"https:\\\/\\\/secure.gravatar.com\\\/avatar\\\/5a2567495ba16b852fcd8f1ed006a2e24fcace936018ed8237e95f488ad6e0a7?s=96&d=mm&r=g\",\"caption\":\"diario2\"},\"url\":\"https:\\\/\\\/diariotextual.com\\\/inicio\\\/index.php\\\/author\\\/diario2\\\/\"}]}<\/script>\n<!-- \/ Yoast SEO plugin. -->","yoast_head_json":{"title":"Qu\u00e9 es el edadismo y c\u00f3mo se prepara La Pampa para la vejez - Diario Textual","robots":{"index":"index","follow":"follow","max-snippet":"max-snippet:-1","max-image-preview":"max-image-preview:large","max-video-preview":"max-video-preview:-1"},"canonical":"https:\/\/diariotextual.com\/inicio\/index.php\/2023\/07\/20\/que-es-el-edadismo-y-como-se-prepara-la-pampa-para-la-vejez\/","og_locale":"es_ES","og_type":"article","og_title":"Qu\u00e9 es el edadismo y c\u00f3mo se prepara La Pampa para la vejez - Diario Textual","og_description":"Los t\u00e9rminos edadismo, edaismo o viejismo, si bien no son nuevos, desde un tiempo a esta parte parecen resultar m\u00e1s cotidianos. Son, ni m\u00e1s ni menos, formas de discriminaci\u00f3n hacia&hellip;","og_url":"https:\/\/diariotextual.com\/inicio\/index.php\/2023\/07\/20\/que-es-el-edadismo-y-como-se-prepara-la-pampa-para-la-vejez\/","og_site_name":"Diario Textual","article_publisher":"https:\/\/www.facebook.com\/eltextual","article_published_time":"2023-07-20T19:53:56+00:00","article_modified_time":"2023-07-22T22:38:52+00:00","og_image":[{"width":1072,"height":589,"url":"https:\/\/diariotextual.com\/inicio\/wp-content\/uploads\/2020\/02\/jubiladostelam77.jpg","type":"image\/jpeg"}],"author":"diario2","twitter_card":"summary_large_image","twitter_creator":"@eltextual","twitter_site":"@eltextual","twitter_misc":{"Escrito por":"diario2","Tiempo de lectura":"4 minutos"},"schema":{"@context":"https:\/\/schema.org","@graph":[{"@type":"Article","@id":"https:\/\/diariotextual.com\/inicio\/index.php\/2023\/07\/20\/que-es-el-edadismo-y-como-se-prepara-la-pampa-para-la-vejez\/#article","isPartOf":{"@id":"https:\/\/diariotextual.com\/inicio\/index.php\/2023\/07\/20\/que-es-el-edadismo-y-como-se-prepara-la-pampa-para-la-vejez\/"},"author":{"name":"diario2","@id":"https:\/\/diariotextual.com\/inicio\/#\/schema\/person\/694f60677f23c4a530867a98f22b3768"},"headline":"Qu\u00e9 es el edadismo y c\u00f3mo se prepara La Pampa para la vejez","datePublished":"2023-07-20T19:53:56+00:00","dateModified":"2023-07-22T22:38:52+00:00","mainEntityOfPage":{"@id":"https:\/\/diariotextual.com\/inicio\/index.php\/2023\/07\/20\/que-es-el-edadismo-y-como-se-prepara-la-pampa-para-la-vejez\/"},"wordCount":887,"publisher":{"@id":"https:\/\/diariotextual.com\/inicio\/#organization"},"image":{"@id":"https:\/\/diariotextual.com\/inicio\/index.php\/2023\/07\/20\/que-es-el-edadismo-y-como-se-prepara-la-pampa-para-la-vejez\/#primaryimage"},"thumbnailUrl":"https:\/\/diariotextual.com\/inicio\/wp-content\/uploads\/2020\/02\/jubiladostelam77.jpg","articleSection":["A - QUE PASA (al costado)","SOCIEDAD"],"inLanguage":"es"},{"@type":"WebPage","@id":"https:\/\/diariotextual.com\/inicio\/index.php\/2023\/07\/20\/que-es-el-edadismo-y-como-se-prepara-la-pampa-para-la-vejez\/","url":"https:\/\/diariotextual.com\/inicio\/index.php\/2023\/07\/20\/que-es-el-edadismo-y-como-se-prepara-la-pampa-para-la-vejez\/","name":"Qu\u00e9 es el edadismo y c\u00f3mo se prepara La Pampa para la vejez - Diario Textual","isPartOf":{"@id":"https:\/\/diariotextual.com\/inicio\/#website"},"primaryImageOfPage":{"@id":"https:\/\/diariotextual.com\/inicio\/index.php\/2023\/07\/20\/que-es-el-edadismo-y-como-se-prepara-la-pampa-para-la-vejez\/#primaryimage"},"image":{"@id":"https:\/\/diariotextual.com\/inicio\/index.php\/2023\/07\/20\/que-es-el-edadismo-y-como-se-prepara-la-pampa-para-la-vejez\/#primaryimage"},"thumbnailUrl":"https:\/\/diariotextual.com\/inicio\/wp-content\/uploads\/2020\/02\/jubiladostelam77.jpg","datePublished":"2023-07-20T19:53:56+00:00","dateModified":"2023-07-22T22:38:52+00:00","breadcrumb":{"@id":"https:\/\/diariotextual.com\/inicio\/index.php\/2023\/07\/20\/que-es-el-edadismo-y-como-se-prepara-la-pampa-para-la-vejez\/#breadcrumb"},"inLanguage":"es","potentialAction":[{"@type":"ReadAction","target":["https:\/\/diariotextual.com\/inicio\/index.php\/2023\/07\/20\/que-es-el-edadismo-y-como-se-prepara-la-pampa-para-la-vejez\/"]}]},{"@type":"ImageObject","inLanguage":"es","@id":"https:\/\/diariotextual.com\/inicio\/index.php\/2023\/07\/20\/que-es-el-edadismo-y-como-se-prepara-la-pampa-para-la-vejez\/#primaryimage","url":"https:\/\/diariotextual.com\/inicio\/wp-content\/uploads\/2020\/02\/jubiladostelam77.jpg","contentUrl":"https:\/\/diariotextual.com\/inicio\/wp-content\/uploads\/2020\/02\/jubiladostelam77.jpg","width":1072,"height":589},{"@type":"BreadcrumbList","@id":"https:\/\/diariotextual.com\/inicio\/index.php\/2023\/07\/20\/que-es-el-edadismo-y-como-se-prepara-la-pampa-para-la-vejez\/#breadcrumb","itemListElement":[{"@type":"ListItem","position":1,"name":"Portada","item":"https:\/\/diariotextual.com\/inicio\/"},{"@type":"ListItem","position":2,"name":"Qu\u00e9 es el edadismo y c\u00f3mo se prepara La Pampa para la vejez"}]},{"@type":"WebSite","@id":"https:\/\/diariotextual.com\/inicio\/#website","url":"https:\/\/diariotextual.com\/inicio\/","name":"Diario Textual","description":"","publisher":{"@id":"https:\/\/diariotextual.com\/inicio\/#organization"},"potentialAction":[{"@type":"SearchAction","target":{"@type":"EntryPoint","urlTemplate":"https:\/\/diariotextual.com\/inicio\/?s={search_term_string}"},"query-input":{"@type":"PropertyValueSpecification","valueRequired":true,"valueName":"search_term_string"}}],"inLanguage":"es"},{"@type":"Organization","@id":"https:\/\/diariotextual.com\/inicio\/#organization","name":"Diario Textual","url":"https:\/\/diariotextual.com\/inicio\/","logo":{"@type":"ImageObject","inLanguage":"es","@id":"https:\/\/diariotextual.com\/inicio\/#\/schema\/logo\/image\/","url":"https:\/\/diariotextual.com\/inicio\/wp-content\/uploads\/2023\/05\/logotextual1.jpg","contentUrl":"https:\/\/diariotextual.com\/inicio\/wp-content\/uploads\/2023\/05\/logotextual1.jpg","width":516,"height":76,"caption":"Diario Textual"},"image":{"@id":"https:\/\/diariotextual.com\/inicio\/#\/schema\/logo\/image\/"},"sameAs":["https:\/\/www.facebook.com\/eltextual","https:\/\/x.com\/eltextual","http:\/\/www.instagram.com\/eltextual"]},{"@type":"Person","@id":"https:\/\/diariotextual.com\/inicio\/#\/schema\/person\/694f60677f23c4a530867a98f22b3768","name":"diario2","image":{"@type":"ImageObject","inLanguage":"es","@id":"https:\/\/secure.gravatar.com\/avatar\/5a2567495ba16b852fcd8f1ed006a2e24fcace936018ed8237e95f488ad6e0a7?s=96&d=mm&r=g","url":"https:\/\/secure.gravatar.com\/avatar\/5a2567495ba16b852fcd8f1ed006a2e24fcace936018ed8237e95f488ad6e0a7?s=96&d=mm&r=g","contentUrl":"https:\/\/secure.gravatar.com\/avatar\/5a2567495ba16b852fcd8f1ed006a2e24fcace936018ed8237e95f488ad6e0a7?s=96&d=mm&r=g","caption":"diario2"},"url":"https:\/\/diariotextual.com\/inicio\/index.php\/author\/diario2\/"}]}},"_links":{"self":[{"href":"https:\/\/diariotextual.com\/inicio\/index.php\/wp-json\/wp\/v2\/posts\/231412","targetHints":{"allow":["GET"]}}],"collection":[{"href":"https:\/\/diariotextual.com\/inicio\/index.php\/wp-json\/wp\/v2\/posts"}],"about":[{"href":"https:\/\/diariotextual.com\/inicio\/index.php\/wp-json\/wp\/v2\/types\/post"}],"author":[{"embeddable":true,"href":"https:\/\/diariotextual.com\/inicio\/index.php\/wp-json\/wp\/v2\/users\/4"}],"replies":[{"embeddable":true,"href":"https:\/\/diariotextual.com\/inicio\/index.php\/wp-json\/wp\/v2\/comments?post=231412"}],"version-history":[{"count":2,"href":"https:\/\/diariotextual.com\/inicio\/index.php\/wp-json\/wp\/v2\/posts\/231412\/revisions"}],"predecessor-version":[{"id":231414,"href":"https:\/\/diariotextual.com\/inicio\/index.php\/wp-json\/wp\/v2\/posts\/231412\/revisions\/231414"}],"wp:featuredmedia":[{"embeddable":true,"href":"https:\/\/diariotextual.com\/inicio\/index.php\/wp-json\/wp\/v2\/media\/79909"}],"wp:attachment":[{"href":"https:\/\/diariotextual.com\/inicio\/index.php\/wp-json\/wp\/v2\/media?parent=231412"}],"wp:term":[{"taxonomy":"category","embeddable":true,"href":"https:\/\/diariotextual.com\/inicio\/index.php\/wp-json\/wp\/v2\/categories?post=231412"},{"taxonomy":"post_tag","embeddable":true,"href":"https:\/\/diariotextual.com\/inicio\/index.php\/wp-json\/wp\/v2\/tags?post=231412"}],"curies":[{"name":"wp","href":"https:\/\/api.w.org\/{rel}","templated":true}]}}