{"id":231466,"date":"2023-07-21T11:11:52","date_gmt":"2023-07-21T14:11:52","guid":{"rendered":"https:\/\/diariotextual.com\/inicio\/?p=231466"},"modified":"2023-07-21T12:22:44","modified_gmt":"2023-07-21T15:22:44","slug":"un-fallo-sobre-el-rol-del-estado-frente-a-personas-vulnerables","status":"publish","type":"post","link":"https:\/\/diariotextual.com\/inicio\/index.php\/2023\/07\/21\/un-fallo-sobre-el-rol-del-estado-frente-a-personas-vulnerables\/","title":{"rendered":"Un fallo sobre el rol del Estado frente a personas vulnerables"},"content":{"rendered":"\n<p><strong><br><\/strong>Un hombre de 75 a\u00f1os, que estuvo en situaci\u00f3n de calle, presenta un deterioro cognitivo de posible origen alcoh\u00f3lico y tiene dificultades para caminar, hoy vive en una residencia a partir de que la Direcci\u00f3n de Adultos Mayores \u2013un organismo del Ministerio de Desarrollo Social\u2013 le dio ingreso al asilo, abona la cuota del lugar y administra su pensi\u00f3n.<\/p>\n\n\n\n<p>Este caso, de extrema vulnerabilidad social, lleg\u00f3 a la C\u00e1mara de Apelaciones en lo Civil, Comercial, Laboral y de Miner\u00eda de Santa Rosa a partir de un planteo de Adultos Mayores sobre qui\u00e9n deber\u00eda estar a cargo del contralor y supervisi\u00f3n de la situaci\u00f3n habitacional, sanitaria y patrimonial de esa persona.<\/p>\n\n\n\n<p>La jueza civil de primera instancia, Marcia Catinari, resolvi\u00f3 que ese rol deb\u00eda ser ejercido por la Direcci\u00f3n de Adultos Mayores y no por la Defensor\u00eda General, dependiente del Poder Judicial. Ahora, la Sala 2 de la C\u00e1mara de Apelaciones en lo Civil, Comercial, Laboral y de Miner\u00eda de Santa Rosa, conformada por las juezas Fabiana Berardi \u2013autora del voto\u2013 y Adriana G\u00f3mez Luna \u2013quien adhiri\u00f3 a \u00e9l\u2013 ratificaron esa sentencia al rechazar el recurso de apelaci\u00f3n interpuesto por la Fiscal\u00eda de Estado.<\/p>\n\n\n\n<p>La causa est\u00e1 caratulada como restricci\u00f3n de la capacidad, en relaci\u00f3n al hombre que vivi\u00f3 en situaci\u00f3n de calle, y el fallo de Catinari fue recurrido por la Fiscal\u00eda de Estado por entender que la Ley Org\u00e1nica del Poder Judicial, en el art\u00edculo 100, le asigna las atribuciones de contralor a los defensores\/as civiles.<\/p>\n\n\n\n<div style=\"height:100px\" aria-hidden=\"true\" class=\"wp-block-spacer\"><\/div>\n\n\n\n<p><strong>Funciones y derechos<\/strong><\/p>\n\n\n\n<p>\u00bfQu\u00e9 dijo la C\u00e1mara? \u201cSin mayor esfuerzo intelectivo se aprecia que dicha norma pone a cargo de la Defensa P\u00fablica, la defensa en juicio de las personas; y no el otorgamiento de las prestaciones propias de la seguridad social, que son ajenas a las funciones constitucionalmente atribuidas al Poder Judicial e inherentes a las del Poder Ejecutivo\u201d, expresaron las magistradas.<\/p>\n\n\n\n<p>Agregaron: \u201cEn este proceso, la defensa t\u00e9cnica del se\u00f1or (\u2026) est\u00e1 debidamente garantizada con la intervenci\u00f3n de la defensora civil Ana Carolina D\u00edaz, que act\u00faa como abogada suya; y ninguna participaci\u00f3n se le requiri\u00f3 en ese rol a la Direcci\u00f3n de Adultos Mayores. Lo que s\u00ed, en cambio, se le encomend\u00f3 a ese organismo estatal fue el resguardo de los derechos sociales de la persona en consideraci\u00f3n de la hipervulnerabilidad que presenta por su edad (75 a\u00f1os), sus antecedentes de salud (alcoholismo) y su condici\u00f3n social (viv\u00eda en situaci\u00f3n de calle)\u201d.<\/p>\n\n\n\n<p>M\u00e1s adelante, Berardi y G\u00f3mez Luna subrayaron: \u201cEllo, por otra parte, no implica atribuirle a la Direcci\u00f3n de Adultos Mayores una competencia distinta a aquella en funci\u00f3n de la cual decidi\u00f3 en su oportunidad el ingreso del se\u00f1or (\u2026) al asilo y por la cual se ha venido ocupando del pago de la cuota de la residencia y de administrar su pensi\u00f3n, tal como se consign\u00f3 en el informe interdisciplinario incorporado en la sentencia\u201d de primera instancia, elaborado a ra\u00edz de la revisi\u00f3n peri\u00f3dica de las medidas fijadas oportunamente.<\/p>\n\n\n\n<p>Por consiguiente, las camaristas ratificaron que la Direcci\u00f3n de Adultos Mayores tiene el rol de contralor y supervisi\u00f3n de la situaci\u00f3n habitacional, sanitaria y patrimonial del hombre de 75 a\u00f1os.<\/p>\n\n\n\n<div style=\"height:100px\" aria-hidden=\"true\" class=\"wp-block-spacer\"><\/div>\n\n\n\n<p><strong>Un rol proactivo<\/strong><\/p>\n\n\n\n<p>En la parte final de la resoluci\u00f3n, las juezas destacaron que \u201cla decisi\u00f3n apelada fue producto de una atenta fiscalizaci\u00f3n de parte de la magistrada (Catinari) de la situaci\u00f3n personal del se\u00f1or (\u2026) y acorde a las obligaciones asumidas por el Estado en el marco de la normativa internacional a la que se hizo referencia (aludiendo a la Convenci\u00f3n de los Derechos de las Personas con Discapacidad); como as\u00ed tambi\u00e9n respecto de la competencia que la Direcci\u00f3n involucrada tiene asignada. Es as\u00ed que, como se remarc\u00f3, la responsabilidad que debe asumir en modo alguno dista de la intervenci\u00f3n que vino ejerciendo\u201d.<\/p>\n\n\n\n<p>\u201cEn funci\u00f3n de las razones expuestas \u2013concluy\u00f3 la C\u00e1mara\u2013, corresponde confirmar la sentencia en la que la jueza asumi\u00f3 proactivamente el deber de supervisi\u00f3n que tiene el Estado sobre el sistema de apoyos y la adopci\u00f3n de medidas de salvaguardia, y en esa inteligencia ide\u00f3 \u2013con los recursos disponibles\u2013 un sistema para atender de manera integral la situaci\u00f3n\u201d del hombre en situaci\u00f3n de vulnerabilidad.<\/p>\n\n\n\n<p>\u200b<\/p>\n","protected":false},"excerpt":{"rendered":"<p>Un hombre de 75 a\u00f1os, que estuvo en situaci\u00f3n de calle, presenta un deterioro cognitivo de posible origen alcoh\u00f3lico y tiene dificultades para caminar, hoy vive en una residencia a&hellip;<\/p>\n","protected":false},"author":3,"featured_media":127654,"comment_status":"closed","ping_status":"open","sticky":false,"template":"","format":"standard","meta":{"_acf_changed":false,"footnotes":""},"categories":[1,12],"tags":[],"class_list":["post-231466","post","type-post","status-publish","format-standard","has-post-thumbnail","hentry","category-es-noticia","category-sociedad"],"acf":[],"yoast_head":"<!-- This site is optimized with the Yoast SEO plugin v27.5 - https:\/\/yoast.com\/product\/yoast-seo-wordpress\/ -->\n<title>Un fallo sobre el rol del Estado frente a personas vulnerables - Diario Textual<\/title>\n<meta name=\"robots\" content=\"index, follow, max-snippet:-1, max-image-preview:large, max-video-preview:-1\" \/>\n<link rel=\"canonical\" href=\"https:\/\/diariotextual.com\/inicio\/index.php\/2023\/07\/21\/un-fallo-sobre-el-rol-del-estado-frente-a-personas-vulnerables\/\" \/>\n<meta property=\"og:locale\" content=\"es_ES\" \/>\n<meta property=\"og:type\" content=\"article\" \/>\n<meta property=\"og:title\" content=\"Un fallo sobre el rol del Estado frente a personas vulnerables - Diario Textual\" \/>\n<meta property=\"og:description\" content=\"Un hombre de 75 a\u00f1os, que estuvo en situaci\u00f3n de calle, presenta un deterioro cognitivo de posible origen alcoh\u00f3lico y tiene dificultades para caminar, hoy vive en una residencia a&hellip;\" \/>\n<meta property=\"og:url\" content=\"https:\/\/diariotextual.com\/inicio\/index.php\/2023\/07\/21\/un-fallo-sobre-el-rol-del-estado-frente-a-personas-vulnerables\/\" \/>\n<meta property=\"og:site_name\" content=\"Diario Textual\" \/>\n<meta property=\"article:publisher\" content=\"https:\/\/www.facebook.com\/eltextual\" \/>\n<meta property=\"article:published_time\" content=\"2023-07-21T14:11:52+00:00\" \/>\n<meta property=\"article:modified_time\" content=\"2023-07-21T15:22:44+00:00\" \/>\n<meta property=\"og:image\" content=\"https:\/\/diariotextual.com\/inicio\/wp-content\/uploads\/2020\/12\/centrojudicial2020-09.jpg\" \/>\n\t<meta property=\"og:image:width\" content=\"1084\" \/>\n\t<meta property=\"og:image:height\" content=\"658\" \/>\n\t<meta property=\"og:image:type\" content=\"image\/jpeg\" \/>\n<meta name=\"author\" content=\"Diario1 Diario1\" \/>\n<meta name=\"twitter:card\" content=\"summary_large_image\" \/>\n<meta name=\"twitter:creator\" content=\"@eltextual\" \/>\n<meta name=\"twitter:site\" content=\"@eltextual\" \/>\n<meta name=\"twitter:label1\" content=\"Escrito por\" \/>\n\t<meta name=\"twitter:data1\" content=\"Diario1 Diario1\" \/>\n\t<meta name=\"twitter:label2\" content=\"Tiempo de lectura\" \/>\n\t<meta name=\"twitter:data2\" content=\"4 minutos\" \/>\n<script type=\"application\/ld+json\" class=\"yoast-schema-graph\">{\"@context\":\"https:\\\/\\\/schema.org\",\"@graph\":[{\"@type\":\"Article\",\"@id\":\"https:\\\/\\\/diariotextual.com\\\/inicio\\\/index.php\\\/2023\\\/07\\\/21\\\/un-fallo-sobre-el-rol-del-estado-frente-a-personas-vulnerables\\\/#article\",\"isPartOf\":{\"@id\":\"https:\\\/\\\/diariotextual.com\\\/inicio\\\/index.php\\\/2023\\\/07\\\/21\\\/un-fallo-sobre-el-rol-del-estado-frente-a-personas-vulnerables\\\/\"},\"author\":{\"name\":\"Diario1 Diario1\",\"@id\":\"https:\\\/\\\/diariotextual.com\\\/inicio\\\/#\\\/schema\\\/person\\\/418fc4093c33e86ed41562db3508f958\"},\"headline\":\"Un fallo sobre el rol del Estado frente a personas vulnerables\",\"datePublished\":\"2023-07-21T14:11:52+00:00\",\"dateModified\":\"2023-07-21T15:22:44+00:00\",\"mainEntityOfPage\":{\"@id\":\"https:\\\/\\\/diariotextual.com\\\/inicio\\\/index.php\\\/2023\\\/07\\\/21\\\/un-fallo-sobre-el-rol-del-estado-frente-a-personas-vulnerables\\\/\"},\"wordCount\":759,\"publisher\":{\"@id\":\"https:\\\/\\\/diariotextual.com\\\/inicio\\\/#organization\"},\"image\":{\"@id\":\"https:\\\/\\\/diariotextual.com\\\/inicio\\\/index.php\\\/2023\\\/07\\\/21\\\/un-fallo-sobre-el-rol-del-estado-frente-a-personas-vulnerables\\\/#primaryimage\"},\"thumbnailUrl\":\"https:\\\/\\\/diariotextual.com\\\/inicio\\\/wp-content\\\/uploads\\\/2020\\\/12\\\/centrojudicial2020-09.jpg\",\"articleSection\":[\"A - ES NOTICIA (van abajo)\",\"SOCIEDAD\"],\"inLanguage\":\"es\"},{\"@type\":\"WebPage\",\"@id\":\"https:\\\/\\\/diariotextual.com\\\/inicio\\\/index.php\\\/2023\\\/07\\\/21\\\/un-fallo-sobre-el-rol-del-estado-frente-a-personas-vulnerables\\\/\",\"url\":\"https:\\\/\\\/diariotextual.com\\\/inicio\\\/index.php\\\/2023\\\/07\\\/21\\\/un-fallo-sobre-el-rol-del-estado-frente-a-personas-vulnerables\\\/\",\"name\":\"Un fallo sobre el rol del Estado frente a personas vulnerables - Diario Textual\",\"isPartOf\":{\"@id\":\"https:\\\/\\\/diariotextual.com\\\/inicio\\\/#website\"},\"primaryImageOfPage\":{\"@id\":\"https:\\\/\\\/diariotextual.com\\\/inicio\\\/index.php\\\/2023\\\/07\\\/21\\\/un-fallo-sobre-el-rol-del-estado-frente-a-personas-vulnerables\\\/#primaryimage\"},\"image\":{\"@id\":\"https:\\\/\\\/diariotextual.com\\\/inicio\\\/index.php\\\/2023\\\/07\\\/21\\\/un-fallo-sobre-el-rol-del-estado-frente-a-personas-vulnerables\\\/#primaryimage\"},\"thumbnailUrl\":\"https:\\\/\\\/diariotextual.com\\\/inicio\\\/wp-content\\\/uploads\\\/2020\\\/12\\\/centrojudicial2020-09.jpg\",\"datePublished\":\"2023-07-21T14:11:52+00:00\",\"dateModified\":\"2023-07-21T15:22:44+00:00\",\"breadcrumb\":{\"@id\":\"https:\\\/\\\/diariotextual.com\\\/inicio\\\/index.php\\\/2023\\\/07\\\/21\\\/un-fallo-sobre-el-rol-del-estado-frente-a-personas-vulnerables\\\/#breadcrumb\"},\"inLanguage\":\"es\",\"potentialAction\":[{\"@type\":\"ReadAction\",\"target\":[\"https:\\\/\\\/diariotextual.com\\\/inicio\\\/index.php\\\/2023\\\/07\\\/21\\\/un-fallo-sobre-el-rol-del-estado-frente-a-personas-vulnerables\\\/\"]}]},{\"@type\":\"ImageObject\",\"inLanguage\":\"es\",\"@id\":\"https:\\\/\\\/diariotextual.com\\\/inicio\\\/index.php\\\/2023\\\/07\\\/21\\\/un-fallo-sobre-el-rol-del-estado-frente-a-personas-vulnerables\\\/#primaryimage\",\"url\":\"https:\\\/\\\/diariotextual.com\\\/inicio\\\/wp-content\\\/uploads\\\/2020\\\/12\\\/centrojudicial2020-09.jpg\",\"contentUrl\":\"https:\\\/\\\/diariotextual.com\\\/inicio\\\/wp-content\\\/uploads\\\/2020\\\/12\\\/centrojudicial2020-09.jpg\",\"width\":1084,\"height\":658},{\"@type\":\"BreadcrumbList\",\"@id\":\"https:\\\/\\\/diariotextual.com\\\/inicio\\\/index.php\\\/2023\\\/07\\\/21\\\/un-fallo-sobre-el-rol-del-estado-frente-a-personas-vulnerables\\\/#breadcrumb\",\"itemListElement\":[{\"@type\":\"ListItem\",\"position\":1,\"name\":\"Portada\",\"item\":\"https:\\\/\\\/diariotextual.com\\\/inicio\\\/\"},{\"@type\":\"ListItem\",\"position\":2,\"name\":\"Un fallo sobre el rol del Estado frente a personas vulnerables\"}]},{\"@type\":\"WebSite\",\"@id\":\"https:\\\/\\\/diariotextual.com\\\/inicio\\\/#website\",\"url\":\"https:\\\/\\\/diariotextual.com\\\/inicio\\\/\",\"name\":\"Diario Textual\",\"description\":\"\",\"publisher\":{\"@id\":\"https:\\\/\\\/diariotextual.com\\\/inicio\\\/#organization\"},\"potentialAction\":[{\"@type\":\"SearchAction\",\"target\":{\"@type\":\"EntryPoint\",\"urlTemplate\":\"https:\\\/\\\/diariotextual.com\\\/inicio\\\/?s={search_term_string}\"},\"query-input\":{\"@type\":\"PropertyValueSpecification\",\"valueRequired\":true,\"valueName\":\"search_term_string\"}}],\"inLanguage\":\"es\"},{\"@type\":\"Organization\",\"@id\":\"https:\\\/\\\/diariotextual.com\\\/inicio\\\/#organization\",\"name\":\"Diario Textual\",\"url\":\"https:\\\/\\\/diariotextual.com\\\/inicio\\\/\",\"logo\":{\"@type\":\"ImageObject\",\"inLanguage\":\"es\",\"@id\":\"https:\\\/\\\/diariotextual.com\\\/inicio\\\/#\\\/schema\\\/logo\\\/image\\\/\",\"url\":\"https:\\\/\\\/diariotextual.com\\\/inicio\\\/wp-content\\\/uploads\\\/2023\\\/05\\\/logotextual1.jpg\",\"contentUrl\":\"https:\\\/\\\/diariotextual.com\\\/inicio\\\/wp-content\\\/uploads\\\/2023\\\/05\\\/logotextual1.jpg\",\"width\":516,\"height\":76,\"caption\":\"Diario Textual\"},\"image\":{\"@id\":\"https:\\\/\\\/diariotextual.com\\\/inicio\\\/#\\\/schema\\\/logo\\\/image\\\/\"},\"sameAs\":[\"https:\\\/\\\/www.facebook.com\\\/eltextual\",\"https:\\\/\\\/x.com\\\/eltextual\",\"http:\\\/\\\/www.instagram.com\\\/eltextual\"]},{\"@type\":\"Person\",\"@id\":\"https:\\\/\\\/diariotextual.com\\\/inicio\\\/#\\\/schema\\\/person\\\/418fc4093c33e86ed41562db3508f958\",\"name\":\"Diario1 Diario1\",\"image\":{\"@type\":\"ImageObject\",\"inLanguage\":\"es\",\"@id\":\"https:\\\/\\\/secure.gravatar.com\\\/avatar\\\/9167d280179c85bc18be67aa7eda765854300033af4896dd779b608640f2ef7a?s=96&d=mm&r=g\",\"url\":\"https:\\\/\\\/secure.gravatar.com\\\/avatar\\\/9167d280179c85bc18be67aa7eda765854300033af4896dd779b608640f2ef7a?s=96&d=mm&r=g\",\"contentUrl\":\"https:\\\/\\\/secure.gravatar.com\\\/avatar\\\/9167d280179c85bc18be67aa7eda765854300033af4896dd779b608640f2ef7a?s=96&d=mm&r=g\",\"caption\":\"Diario1 Diario1\"},\"url\":\"https:\\\/\\\/diariotextual.com\\\/inicio\\\/index.php\\\/author\\\/diario1\\\/\"}]}<\/script>\n<!-- \/ Yoast SEO plugin. -->","yoast_head_json":{"title":"Un fallo sobre el rol del Estado frente a personas vulnerables - Diario Textual","robots":{"index":"index","follow":"follow","max-snippet":"max-snippet:-1","max-image-preview":"max-image-preview:large","max-video-preview":"max-video-preview:-1"},"canonical":"https:\/\/diariotextual.com\/inicio\/index.php\/2023\/07\/21\/un-fallo-sobre-el-rol-del-estado-frente-a-personas-vulnerables\/","og_locale":"es_ES","og_type":"article","og_title":"Un fallo sobre el rol del Estado frente a personas vulnerables - Diario Textual","og_description":"Un hombre de 75 a\u00f1os, que estuvo en situaci\u00f3n de calle, presenta un deterioro cognitivo de posible origen alcoh\u00f3lico y tiene dificultades para caminar, hoy vive en una residencia a&hellip;","og_url":"https:\/\/diariotextual.com\/inicio\/index.php\/2023\/07\/21\/un-fallo-sobre-el-rol-del-estado-frente-a-personas-vulnerables\/","og_site_name":"Diario Textual","article_publisher":"https:\/\/www.facebook.com\/eltextual","article_published_time":"2023-07-21T14:11:52+00:00","article_modified_time":"2023-07-21T15:22:44+00:00","og_image":[{"width":1084,"height":658,"url":"https:\/\/diariotextual.com\/inicio\/wp-content\/uploads\/2020\/12\/centrojudicial2020-09.jpg","type":"image\/jpeg"}],"author":"Diario1 Diario1","twitter_card":"summary_large_image","twitter_creator":"@eltextual","twitter_site":"@eltextual","twitter_misc":{"Escrito por":"Diario1 Diario1","Tiempo de lectura":"4 minutos"},"schema":{"@context":"https:\/\/schema.org","@graph":[{"@type":"Article","@id":"https:\/\/diariotextual.com\/inicio\/index.php\/2023\/07\/21\/un-fallo-sobre-el-rol-del-estado-frente-a-personas-vulnerables\/#article","isPartOf":{"@id":"https:\/\/diariotextual.com\/inicio\/index.php\/2023\/07\/21\/un-fallo-sobre-el-rol-del-estado-frente-a-personas-vulnerables\/"},"author":{"name":"Diario1 Diario1","@id":"https:\/\/diariotextual.com\/inicio\/#\/schema\/person\/418fc4093c33e86ed41562db3508f958"},"headline":"Un fallo sobre el rol del Estado frente a personas vulnerables","datePublished":"2023-07-21T14:11:52+00:00","dateModified":"2023-07-21T15:22:44+00:00","mainEntityOfPage":{"@id":"https:\/\/diariotextual.com\/inicio\/index.php\/2023\/07\/21\/un-fallo-sobre-el-rol-del-estado-frente-a-personas-vulnerables\/"},"wordCount":759,"publisher":{"@id":"https:\/\/diariotextual.com\/inicio\/#organization"},"image":{"@id":"https:\/\/diariotextual.com\/inicio\/index.php\/2023\/07\/21\/un-fallo-sobre-el-rol-del-estado-frente-a-personas-vulnerables\/#primaryimage"},"thumbnailUrl":"https:\/\/diariotextual.com\/inicio\/wp-content\/uploads\/2020\/12\/centrojudicial2020-09.jpg","articleSection":["A - ES NOTICIA (van abajo)","SOCIEDAD"],"inLanguage":"es"},{"@type":"WebPage","@id":"https:\/\/diariotextual.com\/inicio\/index.php\/2023\/07\/21\/un-fallo-sobre-el-rol-del-estado-frente-a-personas-vulnerables\/","url":"https:\/\/diariotextual.com\/inicio\/index.php\/2023\/07\/21\/un-fallo-sobre-el-rol-del-estado-frente-a-personas-vulnerables\/","name":"Un fallo sobre el rol del Estado frente a personas vulnerables - Diario Textual","isPartOf":{"@id":"https:\/\/diariotextual.com\/inicio\/#website"},"primaryImageOfPage":{"@id":"https:\/\/diariotextual.com\/inicio\/index.php\/2023\/07\/21\/un-fallo-sobre-el-rol-del-estado-frente-a-personas-vulnerables\/#primaryimage"},"image":{"@id":"https:\/\/diariotextual.com\/inicio\/index.php\/2023\/07\/21\/un-fallo-sobre-el-rol-del-estado-frente-a-personas-vulnerables\/#primaryimage"},"thumbnailUrl":"https:\/\/diariotextual.com\/inicio\/wp-content\/uploads\/2020\/12\/centrojudicial2020-09.jpg","datePublished":"2023-07-21T14:11:52+00:00","dateModified":"2023-07-21T15:22:44+00:00","breadcrumb":{"@id":"https:\/\/diariotextual.com\/inicio\/index.php\/2023\/07\/21\/un-fallo-sobre-el-rol-del-estado-frente-a-personas-vulnerables\/#breadcrumb"},"inLanguage":"es","potentialAction":[{"@type":"ReadAction","target":["https:\/\/diariotextual.com\/inicio\/index.php\/2023\/07\/21\/un-fallo-sobre-el-rol-del-estado-frente-a-personas-vulnerables\/"]}]},{"@type":"ImageObject","inLanguage":"es","@id":"https:\/\/diariotextual.com\/inicio\/index.php\/2023\/07\/21\/un-fallo-sobre-el-rol-del-estado-frente-a-personas-vulnerables\/#primaryimage","url":"https:\/\/diariotextual.com\/inicio\/wp-content\/uploads\/2020\/12\/centrojudicial2020-09.jpg","contentUrl":"https:\/\/diariotextual.com\/inicio\/wp-content\/uploads\/2020\/12\/centrojudicial2020-09.jpg","width":1084,"height":658},{"@type":"BreadcrumbList","@id":"https:\/\/diariotextual.com\/inicio\/index.php\/2023\/07\/21\/un-fallo-sobre-el-rol-del-estado-frente-a-personas-vulnerables\/#breadcrumb","itemListElement":[{"@type":"ListItem","position":1,"name":"Portada","item":"https:\/\/diariotextual.com\/inicio\/"},{"@type":"ListItem","position":2,"name":"Un fallo sobre el rol del Estado frente a personas vulnerables"}]},{"@type":"WebSite","@id":"https:\/\/diariotextual.com\/inicio\/#website","url":"https:\/\/diariotextual.com\/inicio\/","name":"Diario Textual","description":"","publisher":{"@id":"https:\/\/diariotextual.com\/inicio\/#organization"},"potentialAction":[{"@type":"SearchAction","target":{"@type":"EntryPoint","urlTemplate":"https:\/\/diariotextual.com\/inicio\/?s={search_term_string}"},"query-input":{"@type":"PropertyValueSpecification","valueRequired":true,"valueName":"search_term_string"}}],"inLanguage":"es"},{"@type":"Organization","@id":"https:\/\/diariotextual.com\/inicio\/#organization","name":"Diario Textual","url":"https:\/\/diariotextual.com\/inicio\/","logo":{"@type":"ImageObject","inLanguage":"es","@id":"https:\/\/diariotextual.com\/inicio\/#\/schema\/logo\/image\/","url":"https:\/\/diariotextual.com\/inicio\/wp-content\/uploads\/2023\/05\/logotextual1.jpg","contentUrl":"https:\/\/diariotextual.com\/inicio\/wp-content\/uploads\/2023\/05\/logotextual1.jpg","width":516,"height":76,"caption":"Diario Textual"},"image":{"@id":"https:\/\/diariotextual.com\/inicio\/#\/schema\/logo\/image\/"},"sameAs":["https:\/\/www.facebook.com\/eltextual","https:\/\/x.com\/eltextual","http:\/\/www.instagram.com\/eltextual"]},{"@type":"Person","@id":"https:\/\/diariotextual.com\/inicio\/#\/schema\/person\/418fc4093c33e86ed41562db3508f958","name":"Diario1 Diario1","image":{"@type":"ImageObject","inLanguage":"es","@id":"https:\/\/secure.gravatar.com\/avatar\/9167d280179c85bc18be67aa7eda765854300033af4896dd779b608640f2ef7a?s=96&d=mm&r=g","url":"https:\/\/secure.gravatar.com\/avatar\/9167d280179c85bc18be67aa7eda765854300033af4896dd779b608640f2ef7a?s=96&d=mm&r=g","contentUrl":"https:\/\/secure.gravatar.com\/avatar\/9167d280179c85bc18be67aa7eda765854300033af4896dd779b608640f2ef7a?s=96&d=mm&r=g","caption":"Diario1 Diario1"},"url":"https:\/\/diariotextual.com\/inicio\/index.php\/author\/diario1\/"}]}},"_links":{"self":[{"href":"https:\/\/diariotextual.com\/inicio\/index.php\/wp-json\/wp\/v2\/posts\/231466","targetHints":{"allow":["GET"]}}],"collection":[{"href":"https:\/\/diariotextual.com\/inicio\/index.php\/wp-json\/wp\/v2\/posts"}],"about":[{"href":"https:\/\/diariotextual.com\/inicio\/index.php\/wp-json\/wp\/v2\/types\/post"}],"author":[{"embeddable":true,"href":"https:\/\/diariotextual.com\/inicio\/index.php\/wp-json\/wp\/v2\/users\/3"}],"replies":[{"embeddable":true,"href":"https:\/\/diariotextual.com\/inicio\/index.php\/wp-json\/wp\/v2\/comments?post=231466"}],"version-history":[{"count":1,"href":"https:\/\/diariotextual.com\/inicio\/index.php\/wp-json\/wp\/v2\/posts\/231466\/revisions"}],"predecessor-version":[{"id":231467,"href":"https:\/\/diariotextual.com\/inicio\/index.php\/wp-json\/wp\/v2\/posts\/231466\/revisions\/231467"}],"wp:featuredmedia":[{"embeddable":true,"href":"https:\/\/diariotextual.com\/inicio\/index.php\/wp-json\/wp\/v2\/media\/127654"}],"wp:attachment":[{"href":"https:\/\/diariotextual.com\/inicio\/index.php\/wp-json\/wp\/v2\/media?parent=231466"}],"wp:term":[{"taxonomy":"category","embeddable":true,"href":"https:\/\/diariotextual.com\/inicio\/index.php\/wp-json\/wp\/v2\/categories?post=231466"},{"taxonomy":"post_tag","embeddable":true,"href":"https:\/\/diariotextual.com\/inicio\/index.php\/wp-json\/wp\/v2\/tags?post=231466"}],"curies":[{"name":"wp","href":"https:\/\/api.w.org\/{rel}","templated":true}]}}