{"id":231488,"date":"2023-07-21T17:16:41","date_gmt":"2023-07-21T20:16:41","guid":{"rendered":"https:\/\/diariotextual.com\/inicio\/?p=231488"},"modified":"2023-07-21T23:12:13","modified_gmt":"2023-07-22T02:12:13","slug":"las-propuestas-culturales-para-compartir-en-invierno","status":"publish","type":"post","link":"https:\/\/diariotextual.com\/inicio\/index.php\/2023\/07\/21\/las-propuestas-culturales-para-compartir-en-invierno\/","title":{"rendered":"Las propuestas culturales para compartir en invierno"},"content":{"rendered":"\n<p>La Secretar\u00eda de Cultura Gobierno de La Pampa y municipios pampeanos contin\u00faan en modo vacaciones con propuestas para toda la familia.&nbsp;El&nbsp;Museo de Historia Natural&nbsp;y&nbsp;la Casa Museo Olga Orozco&nbsp;brindan&nbsp;actividades especialmente dise\u00f1adas para ni\u00f1os y adolescentes.<\/p>\n\n\n\n<p>El\u00a0Museo\u00a0Provincial de\u00a0Artes\u00a0contin\u00faa exhibiendo las obras del Sal\u00f3n de Dibujo 2023 y en Intendente Alvear presenta la muestra itinerante \u201cArtistas Mujeres del MPArtes\u201d.<\/p>\n\n\n\n<p>Banda tributo a Nirvana en el auditorio del CC MEDASUR\u00a0m\u00e1s\u00a0la exposici\u00f3n de arte textil de\u00a0Juan Ricardo Wiggenhauser.<\/p>\n\n\n\n<p>Festejos aniversarios, fiestas populares\u00a0y puestas teatrales\u00a0completan la agenda cultural de estos d\u00edas.<\/p>\n\n\n\n<p><strong>Intendente Alvear<\/strong><br><strong>\u201cArtistas mujeres del MPArtes\u201d&nbsp;<\/strong><strong>en&nbsp;<\/strong><strong>\u201cLa Vieja Usina\u201d<\/strong><br>Selecci\u00f3n de obras del patrimonio del Museo Provincial de Artes que estuvo a cargo de su equipo de curadur\u00eda. A trav\u00e9s de esta muestra, el MPArtes busca incentivar un di\u00e1logo con los imaginarios que las artistas mujeres proponen a trav\u00e9s de estas obras, con el fin de visibilizarlas, revalorizarlas y otorgarles nuevos sentidos que sintonicen con los movimientos de la sociedad contempor\u00e1nea.<br>Cierre: 19 de agosto. Entrada libre y gratuita.<\/p>\n\n\n\n<p><strong>Eduardo Castex<\/strong><br><strong>Teatro y Seminario de actuaci\u00f3n<\/strong><br><strong>S\u00e1bado 22 | Espacio teatral \u201cDardo Acosta\u201d -Vieja Parroquia<\/strong><br>Cuenta con el apoyo de la Secretar\u00eda de Cultura a trav\u00e9s de la Direcci\u00f3n Provincial de Art\u00edstica.<\/p>\n\n\n\n<p><strong>Seminario Intensivo de Actuaci\u00f3n&nbsp;<\/strong><strong>|&nbsp;<\/strong><strong>De 15:00 a 18:00&nbsp;<\/strong><br>El&nbsp;seminario&nbsp;ser\u00e1&nbsp;dictado por la actriz, docente y directora Silvina D\u00b4Atri, quien abordar\u00e1 la t\u00e9cnica \u201cEl Piedrazo en el Espejo\u201d creada por el actor, dramaturgo, docente y director Pompeyo Audivert. Esta actividad es gratuita y aquellos interesados pueden solicitar mayor informaci\u00f3n al mail:&nbsp;<a href=\"mailto:silvinadatri@hotmail.com\" target=\"_blank\" rel=\"noreferrer noopener\">silvinadatri@hotmail.com<\/a>, Celular 2954-33 2664.<\/p>\n\n\n\n<p><strong>Obra teatral \u201cLa Enanas\u201d&nbsp;<\/strong><strong>|&nbsp;<\/strong><strong>19:00<\/strong><br>La propuesta \u201cLas Enanas\u201d es una versi\u00f3n libre escrita y dirigida por Silvina D\u00b4Atri sobre el relato \u201cLas Enanas\u201d de la poeta pampeana Olga Orozco,&nbsp;representada por las actrices Emilce Aimar y Silvina D\u00b4Atri.&nbsp;Costo de entrada de $1.000.<\/p>\n\n\n\n<p><strong>Quem\u00fa Quem\u00fa<\/strong><br><strong>115\u00b0 aniversario de Quem\u00fa Quem\u00fa.&nbsp;<\/strong>Fundaci\u00f3n: 26 de julio de 1908.<br><strong>Martes 25 | 20:30 | Escuela N\u00ba 193 \u201cJuan Jos\u00e9 Passo\u201d.<\/strong><br>Previa del Festejo Aniversario. Noche de teatro con la presentaci\u00f3n de microficciones que fueron premiadas en los Juegos Evita 2023. El Grupo de Teatro Adolescente presentar\u00e1 \u201cMicroficciones 40 a\u00f1os de democracia\u201d con acompa\u00f1amiento musical y cierre a cargo de Valent\u00edn Tassone.<br><strong>Mi\u00e9rcoles 26<\/strong><br>11:00: Colocaci\u00f3n de una ofrenda floral en el cementerio local en homenaje a los antiguos pobladores de Quem\u00fa Quem\u00fa.<br>19:00: Celebraci\u00f3n de una misa en la Parroquia San Jos\u00e9 por el 115 aniversario de la localidad.<br><strong>Viernes 28 | De 9 a 12 y de 14 a 17.<\/strong><br>Muestra fotogr\u00e1fica \u201cHistoria de nuestro pueblo\u201d, organizada por la Biblioteca Popular \u201cH\u00e9ctor Ra\u00fal Tardiani\u201d.<br><strong>S\u00e1bado 29<\/strong><br>15:00: Desfile c\u00edvico militar con representantes de las instituciones de la localidad.<br>17:00: Chocolate con pastafrolas.<br>20:30: Actividades recreativas y culturales en el Gimnasio Municipal con la participaci\u00f3n de academias locales, talleres culturales municipales, show de saxof\u00f3n, actuaci\u00f3n de Serena Gamboa y para el cierre Banda XXI.&nbsp;<\/p>\n\n\n\n<p><strong>Parera<\/strong><br><strong>126\u00b0 aniversario de Parera.&nbsp;<\/strong>Fundaci\u00f3n: 21 de julio de 1897.<br><strong>S\u00e1bado 22 | 21:00 | Club Agrario Argentino de Parera<\/strong><br>Pe\u00f1a aniversario con la presentaci\u00f3n de academias de danzas y artistas zonales. Actuaci\u00f3n de Los Caldenes y Rom\u00e1n Ramonda.&nbsp;Entrada libre y gratuita. Servicio de cantina a cargo de Instituciones de la localidad.<\/p>\n\n\n\n<p><strong>General Acha<\/strong><br><strong>Domingo 23 | 19:00 | Teatro Municipal Padre Buodo.<\/strong><br><strong>Celebraci\u00f3n D\u00eda Nacional del Payador&nbsp;<\/strong>con la actuaci\u00f3n de Saul Huanchul, Misael Palma, Rocy Rezuc, Argentino Torres, Pampa Olgu\u00edn, Luciano Gandit, Diego Alzugaray. Actuaci\u00f3n especial de la academia Noblezas Gauchas de la Prof. Antonella M\u00e1laga, Las Voces del Sur, Lila Acevedo, Celeste y Alborada Pampa. Conducci\u00f3n: Maxi Ram\u00edrez. Ventas de entradas: (02954) 15 \u2013 60 1968.<\/p>\n\n\n\n<p><strong>Santa Rosa<br><br>Centro Cultural MEDASUR.<\/strong>&nbsp;Av. Belgrano Sur 180<\/p>\n\n\n\n<p><strong>Auditorio<\/strong><br><strong>Viernes 21 | 21:00<\/strong><br><strong>Homenaje a Nirvana por&nbsp;<\/strong><strong>Seattle&nbsp;Supersonics<\/strong>.&nbsp;Tr\u00edo&nbsp;conformado por Ezequiel Diaz, Esteban Molina y Cristian Montero, el grupo&nbsp;tributo asegura&nbsp;que&nbsp;lo que subyace detr\u00e1s de todo este homenaje es un respeto y una admiraci\u00f3n plena por la m\u00fasica de Cobain, Krist Novoselic y Dave Grohl.&nbsp;\u201cLo que nos motiva a seguir tocando esta m\u00fasica b\u00e1sicamente es algo que nos pasa desde el d\u00eda uno. El proyecto siempre fue sumarnos a este fanatismo, a esta ola que tiene que ver con el grunge, el rock alternativo y puntualmente con Nirvana\u201d, explica D\u00edaz, vocalista y guitarrista. \u201cEs una banda muy m\u00edtica, y por ende hay una vara muy alta respecto a las interpretaciones y a todo lo que se vive de nuestro lado y para la gente\u201d.&nbsp;<br>Entradas en venta en&nbsp;<a href=\"https:\/\/planetaentrada.com\/\" target=\"_blank\" rel=\"noreferrer noopener\">https:\/\/planetaentrada.com\/<\/a><\/p>\n\n\n\n<p><strong>Espacio de Arte \u00abEduardo Di Nardo\u00bb CC MEDASUR<\/strong><br>\u201c<strong>Entre urdimbres y tramas\u201d, m<\/strong><strong>uestra de arte textil de Juan Ricardo Wiggenhauser<\/strong><br>Juan Ricardo Wiggenhauser, arquitecto (UBA) oriundo de Winifreda, hace tiempo reside en Santa Rosa. Es uno de los referentes del Arte Textil Argentino. Recibi\u00f3 importantes reconocimientos en este campo creativo del dise\u00f1o textil. Sus trabajos se caracterizan por el acento en el detalle y la sutileza. Los materiales con los que interact\u00faa provienen directamente de los campos donde recoge las fibras necesarias como barba de trigo, chala (es el \u00fanico artista de su rubro en trabajarla) y ra\u00edces, entre otros.<br>Puede visitarse de lunes a viernes de 8 a 12 y lunes y mi\u00e9rcoles de 15 a 17. S\u00e1bado y domingo de 17 a 19.<br>Para consultas:&nbsp;<a href=\"mailto:curaduriamedasur@gmail.com\" target=\"_blank\" rel=\"noreferrer noopener\">curaduriamedasur@gmail.com<\/a><br>Cierre de la muestra: 30 de julio.&nbsp;Entrada libre y gratuita.<\/p>\n\n\n\n<p><strong>Arte Propio<\/strong><br>La Secretar\u00eda de Cultura informa que por control de inventario y readecuaci\u00f3n del espacio, Arte Propio, local ubicado en el CC MEDASUR de Santa Rosa,&nbsp;permanecer\u00e1 cerrado al p\u00fablico desde el 27 de julio al 27 de noviembre. De todos modos,&nbsp;tendr\u00e1 presencia con venta de material bibliogr\u00e1fico de autores pampeanos en las dos Ferias Provinciales del Libro: la Infantil y Juvenil en General Pico (31 de agosto, 1 y 2 de septiembre) y en la Feria Provincial del Libro que se llevar\u00e1 a cabo en el CC Medasur de Santa Rosa, del 5 al 8 de octubre del corriente.<\/p>\n\n\n\n<p><strong>Museo Provincial de Historia Natural | Quintana 116<\/strong><br><strong>Hasta el viernes 21 de julio<\/strong><br>De lunes a viernes de 10 a 12 y en horario de tarde de 15 a 17, el Museo recibe a ni\u00f1os y grandes con distintas propuestas. Los d\u00edas mi\u00e9rcoles habr\u00e1 proyecciones audiovisuales de 19 a 21.<\/p>\n\n\n\n<p><strong>Actividades<\/strong><br>\u201c<strong>Bandada de Libros\u201d,&nbsp;<\/strong>actividades sugeridas para ni\u00f1os y ni\u00f1as de 6 a 8 a\u00f1os y de 9 a 12 a\u00f1os. Se desarrolla en la Sala del Auditorio, con una duraci\u00f3n de entre 40\/60 minutos.<br>Para poder participar se requiere de una inscripci\u00f3n previa ingresando al link&nbsp;<a href=\"https:\/\/forms.gle\/riQcasfFPpisqC3M7\" target=\"_blank\" rel=\"noreferrer noopener\">https:\/\/forms.gle\/riQcasfFPpisqC3M7<\/a><br>Durante la actividad se comparte un recorrido de lecturas cuya \u00fanica br\u00fajula es una peque\u00f1a colecci\u00f3n de diferentes libros que desde lo visual, literario y metaf\u00f3rico vuelan, cuentan y exploran la vida (real e imaginaria) de las aves. Este recorrido lleva a conocer diferentes especies de aves de la fauna pampeana, reconocer distintos plumajes, personalidades, vuelos, nidos, libertades y cautiverios. \u201cDe esta manera esperamos promover la empat\u00eda mediante el conocimiento, para de ese modo continuar con el proceso de erradicaci\u00f3n de artefactos que disparan proyectiles (gomeras, aires comprimidos, etc.) y de captura (jaulas, etc.). Al recibir esta informaci\u00f3n cient\u00edfica e inspirarnos en relatos y poes\u00edas nos adentraremos en la vida de las aves, sus h\u00e1bitos, su vida, para luego realizar caligramas y construcci\u00f3n de aves de cart\u00f3n que surjan de la imaginaci\u00f3n de los participantes\u201d.<\/p>\n\n\n\n<p>\u201c<strong>Momentos de relatos\u201d<\/strong>, actividad que se desarrolla en el espacio de talleres, destinada a un p\u00fablico de 6 a 8 a\u00f1os y 9 a 12 a\u00f1os, con una duraci\u00f3n aproximada de 40\/60 minutos. Actividad con inscripci\u00f3n previa ingresando al link&nbsp;<a href=\"https:\/\/forms.gle\/yuqWQDTTYjBEYNR59\" target=\"_blank\" rel=\"noreferrer noopener\">https:\/\/forms.gle\/yuqWQDTTYjBEYNR59<\/a><br>Durante el encuentro se comparten relatos sobre animales de la fauna pampeana sostenidos en la perspectiva y tradici\u00f3n oral de los Pueblos Originarios. Estos relatos muestran otra manera de relacionarnos con el Mundo Natural y sus habitantes. Ayudan a re-pensar nuestros v\u00ednculos con la Naturaleza y, al mismo tiempo, nos brindan la posibilidad de reconocer que todos nos podemos comunicar con los animales si los respetamos y valoramos su presencia. Luego de compartir los relatos, acompa\u00f1ados de los animales protagonistas de los mismos, cada participante podr\u00e1 ilustrar el animal que m\u00e1s le haya gustado\u201d.<\/p>\n\n\n\n<p>\u201c<strong>PaleoMemo\u201d,&nbsp;<\/strong>una actividad de la cual pueden participar ni\u00f1os y ni\u00f1as de 9 a 12 a\u00f1os de edad. Se desarrolla en las instalaciones del Hall Central \/Auditorio, con una duraci\u00f3n aproximada de 40\/60 minutos.<br>Inscripci\u00f3n previa la link:&nbsp;<a href=\"https:\/\/forms.gle\/LNUa7EUkRmKzj7tQ9\" target=\"_blank\" rel=\"noreferrer noopener\">https:\/\/forms.gle\/LNUa7EUkRmKzj7tQ9<\/a><br>A trav\u00e9s de un juego de la memoria los participantes realizan un recorrido por el registro f\u00f3sil de La Pampa. \u201cConoceremos distintos organismos f\u00f3siles que habitaron en nuestra provincia y el mundo que habitaron hace muchos millones de a\u00f1os atr\u00e1s. Aprenderemos qu\u00e9 antig\u00fcedad tiene cada uno, d\u00f3nde fueron encontrados y su importancia para la Paleontolog\u00eda\u201d.<\/p>\n\n\n\n<p>Las propuestas y actividades llevadas a cabo por el Museo Provincial de Historia Natural se pueden seguir a trav\u00e9s de las siguientes redes sociales.<br><a href=\"https:\/\/www.facebook.com\/MPHistoriaNatural\" target=\"_blank\" rel=\"noreferrer noopener\">https:\/\/www.facebook.com\/MPHistoriaNatural<\/a><br><a href=\"https:\/\/www.instagram.com\/mphistorianatural\" target=\"_blank\" rel=\"noreferrer noopener\">https:\/\/www.instagram.com\/mphistorianatural<\/a><br><a href=\"https:\/\/www.youtube.com\/c\/mphnlapampa\" target=\"_blank\" rel=\"noreferrer noopener\">https:\/\/www.youtube.com\/c\/mphnlapampa<\/a><\/p>\n\n\n\n<p><strong>Museo Provincial de Artes&nbsp;<\/strong>| 9 de Julio y Villegas.<br>Exposici\u00f3n de obras del Sal\u00f3n de Artes Visuales de la Provincia de La Pampa, Secci\u00f3n Dibujo &#8211; Edici\u00f3n 2023 (Convocatoria Nacional).&nbsp;El Sal\u00f3n permanecer\u00e1 hasta el 31 de julio con entrada libre y gratuita. Las 29 obras seleccionadas pueden visitarse de lunes a viernes de 8 a 18:30. S\u00e1bado y domingo de 18 a 21.<\/p>\n\n\n\n<p><strong>Casa Museo Olga Orozco de Toay<\/strong><br><strong>Vacaciones en Juego<\/strong><br>Viernes 21 y s\u00e1bado 22 de julio de 16 a 18.<br>\u201cVen\u00ed a jugar, ven\u00ed a cantar\u2026<br>Juegos de palabras para todas las edades. Anagramas, caligramas y acertijos con palabras. Jengas po\u00e9ticos y juegos a cara o cruz. Lugar: Sala La Fantasma. Casa Museo Olga Orozco.<br>Horarios de la Casa Museo:&nbsp;De lunes a viernes de 9 a 17. S\u00e1bados y domingos de 16 a 19.&nbsp;Jueves 20 de julio la \u00abCasa de Olga\u201d abrir\u00e1 de 8 a 12.<\/p>\n\n\n\n<p><strong>Premio Testimonio<\/strong><br>La Secretar\u00eda de Cultura del Gobierno de La Pampa prorroga hasta el 10 de agostos la convocatoria para presentar postulaciones al Premio Testimonio 2023 -Edici\u00f3n Especial- \u201cA 40 a\u00f1os de la Recuperaci\u00f3n Democr\u00e1tica\u201d.<\/p>\n\n\n\n<p>En esta edici\u00f3n especial el organismo provincial de Cultura consider\u00f3 oportuno reconocer la memoria activa de sectores de la sociedad que han trabajado y trabajan incansablemente en la recuperaci\u00f3n y ampliaci\u00f3n de derechos y garant\u00edas, fortaleciendo los consensos democr\u00e1ticos.<\/p>\n\n\n\n<p>Por ello y por \u00fanica vez, en el marco de la entrega del Premio Testimonio, se reconocer\u00e1 el desempe\u00f1o y trayectoria de aquellas agrupaciones, instituciones, organizaciones y\/o colectivos que se destaquen en el desarrollo de distintas tareas, acciones y disciplinas (teatro, patrimonio, docencia, deportes, m\u00fasica, danza, artes visuales, entre otros) en pos del fortalecimiento de la democracia.<\/p>\n\n\n\n<p>Las propuestas deber\u00e1n ser presentada por asociaciones, comisiones, organismos civiles. No se recibir\u00e1n postulaciones que provengan de individuos a modo personal.<\/p>\n\n\n\n<p><strong>Presentaci\u00f3n de postulaciones<\/strong><br>Las postulaciones pueden presentarse por escrito en sobre cerrado adjuntando los fundamentos de la elecci\u00f3n, trayectoria de la organizaci\u00f3n que se postula e informaci\u00f3n que la respalde (actuaci\u00f3n y participaci\u00f3n social, notas de prensa, etc.). Los sobres se recibir\u00e1n en el Centro Cultural MEDASUR, Av. Belgrano Sur 180. Primer Piso. Santa Rosa.<\/p>\n\n\n\n<p>Tambi\u00e9n pueden enviarse en formato digital a los correos electr\u00f3nicos&nbsp;<a href=\"mailto:lrubin@lapampa.gob.ar\" target=\"_blank\" rel=\"noreferrer noopener\">lrubin@lapampa.gob.ar<\/a>&nbsp;o&nbsp;<a href=\"mailto:direcciondeartistica@gmail.com\" target=\"_blank\" rel=\"noreferrer noopener\">direcciondeartistica@gmail.com<\/a><\/p>\n","protected":false},"excerpt":{"rendered":"<p>La Secretar\u00eda de Cultura Gobierno de La Pampa y municipios pampeanos contin\u00faan en modo vacaciones con propuestas para toda la familia.&nbsp;El&nbsp;Museo de Historia Natural&nbsp;y&nbsp;la Casa Museo Olga Orozco&nbsp;brindan&nbsp;actividades especialmente dise\u00f1adas&hellip;<\/p>\n","protected":false},"author":4,"featured_media":231489,"comment_status":"closed","ping_status":"open","sticky":false,"template":"","format":"standard","meta":{"_acf_changed":false,"footnotes":""},"categories":[1,2],"tags":[],"class_list":["post-231488","post","type-post","status-publish","format-standard","has-post-thumbnail","hentry","category-es-noticia","category-cultura"],"acf":[],"yoast_head":"<!-- This site is optimized with the Yoast SEO plugin v27.5 - https:\/\/yoast.com\/product\/yoast-seo-wordpress\/ -->\n<title>Las propuestas culturales para compartir en invierno - Diario Textual<\/title>\n<meta name=\"robots\" content=\"index, follow, max-snippet:-1, max-image-preview:large, max-video-preview:-1\" \/>\n<link rel=\"canonical\" href=\"https:\/\/diariotextual.com\/inicio\/index.php\/2023\/07\/21\/las-propuestas-culturales-para-compartir-en-invierno\/\" \/>\n<meta property=\"og:locale\" content=\"es_ES\" \/>\n<meta property=\"og:type\" content=\"article\" \/>\n<meta property=\"og:title\" content=\"Las propuestas culturales para compartir en invierno - Diario Textual\" \/>\n<meta property=\"og:description\" content=\"La Secretar\u00eda de Cultura Gobierno de La Pampa y municipios pampeanos contin\u00faan en modo vacaciones con propuestas para toda la familia.&nbsp;El&nbsp;Museo de Historia Natural&nbsp;y&nbsp;la Casa Museo Olga Orozco&nbsp;brindan&nbsp;actividades especialmente dise\u00f1adas&hellip;\" \/>\n<meta property=\"og:url\" content=\"https:\/\/diariotextual.com\/inicio\/index.php\/2023\/07\/21\/las-propuestas-culturales-para-compartir-en-invierno\/\" \/>\n<meta property=\"og:site_name\" content=\"Diario Textual\" \/>\n<meta property=\"article:publisher\" content=\"https:\/\/www.facebook.com\/eltextual\" \/>\n<meta property=\"article:published_time\" content=\"2023-07-21T20:16:41+00:00\" \/>\n<meta property=\"article:modified_time\" content=\"2023-07-22T02:12:13+00:00\" \/>\n<meta property=\"og:image\" content=\"https:\/\/diariotextual.com\/inicio\/wp-content\/uploads\/2023\/07\/parera8594657.jpg\" \/>\n\t<meta property=\"og:image:width\" content=\"1792\" \/>\n\t<meta property=\"og:image:height\" content=\"1344\" \/>\n\t<meta property=\"og:image:type\" content=\"image\/jpeg\" \/>\n<meta name=\"author\" content=\"diario2\" \/>\n<meta name=\"twitter:card\" content=\"summary_large_image\" \/>\n<meta name=\"twitter:creator\" content=\"@eltextual\" \/>\n<meta name=\"twitter:site\" content=\"@eltextual\" \/>\n<meta name=\"twitter:label1\" content=\"Escrito por\" \/>\n\t<meta name=\"twitter:data1\" content=\"diario2\" \/>\n\t<meta name=\"twitter:label2\" content=\"Tiempo de lectura\" \/>\n\t<meta name=\"twitter:data2\" content=\"9 minutos\" \/>\n<script type=\"application\/ld+json\" class=\"yoast-schema-graph\">{\"@context\":\"https:\\\/\\\/schema.org\",\"@graph\":[{\"@type\":\"Article\",\"@id\":\"https:\\\/\\\/diariotextual.com\\\/inicio\\\/index.php\\\/2023\\\/07\\\/21\\\/las-propuestas-culturales-para-compartir-en-invierno\\\/#article\",\"isPartOf\":{\"@id\":\"https:\\\/\\\/diariotextual.com\\\/inicio\\\/index.php\\\/2023\\\/07\\\/21\\\/las-propuestas-culturales-para-compartir-en-invierno\\\/\"},\"author\":{\"name\":\"diario2\",\"@id\":\"https:\\\/\\\/diariotextual.com\\\/inicio\\\/#\\\/schema\\\/person\\\/694f60677f23c4a530867a98f22b3768\"},\"headline\":\"Las propuestas culturales para compartir en invierno\",\"datePublished\":\"2023-07-21T20:16:41+00:00\",\"dateModified\":\"2023-07-22T02:12:13+00:00\",\"mainEntityOfPage\":{\"@id\":\"https:\\\/\\\/diariotextual.com\\\/inicio\\\/index.php\\\/2023\\\/07\\\/21\\\/las-propuestas-culturales-para-compartir-en-invierno\\\/\"},\"wordCount\":1997,\"publisher\":{\"@id\":\"https:\\\/\\\/diariotextual.com\\\/inicio\\\/#organization\"},\"image\":{\"@id\":\"https:\\\/\\\/diariotextual.com\\\/inicio\\\/index.php\\\/2023\\\/07\\\/21\\\/las-propuestas-culturales-para-compartir-en-invierno\\\/#primaryimage\"},\"thumbnailUrl\":\"https:\\\/\\\/diariotextual.com\\\/inicio\\\/wp-content\\\/uploads\\\/2023\\\/07\\\/parera8594657.jpg\",\"articleSection\":[\"A - ES NOTICIA (van abajo)\",\"CULTURA\"],\"inLanguage\":\"es\"},{\"@type\":\"WebPage\",\"@id\":\"https:\\\/\\\/diariotextual.com\\\/inicio\\\/index.php\\\/2023\\\/07\\\/21\\\/las-propuestas-culturales-para-compartir-en-invierno\\\/\",\"url\":\"https:\\\/\\\/diariotextual.com\\\/inicio\\\/index.php\\\/2023\\\/07\\\/21\\\/las-propuestas-culturales-para-compartir-en-invierno\\\/\",\"name\":\"Las propuestas culturales para compartir en invierno - Diario Textual\",\"isPartOf\":{\"@id\":\"https:\\\/\\\/diariotextual.com\\\/inicio\\\/#website\"},\"primaryImageOfPage\":{\"@id\":\"https:\\\/\\\/diariotextual.com\\\/inicio\\\/index.php\\\/2023\\\/07\\\/21\\\/las-propuestas-culturales-para-compartir-en-invierno\\\/#primaryimage\"},\"image\":{\"@id\":\"https:\\\/\\\/diariotextual.com\\\/inicio\\\/index.php\\\/2023\\\/07\\\/21\\\/las-propuestas-culturales-para-compartir-en-invierno\\\/#primaryimage\"},\"thumbnailUrl\":\"https:\\\/\\\/diariotextual.com\\\/inicio\\\/wp-content\\\/uploads\\\/2023\\\/07\\\/parera8594657.jpg\",\"datePublished\":\"2023-07-21T20:16:41+00:00\",\"dateModified\":\"2023-07-22T02:12:13+00:00\",\"breadcrumb\":{\"@id\":\"https:\\\/\\\/diariotextual.com\\\/inicio\\\/index.php\\\/2023\\\/07\\\/21\\\/las-propuestas-culturales-para-compartir-en-invierno\\\/#breadcrumb\"},\"inLanguage\":\"es\",\"potentialAction\":[{\"@type\":\"ReadAction\",\"target\":[\"https:\\\/\\\/diariotextual.com\\\/inicio\\\/index.php\\\/2023\\\/07\\\/21\\\/las-propuestas-culturales-para-compartir-en-invierno\\\/\"]}]},{\"@type\":\"ImageObject\",\"inLanguage\":\"es\",\"@id\":\"https:\\\/\\\/diariotextual.com\\\/inicio\\\/index.php\\\/2023\\\/07\\\/21\\\/las-propuestas-culturales-para-compartir-en-invierno\\\/#primaryimage\",\"url\":\"https:\\\/\\\/diariotextual.com\\\/inicio\\\/wp-content\\\/uploads\\\/2023\\\/07\\\/parera8594657.jpg\",\"contentUrl\":\"https:\\\/\\\/diariotextual.com\\\/inicio\\\/wp-content\\\/uploads\\\/2023\\\/07\\\/parera8594657.jpg\",\"width\":1792,\"height\":1344},{\"@type\":\"BreadcrumbList\",\"@id\":\"https:\\\/\\\/diariotextual.com\\\/inicio\\\/index.php\\\/2023\\\/07\\\/21\\\/las-propuestas-culturales-para-compartir-en-invierno\\\/#breadcrumb\",\"itemListElement\":[{\"@type\":\"ListItem\",\"position\":1,\"name\":\"Portada\",\"item\":\"https:\\\/\\\/diariotextual.com\\\/inicio\\\/\"},{\"@type\":\"ListItem\",\"position\":2,\"name\":\"Las propuestas culturales para compartir en invierno\"}]},{\"@type\":\"WebSite\",\"@id\":\"https:\\\/\\\/diariotextual.com\\\/inicio\\\/#website\",\"url\":\"https:\\\/\\\/diariotextual.com\\\/inicio\\\/\",\"name\":\"Diario Textual\",\"description\":\"\",\"publisher\":{\"@id\":\"https:\\\/\\\/diariotextual.com\\\/inicio\\\/#organization\"},\"potentialAction\":[{\"@type\":\"SearchAction\",\"target\":{\"@type\":\"EntryPoint\",\"urlTemplate\":\"https:\\\/\\\/diariotextual.com\\\/inicio\\\/?s={search_term_string}\"},\"query-input\":{\"@type\":\"PropertyValueSpecification\",\"valueRequired\":true,\"valueName\":\"search_term_string\"}}],\"inLanguage\":\"es\"},{\"@type\":\"Organization\",\"@id\":\"https:\\\/\\\/diariotextual.com\\\/inicio\\\/#organization\",\"name\":\"Diario Textual\",\"url\":\"https:\\\/\\\/diariotextual.com\\\/inicio\\\/\",\"logo\":{\"@type\":\"ImageObject\",\"inLanguage\":\"es\",\"@id\":\"https:\\\/\\\/diariotextual.com\\\/inicio\\\/#\\\/schema\\\/logo\\\/image\\\/\",\"url\":\"https:\\\/\\\/diariotextual.com\\\/inicio\\\/wp-content\\\/uploads\\\/2023\\\/05\\\/logotextual1.jpg\",\"contentUrl\":\"https:\\\/\\\/diariotextual.com\\\/inicio\\\/wp-content\\\/uploads\\\/2023\\\/05\\\/logotextual1.jpg\",\"width\":516,\"height\":76,\"caption\":\"Diario Textual\"},\"image\":{\"@id\":\"https:\\\/\\\/diariotextual.com\\\/inicio\\\/#\\\/schema\\\/logo\\\/image\\\/\"},\"sameAs\":[\"https:\\\/\\\/www.facebook.com\\\/eltextual\",\"https:\\\/\\\/x.com\\\/eltextual\",\"http:\\\/\\\/www.instagram.com\\\/eltextual\"]},{\"@type\":\"Person\",\"@id\":\"https:\\\/\\\/diariotextual.com\\\/inicio\\\/#\\\/schema\\\/person\\\/694f60677f23c4a530867a98f22b3768\",\"name\":\"diario2\",\"image\":{\"@type\":\"ImageObject\",\"inLanguage\":\"es\",\"@id\":\"https:\\\/\\\/secure.gravatar.com\\\/avatar\\\/5a2567495ba16b852fcd8f1ed006a2e24fcace936018ed8237e95f488ad6e0a7?s=96&d=mm&r=g\",\"url\":\"https:\\\/\\\/secure.gravatar.com\\\/avatar\\\/5a2567495ba16b852fcd8f1ed006a2e24fcace936018ed8237e95f488ad6e0a7?s=96&d=mm&r=g\",\"contentUrl\":\"https:\\\/\\\/secure.gravatar.com\\\/avatar\\\/5a2567495ba16b852fcd8f1ed006a2e24fcace936018ed8237e95f488ad6e0a7?s=96&d=mm&r=g\",\"caption\":\"diario2\"},\"url\":\"https:\\\/\\\/diariotextual.com\\\/inicio\\\/index.php\\\/author\\\/diario2\\\/\"}]}<\/script>\n<!-- \/ Yoast SEO plugin. -->","yoast_head_json":{"title":"Las propuestas culturales para compartir en invierno - Diario Textual","robots":{"index":"index","follow":"follow","max-snippet":"max-snippet:-1","max-image-preview":"max-image-preview:large","max-video-preview":"max-video-preview:-1"},"canonical":"https:\/\/diariotextual.com\/inicio\/index.php\/2023\/07\/21\/las-propuestas-culturales-para-compartir-en-invierno\/","og_locale":"es_ES","og_type":"article","og_title":"Las propuestas culturales para compartir en invierno - Diario Textual","og_description":"La Secretar\u00eda de Cultura Gobierno de La Pampa y municipios pampeanos contin\u00faan en modo vacaciones con propuestas para toda la familia.&nbsp;El&nbsp;Museo de Historia Natural&nbsp;y&nbsp;la Casa Museo Olga Orozco&nbsp;brindan&nbsp;actividades especialmente dise\u00f1adas&hellip;","og_url":"https:\/\/diariotextual.com\/inicio\/index.php\/2023\/07\/21\/las-propuestas-culturales-para-compartir-en-invierno\/","og_site_name":"Diario Textual","article_publisher":"https:\/\/www.facebook.com\/eltextual","article_published_time":"2023-07-21T20:16:41+00:00","article_modified_time":"2023-07-22T02:12:13+00:00","og_image":[{"width":1792,"height":1344,"url":"https:\/\/diariotextual.com\/inicio\/wp-content\/uploads\/2023\/07\/parera8594657.jpg","type":"image\/jpeg"}],"author":"diario2","twitter_card":"summary_large_image","twitter_creator":"@eltextual","twitter_site":"@eltextual","twitter_misc":{"Escrito por":"diario2","Tiempo de lectura":"9 minutos"},"schema":{"@context":"https:\/\/schema.org","@graph":[{"@type":"Article","@id":"https:\/\/diariotextual.com\/inicio\/index.php\/2023\/07\/21\/las-propuestas-culturales-para-compartir-en-invierno\/#article","isPartOf":{"@id":"https:\/\/diariotextual.com\/inicio\/index.php\/2023\/07\/21\/las-propuestas-culturales-para-compartir-en-invierno\/"},"author":{"name":"diario2","@id":"https:\/\/diariotextual.com\/inicio\/#\/schema\/person\/694f60677f23c4a530867a98f22b3768"},"headline":"Las propuestas culturales para compartir en invierno","datePublished":"2023-07-21T20:16:41+00:00","dateModified":"2023-07-22T02:12:13+00:00","mainEntityOfPage":{"@id":"https:\/\/diariotextual.com\/inicio\/index.php\/2023\/07\/21\/las-propuestas-culturales-para-compartir-en-invierno\/"},"wordCount":1997,"publisher":{"@id":"https:\/\/diariotextual.com\/inicio\/#organization"},"image":{"@id":"https:\/\/diariotextual.com\/inicio\/index.php\/2023\/07\/21\/las-propuestas-culturales-para-compartir-en-invierno\/#primaryimage"},"thumbnailUrl":"https:\/\/diariotextual.com\/inicio\/wp-content\/uploads\/2023\/07\/parera8594657.jpg","articleSection":["A - ES NOTICIA (van abajo)","CULTURA"],"inLanguage":"es"},{"@type":"WebPage","@id":"https:\/\/diariotextual.com\/inicio\/index.php\/2023\/07\/21\/las-propuestas-culturales-para-compartir-en-invierno\/","url":"https:\/\/diariotextual.com\/inicio\/index.php\/2023\/07\/21\/las-propuestas-culturales-para-compartir-en-invierno\/","name":"Las propuestas culturales para compartir en invierno - Diario Textual","isPartOf":{"@id":"https:\/\/diariotextual.com\/inicio\/#website"},"primaryImageOfPage":{"@id":"https:\/\/diariotextual.com\/inicio\/index.php\/2023\/07\/21\/las-propuestas-culturales-para-compartir-en-invierno\/#primaryimage"},"image":{"@id":"https:\/\/diariotextual.com\/inicio\/index.php\/2023\/07\/21\/las-propuestas-culturales-para-compartir-en-invierno\/#primaryimage"},"thumbnailUrl":"https:\/\/diariotextual.com\/inicio\/wp-content\/uploads\/2023\/07\/parera8594657.jpg","datePublished":"2023-07-21T20:16:41+00:00","dateModified":"2023-07-22T02:12:13+00:00","breadcrumb":{"@id":"https:\/\/diariotextual.com\/inicio\/index.php\/2023\/07\/21\/las-propuestas-culturales-para-compartir-en-invierno\/#breadcrumb"},"inLanguage":"es","potentialAction":[{"@type":"ReadAction","target":["https:\/\/diariotextual.com\/inicio\/index.php\/2023\/07\/21\/las-propuestas-culturales-para-compartir-en-invierno\/"]}]},{"@type":"ImageObject","inLanguage":"es","@id":"https:\/\/diariotextual.com\/inicio\/index.php\/2023\/07\/21\/las-propuestas-culturales-para-compartir-en-invierno\/#primaryimage","url":"https:\/\/diariotextual.com\/inicio\/wp-content\/uploads\/2023\/07\/parera8594657.jpg","contentUrl":"https:\/\/diariotextual.com\/inicio\/wp-content\/uploads\/2023\/07\/parera8594657.jpg","width":1792,"height":1344},{"@type":"BreadcrumbList","@id":"https:\/\/diariotextual.com\/inicio\/index.php\/2023\/07\/21\/las-propuestas-culturales-para-compartir-en-invierno\/#breadcrumb","itemListElement":[{"@type":"ListItem","position":1,"name":"Portada","item":"https:\/\/diariotextual.com\/inicio\/"},{"@type":"ListItem","position":2,"name":"Las propuestas culturales para compartir en invierno"}]},{"@type":"WebSite","@id":"https:\/\/diariotextual.com\/inicio\/#website","url":"https:\/\/diariotextual.com\/inicio\/","name":"Diario Textual","description":"","publisher":{"@id":"https:\/\/diariotextual.com\/inicio\/#organization"},"potentialAction":[{"@type":"SearchAction","target":{"@type":"EntryPoint","urlTemplate":"https:\/\/diariotextual.com\/inicio\/?s={search_term_string}"},"query-input":{"@type":"PropertyValueSpecification","valueRequired":true,"valueName":"search_term_string"}}],"inLanguage":"es"},{"@type":"Organization","@id":"https:\/\/diariotextual.com\/inicio\/#organization","name":"Diario Textual","url":"https:\/\/diariotextual.com\/inicio\/","logo":{"@type":"ImageObject","inLanguage":"es","@id":"https:\/\/diariotextual.com\/inicio\/#\/schema\/logo\/image\/","url":"https:\/\/diariotextual.com\/inicio\/wp-content\/uploads\/2023\/05\/logotextual1.jpg","contentUrl":"https:\/\/diariotextual.com\/inicio\/wp-content\/uploads\/2023\/05\/logotextual1.jpg","width":516,"height":76,"caption":"Diario Textual"},"image":{"@id":"https:\/\/diariotextual.com\/inicio\/#\/schema\/logo\/image\/"},"sameAs":["https:\/\/www.facebook.com\/eltextual","https:\/\/x.com\/eltextual","http:\/\/www.instagram.com\/eltextual"]},{"@type":"Person","@id":"https:\/\/diariotextual.com\/inicio\/#\/schema\/person\/694f60677f23c4a530867a98f22b3768","name":"diario2","image":{"@type":"ImageObject","inLanguage":"es","@id":"https:\/\/secure.gravatar.com\/avatar\/5a2567495ba16b852fcd8f1ed006a2e24fcace936018ed8237e95f488ad6e0a7?s=96&d=mm&r=g","url":"https:\/\/secure.gravatar.com\/avatar\/5a2567495ba16b852fcd8f1ed006a2e24fcace936018ed8237e95f488ad6e0a7?s=96&d=mm&r=g","contentUrl":"https:\/\/secure.gravatar.com\/avatar\/5a2567495ba16b852fcd8f1ed006a2e24fcace936018ed8237e95f488ad6e0a7?s=96&d=mm&r=g","caption":"diario2"},"url":"https:\/\/diariotextual.com\/inicio\/index.php\/author\/diario2\/"}]}},"_links":{"self":[{"href":"https:\/\/diariotextual.com\/inicio\/index.php\/wp-json\/wp\/v2\/posts\/231488","targetHints":{"allow":["GET"]}}],"collection":[{"href":"https:\/\/diariotextual.com\/inicio\/index.php\/wp-json\/wp\/v2\/posts"}],"about":[{"href":"https:\/\/diariotextual.com\/inicio\/index.php\/wp-json\/wp\/v2\/types\/post"}],"author":[{"embeddable":true,"href":"https:\/\/diariotextual.com\/inicio\/index.php\/wp-json\/wp\/v2\/users\/4"}],"replies":[{"embeddable":true,"href":"https:\/\/diariotextual.com\/inicio\/index.php\/wp-json\/wp\/v2\/comments?post=231488"}],"version-history":[{"count":1,"href":"https:\/\/diariotextual.com\/inicio\/index.php\/wp-json\/wp\/v2\/posts\/231488\/revisions"}],"predecessor-version":[{"id":231490,"href":"https:\/\/diariotextual.com\/inicio\/index.php\/wp-json\/wp\/v2\/posts\/231488\/revisions\/231490"}],"wp:featuredmedia":[{"embeddable":true,"href":"https:\/\/diariotextual.com\/inicio\/index.php\/wp-json\/wp\/v2\/media\/231489"}],"wp:attachment":[{"href":"https:\/\/diariotextual.com\/inicio\/index.php\/wp-json\/wp\/v2\/media?parent=231488"}],"wp:term":[{"taxonomy":"category","embeddable":true,"href":"https:\/\/diariotextual.com\/inicio\/index.php\/wp-json\/wp\/v2\/categories?post=231488"},{"taxonomy":"post_tag","embeddable":true,"href":"https:\/\/diariotextual.com\/inicio\/index.php\/wp-json\/wp\/v2\/tags?post=231488"}],"curies":[{"name":"wp","href":"https:\/\/api.w.org\/{rel}","templated":true}]}}