{"id":231494,"date":"2023-07-21T18:56:35","date_gmt":"2023-07-21T21:56:35","guid":{"rendered":"https:\/\/diariotextual.com\/inicio\/?p=231494"},"modified":"2023-07-22T09:32:01","modified_gmt":"2023-07-22T12:32:01","slug":"confirmaron-que-la-sangre-hallada-en-la-camioneta-de-cesar-sena-es-humana","status":"publish","type":"post","link":"https:\/\/diariotextual.com\/inicio\/index.php\/2023\/07\/21\/confirmaron-que-la-sangre-hallada-en-la-camioneta-de-cesar-sena-es-humana\/","title":{"rendered":"Confirmaron que la sangre hallada en la camioneta de C\u00e9sar Sena es humana"},"content":{"rendered":"\n<p>Los an\u00e1lisis realizados sobre las manchas halladas en la camioneta de C\u00e9sar Sena, el joven detenido por el femicidio de su esposa Cecilia Strzyzowski, desaparecida desde el 2 de junio en Resistencia, Chaco, determinaron que se trata de sangre humana, por lo que ahora se intentar\u00e1 determinar si pertenece a la mujer de 28 a\u00f1os, informaron fuentes judiciales.<br><br>El resultado del peritaje fue incorporado en las \u00faltimas horas en el expediente y se trata de los rastros que hab\u00edan sido hallados en la caja de la camioneta Toyota Hilux perteneciente al hijo de Emerenciano Sena y Marcela Acu\u00f1a, donde se presume que fue trasladado el cad\u00e1ver de Cecilia Strzyzowski hasta el campo en el que fue incinerado.<br><br>El an\u00e1lisis fue realizado este jueves por expertos del Instituto de Medicina y Ciencias Forenses (IMCiF) de Resistencia y, seg\u00fan un comunicado del Poder Judicial de Chaco, \u00abdio resultado positivo como sangre humana en la camioneta Toyota Hilux\u00bb.<br><br>De acuerdo con el informe de los peritos -al que T\u00e9lam tuvo acceso- l<strong>a muestra fue encontrada en un asiento trasero de la pick up de C\u00e9sar Sena, patente ECV705.<\/strong><br><br>El rastro analizado, del cual se elabor\u00f3 un ADN, fue derivado al Dep\u00f3sito de Muestras Forenses del Laboratorio de Biolog\u00eda del IMCiF y ahora ser\u00e1 cotejado con el patr\u00f3n gen\u00e9tico de los familiares de Cecilia Strzyzowski para intentar establecer si la misma pertenece a la joven de 28 a\u00f1os, como ya ocurri\u00f3 en la sangre hallada en los muebles que el matrimonio imputado hab\u00eda donado a una mujer.<br><br>En tanto, el Equipo Fiscal Especial, integrado por los fiscales Jorge C\u00e1ceres Olivera, Jorge G\u00f3mez y Nelia Vel\u00e1zquez,\u00a0<strong>deneg\u00f3 los pedidos de la defensa de Sena hijo para que acceda a un tel\u00e9fono celular y televisi\u00f3n.<\/strong><br><br>Es que seg\u00fan lo informado por la justicia chaque\u00f1a la psic\u00f3loga que lo trata en el Servicio Penitenciario Provincial desaconsej\u00f3 que tenga informaci\u00f3n sobre el avance de la causa debido a su estado emocional.<\/p>\n","protected":false},"excerpt":{"rendered":"<p>Los an\u00e1lisis realizados sobre las manchas halladas en la camioneta de C\u00e9sar Sena, el joven detenido por el femicidio de su esposa Cecilia Strzyzowski, desaparecida desde el 2 de junio&hellip;<\/p>\n","protected":false},"author":3,"featured_media":228830,"comment_status":"closed","ping_status":"open","sticky":false,"template":"","format":"standard","meta":{"_acf_changed":false,"footnotes":""},"categories":[1,12],"tags":[],"class_list":["post-231494","post","type-post","status-publish","format-standard","has-post-thumbnail","hentry","category-es-noticia","category-sociedad"],"acf":[],"yoast_head":"<!-- This site is optimized with the Yoast SEO plugin v27.5 - https:\/\/yoast.com\/product\/yoast-seo-wordpress\/ -->\n<title>Confirmaron que la sangre hallada en la camioneta de C\u00e9sar Sena es humana - Diario Textual<\/title>\n<meta name=\"robots\" content=\"index, follow, max-snippet:-1, max-image-preview:large, max-video-preview:-1\" \/>\n<link rel=\"canonical\" href=\"https:\/\/diariotextual.com\/inicio\/index.php\/2023\/07\/21\/confirmaron-que-la-sangre-hallada-en-la-camioneta-de-cesar-sena-es-humana\/\" \/>\n<meta property=\"og:locale\" content=\"es_ES\" \/>\n<meta property=\"og:type\" content=\"article\" \/>\n<meta property=\"og:title\" content=\"Confirmaron que la sangre hallada en la camioneta de C\u00e9sar Sena es humana - Diario Textual\" \/>\n<meta property=\"og:description\" content=\"Los an\u00e1lisis realizados sobre las manchas halladas en la camioneta de C\u00e9sar Sena, el joven detenido por el femicidio de su esposa Cecilia Strzyzowski, desaparecida desde el 2 de junio&hellip;\" \/>\n<meta property=\"og:url\" content=\"https:\/\/diariotextual.com\/inicio\/index.php\/2023\/07\/21\/confirmaron-que-la-sangre-hallada-en-la-camioneta-de-cesar-sena-es-humana\/\" \/>\n<meta property=\"og:site_name\" content=\"Diario Textual\" \/>\n<meta property=\"article:publisher\" content=\"https:\/\/www.facebook.com\/eltextual\" \/>\n<meta property=\"article:published_time\" content=\"2023-07-21T21:56:35+00:00\" \/>\n<meta property=\"article:modified_time\" content=\"2023-07-22T12:32:01+00:00\" \/>\n<meta property=\"og:image\" content=\"https:\/\/diariotextual.com\/inicio\/wp-content\/uploads\/2023\/06\/strzyzowskiceciliacasotelam2023-12.jpg\" \/>\n\t<meta property=\"og:image:width\" content=\"1100\" \/>\n\t<meta property=\"og:image:height\" content=\"619\" \/>\n\t<meta property=\"og:image:type\" content=\"image\/jpeg\" \/>\n<meta name=\"author\" content=\"Diario1 Diario1\" \/>\n<meta name=\"twitter:card\" content=\"summary_large_image\" \/>\n<meta name=\"twitter:creator\" content=\"@eltextual\" \/>\n<meta name=\"twitter:site\" content=\"@eltextual\" \/>\n<meta name=\"twitter:label1\" content=\"Escrito por\" \/>\n\t<meta name=\"twitter:data1\" content=\"Diario1 Diario1\" \/>\n\t<meta name=\"twitter:label2\" content=\"Tiempo de lectura\" \/>\n\t<meta name=\"twitter:data2\" content=\"2 minutos\" \/>\n<script type=\"application\/ld+json\" class=\"yoast-schema-graph\">{\"@context\":\"https:\\\/\\\/schema.org\",\"@graph\":[{\"@type\":\"Article\",\"@id\":\"https:\\\/\\\/diariotextual.com\\\/inicio\\\/index.php\\\/2023\\\/07\\\/21\\\/confirmaron-que-la-sangre-hallada-en-la-camioneta-de-cesar-sena-es-humana\\\/#article\",\"isPartOf\":{\"@id\":\"https:\\\/\\\/diariotextual.com\\\/inicio\\\/index.php\\\/2023\\\/07\\\/21\\\/confirmaron-que-la-sangre-hallada-en-la-camioneta-de-cesar-sena-es-humana\\\/\"},\"author\":{\"name\":\"Diario1 Diario1\",\"@id\":\"https:\\\/\\\/diariotextual.com\\\/inicio\\\/#\\\/schema\\\/person\\\/418fc4093c33e86ed41562db3508f958\"},\"headline\":\"Confirmaron que la sangre hallada en la camioneta de C\u00e9sar Sena es humana\",\"datePublished\":\"2023-07-21T21:56:35+00:00\",\"dateModified\":\"2023-07-22T12:32:01+00:00\",\"mainEntityOfPage\":{\"@id\":\"https:\\\/\\\/diariotextual.com\\\/inicio\\\/index.php\\\/2023\\\/07\\\/21\\\/confirmaron-que-la-sangre-hallada-en-la-camioneta-de-cesar-sena-es-humana\\\/\"},\"wordCount\":359,\"publisher\":{\"@id\":\"https:\\\/\\\/diariotextual.com\\\/inicio\\\/#organization\"},\"image\":{\"@id\":\"https:\\\/\\\/diariotextual.com\\\/inicio\\\/index.php\\\/2023\\\/07\\\/21\\\/confirmaron-que-la-sangre-hallada-en-la-camioneta-de-cesar-sena-es-humana\\\/#primaryimage\"},\"thumbnailUrl\":\"https:\\\/\\\/diariotextual.com\\\/inicio\\\/wp-content\\\/uploads\\\/2023\\\/06\\\/strzyzowskiceciliacasotelam2023-12.jpg\",\"articleSection\":[\"A - ES NOTICIA (van abajo)\",\"SOCIEDAD\"],\"inLanguage\":\"es\"},{\"@type\":\"WebPage\",\"@id\":\"https:\\\/\\\/diariotextual.com\\\/inicio\\\/index.php\\\/2023\\\/07\\\/21\\\/confirmaron-que-la-sangre-hallada-en-la-camioneta-de-cesar-sena-es-humana\\\/\",\"url\":\"https:\\\/\\\/diariotextual.com\\\/inicio\\\/index.php\\\/2023\\\/07\\\/21\\\/confirmaron-que-la-sangre-hallada-en-la-camioneta-de-cesar-sena-es-humana\\\/\",\"name\":\"Confirmaron que la sangre hallada en la camioneta de C\u00e9sar Sena es humana - Diario Textual\",\"isPartOf\":{\"@id\":\"https:\\\/\\\/diariotextual.com\\\/inicio\\\/#website\"},\"primaryImageOfPage\":{\"@id\":\"https:\\\/\\\/diariotextual.com\\\/inicio\\\/index.php\\\/2023\\\/07\\\/21\\\/confirmaron-que-la-sangre-hallada-en-la-camioneta-de-cesar-sena-es-humana\\\/#primaryimage\"},\"image\":{\"@id\":\"https:\\\/\\\/diariotextual.com\\\/inicio\\\/index.php\\\/2023\\\/07\\\/21\\\/confirmaron-que-la-sangre-hallada-en-la-camioneta-de-cesar-sena-es-humana\\\/#primaryimage\"},\"thumbnailUrl\":\"https:\\\/\\\/diariotextual.com\\\/inicio\\\/wp-content\\\/uploads\\\/2023\\\/06\\\/strzyzowskiceciliacasotelam2023-12.jpg\",\"datePublished\":\"2023-07-21T21:56:35+00:00\",\"dateModified\":\"2023-07-22T12:32:01+00:00\",\"breadcrumb\":{\"@id\":\"https:\\\/\\\/diariotextual.com\\\/inicio\\\/index.php\\\/2023\\\/07\\\/21\\\/confirmaron-que-la-sangre-hallada-en-la-camioneta-de-cesar-sena-es-humana\\\/#breadcrumb\"},\"inLanguage\":\"es\",\"potentialAction\":[{\"@type\":\"ReadAction\",\"target\":[\"https:\\\/\\\/diariotextual.com\\\/inicio\\\/index.php\\\/2023\\\/07\\\/21\\\/confirmaron-que-la-sangre-hallada-en-la-camioneta-de-cesar-sena-es-humana\\\/\"]}]},{\"@type\":\"ImageObject\",\"inLanguage\":\"es\",\"@id\":\"https:\\\/\\\/diariotextual.com\\\/inicio\\\/index.php\\\/2023\\\/07\\\/21\\\/confirmaron-que-la-sangre-hallada-en-la-camioneta-de-cesar-sena-es-humana\\\/#primaryimage\",\"url\":\"https:\\\/\\\/diariotextual.com\\\/inicio\\\/wp-content\\\/uploads\\\/2023\\\/06\\\/strzyzowskiceciliacasotelam2023-12.jpg\",\"contentUrl\":\"https:\\\/\\\/diariotextual.com\\\/inicio\\\/wp-content\\\/uploads\\\/2023\\\/06\\\/strzyzowskiceciliacasotelam2023-12.jpg\",\"width\":1100,\"height\":619},{\"@type\":\"BreadcrumbList\",\"@id\":\"https:\\\/\\\/diariotextual.com\\\/inicio\\\/index.php\\\/2023\\\/07\\\/21\\\/confirmaron-que-la-sangre-hallada-en-la-camioneta-de-cesar-sena-es-humana\\\/#breadcrumb\",\"itemListElement\":[{\"@type\":\"ListItem\",\"position\":1,\"name\":\"Portada\",\"item\":\"https:\\\/\\\/diariotextual.com\\\/inicio\\\/\"},{\"@type\":\"ListItem\",\"position\":2,\"name\":\"Confirmaron que la sangre hallada en la camioneta de C\u00e9sar Sena es humana\"}]},{\"@type\":\"WebSite\",\"@id\":\"https:\\\/\\\/diariotextual.com\\\/inicio\\\/#website\",\"url\":\"https:\\\/\\\/diariotextual.com\\\/inicio\\\/\",\"name\":\"Diario Textual\",\"description\":\"\",\"publisher\":{\"@id\":\"https:\\\/\\\/diariotextual.com\\\/inicio\\\/#organization\"},\"potentialAction\":[{\"@type\":\"SearchAction\",\"target\":{\"@type\":\"EntryPoint\",\"urlTemplate\":\"https:\\\/\\\/diariotextual.com\\\/inicio\\\/?s={search_term_string}\"},\"query-input\":{\"@type\":\"PropertyValueSpecification\",\"valueRequired\":true,\"valueName\":\"search_term_string\"}}],\"inLanguage\":\"es\"},{\"@type\":\"Organization\",\"@id\":\"https:\\\/\\\/diariotextual.com\\\/inicio\\\/#organization\",\"name\":\"Diario Textual\",\"url\":\"https:\\\/\\\/diariotextual.com\\\/inicio\\\/\",\"logo\":{\"@type\":\"ImageObject\",\"inLanguage\":\"es\",\"@id\":\"https:\\\/\\\/diariotextual.com\\\/inicio\\\/#\\\/schema\\\/logo\\\/image\\\/\",\"url\":\"https:\\\/\\\/diariotextual.com\\\/inicio\\\/wp-content\\\/uploads\\\/2023\\\/05\\\/logotextual1.jpg\",\"contentUrl\":\"https:\\\/\\\/diariotextual.com\\\/inicio\\\/wp-content\\\/uploads\\\/2023\\\/05\\\/logotextual1.jpg\",\"width\":516,\"height\":76,\"caption\":\"Diario Textual\"},\"image\":{\"@id\":\"https:\\\/\\\/diariotextual.com\\\/inicio\\\/#\\\/schema\\\/logo\\\/image\\\/\"},\"sameAs\":[\"https:\\\/\\\/www.facebook.com\\\/eltextual\",\"https:\\\/\\\/x.com\\\/eltextual\",\"http:\\\/\\\/www.instagram.com\\\/eltextual\"]},{\"@type\":\"Person\",\"@id\":\"https:\\\/\\\/diariotextual.com\\\/inicio\\\/#\\\/schema\\\/person\\\/418fc4093c33e86ed41562db3508f958\",\"name\":\"Diario1 Diario1\",\"image\":{\"@type\":\"ImageObject\",\"inLanguage\":\"es\",\"@id\":\"https:\\\/\\\/secure.gravatar.com\\\/avatar\\\/9167d280179c85bc18be67aa7eda765854300033af4896dd779b608640f2ef7a?s=96&d=mm&r=g\",\"url\":\"https:\\\/\\\/secure.gravatar.com\\\/avatar\\\/9167d280179c85bc18be67aa7eda765854300033af4896dd779b608640f2ef7a?s=96&d=mm&r=g\",\"contentUrl\":\"https:\\\/\\\/secure.gravatar.com\\\/avatar\\\/9167d280179c85bc18be67aa7eda765854300033af4896dd779b608640f2ef7a?s=96&d=mm&r=g\",\"caption\":\"Diario1 Diario1\"},\"url\":\"https:\\\/\\\/diariotextual.com\\\/inicio\\\/index.php\\\/author\\\/diario1\\\/\"}]}<\/script>\n<!-- \/ Yoast SEO plugin. -->","yoast_head_json":{"title":"Confirmaron que la sangre hallada en la camioneta de C\u00e9sar Sena es humana - Diario Textual","robots":{"index":"index","follow":"follow","max-snippet":"max-snippet:-1","max-image-preview":"max-image-preview:large","max-video-preview":"max-video-preview:-1"},"canonical":"https:\/\/diariotextual.com\/inicio\/index.php\/2023\/07\/21\/confirmaron-que-la-sangre-hallada-en-la-camioneta-de-cesar-sena-es-humana\/","og_locale":"es_ES","og_type":"article","og_title":"Confirmaron que la sangre hallada en la camioneta de C\u00e9sar Sena es humana - Diario Textual","og_description":"Los an\u00e1lisis realizados sobre las manchas halladas en la camioneta de C\u00e9sar Sena, el joven detenido por el femicidio de su esposa Cecilia Strzyzowski, desaparecida desde el 2 de junio&hellip;","og_url":"https:\/\/diariotextual.com\/inicio\/index.php\/2023\/07\/21\/confirmaron-que-la-sangre-hallada-en-la-camioneta-de-cesar-sena-es-humana\/","og_site_name":"Diario Textual","article_publisher":"https:\/\/www.facebook.com\/eltextual","article_published_time":"2023-07-21T21:56:35+00:00","article_modified_time":"2023-07-22T12:32:01+00:00","og_image":[{"width":1100,"height":619,"url":"https:\/\/diariotextual.com\/inicio\/wp-content\/uploads\/2023\/06\/strzyzowskiceciliacasotelam2023-12.jpg","type":"image\/jpeg"}],"author":"Diario1 Diario1","twitter_card":"summary_large_image","twitter_creator":"@eltextual","twitter_site":"@eltextual","twitter_misc":{"Escrito por":"Diario1 Diario1","Tiempo de lectura":"2 minutos"},"schema":{"@context":"https:\/\/schema.org","@graph":[{"@type":"Article","@id":"https:\/\/diariotextual.com\/inicio\/index.php\/2023\/07\/21\/confirmaron-que-la-sangre-hallada-en-la-camioneta-de-cesar-sena-es-humana\/#article","isPartOf":{"@id":"https:\/\/diariotextual.com\/inicio\/index.php\/2023\/07\/21\/confirmaron-que-la-sangre-hallada-en-la-camioneta-de-cesar-sena-es-humana\/"},"author":{"name":"Diario1 Diario1","@id":"https:\/\/diariotextual.com\/inicio\/#\/schema\/person\/418fc4093c33e86ed41562db3508f958"},"headline":"Confirmaron que la sangre hallada en la camioneta de C\u00e9sar Sena es humana","datePublished":"2023-07-21T21:56:35+00:00","dateModified":"2023-07-22T12:32:01+00:00","mainEntityOfPage":{"@id":"https:\/\/diariotextual.com\/inicio\/index.php\/2023\/07\/21\/confirmaron-que-la-sangre-hallada-en-la-camioneta-de-cesar-sena-es-humana\/"},"wordCount":359,"publisher":{"@id":"https:\/\/diariotextual.com\/inicio\/#organization"},"image":{"@id":"https:\/\/diariotextual.com\/inicio\/index.php\/2023\/07\/21\/confirmaron-que-la-sangre-hallada-en-la-camioneta-de-cesar-sena-es-humana\/#primaryimage"},"thumbnailUrl":"https:\/\/diariotextual.com\/inicio\/wp-content\/uploads\/2023\/06\/strzyzowskiceciliacasotelam2023-12.jpg","articleSection":["A - ES NOTICIA (van abajo)","SOCIEDAD"],"inLanguage":"es"},{"@type":"WebPage","@id":"https:\/\/diariotextual.com\/inicio\/index.php\/2023\/07\/21\/confirmaron-que-la-sangre-hallada-en-la-camioneta-de-cesar-sena-es-humana\/","url":"https:\/\/diariotextual.com\/inicio\/index.php\/2023\/07\/21\/confirmaron-que-la-sangre-hallada-en-la-camioneta-de-cesar-sena-es-humana\/","name":"Confirmaron que la sangre hallada en la camioneta de C\u00e9sar Sena es humana - Diario Textual","isPartOf":{"@id":"https:\/\/diariotextual.com\/inicio\/#website"},"primaryImageOfPage":{"@id":"https:\/\/diariotextual.com\/inicio\/index.php\/2023\/07\/21\/confirmaron-que-la-sangre-hallada-en-la-camioneta-de-cesar-sena-es-humana\/#primaryimage"},"image":{"@id":"https:\/\/diariotextual.com\/inicio\/index.php\/2023\/07\/21\/confirmaron-que-la-sangre-hallada-en-la-camioneta-de-cesar-sena-es-humana\/#primaryimage"},"thumbnailUrl":"https:\/\/diariotextual.com\/inicio\/wp-content\/uploads\/2023\/06\/strzyzowskiceciliacasotelam2023-12.jpg","datePublished":"2023-07-21T21:56:35+00:00","dateModified":"2023-07-22T12:32:01+00:00","breadcrumb":{"@id":"https:\/\/diariotextual.com\/inicio\/index.php\/2023\/07\/21\/confirmaron-que-la-sangre-hallada-en-la-camioneta-de-cesar-sena-es-humana\/#breadcrumb"},"inLanguage":"es","potentialAction":[{"@type":"ReadAction","target":["https:\/\/diariotextual.com\/inicio\/index.php\/2023\/07\/21\/confirmaron-que-la-sangre-hallada-en-la-camioneta-de-cesar-sena-es-humana\/"]}]},{"@type":"ImageObject","inLanguage":"es","@id":"https:\/\/diariotextual.com\/inicio\/index.php\/2023\/07\/21\/confirmaron-que-la-sangre-hallada-en-la-camioneta-de-cesar-sena-es-humana\/#primaryimage","url":"https:\/\/diariotextual.com\/inicio\/wp-content\/uploads\/2023\/06\/strzyzowskiceciliacasotelam2023-12.jpg","contentUrl":"https:\/\/diariotextual.com\/inicio\/wp-content\/uploads\/2023\/06\/strzyzowskiceciliacasotelam2023-12.jpg","width":1100,"height":619},{"@type":"BreadcrumbList","@id":"https:\/\/diariotextual.com\/inicio\/index.php\/2023\/07\/21\/confirmaron-que-la-sangre-hallada-en-la-camioneta-de-cesar-sena-es-humana\/#breadcrumb","itemListElement":[{"@type":"ListItem","position":1,"name":"Portada","item":"https:\/\/diariotextual.com\/inicio\/"},{"@type":"ListItem","position":2,"name":"Confirmaron que la sangre hallada en la camioneta de C\u00e9sar Sena es humana"}]},{"@type":"WebSite","@id":"https:\/\/diariotextual.com\/inicio\/#website","url":"https:\/\/diariotextual.com\/inicio\/","name":"Diario Textual","description":"","publisher":{"@id":"https:\/\/diariotextual.com\/inicio\/#organization"},"potentialAction":[{"@type":"SearchAction","target":{"@type":"EntryPoint","urlTemplate":"https:\/\/diariotextual.com\/inicio\/?s={search_term_string}"},"query-input":{"@type":"PropertyValueSpecification","valueRequired":true,"valueName":"search_term_string"}}],"inLanguage":"es"},{"@type":"Organization","@id":"https:\/\/diariotextual.com\/inicio\/#organization","name":"Diario Textual","url":"https:\/\/diariotextual.com\/inicio\/","logo":{"@type":"ImageObject","inLanguage":"es","@id":"https:\/\/diariotextual.com\/inicio\/#\/schema\/logo\/image\/","url":"https:\/\/diariotextual.com\/inicio\/wp-content\/uploads\/2023\/05\/logotextual1.jpg","contentUrl":"https:\/\/diariotextual.com\/inicio\/wp-content\/uploads\/2023\/05\/logotextual1.jpg","width":516,"height":76,"caption":"Diario Textual"},"image":{"@id":"https:\/\/diariotextual.com\/inicio\/#\/schema\/logo\/image\/"},"sameAs":["https:\/\/www.facebook.com\/eltextual","https:\/\/x.com\/eltextual","http:\/\/www.instagram.com\/eltextual"]},{"@type":"Person","@id":"https:\/\/diariotextual.com\/inicio\/#\/schema\/person\/418fc4093c33e86ed41562db3508f958","name":"Diario1 Diario1","image":{"@type":"ImageObject","inLanguage":"es","@id":"https:\/\/secure.gravatar.com\/avatar\/9167d280179c85bc18be67aa7eda765854300033af4896dd779b608640f2ef7a?s=96&d=mm&r=g","url":"https:\/\/secure.gravatar.com\/avatar\/9167d280179c85bc18be67aa7eda765854300033af4896dd779b608640f2ef7a?s=96&d=mm&r=g","contentUrl":"https:\/\/secure.gravatar.com\/avatar\/9167d280179c85bc18be67aa7eda765854300033af4896dd779b608640f2ef7a?s=96&d=mm&r=g","caption":"Diario1 Diario1"},"url":"https:\/\/diariotextual.com\/inicio\/index.php\/author\/diario1\/"}]}},"_links":{"self":[{"href":"https:\/\/diariotextual.com\/inicio\/index.php\/wp-json\/wp\/v2\/posts\/231494","targetHints":{"allow":["GET"]}}],"collection":[{"href":"https:\/\/diariotextual.com\/inicio\/index.php\/wp-json\/wp\/v2\/posts"}],"about":[{"href":"https:\/\/diariotextual.com\/inicio\/index.php\/wp-json\/wp\/v2\/types\/post"}],"author":[{"embeddable":true,"href":"https:\/\/diariotextual.com\/inicio\/index.php\/wp-json\/wp\/v2\/users\/3"}],"replies":[{"embeddable":true,"href":"https:\/\/diariotextual.com\/inicio\/index.php\/wp-json\/wp\/v2\/comments?post=231494"}],"version-history":[{"count":2,"href":"https:\/\/diariotextual.com\/inicio\/index.php\/wp-json\/wp\/v2\/posts\/231494\/revisions"}],"predecessor-version":[{"id":231496,"href":"https:\/\/diariotextual.com\/inicio\/index.php\/wp-json\/wp\/v2\/posts\/231494\/revisions\/231496"}],"wp:featuredmedia":[{"embeddable":true,"href":"https:\/\/diariotextual.com\/inicio\/index.php\/wp-json\/wp\/v2\/media\/228830"}],"wp:attachment":[{"href":"https:\/\/diariotextual.com\/inicio\/index.php\/wp-json\/wp\/v2\/media?parent=231494"}],"wp:term":[{"taxonomy":"category","embeddable":true,"href":"https:\/\/diariotextual.com\/inicio\/index.php\/wp-json\/wp\/v2\/categories?post=231494"},{"taxonomy":"post_tag","embeddable":true,"href":"https:\/\/diariotextual.com\/inicio\/index.php\/wp-json\/wp\/v2\/tags?post=231494"}],"curies":[{"name":"wp","href":"https:\/\/api.w.org\/{rel}","templated":true}]}}