{"id":231502,"date":"2023-07-21T22:21:04","date_gmt":"2023-07-22T01:21:04","guid":{"rendered":"https:\/\/diariotextual.com\/inicio\/?p=231502"},"modified":"2023-07-23T19:20:46","modified_gmt":"2023-07-23T22:20:46","slug":"el-gasoducto-kirchner-empezara-a-entregar-gas-en-una-semana","status":"publish","type":"post","link":"https:\/\/diariotextual.com\/inicio\/index.php\/2023\/07\/21\/el-gasoducto-kirchner-empezara-a-entregar-gas-en-una-semana\/","title":{"rendered":"El Gasoducto Kirchner empezar\u00e1 a entregar gas en una semana"},"content":{"rendered":"\n<p>La empresa estatal Energ\u00eda Argentina inform\u00f3 este viernes que contin\u00faa el llenado del Gasoducto Presidente N\u00e9stor Kirchner y que este proceso finalizar\u00e1 la pr\u00f3xima semana, con lo que de ah\u00ed en m\u00e1s el gas proveniente de Vaca Muerta comenzar\u00e1 a circular por el sistema de distribuci\u00f3n.<br><br>\u201cContinuamos con el llenado del Gasoducto Presidente N\u00e9stor Kirchner. Ya superamos los 13,8 millones de metros c\u00fabicos de gas cargados, lo que significa m\u00e1s de un 55 por ciento del total\u201d, se\u00f1al\u00f3 este viernes por la tarde la compa\u00f1\u00eda, a trav\u00e9s de su cuenta en la red social Twitter.<br><br>\u201cSe estima que la etapa de llenado concluir\u00e1 a mediados de la pr\u00f3xima semana, inici\u00e1ndose la inyecci\u00f3n de gas del GPNK al Gasoducto Neuba II que forma parte del sistema de transporte\u201d, agreg\u00f3 Enarsa.<\/p>\n\n\n\n<p>\u201cEl proceso de llenado y presurizaci\u00f3n se est\u00e1 desarrollando dentro de los plazos previstos y usuales, teniendo en cuenta las condiciones de seguridad necesarias para llevar adelante para este tipo de operaciones\u201d, agreg\u00f3.<br><br>El 9 de Julio pasado, en el marco de un acto celebrado en la localidad bonaerense de Salliquel\u00f3, se concret\u00f3 la apertura de la \u00faltima v\u00e1lvula del primer tramo del GPNK que -una vez concluido el proceso de llenado del ducto- permitir\u00e1 la conexi\u00f3n con el sistema troncal de gas para asegurar el abastecimiento de seis millones de usuarios del \u00c1rea Metropolitana Buenos Aires (AMBA), e iniciar el camino exportador hacia los mercados regionales.<br><br>La inauguraci\u00f3n del GPNK se concret\u00f3 luego de un plazo r\u00e9cord de diez meses para concretar el tendido de 573 kil\u00f3metros de extensi\u00f3n desde la localidad de Tratayen, en Neuqu\u00e9n, hasta Salliquel\u00f3, desde donde se vincular\u00e1 con el gasoducto Neuba II y sumar\u00e1 11 MMm3\/d\u00eda de gas desde la formaci\u00f3n neuquina hacia el anillo del conurbano bonaerense.<\/p>\n\n\n\n<p>El aporte del nuevo gas no convencional permitir\u00e1 fortalecer la seguridad del abastecimiento energ\u00e9tico, en momentos de pico de demanda invernal, para 6 millones de usuarios del cord\u00f3n bonaerense, sean clientes residenciales, comerciales o industriales a trav\u00e9s del servicio de las empresas distribuidoras.<br><br>La obra que estuvo a cargo de la empresa estatal Energ\u00eda Argentina -y las adjudicadas privadas Techint, Sacde y BTU- es particularmente valorada por haberse concretado en tiempo r\u00e9cord: apenas 178 d\u00edas pasaron desde que se realiz\u00f3 la primera soldadura el 16 de noviembre en Salliquel\u00f3 hasta la \u00faltima el 12 de mayo a la altura de La Reforma, en La Pampa.<\/p>\n\n\n\n<p>Se soldaron en promedio 5 kil\u00f3metros de ca\u00f1os por d\u00eda en los tres frentes de obra, se utilizaron aproximadamente 300.000 toneladas de ca\u00f1er\u00edas, para una obra que cont\u00f3 con 5.500 trabajadores directos y 40.000 con los indirectos en toda la zona de influencia.<br><br>La uni\u00f3n entre los gasoductos Presidente N\u00e9stor Kirchner y el Neuba II -inaugurado en 1988- se encuentra en la planta Saturno de la empresa transportista TGS, la que tambi\u00e9n se adjudic\u00f3 la operaci\u00f3n y mantenimiento del nuevo ducto por los pr\u00f3ximos cinco a\u00f1os.<\/p>\n","protected":false},"excerpt":{"rendered":"<p>La empresa estatal Energ\u00eda Argentina inform\u00f3 este viernes que contin\u00faa el llenado del Gasoducto Presidente N\u00e9stor Kirchner y que este proceso finalizar\u00e1 la pr\u00f3xima semana, con lo que de ah\u00ed&hellip;<\/p>\n","protected":false},"author":3,"featured_media":231504,"comment_status":"closed","ping_status":"open","sticky":false,"template":"","format":"standard","meta":{"_acf_changed":false,"footnotes":""},"categories":[11,12],"tags":[],"class_list":["post-231502","post","type-post","status-publish","format-standard","has-post-thumbnail","hentry","category-que-pasa","category-sociedad"],"acf":[],"yoast_head":"<!-- This site is optimized with the Yoast SEO plugin v27.5 - https:\/\/yoast.com\/product\/yoast-seo-wordpress\/ -->\n<title>El Gasoducto Kirchner empezar\u00e1 a entregar gas en una semana - Diario Textual<\/title>\n<meta name=\"robots\" content=\"index, follow, max-snippet:-1, max-image-preview:large, max-video-preview:-1\" \/>\n<link rel=\"canonical\" href=\"https:\/\/diariotextual.com\/inicio\/index.php\/2023\/07\/21\/el-gasoducto-kirchner-empezara-a-entregar-gas-en-una-semana\/\" \/>\n<meta property=\"og:locale\" content=\"es_ES\" \/>\n<meta property=\"og:type\" content=\"article\" \/>\n<meta property=\"og:title\" content=\"El Gasoducto Kirchner empezar\u00e1 a entregar gas en una semana - Diario Textual\" \/>\n<meta property=\"og:description\" content=\"La empresa estatal Energ\u00eda Argentina inform\u00f3 este viernes que contin\u00faa el llenado del Gasoducto Presidente N\u00e9stor Kirchner y que este proceso finalizar\u00e1 la pr\u00f3xima semana, con lo que de ah\u00ed&hellip;\" \/>\n<meta property=\"og:url\" content=\"https:\/\/diariotextual.com\/inicio\/index.php\/2023\/07\/21\/el-gasoducto-kirchner-empezara-a-entregar-gas-en-una-semana\/\" \/>\n<meta property=\"og:site_name\" content=\"Diario Textual\" \/>\n<meta property=\"article:publisher\" content=\"https:\/\/www.facebook.com\/eltextual\" \/>\n<meta property=\"article:published_time\" content=\"2023-07-22T01:21:04+00:00\" \/>\n<meta property=\"article:modified_time\" content=\"2023-07-23T22:20:46+00:00\" \/>\n<meta property=\"og:image\" content=\"https:\/\/diariotextual.com\/inicio\/wp-content\/uploads\/2023\/07\/gasoductokirchnertelam2023-01.jpg\" \/>\n\t<meta property=\"og:image:width\" content=\"1100\" \/>\n\t<meta property=\"og:image:height\" content=\"619\" \/>\n\t<meta property=\"og:image:type\" content=\"image\/jpeg\" \/>\n<meta name=\"author\" content=\"Diario1 Diario1\" \/>\n<meta name=\"twitter:card\" content=\"summary_large_image\" \/>\n<meta name=\"twitter:creator\" content=\"@eltextual\" \/>\n<meta name=\"twitter:site\" content=\"@eltextual\" \/>\n<meta name=\"twitter:label1\" content=\"Escrito por\" \/>\n\t<meta name=\"twitter:data1\" content=\"Diario1 Diario1\" \/>\n\t<meta name=\"twitter:label2\" content=\"Tiempo de lectura\" \/>\n\t<meta name=\"twitter:data2\" content=\"3 minutos\" \/>\n<script type=\"application\/ld+json\" class=\"yoast-schema-graph\">{\"@context\":\"https:\\\/\\\/schema.org\",\"@graph\":[{\"@type\":\"Article\",\"@id\":\"https:\\\/\\\/diariotextual.com\\\/inicio\\\/index.php\\\/2023\\\/07\\\/21\\\/el-gasoducto-kirchner-empezara-a-entregar-gas-en-una-semana\\\/#article\",\"isPartOf\":{\"@id\":\"https:\\\/\\\/diariotextual.com\\\/inicio\\\/index.php\\\/2023\\\/07\\\/21\\\/el-gasoducto-kirchner-empezara-a-entregar-gas-en-una-semana\\\/\"},\"author\":{\"name\":\"Diario1 Diario1\",\"@id\":\"https:\\\/\\\/diariotextual.com\\\/inicio\\\/#\\\/schema\\\/person\\\/418fc4093c33e86ed41562db3508f958\"},\"headline\":\"El Gasoducto Kirchner empezar\u00e1 a entregar gas en una semana\",\"datePublished\":\"2023-07-22T01:21:04+00:00\",\"dateModified\":\"2023-07-23T22:20:46+00:00\",\"mainEntityOfPage\":{\"@id\":\"https:\\\/\\\/diariotextual.com\\\/inicio\\\/index.php\\\/2023\\\/07\\\/21\\\/el-gasoducto-kirchner-empezara-a-entregar-gas-en-una-semana\\\/\"},\"wordCount\":524,\"publisher\":{\"@id\":\"https:\\\/\\\/diariotextual.com\\\/inicio\\\/#organization\"},\"image\":{\"@id\":\"https:\\\/\\\/diariotextual.com\\\/inicio\\\/index.php\\\/2023\\\/07\\\/21\\\/el-gasoducto-kirchner-empezara-a-entregar-gas-en-una-semana\\\/#primaryimage\"},\"thumbnailUrl\":\"https:\\\/\\\/diariotextual.com\\\/inicio\\\/wp-content\\\/uploads\\\/2023\\\/07\\\/gasoductokirchnertelam2023-01.jpg\",\"articleSection\":[\"A - QUE PASA (al costado)\",\"SOCIEDAD\"],\"inLanguage\":\"es\"},{\"@type\":\"WebPage\",\"@id\":\"https:\\\/\\\/diariotextual.com\\\/inicio\\\/index.php\\\/2023\\\/07\\\/21\\\/el-gasoducto-kirchner-empezara-a-entregar-gas-en-una-semana\\\/\",\"url\":\"https:\\\/\\\/diariotextual.com\\\/inicio\\\/index.php\\\/2023\\\/07\\\/21\\\/el-gasoducto-kirchner-empezara-a-entregar-gas-en-una-semana\\\/\",\"name\":\"El Gasoducto Kirchner empezar\u00e1 a entregar gas en una semana - Diario Textual\",\"isPartOf\":{\"@id\":\"https:\\\/\\\/diariotextual.com\\\/inicio\\\/#website\"},\"primaryImageOfPage\":{\"@id\":\"https:\\\/\\\/diariotextual.com\\\/inicio\\\/index.php\\\/2023\\\/07\\\/21\\\/el-gasoducto-kirchner-empezara-a-entregar-gas-en-una-semana\\\/#primaryimage\"},\"image\":{\"@id\":\"https:\\\/\\\/diariotextual.com\\\/inicio\\\/index.php\\\/2023\\\/07\\\/21\\\/el-gasoducto-kirchner-empezara-a-entregar-gas-en-una-semana\\\/#primaryimage\"},\"thumbnailUrl\":\"https:\\\/\\\/diariotextual.com\\\/inicio\\\/wp-content\\\/uploads\\\/2023\\\/07\\\/gasoductokirchnertelam2023-01.jpg\",\"datePublished\":\"2023-07-22T01:21:04+00:00\",\"dateModified\":\"2023-07-23T22:20:46+00:00\",\"breadcrumb\":{\"@id\":\"https:\\\/\\\/diariotextual.com\\\/inicio\\\/index.php\\\/2023\\\/07\\\/21\\\/el-gasoducto-kirchner-empezara-a-entregar-gas-en-una-semana\\\/#breadcrumb\"},\"inLanguage\":\"es\",\"potentialAction\":[{\"@type\":\"ReadAction\",\"target\":[\"https:\\\/\\\/diariotextual.com\\\/inicio\\\/index.php\\\/2023\\\/07\\\/21\\\/el-gasoducto-kirchner-empezara-a-entregar-gas-en-una-semana\\\/\"]}]},{\"@type\":\"ImageObject\",\"inLanguage\":\"es\",\"@id\":\"https:\\\/\\\/diariotextual.com\\\/inicio\\\/index.php\\\/2023\\\/07\\\/21\\\/el-gasoducto-kirchner-empezara-a-entregar-gas-en-una-semana\\\/#primaryimage\",\"url\":\"https:\\\/\\\/diariotextual.com\\\/inicio\\\/wp-content\\\/uploads\\\/2023\\\/07\\\/gasoductokirchnertelam2023-01.jpg\",\"contentUrl\":\"https:\\\/\\\/diariotextual.com\\\/inicio\\\/wp-content\\\/uploads\\\/2023\\\/07\\\/gasoductokirchnertelam2023-01.jpg\",\"width\":1100,\"height\":619},{\"@type\":\"BreadcrumbList\",\"@id\":\"https:\\\/\\\/diariotextual.com\\\/inicio\\\/index.php\\\/2023\\\/07\\\/21\\\/el-gasoducto-kirchner-empezara-a-entregar-gas-en-una-semana\\\/#breadcrumb\",\"itemListElement\":[{\"@type\":\"ListItem\",\"position\":1,\"name\":\"Portada\",\"item\":\"https:\\\/\\\/diariotextual.com\\\/inicio\\\/\"},{\"@type\":\"ListItem\",\"position\":2,\"name\":\"El Gasoducto Kirchner empezar\u00e1 a entregar gas en una semana\"}]},{\"@type\":\"WebSite\",\"@id\":\"https:\\\/\\\/diariotextual.com\\\/inicio\\\/#website\",\"url\":\"https:\\\/\\\/diariotextual.com\\\/inicio\\\/\",\"name\":\"Diario Textual\",\"description\":\"\",\"publisher\":{\"@id\":\"https:\\\/\\\/diariotextual.com\\\/inicio\\\/#organization\"},\"potentialAction\":[{\"@type\":\"SearchAction\",\"target\":{\"@type\":\"EntryPoint\",\"urlTemplate\":\"https:\\\/\\\/diariotextual.com\\\/inicio\\\/?s={search_term_string}\"},\"query-input\":{\"@type\":\"PropertyValueSpecification\",\"valueRequired\":true,\"valueName\":\"search_term_string\"}}],\"inLanguage\":\"es\"},{\"@type\":\"Organization\",\"@id\":\"https:\\\/\\\/diariotextual.com\\\/inicio\\\/#organization\",\"name\":\"Diario Textual\",\"url\":\"https:\\\/\\\/diariotextual.com\\\/inicio\\\/\",\"logo\":{\"@type\":\"ImageObject\",\"inLanguage\":\"es\",\"@id\":\"https:\\\/\\\/diariotextual.com\\\/inicio\\\/#\\\/schema\\\/logo\\\/image\\\/\",\"url\":\"https:\\\/\\\/diariotextual.com\\\/inicio\\\/wp-content\\\/uploads\\\/2023\\\/05\\\/logotextual1.jpg\",\"contentUrl\":\"https:\\\/\\\/diariotextual.com\\\/inicio\\\/wp-content\\\/uploads\\\/2023\\\/05\\\/logotextual1.jpg\",\"width\":516,\"height\":76,\"caption\":\"Diario Textual\"},\"image\":{\"@id\":\"https:\\\/\\\/diariotextual.com\\\/inicio\\\/#\\\/schema\\\/logo\\\/image\\\/\"},\"sameAs\":[\"https:\\\/\\\/www.facebook.com\\\/eltextual\",\"https:\\\/\\\/x.com\\\/eltextual\",\"http:\\\/\\\/www.instagram.com\\\/eltextual\"]},{\"@type\":\"Person\",\"@id\":\"https:\\\/\\\/diariotextual.com\\\/inicio\\\/#\\\/schema\\\/person\\\/418fc4093c33e86ed41562db3508f958\",\"name\":\"Diario1 Diario1\",\"image\":{\"@type\":\"ImageObject\",\"inLanguage\":\"es\",\"@id\":\"https:\\\/\\\/secure.gravatar.com\\\/avatar\\\/9167d280179c85bc18be67aa7eda765854300033af4896dd779b608640f2ef7a?s=96&d=mm&r=g\",\"url\":\"https:\\\/\\\/secure.gravatar.com\\\/avatar\\\/9167d280179c85bc18be67aa7eda765854300033af4896dd779b608640f2ef7a?s=96&d=mm&r=g\",\"contentUrl\":\"https:\\\/\\\/secure.gravatar.com\\\/avatar\\\/9167d280179c85bc18be67aa7eda765854300033af4896dd779b608640f2ef7a?s=96&d=mm&r=g\",\"caption\":\"Diario1 Diario1\"},\"url\":\"https:\\\/\\\/diariotextual.com\\\/inicio\\\/index.php\\\/author\\\/diario1\\\/\"}]}<\/script>\n<!-- \/ Yoast SEO plugin. -->","yoast_head_json":{"title":"El Gasoducto Kirchner empezar\u00e1 a entregar gas en una semana - Diario Textual","robots":{"index":"index","follow":"follow","max-snippet":"max-snippet:-1","max-image-preview":"max-image-preview:large","max-video-preview":"max-video-preview:-1"},"canonical":"https:\/\/diariotextual.com\/inicio\/index.php\/2023\/07\/21\/el-gasoducto-kirchner-empezara-a-entregar-gas-en-una-semana\/","og_locale":"es_ES","og_type":"article","og_title":"El Gasoducto Kirchner empezar\u00e1 a entregar gas en una semana - Diario Textual","og_description":"La empresa estatal Energ\u00eda Argentina inform\u00f3 este viernes que contin\u00faa el llenado del Gasoducto Presidente N\u00e9stor Kirchner y que este proceso finalizar\u00e1 la pr\u00f3xima semana, con lo que de ah\u00ed&hellip;","og_url":"https:\/\/diariotextual.com\/inicio\/index.php\/2023\/07\/21\/el-gasoducto-kirchner-empezara-a-entregar-gas-en-una-semana\/","og_site_name":"Diario Textual","article_publisher":"https:\/\/www.facebook.com\/eltextual","article_published_time":"2023-07-22T01:21:04+00:00","article_modified_time":"2023-07-23T22:20:46+00:00","og_image":[{"width":1100,"height":619,"url":"https:\/\/diariotextual.com\/inicio\/wp-content\/uploads\/2023\/07\/gasoductokirchnertelam2023-01.jpg","type":"image\/jpeg"}],"author":"Diario1 Diario1","twitter_card":"summary_large_image","twitter_creator":"@eltextual","twitter_site":"@eltextual","twitter_misc":{"Escrito por":"Diario1 Diario1","Tiempo de lectura":"3 minutos"},"schema":{"@context":"https:\/\/schema.org","@graph":[{"@type":"Article","@id":"https:\/\/diariotextual.com\/inicio\/index.php\/2023\/07\/21\/el-gasoducto-kirchner-empezara-a-entregar-gas-en-una-semana\/#article","isPartOf":{"@id":"https:\/\/diariotextual.com\/inicio\/index.php\/2023\/07\/21\/el-gasoducto-kirchner-empezara-a-entregar-gas-en-una-semana\/"},"author":{"name":"Diario1 Diario1","@id":"https:\/\/diariotextual.com\/inicio\/#\/schema\/person\/418fc4093c33e86ed41562db3508f958"},"headline":"El Gasoducto Kirchner empezar\u00e1 a entregar gas en una semana","datePublished":"2023-07-22T01:21:04+00:00","dateModified":"2023-07-23T22:20:46+00:00","mainEntityOfPage":{"@id":"https:\/\/diariotextual.com\/inicio\/index.php\/2023\/07\/21\/el-gasoducto-kirchner-empezara-a-entregar-gas-en-una-semana\/"},"wordCount":524,"publisher":{"@id":"https:\/\/diariotextual.com\/inicio\/#organization"},"image":{"@id":"https:\/\/diariotextual.com\/inicio\/index.php\/2023\/07\/21\/el-gasoducto-kirchner-empezara-a-entregar-gas-en-una-semana\/#primaryimage"},"thumbnailUrl":"https:\/\/diariotextual.com\/inicio\/wp-content\/uploads\/2023\/07\/gasoductokirchnertelam2023-01.jpg","articleSection":["A - QUE PASA (al costado)","SOCIEDAD"],"inLanguage":"es"},{"@type":"WebPage","@id":"https:\/\/diariotextual.com\/inicio\/index.php\/2023\/07\/21\/el-gasoducto-kirchner-empezara-a-entregar-gas-en-una-semana\/","url":"https:\/\/diariotextual.com\/inicio\/index.php\/2023\/07\/21\/el-gasoducto-kirchner-empezara-a-entregar-gas-en-una-semana\/","name":"El Gasoducto Kirchner empezar\u00e1 a entregar gas en una semana - Diario Textual","isPartOf":{"@id":"https:\/\/diariotextual.com\/inicio\/#website"},"primaryImageOfPage":{"@id":"https:\/\/diariotextual.com\/inicio\/index.php\/2023\/07\/21\/el-gasoducto-kirchner-empezara-a-entregar-gas-en-una-semana\/#primaryimage"},"image":{"@id":"https:\/\/diariotextual.com\/inicio\/index.php\/2023\/07\/21\/el-gasoducto-kirchner-empezara-a-entregar-gas-en-una-semana\/#primaryimage"},"thumbnailUrl":"https:\/\/diariotextual.com\/inicio\/wp-content\/uploads\/2023\/07\/gasoductokirchnertelam2023-01.jpg","datePublished":"2023-07-22T01:21:04+00:00","dateModified":"2023-07-23T22:20:46+00:00","breadcrumb":{"@id":"https:\/\/diariotextual.com\/inicio\/index.php\/2023\/07\/21\/el-gasoducto-kirchner-empezara-a-entregar-gas-en-una-semana\/#breadcrumb"},"inLanguage":"es","potentialAction":[{"@type":"ReadAction","target":["https:\/\/diariotextual.com\/inicio\/index.php\/2023\/07\/21\/el-gasoducto-kirchner-empezara-a-entregar-gas-en-una-semana\/"]}]},{"@type":"ImageObject","inLanguage":"es","@id":"https:\/\/diariotextual.com\/inicio\/index.php\/2023\/07\/21\/el-gasoducto-kirchner-empezara-a-entregar-gas-en-una-semana\/#primaryimage","url":"https:\/\/diariotextual.com\/inicio\/wp-content\/uploads\/2023\/07\/gasoductokirchnertelam2023-01.jpg","contentUrl":"https:\/\/diariotextual.com\/inicio\/wp-content\/uploads\/2023\/07\/gasoductokirchnertelam2023-01.jpg","width":1100,"height":619},{"@type":"BreadcrumbList","@id":"https:\/\/diariotextual.com\/inicio\/index.php\/2023\/07\/21\/el-gasoducto-kirchner-empezara-a-entregar-gas-en-una-semana\/#breadcrumb","itemListElement":[{"@type":"ListItem","position":1,"name":"Portada","item":"https:\/\/diariotextual.com\/inicio\/"},{"@type":"ListItem","position":2,"name":"El Gasoducto Kirchner empezar\u00e1 a entregar gas en una semana"}]},{"@type":"WebSite","@id":"https:\/\/diariotextual.com\/inicio\/#website","url":"https:\/\/diariotextual.com\/inicio\/","name":"Diario Textual","description":"","publisher":{"@id":"https:\/\/diariotextual.com\/inicio\/#organization"},"potentialAction":[{"@type":"SearchAction","target":{"@type":"EntryPoint","urlTemplate":"https:\/\/diariotextual.com\/inicio\/?s={search_term_string}"},"query-input":{"@type":"PropertyValueSpecification","valueRequired":true,"valueName":"search_term_string"}}],"inLanguage":"es"},{"@type":"Organization","@id":"https:\/\/diariotextual.com\/inicio\/#organization","name":"Diario Textual","url":"https:\/\/diariotextual.com\/inicio\/","logo":{"@type":"ImageObject","inLanguage":"es","@id":"https:\/\/diariotextual.com\/inicio\/#\/schema\/logo\/image\/","url":"https:\/\/diariotextual.com\/inicio\/wp-content\/uploads\/2023\/05\/logotextual1.jpg","contentUrl":"https:\/\/diariotextual.com\/inicio\/wp-content\/uploads\/2023\/05\/logotextual1.jpg","width":516,"height":76,"caption":"Diario Textual"},"image":{"@id":"https:\/\/diariotextual.com\/inicio\/#\/schema\/logo\/image\/"},"sameAs":["https:\/\/www.facebook.com\/eltextual","https:\/\/x.com\/eltextual","http:\/\/www.instagram.com\/eltextual"]},{"@type":"Person","@id":"https:\/\/diariotextual.com\/inicio\/#\/schema\/person\/418fc4093c33e86ed41562db3508f958","name":"Diario1 Diario1","image":{"@type":"ImageObject","inLanguage":"es","@id":"https:\/\/secure.gravatar.com\/avatar\/9167d280179c85bc18be67aa7eda765854300033af4896dd779b608640f2ef7a?s=96&d=mm&r=g","url":"https:\/\/secure.gravatar.com\/avatar\/9167d280179c85bc18be67aa7eda765854300033af4896dd779b608640f2ef7a?s=96&d=mm&r=g","contentUrl":"https:\/\/secure.gravatar.com\/avatar\/9167d280179c85bc18be67aa7eda765854300033af4896dd779b608640f2ef7a?s=96&d=mm&r=g","caption":"Diario1 Diario1"},"url":"https:\/\/diariotextual.com\/inicio\/index.php\/author\/diario1\/"}]}},"_links":{"self":[{"href":"https:\/\/diariotextual.com\/inicio\/index.php\/wp-json\/wp\/v2\/posts\/231502","targetHints":{"allow":["GET"]}}],"collection":[{"href":"https:\/\/diariotextual.com\/inicio\/index.php\/wp-json\/wp\/v2\/posts"}],"about":[{"href":"https:\/\/diariotextual.com\/inicio\/index.php\/wp-json\/wp\/v2\/types\/post"}],"author":[{"embeddable":true,"href":"https:\/\/diariotextual.com\/inicio\/index.php\/wp-json\/wp\/v2\/users\/3"}],"replies":[{"embeddable":true,"href":"https:\/\/diariotextual.com\/inicio\/index.php\/wp-json\/wp\/v2\/comments?post=231502"}],"version-history":[{"count":2,"href":"https:\/\/diariotextual.com\/inicio\/index.php\/wp-json\/wp\/v2\/posts\/231502\/revisions"}],"predecessor-version":[{"id":231505,"href":"https:\/\/diariotextual.com\/inicio\/index.php\/wp-json\/wp\/v2\/posts\/231502\/revisions\/231505"}],"wp:featuredmedia":[{"embeddable":true,"href":"https:\/\/diariotextual.com\/inicio\/index.php\/wp-json\/wp\/v2\/media\/231504"}],"wp:attachment":[{"href":"https:\/\/diariotextual.com\/inicio\/index.php\/wp-json\/wp\/v2\/media?parent=231502"}],"wp:term":[{"taxonomy":"category","embeddable":true,"href":"https:\/\/diariotextual.com\/inicio\/index.php\/wp-json\/wp\/v2\/categories?post=231502"},{"taxonomy":"post_tag","embeddable":true,"href":"https:\/\/diariotextual.com\/inicio\/index.php\/wp-json\/wp\/v2\/tags?post=231502"}],"curies":[{"name":"wp","href":"https:\/\/api.w.org\/{rel}","templated":true}]}}