{"id":231565,"date":"2023-07-22T18:57:46","date_gmt":"2023-07-22T21:57:46","guid":{"rendered":"https:\/\/diariotextual.com\/inicio\/?p=231565"},"modified":"2023-07-23T09:56:01","modified_gmt":"2023-07-23T12:56:01","slug":"nueva-carta-de-marcela-acuna-desde-la-carcel-exigio-poder-ver-a-su-familia-y-dar-entrevistas","status":"publish","type":"post","link":"https:\/\/diariotextual.com\/inicio\/index.php\/2023\/07\/22\/nueva-carta-de-marcela-acuna-desde-la-carcel-exigio-poder-ver-a-su-familia-y-dar-entrevistas\/","title":{"rendered":"Nueva carta de Marcela Acu\u00f1a desde la c\u00e1rcel: exigi\u00f3 poder ver a su familia y dar entrevistas"},"content":{"rendered":"\n<p><strong>Marcela Acu\u00f1a<\/strong>, la esposa del l\u00edder piquetero chaque\u00f1o<strong> Emerenciano Sena<\/strong>, afirm\u00f3 que tanto ella como su marido son \u201cinocentes que se est\u00e1n muriendo encerrados\u201d por el femicidio de <strong>Cecilia Strzyzowski <\/strong>y exigi\u00f3 poder ver a su familia, usar un celular y dar entrevistas a la prensa, ya que denunci\u00f3 que est\u00e1 \u201ccercenada en derechos b\u00e1sicos\u201d.<\/p>\n\n\n\n<p>La madre de C\u00e9sar Sena, principal acusado por el femicidio y la desaparici\u00f3n de la joven Cecilia Strzyzowski, envi\u00f3 una carta al fiscal Jorge C\u00e1ceres Olivera y plante\u00f3 una serie de reclamos.<\/p>\n\n\n\n<p>\u201cMe dirijo a ustedes para insistir en el pedido que realizaran tanto mi abogada, como los abogados de mi marido Emerenciano Sena y mi hijo C\u00e9sar Mario Alejandro Sena, de poder&nbsp;<strong>acceder a ver a mi familia considerando que hace m\u00e1s de un mes no he tenido contacto con ellos<\/strong>&nbsp;y si bien estoy privada de mi libertad, siglo 2023, no estoy vulnerada en mis otros derechos que al parecer as\u00ed es ya que a comparaci\u00f3n con otros detenidos,&nbsp;<strong>sigo cercenada en derechos b\u00e1sicos de personas que se hallan en situaci\u00f3n de encierro<\/strong>\u201d, se\u00f1al\u00f3 la mujer.<\/p>\n\n\n\n<p>\u201c<strong>El derecho a ver a mi marido que se halla enfermo \u00a1es un derecho humano universal! como el de ver a mi hijo<\/strong>. \u00a1S\u00f3lo la dictadura genocida militar del 76 ha actuado de esa manera en momentos donde la Constituci\u00f3n Nacional fue sacada y avasallada! Hoy estamos en \u00b4democracia\u00b4, pero al parecer no llega a la Fiscal\u00eda 4, que act\u00faa dando \u00f3rdenes de reducirnos a \u00b4cosas\u00b4, no tratarnos como \u00b4personas\u00b4 que simplemente atravesamos un proceso investigativos\u201d, dijo, seg\u00fan la carta a la que accedi\u00f3 Noticias Argentinas.<\/p>\n\n\n\n<p>Nuevamente, Acu\u00f1a se deslig\u00f3 del femicidio y la desaparici\u00f3n de su nuera. \u201cSi bien&nbsp;<strong>tanto Emerenciano como yo somos inocentes<\/strong>, a las pruebas me remito, el trato que recibimos es no s\u00f3lo inadecuado, sino que no es acorde a derecho\u201d, dijo.<\/p>\n\n\n\n<p>\u201cEmerenciano est\u00e1 enfermo, lo plante\u00e9 con una huelga de hambre de 25 d\u00edas, que afect\u00f3 mi salud, en la cual tambi\u00e9n ped\u00eda que se tenga&nbsp;<strong>tratos humanitarios con nosotros<\/strong>&nbsp;y no el padecimiento de suplicios como al parecer decidieron y tomen medidas del medioevo\u201d, lanz\u00f3 la detenida.<\/p>\n\n\n\n<p>\u201cIndudablemente, los art\u00edculos de la Constituci\u00f3n Nacional, del Pacto de San Jos\u00e9 de Costa Rica, las resoluciones de Seguridad en materia de derechos humanos y mucha legislaci\u00f3n m\u00e1s a ustedes como \u00b4grupo\u00b4 de fiscales no les interesa, como&nbsp;<strong>tampoco les interesa tener inocentes que se est\u00e1n muriendo encerrados y alejados de sus afectos por un capricho de sus partes<\/strong>\u201d, dijo.<\/p>\n\n\n\n<p>\u201c<strong>Que la prensa pueda acceder con el permiso correspondiente de la Fiscal\u00eda o de la Comisar\u00eda, hacer notar y\/o entrevistas<\/strong>, as\u00ed como ustedes no deber\u00edan y lo hacen, a m\u00ed me asiste el derecho si se solicita de hacer entrevistas, no estoy vedada, pero al parecer s\u00ed\u201d, continu\u00f3.<\/p>\n\n\n\n<p>La esposa del l\u00edder piquetero chaque\u00f1o tambi\u00e9n exigi\u00f3 \u201cel&nbsp;<strong>ingreso de material informativo y de lectura de todo tipo, como diarios y revistas, adem\u00e1s de libros\u201d<\/strong> y \u201cacceder a&nbsp;<strong>poder caminar 20 minutos por un espacio<\/strong>, aunque sea chico\u201d.<\/p>\n\n\n\n<p><strong>\u201cEn definitiva, los derechos que tienen la mayor\u00eda de los detenidos que indudablemente no tengo\u201d<\/strong>, resumi\u00f3.<\/p>\n\n\n\n<p><strong>\u201cEsperemos a la brevedad tener una respuestas acorde a derecho<\/strong>&nbsp;y que el suplicio no sea tomado desde su Fiscal\u00eda, que parad\u00f3jicamente es \u00b4contra la violencia de g\u00e9nero\u00b4, que no tome la costumbre de hacer lo que hacen con nosotros de&nbsp;<strong>usarnos como ritual pol\u00edtico<\/strong>\u201d, concluy\u00f3.<\/p>\n\n\n\n<p><\/p>\n","protected":false},"excerpt":{"rendered":"<p>Marcela Acu\u00f1a, la esposa del l\u00edder piquetero chaque\u00f1o Emerenciano Sena, afirm\u00f3 que tanto ella como su marido son \u201cinocentes que se est\u00e1n muriendo encerrados\u201d por el femicidio de Cecilia Strzyzowski&hellip;<\/p>\n","protected":false},"author":3,"featured_media":230072,"comment_status":"closed","ping_status":"open","sticky":false,"template":"","format":"standard","meta":{"_acf_changed":false,"footnotes":""},"categories":[1,12],"tags":[],"class_list":["post-231565","post","type-post","status-publish","format-standard","has-post-thumbnail","hentry","category-es-noticia","category-sociedad"],"acf":[],"yoast_head":"<!-- This site is optimized with the Yoast SEO plugin v27.5 - https:\/\/yoast.com\/product\/yoast-seo-wordpress\/ -->\n<title>Nueva carta de Marcela Acu\u00f1a desde la c\u00e1rcel: exigi\u00f3 poder ver a su familia y dar entrevistas - Diario Textual<\/title>\n<meta name=\"robots\" content=\"index, follow, max-snippet:-1, max-image-preview:large, max-video-preview:-1\" \/>\n<link rel=\"canonical\" href=\"https:\/\/diariotextual.com\/inicio\/index.php\/2023\/07\/22\/nueva-carta-de-marcela-acuna-desde-la-carcel-exigio-poder-ver-a-su-familia-y-dar-entrevistas\/\" \/>\n<meta property=\"og:locale\" content=\"es_ES\" \/>\n<meta property=\"og:type\" content=\"article\" \/>\n<meta property=\"og:title\" content=\"Nueva carta de Marcela Acu\u00f1a desde la c\u00e1rcel: exigi\u00f3 poder ver a su familia y dar entrevistas - Diario Textual\" \/>\n<meta property=\"og:description\" content=\"Marcela Acu\u00f1a, la esposa del l\u00edder piquetero chaque\u00f1o Emerenciano Sena, afirm\u00f3 que tanto ella como su marido son \u201cinocentes que se est\u00e1n muriendo encerrados\u201d por el femicidio de Cecilia Strzyzowski&hellip;\" \/>\n<meta property=\"og:url\" content=\"https:\/\/diariotextual.com\/inicio\/index.php\/2023\/07\/22\/nueva-carta-de-marcela-acuna-desde-la-carcel-exigio-poder-ver-a-su-familia-y-dar-entrevistas\/\" \/>\n<meta property=\"og:site_name\" content=\"Diario Textual\" \/>\n<meta property=\"article:publisher\" content=\"https:\/\/www.facebook.com\/eltextual\" \/>\n<meta property=\"article:published_time\" content=\"2023-07-22T21:57:46+00:00\" \/>\n<meta property=\"article:modified_time\" content=\"2023-07-23T12:56:01+00:00\" \/>\n<meta property=\"og:image\" content=\"https:\/\/diariotextual.com\/inicio\/wp-content\/uploads\/2023\/07\/casoceciliastrzyzowskisenamarcelaacuna2023-1.jpg\" \/>\n\t<meta property=\"og:image:width\" content=\"780\" \/>\n\t<meta property=\"og:image:height\" content=\"482\" \/>\n\t<meta property=\"og:image:type\" content=\"image\/jpeg\" \/>\n<meta name=\"author\" content=\"Diario1 Diario1\" \/>\n<meta name=\"twitter:card\" content=\"summary_large_image\" \/>\n<meta name=\"twitter:creator\" content=\"@eltextual\" \/>\n<meta name=\"twitter:site\" content=\"@eltextual\" \/>\n<meta name=\"twitter:label1\" content=\"Escrito por\" \/>\n\t<meta name=\"twitter:data1\" content=\"Diario1 Diario1\" \/>\n\t<meta name=\"twitter:label2\" content=\"Tiempo de lectura\" \/>\n\t<meta name=\"twitter:data2\" content=\"3 minutos\" \/>\n<script type=\"application\/ld+json\" class=\"yoast-schema-graph\">{\"@context\":\"https:\\\/\\\/schema.org\",\"@graph\":[{\"@type\":\"Article\",\"@id\":\"https:\\\/\\\/diariotextual.com\\\/inicio\\\/index.php\\\/2023\\\/07\\\/22\\\/nueva-carta-de-marcela-acuna-desde-la-carcel-exigio-poder-ver-a-su-familia-y-dar-entrevistas\\\/#article\",\"isPartOf\":{\"@id\":\"https:\\\/\\\/diariotextual.com\\\/inicio\\\/index.php\\\/2023\\\/07\\\/22\\\/nueva-carta-de-marcela-acuna-desde-la-carcel-exigio-poder-ver-a-su-familia-y-dar-entrevistas\\\/\"},\"author\":{\"name\":\"Diario1 Diario1\",\"@id\":\"https:\\\/\\\/diariotextual.com\\\/inicio\\\/#\\\/schema\\\/person\\\/418fc4093c33e86ed41562db3508f958\"},\"headline\":\"Nueva carta de Marcela Acu\u00f1a desde la c\u00e1rcel: exigi\u00f3 poder ver a su familia y dar entrevistas\",\"datePublished\":\"2023-07-22T21:57:46+00:00\",\"dateModified\":\"2023-07-23T12:56:01+00:00\",\"mainEntityOfPage\":{\"@id\":\"https:\\\/\\\/diariotextual.com\\\/inicio\\\/index.php\\\/2023\\\/07\\\/22\\\/nueva-carta-de-marcela-acuna-desde-la-carcel-exigio-poder-ver-a-su-familia-y-dar-entrevistas\\\/\"},\"wordCount\":634,\"publisher\":{\"@id\":\"https:\\\/\\\/diariotextual.com\\\/inicio\\\/#organization\"},\"image\":{\"@id\":\"https:\\\/\\\/diariotextual.com\\\/inicio\\\/index.php\\\/2023\\\/07\\\/22\\\/nueva-carta-de-marcela-acuna-desde-la-carcel-exigio-poder-ver-a-su-familia-y-dar-entrevistas\\\/#primaryimage\"},\"thumbnailUrl\":\"https:\\\/\\\/diariotextual.com\\\/inicio\\\/wp-content\\\/uploads\\\/2023\\\/07\\\/casoceciliastrzyzowskisenamarcelaacuna2023-1.jpg\",\"articleSection\":[\"A - ES NOTICIA (van abajo)\",\"SOCIEDAD\"],\"inLanguage\":\"es\"},{\"@type\":\"WebPage\",\"@id\":\"https:\\\/\\\/diariotextual.com\\\/inicio\\\/index.php\\\/2023\\\/07\\\/22\\\/nueva-carta-de-marcela-acuna-desde-la-carcel-exigio-poder-ver-a-su-familia-y-dar-entrevistas\\\/\",\"url\":\"https:\\\/\\\/diariotextual.com\\\/inicio\\\/index.php\\\/2023\\\/07\\\/22\\\/nueva-carta-de-marcela-acuna-desde-la-carcel-exigio-poder-ver-a-su-familia-y-dar-entrevistas\\\/\",\"name\":\"Nueva carta de Marcela Acu\u00f1a desde la c\u00e1rcel: exigi\u00f3 poder ver a su familia y dar entrevistas - Diario Textual\",\"isPartOf\":{\"@id\":\"https:\\\/\\\/diariotextual.com\\\/inicio\\\/#website\"},\"primaryImageOfPage\":{\"@id\":\"https:\\\/\\\/diariotextual.com\\\/inicio\\\/index.php\\\/2023\\\/07\\\/22\\\/nueva-carta-de-marcela-acuna-desde-la-carcel-exigio-poder-ver-a-su-familia-y-dar-entrevistas\\\/#primaryimage\"},\"image\":{\"@id\":\"https:\\\/\\\/diariotextual.com\\\/inicio\\\/index.php\\\/2023\\\/07\\\/22\\\/nueva-carta-de-marcela-acuna-desde-la-carcel-exigio-poder-ver-a-su-familia-y-dar-entrevistas\\\/#primaryimage\"},\"thumbnailUrl\":\"https:\\\/\\\/diariotextual.com\\\/inicio\\\/wp-content\\\/uploads\\\/2023\\\/07\\\/casoceciliastrzyzowskisenamarcelaacuna2023-1.jpg\",\"datePublished\":\"2023-07-22T21:57:46+00:00\",\"dateModified\":\"2023-07-23T12:56:01+00:00\",\"breadcrumb\":{\"@id\":\"https:\\\/\\\/diariotextual.com\\\/inicio\\\/index.php\\\/2023\\\/07\\\/22\\\/nueva-carta-de-marcela-acuna-desde-la-carcel-exigio-poder-ver-a-su-familia-y-dar-entrevistas\\\/#breadcrumb\"},\"inLanguage\":\"es\",\"potentialAction\":[{\"@type\":\"ReadAction\",\"target\":[\"https:\\\/\\\/diariotextual.com\\\/inicio\\\/index.php\\\/2023\\\/07\\\/22\\\/nueva-carta-de-marcela-acuna-desde-la-carcel-exigio-poder-ver-a-su-familia-y-dar-entrevistas\\\/\"]}]},{\"@type\":\"ImageObject\",\"inLanguage\":\"es\",\"@id\":\"https:\\\/\\\/diariotextual.com\\\/inicio\\\/index.php\\\/2023\\\/07\\\/22\\\/nueva-carta-de-marcela-acuna-desde-la-carcel-exigio-poder-ver-a-su-familia-y-dar-entrevistas\\\/#primaryimage\",\"url\":\"https:\\\/\\\/diariotextual.com\\\/inicio\\\/wp-content\\\/uploads\\\/2023\\\/07\\\/casoceciliastrzyzowskisenamarcelaacuna2023-1.jpg\",\"contentUrl\":\"https:\\\/\\\/diariotextual.com\\\/inicio\\\/wp-content\\\/uploads\\\/2023\\\/07\\\/casoceciliastrzyzowskisenamarcelaacuna2023-1.jpg\",\"width\":780,\"height\":482},{\"@type\":\"BreadcrumbList\",\"@id\":\"https:\\\/\\\/diariotextual.com\\\/inicio\\\/index.php\\\/2023\\\/07\\\/22\\\/nueva-carta-de-marcela-acuna-desde-la-carcel-exigio-poder-ver-a-su-familia-y-dar-entrevistas\\\/#breadcrumb\",\"itemListElement\":[{\"@type\":\"ListItem\",\"position\":1,\"name\":\"Portada\",\"item\":\"https:\\\/\\\/diariotextual.com\\\/inicio\\\/\"},{\"@type\":\"ListItem\",\"position\":2,\"name\":\"Nueva carta de Marcela Acu\u00f1a desde la c\u00e1rcel: exigi\u00f3 poder ver a su familia y dar entrevistas\"}]},{\"@type\":\"WebSite\",\"@id\":\"https:\\\/\\\/diariotextual.com\\\/inicio\\\/#website\",\"url\":\"https:\\\/\\\/diariotextual.com\\\/inicio\\\/\",\"name\":\"Diario Textual\",\"description\":\"\",\"publisher\":{\"@id\":\"https:\\\/\\\/diariotextual.com\\\/inicio\\\/#organization\"},\"potentialAction\":[{\"@type\":\"SearchAction\",\"target\":{\"@type\":\"EntryPoint\",\"urlTemplate\":\"https:\\\/\\\/diariotextual.com\\\/inicio\\\/?s={search_term_string}\"},\"query-input\":{\"@type\":\"PropertyValueSpecification\",\"valueRequired\":true,\"valueName\":\"search_term_string\"}}],\"inLanguage\":\"es\"},{\"@type\":\"Organization\",\"@id\":\"https:\\\/\\\/diariotextual.com\\\/inicio\\\/#organization\",\"name\":\"Diario Textual\",\"url\":\"https:\\\/\\\/diariotextual.com\\\/inicio\\\/\",\"logo\":{\"@type\":\"ImageObject\",\"inLanguage\":\"es\",\"@id\":\"https:\\\/\\\/diariotextual.com\\\/inicio\\\/#\\\/schema\\\/logo\\\/image\\\/\",\"url\":\"https:\\\/\\\/diariotextual.com\\\/inicio\\\/wp-content\\\/uploads\\\/2023\\\/05\\\/logotextual1.jpg\",\"contentUrl\":\"https:\\\/\\\/diariotextual.com\\\/inicio\\\/wp-content\\\/uploads\\\/2023\\\/05\\\/logotextual1.jpg\",\"width\":516,\"height\":76,\"caption\":\"Diario Textual\"},\"image\":{\"@id\":\"https:\\\/\\\/diariotextual.com\\\/inicio\\\/#\\\/schema\\\/logo\\\/image\\\/\"},\"sameAs\":[\"https:\\\/\\\/www.facebook.com\\\/eltextual\",\"https:\\\/\\\/x.com\\\/eltextual\",\"http:\\\/\\\/www.instagram.com\\\/eltextual\"]},{\"@type\":\"Person\",\"@id\":\"https:\\\/\\\/diariotextual.com\\\/inicio\\\/#\\\/schema\\\/person\\\/418fc4093c33e86ed41562db3508f958\",\"name\":\"Diario1 Diario1\",\"image\":{\"@type\":\"ImageObject\",\"inLanguage\":\"es\",\"@id\":\"https:\\\/\\\/secure.gravatar.com\\\/avatar\\\/9167d280179c85bc18be67aa7eda765854300033af4896dd779b608640f2ef7a?s=96&d=mm&r=g\",\"url\":\"https:\\\/\\\/secure.gravatar.com\\\/avatar\\\/9167d280179c85bc18be67aa7eda765854300033af4896dd779b608640f2ef7a?s=96&d=mm&r=g\",\"contentUrl\":\"https:\\\/\\\/secure.gravatar.com\\\/avatar\\\/9167d280179c85bc18be67aa7eda765854300033af4896dd779b608640f2ef7a?s=96&d=mm&r=g\",\"caption\":\"Diario1 Diario1\"},\"url\":\"https:\\\/\\\/diariotextual.com\\\/inicio\\\/index.php\\\/author\\\/diario1\\\/\"}]}<\/script>\n<!-- \/ Yoast SEO plugin. -->","yoast_head_json":{"title":"Nueva carta de Marcela Acu\u00f1a desde la c\u00e1rcel: exigi\u00f3 poder ver a su familia y dar entrevistas - Diario Textual","robots":{"index":"index","follow":"follow","max-snippet":"max-snippet:-1","max-image-preview":"max-image-preview:large","max-video-preview":"max-video-preview:-1"},"canonical":"https:\/\/diariotextual.com\/inicio\/index.php\/2023\/07\/22\/nueva-carta-de-marcela-acuna-desde-la-carcel-exigio-poder-ver-a-su-familia-y-dar-entrevistas\/","og_locale":"es_ES","og_type":"article","og_title":"Nueva carta de Marcela Acu\u00f1a desde la c\u00e1rcel: exigi\u00f3 poder ver a su familia y dar entrevistas - Diario Textual","og_description":"Marcela Acu\u00f1a, la esposa del l\u00edder piquetero chaque\u00f1o Emerenciano Sena, afirm\u00f3 que tanto ella como su marido son \u201cinocentes que se est\u00e1n muriendo encerrados\u201d por el femicidio de Cecilia Strzyzowski&hellip;","og_url":"https:\/\/diariotextual.com\/inicio\/index.php\/2023\/07\/22\/nueva-carta-de-marcela-acuna-desde-la-carcel-exigio-poder-ver-a-su-familia-y-dar-entrevistas\/","og_site_name":"Diario Textual","article_publisher":"https:\/\/www.facebook.com\/eltextual","article_published_time":"2023-07-22T21:57:46+00:00","article_modified_time":"2023-07-23T12:56:01+00:00","og_image":[{"width":780,"height":482,"url":"https:\/\/diariotextual.com\/inicio\/wp-content\/uploads\/2023\/07\/casoceciliastrzyzowskisenamarcelaacuna2023-1.jpg","type":"image\/jpeg"}],"author":"Diario1 Diario1","twitter_card":"summary_large_image","twitter_creator":"@eltextual","twitter_site":"@eltextual","twitter_misc":{"Escrito por":"Diario1 Diario1","Tiempo de lectura":"3 minutos"},"schema":{"@context":"https:\/\/schema.org","@graph":[{"@type":"Article","@id":"https:\/\/diariotextual.com\/inicio\/index.php\/2023\/07\/22\/nueva-carta-de-marcela-acuna-desde-la-carcel-exigio-poder-ver-a-su-familia-y-dar-entrevistas\/#article","isPartOf":{"@id":"https:\/\/diariotextual.com\/inicio\/index.php\/2023\/07\/22\/nueva-carta-de-marcela-acuna-desde-la-carcel-exigio-poder-ver-a-su-familia-y-dar-entrevistas\/"},"author":{"name":"Diario1 Diario1","@id":"https:\/\/diariotextual.com\/inicio\/#\/schema\/person\/418fc4093c33e86ed41562db3508f958"},"headline":"Nueva carta de Marcela Acu\u00f1a desde la c\u00e1rcel: exigi\u00f3 poder ver a su familia y dar entrevistas","datePublished":"2023-07-22T21:57:46+00:00","dateModified":"2023-07-23T12:56:01+00:00","mainEntityOfPage":{"@id":"https:\/\/diariotextual.com\/inicio\/index.php\/2023\/07\/22\/nueva-carta-de-marcela-acuna-desde-la-carcel-exigio-poder-ver-a-su-familia-y-dar-entrevistas\/"},"wordCount":634,"publisher":{"@id":"https:\/\/diariotextual.com\/inicio\/#organization"},"image":{"@id":"https:\/\/diariotextual.com\/inicio\/index.php\/2023\/07\/22\/nueva-carta-de-marcela-acuna-desde-la-carcel-exigio-poder-ver-a-su-familia-y-dar-entrevistas\/#primaryimage"},"thumbnailUrl":"https:\/\/diariotextual.com\/inicio\/wp-content\/uploads\/2023\/07\/casoceciliastrzyzowskisenamarcelaacuna2023-1.jpg","articleSection":["A - ES NOTICIA (van abajo)","SOCIEDAD"],"inLanguage":"es"},{"@type":"WebPage","@id":"https:\/\/diariotextual.com\/inicio\/index.php\/2023\/07\/22\/nueva-carta-de-marcela-acuna-desde-la-carcel-exigio-poder-ver-a-su-familia-y-dar-entrevistas\/","url":"https:\/\/diariotextual.com\/inicio\/index.php\/2023\/07\/22\/nueva-carta-de-marcela-acuna-desde-la-carcel-exigio-poder-ver-a-su-familia-y-dar-entrevistas\/","name":"Nueva carta de Marcela Acu\u00f1a desde la c\u00e1rcel: exigi\u00f3 poder ver a su familia y dar entrevistas - Diario Textual","isPartOf":{"@id":"https:\/\/diariotextual.com\/inicio\/#website"},"primaryImageOfPage":{"@id":"https:\/\/diariotextual.com\/inicio\/index.php\/2023\/07\/22\/nueva-carta-de-marcela-acuna-desde-la-carcel-exigio-poder-ver-a-su-familia-y-dar-entrevistas\/#primaryimage"},"image":{"@id":"https:\/\/diariotextual.com\/inicio\/index.php\/2023\/07\/22\/nueva-carta-de-marcela-acuna-desde-la-carcel-exigio-poder-ver-a-su-familia-y-dar-entrevistas\/#primaryimage"},"thumbnailUrl":"https:\/\/diariotextual.com\/inicio\/wp-content\/uploads\/2023\/07\/casoceciliastrzyzowskisenamarcelaacuna2023-1.jpg","datePublished":"2023-07-22T21:57:46+00:00","dateModified":"2023-07-23T12:56:01+00:00","breadcrumb":{"@id":"https:\/\/diariotextual.com\/inicio\/index.php\/2023\/07\/22\/nueva-carta-de-marcela-acuna-desde-la-carcel-exigio-poder-ver-a-su-familia-y-dar-entrevistas\/#breadcrumb"},"inLanguage":"es","potentialAction":[{"@type":"ReadAction","target":["https:\/\/diariotextual.com\/inicio\/index.php\/2023\/07\/22\/nueva-carta-de-marcela-acuna-desde-la-carcel-exigio-poder-ver-a-su-familia-y-dar-entrevistas\/"]}]},{"@type":"ImageObject","inLanguage":"es","@id":"https:\/\/diariotextual.com\/inicio\/index.php\/2023\/07\/22\/nueva-carta-de-marcela-acuna-desde-la-carcel-exigio-poder-ver-a-su-familia-y-dar-entrevistas\/#primaryimage","url":"https:\/\/diariotextual.com\/inicio\/wp-content\/uploads\/2023\/07\/casoceciliastrzyzowskisenamarcelaacuna2023-1.jpg","contentUrl":"https:\/\/diariotextual.com\/inicio\/wp-content\/uploads\/2023\/07\/casoceciliastrzyzowskisenamarcelaacuna2023-1.jpg","width":780,"height":482},{"@type":"BreadcrumbList","@id":"https:\/\/diariotextual.com\/inicio\/index.php\/2023\/07\/22\/nueva-carta-de-marcela-acuna-desde-la-carcel-exigio-poder-ver-a-su-familia-y-dar-entrevistas\/#breadcrumb","itemListElement":[{"@type":"ListItem","position":1,"name":"Portada","item":"https:\/\/diariotextual.com\/inicio\/"},{"@type":"ListItem","position":2,"name":"Nueva carta de Marcela Acu\u00f1a desde la c\u00e1rcel: exigi\u00f3 poder ver a su familia y dar entrevistas"}]},{"@type":"WebSite","@id":"https:\/\/diariotextual.com\/inicio\/#website","url":"https:\/\/diariotextual.com\/inicio\/","name":"Diario Textual","description":"","publisher":{"@id":"https:\/\/diariotextual.com\/inicio\/#organization"},"potentialAction":[{"@type":"SearchAction","target":{"@type":"EntryPoint","urlTemplate":"https:\/\/diariotextual.com\/inicio\/?s={search_term_string}"},"query-input":{"@type":"PropertyValueSpecification","valueRequired":true,"valueName":"search_term_string"}}],"inLanguage":"es"},{"@type":"Organization","@id":"https:\/\/diariotextual.com\/inicio\/#organization","name":"Diario Textual","url":"https:\/\/diariotextual.com\/inicio\/","logo":{"@type":"ImageObject","inLanguage":"es","@id":"https:\/\/diariotextual.com\/inicio\/#\/schema\/logo\/image\/","url":"https:\/\/diariotextual.com\/inicio\/wp-content\/uploads\/2023\/05\/logotextual1.jpg","contentUrl":"https:\/\/diariotextual.com\/inicio\/wp-content\/uploads\/2023\/05\/logotextual1.jpg","width":516,"height":76,"caption":"Diario Textual"},"image":{"@id":"https:\/\/diariotextual.com\/inicio\/#\/schema\/logo\/image\/"},"sameAs":["https:\/\/www.facebook.com\/eltextual","https:\/\/x.com\/eltextual","http:\/\/www.instagram.com\/eltextual"]},{"@type":"Person","@id":"https:\/\/diariotextual.com\/inicio\/#\/schema\/person\/418fc4093c33e86ed41562db3508f958","name":"Diario1 Diario1","image":{"@type":"ImageObject","inLanguage":"es","@id":"https:\/\/secure.gravatar.com\/avatar\/9167d280179c85bc18be67aa7eda765854300033af4896dd779b608640f2ef7a?s=96&d=mm&r=g","url":"https:\/\/secure.gravatar.com\/avatar\/9167d280179c85bc18be67aa7eda765854300033af4896dd779b608640f2ef7a?s=96&d=mm&r=g","contentUrl":"https:\/\/secure.gravatar.com\/avatar\/9167d280179c85bc18be67aa7eda765854300033af4896dd779b608640f2ef7a?s=96&d=mm&r=g","caption":"Diario1 Diario1"},"url":"https:\/\/diariotextual.com\/inicio\/index.php\/author\/diario1\/"}]}},"_links":{"self":[{"href":"https:\/\/diariotextual.com\/inicio\/index.php\/wp-json\/wp\/v2\/posts\/231565","targetHints":{"allow":["GET"]}}],"collection":[{"href":"https:\/\/diariotextual.com\/inicio\/index.php\/wp-json\/wp\/v2\/posts"}],"about":[{"href":"https:\/\/diariotextual.com\/inicio\/index.php\/wp-json\/wp\/v2\/types\/post"}],"author":[{"embeddable":true,"href":"https:\/\/diariotextual.com\/inicio\/index.php\/wp-json\/wp\/v2\/users\/3"}],"replies":[{"embeddable":true,"href":"https:\/\/diariotextual.com\/inicio\/index.php\/wp-json\/wp\/v2\/comments?post=231565"}],"version-history":[{"count":5,"href":"https:\/\/diariotextual.com\/inicio\/index.php\/wp-json\/wp\/v2\/posts\/231565\/revisions"}],"predecessor-version":[{"id":231577,"href":"https:\/\/diariotextual.com\/inicio\/index.php\/wp-json\/wp\/v2\/posts\/231565\/revisions\/231577"}],"wp:featuredmedia":[{"embeddable":true,"href":"https:\/\/diariotextual.com\/inicio\/index.php\/wp-json\/wp\/v2\/media\/230072"}],"wp:attachment":[{"href":"https:\/\/diariotextual.com\/inicio\/index.php\/wp-json\/wp\/v2\/media?parent=231565"}],"wp:term":[{"taxonomy":"category","embeddable":true,"href":"https:\/\/diariotextual.com\/inicio\/index.php\/wp-json\/wp\/v2\/categories?post=231565"},{"taxonomy":"post_tag","embeddable":true,"href":"https:\/\/diariotextual.com\/inicio\/index.php\/wp-json\/wp\/v2\/tags?post=231565"}],"curies":[{"name":"wp","href":"https:\/\/api.w.org\/{rel}","templated":true}]}}