{"id":231620,"date":"2023-07-24T07:06:37","date_gmt":"2023-07-24T10:06:37","guid":{"rendered":"https:\/\/diariotextual.com\/inicio\/?p=231620"},"modified":"2023-07-24T20:16:00","modified_gmt":"2023-07-24T23:16:00","slug":"ansiedad-en-la-adolescencia-se-transforma-en-un-problema-cuando-interfiere-en-la-vida-cotidiana","status":"publish","type":"post","link":"https:\/\/diariotextual.com\/inicio\/index.php\/2023\/07\/24\/ansiedad-en-la-adolescencia-se-transforma-en-un-problema-cuando-interfiere-en-la-vida-cotidiana\/","title":{"rendered":"Ansiedad en la adolescencia: \u201cSe transforma en un problema cuando interfiere en la vida cotidiana\u201d"},"content":{"rendered":"\n<p>La psic\u00f3loga <strong>Victoria Leduc<\/strong> explic\u00f3 en <strong>Radio Textual (LU 33)<\/strong> la problem\u00e1tica de la <strong>ansiedad en la adolescencia<\/strong>, qu\u00e9 hacer y c\u00f3mo tratarla. Sostuvo que \u201cse transforma en un problema cuando interfiere en la vida cotidiana\u201d.<\/p>\n\n\n\n<p>Luego de la pandemia, cada vez son m\u00e1s los adolescentes que la pasan mal por tener exceso de ansiedad. En los \u00faltimos a\u00f1os el n\u00famero de chicos y chicas con esta problem\u00e1tica aument\u00f3 notablemente.&nbsp;<\/p>\n\n\n\n<p>\u201cLa adolescencia es una etapa en que nos tenemos que desprender del mundo infantil, donde era todo m\u00e1s c\u00f3modo y seguro, para pasar a un proceso de mayor desarrollo y de b\u00fasqueda de su propia identidad. Ya eso acarrea un s\u00edndrome de la adolescencia, conductas que parecen patol\u00f3gicas pero que son esperables\u201d, explic\u00f3 Leduc.<\/p>\n\n\n\n<p>\u201cCuando hay exceso de ansiedad en esta etapa e interfiere en la vida cotidiana debemos estar alertas porque se transforma en un problema. Por ejemplo, cuando dejamos de hacer cosas que antes hac\u00edamos, cuando obstaculiza la actividad acad\u00e9mica y deportiva, cuando no podemos juntarnos con los amigos o no queremos salir de la casa, entre otros signos\u201d, puntualiz\u00f3.<\/p>\n\n\n\n<p>\u201cEstar alertas implica visibilizar y acompa\u00f1ar al adolescente ante estas situaciones. Obviamente estas conductas nos incomodan a veces, pero debemos ver estas cuestiones que interfieren en la vida para poder manejar este proceso. Porque tambi\u00e9n para los padres y madres son cambios\u201d, dijo.<\/p>\n\n\n\n<p>\u201cLa ansiedad ocupa el puesto 1. Cuando hay exceso sobrevienen angustias muy grandes. Es ah\u00ed donde hay que trabajar para que esa ansiedad no se vaya al cuerpo a trav\u00e9s de palpitaciones, mareos, dolores de cuerpo, sudoraci\u00f3n. Cuando eso se agrava, puede dar paso a una depresi\u00f3n\u201d, alert\u00f3.<\/p>\n\n\n\n<p>\u00bfQu\u00e9 hacer ante un cuadro de ansiedad en los adolescentes? Los especialistas recomiendan actividades simples que pueden ayudar a bajar esa ansiedad: dibujar, escribir, meditar, hablar con un amigo o persona de confianza, escuchar m\u00fasica, salir a caminar o cualquier tipo de actividad f\u00edsica.<\/p>\n\n\n\n<p>Cuanto antes se diagnostique, m\u00e1s f\u00e1cil ser\u00e1 de tratar.&nbsp;Con terapia cognitivo conductual y medicaci\u00f3n adecuada se sale adelante. Por eso,&nbsp;es muy importante hablar con los adolescentes,&nbsp;y si ellos no quieren hacerlo al menos estar cerca, presentes, para que no se sientan solos.<\/p>\n","protected":false},"excerpt":{"rendered":"<p>La psic\u00f3loga Victoria Leduc explic\u00f3 en Radio Textual (LU 33) la problem\u00e1tica de la ansiedad en la adolescencia, qu\u00e9 hacer y c\u00f3mo tratarla. Sostuvo que \u201cse transforma en un problema&hellip;<\/p>\n","protected":false},"author":7,"featured_media":231621,"comment_status":"closed","ping_status":"open","sticky":false,"template":"","format":"standard","meta":{"_acf_changed":false,"footnotes":""},"categories":[1,12],"tags":[],"class_list":["post-231620","post","type-post","status-publish","format-standard","has-post-thumbnail","hentry","category-es-noticia","category-sociedad"],"acf":[],"yoast_head":"<!-- This site is optimized with the Yoast SEO plugin v27.5 - https:\/\/yoast.com\/product\/yoast-seo-wordpress\/ -->\n<title>Ansiedad en la adolescencia: \u201cSe transforma en un problema cuando interfiere en la vida cotidiana\u201d - Diario Textual<\/title>\n<meta name=\"robots\" content=\"index, follow, max-snippet:-1, max-image-preview:large, max-video-preview:-1\" \/>\n<link rel=\"canonical\" href=\"https:\/\/diariotextual.com\/inicio\/index.php\/2023\/07\/24\/ansiedad-en-la-adolescencia-se-transforma-en-un-problema-cuando-interfiere-en-la-vida-cotidiana\/\" \/>\n<meta property=\"og:locale\" content=\"es_ES\" \/>\n<meta property=\"og:type\" content=\"article\" \/>\n<meta property=\"og:title\" content=\"Ansiedad en la adolescencia: \u201cSe transforma en un problema cuando interfiere en la vida cotidiana\u201d - Diario Textual\" \/>\n<meta property=\"og:description\" content=\"La psic\u00f3loga Victoria Leduc explic\u00f3 en Radio Textual (LU 33) la problem\u00e1tica de la ansiedad en la adolescencia, qu\u00e9 hacer y c\u00f3mo tratarla. Sostuvo que \u201cse transforma en un problema&hellip;\" \/>\n<meta property=\"og:url\" content=\"https:\/\/diariotextual.com\/inicio\/index.php\/2023\/07\/24\/ansiedad-en-la-adolescencia-se-transforma-en-un-problema-cuando-interfiere-en-la-vida-cotidiana\/\" \/>\n<meta property=\"og:site_name\" content=\"Diario Textual\" \/>\n<meta property=\"article:publisher\" content=\"https:\/\/www.facebook.com\/eltextual\" \/>\n<meta property=\"article:published_time\" content=\"2023-07-24T10:06:37+00:00\" \/>\n<meta property=\"article:modified_time\" content=\"2023-07-24T23:16:00+00:00\" \/>\n<meta property=\"og:image\" content=\"https:\/\/diariotextual.com\/inicio\/wp-content\/uploads\/2023\/07\/adolescente.jpg\" \/>\n\t<meta property=\"og:image:width\" content=\"841\" \/>\n\t<meta property=\"og:image:height\" content=\"470\" \/>\n\t<meta property=\"og:image:type\" content=\"image\/jpeg\" \/>\n<meta name=\"author\" content=\"diario5\" \/>\n<meta name=\"twitter:card\" content=\"summary_large_image\" \/>\n<meta name=\"twitter:creator\" content=\"@eltextual\" \/>\n<meta name=\"twitter:site\" content=\"@eltextual\" \/>\n<meta name=\"twitter:label1\" content=\"Escrito por\" \/>\n\t<meta name=\"twitter:data1\" content=\"diario5\" \/>\n\t<meta name=\"twitter:label2\" content=\"Tiempo de lectura\" \/>\n\t<meta name=\"twitter:data2\" content=\"2 minutos\" \/>\n<script type=\"application\/ld+json\" class=\"yoast-schema-graph\">{\"@context\":\"https:\\\/\\\/schema.org\",\"@graph\":[{\"@type\":\"Article\",\"@id\":\"https:\\\/\\\/diariotextual.com\\\/inicio\\\/index.php\\\/2023\\\/07\\\/24\\\/ansiedad-en-la-adolescencia-se-transforma-en-un-problema-cuando-interfiere-en-la-vida-cotidiana\\\/#article\",\"isPartOf\":{\"@id\":\"https:\\\/\\\/diariotextual.com\\\/inicio\\\/index.php\\\/2023\\\/07\\\/24\\\/ansiedad-en-la-adolescencia-se-transforma-en-un-problema-cuando-interfiere-en-la-vida-cotidiana\\\/\"},\"author\":{\"name\":\"diario5\",\"@id\":\"https:\\\/\\\/diariotextual.com\\\/inicio\\\/#\\\/schema\\\/person\\\/c7834961ad8b29b1d9cdbf4571299067\"},\"headline\":\"Ansiedad en la adolescencia: \u201cSe transforma en un problema cuando interfiere en la vida cotidiana\u201d\",\"datePublished\":\"2023-07-24T10:06:37+00:00\",\"dateModified\":\"2023-07-24T23:16:00+00:00\",\"mainEntityOfPage\":{\"@id\":\"https:\\\/\\\/diariotextual.com\\\/inicio\\\/index.php\\\/2023\\\/07\\\/24\\\/ansiedad-en-la-adolescencia-se-transforma-en-un-problema-cuando-interfiere-en-la-vida-cotidiana\\\/\"},\"wordCount\":403,\"publisher\":{\"@id\":\"https:\\\/\\\/diariotextual.com\\\/inicio\\\/#organization\"},\"image\":{\"@id\":\"https:\\\/\\\/diariotextual.com\\\/inicio\\\/index.php\\\/2023\\\/07\\\/24\\\/ansiedad-en-la-adolescencia-se-transforma-en-un-problema-cuando-interfiere-en-la-vida-cotidiana\\\/#primaryimage\"},\"thumbnailUrl\":\"https:\\\/\\\/diariotextual.com\\\/inicio\\\/wp-content\\\/uploads\\\/2023\\\/07\\\/adolescente.jpg\",\"articleSection\":[\"A - ES NOTICIA (van abajo)\",\"SOCIEDAD\"],\"inLanguage\":\"es\"},{\"@type\":\"WebPage\",\"@id\":\"https:\\\/\\\/diariotextual.com\\\/inicio\\\/index.php\\\/2023\\\/07\\\/24\\\/ansiedad-en-la-adolescencia-se-transforma-en-un-problema-cuando-interfiere-en-la-vida-cotidiana\\\/\",\"url\":\"https:\\\/\\\/diariotextual.com\\\/inicio\\\/index.php\\\/2023\\\/07\\\/24\\\/ansiedad-en-la-adolescencia-se-transforma-en-un-problema-cuando-interfiere-en-la-vida-cotidiana\\\/\",\"name\":\"Ansiedad en la adolescencia: \u201cSe transforma en un problema cuando interfiere en la vida cotidiana\u201d - Diario Textual\",\"isPartOf\":{\"@id\":\"https:\\\/\\\/diariotextual.com\\\/inicio\\\/#website\"},\"primaryImageOfPage\":{\"@id\":\"https:\\\/\\\/diariotextual.com\\\/inicio\\\/index.php\\\/2023\\\/07\\\/24\\\/ansiedad-en-la-adolescencia-se-transforma-en-un-problema-cuando-interfiere-en-la-vida-cotidiana\\\/#primaryimage\"},\"image\":{\"@id\":\"https:\\\/\\\/diariotextual.com\\\/inicio\\\/index.php\\\/2023\\\/07\\\/24\\\/ansiedad-en-la-adolescencia-se-transforma-en-un-problema-cuando-interfiere-en-la-vida-cotidiana\\\/#primaryimage\"},\"thumbnailUrl\":\"https:\\\/\\\/diariotextual.com\\\/inicio\\\/wp-content\\\/uploads\\\/2023\\\/07\\\/adolescente.jpg\",\"datePublished\":\"2023-07-24T10:06:37+00:00\",\"dateModified\":\"2023-07-24T23:16:00+00:00\",\"breadcrumb\":{\"@id\":\"https:\\\/\\\/diariotextual.com\\\/inicio\\\/index.php\\\/2023\\\/07\\\/24\\\/ansiedad-en-la-adolescencia-se-transforma-en-un-problema-cuando-interfiere-en-la-vida-cotidiana\\\/#breadcrumb\"},\"inLanguage\":\"es\",\"potentialAction\":[{\"@type\":\"ReadAction\",\"target\":[\"https:\\\/\\\/diariotextual.com\\\/inicio\\\/index.php\\\/2023\\\/07\\\/24\\\/ansiedad-en-la-adolescencia-se-transforma-en-un-problema-cuando-interfiere-en-la-vida-cotidiana\\\/\"]}]},{\"@type\":\"ImageObject\",\"inLanguage\":\"es\",\"@id\":\"https:\\\/\\\/diariotextual.com\\\/inicio\\\/index.php\\\/2023\\\/07\\\/24\\\/ansiedad-en-la-adolescencia-se-transforma-en-un-problema-cuando-interfiere-en-la-vida-cotidiana\\\/#primaryimage\",\"url\":\"https:\\\/\\\/diariotextual.com\\\/inicio\\\/wp-content\\\/uploads\\\/2023\\\/07\\\/adolescente.jpg\",\"contentUrl\":\"https:\\\/\\\/diariotextual.com\\\/inicio\\\/wp-content\\\/uploads\\\/2023\\\/07\\\/adolescente.jpg\",\"width\":841,\"height\":470},{\"@type\":\"BreadcrumbList\",\"@id\":\"https:\\\/\\\/diariotextual.com\\\/inicio\\\/index.php\\\/2023\\\/07\\\/24\\\/ansiedad-en-la-adolescencia-se-transforma-en-un-problema-cuando-interfiere-en-la-vida-cotidiana\\\/#breadcrumb\",\"itemListElement\":[{\"@type\":\"ListItem\",\"position\":1,\"name\":\"Portada\",\"item\":\"https:\\\/\\\/diariotextual.com\\\/inicio\\\/\"},{\"@type\":\"ListItem\",\"position\":2,\"name\":\"Ansiedad en la adolescencia: \u201cSe transforma en un problema cuando interfiere en la vida cotidiana\u201d\"}]},{\"@type\":\"WebSite\",\"@id\":\"https:\\\/\\\/diariotextual.com\\\/inicio\\\/#website\",\"url\":\"https:\\\/\\\/diariotextual.com\\\/inicio\\\/\",\"name\":\"Diario Textual\",\"description\":\"\",\"publisher\":{\"@id\":\"https:\\\/\\\/diariotextual.com\\\/inicio\\\/#organization\"},\"potentialAction\":[{\"@type\":\"SearchAction\",\"target\":{\"@type\":\"EntryPoint\",\"urlTemplate\":\"https:\\\/\\\/diariotextual.com\\\/inicio\\\/?s={search_term_string}\"},\"query-input\":{\"@type\":\"PropertyValueSpecification\",\"valueRequired\":true,\"valueName\":\"search_term_string\"}}],\"inLanguage\":\"es\"},{\"@type\":\"Organization\",\"@id\":\"https:\\\/\\\/diariotextual.com\\\/inicio\\\/#organization\",\"name\":\"Diario Textual\",\"url\":\"https:\\\/\\\/diariotextual.com\\\/inicio\\\/\",\"logo\":{\"@type\":\"ImageObject\",\"inLanguage\":\"es\",\"@id\":\"https:\\\/\\\/diariotextual.com\\\/inicio\\\/#\\\/schema\\\/logo\\\/image\\\/\",\"url\":\"https:\\\/\\\/diariotextual.com\\\/inicio\\\/wp-content\\\/uploads\\\/2023\\\/05\\\/logotextual1.jpg\",\"contentUrl\":\"https:\\\/\\\/diariotextual.com\\\/inicio\\\/wp-content\\\/uploads\\\/2023\\\/05\\\/logotextual1.jpg\",\"width\":516,\"height\":76,\"caption\":\"Diario Textual\"},\"image\":{\"@id\":\"https:\\\/\\\/diariotextual.com\\\/inicio\\\/#\\\/schema\\\/logo\\\/image\\\/\"},\"sameAs\":[\"https:\\\/\\\/www.facebook.com\\\/eltextual\",\"https:\\\/\\\/x.com\\\/eltextual\",\"http:\\\/\\\/www.instagram.com\\\/eltextual\"]},{\"@type\":\"Person\",\"@id\":\"https:\\\/\\\/diariotextual.com\\\/inicio\\\/#\\\/schema\\\/person\\\/c7834961ad8b29b1d9cdbf4571299067\",\"name\":\"diario5\",\"image\":{\"@type\":\"ImageObject\",\"inLanguage\":\"es\",\"@id\":\"https:\\\/\\\/secure.gravatar.com\\\/avatar\\\/948c893b847ca6df68216ead81b63f363408ec9b0f600fefc0641ce78613b111?s=96&d=mm&r=g\",\"url\":\"https:\\\/\\\/secure.gravatar.com\\\/avatar\\\/948c893b847ca6df68216ead81b63f363408ec9b0f600fefc0641ce78613b111?s=96&d=mm&r=g\",\"contentUrl\":\"https:\\\/\\\/secure.gravatar.com\\\/avatar\\\/948c893b847ca6df68216ead81b63f363408ec9b0f600fefc0641ce78613b111?s=96&d=mm&r=g\",\"caption\":\"diario5\"},\"url\":\"https:\\\/\\\/diariotextual.com\\\/inicio\\\/index.php\\\/author\\\/diario5\\\/\"}]}<\/script>\n<!-- \/ Yoast SEO plugin. -->","yoast_head_json":{"title":"Ansiedad en la adolescencia: \u201cSe transforma en un problema cuando interfiere en la vida cotidiana\u201d - Diario Textual","robots":{"index":"index","follow":"follow","max-snippet":"max-snippet:-1","max-image-preview":"max-image-preview:large","max-video-preview":"max-video-preview:-1"},"canonical":"https:\/\/diariotextual.com\/inicio\/index.php\/2023\/07\/24\/ansiedad-en-la-adolescencia-se-transforma-en-un-problema-cuando-interfiere-en-la-vida-cotidiana\/","og_locale":"es_ES","og_type":"article","og_title":"Ansiedad en la adolescencia: \u201cSe transforma en un problema cuando interfiere en la vida cotidiana\u201d - Diario Textual","og_description":"La psic\u00f3loga Victoria Leduc explic\u00f3 en Radio Textual (LU 33) la problem\u00e1tica de la ansiedad en la adolescencia, qu\u00e9 hacer y c\u00f3mo tratarla. Sostuvo que \u201cse transforma en un problema&hellip;","og_url":"https:\/\/diariotextual.com\/inicio\/index.php\/2023\/07\/24\/ansiedad-en-la-adolescencia-se-transforma-en-un-problema-cuando-interfiere-en-la-vida-cotidiana\/","og_site_name":"Diario Textual","article_publisher":"https:\/\/www.facebook.com\/eltextual","article_published_time":"2023-07-24T10:06:37+00:00","article_modified_time":"2023-07-24T23:16:00+00:00","og_image":[{"width":841,"height":470,"url":"https:\/\/diariotextual.com\/inicio\/wp-content\/uploads\/2023\/07\/adolescente.jpg","type":"image\/jpeg"}],"author":"diario5","twitter_card":"summary_large_image","twitter_creator":"@eltextual","twitter_site":"@eltextual","twitter_misc":{"Escrito por":"diario5","Tiempo de lectura":"2 minutos"},"schema":{"@context":"https:\/\/schema.org","@graph":[{"@type":"Article","@id":"https:\/\/diariotextual.com\/inicio\/index.php\/2023\/07\/24\/ansiedad-en-la-adolescencia-se-transforma-en-un-problema-cuando-interfiere-en-la-vida-cotidiana\/#article","isPartOf":{"@id":"https:\/\/diariotextual.com\/inicio\/index.php\/2023\/07\/24\/ansiedad-en-la-adolescencia-se-transforma-en-un-problema-cuando-interfiere-en-la-vida-cotidiana\/"},"author":{"name":"diario5","@id":"https:\/\/diariotextual.com\/inicio\/#\/schema\/person\/c7834961ad8b29b1d9cdbf4571299067"},"headline":"Ansiedad en la adolescencia: \u201cSe transforma en un problema cuando interfiere en la vida cotidiana\u201d","datePublished":"2023-07-24T10:06:37+00:00","dateModified":"2023-07-24T23:16:00+00:00","mainEntityOfPage":{"@id":"https:\/\/diariotextual.com\/inicio\/index.php\/2023\/07\/24\/ansiedad-en-la-adolescencia-se-transforma-en-un-problema-cuando-interfiere-en-la-vida-cotidiana\/"},"wordCount":403,"publisher":{"@id":"https:\/\/diariotextual.com\/inicio\/#organization"},"image":{"@id":"https:\/\/diariotextual.com\/inicio\/index.php\/2023\/07\/24\/ansiedad-en-la-adolescencia-se-transforma-en-un-problema-cuando-interfiere-en-la-vida-cotidiana\/#primaryimage"},"thumbnailUrl":"https:\/\/diariotextual.com\/inicio\/wp-content\/uploads\/2023\/07\/adolescente.jpg","articleSection":["A - ES NOTICIA (van abajo)","SOCIEDAD"],"inLanguage":"es"},{"@type":"WebPage","@id":"https:\/\/diariotextual.com\/inicio\/index.php\/2023\/07\/24\/ansiedad-en-la-adolescencia-se-transforma-en-un-problema-cuando-interfiere-en-la-vida-cotidiana\/","url":"https:\/\/diariotextual.com\/inicio\/index.php\/2023\/07\/24\/ansiedad-en-la-adolescencia-se-transforma-en-un-problema-cuando-interfiere-en-la-vida-cotidiana\/","name":"Ansiedad en la adolescencia: \u201cSe transforma en un problema cuando interfiere en la vida cotidiana\u201d - Diario Textual","isPartOf":{"@id":"https:\/\/diariotextual.com\/inicio\/#website"},"primaryImageOfPage":{"@id":"https:\/\/diariotextual.com\/inicio\/index.php\/2023\/07\/24\/ansiedad-en-la-adolescencia-se-transforma-en-un-problema-cuando-interfiere-en-la-vida-cotidiana\/#primaryimage"},"image":{"@id":"https:\/\/diariotextual.com\/inicio\/index.php\/2023\/07\/24\/ansiedad-en-la-adolescencia-se-transforma-en-un-problema-cuando-interfiere-en-la-vida-cotidiana\/#primaryimage"},"thumbnailUrl":"https:\/\/diariotextual.com\/inicio\/wp-content\/uploads\/2023\/07\/adolescente.jpg","datePublished":"2023-07-24T10:06:37+00:00","dateModified":"2023-07-24T23:16:00+00:00","breadcrumb":{"@id":"https:\/\/diariotextual.com\/inicio\/index.php\/2023\/07\/24\/ansiedad-en-la-adolescencia-se-transforma-en-un-problema-cuando-interfiere-en-la-vida-cotidiana\/#breadcrumb"},"inLanguage":"es","potentialAction":[{"@type":"ReadAction","target":["https:\/\/diariotextual.com\/inicio\/index.php\/2023\/07\/24\/ansiedad-en-la-adolescencia-se-transforma-en-un-problema-cuando-interfiere-en-la-vida-cotidiana\/"]}]},{"@type":"ImageObject","inLanguage":"es","@id":"https:\/\/diariotextual.com\/inicio\/index.php\/2023\/07\/24\/ansiedad-en-la-adolescencia-se-transforma-en-un-problema-cuando-interfiere-en-la-vida-cotidiana\/#primaryimage","url":"https:\/\/diariotextual.com\/inicio\/wp-content\/uploads\/2023\/07\/adolescente.jpg","contentUrl":"https:\/\/diariotextual.com\/inicio\/wp-content\/uploads\/2023\/07\/adolescente.jpg","width":841,"height":470},{"@type":"BreadcrumbList","@id":"https:\/\/diariotextual.com\/inicio\/index.php\/2023\/07\/24\/ansiedad-en-la-adolescencia-se-transforma-en-un-problema-cuando-interfiere-en-la-vida-cotidiana\/#breadcrumb","itemListElement":[{"@type":"ListItem","position":1,"name":"Portada","item":"https:\/\/diariotextual.com\/inicio\/"},{"@type":"ListItem","position":2,"name":"Ansiedad en la adolescencia: \u201cSe transforma en un problema cuando interfiere en la vida cotidiana\u201d"}]},{"@type":"WebSite","@id":"https:\/\/diariotextual.com\/inicio\/#website","url":"https:\/\/diariotextual.com\/inicio\/","name":"Diario Textual","description":"","publisher":{"@id":"https:\/\/diariotextual.com\/inicio\/#organization"},"potentialAction":[{"@type":"SearchAction","target":{"@type":"EntryPoint","urlTemplate":"https:\/\/diariotextual.com\/inicio\/?s={search_term_string}"},"query-input":{"@type":"PropertyValueSpecification","valueRequired":true,"valueName":"search_term_string"}}],"inLanguage":"es"},{"@type":"Organization","@id":"https:\/\/diariotextual.com\/inicio\/#organization","name":"Diario Textual","url":"https:\/\/diariotextual.com\/inicio\/","logo":{"@type":"ImageObject","inLanguage":"es","@id":"https:\/\/diariotextual.com\/inicio\/#\/schema\/logo\/image\/","url":"https:\/\/diariotextual.com\/inicio\/wp-content\/uploads\/2023\/05\/logotextual1.jpg","contentUrl":"https:\/\/diariotextual.com\/inicio\/wp-content\/uploads\/2023\/05\/logotextual1.jpg","width":516,"height":76,"caption":"Diario Textual"},"image":{"@id":"https:\/\/diariotextual.com\/inicio\/#\/schema\/logo\/image\/"},"sameAs":["https:\/\/www.facebook.com\/eltextual","https:\/\/x.com\/eltextual","http:\/\/www.instagram.com\/eltextual"]},{"@type":"Person","@id":"https:\/\/diariotextual.com\/inicio\/#\/schema\/person\/c7834961ad8b29b1d9cdbf4571299067","name":"diario5","image":{"@type":"ImageObject","inLanguage":"es","@id":"https:\/\/secure.gravatar.com\/avatar\/948c893b847ca6df68216ead81b63f363408ec9b0f600fefc0641ce78613b111?s=96&d=mm&r=g","url":"https:\/\/secure.gravatar.com\/avatar\/948c893b847ca6df68216ead81b63f363408ec9b0f600fefc0641ce78613b111?s=96&d=mm&r=g","contentUrl":"https:\/\/secure.gravatar.com\/avatar\/948c893b847ca6df68216ead81b63f363408ec9b0f600fefc0641ce78613b111?s=96&d=mm&r=g","caption":"diario5"},"url":"https:\/\/diariotextual.com\/inicio\/index.php\/author\/diario5\/"}]}},"_links":{"self":[{"href":"https:\/\/diariotextual.com\/inicio\/index.php\/wp-json\/wp\/v2\/posts\/231620","targetHints":{"allow":["GET"]}}],"collection":[{"href":"https:\/\/diariotextual.com\/inicio\/index.php\/wp-json\/wp\/v2\/posts"}],"about":[{"href":"https:\/\/diariotextual.com\/inicio\/index.php\/wp-json\/wp\/v2\/types\/post"}],"author":[{"embeddable":true,"href":"https:\/\/diariotextual.com\/inicio\/index.php\/wp-json\/wp\/v2\/users\/7"}],"replies":[{"embeddable":true,"href":"https:\/\/diariotextual.com\/inicio\/index.php\/wp-json\/wp\/v2\/comments?post=231620"}],"version-history":[{"count":2,"href":"https:\/\/diariotextual.com\/inicio\/index.php\/wp-json\/wp\/v2\/posts\/231620\/revisions"}],"predecessor-version":[{"id":231647,"href":"https:\/\/diariotextual.com\/inicio\/index.php\/wp-json\/wp\/v2\/posts\/231620\/revisions\/231647"}],"wp:featuredmedia":[{"embeddable":true,"href":"https:\/\/diariotextual.com\/inicio\/index.php\/wp-json\/wp\/v2\/media\/231621"}],"wp:attachment":[{"href":"https:\/\/diariotextual.com\/inicio\/index.php\/wp-json\/wp\/v2\/media?parent=231620"}],"wp:term":[{"taxonomy":"category","embeddable":true,"href":"https:\/\/diariotextual.com\/inicio\/index.php\/wp-json\/wp\/v2\/categories?post=231620"},{"taxonomy":"post_tag","embeddable":true,"href":"https:\/\/diariotextual.com\/inicio\/index.php\/wp-json\/wp\/v2\/tags?post=231620"}],"curies":[{"name":"wp","href":"https:\/\/api.w.org\/{rel}","templated":true}]}}