{"id":231636,"date":"2023-07-24T08:40:33","date_gmt":"2023-07-24T11:40:33","guid":{"rendered":"https:\/\/diariotextual.com\/inicio\/?p=231636"},"modified":"2023-07-24T21:02:59","modified_gmt":"2023-07-25T00:02:59","slug":"movimiento-de-mujeres-reclama-absolucion-de-la-mujer-que-va-a-juicio-acusada-de-envenenar-a-su-expareja","status":"publish","type":"post","link":"https:\/\/diariotextual.com\/inicio\/index.php\/2023\/07\/24\/movimiento-de-mujeres-reclama-absolucion-de-la-mujer-que-va-a-juicio-acusada-de-envenenar-a-su-expareja\/","title":{"rendered":"Movimiento de Mujeres reclama absoluci\u00f3n de la mujer que va a juicio acusada de envenenar a su expareja"},"content":{"rendered":"\n<p>El <strong>Movimiento de Mujeres<\/strong> <strong>de La Pampa<\/strong> reclam\u00f3 p\u00fablicamente la <strong>absoluci\u00f3n<\/strong> de <strong>Yanina Coronel<\/strong>, la mujer de 31 a\u00f1os  acusada de envenenar al polic\u00eda&nbsp;<strong>Gabriel P\u00e1ez Albornoz<\/strong>. \u201cBasta de hostigamiento policial. Justicia con perspectiva de g\u00e9nero\u201d, exigi\u00f3.<\/p>\n\n\n\n<p>El juicio a Yanina comienza este martes y ser\u00e1n siete jornadas de debate. El Movimiento de Mujeres realiz\u00f3 hoy a una conferencia de prensa en las escalinatas del Centro Judicial de Santa Rosa en la que expresaron su apoyo a la joven.<\/p>\n\n\n\n<p>Yanina est\u00e1 acusada de intentar envenenar el 5 de septiembre de 2021 a su expareja P\u00e1ez Albornoz cuando \u00e9ste se intoxic\u00f3 al ingerir un licuado en la sede de la Divisi\u00f3n Seguridad Rural. Ese batido lo hab\u00eda preparado la mujer.<\/p>\n\n\n\n<p>El uniformado tom\u00f3 un poco del batido que conten\u00eda una botella de vidrio y se descompuso. Incluso un perro que lami\u00f3 el l\u00edquido, muri\u00f3 casi inmediatamente.<\/p>\n\n\n\n<p>Los peritos encontraron restos del insecticida Metimol en una licuadora y en los jugos g\u00e1stricos de perro y en la orina del polic\u00eda. Tambi\u00e9n los polic\u00edas hallaron un sobre con el veneno en la vivienda que compart\u00edan el polic\u00eda, Yanina y el nene de ambos.<\/p>\n\n\n\n<p>Cinco d\u00edas despu\u00e9s, detuvieron a Yanina y ordenaron su detenci\u00f3n ante la sospecha de que intent\u00f3 envenenarlo.<\/p>\n\n\n\n<p>Un informe de la Oficina de la Mujer y Violencia Dom\u00e9stica del Poder Judicial de La Pampa revel\u00f3 que Yanina sufr\u00eda violencia de g\u00e9nero \u201cen el tipo psicol\u00f3gico, emocional, verbal, sexual, f\u00edsico, econ\u00f3mico, patrimonial, ambiental y simb\u00f3lico\u201d.<\/p>\n\n\n\n<p>En una<strong><a href=\"https:\/\/diariotextual.com\/inicio\/index.php\/2021\/10\/15\/yanina-la-acusada-de-envenenar-a-su-pareja-el-me-queria-muerta\/\" target=\"_blank\" rel=\"noreferrer noopener\"> carta p\u00fablica<\/a><\/strong> que dio a conocer d\u00edas despu\u00e9s del hecho la joven dijo que es inocente, revel\u00f3 las situaciones de violencia a las que, asegur\u00f3, fue sometida en sus diez a\u00f1os de convivencia con su pareja, y apunt\u00f3 a la \u201ccomplicidades\u201d de la Polic\u00eda.<\/p>\n\n\n\n<p>Coronel asegur\u00f3 que&nbsp;P\u00e1ez Albornoz la someti\u00f3 a violencia f\u00edsica y econ\u00f3mica y asegur\u00f3 que la amenaz\u00f3, en reiteradas oportunidades, con matarla.<\/p>\n","protected":false},"excerpt":{"rendered":"<p>El Movimiento de Mujeres de La Pampa reclam\u00f3 p\u00fablicamente la absoluci\u00f3n de Yanina Coronel, la mujer de 31 a\u00f1os acusada de envenenar al polic\u00eda&nbsp;Gabriel P\u00e1ez Albornoz. \u201cBasta de hostigamiento policial.&hellip;<\/p>\n","protected":false},"author":7,"featured_media":165324,"comment_status":"closed","ping_status":"open","sticky":false,"template":"","format":"standard","meta":{"_acf_changed":false,"footnotes":""},"categories":[1,12],"tags":[],"class_list":["post-231636","post","type-post","status-publish","format-standard","has-post-thumbnail","hentry","category-es-noticia","category-sociedad"],"acf":[],"yoast_head":"<!-- This site is optimized with the Yoast SEO plugin v27.5 - https:\/\/yoast.com\/product\/yoast-seo-wordpress\/ -->\n<title>Movimiento de Mujeres reclama absoluci\u00f3n de la mujer que va a juicio acusada de envenenar a su expareja - Diario Textual<\/title>\n<meta name=\"robots\" content=\"index, follow, max-snippet:-1, max-image-preview:large, max-video-preview:-1\" \/>\n<link rel=\"canonical\" href=\"https:\/\/diariotextual.com\/inicio\/index.php\/2023\/07\/24\/movimiento-de-mujeres-reclama-absolucion-de-la-mujer-que-va-a-juicio-acusada-de-envenenar-a-su-expareja\/\" \/>\n<meta property=\"og:locale\" content=\"es_ES\" \/>\n<meta property=\"og:type\" content=\"article\" \/>\n<meta property=\"og:title\" content=\"Movimiento de Mujeres reclama absoluci\u00f3n de la mujer que va a juicio acusada de envenenar a su expareja - Diario Textual\" \/>\n<meta property=\"og:description\" content=\"El Movimiento de Mujeres de La Pampa reclam\u00f3 p\u00fablicamente la absoluci\u00f3n de Yanina Coronel, la mujer de 31 a\u00f1os acusada de envenenar al polic\u00eda&nbsp;Gabriel P\u00e1ez Albornoz. \u201cBasta de hostigamiento policial.&hellip;\" \/>\n<meta property=\"og:url\" content=\"https:\/\/diariotextual.com\/inicio\/index.php\/2023\/07\/24\/movimiento-de-mujeres-reclama-absolucion-de-la-mujer-que-va-a-juicio-acusada-de-envenenar-a-su-expareja\/\" \/>\n<meta property=\"og:site_name\" content=\"Diario Textual\" \/>\n<meta property=\"article:publisher\" content=\"https:\/\/www.facebook.com\/eltextual\" \/>\n<meta property=\"article:published_time\" content=\"2023-07-24T11:40:33+00:00\" \/>\n<meta property=\"article:modified_time\" content=\"2023-07-25T00:02:59+00:00\" \/>\n<meta property=\"og:image\" content=\"https:\/\/diariotextual.com\/inicio\/wp-content\/uploads\/2021\/10\/coronelyaninamarchaliberacion2021-11.jpeg\" \/>\n\t<meta property=\"og:image:width\" content=\"1256\" \/>\n\t<meta property=\"og:image:height\" content=\"737\" \/>\n\t<meta property=\"og:image:type\" content=\"image\/jpeg\" \/>\n<meta name=\"author\" content=\"diario5\" \/>\n<meta name=\"twitter:card\" content=\"summary_large_image\" \/>\n<meta name=\"twitter:creator\" content=\"@eltextual\" \/>\n<meta name=\"twitter:site\" content=\"@eltextual\" \/>\n<meta name=\"twitter:label1\" content=\"Escrito por\" \/>\n\t<meta name=\"twitter:data1\" content=\"diario5\" \/>\n\t<meta name=\"twitter:label2\" content=\"Tiempo de lectura\" \/>\n\t<meta name=\"twitter:data2\" content=\"2 minutos\" \/>\n<script type=\"application\/ld+json\" class=\"yoast-schema-graph\">{\"@context\":\"https:\\\/\\\/schema.org\",\"@graph\":[{\"@type\":\"Article\",\"@id\":\"https:\\\/\\\/diariotextual.com\\\/inicio\\\/index.php\\\/2023\\\/07\\\/24\\\/movimiento-de-mujeres-reclama-absolucion-de-la-mujer-que-va-a-juicio-acusada-de-envenenar-a-su-expareja\\\/#article\",\"isPartOf\":{\"@id\":\"https:\\\/\\\/diariotextual.com\\\/inicio\\\/index.php\\\/2023\\\/07\\\/24\\\/movimiento-de-mujeres-reclama-absolucion-de-la-mujer-que-va-a-juicio-acusada-de-envenenar-a-su-expareja\\\/\"},\"author\":{\"name\":\"diario5\",\"@id\":\"https:\\\/\\\/diariotextual.com\\\/inicio\\\/#\\\/schema\\\/person\\\/c7834961ad8b29b1d9cdbf4571299067\"},\"headline\":\"Movimiento de Mujeres reclama absoluci\u00f3n de la mujer que va a juicio acusada de envenenar a su expareja\",\"datePublished\":\"2023-07-24T11:40:33+00:00\",\"dateModified\":\"2023-07-25T00:02:59+00:00\",\"mainEntityOfPage\":{\"@id\":\"https:\\\/\\\/diariotextual.com\\\/inicio\\\/index.php\\\/2023\\\/07\\\/24\\\/movimiento-de-mujeres-reclama-absolucion-de-la-mujer-que-va-a-juicio-acusada-de-envenenar-a-su-expareja\\\/\"},\"wordCount\":366,\"publisher\":{\"@id\":\"https:\\\/\\\/diariotextual.com\\\/inicio\\\/#organization\"},\"image\":{\"@id\":\"https:\\\/\\\/diariotextual.com\\\/inicio\\\/index.php\\\/2023\\\/07\\\/24\\\/movimiento-de-mujeres-reclama-absolucion-de-la-mujer-que-va-a-juicio-acusada-de-envenenar-a-su-expareja\\\/#primaryimage\"},\"thumbnailUrl\":\"https:\\\/\\\/diariotextual.com\\\/inicio\\\/wp-content\\\/uploads\\\/2021\\\/10\\\/coronelyaninamarchaliberacion2021-11.jpeg\",\"articleSection\":[\"A - ES NOTICIA (van abajo)\",\"SOCIEDAD\"],\"inLanguage\":\"es\"},{\"@type\":\"WebPage\",\"@id\":\"https:\\\/\\\/diariotextual.com\\\/inicio\\\/index.php\\\/2023\\\/07\\\/24\\\/movimiento-de-mujeres-reclama-absolucion-de-la-mujer-que-va-a-juicio-acusada-de-envenenar-a-su-expareja\\\/\",\"url\":\"https:\\\/\\\/diariotextual.com\\\/inicio\\\/index.php\\\/2023\\\/07\\\/24\\\/movimiento-de-mujeres-reclama-absolucion-de-la-mujer-que-va-a-juicio-acusada-de-envenenar-a-su-expareja\\\/\",\"name\":\"Movimiento de Mujeres reclama absoluci\u00f3n de la mujer que va a juicio acusada de envenenar a su expareja - Diario Textual\",\"isPartOf\":{\"@id\":\"https:\\\/\\\/diariotextual.com\\\/inicio\\\/#website\"},\"primaryImageOfPage\":{\"@id\":\"https:\\\/\\\/diariotextual.com\\\/inicio\\\/index.php\\\/2023\\\/07\\\/24\\\/movimiento-de-mujeres-reclama-absolucion-de-la-mujer-que-va-a-juicio-acusada-de-envenenar-a-su-expareja\\\/#primaryimage\"},\"image\":{\"@id\":\"https:\\\/\\\/diariotextual.com\\\/inicio\\\/index.php\\\/2023\\\/07\\\/24\\\/movimiento-de-mujeres-reclama-absolucion-de-la-mujer-que-va-a-juicio-acusada-de-envenenar-a-su-expareja\\\/#primaryimage\"},\"thumbnailUrl\":\"https:\\\/\\\/diariotextual.com\\\/inicio\\\/wp-content\\\/uploads\\\/2021\\\/10\\\/coronelyaninamarchaliberacion2021-11.jpeg\",\"datePublished\":\"2023-07-24T11:40:33+00:00\",\"dateModified\":\"2023-07-25T00:02:59+00:00\",\"breadcrumb\":{\"@id\":\"https:\\\/\\\/diariotextual.com\\\/inicio\\\/index.php\\\/2023\\\/07\\\/24\\\/movimiento-de-mujeres-reclama-absolucion-de-la-mujer-que-va-a-juicio-acusada-de-envenenar-a-su-expareja\\\/#breadcrumb\"},\"inLanguage\":\"es\",\"potentialAction\":[{\"@type\":\"ReadAction\",\"target\":[\"https:\\\/\\\/diariotextual.com\\\/inicio\\\/index.php\\\/2023\\\/07\\\/24\\\/movimiento-de-mujeres-reclama-absolucion-de-la-mujer-que-va-a-juicio-acusada-de-envenenar-a-su-expareja\\\/\"]}]},{\"@type\":\"ImageObject\",\"inLanguage\":\"es\",\"@id\":\"https:\\\/\\\/diariotextual.com\\\/inicio\\\/index.php\\\/2023\\\/07\\\/24\\\/movimiento-de-mujeres-reclama-absolucion-de-la-mujer-que-va-a-juicio-acusada-de-envenenar-a-su-expareja\\\/#primaryimage\",\"url\":\"https:\\\/\\\/diariotextual.com\\\/inicio\\\/wp-content\\\/uploads\\\/2021\\\/10\\\/coronelyaninamarchaliberacion2021-11.jpeg\",\"contentUrl\":\"https:\\\/\\\/diariotextual.com\\\/inicio\\\/wp-content\\\/uploads\\\/2021\\\/10\\\/coronelyaninamarchaliberacion2021-11.jpeg\",\"width\":1256,\"height\":737},{\"@type\":\"BreadcrumbList\",\"@id\":\"https:\\\/\\\/diariotextual.com\\\/inicio\\\/index.php\\\/2023\\\/07\\\/24\\\/movimiento-de-mujeres-reclama-absolucion-de-la-mujer-que-va-a-juicio-acusada-de-envenenar-a-su-expareja\\\/#breadcrumb\",\"itemListElement\":[{\"@type\":\"ListItem\",\"position\":1,\"name\":\"Portada\",\"item\":\"https:\\\/\\\/diariotextual.com\\\/inicio\\\/\"},{\"@type\":\"ListItem\",\"position\":2,\"name\":\"Movimiento de Mujeres reclama absoluci\u00f3n de la mujer que va a juicio acusada de envenenar a su expareja\"}]},{\"@type\":\"WebSite\",\"@id\":\"https:\\\/\\\/diariotextual.com\\\/inicio\\\/#website\",\"url\":\"https:\\\/\\\/diariotextual.com\\\/inicio\\\/\",\"name\":\"Diario Textual\",\"description\":\"\",\"publisher\":{\"@id\":\"https:\\\/\\\/diariotextual.com\\\/inicio\\\/#organization\"},\"potentialAction\":[{\"@type\":\"SearchAction\",\"target\":{\"@type\":\"EntryPoint\",\"urlTemplate\":\"https:\\\/\\\/diariotextual.com\\\/inicio\\\/?s={search_term_string}\"},\"query-input\":{\"@type\":\"PropertyValueSpecification\",\"valueRequired\":true,\"valueName\":\"search_term_string\"}}],\"inLanguage\":\"es\"},{\"@type\":\"Organization\",\"@id\":\"https:\\\/\\\/diariotextual.com\\\/inicio\\\/#organization\",\"name\":\"Diario Textual\",\"url\":\"https:\\\/\\\/diariotextual.com\\\/inicio\\\/\",\"logo\":{\"@type\":\"ImageObject\",\"inLanguage\":\"es\",\"@id\":\"https:\\\/\\\/diariotextual.com\\\/inicio\\\/#\\\/schema\\\/logo\\\/image\\\/\",\"url\":\"https:\\\/\\\/diariotextual.com\\\/inicio\\\/wp-content\\\/uploads\\\/2023\\\/05\\\/logotextual1.jpg\",\"contentUrl\":\"https:\\\/\\\/diariotextual.com\\\/inicio\\\/wp-content\\\/uploads\\\/2023\\\/05\\\/logotextual1.jpg\",\"width\":516,\"height\":76,\"caption\":\"Diario Textual\"},\"image\":{\"@id\":\"https:\\\/\\\/diariotextual.com\\\/inicio\\\/#\\\/schema\\\/logo\\\/image\\\/\"},\"sameAs\":[\"https:\\\/\\\/www.facebook.com\\\/eltextual\",\"https:\\\/\\\/x.com\\\/eltextual\",\"http:\\\/\\\/www.instagram.com\\\/eltextual\"]},{\"@type\":\"Person\",\"@id\":\"https:\\\/\\\/diariotextual.com\\\/inicio\\\/#\\\/schema\\\/person\\\/c7834961ad8b29b1d9cdbf4571299067\",\"name\":\"diario5\",\"image\":{\"@type\":\"ImageObject\",\"inLanguage\":\"es\",\"@id\":\"https:\\\/\\\/secure.gravatar.com\\\/avatar\\\/948c893b847ca6df68216ead81b63f363408ec9b0f600fefc0641ce78613b111?s=96&d=mm&r=g\",\"url\":\"https:\\\/\\\/secure.gravatar.com\\\/avatar\\\/948c893b847ca6df68216ead81b63f363408ec9b0f600fefc0641ce78613b111?s=96&d=mm&r=g\",\"contentUrl\":\"https:\\\/\\\/secure.gravatar.com\\\/avatar\\\/948c893b847ca6df68216ead81b63f363408ec9b0f600fefc0641ce78613b111?s=96&d=mm&r=g\",\"caption\":\"diario5\"},\"url\":\"https:\\\/\\\/diariotextual.com\\\/inicio\\\/index.php\\\/author\\\/diario5\\\/\"}]}<\/script>\n<!-- \/ Yoast SEO plugin. -->","yoast_head_json":{"title":"Movimiento de Mujeres reclama absoluci\u00f3n de la mujer que va a juicio acusada de envenenar a su expareja - Diario Textual","robots":{"index":"index","follow":"follow","max-snippet":"max-snippet:-1","max-image-preview":"max-image-preview:large","max-video-preview":"max-video-preview:-1"},"canonical":"https:\/\/diariotextual.com\/inicio\/index.php\/2023\/07\/24\/movimiento-de-mujeres-reclama-absolucion-de-la-mujer-que-va-a-juicio-acusada-de-envenenar-a-su-expareja\/","og_locale":"es_ES","og_type":"article","og_title":"Movimiento de Mujeres reclama absoluci\u00f3n de la mujer que va a juicio acusada de envenenar a su expareja - Diario Textual","og_description":"El Movimiento de Mujeres de La Pampa reclam\u00f3 p\u00fablicamente la absoluci\u00f3n de Yanina Coronel, la mujer de 31 a\u00f1os acusada de envenenar al polic\u00eda&nbsp;Gabriel P\u00e1ez Albornoz. \u201cBasta de hostigamiento policial.&hellip;","og_url":"https:\/\/diariotextual.com\/inicio\/index.php\/2023\/07\/24\/movimiento-de-mujeres-reclama-absolucion-de-la-mujer-que-va-a-juicio-acusada-de-envenenar-a-su-expareja\/","og_site_name":"Diario Textual","article_publisher":"https:\/\/www.facebook.com\/eltextual","article_published_time":"2023-07-24T11:40:33+00:00","article_modified_time":"2023-07-25T00:02:59+00:00","og_image":[{"width":1256,"height":737,"url":"https:\/\/diariotextual.com\/inicio\/wp-content\/uploads\/2021\/10\/coronelyaninamarchaliberacion2021-11.jpeg","type":"image\/jpeg"}],"author":"diario5","twitter_card":"summary_large_image","twitter_creator":"@eltextual","twitter_site":"@eltextual","twitter_misc":{"Escrito por":"diario5","Tiempo de lectura":"2 minutos"},"schema":{"@context":"https:\/\/schema.org","@graph":[{"@type":"Article","@id":"https:\/\/diariotextual.com\/inicio\/index.php\/2023\/07\/24\/movimiento-de-mujeres-reclama-absolucion-de-la-mujer-que-va-a-juicio-acusada-de-envenenar-a-su-expareja\/#article","isPartOf":{"@id":"https:\/\/diariotextual.com\/inicio\/index.php\/2023\/07\/24\/movimiento-de-mujeres-reclama-absolucion-de-la-mujer-que-va-a-juicio-acusada-de-envenenar-a-su-expareja\/"},"author":{"name":"diario5","@id":"https:\/\/diariotextual.com\/inicio\/#\/schema\/person\/c7834961ad8b29b1d9cdbf4571299067"},"headline":"Movimiento de Mujeres reclama absoluci\u00f3n de la mujer que va a juicio acusada de envenenar a su expareja","datePublished":"2023-07-24T11:40:33+00:00","dateModified":"2023-07-25T00:02:59+00:00","mainEntityOfPage":{"@id":"https:\/\/diariotextual.com\/inicio\/index.php\/2023\/07\/24\/movimiento-de-mujeres-reclama-absolucion-de-la-mujer-que-va-a-juicio-acusada-de-envenenar-a-su-expareja\/"},"wordCount":366,"publisher":{"@id":"https:\/\/diariotextual.com\/inicio\/#organization"},"image":{"@id":"https:\/\/diariotextual.com\/inicio\/index.php\/2023\/07\/24\/movimiento-de-mujeres-reclama-absolucion-de-la-mujer-que-va-a-juicio-acusada-de-envenenar-a-su-expareja\/#primaryimage"},"thumbnailUrl":"https:\/\/diariotextual.com\/inicio\/wp-content\/uploads\/2021\/10\/coronelyaninamarchaliberacion2021-11.jpeg","articleSection":["A - ES NOTICIA (van abajo)","SOCIEDAD"],"inLanguage":"es"},{"@type":"WebPage","@id":"https:\/\/diariotextual.com\/inicio\/index.php\/2023\/07\/24\/movimiento-de-mujeres-reclama-absolucion-de-la-mujer-que-va-a-juicio-acusada-de-envenenar-a-su-expareja\/","url":"https:\/\/diariotextual.com\/inicio\/index.php\/2023\/07\/24\/movimiento-de-mujeres-reclama-absolucion-de-la-mujer-que-va-a-juicio-acusada-de-envenenar-a-su-expareja\/","name":"Movimiento de Mujeres reclama absoluci\u00f3n de la mujer que va a juicio acusada de envenenar a su expareja - Diario Textual","isPartOf":{"@id":"https:\/\/diariotextual.com\/inicio\/#website"},"primaryImageOfPage":{"@id":"https:\/\/diariotextual.com\/inicio\/index.php\/2023\/07\/24\/movimiento-de-mujeres-reclama-absolucion-de-la-mujer-que-va-a-juicio-acusada-de-envenenar-a-su-expareja\/#primaryimage"},"image":{"@id":"https:\/\/diariotextual.com\/inicio\/index.php\/2023\/07\/24\/movimiento-de-mujeres-reclama-absolucion-de-la-mujer-que-va-a-juicio-acusada-de-envenenar-a-su-expareja\/#primaryimage"},"thumbnailUrl":"https:\/\/diariotextual.com\/inicio\/wp-content\/uploads\/2021\/10\/coronelyaninamarchaliberacion2021-11.jpeg","datePublished":"2023-07-24T11:40:33+00:00","dateModified":"2023-07-25T00:02:59+00:00","breadcrumb":{"@id":"https:\/\/diariotextual.com\/inicio\/index.php\/2023\/07\/24\/movimiento-de-mujeres-reclama-absolucion-de-la-mujer-que-va-a-juicio-acusada-de-envenenar-a-su-expareja\/#breadcrumb"},"inLanguage":"es","potentialAction":[{"@type":"ReadAction","target":["https:\/\/diariotextual.com\/inicio\/index.php\/2023\/07\/24\/movimiento-de-mujeres-reclama-absolucion-de-la-mujer-que-va-a-juicio-acusada-de-envenenar-a-su-expareja\/"]}]},{"@type":"ImageObject","inLanguage":"es","@id":"https:\/\/diariotextual.com\/inicio\/index.php\/2023\/07\/24\/movimiento-de-mujeres-reclama-absolucion-de-la-mujer-que-va-a-juicio-acusada-de-envenenar-a-su-expareja\/#primaryimage","url":"https:\/\/diariotextual.com\/inicio\/wp-content\/uploads\/2021\/10\/coronelyaninamarchaliberacion2021-11.jpeg","contentUrl":"https:\/\/diariotextual.com\/inicio\/wp-content\/uploads\/2021\/10\/coronelyaninamarchaliberacion2021-11.jpeg","width":1256,"height":737},{"@type":"BreadcrumbList","@id":"https:\/\/diariotextual.com\/inicio\/index.php\/2023\/07\/24\/movimiento-de-mujeres-reclama-absolucion-de-la-mujer-que-va-a-juicio-acusada-de-envenenar-a-su-expareja\/#breadcrumb","itemListElement":[{"@type":"ListItem","position":1,"name":"Portada","item":"https:\/\/diariotextual.com\/inicio\/"},{"@type":"ListItem","position":2,"name":"Movimiento de Mujeres reclama absoluci\u00f3n de la mujer que va a juicio acusada de envenenar a su expareja"}]},{"@type":"WebSite","@id":"https:\/\/diariotextual.com\/inicio\/#website","url":"https:\/\/diariotextual.com\/inicio\/","name":"Diario Textual","description":"","publisher":{"@id":"https:\/\/diariotextual.com\/inicio\/#organization"},"potentialAction":[{"@type":"SearchAction","target":{"@type":"EntryPoint","urlTemplate":"https:\/\/diariotextual.com\/inicio\/?s={search_term_string}"},"query-input":{"@type":"PropertyValueSpecification","valueRequired":true,"valueName":"search_term_string"}}],"inLanguage":"es"},{"@type":"Organization","@id":"https:\/\/diariotextual.com\/inicio\/#organization","name":"Diario Textual","url":"https:\/\/diariotextual.com\/inicio\/","logo":{"@type":"ImageObject","inLanguage":"es","@id":"https:\/\/diariotextual.com\/inicio\/#\/schema\/logo\/image\/","url":"https:\/\/diariotextual.com\/inicio\/wp-content\/uploads\/2023\/05\/logotextual1.jpg","contentUrl":"https:\/\/diariotextual.com\/inicio\/wp-content\/uploads\/2023\/05\/logotextual1.jpg","width":516,"height":76,"caption":"Diario Textual"},"image":{"@id":"https:\/\/diariotextual.com\/inicio\/#\/schema\/logo\/image\/"},"sameAs":["https:\/\/www.facebook.com\/eltextual","https:\/\/x.com\/eltextual","http:\/\/www.instagram.com\/eltextual"]},{"@type":"Person","@id":"https:\/\/diariotextual.com\/inicio\/#\/schema\/person\/c7834961ad8b29b1d9cdbf4571299067","name":"diario5","image":{"@type":"ImageObject","inLanguage":"es","@id":"https:\/\/secure.gravatar.com\/avatar\/948c893b847ca6df68216ead81b63f363408ec9b0f600fefc0641ce78613b111?s=96&d=mm&r=g","url":"https:\/\/secure.gravatar.com\/avatar\/948c893b847ca6df68216ead81b63f363408ec9b0f600fefc0641ce78613b111?s=96&d=mm&r=g","contentUrl":"https:\/\/secure.gravatar.com\/avatar\/948c893b847ca6df68216ead81b63f363408ec9b0f600fefc0641ce78613b111?s=96&d=mm&r=g","caption":"diario5"},"url":"https:\/\/diariotextual.com\/inicio\/index.php\/author\/diario5\/"}]}},"_links":{"self":[{"href":"https:\/\/diariotextual.com\/inicio\/index.php\/wp-json\/wp\/v2\/posts\/231636","targetHints":{"allow":["GET"]}}],"collection":[{"href":"https:\/\/diariotextual.com\/inicio\/index.php\/wp-json\/wp\/v2\/posts"}],"about":[{"href":"https:\/\/diariotextual.com\/inicio\/index.php\/wp-json\/wp\/v2\/types\/post"}],"author":[{"embeddable":true,"href":"https:\/\/diariotextual.com\/inicio\/index.php\/wp-json\/wp\/v2\/users\/7"}],"replies":[{"embeddable":true,"href":"https:\/\/diariotextual.com\/inicio\/index.php\/wp-json\/wp\/v2\/comments?post=231636"}],"version-history":[{"count":3,"href":"https:\/\/diariotextual.com\/inicio\/index.php\/wp-json\/wp\/v2\/posts\/231636\/revisions"}],"predecessor-version":[{"id":231656,"href":"https:\/\/diariotextual.com\/inicio\/index.php\/wp-json\/wp\/v2\/posts\/231636\/revisions\/231656"}],"wp:featuredmedia":[{"embeddable":true,"href":"https:\/\/diariotextual.com\/inicio\/index.php\/wp-json\/wp\/v2\/media\/165324"}],"wp:attachment":[{"href":"https:\/\/diariotextual.com\/inicio\/index.php\/wp-json\/wp\/v2\/media?parent=231636"}],"wp:term":[{"taxonomy":"category","embeddable":true,"href":"https:\/\/diariotextual.com\/inicio\/index.php\/wp-json\/wp\/v2\/categories?post=231636"},{"taxonomy":"post_tag","embeddable":true,"href":"https:\/\/diariotextual.com\/inicio\/index.php\/wp-json\/wp\/v2\/tags?post=231636"}],"curies":[{"name":"wp","href":"https:\/\/api.w.org\/{rel}","templated":true}]}}