{"id":231644,"date":"2023-07-24T09:40:36","date_gmt":"2023-07-24T12:40:36","guid":{"rendered":"https:\/\/diariotextual.com\/inicio\/?p=231644"},"modified":"2023-07-24T11:25:33","modified_gmt":"2023-07-24T14:25:33","slug":"familiares-de-esteban-villegas-piden-acusar-a-la-patota-que-ataco-al-joven-y-no-solo-al-menor-que-lo-apunalo","status":"publish","type":"post","link":"https:\/\/diariotextual.com\/inicio\/index.php\/2023\/07\/24\/familiares-de-esteban-villegas-piden-acusar-a-la-patota-que-ataco-al-joven-y-no-solo-al-menor-que-lo-apunalo\/","title":{"rendered":"Familiares de Esteban Villegas piden acusar a la patota que atac\u00f3 al joven y no solo al menor que lo apu\u00f1al\u00f3"},"content":{"rendered":"\n<p>Familiares y amigos de <strong>Esteban Villegas<\/strong>, el joven de 18 a\u00f1os que fue\u00a0<strong><a href=\"https:\/\/diariotextual.com\/inicio\/index.php\/2022\/10\/16\/murio-un-joven-al-ser-apunalado-en-el-barrio-ara-san-juan\/\" target=\"_blank\" rel=\"noreferrer noopener\">asesinado por una patota el 16 de octubre de 2022 en el barrio Ara San Juan, de Santa Rosa<\/a><\/strong>, se movilizaron este lunes al Centro Judicial de Santa Rosa en reclamo de<strong> justicia.<\/strong><\/p>\n\n\n\n<p>\u201cPido justicia por mi hijo y que esto no quede impune porque quieren dejar sobreseidos a los involucrados donde hay un video como prueba. Ay\u00fadenme porque hoy fue mi hijo y si estos asesinos por ser menores lo amparan con todas las pruebas que hay ma\u00f1ana puede ser cualquiera si no los hacen responsables a todos. Solo pedimos justicia. Nadie debe quedar sobrese\u00eddo, todos tienen responsabilidad de su muerte.\u201d, reclam\u00f3 el pap\u00e1 de Esteban, Javier Villegas.<\/p>\n\n\n\n<p><strong><a href=\"https:\/\/diariotextual.com\/inicio\/index.php\/2023\/07\/11\/confirman-que-el-asesino-de-esteban-villegas-tiene-15-anos-recibira-un-tratamiento-tutelar\/\" target=\"_blank\" rel=\"noreferrer noopener\">La investigaci\u00f3n del caso, tal como public\u00f3 Diario Textual, entr\u00f3 en etapa de definiciones<\/a><\/strong>, ya que en los pr\u00f3ximos d\u00edas se desarrollar\u00e1 una audiencia ante la jueza control&nbsp;Mar\u00eda Paola Frigerio&nbsp;donde se le dar\u00e1 intervenci\u00f3n al&nbsp;Juzgado de Familia que deber\u00e1 definir el tratamiento tutelar&nbsp;que se le dar\u00e1 al \u00fanico acusado, un chico de 15 a\u00f1os que, por su edad, no le cabe culpabilidad, ni responsabilidad penal.<\/p>\n\n\n\n<p>Para la familia, sin embargo, deber\u00edan ser m\u00e1s los acusados del crimen y por eso reclaman que se investigue al resto del grupo de adolescentes que atac\u00f3 a Esteban.<\/p>\n\n\n\n<p>El chico sindicado como el asesino no ir\u00e1 a juicio porque es menor y el Juzgado de Familia determinar\u00e1 el tratamiento a seguir, tal como indica el R\u00e9gimen Penal Juvenil vigente en la ley 22.278. Por eso est\u00e1n esperando qu\u00e9 resuelve la jueza de Familia a fin de este mes en la audiencia.<\/p>\n\n\n\n<p>Esteban era el mayor de cinco hermanos.&nbsp;Viv\u00eda en una casa del barrio Esperanza, ubicado a metros del ARA San Juan. Hac\u00eda changas y estaba&nbsp;estudiando&nbsp;en la Epet de Santa Rosa. Quer\u00eda ser&nbsp;soldado voluntario.<\/p>\n\n\n\n<p>Muri\u00f3 en una pelea&nbsp;donde fue golpeado y apu\u00f1alado.&nbsp;El asesinato&nbsp;fue registrado en videos&nbsp;con tel\u00e9fonos celulares. Por las redes sociales circularon im\u00e1genes del momento en que fue atacado por una patota y acuchillado.<\/p>\n\n\n\n<p>El ataque fue en la esquina de Devito y Toscano Sur. Seg\u00fan dijo su madre,&nbsp;la patota atac\u00f3 a Esteban, a su hermano Bruno (16) y a un amigo Lautaro (18).<\/p>\n\n\n\n<p>\u201cLos chicos fueron a acompa\u00f1ar a unas chicas a sus casas. En eso pasaron por una esquina y fueron atacados. Esteban sali\u00f3 en defensa de su hermano Bruno\u201d, asegur\u00f3 su mam\u00e1, Luciana Lozano.<\/p>\n\n\n\n<p>El joven fue trasladado al hospital Lucio Molas, donde finalmente muri\u00f3 el domingo 16 de octubre de 2022.<\/p>\n\n\n\n<p> <\/p>\n","protected":false},"excerpt":{"rendered":"<p>Familiares y amigos de Esteban Villegas, el joven de 18 a\u00f1os que fue\u00a0asesinado por una patota el 16 de octubre de 2022 en el barrio Ara San Juan, de Santa&hellip;<\/p>\n","protected":false},"author":7,"featured_media":231645,"comment_status":"closed","ping_status":"open","sticky":false,"template":"","format":"standard","meta":{"_acf_changed":false,"footnotes":""},"categories":[4,12],"tags":[],"class_list":["post-231644","post","type-post","status-publish","format-standard","has-post-thumbnail","hentry","category-destacadas","category-sociedad"],"acf":[],"yoast_head":"<!-- This site is optimized with the Yoast SEO plugin v27.4 - https:\/\/yoast.com\/product\/yoast-seo-wordpress\/ -->\n<title>Familiares de Esteban Villegas piden acusar a la patota que atac\u00f3 al joven y no solo al menor que lo apu\u00f1al\u00f3 - Diario Textual<\/title>\n<meta name=\"robots\" content=\"index, follow, max-snippet:-1, max-image-preview:large, max-video-preview:-1\" \/>\n<link rel=\"canonical\" href=\"https:\/\/diariotextual.com\/inicio\/index.php\/2023\/07\/24\/familiares-de-esteban-villegas-piden-acusar-a-la-patota-que-ataco-al-joven-y-no-solo-al-menor-que-lo-apunalo\/\" \/>\n<meta property=\"og:locale\" content=\"es_ES\" \/>\n<meta property=\"og:type\" content=\"article\" \/>\n<meta property=\"og:title\" content=\"Familiares de Esteban Villegas piden acusar a la patota que atac\u00f3 al joven y no solo al menor que lo apu\u00f1al\u00f3 - Diario Textual\" \/>\n<meta property=\"og:description\" content=\"Familiares y amigos de Esteban Villegas, el joven de 18 a\u00f1os que fue\u00a0asesinado por una patota el 16 de octubre de 2022 en el barrio Ara San Juan, de Santa&hellip;\" \/>\n<meta property=\"og:url\" content=\"https:\/\/diariotextual.com\/inicio\/index.php\/2023\/07\/24\/familiares-de-esteban-villegas-piden-acusar-a-la-patota-que-ataco-al-joven-y-no-solo-al-menor-que-lo-apunalo\/\" \/>\n<meta property=\"og:site_name\" content=\"Diario Textual\" \/>\n<meta property=\"article:publisher\" content=\"https:\/\/www.facebook.com\/eltextual\" \/>\n<meta property=\"article:published_time\" content=\"2023-07-24T12:40:36+00:00\" \/>\n<meta property=\"article:modified_time\" content=\"2023-07-24T14:25:33+00:00\" \/>\n<meta property=\"og:image\" content=\"https:\/\/diariotextual.com\/inicio\/wp-content\/uploads\/2023\/07\/villegasestebanmarchacentrojudicial.jpg\" \/>\n\t<meta property=\"og:image:width\" content=\"1079\" \/>\n\t<meta property=\"og:image:height\" content=\"658\" \/>\n\t<meta property=\"og:image:type\" content=\"image\/jpeg\" \/>\n<meta name=\"author\" content=\"diario5\" \/>\n<meta name=\"twitter:card\" content=\"summary_large_image\" \/>\n<meta name=\"twitter:creator\" content=\"@eltextual\" \/>\n<meta name=\"twitter:site\" content=\"@eltextual\" \/>\n<meta name=\"twitter:label1\" content=\"Escrito por\" \/>\n\t<meta name=\"twitter:data1\" content=\"diario5\" \/>\n\t<meta name=\"twitter:label2\" content=\"Tiempo de lectura\" \/>\n\t<meta name=\"twitter:data2\" content=\"2 minutos\" \/>\n<script type=\"application\/ld+json\" class=\"yoast-schema-graph\">{\"@context\":\"https:\\\/\\\/schema.org\",\"@graph\":[{\"@type\":\"Article\",\"@id\":\"https:\\\/\\\/diariotextual.com\\\/inicio\\\/index.php\\\/2023\\\/07\\\/24\\\/familiares-de-esteban-villegas-piden-acusar-a-la-patota-que-ataco-al-joven-y-no-solo-al-menor-que-lo-apunalo\\\/#article\",\"isPartOf\":{\"@id\":\"https:\\\/\\\/diariotextual.com\\\/inicio\\\/index.php\\\/2023\\\/07\\\/24\\\/familiares-de-esteban-villegas-piden-acusar-a-la-patota-que-ataco-al-joven-y-no-solo-al-menor-que-lo-apunalo\\\/\"},\"author\":{\"name\":\"diario5\",\"@id\":\"https:\\\/\\\/diariotextual.com\\\/inicio\\\/#\\\/schema\\\/person\\\/c7834961ad8b29b1d9cdbf4571299067\"},\"headline\":\"Familiares de Esteban Villegas piden acusar a la patota que atac\u00f3 al joven y no solo al menor que lo apu\u00f1al\u00f3\",\"datePublished\":\"2023-07-24T12:40:36+00:00\",\"dateModified\":\"2023-07-24T14:25:33+00:00\",\"mainEntityOfPage\":{\"@id\":\"https:\\\/\\\/diariotextual.com\\\/inicio\\\/index.php\\\/2023\\\/07\\\/24\\\/familiares-de-esteban-villegas-piden-acusar-a-la-patota-que-ataco-al-joven-y-no-solo-al-menor-que-lo-apunalo\\\/\"},\"wordCount\":474,\"publisher\":{\"@id\":\"https:\\\/\\\/diariotextual.com\\\/inicio\\\/#organization\"},\"image\":{\"@id\":\"https:\\\/\\\/diariotextual.com\\\/inicio\\\/index.php\\\/2023\\\/07\\\/24\\\/familiares-de-esteban-villegas-piden-acusar-a-la-patota-que-ataco-al-joven-y-no-solo-al-menor-que-lo-apunalo\\\/#primaryimage\"},\"thumbnailUrl\":\"https:\\\/\\\/diariotextual.com\\\/inicio\\\/wp-content\\\/uploads\\\/2023\\\/07\\\/villegasestebanmarchacentrojudicial.jpg\",\"articleSection\":[\"A - DESTACADAS (mod 16)\",\"SOCIEDAD\"],\"inLanguage\":\"es\"},{\"@type\":\"WebPage\",\"@id\":\"https:\\\/\\\/diariotextual.com\\\/inicio\\\/index.php\\\/2023\\\/07\\\/24\\\/familiares-de-esteban-villegas-piden-acusar-a-la-patota-que-ataco-al-joven-y-no-solo-al-menor-que-lo-apunalo\\\/\",\"url\":\"https:\\\/\\\/diariotextual.com\\\/inicio\\\/index.php\\\/2023\\\/07\\\/24\\\/familiares-de-esteban-villegas-piden-acusar-a-la-patota-que-ataco-al-joven-y-no-solo-al-menor-que-lo-apunalo\\\/\",\"name\":\"Familiares de Esteban Villegas piden acusar a la patota que atac\u00f3 al joven y no solo al menor que lo apu\u00f1al\u00f3 - Diario Textual\",\"isPartOf\":{\"@id\":\"https:\\\/\\\/diariotextual.com\\\/inicio\\\/#website\"},\"primaryImageOfPage\":{\"@id\":\"https:\\\/\\\/diariotextual.com\\\/inicio\\\/index.php\\\/2023\\\/07\\\/24\\\/familiares-de-esteban-villegas-piden-acusar-a-la-patota-que-ataco-al-joven-y-no-solo-al-menor-que-lo-apunalo\\\/#primaryimage\"},\"image\":{\"@id\":\"https:\\\/\\\/diariotextual.com\\\/inicio\\\/index.php\\\/2023\\\/07\\\/24\\\/familiares-de-esteban-villegas-piden-acusar-a-la-patota-que-ataco-al-joven-y-no-solo-al-menor-que-lo-apunalo\\\/#primaryimage\"},\"thumbnailUrl\":\"https:\\\/\\\/diariotextual.com\\\/inicio\\\/wp-content\\\/uploads\\\/2023\\\/07\\\/villegasestebanmarchacentrojudicial.jpg\",\"datePublished\":\"2023-07-24T12:40:36+00:00\",\"dateModified\":\"2023-07-24T14:25:33+00:00\",\"breadcrumb\":{\"@id\":\"https:\\\/\\\/diariotextual.com\\\/inicio\\\/index.php\\\/2023\\\/07\\\/24\\\/familiares-de-esteban-villegas-piden-acusar-a-la-patota-que-ataco-al-joven-y-no-solo-al-menor-que-lo-apunalo\\\/#breadcrumb\"},\"inLanguage\":\"es\",\"potentialAction\":[{\"@type\":\"ReadAction\",\"target\":[\"https:\\\/\\\/diariotextual.com\\\/inicio\\\/index.php\\\/2023\\\/07\\\/24\\\/familiares-de-esteban-villegas-piden-acusar-a-la-patota-que-ataco-al-joven-y-no-solo-al-menor-que-lo-apunalo\\\/\"]}]},{\"@type\":\"ImageObject\",\"inLanguage\":\"es\",\"@id\":\"https:\\\/\\\/diariotextual.com\\\/inicio\\\/index.php\\\/2023\\\/07\\\/24\\\/familiares-de-esteban-villegas-piden-acusar-a-la-patota-que-ataco-al-joven-y-no-solo-al-menor-que-lo-apunalo\\\/#primaryimage\",\"url\":\"https:\\\/\\\/diariotextual.com\\\/inicio\\\/wp-content\\\/uploads\\\/2023\\\/07\\\/villegasestebanmarchacentrojudicial.jpg\",\"contentUrl\":\"https:\\\/\\\/diariotextual.com\\\/inicio\\\/wp-content\\\/uploads\\\/2023\\\/07\\\/villegasestebanmarchacentrojudicial.jpg\",\"width\":1079,\"height\":658},{\"@type\":\"BreadcrumbList\",\"@id\":\"https:\\\/\\\/diariotextual.com\\\/inicio\\\/index.php\\\/2023\\\/07\\\/24\\\/familiares-de-esteban-villegas-piden-acusar-a-la-patota-que-ataco-al-joven-y-no-solo-al-menor-que-lo-apunalo\\\/#breadcrumb\",\"itemListElement\":[{\"@type\":\"ListItem\",\"position\":1,\"name\":\"Portada\",\"item\":\"https:\\\/\\\/diariotextual.com\\\/inicio\\\/\"},{\"@type\":\"ListItem\",\"position\":2,\"name\":\"Familiares de Esteban Villegas piden acusar a la patota que atac\u00f3 al joven y no solo al menor que lo apu\u00f1al\u00f3\"}]},{\"@type\":\"WebSite\",\"@id\":\"https:\\\/\\\/diariotextual.com\\\/inicio\\\/#website\",\"url\":\"https:\\\/\\\/diariotextual.com\\\/inicio\\\/\",\"name\":\"Diario Textual\",\"description\":\"\",\"publisher\":{\"@id\":\"https:\\\/\\\/diariotextual.com\\\/inicio\\\/#organization\"},\"potentialAction\":[{\"@type\":\"SearchAction\",\"target\":{\"@type\":\"EntryPoint\",\"urlTemplate\":\"https:\\\/\\\/diariotextual.com\\\/inicio\\\/?s={search_term_string}\"},\"query-input\":{\"@type\":\"PropertyValueSpecification\",\"valueRequired\":true,\"valueName\":\"search_term_string\"}}],\"inLanguage\":\"es\"},{\"@type\":\"Organization\",\"@id\":\"https:\\\/\\\/diariotextual.com\\\/inicio\\\/#organization\",\"name\":\"Diario Textual\",\"url\":\"https:\\\/\\\/diariotextual.com\\\/inicio\\\/\",\"logo\":{\"@type\":\"ImageObject\",\"inLanguage\":\"es\",\"@id\":\"https:\\\/\\\/diariotextual.com\\\/inicio\\\/#\\\/schema\\\/logo\\\/image\\\/\",\"url\":\"https:\\\/\\\/diariotextual.com\\\/inicio\\\/wp-content\\\/uploads\\\/2023\\\/05\\\/logotextual1.jpg\",\"contentUrl\":\"https:\\\/\\\/diariotextual.com\\\/inicio\\\/wp-content\\\/uploads\\\/2023\\\/05\\\/logotextual1.jpg\",\"width\":516,\"height\":76,\"caption\":\"Diario Textual\"},\"image\":{\"@id\":\"https:\\\/\\\/diariotextual.com\\\/inicio\\\/#\\\/schema\\\/logo\\\/image\\\/\"},\"sameAs\":[\"https:\\\/\\\/www.facebook.com\\\/eltextual\",\"https:\\\/\\\/x.com\\\/eltextual\",\"http:\\\/\\\/www.instagram.com\\\/eltextual\"]},{\"@type\":\"Person\",\"@id\":\"https:\\\/\\\/diariotextual.com\\\/inicio\\\/#\\\/schema\\\/person\\\/c7834961ad8b29b1d9cdbf4571299067\",\"name\":\"diario5\",\"image\":{\"@type\":\"ImageObject\",\"inLanguage\":\"es\",\"@id\":\"https:\\\/\\\/secure.gravatar.com\\\/avatar\\\/948c893b847ca6df68216ead81b63f363408ec9b0f600fefc0641ce78613b111?s=96&d=mm&r=g\",\"url\":\"https:\\\/\\\/secure.gravatar.com\\\/avatar\\\/948c893b847ca6df68216ead81b63f363408ec9b0f600fefc0641ce78613b111?s=96&d=mm&r=g\",\"contentUrl\":\"https:\\\/\\\/secure.gravatar.com\\\/avatar\\\/948c893b847ca6df68216ead81b63f363408ec9b0f600fefc0641ce78613b111?s=96&d=mm&r=g\",\"caption\":\"diario5\"},\"url\":\"https:\\\/\\\/diariotextual.com\\\/inicio\\\/index.php\\\/author\\\/diario5\\\/\"}]}<\/script>\n<!-- \/ Yoast SEO plugin. -->","yoast_head_json":{"title":"Familiares de Esteban Villegas piden acusar a la patota que atac\u00f3 al joven y no solo al menor que lo apu\u00f1al\u00f3 - Diario Textual","robots":{"index":"index","follow":"follow","max-snippet":"max-snippet:-1","max-image-preview":"max-image-preview:large","max-video-preview":"max-video-preview:-1"},"canonical":"https:\/\/diariotextual.com\/inicio\/index.php\/2023\/07\/24\/familiares-de-esteban-villegas-piden-acusar-a-la-patota-que-ataco-al-joven-y-no-solo-al-menor-que-lo-apunalo\/","og_locale":"es_ES","og_type":"article","og_title":"Familiares de Esteban Villegas piden acusar a la patota que atac\u00f3 al joven y no solo al menor que lo apu\u00f1al\u00f3 - Diario Textual","og_description":"Familiares y amigos de Esteban Villegas, el joven de 18 a\u00f1os que fue\u00a0asesinado por una patota el 16 de octubre de 2022 en el barrio Ara San Juan, de Santa&hellip;","og_url":"https:\/\/diariotextual.com\/inicio\/index.php\/2023\/07\/24\/familiares-de-esteban-villegas-piden-acusar-a-la-patota-que-ataco-al-joven-y-no-solo-al-menor-que-lo-apunalo\/","og_site_name":"Diario Textual","article_publisher":"https:\/\/www.facebook.com\/eltextual","article_published_time":"2023-07-24T12:40:36+00:00","article_modified_time":"2023-07-24T14:25:33+00:00","og_image":[{"width":1079,"height":658,"url":"https:\/\/diariotextual.com\/inicio\/wp-content\/uploads\/2023\/07\/villegasestebanmarchacentrojudicial.jpg","type":"image\/jpeg"}],"author":"diario5","twitter_card":"summary_large_image","twitter_creator":"@eltextual","twitter_site":"@eltextual","twitter_misc":{"Escrito por":"diario5","Tiempo de lectura":"2 minutos"},"schema":{"@context":"https:\/\/schema.org","@graph":[{"@type":"Article","@id":"https:\/\/diariotextual.com\/inicio\/index.php\/2023\/07\/24\/familiares-de-esteban-villegas-piden-acusar-a-la-patota-que-ataco-al-joven-y-no-solo-al-menor-que-lo-apunalo\/#article","isPartOf":{"@id":"https:\/\/diariotextual.com\/inicio\/index.php\/2023\/07\/24\/familiares-de-esteban-villegas-piden-acusar-a-la-patota-que-ataco-al-joven-y-no-solo-al-menor-que-lo-apunalo\/"},"author":{"name":"diario5","@id":"https:\/\/diariotextual.com\/inicio\/#\/schema\/person\/c7834961ad8b29b1d9cdbf4571299067"},"headline":"Familiares de Esteban Villegas piden acusar a la patota que atac\u00f3 al joven y no solo al menor que lo apu\u00f1al\u00f3","datePublished":"2023-07-24T12:40:36+00:00","dateModified":"2023-07-24T14:25:33+00:00","mainEntityOfPage":{"@id":"https:\/\/diariotextual.com\/inicio\/index.php\/2023\/07\/24\/familiares-de-esteban-villegas-piden-acusar-a-la-patota-que-ataco-al-joven-y-no-solo-al-menor-que-lo-apunalo\/"},"wordCount":474,"publisher":{"@id":"https:\/\/diariotextual.com\/inicio\/#organization"},"image":{"@id":"https:\/\/diariotextual.com\/inicio\/index.php\/2023\/07\/24\/familiares-de-esteban-villegas-piden-acusar-a-la-patota-que-ataco-al-joven-y-no-solo-al-menor-que-lo-apunalo\/#primaryimage"},"thumbnailUrl":"https:\/\/diariotextual.com\/inicio\/wp-content\/uploads\/2023\/07\/villegasestebanmarchacentrojudicial.jpg","articleSection":["A - DESTACADAS (mod 16)","SOCIEDAD"],"inLanguage":"es"},{"@type":"WebPage","@id":"https:\/\/diariotextual.com\/inicio\/index.php\/2023\/07\/24\/familiares-de-esteban-villegas-piden-acusar-a-la-patota-que-ataco-al-joven-y-no-solo-al-menor-que-lo-apunalo\/","url":"https:\/\/diariotextual.com\/inicio\/index.php\/2023\/07\/24\/familiares-de-esteban-villegas-piden-acusar-a-la-patota-que-ataco-al-joven-y-no-solo-al-menor-que-lo-apunalo\/","name":"Familiares de Esteban Villegas piden acusar a la patota que atac\u00f3 al joven y no solo al menor que lo apu\u00f1al\u00f3 - Diario Textual","isPartOf":{"@id":"https:\/\/diariotextual.com\/inicio\/#website"},"primaryImageOfPage":{"@id":"https:\/\/diariotextual.com\/inicio\/index.php\/2023\/07\/24\/familiares-de-esteban-villegas-piden-acusar-a-la-patota-que-ataco-al-joven-y-no-solo-al-menor-que-lo-apunalo\/#primaryimage"},"image":{"@id":"https:\/\/diariotextual.com\/inicio\/index.php\/2023\/07\/24\/familiares-de-esteban-villegas-piden-acusar-a-la-patota-que-ataco-al-joven-y-no-solo-al-menor-que-lo-apunalo\/#primaryimage"},"thumbnailUrl":"https:\/\/diariotextual.com\/inicio\/wp-content\/uploads\/2023\/07\/villegasestebanmarchacentrojudicial.jpg","datePublished":"2023-07-24T12:40:36+00:00","dateModified":"2023-07-24T14:25:33+00:00","breadcrumb":{"@id":"https:\/\/diariotextual.com\/inicio\/index.php\/2023\/07\/24\/familiares-de-esteban-villegas-piden-acusar-a-la-patota-que-ataco-al-joven-y-no-solo-al-menor-que-lo-apunalo\/#breadcrumb"},"inLanguage":"es","potentialAction":[{"@type":"ReadAction","target":["https:\/\/diariotextual.com\/inicio\/index.php\/2023\/07\/24\/familiares-de-esteban-villegas-piden-acusar-a-la-patota-que-ataco-al-joven-y-no-solo-al-menor-que-lo-apunalo\/"]}]},{"@type":"ImageObject","inLanguage":"es","@id":"https:\/\/diariotextual.com\/inicio\/index.php\/2023\/07\/24\/familiares-de-esteban-villegas-piden-acusar-a-la-patota-que-ataco-al-joven-y-no-solo-al-menor-que-lo-apunalo\/#primaryimage","url":"https:\/\/diariotextual.com\/inicio\/wp-content\/uploads\/2023\/07\/villegasestebanmarchacentrojudicial.jpg","contentUrl":"https:\/\/diariotextual.com\/inicio\/wp-content\/uploads\/2023\/07\/villegasestebanmarchacentrojudicial.jpg","width":1079,"height":658},{"@type":"BreadcrumbList","@id":"https:\/\/diariotextual.com\/inicio\/index.php\/2023\/07\/24\/familiares-de-esteban-villegas-piden-acusar-a-la-patota-que-ataco-al-joven-y-no-solo-al-menor-que-lo-apunalo\/#breadcrumb","itemListElement":[{"@type":"ListItem","position":1,"name":"Portada","item":"https:\/\/diariotextual.com\/inicio\/"},{"@type":"ListItem","position":2,"name":"Familiares de Esteban Villegas piden acusar a la patota que atac\u00f3 al joven y no solo al menor que lo apu\u00f1al\u00f3"}]},{"@type":"WebSite","@id":"https:\/\/diariotextual.com\/inicio\/#website","url":"https:\/\/diariotextual.com\/inicio\/","name":"Diario Textual","description":"","publisher":{"@id":"https:\/\/diariotextual.com\/inicio\/#organization"},"potentialAction":[{"@type":"SearchAction","target":{"@type":"EntryPoint","urlTemplate":"https:\/\/diariotextual.com\/inicio\/?s={search_term_string}"},"query-input":{"@type":"PropertyValueSpecification","valueRequired":true,"valueName":"search_term_string"}}],"inLanguage":"es"},{"@type":"Organization","@id":"https:\/\/diariotextual.com\/inicio\/#organization","name":"Diario Textual","url":"https:\/\/diariotextual.com\/inicio\/","logo":{"@type":"ImageObject","inLanguage":"es","@id":"https:\/\/diariotextual.com\/inicio\/#\/schema\/logo\/image\/","url":"https:\/\/diariotextual.com\/inicio\/wp-content\/uploads\/2023\/05\/logotextual1.jpg","contentUrl":"https:\/\/diariotextual.com\/inicio\/wp-content\/uploads\/2023\/05\/logotextual1.jpg","width":516,"height":76,"caption":"Diario Textual"},"image":{"@id":"https:\/\/diariotextual.com\/inicio\/#\/schema\/logo\/image\/"},"sameAs":["https:\/\/www.facebook.com\/eltextual","https:\/\/x.com\/eltextual","http:\/\/www.instagram.com\/eltextual"]},{"@type":"Person","@id":"https:\/\/diariotextual.com\/inicio\/#\/schema\/person\/c7834961ad8b29b1d9cdbf4571299067","name":"diario5","image":{"@type":"ImageObject","inLanguage":"es","@id":"https:\/\/secure.gravatar.com\/avatar\/948c893b847ca6df68216ead81b63f363408ec9b0f600fefc0641ce78613b111?s=96&d=mm&r=g","url":"https:\/\/secure.gravatar.com\/avatar\/948c893b847ca6df68216ead81b63f363408ec9b0f600fefc0641ce78613b111?s=96&d=mm&r=g","contentUrl":"https:\/\/secure.gravatar.com\/avatar\/948c893b847ca6df68216ead81b63f363408ec9b0f600fefc0641ce78613b111?s=96&d=mm&r=g","caption":"diario5"},"url":"https:\/\/diariotextual.com\/inicio\/index.php\/author\/diario5\/"}]}},"_links":{"self":[{"href":"https:\/\/diariotextual.com\/inicio\/index.php\/wp-json\/wp\/v2\/posts\/231644","targetHints":{"allow":["GET"]}}],"collection":[{"href":"https:\/\/diariotextual.com\/inicio\/index.php\/wp-json\/wp\/v2\/posts"}],"about":[{"href":"https:\/\/diariotextual.com\/inicio\/index.php\/wp-json\/wp\/v2\/types\/post"}],"author":[{"embeddable":true,"href":"https:\/\/diariotextual.com\/inicio\/index.php\/wp-json\/wp\/v2\/users\/7"}],"replies":[{"embeddable":true,"href":"https:\/\/diariotextual.com\/inicio\/index.php\/wp-json\/wp\/v2\/comments?post=231644"}],"version-history":[{"count":4,"href":"https:\/\/diariotextual.com\/inicio\/index.php\/wp-json\/wp\/v2\/posts\/231644\/revisions"}],"predecessor-version":[{"id":231654,"href":"https:\/\/diariotextual.com\/inicio\/index.php\/wp-json\/wp\/v2\/posts\/231644\/revisions\/231654"}],"wp:featuredmedia":[{"embeddable":true,"href":"https:\/\/diariotextual.com\/inicio\/index.php\/wp-json\/wp\/v2\/media\/231645"}],"wp:attachment":[{"href":"https:\/\/diariotextual.com\/inicio\/index.php\/wp-json\/wp\/v2\/media?parent=231644"}],"wp:term":[{"taxonomy":"category","embeddable":true,"href":"https:\/\/diariotextual.com\/inicio\/index.php\/wp-json\/wp\/v2\/categories?post=231644"},{"taxonomy":"post_tag","embeddable":true,"href":"https:\/\/diariotextual.com\/inicio\/index.php\/wp-json\/wp\/v2\/tags?post=231644"}],"curies":[{"name":"wp","href":"https:\/\/api.w.org\/{rel}","templated":true}]}}