{"id":231650,"date":"2023-07-24T10:14:44","date_gmt":"2023-07-24T13:14:44","guid":{"rendered":"https:\/\/diariotextual.com\/inicio\/?p=231650"},"modified":"2023-07-25T18:34:51","modified_gmt":"2023-07-25T21:34:51","slug":"en-un-mes-de-crecida-el-lago-casa-de-piedra-subio-de-nivel-214-metros","status":"publish","type":"post","link":"https:\/\/diariotextual.com\/inicio\/index.php\/2023\/07\/24\/en-un-mes-de-crecida-el-lago-casa-de-piedra-subio-de-nivel-214-metros\/","title":{"rendered":"En un mes de crecida el lago Casa de Piedra subi\u00f3 de nivel 2,14 metros"},"content":{"rendered":"\n<p><strong>El lago Casa de Piedra creci\u00f3 en un mes cuatro veces m\u00e1s de lo previsto a ra\u00edz de las lluvias en la cuenca alta del r\u00edo Colorado que se iniciaron hace exactamente un mes. El 25 de junio, el nivel del lago artificial era de 271,58 msnm (metros sobre el nivel del mar) y hoy se ubica en 273,72 msnm. Se espera que en los primeros d\u00edas de agosto supere los 274 msnm.<\/strong><\/p>\n\n\n\n<p>Este extraordinario crecimiento del lago se logr\u00f3 principalmente por las torrenciales lluvias que se registraron desde el 25 de junio. El caudal del r\u00edo, que se ubicaba en un promedio de poco m\u00e1s de 40 m3\/s, salt\u00f3 a los pocos d\u00edas a casi 800 m3\/s. Hoy se encuentra en 71 m3\/s a la altura del paraje Buta Ranquil.<\/p>\n\n\n\n<p>La situaci\u00f3n beneficia a la villa tur\u00edstica Casa de Piedra que, desde hace a\u00f1os, no puede usar la playa del lago. De todas maneras, a\u00fan las autoridades son cautelosas: la costa a\u00fan est\u00e1 retirada del parador del pueblo.<\/p>\n\n\n\n<p>La alternativa para el verano es la \u201cplayita\u201d que el comisionado Mart\u00edn Borthiry decidi\u00f3 encarara en un sector del r\u00edo Colorado, aguas abajo de la represa.<\/p>\n\n\n\n<p><\/p>\n","protected":false},"excerpt":{"rendered":"<p>El lago Casa de Piedra creci\u00f3 en un mes cuatro veces m\u00e1s de lo previsto a ra\u00edz de las lluvias en la cuenca alta del r\u00edo Colorado que se iniciaron&hellip;<\/p>\n","protected":false},"author":3,"featured_media":229899,"comment_status":"closed","ping_status":"open","sticky":false,"template":"","format":"standard","meta":{"_acf_changed":false,"footnotes":""},"categories":[1,12],"tags":[],"class_list":["post-231650","post","type-post","status-publish","format-standard","has-post-thumbnail","hentry","category-es-noticia","category-sociedad"],"acf":[],"yoast_head":"<!-- This site is optimized with the Yoast SEO plugin v27.5 - https:\/\/yoast.com\/product\/yoast-seo-wordpress\/ -->\n<title>En un mes de crecida el lago Casa de Piedra subi\u00f3 de nivel 2,14 metros - Diario Textual<\/title>\n<meta name=\"robots\" content=\"index, follow, max-snippet:-1, max-image-preview:large, max-video-preview:-1\" \/>\n<link rel=\"canonical\" href=\"https:\/\/diariotextual.com\/inicio\/index.php\/2023\/07\/24\/en-un-mes-de-crecida-el-lago-casa-de-piedra-subio-de-nivel-214-metros\/\" \/>\n<meta property=\"og:locale\" content=\"es_ES\" \/>\n<meta property=\"og:type\" content=\"article\" \/>\n<meta property=\"og:title\" content=\"En un mes de crecida el lago Casa de Piedra subi\u00f3 de nivel 2,14 metros - Diario Textual\" \/>\n<meta property=\"og:description\" content=\"El lago Casa de Piedra creci\u00f3 en un mes cuatro veces m\u00e1s de lo previsto a ra\u00edz de las lluvias en la cuenca alta del r\u00edo Colorado que se iniciaron&hellip;\" \/>\n<meta property=\"og:url\" content=\"https:\/\/diariotextual.com\/inicio\/index.php\/2023\/07\/24\/en-un-mes-de-crecida-el-lago-casa-de-piedra-subio-de-nivel-214-metros\/\" \/>\n<meta property=\"og:site_name\" content=\"Diario Textual\" \/>\n<meta property=\"article:publisher\" content=\"https:\/\/www.facebook.com\/eltextual\" \/>\n<meta property=\"article:published_time\" content=\"2023-07-24T13:14:44+00:00\" \/>\n<meta property=\"article:modified_time\" content=\"2023-07-25T21:34:51+00:00\" \/>\n<meta property=\"og:image\" content=\"https:\/\/diariotextual.com\/inicio\/wp-content\/uploads\/2023\/06\/casadepiedralago2023-10.jpg\" \/>\n\t<meta property=\"og:image:width\" content=\"1280\" \/>\n\t<meta property=\"og:image:height\" content=\"720\" \/>\n\t<meta property=\"og:image:type\" content=\"image\/jpeg\" \/>\n<meta name=\"author\" content=\"Diario1 Diario1\" \/>\n<meta name=\"twitter:card\" content=\"summary_large_image\" \/>\n<meta name=\"twitter:creator\" content=\"@eltextual\" \/>\n<meta name=\"twitter:site\" content=\"@eltextual\" \/>\n<meta name=\"twitter:label1\" content=\"Escrito por\" \/>\n\t<meta name=\"twitter:data1\" content=\"Diario1 Diario1\" \/>\n\t<meta name=\"twitter:label2\" content=\"Tiempo de lectura\" \/>\n\t<meta name=\"twitter:data2\" content=\"1 minuto\" \/>\n<script type=\"application\/ld+json\" class=\"yoast-schema-graph\">{\"@context\":\"https:\\\/\\\/schema.org\",\"@graph\":[{\"@type\":\"Article\",\"@id\":\"https:\\\/\\\/diariotextual.com\\\/inicio\\\/index.php\\\/2023\\\/07\\\/24\\\/en-un-mes-de-crecida-el-lago-casa-de-piedra-subio-de-nivel-214-metros\\\/#article\",\"isPartOf\":{\"@id\":\"https:\\\/\\\/diariotextual.com\\\/inicio\\\/index.php\\\/2023\\\/07\\\/24\\\/en-un-mes-de-crecida-el-lago-casa-de-piedra-subio-de-nivel-214-metros\\\/\"},\"author\":{\"name\":\"Diario1 Diario1\",\"@id\":\"https:\\\/\\\/diariotextual.com\\\/inicio\\\/#\\\/schema\\\/person\\\/418fc4093c33e86ed41562db3508f958\"},\"headline\":\"En un mes de crecida el lago Casa de Piedra subi\u00f3 de nivel 2,14 metros\",\"datePublished\":\"2023-07-24T13:14:44+00:00\",\"dateModified\":\"2023-07-25T21:34:51+00:00\",\"mainEntityOfPage\":{\"@id\":\"https:\\\/\\\/diariotextual.com\\\/inicio\\\/index.php\\\/2023\\\/07\\\/24\\\/en-un-mes-de-crecida-el-lago-casa-de-piedra-subio-de-nivel-214-metros\\\/\"},\"wordCount\":218,\"publisher\":{\"@id\":\"https:\\\/\\\/diariotextual.com\\\/inicio\\\/#organization\"},\"image\":{\"@id\":\"https:\\\/\\\/diariotextual.com\\\/inicio\\\/index.php\\\/2023\\\/07\\\/24\\\/en-un-mes-de-crecida-el-lago-casa-de-piedra-subio-de-nivel-214-metros\\\/#primaryimage\"},\"thumbnailUrl\":\"https:\\\/\\\/diariotextual.com\\\/inicio\\\/wp-content\\\/uploads\\\/2023\\\/06\\\/casadepiedralago2023-10.jpg\",\"articleSection\":[\"A - ES NOTICIA (van abajo)\",\"SOCIEDAD\"],\"inLanguage\":\"es\"},{\"@type\":\"WebPage\",\"@id\":\"https:\\\/\\\/diariotextual.com\\\/inicio\\\/index.php\\\/2023\\\/07\\\/24\\\/en-un-mes-de-crecida-el-lago-casa-de-piedra-subio-de-nivel-214-metros\\\/\",\"url\":\"https:\\\/\\\/diariotextual.com\\\/inicio\\\/index.php\\\/2023\\\/07\\\/24\\\/en-un-mes-de-crecida-el-lago-casa-de-piedra-subio-de-nivel-214-metros\\\/\",\"name\":\"En un mes de crecida el lago Casa de Piedra subi\u00f3 de nivel 2,14 metros - Diario Textual\",\"isPartOf\":{\"@id\":\"https:\\\/\\\/diariotextual.com\\\/inicio\\\/#website\"},\"primaryImageOfPage\":{\"@id\":\"https:\\\/\\\/diariotextual.com\\\/inicio\\\/index.php\\\/2023\\\/07\\\/24\\\/en-un-mes-de-crecida-el-lago-casa-de-piedra-subio-de-nivel-214-metros\\\/#primaryimage\"},\"image\":{\"@id\":\"https:\\\/\\\/diariotextual.com\\\/inicio\\\/index.php\\\/2023\\\/07\\\/24\\\/en-un-mes-de-crecida-el-lago-casa-de-piedra-subio-de-nivel-214-metros\\\/#primaryimage\"},\"thumbnailUrl\":\"https:\\\/\\\/diariotextual.com\\\/inicio\\\/wp-content\\\/uploads\\\/2023\\\/06\\\/casadepiedralago2023-10.jpg\",\"datePublished\":\"2023-07-24T13:14:44+00:00\",\"dateModified\":\"2023-07-25T21:34:51+00:00\",\"breadcrumb\":{\"@id\":\"https:\\\/\\\/diariotextual.com\\\/inicio\\\/index.php\\\/2023\\\/07\\\/24\\\/en-un-mes-de-crecida-el-lago-casa-de-piedra-subio-de-nivel-214-metros\\\/#breadcrumb\"},\"inLanguage\":\"es\",\"potentialAction\":[{\"@type\":\"ReadAction\",\"target\":[\"https:\\\/\\\/diariotextual.com\\\/inicio\\\/index.php\\\/2023\\\/07\\\/24\\\/en-un-mes-de-crecida-el-lago-casa-de-piedra-subio-de-nivel-214-metros\\\/\"]}]},{\"@type\":\"ImageObject\",\"inLanguage\":\"es\",\"@id\":\"https:\\\/\\\/diariotextual.com\\\/inicio\\\/index.php\\\/2023\\\/07\\\/24\\\/en-un-mes-de-crecida-el-lago-casa-de-piedra-subio-de-nivel-214-metros\\\/#primaryimage\",\"url\":\"https:\\\/\\\/diariotextual.com\\\/inicio\\\/wp-content\\\/uploads\\\/2023\\\/06\\\/casadepiedralago2023-10.jpg\",\"contentUrl\":\"https:\\\/\\\/diariotextual.com\\\/inicio\\\/wp-content\\\/uploads\\\/2023\\\/06\\\/casadepiedralago2023-10.jpg\",\"width\":1280,\"height\":720},{\"@type\":\"BreadcrumbList\",\"@id\":\"https:\\\/\\\/diariotextual.com\\\/inicio\\\/index.php\\\/2023\\\/07\\\/24\\\/en-un-mes-de-crecida-el-lago-casa-de-piedra-subio-de-nivel-214-metros\\\/#breadcrumb\",\"itemListElement\":[{\"@type\":\"ListItem\",\"position\":1,\"name\":\"Portada\",\"item\":\"https:\\\/\\\/diariotextual.com\\\/inicio\\\/\"},{\"@type\":\"ListItem\",\"position\":2,\"name\":\"En un mes de crecida el lago Casa de Piedra subi\u00f3 de nivel 2,14 metros\"}]},{\"@type\":\"WebSite\",\"@id\":\"https:\\\/\\\/diariotextual.com\\\/inicio\\\/#website\",\"url\":\"https:\\\/\\\/diariotextual.com\\\/inicio\\\/\",\"name\":\"Diario Textual\",\"description\":\"\",\"publisher\":{\"@id\":\"https:\\\/\\\/diariotextual.com\\\/inicio\\\/#organization\"},\"potentialAction\":[{\"@type\":\"SearchAction\",\"target\":{\"@type\":\"EntryPoint\",\"urlTemplate\":\"https:\\\/\\\/diariotextual.com\\\/inicio\\\/?s={search_term_string}\"},\"query-input\":{\"@type\":\"PropertyValueSpecification\",\"valueRequired\":true,\"valueName\":\"search_term_string\"}}],\"inLanguage\":\"es\"},{\"@type\":\"Organization\",\"@id\":\"https:\\\/\\\/diariotextual.com\\\/inicio\\\/#organization\",\"name\":\"Diario Textual\",\"url\":\"https:\\\/\\\/diariotextual.com\\\/inicio\\\/\",\"logo\":{\"@type\":\"ImageObject\",\"inLanguage\":\"es\",\"@id\":\"https:\\\/\\\/diariotextual.com\\\/inicio\\\/#\\\/schema\\\/logo\\\/image\\\/\",\"url\":\"https:\\\/\\\/diariotextual.com\\\/inicio\\\/wp-content\\\/uploads\\\/2023\\\/05\\\/logotextual1.jpg\",\"contentUrl\":\"https:\\\/\\\/diariotextual.com\\\/inicio\\\/wp-content\\\/uploads\\\/2023\\\/05\\\/logotextual1.jpg\",\"width\":516,\"height\":76,\"caption\":\"Diario Textual\"},\"image\":{\"@id\":\"https:\\\/\\\/diariotextual.com\\\/inicio\\\/#\\\/schema\\\/logo\\\/image\\\/\"},\"sameAs\":[\"https:\\\/\\\/www.facebook.com\\\/eltextual\",\"https:\\\/\\\/x.com\\\/eltextual\",\"http:\\\/\\\/www.instagram.com\\\/eltextual\"]},{\"@type\":\"Person\",\"@id\":\"https:\\\/\\\/diariotextual.com\\\/inicio\\\/#\\\/schema\\\/person\\\/418fc4093c33e86ed41562db3508f958\",\"name\":\"Diario1 Diario1\",\"image\":{\"@type\":\"ImageObject\",\"inLanguage\":\"es\",\"@id\":\"https:\\\/\\\/secure.gravatar.com\\\/avatar\\\/9167d280179c85bc18be67aa7eda765854300033af4896dd779b608640f2ef7a?s=96&d=mm&r=g\",\"url\":\"https:\\\/\\\/secure.gravatar.com\\\/avatar\\\/9167d280179c85bc18be67aa7eda765854300033af4896dd779b608640f2ef7a?s=96&d=mm&r=g\",\"contentUrl\":\"https:\\\/\\\/secure.gravatar.com\\\/avatar\\\/9167d280179c85bc18be67aa7eda765854300033af4896dd779b608640f2ef7a?s=96&d=mm&r=g\",\"caption\":\"Diario1 Diario1\"},\"url\":\"https:\\\/\\\/diariotextual.com\\\/inicio\\\/index.php\\\/author\\\/diario1\\\/\"}]}<\/script>\n<!-- \/ Yoast SEO plugin. -->","yoast_head_json":{"title":"En un mes de crecida el lago Casa de Piedra subi\u00f3 de nivel 2,14 metros - Diario Textual","robots":{"index":"index","follow":"follow","max-snippet":"max-snippet:-1","max-image-preview":"max-image-preview:large","max-video-preview":"max-video-preview:-1"},"canonical":"https:\/\/diariotextual.com\/inicio\/index.php\/2023\/07\/24\/en-un-mes-de-crecida-el-lago-casa-de-piedra-subio-de-nivel-214-metros\/","og_locale":"es_ES","og_type":"article","og_title":"En un mes de crecida el lago Casa de Piedra subi\u00f3 de nivel 2,14 metros - Diario Textual","og_description":"El lago Casa de Piedra creci\u00f3 en un mes cuatro veces m\u00e1s de lo previsto a ra\u00edz de las lluvias en la cuenca alta del r\u00edo Colorado que se iniciaron&hellip;","og_url":"https:\/\/diariotextual.com\/inicio\/index.php\/2023\/07\/24\/en-un-mes-de-crecida-el-lago-casa-de-piedra-subio-de-nivel-214-metros\/","og_site_name":"Diario Textual","article_publisher":"https:\/\/www.facebook.com\/eltextual","article_published_time":"2023-07-24T13:14:44+00:00","article_modified_time":"2023-07-25T21:34:51+00:00","og_image":[{"width":1280,"height":720,"url":"https:\/\/diariotextual.com\/inicio\/wp-content\/uploads\/2023\/06\/casadepiedralago2023-10.jpg","type":"image\/jpeg"}],"author":"Diario1 Diario1","twitter_card":"summary_large_image","twitter_creator":"@eltextual","twitter_site":"@eltextual","twitter_misc":{"Escrito por":"Diario1 Diario1","Tiempo de lectura":"1 minuto"},"schema":{"@context":"https:\/\/schema.org","@graph":[{"@type":"Article","@id":"https:\/\/diariotextual.com\/inicio\/index.php\/2023\/07\/24\/en-un-mes-de-crecida-el-lago-casa-de-piedra-subio-de-nivel-214-metros\/#article","isPartOf":{"@id":"https:\/\/diariotextual.com\/inicio\/index.php\/2023\/07\/24\/en-un-mes-de-crecida-el-lago-casa-de-piedra-subio-de-nivel-214-metros\/"},"author":{"name":"Diario1 Diario1","@id":"https:\/\/diariotextual.com\/inicio\/#\/schema\/person\/418fc4093c33e86ed41562db3508f958"},"headline":"En un mes de crecida el lago Casa de Piedra subi\u00f3 de nivel 2,14 metros","datePublished":"2023-07-24T13:14:44+00:00","dateModified":"2023-07-25T21:34:51+00:00","mainEntityOfPage":{"@id":"https:\/\/diariotextual.com\/inicio\/index.php\/2023\/07\/24\/en-un-mes-de-crecida-el-lago-casa-de-piedra-subio-de-nivel-214-metros\/"},"wordCount":218,"publisher":{"@id":"https:\/\/diariotextual.com\/inicio\/#organization"},"image":{"@id":"https:\/\/diariotextual.com\/inicio\/index.php\/2023\/07\/24\/en-un-mes-de-crecida-el-lago-casa-de-piedra-subio-de-nivel-214-metros\/#primaryimage"},"thumbnailUrl":"https:\/\/diariotextual.com\/inicio\/wp-content\/uploads\/2023\/06\/casadepiedralago2023-10.jpg","articleSection":["A - ES NOTICIA (van abajo)","SOCIEDAD"],"inLanguage":"es"},{"@type":"WebPage","@id":"https:\/\/diariotextual.com\/inicio\/index.php\/2023\/07\/24\/en-un-mes-de-crecida-el-lago-casa-de-piedra-subio-de-nivel-214-metros\/","url":"https:\/\/diariotextual.com\/inicio\/index.php\/2023\/07\/24\/en-un-mes-de-crecida-el-lago-casa-de-piedra-subio-de-nivel-214-metros\/","name":"En un mes de crecida el lago Casa de Piedra subi\u00f3 de nivel 2,14 metros - Diario Textual","isPartOf":{"@id":"https:\/\/diariotextual.com\/inicio\/#website"},"primaryImageOfPage":{"@id":"https:\/\/diariotextual.com\/inicio\/index.php\/2023\/07\/24\/en-un-mes-de-crecida-el-lago-casa-de-piedra-subio-de-nivel-214-metros\/#primaryimage"},"image":{"@id":"https:\/\/diariotextual.com\/inicio\/index.php\/2023\/07\/24\/en-un-mes-de-crecida-el-lago-casa-de-piedra-subio-de-nivel-214-metros\/#primaryimage"},"thumbnailUrl":"https:\/\/diariotextual.com\/inicio\/wp-content\/uploads\/2023\/06\/casadepiedralago2023-10.jpg","datePublished":"2023-07-24T13:14:44+00:00","dateModified":"2023-07-25T21:34:51+00:00","breadcrumb":{"@id":"https:\/\/diariotextual.com\/inicio\/index.php\/2023\/07\/24\/en-un-mes-de-crecida-el-lago-casa-de-piedra-subio-de-nivel-214-metros\/#breadcrumb"},"inLanguage":"es","potentialAction":[{"@type":"ReadAction","target":["https:\/\/diariotextual.com\/inicio\/index.php\/2023\/07\/24\/en-un-mes-de-crecida-el-lago-casa-de-piedra-subio-de-nivel-214-metros\/"]}]},{"@type":"ImageObject","inLanguage":"es","@id":"https:\/\/diariotextual.com\/inicio\/index.php\/2023\/07\/24\/en-un-mes-de-crecida-el-lago-casa-de-piedra-subio-de-nivel-214-metros\/#primaryimage","url":"https:\/\/diariotextual.com\/inicio\/wp-content\/uploads\/2023\/06\/casadepiedralago2023-10.jpg","contentUrl":"https:\/\/diariotextual.com\/inicio\/wp-content\/uploads\/2023\/06\/casadepiedralago2023-10.jpg","width":1280,"height":720},{"@type":"BreadcrumbList","@id":"https:\/\/diariotextual.com\/inicio\/index.php\/2023\/07\/24\/en-un-mes-de-crecida-el-lago-casa-de-piedra-subio-de-nivel-214-metros\/#breadcrumb","itemListElement":[{"@type":"ListItem","position":1,"name":"Portada","item":"https:\/\/diariotextual.com\/inicio\/"},{"@type":"ListItem","position":2,"name":"En un mes de crecida el lago Casa de Piedra subi\u00f3 de nivel 2,14 metros"}]},{"@type":"WebSite","@id":"https:\/\/diariotextual.com\/inicio\/#website","url":"https:\/\/diariotextual.com\/inicio\/","name":"Diario Textual","description":"","publisher":{"@id":"https:\/\/diariotextual.com\/inicio\/#organization"},"potentialAction":[{"@type":"SearchAction","target":{"@type":"EntryPoint","urlTemplate":"https:\/\/diariotextual.com\/inicio\/?s={search_term_string}"},"query-input":{"@type":"PropertyValueSpecification","valueRequired":true,"valueName":"search_term_string"}}],"inLanguage":"es"},{"@type":"Organization","@id":"https:\/\/diariotextual.com\/inicio\/#organization","name":"Diario Textual","url":"https:\/\/diariotextual.com\/inicio\/","logo":{"@type":"ImageObject","inLanguage":"es","@id":"https:\/\/diariotextual.com\/inicio\/#\/schema\/logo\/image\/","url":"https:\/\/diariotextual.com\/inicio\/wp-content\/uploads\/2023\/05\/logotextual1.jpg","contentUrl":"https:\/\/diariotextual.com\/inicio\/wp-content\/uploads\/2023\/05\/logotextual1.jpg","width":516,"height":76,"caption":"Diario Textual"},"image":{"@id":"https:\/\/diariotextual.com\/inicio\/#\/schema\/logo\/image\/"},"sameAs":["https:\/\/www.facebook.com\/eltextual","https:\/\/x.com\/eltextual","http:\/\/www.instagram.com\/eltextual"]},{"@type":"Person","@id":"https:\/\/diariotextual.com\/inicio\/#\/schema\/person\/418fc4093c33e86ed41562db3508f958","name":"Diario1 Diario1","image":{"@type":"ImageObject","inLanguage":"es","@id":"https:\/\/secure.gravatar.com\/avatar\/9167d280179c85bc18be67aa7eda765854300033af4896dd779b608640f2ef7a?s=96&d=mm&r=g","url":"https:\/\/secure.gravatar.com\/avatar\/9167d280179c85bc18be67aa7eda765854300033af4896dd779b608640f2ef7a?s=96&d=mm&r=g","contentUrl":"https:\/\/secure.gravatar.com\/avatar\/9167d280179c85bc18be67aa7eda765854300033af4896dd779b608640f2ef7a?s=96&d=mm&r=g","caption":"Diario1 Diario1"},"url":"https:\/\/diariotextual.com\/inicio\/index.php\/author\/diario1\/"}]}},"_links":{"self":[{"href":"https:\/\/diariotextual.com\/inicio\/index.php\/wp-json\/wp\/v2\/posts\/231650","targetHints":{"allow":["GET"]}}],"collection":[{"href":"https:\/\/diariotextual.com\/inicio\/index.php\/wp-json\/wp\/v2\/posts"}],"about":[{"href":"https:\/\/diariotextual.com\/inicio\/index.php\/wp-json\/wp\/v2\/types\/post"}],"author":[{"embeddable":true,"href":"https:\/\/diariotextual.com\/inicio\/index.php\/wp-json\/wp\/v2\/users\/3"}],"replies":[{"embeddable":true,"href":"https:\/\/diariotextual.com\/inicio\/index.php\/wp-json\/wp\/v2\/comments?post=231650"}],"version-history":[{"count":2,"href":"https:\/\/diariotextual.com\/inicio\/index.php\/wp-json\/wp\/v2\/posts\/231650\/revisions"}],"predecessor-version":[{"id":231653,"href":"https:\/\/diariotextual.com\/inicio\/index.php\/wp-json\/wp\/v2\/posts\/231650\/revisions\/231653"}],"wp:featuredmedia":[{"embeddable":true,"href":"https:\/\/diariotextual.com\/inicio\/index.php\/wp-json\/wp\/v2\/media\/229899"}],"wp:attachment":[{"href":"https:\/\/diariotextual.com\/inicio\/index.php\/wp-json\/wp\/v2\/media?parent=231650"}],"wp:term":[{"taxonomy":"category","embeddable":true,"href":"https:\/\/diariotextual.com\/inicio\/index.php\/wp-json\/wp\/v2\/categories?post=231650"},{"taxonomy":"post_tag","embeddable":true,"href":"https:\/\/diariotextual.com\/inicio\/index.php\/wp-json\/wp\/v2\/tags?post=231650"}],"curies":[{"name":"wp","href":"https:\/\/api.w.org\/{rel}","templated":true}]}}