{"id":231657,"date":"2023-07-24T12:28:18","date_gmt":"2023-07-24T15:28:18","guid":{"rendered":"https:\/\/diariotextual.com\/inicio\/?p=231657"},"modified":"2023-07-24T19:30:16","modified_gmt":"2023-07-24T22:30:16","slug":"un-padrastro-condenado-a-ocho-anos-de-prision-por-abusos-a-una-nena","status":"publish","type":"post","link":"https:\/\/diariotextual.com\/inicio\/index.php\/2023\/07\/24\/un-padrastro-condenado-a-ocho-anos-de-prision-por-abusos-a-una-nena\/","title":{"rendered":"Un padrastro condenado a ocho a\u00f1os de prisi\u00f3n por abusos a una nena"},"content":{"rendered":"\n<p>Un padrastro fue condenado hoy a ocho a\u00f1os de prisi\u00f3n, por ser hallado culpable de abuso sexual simple de una menor de 13 a\u00f1os, gravemente ultrajante por las circunstancias de su realizaci\u00f3n y agravado por la situaci\u00f3n de convivencia preexistente con la v\u00edctima; como delito continuado.<\/p>\n\n\n\n<p>La sentencia fue dictada por la jueza de audiencia santarrose\u00f1a, Alejandra Ongaro, a partir de un pedido de juicio abreviado, y los hechos fueron enmarcados en las leyes 26.016 de Protecci\u00f3n integral de los derechos de ni\u00f1as, ni\u00f1os y adolescentes; y 26485 de Protecci\u00f3n integral contras las mujeres. Adem\u00e1s, la magistrada orden\u00f3 la inmediata detenci\u00f3n del acusado una vez que el fallo quede firme; mientras tanto dispuso que se mantengan las medidas sustitutivas de la prisi\u00f3n preventiva.<\/p>\n\n\n\n<p>Con las pruebas reunidas durante la investigaci\u00f3n fiscal preparatoria qued\u00f3 demostrado que el imputado, de 39 a\u00f1os, oblig\u00f3 a la hija de su pareja \u2013con quienes conviv\u00eda\u2013 realizarle tocamientos y hacerla mirar canales para adultos en el televisor. Ello ocurri\u00f3 mientras su esposa, y mam\u00e1 de la ni\u00f1a, no estaba en la casa.<\/p>\n\n\n\n<p>Tambi\u00e9n, en reiteradas oportunidades, repiti\u00f3 esa conducta yendo al dormitorio de la peque\u00f1a cuando ella dorm\u00eda, y en dos o tres ocasiones la forz\u00f3 a tener sexo oral en un veh\u00edculo que utilizaba como taxi no autorizado. Todas las agresiones ocurrieron entre que la ni\u00f1a tuvo cinco y siete a\u00f1os.<\/p>\n\n\n\n<p>La denuncia fue promovida por la progenitora de la v\u00edctima y el abreviado, acordado entre el fiscal Walter Martos, la defensora oficial Silvina Blanco G\u00f3mez y el propio acusado \u2013quien admiti\u00f3 haber cometido el delito\u2013, tambi\u00e9n cont\u00f3 con el consentimiento de aquella y del padre biol\u00f3gico.<\/p>\n\n\n\n<p>Ongaro evalu\u00f3, entre otras pruebas, informes m\u00e9dicos, de la Unidad Funcional de G\u00e9nero, Ni\u00f1ez y Adolescencia y de la Oficina de Atenci\u00f3n a la V\u00edctima y los Testigos, la declaraci\u00f3n de la ni\u00f1a y de otras dos testigos en C\u00e1mara Gesell; un informe psicol\u00f3gico; etc. Adem\u00e1s, en la parte resolutiva del fallo, dispuso que se notifica de \u00e9l al Registro de Procedimiento y Notificaci\u00f3n de Antecedentes de Condenados por delitos contra la integridad sexual.<\/p>\n\n\n\n<p>\u201cEl imputado se aprovech\u00f3 siempre de su posici\u00f3n de preeminencia respecto a la v\u00edctima \u2013por ser una persona adulta, ser la pareja de su madre y a su vez cumplir un rol de padre\u2013-, realizando reiteradamente los actos de contenido sexual\u201d, expres\u00f3 la magistrada.<\/p>\n\n\n\n<p>Finalmente dispuso que se informe de la sentencia al Registro de Procedimiento y Notificaci\u00f3n de antecedentes de condenados por delitos contra la integridad sexual para que el acusado sea incorporado a \u00e9l.\u200b<\/p>\n","protected":false},"excerpt":{"rendered":"<p>Un padrastro fue condenado hoy a ocho a\u00f1os de prisi\u00f3n, por ser hallado culpable de abuso sexual simple de una menor de 13 a\u00f1os, gravemente ultrajante por las circunstancias de&hellip;<\/p>\n","protected":false},"author":3,"featured_media":5698,"comment_status":"closed","ping_status":"open","sticky":false,"template":"","format":"standard","meta":{"_acf_changed":false,"footnotes":""},"categories":[1,12],"tags":[],"class_list":["post-231657","post","type-post","status-publish","format-standard","has-post-thumbnail","hentry","category-es-noticia","category-sociedad"],"acf":[],"yoast_head":"<!-- This site is optimized with the Yoast SEO plugin v27.5 - https:\/\/yoast.com\/product\/yoast-seo-wordpress\/ -->\n<title>Un padrastro condenado a ocho a\u00f1os de prisi\u00f3n por abusos a una nena - Diario Textual<\/title>\n<meta name=\"robots\" content=\"index, follow, max-snippet:-1, max-image-preview:large, max-video-preview:-1\" \/>\n<link rel=\"canonical\" href=\"https:\/\/diariotextual.com\/inicio\/index.php\/2023\/07\/24\/un-padrastro-condenado-a-ocho-anos-de-prision-por-abusos-a-una-nena\/\" \/>\n<meta property=\"og:locale\" content=\"es_ES\" \/>\n<meta property=\"og:type\" content=\"article\" \/>\n<meta property=\"og:title\" content=\"Un padrastro condenado a ocho a\u00f1os de prisi\u00f3n por abusos a una nena - Diario Textual\" \/>\n<meta property=\"og:description\" content=\"Un padrastro fue condenado hoy a ocho a\u00f1os de prisi\u00f3n, por ser hallado culpable de abuso sexual simple de una menor de 13 a\u00f1os, gravemente ultrajante por las circunstancias de&hellip;\" \/>\n<meta property=\"og:url\" content=\"https:\/\/diariotextual.com\/inicio\/index.php\/2023\/07\/24\/un-padrastro-condenado-a-ocho-anos-de-prision-por-abusos-a-una-nena\/\" \/>\n<meta property=\"og:site_name\" content=\"Diario Textual\" \/>\n<meta property=\"article:publisher\" content=\"https:\/\/www.facebook.com\/eltextual\" \/>\n<meta property=\"article:published_time\" content=\"2023-07-24T15:28:18+00:00\" \/>\n<meta property=\"article:modified_time\" content=\"2023-07-24T22:30:16+00:00\" \/>\n<meta property=\"og:image\" content=\"https:\/\/diariotextual.com\/inicio\/wp-content\/uploads\/2018\/04\/centrojudicialstarosa2222.jpg\" \/>\n\t<meta property=\"og:image:width\" content=\"650\" \/>\n\t<meta property=\"og:image:height\" content=\"426\" \/>\n\t<meta property=\"og:image:type\" content=\"image\/jpeg\" \/>\n<meta name=\"author\" content=\"Diario1 Diario1\" \/>\n<meta name=\"twitter:card\" content=\"summary_large_image\" \/>\n<meta name=\"twitter:creator\" content=\"@eltextual\" \/>\n<meta name=\"twitter:site\" content=\"@eltextual\" \/>\n<meta name=\"twitter:label1\" content=\"Escrito por\" \/>\n\t<meta name=\"twitter:data1\" content=\"Diario1 Diario1\" \/>\n\t<meta name=\"twitter:label2\" content=\"Tiempo de lectura\" \/>\n\t<meta name=\"twitter:data2\" content=\"2 minutos\" \/>\n<script type=\"application\/ld+json\" class=\"yoast-schema-graph\">{\"@context\":\"https:\\\/\\\/schema.org\",\"@graph\":[{\"@type\":\"Article\",\"@id\":\"https:\\\/\\\/diariotextual.com\\\/inicio\\\/index.php\\\/2023\\\/07\\\/24\\\/un-padrastro-condenado-a-ocho-anos-de-prision-por-abusos-a-una-nena\\\/#article\",\"isPartOf\":{\"@id\":\"https:\\\/\\\/diariotextual.com\\\/inicio\\\/index.php\\\/2023\\\/07\\\/24\\\/un-padrastro-condenado-a-ocho-anos-de-prision-por-abusos-a-una-nena\\\/\"},\"author\":{\"name\":\"Diario1 Diario1\",\"@id\":\"https:\\\/\\\/diariotextual.com\\\/inicio\\\/#\\\/schema\\\/person\\\/418fc4093c33e86ed41562db3508f958\"},\"headline\":\"Un padrastro condenado a ocho a\u00f1os de prisi\u00f3n por abusos a una nena\",\"datePublished\":\"2023-07-24T15:28:18+00:00\",\"dateModified\":\"2023-07-24T22:30:16+00:00\",\"mainEntityOfPage\":{\"@id\":\"https:\\\/\\\/diariotextual.com\\\/inicio\\\/index.php\\\/2023\\\/07\\\/24\\\/un-padrastro-condenado-a-ocho-anos-de-prision-por-abusos-a-una-nena\\\/\"},\"wordCount\":476,\"publisher\":{\"@id\":\"https:\\\/\\\/diariotextual.com\\\/inicio\\\/#organization\"},\"image\":{\"@id\":\"https:\\\/\\\/diariotextual.com\\\/inicio\\\/index.php\\\/2023\\\/07\\\/24\\\/un-padrastro-condenado-a-ocho-anos-de-prision-por-abusos-a-una-nena\\\/#primaryimage\"},\"thumbnailUrl\":\"https:\\\/\\\/diariotextual.com\\\/inicio\\\/wp-content\\\/uploads\\\/2018\\\/04\\\/centrojudicialstarosa2222.jpg\",\"articleSection\":[\"A - ES NOTICIA (van abajo)\",\"SOCIEDAD\"],\"inLanguage\":\"es\"},{\"@type\":\"WebPage\",\"@id\":\"https:\\\/\\\/diariotextual.com\\\/inicio\\\/index.php\\\/2023\\\/07\\\/24\\\/un-padrastro-condenado-a-ocho-anos-de-prision-por-abusos-a-una-nena\\\/\",\"url\":\"https:\\\/\\\/diariotextual.com\\\/inicio\\\/index.php\\\/2023\\\/07\\\/24\\\/un-padrastro-condenado-a-ocho-anos-de-prision-por-abusos-a-una-nena\\\/\",\"name\":\"Un padrastro condenado a ocho a\u00f1os de prisi\u00f3n por abusos a una nena - Diario Textual\",\"isPartOf\":{\"@id\":\"https:\\\/\\\/diariotextual.com\\\/inicio\\\/#website\"},\"primaryImageOfPage\":{\"@id\":\"https:\\\/\\\/diariotextual.com\\\/inicio\\\/index.php\\\/2023\\\/07\\\/24\\\/un-padrastro-condenado-a-ocho-anos-de-prision-por-abusos-a-una-nena\\\/#primaryimage\"},\"image\":{\"@id\":\"https:\\\/\\\/diariotextual.com\\\/inicio\\\/index.php\\\/2023\\\/07\\\/24\\\/un-padrastro-condenado-a-ocho-anos-de-prision-por-abusos-a-una-nena\\\/#primaryimage\"},\"thumbnailUrl\":\"https:\\\/\\\/diariotextual.com\\\/inicio\\\/wp-content\\\/uploads\\\/2018\\\/04\\\/centrojudicialstarosa2222.jpg\",\"datePublished\":\"2023-07-24T15:28:18+00:00\",\"dateModified\":\"2023-07-24T22:30:16+00:00\",\"breadcrumb\":{\"@id\":\"https:\\\/\\\/diariotextual.com\\\/inicio\\\/index.php\\\/2023\\\/07\\\/24\\\/un-padrastro-condenado-a-ocho-anos-de-prision-por-abusos-a-una-nena\\\/#breadcrumb\"},\"inLanguage\":\"es\",\"potentialAction\":[{\"@type\":\"ReadAction\",\"target\":[\"https:\\\/\\\/diariotextual.com\\\/inicio\\\/index.php\\\/2023\\\/07\\\/24\\\/un-padrastro-condenado-a-ocho-anos-de-prision-por-abusos-a-una-nena\\\/\"]}]},{\"@type\":\"ImageObject\",\"inLanguage\":\"es\",\"@id\":\"https:\\\/\\\/diariotextual.com\\\/inicio\\\/index.php\\\/2023\\\/07\\\/24\\\/un-padrastro-condenado-a-ocho-anos-de-prision-por-abusos-a-una-nena\\\/#primaryimage\",\"url\":\"https:\\\/\\\/diariotextual.com\\\/inicio\\\/wp-content\\\/uploads\\\/2018\\\/04\\\/centrojudicialstarosa2222.jpg\",\"contentUrl\":\"https:\\\/\\\/diariotextual.com\\\/inicio\\\/wp-content\\\/uploads\\\/2018\\\/04\\\/centrojudicialstarosa2222.jpg\",\"width\":650,\"height\":426},{\"@type\":\"BreadcrumbList\",\"@id\":\"https:\\\/\\\/diariotextual.com\\\/inicio\\\/index.php\\\/2023\\\/07\\\/24\\\/un-padrastro-condenado-a-ocho-anos-de-prision-por-abusos-a-una-nena\\\/#breadcrumb\",\"itemListElement\":[{\"@type\":\"ListItem\",\"position\":1,\"name\":\"Portada\",\"item\":\"https:\\\/\\\/diariotextual.com\\\/inicio\\\/\"},{\"@type\":\"ListItem\",\"position\":2,\"name\":\"Un padrastro condenado a ocho a\u00f1os de prisi\u00f3n por abusos a una nena\"}]},{\"@type\":\"WebSite\",\"@id\":\"https:\\\/\\\/diariotextual.com\\\/inicio\\\/#website\",\"url\":\"https:\\\/\\\/diariotextual.com\\\/inicio\\\/\",\"name\":\"Diario Textual\",\"description\":\"\",\"publisher\":{\"@id\":\"https:\\\/\\\/diariotextual.com\\\/inicio\\\/#organization\"},\"potentialAction\":[{\"@type\":\"SearchAction\",\"target\":{\"@type\":\"EntryPoint\",\"urlTemplate\":\"https:\\\/\\\/diariotextual.com\\\/inicio\\\/?s={search_term_string}\"},\"query-input\":{\"@type\":\"PropertyValueSpecification\",\"valueRequired\":true,\"valueName\":\"search_term_string\"}}],\"inLanguage\":\"es\"},{\"@type\":\"Organization\",\"@id\":\"https:\\\/\\\/diariotextual.com\\\/inicio\\\/#organization\",\"name\":\"Diario Textual\",\"url\":\"https:\\\/\\\/diariotextual.com\\\/inicio\\\/\",\"logo\":{\"@type\":\"ImageObject\",\"inLanguage\":\"es\",\"@id\":\"https:\\\/\\\/diariotextual.com\\\/inicio\\\/#\\\/schema\\\/logo\\\/image\\\/\",\"url\":\"https:\\\/\\\/diariotextual.com\\\/inicio\\\/wp-content\\\/uploads\\\/2023\\\/05\\\/logotextual1.jpg\",\"contentUrl\":\"https:\\\/\\\/diariotextual.com\\\/inicio\\\/wp-content\\\/uploads\\\/2023\\\/05\\\/logotextual1.jpg\",\"width\":516,\"height\":76,\"caption\":\"Diario Textual\"},\"image\":{\"@id\":\"https:\\\/\\\/diariotextual.com\\\/inicio\\\/#\\\/schema\\\/logo\\\/image\\\/\"},\"sameAs\":[\"https:\\\/\\\/www.facebook.com\\\/eltextual\",\"https:\\\/\\\/x.com\\\/eltextual\",\"http:\\\/\\\/www.instagram.com\\\/eltextual\"]},{\"@type\":\"Person\",\"@id\":\"https:\\\/\\\/diariotextual.com\\\/inicio\\\/#\\\/schema\\\/person\\\/418fc4093c33e86ed41562db3508f958\",\"name\":\"Diario1 Diario1\",\"image\":{\"@type\":\"ImageObject\",\"inLanguage\":\"es\",\"@id\":\"https:\\\/\\\/secure.gravatar.com\\\/avatar\\\/9167d280179c85bc18be67aa7eda765854300033af4896dd779b608640f2ef7a?s=96&d=mm&r=g\",\"url\":\"https:\\\/\\\/secure.gravatar.com\\\/avatar\\\/9167d280179c85bc18be67aa7eda765854300033af4896dd779b608640f2ef7a?s=96&d=mm&r=g\",\"contentUrl\":\"https:\\\/\\\/secure.gravatar.com\\\/avatar\\\/9167d280179c85bc18be67aa7eda765854300033af4896dd779b608640f2ef7a?s=96&d=mm&r=g\",\"caption\":\"Diario1 Diario1\"},\"url\":\"https:\\\/\\\/diariotextual.com\\\/inicio\\\/index.php\\\/author\\\/diario1\\\/\"}]}<\/script>\n<!-- \/ Yoast SEO plugin. -->","yoast_head_json":{"title":"Un padrastro condenado a ocho a\u00f1os de prisi\u00f3n por abusos a una nena - Diario Textual","robots":{"index":"index","follow":"follow","max-snippet":"max-snippet:-1","max-image-preview":"max-image-preview:large","max-video-preview":"max-video-preview:-1"},"canonical":"https:\/\/diariotextual.com\/inicio\/index.php\/2023\/07\/24\/un-padrastro-condenado-a-ocho-anos-de-prision-por-abusos-a-una-nena\/","og_locale":"es_ES","og_type":"article","og_title":"Un padrastro condenado a ocho a\u00f1os de prisi\u00f3n por abusos a una nena - Diario Textual","og_description":"Un padrastro fue condenado hoy a ocho a\u00f1os de prisi\u00f3n, por ser hallado culpable de abuso sexual simple de una menor de 13 a\u00f1os, gravemente ultrajante por las circunstancias de&hellip;","og_url":"https:\/\/diariotextual.com\/inicio\/index.php\/2023\/07\/24\/un-padrastro-condenado-a-ocho-anos-de-prision-por-abusos-a-una-nena\/","og_site_name":"Diario Textual","article_publisher":"https:\/\/www.facebook.com\/eltextual","article_published_time":"2023-07-24T15:28:18+00:00","article_modified_time":"2023-07-24T22:30:16+00:00","og_image":[{"width":650,"height":426,"url":"https:\/\/diariotextual.com\/inicio\/wp-content\/uploads\/2018\/04\/centrojudicialstarosa2222.jpg","type":"image\/jpeg"}],"author":"Diario1 Diario1","twitter_card":"summary_large_image","twitter_creator":"@eltextual","twitter_site":"@eltextual","twitter_misc":{"Escrito por":"Diario1 Diario1","Tiempo de lectura":"2 minutos"},"schema":{"@context":"https:\/\/schema.org","@graph":[{"@type":"Article","@id":"https:\/\/diariotextual.com\/inicio\/index.php\/2023\/07\/24\/un-padrastro-condenado-a-ocho-anos-de-prision-por-abusos-a-una-nena\/#article","isPartOf":{"@id":"https:\/\/diariotextual.com\/inicio\/index.php\/2023\/07\/24\/un-padrastro-condenado-a-ocho-anos-de-prision-por-abusos-a-una-nena\/"},"author":{"name":"Diario1 Diario1","@id":"https:\/\/diariotextual.com\/inicio\/#\/schema\/person\/418fc4093c33e86ed41562db3508f958"},"headline":"Un padrastro condenado a ocho a\u00f1os de prisi\u00f3n por abusos a una nena","datePublished":"2023-07-24T15:28:18+00:00","dateModified":"2023-07-24T22:30:16+00:00","mainEntityOfPage":{"@id":"https:\/\/diariotextual.com\/inicio\/index.php\/2023\/07\/24\/un-padrastro-condenado-a-ocho-anos-de-prision-por-abusos-a-una-nena\/"},"wordCount":476,"publisher":{"@id":"https:\/\/diariotextual.com\/inicio\/#organization"},"image":{"@id":"https:\/\/diariotextual.com\/inicio\/index.php\/2023\/07\/24\/un-padrastro-condenado-a-ocho-anos-de-prision-por-abusos-a-una-nena\/#primaryimage"},"thumbnailUrl":"https:\/\/diariotextual.com\/inicio\/wp-content\/uploads\/2018\/04\/centrojudicialstarosa2222.jpg","articleSection":["A - ES NOTICIA (van abajo)","SOCIEDAD"],"inLanguage":"es"},{"@type":"WebPage","@id":"https:\/\/diariotextual.com\/inicio\/index.php\/2023\/07\/24\/un-padrastro-condenado-a-ocho-anos-de-prision-por-abusos-a-una-nena\/","url":"https:\/\/diariotextual.com\/inicio\/index.php\/2023\/07\/24\/un-padrastro-condenado-a-ocho-anos-de-prision-por-abusos-a-una-nena\/","name":"Un padrastro condenado a ocho a\u00f1os de prisi\u00f3n por abusos a una nena - Diario Textual","isPartOf":{"@id":"https:\/\/diariotextual.com\/inicio\/#website"},"primaryImageOfPage":{"@id":"https:\/\/diariotextual.com\/inicio\/index.php\/2023\/07\/24\/un-padrastro-condenado-a-ocho-anos-de-prision-por-abusos-a-una-nena\/#primaryimage"},"image":{"@id":"https:\/\/diariotextual.com\/inicio\/index.php\/2023\/07\/24\/un-padrastro-condenado-a-ocho-anos-de-prision-por-abusos-a-una-nena\/#primaryimage"},"thumbnailUrl":"https:\/\/diariotextual.com\/inicio\/wp-content\/uploads\/2018\/04\/centrojudicialstarosa2222.jpg","datePublished":"2023-07-24T15:28:18+00:00","dateModified":"2023-07-24T22:30:16+00:00","breadcrumb":{"@id":"https:\/\/diariotextual.com\/inicio\/index.php\/2023\/07\/24\/un-padrastro-condenado-a-ocho-anos-de-prision-por-abusos-a-una-nena\/#breadcrumb"},"inLanguage":"es","potentialAction":[{"@type":"ReadAction","target":["https:\/\/diariotextual.com\/inicio\/index.php\/2023\/07\/24\/un-padrastro-condenado-a-ocho-anos-de-prision-por-abusos-a-una-nena\/"]}]},{"@type":"ImageObject","inLanguage":"es","@id":"https:\/\/diariotextual.com\/inicio\/index.php\/2023\/07\/24\/un-padrastro-condenado-a-ocho-anos-de-prision-por-abusos-a-una-nena\/#primaryimage","url":"https:\/\/diariotextual.com\/inicio\/wp-content\/uploads\/2018\/04\/centrojudicialstarosa2222.jpg","contentUrl":"https:\/\/diariotextual.com\/inicio\/wp-content\/uploads\/2018\/04\/centrojudicialstarosa2222.jpg","width":650,"height":426},{"@type":"BreadcrumbList","@id":"https:\/\/diariotextual.com\/inicio\/index.php\/2023\/07\/24\/un-padrastro-condenado-a-ocho-anos-de-prision-por-abusos-a-una-nena\/#breadcrumb","itemListElement":[{"@type":"ListItem","position":1,"name":"Portada","item":"https:\/\/diariotextual.com\/inicio\/"},{"@type":"ListItem","position":2,"name":"Un padrastro condenado a ocho a\u00f1os de prisi\u00f3n por abusos a una nena"}]},{"@type":"WebSite","@id":"https:\/\/diariotextual.com\/inicio\/#website","url":"https:\/\/diariotextual.com\/inicio\/","name":"Diario Textual","description":"","publisher":{"@id":"https:\/\/diariotextual.com\/inicio\/#organization"},"potentialAction":[{"@type":"SearchAction","target":{"@type":"EntryPoint","urlTemplate":"https:\/\/diariotextual.com\/inicio\/?s={search_term_string}"},"query-input":{"@type":"PropertyValueSpecification","valueRequired":true,"valueName":"search_term_string"}}],"inLanguage":"es"},{"@type":"Organization","@id":"https:\/\/diariotextual.com\/inicio\/#organization","name":"Diario Textual","url":"https:\/\/diariotextual.com\/inicio\/","logo":{"@type":"ImageObject","inLanguage":"es","@id":"https:\/\/diariotextual.com\/inicio\/#\/schema\/logo\/image\/","url":"https:\/\/diariotextual.com\/inicio\/wp-content\/uploads\/2023\/05\/logotextual1.jpg","contentUrl":"https:\/\/diariotextual.com\/inicio\/wp-content\/uploads\/2023\/05\/logotextual1.jpg","width":516,"height":76,"caption":"Diario Textual"},"image":{"@id":"https:\/\/diariotextual.com\/inicio\/#\/schema\/logo\/image\/"},"sameAs":["https:\/\/www.facebook.com\/eltextual","https:\/\/x.com\/eltextual","http:\/\/www.instagram.com\/eltextual"]},{"@type":"Person","@id":"https:\/\/diariotextual.com\/inicio\/#\/schema\/person\/418fc4093c33e86ed41562db3508f958","name":"Diario1 Diario1","image":{"@type":"ImageObject","inLanguage":"es","@id":"https:\/\/secure.gravatar.com\/avatar\/9167d280179c85bc18be67aa7eda765854300033af4896dd779b608640f2ef7a?s=96&d=mm&r=g","url":"https:\/\/secure.gravatar.com\/avatar\/9167d280179c85bc18be67aa7eda765854300033af4896dd779b608640f2ef7a?s=96&d=mm&r=g","contentUrl":"https:\/\/secure.gravatar.com\/avatar\/9167d280179c85bc18be67aa7eda765854300033af4896dd779b608640f2ef7a?s=96&d=mm&r=g","caption":"Diario1 Diario1"},"url":"https:\/\/diariotextual.com\/inicio\/index.php\/author\/diario1\/"}]}},"_links":{"self":[{"href":"https:\/\/diariotextual.com\/inicio\/index.php\/wp-json\/wp\/v2\/posts\/231657","targetHints":{"allow":["GET"]}}],"collection":[{"href":"https:\/\/diariotextual.com\/inicio\/index.php\/wp-json\/wp\/v2\/posts"}],"about":[{"href":"https:\/\/diariotextual.com\/inicio\/index.php\/wp-json\/wp\/v2\/types\/post"}],"author":[{"embeddable":true,"href":"https:\/\/diariotextual.com\/inicio\/index.php\/wp-json\/wp\/v2\/users\/3"}],"replies":[{"embeddable":true,"href":"https:\/\/diariotextual.com\/inicio\/index.php\/wp-json\/wp\/v2\/comments?post=231657"}],"version-history":[{"count":1,"href":"https:\/\/diariotextual.com\/inicio\/index.php\/wp-json\/wp\/v2\/posts\/231657\/revisions"}],"predecessor-version":[{"id":231658,"href":"https:\/\/diariotextual.com\/inicio\/index.php\/wp-json\/wp\/v2\/posts\/231657\/revisions\/231658"}],"wp:featuredmedia":[{"embeddable":true,"href":"https:\/\/diariotextual.com\/inicio\/index.php\/wp-json\/wp\/v2\/media\/5698"}],"wp:attachment":[{"href":"https:\/\/diariotextual.com\/inicio\/index.php\/wp-json\/wp\/v2\/media?parent=231657"}],"wp:term":[{"taxonomy":"category","embeddable":true,"href":"https:\/\/diariotextual.com\/inicio\/index.php\/wp-json\/wp\/v2\/categories?post=231657"},{"taxonomy":"post_tag","embeddable":true,"href":"https:\/\/diariotextual.com\/inicio\/index.php\/wp-json\/wp\/v2\/tags?post=231657"}],"curies":[{"name":"wp","href":"https:\/\/api.w.org\/{rel}","templated":true}]}}