{"id":231661,"date":"2023-07-24T13:02:08","date_gmt":"2023-07-24T16:02:08","guid":{"rendered":"https:\/\/diariotextual.com\/inicio\/?p=231661"},"modified":"2023-07-25T10:31:06","modified_gmt":"2023-07-25T13:31:06","slug":"25-de-mayo-ocho-anos-por-abusar-de-una-joven-que-fallecio-en-2020","status":"publish","type":"post","link":"https:\/\/diariotextual.com\/inicio\/index.php\/2023\/07\/24\/25-de-mayo-ocho-anos-por-abusar-de-una-joven-que-fallecio-en-2020\/","title":{"rendered":"25 de Mayo: ocho a\u00f1os por abusar de una joven que falleci\u00f3 en 2020"},"content":{"rendered":"\n<p>El juez de audiencia santarrose\u00f1o, Andr\u00e9s An\u00edbal Oli\u00e9, conden\u00f3 hoy a <strong>un joven de 23 a\u00f1os a ocho a\u00f1os de prisi\u00f3n por ser autor del delito de abuso sexual <\/strong>cometido aprovech\u00e1ndose de que la v\u00edctima no pudo consentir libremente la acci\u00f3n, agravado por haber existido acceso carnal y mediando un contexto de violencia de g\u00e9nero (ley 26485 de Protecci\u00f3n integral contras las mujeres). Tambi\u00e9n dispuso su detenci\u00f3n inmediata una vez que la sentencia quede firme. La v\u00edctima fue Mariana Orihuela, quien se suicid\u00f3 en 2020 en San Rafael, Mendoza.<\/p>\n\n\n\n<p>Con las pruebas reunidas durante el juicio oral, el magistrado dio por probado que mientras el acusado \u2013amigo y compa\u00f1ero de estudios de la adolescente en ese momento de 17 a\u00f1os\u2013 estaba en el interior de un boliche bailable, en 25 de Mayo, acompa\u00f1\u00f3 a la v\u00edctima al exterior ya que \u201cse sinti\u00f3 indispuesta\u201d. Luego <strong>la llev\u00f3 en una Chevrolet Zafira hacia un bald\u00edo y abus\u00f3 de ella <\/strong>\u201caprovechando que no estaba en condiciones psicof\u00edsicas de consentir libremente la acci\u00f3n\u201d.<\/p>\n\n\n\n<p>Durante los alegatos, la fiscala Eugenia Bolzan y el fiscal Juan Bautista M\u00e9ndez hab\u00edan requerido una pena de diez a\u00f1os; y los defensores particulares, Boris Vlasich y Marcelo Piazza, la absoluci\u00f3n del acusado.<\/p>\n\n\n\n<p>Oli\u00e9, al momento de fijar la pena, valor\u00f3 a favor del reo su falta de antecedentes penales, su juventud y que posee empleo estable y un n\u00facleo familiar constituido.<\/p>\n\n\n\n<div style=\"height:100px\" aria-hidden=\"true\" class=\"wp-block-spacer\"><\/div>\n\n\n\n<p><strong>Agravantes<\/strong><\/p>\n\n\n\n<p>En cambio tuvo en cuenta como agravantes que \u201clos amigos, familiares y profesionales que asistieron a Orihuela dieron cuenta de notorios y pronunciados cambios a partir del hecho investigado, que afectaron severamente pr\u00e1cticamente todos sus \u00e1mbitos de relaci\u00f3n\u201d; a\u00f1adiendo que el <strong>estr\u00e9s postraum\u00e1tico que padeci\u00f3 tuvo \u201cestricta y directa vinculaci\u00f3n al hecho\u201d.<\/strong><\/p>\n\n\n\n<p>\u201cPero adem\u00e1s \u2013acot\u00f3 el juez\u2013, tambi\u00e9n se discuti\u00f3 en el debate la significaci\u00f3n que cabr\u00eda darle al suicidio de Orihuela, a poco m\u00e1s de un a\u00f1o del hecho investigado, el 3 de junio de 2020\u201d. Para ello se practic\u00f3 una autopsia psicol\u00f3gica, de la que participaron peritos oficiales y de parte, y todos \u201cestuvieron de acuerdo en considerar al suicidio como un proceso \u2018en el que existen varios factores intervinientes que llevan al sujeto a la decisi\u00f3n de quitarse la vida\u2019\u201d.<\/p>\n\n\n\n<p>M\u00e1s adelante, Oli\u00e9 indic\u00f3 que \u201ces claro que no puedo achacarle al acusado el abandono del tratamiento psicol\u00f3gico, lo cual probablemente hubiera menguado el padecer (de la v\u00edctima); ni su distanciamiento sentimental, ni otras circunstancias que pudieron haber incidido en el complejo multifactorial del suicidio, lo cual violar\u00eda el principio constitucional de culpabilidad penal. Pero s\u00ed, en cambio, debo considerar que el hecho atribuido produjo \u2013de modo directo\u2013 un cuadro de estr\u00e9s postraum\u00e1tico con variada sintomatolog\u00eda y, adem\u00e1s, constituy\u00f3 uno de los varios factores que \u2013de modo mediato- incidieron la decisi\u00f3n final\u201d de la adolescente.<\/p>\n\n\n\n<p>Por otro lado, tambi\u00e9n valor\u00f3 negativamente \u2013al momento de evaluar la sanci\u00f3n punitoria\u2013 \u201cla relaci\u00f3n de amistad que manten\u00edan Orihuela y el acusado\u201d, ya que todos los testigos la reconocieron y la propia adolescente refiri\u00f3 ante una profesional de la medicina que manten\u00edan un v\u00ednculo de absoluta confianza.<\/p>\n\n\n\n<p>\u201cEspecialmente voy a considerar esa condici\u00f3n como agravante, porque precisamente esa relaci\u00f3n previa fue lo que permiti\u00f3 (al imputado) la consumaci\u00f3n del delito. Cuando Mariana se sinti\u00f3 descompuesta, admiti\u00f3 el acompa\u00f1amiento del acusado hacia afuera y luego al auto en raz\u00f3n de esa relaci\u00f3n de amistad y cercan\u00eda afectiva, que precisamente fue aprovechada por aqu\u00e9l\u201d, concluy\u00f3.<\/p>\n\n\n\n<p>Por \u00faltimo, Oli\u00e9, a pedido del Ministerio P\u00fablico Fiscal, ampli\u00f3 las medidas restrictivas vigentes \u2013como sustitutivas de la prisi\u00f3n preventiva\u2013 y orden\u00f3 la prohibici\u00f3n de salida del pa\u00eds del acusado. \u200b<\/p>\n","protected":false},"excerpt":{"rendered":"<p>El juez de audiencia santarrose\u00f1o, Andr\u00e9s An\u00edbal Oli\u00e9, conden\u00f3 hoy a un joven de 23 a\u00f1os a ocho a\u00f1os de prisi\u00f3n por ser autor del delito de abuso sexual cometido&hellip;<\/p>\n","protected":false},"author":4,"featured_media":139180,"comment_status":"closed","ping_status":"open","sticky":false,"template":"","format":"standard","meta":{"_acf_changed":false,"footnotes":""},"categories":[11,12],"tags":[],"class_list":["post-231661","post","type-post","status-publish","format-standard","has-post-thumbnail","hentry","category-que-pasa","category-sociedad"],"acf":[],"yoast_head":"<!-- This site is optimized with the Yoast SEO plugin v27.5 - https:\/\/yoast.com\/product\/yoast-seo-wordpress\/ -->\n<title>25 de Mayo: ocho a\u00f1os por abusar de una joven que falleci\u00f3 en 2020 - Diario Textual<\/title>\n<meta name=\"robots\" content=\"index, follow, max-snippet:-1, max-image-preview:large, max-video-preview:-1\" \/>\n<link rel=\"canonical\" href=\"https:\/\/diariotextual.com\/inicio\/index.php\/2023\/07\/24\/25-de-mayo-ocho-anos-por-abusar-de-una-joven-que-fallecio-en-2020\/\" \/>\n<meta property=\"og:locale\" content=\"es_ES\" \/>\n<meta property=\"og:type\" content=\"article\" \/>\n<meta property=\"og:title\" content=\"25 de Mayo: ocho a\u00f1os por abusar de una joven que falleci\u00f3 en 2020 - Diario Textual\" \/>\n<meta property=\"og:description\" content=\"El juez de audiencia santarrose\u00f1o, Andr\u00e9s An\u00edbal Oli\u00e9, conden\u00f3 hoy a un joven de 23 a\u00f1os a ocho a\u00f1os de prisi\u00f3n por ser autor del delito de abuso sexual cometido&hellip;\" \/>\n<meta property=\"og:url\" content=\"https:\/\/diariotextual.com\/inicio\/index.php\/2023\/07\/24\/25-de-mayo-ocho-anos-por-abusar-de-una-joven-que-fallecio-en-2020\/\" \/>\n<meta property=\"og:site_name\" content=\"Diario Textual\" \/>\n<meta property=\"article:publisher\" content=\"https:\/\/www.facebook.com\/eltextual\" \/>\n<meta property=\"article:published_time\" content=\"2023-07-24T16:02:08+00:00\" \/>\n<meta property=\"article:modified_time\" content=\"2023-07-25T13:31:06+00:00\" \/>\n<meta property=\"og:image\" content=\"https:\/\/diariotextual.com\/inicio\/wp-content\/uploads\/2021\/03\/abusosnoesno001.jpg\" \/>\n\t<meta property=\"og:image:width\" content=\"710\" \/>\n\t<meta property=\"og:image:height\" content=\"399\" \/>\n\t<meta property=\"og:image:type\" content=\"image\/jpeg\" \/>\n<meta name=\"author\" content=\"diario2\" \/>\n<meta name=\"twitter:card\" content=\"summary_large_image\" \/>\n<meta name=\"twitter:creator\" content=\"@eltextual\" \/>\n<meta name=\"twitter:site\" content=\"@eltextual\" \/>\n<meta name=\"twitter:label1\" content=\"Escrito por\" \/>\n\t<meta name=\"twitter:data1\" content=\"diario2\" \/>\n\t<meta name=\"twitter:label2\" content=\"Tiempo de lectura\" \/>\n\t<meta name=\"twitter:data2\" content=\"3 minutos\" \/>\n<script type=\"application\/ld+json\" class=\"yoast-schema-graph\">{\"@context\":\"https:\\\/\\\/schema.org\",\"@graph\":[{\"@type\":\"Article\",\"@id\":\"https:\\\/\\\/diariotextual.com\\\/inicio\\\/index.php\\\/2023\\\/07\\\/24\\\/25-de-mayo-ocho-anos-por-abusar-de-una-joven-que-fallecio-en-2020\\\/#article\",\"isPartOf\":{\"@id\":\"https:\\\/\\\/diariotextual.com\\\/inicio\\\/index.php\\\/2023\\\/07\\\/24\\\/25-de-mayo-ocho-anos-por-abusar-de-una-joven-que-fallecio-en-2020\\\/\"},\"author\":{\"name\":\"diario2\",\"@id\":\"https:\\\/\\\/diariotextual.com\\\/inicio\\\/#\\\/schema\\\/person\\\/694f60677f23c4a530867a98f22b3768\"},\"headline\":\"25 de Mayo: ocho a\u00f1os por abusar de una joven que falleci\u00f3 en 2020\",\"datePublished\":\"2023-07-24T16:02:08+00:00\",\"dateModified\":\"2023-07-25T13:31:06+00:00\",\"mainEntityOfPage\":{\"@id\":\"https:\\\/\\\/diariotextual.com\\\/inicio\\\/index.php\\\/2023\\\/07\\\/24\\\/25-de-mayo-ocho-anos-por-abusar-de-una-joven-que-fallecio-en-2020\\\/\"},\"wordCount\":666,\"publisher\":{\"@id\":\"https:\\\/\\\/diariotextual.com\\\/inicio\\\/#organization\"},\"image\":{\"@id\":\"https:\\\/\\\/diariotextual.com\\\/inicio\\\/index.php\\\/2023\\\/07\\\/24\\\/25-de-mayo-ocho-anos-por-abusar-de-una-joven-que-fallecio-en-2020\\\/#primaryimage\"},\"thumbnailUrl\":\"https:\\\/\\\/diariotextual.com\\\/inicio\\\/wp-content\\\/uploads\\\/2021\\\/03\\\/abusosnoesno001.jpg\",\"articleSection\":[\"A - QUE PASA (al costado)\",\"SOCIEDAD\"],\"inLanguage\":\"es\"},{\"@type\":\"WebPage\",\"@id\":\"https:\\\/\\\/diariotextual.com\\\/inicio\\\/index.php\\\/2023\\\/07\\\/24\\\/25-de-mayo-ocho-anos-por-abusar-de-una-joven-que-fallecio-en-2020\\\/\",\"url\":\"https:\\\/\\\/diariotextual.com\\\/inicio\\\/index.php\\\/2023\\\/07\\\/24\\\/25-de-mayo-ocho-anos-por-abusar-de-una-joven-que-fallecio-en-2020\\\/\",\"name\":\"25 de Mayo: ocho a\u00f1os por abusar de una joven que falleci\u00f3 en 2020 - Diario Textual\",\"isPartOf\":{\"@id\":\"https:\\\/\\\/diariotextual.com\\\/inicio\\\/#website\"},\"primaryImageOfPage\":{\"@id\":\"https:\\\/\\\/diariotextual.com\\\/inicio\\\/index.php\\\/2023\\\/07\\\/24\\\/25-de-mayo-ocho-anos-por-abusar-de-una-joven-que-fallecio-en-2020\\\/#primaryimage\"},\"image\":{\"@id\":\"https:\\\/\\\/diariotextual.com\\\/inicio\\\/index.php\\\/2023\\\/07\\\/24\\\/25-de-mayo-ocho-anos-por-abusar-de-una-joven-que-fallecio-en-2020\\\/#primaryimage\"},\"thumbnailUrl\":\"https:\\\/\\\/diariotextual.com\\\/inicio\\\/wp-content\\\/uploads\\\/2021\\\/03\\\/abusosnoesno001.jpg\",\"datePublished\":\"2023-07-24T16:02:08+00:00\",\"dateModified\":\"2023-07-25T13:31:06+00:00\",\"breadcrumb\":{\"@id\":\"https:\\\/\\\/diariotextual.com\\\/inicio\\\/index.php\\\/2023\\\/07\\\/24\\\/25-de-mayo-ocho-anos-por-abusar-de-una-joven-que-fallecio-en-2020\\\/#breadcrumb\"},\"inLanguage\":\"es\",\"potentialAction\":[{\"@type\":\"ReadAction\",\"target\":[\"https:\\\/\\\/diariotextual.com\\\/inicio\\\/index.php\\\/2023\\\/07\\\/24\\\/25-de-mayo-ocho-anos-por-abusar-de-una-joven-que-fallecio-en-2020\\\/\"]}]},{\"@type\":\"ImageObject\",\"inLanguage\":\"es\",\"@id\":\"https:\\\/\\\/diariotextual.com\\\/inicio\\\/index.php\\\/2023\\\/07\\\/24\\\/25-de-mayo-ocho-anos-por-abusar-de-una-joven-que-fallecio-en-2020\\\/#primaryimage\",\"url\":\"https:\\\/\\\/diariotextual.com\\\/inicio\\\/wp-content\\\/uploads\\\/2021\\\/03\\\/abusosnoesno001.jpg\",\"contentUrl\":\"https:\\\/\\\/diariotextual.com\\\/inicio\\\/wp-content\\\/uploads\\\/2021\\\/03\\\/abusosnoesno001.jpg\",\"width\":710,\"height\":399},{\"@type\":\"BreadcrumbList\",\"@id\":\"https:\\\/\\\/diariotextual.com\\\/inicio\\\/index.php\\\/2023\\\/07\\\/24\\\/25-de-mayo-ocho-anos-por-abusar-de-una-joven-que-fallecio-en-2020\\\/#breadcrumb\",\"itemListElement\":[{\"@type\":\"ListItem\",\"position\":1,\"name\":\"Portada\",\"item\":\"https:\\\/\\\/diariotextual.com\\\/inicio\\\/\"},{\"@type\":\"ListItem\",\"position\":2,\"name\":\"25 de Mayo: ocho a\u00f1os por abusar de una joven que falleci\u00f3 en 2020\"}]},{\"@type\":\"WebSite\",\"@id\":\"https:\\\/\\\/diariotextual.com\\\/inicio\\\/#website\",\"url\":\"https:\\\/\\\/diariotextual.com\\\/inicio\\\/\",\"name\":\"Diario Textual\",\"description\":\"\",\"publisher\":{\"@id\":\"https:\\\/\\\/diariotextual.com\\\/inicio\\\/#organization\"},\"potentialAction\":[{\"@type\":\"SearchAction\",\"target\":{\"@type\":\"EntryPoint\",\"urlTemplate\":\"https:\\\/\\\/diariotextual.com\\\/inicio\\\/?s={search_term_string}\"},\"query-input\":{\"@type\":\"PropertyValueSpecification\",\"valueRequired\":true,\"valueName\":\"search_term_string\"}}],\"inLanguage\":\"es\"},{\"@type\":\"Organization\",\"@id\":\"https:\\\/\\\/diariotextual.com\\\/inicio\\\/#organization\",\"name\":\"Diario Textual\",\"url\":\"https:\\\/\\\/diariotextual.com\\\/inicio\\\/\",\"logo\":{\"@type\":\"ImageObject\",\"inLanguage\":\"es\",\"@id\":\"https:\\\/\\\/diariotextual.com\\\/inicio\\\/#\\\/schema\\\/logo\\\/image\\\/\",\"url\":\"https:\\\/\\\/diariotextual.com\\\/inicio\\\/wp-content\\\/uploads\\\/2023\\\/05\\\/logotextual1.jpg\",\"contentUrl\":\"https:\\\/\\\/diariotextual.com\\\/inicio\\\/wp-content\\\/uploads\\\/2023\\\/05\\\/logotextual1.jpg\",\"width\":516,\"height\":76,\"caption\":\"Diario Textual\"},\"image\":{\"@id\":\"https:\\\/\\\/diariotextual.com\\\/inicio\\\/#\\\/schema\\\/logo\\\/image\\\/\"},\"sameAs\":[\"https:\\\/\\\/www.facebook.com\\\/eltextual\",\"https:\\\/\\\/x.com\\\/eltextual\",\"http:\\\/\\\/www.instagram.com\\\/eltextual\"]},{\"@type\":\"Person\",\"@id\":\"https:\\\/\\\/diariotextual.com\\\/inicio\\\/#\\\/schema\\\/person\\\/694f60677f23c4a530867a98f22b3768\",\"name\":\"diario2\",\"image\":{\"@type\":\"ImageObject\",\"inLanguage\":\"es\",\"@id\":\"https:\\\/\\\/secure.gravatar.com\\\/avatar\\\/5a2567495ba16b852fcd8f1ed006a2e24fcace936018ed8237e95f488ad6e0a7?s=96&d=mm&r=g\",\"url\":\"https:\\\/\\\/secure.gravatar.com\\\/avatar\\\/5a2567495ba16b852fcd8f1ed006a2e24fcace936018ed8237e95f488ad6e0a7?s=96&d=mm&r=g\",\"contentUrl\":\"https:\\\/\\\/secure.gravatar.com\\\/avatar\\\/5a2567495ba16b852fcd8f1ed006a2e24fcace936018ed8237e95f488ad6e0a7?s=96&d=mm&r=g\",\"caption\":\"diario2\"},\"url\":\"https:\\\/\\\/diariotextual.com\\\/inicio\\\/index.php\\\/author\\\/diario2\\\/\"}]}<\/script>\n<!-- \/ Yoast SEO plugin. -->","yoast_head_json":{"title":"25 de Mayo: ocho a\u00f1os por abusar de una joven que falleci\u00f3 en 2020 - Diario Textual","robots":{"index":"index","follow":"follow","max-snippet":"max-snippet:-1","max-image-preview":"max-image-preview:large","max-video-preview":"max-video-preview:-1"},"canonical":"https:\/\/diariotextual.com\/inicio\/index.php\/2023\/07\/24\/25-de-mayo-ocho-anos-por-abusar-de-una-joven-que-fallecio-en-2020\/","og_locale":"es_ES","og_type":"article","og_title":"25 de Mayo: ocho a\u00f1os por abusar de una joven que falleci\u00f3 en 2020 - Diario Textual","og_description":"El juez de audiencia santarrose\u00f1o, Andr\u00e9s An\u00edbal Oli\u00e9, conden\u00f3 hoy a un joven de 23 a\u00f1os a ocho a\u00f1os de prisi\u00f3n por ser autor del delito de abuso sexual cometido&hellip;","og_url":"https:\/\/diariotextual.com\/inicio\/index.php\/2023\/07\/24\/25-de-mayo-ocho-anos-por-abusar-de-una-joven-que-fallecio-en-2020\/","og_site_name":"Diario Textual","article_publisher":"https:\/\/www.facebook.com\/eltextual","article_published_time":"2023-07-24T16:02:08+00:00","article_modified_time":"2023-07-25T13:31:06+00:00","og_image":[{"width":710,"height":399,"url":"https:\/\/diariotextual.com\/inicio\/wp-content\/uploads\/2021\/03\/abusosnoesno001.jpg","type":"image\/jpeg"}],"author":"diario2","twitter_card":"summary_large_image","twitter_creator":"@eltextual","twitter_site":"@eltextual","twitter_misc":{"Escrito por":"diario2","Tiempo de lectura":"3 minutos"},"schema":{"@context":"https:\/\/schema.org","@graph":[{"@type":"Article","@id":"https:\/\/diariotextual.com\/inicio\/index.php\/2023\/07\/24\/25-de-mayo-ocho-anos-por-abusar-de-una-joven-que-fallecio-en-2020\/#article","isPartOf":{"@id":"https:\/\/diariotextual.com\/inicio\/index.php\/2023\/07\/24\/25-de-mayo-ocho-anos-por-abusar-de-una-joven-que-fallecio-en-2020\/"},"author":{"name":"diario2","@id":"https:\/\/diariotextual.com\/inicio\/#\/schema\/person\/694f60677f23c4a530867a98f22b3768"},"headline":"25 de Mayo: ocho a\u00f1os por abusar de una joven que falleci\u00f3 en 2020","datePublished":"2023-07-24T16:02:08+00:00","dateModified":"2023-07-25T13:31:06+00:00","mainEntityOfPage":{"@id":"https:\/\/diariotextual.com\/inicio\/index.php\/2023\/07\/24\/25-de-mayo-ocho-anos-por-abusar-de-una-joven-que-fallecio-en-2020\/"},"wordCount":666,"publisher":{"@id":"https:\/\/diariotextual.com\/inicio\/#organization"},"image":{"@id":"https:\/\/diariotextual.com\/inicio\/index.php\/2023\/07\/24\/25-de-mayo-ocho-anos-por-abusar-de-una-joven-que-fallecio-en-2020\/#primaryimage"},"thumbnailUrl":"https:\/\/diariotextual.com\/inicio\/wp-content\/uploads\/2021\/03\/abusosnoesno001.jpg","articleSection":["A - QUE PASA (al costado)","SOCIEDAD"],"inLanguage":"es"},{"@type":"WebPage","@id":"https:\/\/diariotextual.com\/inicio\/index.php\/2023\/07\/24\/25-de-mayo-ocho-anos-por-abusar-de-una-joven-que-fallecio-en-2020\/","url":"https:\/\/diariotextual.com\/inicio\/index.php\/2023\/07\/24\/25-de-mayo-ocho-anos-por-abusar-de-una-joven-que-fallecio-en-2020\/","name":"25 de Mayo: ocho a\u00f1os por abusar de una joven que falleci\u00f3 en 2020 - Diario Textual","isPartOf":{"@id":"https:\/\/diariotextual.com\/inicio\/#website"},"primaryImageOfPage":{"@id":"https:\/\/diariotextual.com\/inicio\/index.php\/2023\/07\/24\/25-de-mayo-ocho-anos-por-abusar-de-una-joven-que-fallecio-en-2020\/#primaryimage"},"image":{"@id":"https:\/\/diariotextual.com\/inicio\/index.php\/2023\/07\/24\/25-de-mayo-ocho-anos-por-abusar-de-una-joven-que-fallecio-en-2020\/#primaryimage"},"thumbnailUrl":"https:\/\/diariotextual.com\/inicio\/wp-content\/uploads\/2021\/03\/abusosnoesno001.jpg","datePublished":"2023-07-24T16:02:08+00:00","dateModified":"2023-07-25T13:31:06+00:00","breadcrumb":{"@id":"https:\/\/diariotextual.com\/inicio\/index.php\/2023\/07\/24\/25-de-mayo-ocho-anos-por-abusar-de-una-joven-que-fallecio-en-2020\/#breadcrumb"},"inLanguage":"es","potentialAction":[{"@type":"ReadAction","target":["https:\/\/diariotextual.com\/inicio\/index.php\/2023\/07\/24\/25-de-mayo-ocho-anos-por-abusar-de-una-joven-que-fallecio-en-2020\/"]}]},{"@type":"ImageObject","inLanguage":"es","@id":"https:\/\/diariotextual.com\/inicio\/index.php\/2023\/07\/24\/25-de-mayo-ocho-anos-por-abusar-de-una-joven-que-fallecio-en-2020\/#primaryimage","url":"https:\/\/diariotextual.com\/inicio\/wp-content\/uploads\/2021\/03\/abusosnoesno001.jpg","contentUrl":"https:\/\/diariotextual.com\/inicio\/wp-content\/uploads\/2021\/03\/abusosnoesno001.jpg","width":710,"height":399},{"@type":"BreadcrumbList","@id":"https:\/\/diariotextual.com\/inicio\/index.php\/2023\/07\/24\/25-de-mayo-ocho-anos-por-abusar-de-una-joven-que-fallecio-en-2020\/#breadcrumb","itemListElement":[{"@type":"ListItem","position":1,"name":"Portada","item":"https:\/\/diariotextual.com\/inicio\/"},{"@type":"ListItem","position":2,"name":"25 de Mayo: ocho a\u00f1os por abusar de una joven que falleci\u00f3 en 2020"}]},{"@type":"WebSite","@id":"https:\/\/diariotextual.com\/inicio\/#website","url":"https:\/\/diariotextual.com\/inicio\/","name":"Diario Textual","description":"","publisher":{"@id":"https:\/\/diariotextual.com\/inicio\/#organization"},"potentialAction":[{"@type":"SearchAction","target":{"@type":"EntryPoint","urlTemplate":"https:\/\/diariotextual.com\/inicio\/?s={search_term_string}"},"query-input":{"@type":"PropertyValueSpecification","valueRequired":true,"valueName":"search_term_string"}}],"inLanguage":"es"},{"@type":"Organization","@id":"https:\/\/diariotextual.com\/inicio\/#organization","name":"Diario Textual","url":"https:\/\/diariotextual.com\/inicio\/","logo":{"@type":"ImageObject","inLanguage":"es","@id":"https:\/\/diariotextual.com\/inicio\/#\/schema\/logo\/image\/","url":"https:\/\/diariotextual.com\/inicio\/wp-content\/uploads\/2023\/05\/logotextual1.jpg","contentUrl":"https:\/\/diariotextual.com\/inicio\/wp-content\/uploads\/2023\/05\/logotextual1.jpg","width":516,"height":76,"caption":"Diario Textual"},"image":{"@id":"https:\/\/diariotextual.com\/inicio\/#\/schema\/logo\/image\/"},"sameAs":["https:\/\/www.facebook.com\/eltextual","https:\/\/x.com\/eltextual","http:\/\/www.instagram.com\/eltextual"]},{"@type":"Person","@id":"https:\/\/diariotextual.com\/inicio\/#\/schema\/person\/694f60677f23c4a530867a98f22b3768","name":"diario2","image":{"@type":"ImageObject","inLanguage":"es","@id":"https:\/\/secure.gravatar.com\/avatar\/5a2567495ba16b852fcd8f1ed006a2e24fcace936018ed8237e95f488ad6e0a7?s=96&d=mm&r=g","url":"https:\/\/secure.gravatar.com\/avatar\/5a2567495ba16b852fcd8f1ed006a2e24fcace936018ed8237e95f488ad6e0a7?s=96&d=mm&r=g","contentUrl":"https:\/\/secure.gravatar.com\/avatar\/5a2567495ba16b852fcd8f1ed006a2e24fcace936018ed8237e95f488ad6e0a7?s=96&d=mm&r=g","caption":"diario2"},"url":"https:\/\/diariotextual.com\/inicio\/index.php\/author\/diario2\/"}]}},"_links":{"self":[{"href":"https:\/\/diariotextual.com\/inicio\/index.php\/wp-json\/wp\/v2\/posts\/231661","targetHints":{"allow":["GET"]}}],"collection":[{"href":"https:\/\/diariotextual.com\/inicio\/index.php\/wp-json\/wp\/v2\/posts"}],"about":[{"href":"https:\/\/diariotextual.com\/inicio\/index.php\/wp-json\/wp\/v2\/types\/post"}],"author":[{"embeddable":true,"href":"https:\/\/diariotextual.com\/inicio\/index.php\/wp-json\/wp\/v2\/users\/4"}],"replies":[{"embeddable":true,"href":"https:\/\/diariotextual.com\/inicio\/index.php\/wp-json\/wp\/v2\/comments?post=231661"}],"version-history":[{"count":1,"href":"https:\/\/diariotextual.com\/inicio\/index.php\/wp-json\/wp\/v2\/posts\/231661\/revisions"}],"predecessor-version":[{"id":231662,"href":"https:\/\/diariotextual.com\/inicio\/index.php\/wp-json\/wp\/v2\/posts\/231661\/revisions\/231662"}],"wp:featuredmedia":[{"embeddable":true,"href":"https:\/\/diariotextual.com\/inicio\/index.php\/wp-json\/wp\/v2\/media\/139180"}],"wp:attachment":[{"href":"https:\/\/diariotextual.com\/inicio\/index.php\/wp-json\/wp\/v2\/media?parent=231661"}],"wp:term":[{"taxonomy":"category","embeddable":true,"href":"https:\/\/diariotextual.com\/inicio\/index.php\/wp-json\/wp\/v2\/categories?post=231661"},{"taxonomy":"post_tag","embeddable":true,"href":"https:\/\/diariotextual.com\/inicio\/index.php\/wp-json\/wp\/v2\/tags?post=231661"}],"curies":[{"name":"wp","href":"https:\/\/api.w.org\/{rel}","templated":true}]}}