{"id":231684,"date":"2023-07-24T20:29:31","date_gmt":"2023-07-24T23:29:31","guid":{"rendered":"https:\/\/diariotextual.com\/inicio\/?p=231684"},"modified":"2023-07-24T20:29:33","modified_gmt":"2023-07-24T23:29:33","slug":"prevencion-y-entrega-de-cascos-en-bernasconi-san-martin-y-arauz","status":"publish","type":"post","link":"https:\/\/diariotextual.com\/inicio\/index.php\/2023\/07\/24\/prevencion-y-entrega-de-cascos-en-bernasconi-san-martin-y-arauz\/","title":{"rendered":"Prevenci\u00f3n y entrega de cascos en Bernasconi, San Mart\u00edn y Arauz"},"content":{"rendered":"\n<p>En el marco del Programa Federal de Entrega de Cascos, el Ministerio de Seguridad llev\u00f3 a cabo jornadas de concientizaci\u00f3n en las localidades de Bernasconi, General San Mart\u00edn y Jacinto Arauz mediante la entrega de cascos y capacitaci\u00f3n en conducci\u00f3n segura. &nbsp;<\/p>\n\n\n\n<p>Las jornadas de capacitaci\u00f3n, a cargo de la Direcci\u00f3n General de Seguridad Vial, contaron con la presencia de autoridades provinciales, municipales y policiales, quienes se sumaron a esta iniciativa en pos de la seguridad vial.<\/p>\n\n\n\n<p>Estas acciones forman parte del Programa Federal de Entrega de Cascos y Equipamiento Reflectivo, cuyo convenio entre el Ministerio Provincial y la Agencia Nacional de Seguridad Vial (ANSV) ha permitido concientizar y promover el uso de elementos de protecci\u00f3n, especialmente entre los motociclistas, quienes lamentablemente representan una parte significativa de las v\u00edctimas fatales en accidentes de tr\u00e1nsito a nivel nacional.<\/p>\n\n\n\n<p>Desde su implementaci\u00f3n, el programa ha beneficiado a m\u00e1s de 450 motociclistas en 24 localidades y su impacto es significativo en la reducci\u00f3n de riesgos para estos conductores. La capacitaci\u00f3n se enfoca en aspectos cruciales para una conducci\u00f3n segura, incluyendo la correcta posici\u00f3n al conducir, la identificaci\u00f3n de factores de riesgo, la percepci\u00f3n del peligro y las t\u00e9cnicas de frenado.<\/p>\n\n\n\n<p>Seg\u00fan la Organizaci\u00f3n Mundial de la Salud (OMS), el uso adecuado de cascos de calidad puede disminuir dr\u00e1sticamente el riesgo de lesiones graves e incluso la mortalidad en caso de accidentes viales.<\/p>\n\n\n\n<p>El principal objetivo de estas acciones emprendidas por el Ministerio de Seguridad es generar conciencia vial y proteger la vida de los motociclistas y dem\u00e1s usuarios de las v\u00edas en toda la provincia. La promoci\u00f3n de una cultura vial responsable es fundamental para reducir la cantidad de accidentes y sus consecuencias. Es importante recordar a todos los conductores la relevancia de respetar las normas de tr\u00e1nsito, conducir de manera responsable y velar por la seguridad de todos los actores viales.<\/p>\n\n\n\n<p>Esta iniciativa consolida el compromiso del Gobierno en mejorar la seguridad ciudadana y formar conductores responsables y preparados para enfrentar los desaf\u00edos actuales en la materia. Con acciones concretas como esta, el Ministerio de Seguridad avanza hacia un tr\u00e1nsito m\u00e1s seguro y la protecci\u00f3n de la vida de todos los pampeanos.<\/p>\n","protected":false},"excerpt":{"rendered":"<p>En el marco del Programa Federal de Entrega de Cascos, el Ministerio de Seguridad llev\u00f3 a cabo jornadas de concientizaci\u00f3n en las localidades de Bernasconi, General San Mart\u00edn y Jacinto&hellip;<\/p>\n","protected":false},"author":4,"featured_media":231685,"comment_status":"closed","ping_status":"open","sticky":false,"template":"","format":"standard","meta":{"_acf_changed":false,"footnotes":""},"categories":[1,12],"tags":[],"class_list":["post-231684","post","type-post","status-publish","format-standard","has-post-thumbnail","hentry","category-es-noticia","category-sociedad"],"acf":[],"yoast_head":"<!-- This site is optimized with the Yoast SEO plugin v27.5 - https:\/\/yoast.com\/product\/yoast-seo-wordpress\/ -->\n<title>Prevenci\u00f3n y entrega de cascos en Bernasconi, San Mart\u00edn y Arauz - Diario Textual<\/title>\n<meta name=\"robots\" content=\"index, follow, max-snippet:-1, max-image-preview:large, max-video-preview:-1\" \/>\n<link rel=\"canonical\" href=\"https:\/\/diariotextual.com\/inicio\/index.php\/2023\/07\/24\/prevencion-y-entrega-de-cascos-en-bernasconi-san-martin-y-arauz\/\" \/>\n<meta property=\"og:locale\" content=\"es_ES\" \/>\n<meta property=\"og:type\" content=\"article\" \/>\n<meta property=\"og:title\" content=\"Prevenci\u00f3n y entrega de cascos en Bernasconi, San Mart\u00edn y Arauz - Diario Textual\" \/>\n<meta property=\"og:description\" content=\"En el marco del Programa Federal de Entrega de Cascos, el Ministerio de Seguridad llev\u00f3 a cabo jornadas de concientizaci\u00f3n en las localidades de Bernasconi, General San Mart\u00edn y Jacinto&hellip;\" \/>\n<meta property=\"og:url\" content=\"https:\/\/diariotextual.com\/inicio\/index.php\/2023\/07\/24\/prevencion-y-entrega-de-cascos-en-bernasconi-san-martin-y-arauz\/\" \/>\n<meta property=\"og:site_name\" content=\"Diario Textual\" \/>\n<meta property=\"article:publisher\" content=\"https:\/\/www.facebook.com\/eltextual\" \/>\n<meta property=\"article:published_time\" content=\"2023-07-24T23:29:31+00:00\" \/>\n<meta property=\"article:modified_time\" content=\"2023-07-24T23:29:33+00:00\" \/>\n<meta property=\"og:image\" content=\"https:\/\/diariotextual.com\/inicio\/wp-content\/uploads\/2023\/07\/cascosseguridad432714.jpg\" \/>\n\t<meta property=\"og:image:width\" content=\"900\" \/>\n\t<meta property=\"og:image:height\" content=\"507\" \/>\n\t<meta property=\"og:image:type\" content=\"image\/jpeg\" \/>\n<meta name=\"author\" content=\"diario2\" \/>\n<meta name=\"twitter:card\" content=\"summary_large_image\" \/>\n<meta name=\"twitter:creator\" content=\"@eltextual\" \/>\n<meta name=\"twitter:site\" content=\"@eltextual\" \/>\n<meta name=\"twitter:label1\" content=\"Escrito por\" \/>\n\t<meta name=\"twitter:data1\" content=\"diario2\" \/>\n\t<meta name=\"twitter:label2\" content=\"Tiempo de lectura\" \/>\n\t<meta name=\"twitter:data2\" content=\"2 minutos\" \/>\n<script type=\"application\/ld+json\" class=\"yoast-schema-graph\">{\"@context\":\"https:\\\/\\\/schema.org\",\"@graph\":[{\"@type\":\"Article\",\"@id\":\"https:\\\/\\\/diariotextual.com\\\/inicio\\\/index.php\\\/2023\\\/07\\\/24\\\/prevencion-y-entrega-de-cascos-en-bernasconi-san-martin-y-arauz\\\/#article\",\"isPartOf\":{\"@id\":\"https:\\\/\\\/diariotextual.com\\\/inicio\\\/index.php\\\/2023\\\/07\\\/24\\\/prevencion-y-entrega-de-cascos-en-bernasconi-san-martin-y-arauz\\\/\"},\"author\":{\"name\":\"diario2\",\"@id\":\"https:\\\/\\\/diariotextual.com\\\/inicio\\\/#\\\/schema\\\/person\\\/694f60677f23c4a530867a98f22b3768\"},\"headline\":\"Prevenci\u00f3n y entrega de cascos en Bernasconi, San Mart\u00edn y Arauz\",\"datePublished\":\"2023-07-24T23:29:31+00:00\",\"dateModified\":\"2023-07-24T23:29:33+00:00\",\"mainEntityOfPage\":{\"@id\":\"https:\\\/\\\/diariotextual.com\\\/inicio\\\/index.php\\\/2023\\\/07\\\/24\\\/prevencion-y-entrega-de-cascos-en-bernasconi-san-martin-y-arauz\\\/\"},\"wordCount\":400,\"publisher\":{\"@id\":\"https:\\\/\\\/diariotextual.com\\\/inicio\\\/#organization\"},\"image\":{\"@id\":\"https:\\\/\\\/diariotextual.com\\\/inicio\\\/index.php\\\/2023\\\/07\\\/24\\\/prevencion-y-entrega-de-cascos-en-bernasconi-san-martin-y-arauz\\\/#primaryimage\"},\"thumbnailUrl\":\"https:\\\/\\\/diariotextual.com\\\/inicio\\\/wp-content\\\/uploads\\\/2023\\\/07\\\/cascosseguridad432714.jpg\",\"articleSection\":[\"A - ES NOTICIA (van abajo)\",\"SOCIEDAD\"],\"inLanguage\":\"es\"},{\"@type\":\"WebPage\",\"@id\":\"https:\\\/\\\/diariotextual.com\\\/inicio\\\/index.php\\\/2023\\\/07\\\/24\\\/prevencion-y-entrega-de-cascos-en-bernasconi-san-martin-y-arauz\\\/\",\"url\":\"https:\\\/\\\/diariotextual.com\\\/inicio\\\/index.php\\\/2023\\\/07\\\/24\\\/prevencion-y-entrega-de-cascos-en-bernasconi-san-martin-y-arauz\\\/\",\"name\":\"Prevenci\u00f3n y entrega de cascos en Bernasconi, San Mart\u00edn y Arauz - Diario Textual\",\"isPartOf\":{\"@id\":\"https:\\\/\\\/diariotextual.com\\\/inicio\\\/#website\"},\"primaryImageOfPage\":{\"@id\":\"https:\\\/\\\/diariotextual.com\\\/inicio\\\/index.php\\\/2023\\\/07\\\/24\\\/prevencion-y-entrega-de-cascos-en-bernasconi-san-martin-y-arauz\\\/#primaryimage\"},\"image\":{\"@id\":\"https:\\\/\\\/diariotextual.com\\\/inicio\\\/index.php\\\/2023\\\/07\\\/24\\\/prevencion-y-entrega-de-cascos-en-bernasconi-san-martin-y-arauz\\\/#primaryimage\"},\"thumbnailUrl\":\"https:\\\/\\\/diariotextual.com\\\/inicio\\\/wp-content\\\/uploads\\\/2023\\\/07\\\/cascosseguridad432714.jpg\",\"datePublished\":\"2023-07-24T23:29:31+00:00\",\"dateModified\":\"2023-07-24T23:29:33+00:00\",\"breadcrumb\":{\"@id\":\"https:\\\/\\\/diariotextual.com\\\/inicio\\\/index.php\\\/2023\\\/07\\\/24\\\/prevencion-y-entrega-de-cascos-en-bernasconi-san-martin-y-arauz\\\/#breadcrumb\"},\"inLanguage\":\"es\",\"potentialAction\":[{\"@type\":\"ReadAction\",\"target\":[\"https:\\\/\\\/diariotextual.com\\\/inicio\\\/index.php\\\/2023\\\/07\\\/24\\\/prevencion-y-entrega-de-cascos-en-bernasconi-san-martin-y-arauz\\\/\"]}]},{\"@type\":\"ImageObject\",\"inLanguage\":\"es\",\"@id\":\"https:\\\/\\\/diariotextual.com\\\/inicio\\\/index.php\\\/2023\\\/07\\\/24\\\/prevencion-y-entrega-de-cascos-en-bernasconi-san-martin-y-arauz\\\/#primaryimage\",\"url\":\"https:\\\/\\\/diariotextual.com\\\/inicio\\\/wp-content\\\/uploads\\\/2023\\\/07\\\/cascosseguridad432714.jpg\",\"contentUrl\":\"https:\\\/\\\/diariotextual.com\\\/inicio\\\/wp-content\\\/uploads\\\/2023\\\/07\\\/cascosseguridad432714.jpg\",\"width\":900,\"height\":507},{\"@type\":\"BreadcrumbList\",\"@id\":\"https:\\\/\\\/diariotextual.com\\\/inicio\\\/index.php\\\/2023\\\/07\\\/24\\\/prevencion-y-entrega-de-cascos-en-bernasconi-san-martin-y-arauz\\\/#breadcrumb\",\"itemListElement\":[{\"@type\":\"ListItem\",\"position\":1,\"name\":\"Portada\",\"item\":\"https:\\\/\\\/diariotextual.com\\\/inicio\\\/\"},{\"@type\":\"ListItem\",\"position\":2,\"name\":\"Prevenci\u00f3n y entrega de cascos en Bernasconi, San Mart\u00edn y Arauz\"}]},{\"@type\":\"WebSite\",\"@id\":\"https:\\\/\\\/diariotextual.com\\\/inicio\\\/#website\",\"url\":\"https:\\\/\\\/diariotextual.com\\\/inicio\\\/\",\"name\":\"Diario Textual\",\"description\":\"\",\"publisher\":{\"@id\":\"https:\\\/\\\/diariotextual.com\\\/inicio\\\/#organization\"},\"potentialAction\":[{\"@type\":\"SearchAction\",\"target\":{\"@type\":\"EntryPoint\",\"urlTemplate\":\"https:\\\/\\\/diariotextual.com\\\/inicio\\\/?s={search_term_string}\"},\"query-input\":{\"@type\":\"PropertyValueSpecification\",\"valueRequired\":true,\"valueName\":\"search_term_string\"}}],\"inLanguage\":\"es\"},{\"@type\":\"Organization\",\"@id\":\"https:\\\/\\\/diariotextual.com\\\/inicio\\\/#organization\",\"name\":\"Diario Textual\",\"url\":\"https:\\\/\\\/diariotextual.com\\\/inicio\\\/\",\"logo\":{\"@type\":\"ImageObject\",\"inLanguage\":\"es\",\"@id\":\"https:\\\/\\\/diariotextual.com\\\/inicio\\\/#\\\/schema\\\/logo\\\/image\\\/\",\"url\":\"https:\\\/\\\/diariotextual.com\\\/inicio\\\/wp-content\\\/uploads\\\/2023\\\/05\\\/logotextual1.jpg\",\"contentUrl\":\"https:\\\/\\\/diariotextual.com\\\/inicio\\\/wp-content\\\/uploads\\\/2023\\\/05\\\/logotextual1.jpg\",\"width\":516,\"height\":76,\"caption\":\"Diario Textual\"},\"image\":{\"@id\":\"https:\\\/\\\/diariotextual.com\\\/inicio\\\/#\\\/schema\\\/logo\\\/image\\\/\"},\"sameAs\":[\"https:\\\/\\\/www.facebook.com\\\/eltextual\",\"https:\\\/\\\/x.com\\\/eltextual\",\"http:\\\/\\\/www.instagram.com\\\/eltextual\"]},{\"@type\":\"Person\",\"@id\":\"https:\\\/\\\/diariotextual.com\\\/inicio\\\/#\\\/schema\\\/person\\\/694f60677f23c4a530867a98f22b3768\",\"name\":\"diario2\",\"image\":{\"@type\":\"ImageObject\",\"inLanguage\":\"es\",\"@id\":\"https:\\\/\\\/secure.gravatar.com\\\/avatar\\\/5a2567495ba16b852fcd8f1ed006a2e24fcace936018ed8237e95f488ad6e0a7?s=96&d=mm&r=g\",\"url\":\"https:\\\/\\\/secure.gravatar.com\\\/avatar\\\/5a2567495ba16b852fcd8f1ed006a2e24fcace936018ed8237e95f488ad6e0a7?s=96&d=mm&r=g\",\"contentUrl\":\"https:\\\/\\\/secure.gravatar.com\\\/avatar\\\/5a2567495ba16b852fcd8f1ed006a2e24fcace936018ed8237e95f488ad6e0a7?s=96&d=mm&r=g\",\"caption\":\"diario2\"},\"url\":\"https:\\\/\\\/diariotextual.com\\\/inicio\\\/index.php\\\/author\\\/diario2\\\/\"}]}<\/script>\n<!-- \/ Yoast SEO plugin. -->","yoast_head_json":{"title":"Prevenci\u00f3n y entrega de cascos en Bernasconi, San Mart\u00edn y Arauz - Diario Textual","robots":{"index":"index","follow":"follow","max-snippet":"max-snippet:-1","max-image-preview":"max-image-preview:large","max-video-preview":"max-video-preview:-1"},"canonical":"https:\/\/diariotextual.com\/inicio\/index.php\/2023\/07\/24\/prevencion-y-entrega-de-cascos-en-bernasconi-san-martin-y-arauz\/","og_locale":"es_ES","og_type":"article","og_title":"Prevenci\u00f3n y entrega de cascos en Bernasconi, San Mart\u00edn y Arauz - Diario Textual","og_description":"En el marco del Programa Federal de Entrega de Cascos, el Ministerio de Seguridad llev\u00f3 a cabo jornadas de concientizaci\u00f3n en las localidades de Bernasconi, General San Mart\u00edn y Jacinto&hellip;","og_url":"https:\/\/diariotextual.com\/inicio\/index.php\/2023\/07\/24\/prevencion-y-entrega-de-cascos-en-bernasconi-san-martin-y-arauz\/","og_site_name":"Diario Textual","article_publisher":"https:\/\/www.facebook.com\/eltextual","article_published_time":"2023-07-24T23:29:31+00:00","article_modified_time":"2023-07-24T23:29:33+00:00","og_image":[{"width":900,"height":507,"url":"https:\/\/diariotextual.com\/inicio\/wp-content\/uploads\/2023\/07\/cascosseguridad432714.jpg","type":"image\/jpeg"}],"author":"diario2","twitter_card":"summary_large_image","twitter_creator":"@eltextual","twitter_site":"@eltextual","twitter_misc":{"Escrito por":"diario2","Tiempo de lectura":"2 minutos"},"schema":{"@context":"https:\/\/schema.org","@graph":[{"@type":"Article","@id":"https:\/\/diariotextual.com\/inicio\/index.php\/2023\/07\/24\/prevencion-y-entrega-de-cascos-en-bernasconi-san-martin-y-arauz\/#article","isPartOf":{"@id":"https:\/\/diariotextual.com\/inicio\/index.php\/2023\/07\/24\/prevencion-y-entrega-de-cascos-en-bernasconi-san-martin-y-arauz\/"},"author":{"name":"diario2","@id":"https:\/\/diariotextual.com\/inicio\/#\/schema\/person\/694f60677f23c4a530867a98f22b3768"},"headline":"Prevenci\u00f3n y entrega de cascos en Bernasconi, San Mart\u00edn y Arauz","datePublished":"2023-07-24T23:29:31+00:00","dateModified":"2023-07-24T23:29:33+00:00","mainEntityOfPage":{"@id":"https:\/\/diariotextual.com\/inicio\/index.php\/2023\/07\/24\/prevencion-y-entrega-de-cascos-en-bernasconi-san-martin-y-arauz\/"},"wordCount":400,"publisher":{"@id":"https:\/\/diariotextual.com\/inicio\/#organization"},"image":{"@id":"https:\/\/diariotextual.com\/inicio\/index.php\/2023\/07\/24\/prevencion-y-entrega-de-cascos-en-bernasconi-san-martin-y-arauz\/#primaryimage"},"thumbnailUrl":"https:\/\/diariotextual.com\/inicio\/wp-content\/uploads\/2023\/07\/cascosseguridad432714.jpg","articleSection":["A - ES NOTICIA (van abajo)","SOCIEDAD"],"inLanguage":"es"},{"@type":"WebPage","@id":"https:\/\/diariotextual.com\/inicio\/index.php\/2023\/07\/24\/prevencion-y-entrega-de-cascos-en-bernasconi-san-martin-y-arauz\/","url":"https:\/\/diariotextual.com\/inicio\/index.php\/2023\/07\/24\/prevencion-y-entrega-de-cascos-en-bernasconi-san-martin-y-arauz\/","name":"Prevenci\u00f3n y entrega de cascos en Bernasconi, San Mart\u00edn y Arauz - Diario Textual","isPartOf":{"@id":"https:\/\/diariotextual.com\/inicio\/#website"},"primaryImageOfPage":{"@id":"https:\/\/diariotextual.com\/inicio\/index.php\/2023\/07\/24\/prevencion-y-entrega-de-cascos-en-bernasconi-san-martin-y-arauz\/#primaryimage"},"image":{"@id":"https:\/\/diariotextual.com\/inicio\/index.php\/2023\/07\/24\/prevencion-y-entrega-de-cascos-en-bernasconi-san-martin-y-arauz\/#primaryimage"},"thumbnailUrl":"https:\/\/diariotextual.com\/inicio\/wp-content\/uploads\/2023\/07\/cascosseguridad432714.jpg","datePublished":"2023-07-24T23:29:31+00:00","dateModified":"2023-07-24T23:29:33+00:00","breadcrumb":{"@id":"https:\/\/diariotextual.com\/inicio\/index.php\/2023\/07\/24\/prevencion-y-entrega-de-cascos-en-bernasconi-san-martin-y-arauz\/#breadcrumb"},"inLanguage":"es","potentialAction":[{"@type":"ReadAction","target":["https:\/\/diariotextual.com\/inicio\/index.php\/2023\/07\/24\/prevencion-y-entrega-de-cascos-en-bernasconi-san-martin-y-arauz\/"]}]},{"@type":"ImageObject","inLanguage":"es","@id":"https:\/\/diariotextual.com\/inicio\/index.php\/2023\/07\/24\/prevencion-y-entrega-de-cascos-en-bernasconi-san-martin-y-arauz\/#primaryimage","url":"https:\/\/diariotextual.com\/inicio\/wp-content\/uploads\/2023\/07\/cascosseguridad432714.jpg","contentUrl":"https:\/\/diariotextual.com\/inicio\/wp-content\/uploads\/2023\/07\/cascosseguridad432714.jpg","width":900,"height":507},{"@type":"BreadcrumbList","@id":"https:\/\/diariotextual.com\/inicio\/index.php\/2023\/07\/24\/prevencion-y-entrega-de-cascos-en-bernasconi-san-martin-y-arauz\/#breadcrumb","itemListElement":[{"@type":"ListItem","position":1,"name":"Portada","item":"https:\/\/diariotextual.com\/inicio\/"},{"@type":"ListItem","position":2,"name":"Prevenci\u00f3n y entrega de cascos en Bernasconi, San Mart\u00edn y Arauz"}]},{"@type":"WebSite","@id":"https:\/\/diariotextual.com\/inicio\/#website","url":"https:\/\/diariotextual.com\/inicio\/","name":"Diario Textual","description":"","publisher":{"@id":"https:\/\/diariotextual.com\/inicio\/#organization"},"potentialAction":[{"@type":"SearchAction","target":{"@type":"EntryPoint","urlTemplate":"https:\/\/diariotextual.com\/inicio\/?s={search_term_string}"},"query-input":{"@type":"PropertyValueSpecification","valueRequired":true,"valueName":"search_term_string"}}],"inLanguage":"es"},{"@type":"Organization","@id":"https:\/\/diariotextual.com\/inicio\/#organization","name":"Diario Textual","url":"https:\/\/diariotextual.com\/inicio\/","logo":{"@type":"ImageObject","inLanguage":"es","@id":"https:\/\/diariotextual.com\/inicio\/#\/schema\/logo\/image\/","url":"https:\/\/diariotextual.com\/inicio\/wp-content\/uploads\/2023\/05\/logotextual1.jpg","contentUrl":"https:\/\/diariotextual.com\/inicio\/wp-content\/uploads\/2023\/05\/logotextual1.jpg","width":516,"height":76,"caption":"Diario Textual"},"image":{"@id":"https:\/\/diariotextual.com\/inicio\/#\/schema\/logo\/image\/"},"sameAs":["https:\/\/www.facebook.com\/eltextual","https:\/\/x.com\/eltextual","http:\/\/www.instagram.com\/eltextual"]},{"@type":"Person","@id":"https:\/\/diariotextual.com\/inicio\/#\/schema\/person\/694f60677f23c4a530867a98f22b3768","name":"diario2","image":{"@type":"ImageObject","inLanguage":"es","@id":"https:\/\/secure.gravatar.com\/avatar\/5a2567495ba16b852fcd8f1ed006a2e24fcace936018ed8237e95f488ad6e0a7?s=96&d=mm&r=g","url":"https:\/\/secure.gravatar.com\/avatar\/5a2567495ba16b852fcd8f1ed006a2e24fcace936018ed8237e95f488ad6e0a7?s=96&d=mm&r=g","contentUrl":"https:\/\/secure.gravatar.com\/avatar\/5a2567495ba16b852fcd8f1ed006a2e24fcace936018ed8237e95f488ad6e0a7?s=96&d=mm&r=g","caption":"diario2"},"url":"https:\/\/diariotextual.com\/inicio\/index.php\/author\/diario2\/"}]}},"_links":{"self":[{"href":"https:\/\/diariotextual.com\/inicio\/index.php\/wp-json\/wp\/v2\/posts\/231684","targetHints":{"allow":["GET"]}}],"collection":[{"href":"https:\/\/diariotextual.com\/inicio\/index.php\/wp-json\/wp\/v2\/posts"}],"about":[{"href":"https:\/\/diariotextual.com\/inicio\/index.php\/wp-json\/wp\/v2\/types\/post"}],"author":[{"embeddable":true,"href":"https:\/\/diariotextual.com\/inicio\/index.php\/wp-json\/wp\/v2\/users\/4"}],"replies":[{"embeddable":true,"href":"https:\/\/diariotextual.com\/inicio\/index.php\/wp-json\/wp\/v2\/comments?post=231684"}],"version-history":[{"count":1,"href":"https:\/\/diariotextual.com\/inicio\/index.php\/wp-json\/wp\/v2\/posts\/231684\/revisions"}],"predecessor-version":[{"id":231686,"href":"https:\/\/diariotextual.com\/inicio\/index.php\/wp-json\/wp\/v2\/posts\/231684\/revisions\/231686"}],"wp:featuredmedia":[{"embeddable":true,"href":"https:\/\/diariotextual.com\/inicio\/index.php\/wp-json\/wp\/v2\/media\/231685"}],"wp:attachment":[{"href":"https:\/\/diariotextual.com\/inicio\/index.php\/wp-json\/wp\/v2\/media?parent=231684"}],"wp:term":[{"taxonomy":"category","embeddable":true,"href":"https:\/\/diariotextual.com\/inicio\/index.php\/wp-json\/wp\/v2\/categories?post=231684"},{"taxonomy":"post_tag","embeddable":true,"href":"https:\/\/diariotextual.com\/inicio\/index.php\/wp-json\/wp\/v2\/tags?post=231684"}],"curies":[{"name":"wp","href":"https:\/\/api.w.org\/{rel}","templated":true}]}}