{"id":231728,"date":"2023-07-25T09:49:14","date_gmt":"2023-07-25T12:49:14","guid":{"rendered":"https:\/\/diariotextual.com\/inicio\/?p=231728"},"modified":"2023-07-25T10:53:03","modified_gmt":"2023-07-25T13:53:03","slug":"comenzo-el-juicio-a-yanina-coronel-la-mujer-acusada-de-envenenar-a-su-pareja","status":"publish","type":"post","link":"https:\/\/diariotextual.com\/inicio\/index.php\/2023\/07\/25\/comenzo-el-juicio-a-yanina-coronel-la-mujer-acusada-de-envenenar-a-su-pareja\/","title":{"rendered":"Comenz\u00f3 el juicio a Yanina Coronel: revel\u00f3 que sufr\u00eda violencia y que su pareja la amenaz\u00f3 con matarla"},"content":{"rendered":"\n<p>Comenz\u00f3 este martes en el <strong>Centro Judicial de Santa Rosa<\/strong> el juicio a <strong>Yanina Coronel<\/strong>, la mujer de 31 a\u00f1os  acusada de envenenar a su pareja, el polic\u00eda&nbsp;<strong>Gabriel P\u00e1ez Albornoz<\/strong>. <\/p>\n\n\n\n<p>En su testimonio, <strong>Coronel revel\u00f3 que sufr\u00eda volencia y que la hab\u00eda amenazado con matarla.<\/strong> Asegur\u00f3 que d\u00edas previos al episodio del envenenamiento P\u00e1ez Albornoz la amenaz\u00f3 con su arma reglamentaria cuando ella le dijo que quer\u00eda separarse. <\/p>\n\n\n\n<p>\u201cYo estaba en una oportunidad estaba juntando las cosas para irme y \u00e9l de repente sac\u00f3 el arma y golpe\u00f3 las paredes para mostrar su enojo\u201d, dijo Yanina. <\/p>\n\n\n\n<p>Luego cont\u00f3 el episodio del licuado. Relat\u00f3 que era un d\u00eda domingo y que P\u00e1ez Albornoz iba a hacer una comida con otros polic\u00edas. \u201cLe dije que hab\u00eda unas bananas y que le preparaba un licuado\u201d, record\u00f3. Al rato, P\u00e1ez Albornoz la llam\u00f3 pregunt\u00e1ndole qu\u00e9 ten\u00eda la botella porque el licuado ten\u00eda gusto feo y sent\u00eda un \u201chormigueo\u201d en los dedos. <\/p>\n\n\n\n<p>Posteriormente, fue llevado al hospital Lucio Molas. All\u00ed Yanina se enter\u00f3 que P\u00e1ez Albornoz estaba grave y que le hab\u00edan hecho una traqueotom\u00eda para que respire.<\/p>\n\n\n\n<p>Revel\u00f3 que un comisario, Juan Mendiz, le coment\u00f3 que pensaban que le hab\u00edan puesto algo en el tanque de la sede de la Polic\u00eda Rural porque se llevaba mal con algunos compa\u00f1eros.<\/p>\n\n\n\n<p>Asegur\u00f3 que una compa\u00f1era de P\u00e1ez Albornoz le dijo que en un galp\u00f3n de la Polic\u00eda Rural guardaban veneno de los secuestros, con lo cual desliz\u00f3 la posibilidad de que se haya intoxicado con esas sustancias.<\/p>\n\n\n\n<p>P\u00e1ez Albornoz, en tanto, dio su versi\u00f3n. Dijo que ese d\u00eda se junt\u00f3 a comer con otro polic\u00eda y que le pidi\u00f3 a Coronel que le preparara las cosas. Ella le hizo el licuado y le dijo que le hab\u00eda puesto \u201cchocolino\u201d.<\/p>\n\n\n\n<p>Record\u00f3 que despu\u00e9s de ingerir el licuado comenz\u00f3 a \u201cahogarse y temblar\u201d. Y, en contrario a lo que hab\u00eda manifestado la acusada, neg\u00f3 que en la Patrulla Rural hubiera veneno secuestrado.<\/p>\n\n\n\n<p>En el final de su testimonio, asegur\u00f3 que Coronel y su hijo eran el \u201cmotor\u201d de su vida.<\/p>\n\n\n\n<figure class=\"wp-block-image size-large\"><img fetchpriority=\"high\" decoding=\"async\" width=\"1024\" height=\"768\" src=\"https:\/\/diariotextual.com\/inicio\/wp-content\/uploads\/2023\/07\/yaninacoroneljuicio1111-1024x768.jpg\" alt=\"\" class=\"wp-image-231747\" srcset=\"https:\/\/diariotextual.com\/inicio\/wp-content\/uploads\/2023\/07\/yaninacoroneljuicio1111-1024x768.jpg 1024w, https:\/\/diariotextual.com\/inicio\/wp-content\/uploads\/2023\/07\/yaninacoroneljuicio1111-300x225.jpg 300w, https:\/\/diariotextual.com\/inicio\/wp-content\/uploads\/2023\/07\/yaninacoroneljuicio1111-768x576.jpg 768w, https:\/\/diariotextual.com\/inicio\/wp-content\/uploads\/2023\/07\/yaninacoroneljuicio1111-1536x1152.jpg 1536w, https:\/\/diariotextual.com\/inicio\/wp-content\/uploads\/2023\/07\/yaninacoroneljuicio1111-1170x878.jpg 1170w, https:\/\/diariotextual.com\/inicio\/wp-content\/uploads\/2023\/07\/yaninacoroneljuicio1111-585x439.jpg 585w, https:\/\/diariotextual.com\/inicio\/wp-content\/uploads\/2023\/07\/yaninacoroneljuicio1111.jpg 1600w\" sizes=\"(max-width: 1024px) 100vw, 1024px\" \/><\/figure>\n\n\n\n<p>Ser\u00e1n siete jornadas de debate: 25, 26 y 27 de julio y 1, 2, 3 y 7 de agosto. El Tribunal est\u00e1 integrado por los jueces Andr\u00e9s Oli\u00e9, Daniel S\u00e1ez Zamora y la jueza Alejandra Ongaro. Los fiscales son Oscar Cazenave y Selva Paggi.<\/p>\n\n\n\n<p>Yanina est\u00e1 acusada de intentar envenenar en septiembre de 2021 a su expareja P\u00e1ez Albornoz cuando \u00e9ste se intoxic\u00f3 al ingerir un licuado en la sede de la Divisi\u00f3n Seguridad Rural. Ese batido lo hab\u00eda preparado la mujer.<\/p>\n\n\n\n<p>El uniformado tom\u00f3 un poco del batido que conten\u00eda una botella de vidrio y se descompuso. Incluso un perro que lami\u00f3 el l\u00edquido, muri\u00f3 casi inmediatamente.<\/p>\n\n\n\n<p>Los peritos encontraron restos del insecticida Metimol en una licuadora y en los jugos g\u00e1stricos de perro y en la orina del polic\u00eda. Tambi\u00e9n los polic\u00edas hallaron un sobre con el veneno en la vivienda que compart\u00edan el polic\u00eda, Yanina y el nene de ambos.<\/p>\n\n\n\n<p>Cinco d\u00edas despu\u00e9s, detuvieron a Yanina y ordenaron su detenci\u00f3n ante la sospecha de que intent\u00f3 envenenarlo.<\/p>\n\n\n\n<p>Un informe de la Oficina de la Mujer y Violencia Dom\u00e9stica del Poder Judicial de La Pampa revel\u00f3 que Yanina sufr\u00eda violencia de g\u00e9nero \u201cen el tipo psicol\u00f3gico, emocional, verbal, sexual, f\u00edsico, econ\u00f3mico, patrimonial, ambiental y simb\u00f3lico\u201d.<\/p>\n\n\n\n<p>En una<strong><a href=\"https:\/\/diariotextual.com\/inicio\/index.php\/2021\/10\/15\/yanina-la-acusada-de-envenenar-a-su-pareja-el-me-queria-muerta\/\" target=\"_blank\" rel=\"noreferrer noopener\"> carta p\u00fablica<\/a><\/strong> que dio a conocer d\u00edas despu\u00e9s del hecho la joven dijo que es inocente, revel\u00f3 las situaciones de violencia a las que, asegur\u00f3, fue sometida en sus diez a\u00f1os de convivencia con su pareja, y apunt\u00f3 a la \u201ccomplicidades\u201d de la Polic\u00eda.<\/p>\n\n\n\n<p>Coronel asegur\u00f3 que\u00a0P\u00e1ez Albornoz la someti\u00f3 a violencia f\u00edsica y econ\u00f3mica y asegur\u00f3 que la amenaz\u00f3, en reiteradas oportunidades, con matarla.<\/p>\n\n\n\n<figure class=\"wp-block-image size-full\"><img decoding=\"async\" width=\"800\" height=\"600\" src=\"https:\/\/diariotextual.com\/inicio\/wp-content\/uploads\/2023\/07\/yaninacoroneljuicio222.jpg\" alt=\"\" class=\"wp-image-231749\" srcset=\"https:\/\/diariotextual.com\/inicio\/wp-content\/uploads\/2023\/07\/yaninacoroneljuicio222.jpg 800w, https:\/\/diariotextual.com\/inicio\/wp-content\/uploads\/2023\/07\/yaninacoroneljuicio222-300x225.jpg 300w, https:\/\/diariotextual.com\/inicio\/wp-content\/uploads\/2023\/07\/yaninacoroneljuicio222-768x576.jpg 768w, https:\/\/diariotextual.com\/inicio\/wp-content\/uploads\/2023\/07\/yaninacoroneljuicio222-585x439.jpg 585w\" sizes=\"(max-width: 800px) 100vw, 800px\" \/><\/figure>\n","protected":false},"excerpt":{"rendered":"<p>Comenz\u00f3 este martes en el Centro Judicial de Santa Rosa el juicio a Yanina Coronel, la mujer de 31 a\u00f1os acusada de envenenar a su pareja, el polic\u00eda&nbsp;Gabriel P\u00e1ez Albornoz.&hellip;<\/p>\n","protected":false},"author":7,"featured_media":231746,"comment_status":"closed","ping_status":"open","sticky":false,"template":"","format":"standard","meta":{"_acf_changed":false,"footnotes":""},"categories":[4,12],"tags":[],"class_list":["post-231728","post","type-post","status-publish","format-standard","has-post-thumbnail","hentry","category-destacadas","category-sociedad"],"acf":[],"yoast_head":"<!-- This site is optimized with the Yoast SEO plugin v27.5 - https:\/\/yoast.com\/product\/yoast-seo-wordpress\/ -->\n<title>Comenz\u00f3 el juicio a Yanina Coronel: revel\u00f3 que sufr\u00eda violencia y que su pareja la amenaz\u00f3 con matarla - Diario Textual<\/title>\n<meta name=\"robots\" content=\"index, follow, max-snippet:-1, max-image-preview:large, max-video-preview:-1\" \/>\n<link rel=\"canonical\" href=\"https:\/\/diariotextual.com\/inicio\/index.php\/2023\/07\/25\/comenzo-el-juicio-a-yanina-coronel-la-mujer-acusada-de-envenenar-a-su-pareja\/\" \/>\n<meta property=\"og:locale\" content=\"es_ES\" \/>\n<meta property=\"og:type\" content=\"article\" \/>\n<meta property=\"og:title\" content=\"Comenz\u00f3 el juicio a Yanina Coronel: revel\u00f3 que sufr\u00eda violencia y que su pareja la amenaz\u00f3 con matarla - Diario Textual\" \/>\n<meta property=\"og:description\" content=\"Comenz\u00f3 este martes en el Centro Judicial de Santa Rosa el juicio a Yanina Coronel, la mujer de 31 a\u00f1os acusada de envenenar a su pareja, el polic\u00eda&nbsp;Gabriel P\u00e1ez Albornoz.&hellip;\" \/>\n<meta property=\"og:url\" content=\"https:\/\/diariotextual.com\/inicio\/index.php\/2023\/07\/25\/comenzo-el-juicio-a-yanina-coronel-la-mujer-acusada-de-envenenar-a-su-pareja\/\" \/>\n<meta property=\"og:site_name\" content=\"Diario Textual\" \/>\n<meta property=\"article:publisher\" content=\"https:\/\/www.facebook.com\/eltextual\" \/>\n<meta property=\"article:published_time\" content=\"2023-07-25T12:49:14+00:00\" \/>\n<meta property=\"article:modified_time\" content=\"2023-07-25T13:53:03+00:00\" \/>\n<meta property=\"og:image\" content=\"https:\/\/diariotextual.com\/inicio\/wp-content\/uploads\/2023\/07\/yaninacoroneljuicio.jpg\" \/>\n\t<meta property=\"og:image:width\" content=\"1600\" \/>\n\t<meta property=\"og:image:height\" content=\"1147\" \/>\n\t<meta property=\"og:image:type\" content=\"image\/jpeg\" \/>\n<meta name=\"author\" content=\"diario5\" \/>\n<meta name=\"twitter:card\" content=\"summary_large_image\" \/>\n<meta name=\"twitter:creator\" content=\"@eltextual\" \/>\n<meta name=\"twitter:site\" content=\"@eltextual\" \/>\n<meta name=\"twitter:label1\" content=\"Escrito por\" \/>\n\t<meta name=\"twitter:data1\" content=\"diario5\" \/>\n\t<meta name=\"twitter:label2\" content=\"Tiempo de lectura\" \/>\n\t<meta name=\"twitter:data2\" content=\"4 minutos\" \/>\n<script type=\"application\/ld+json\" class=\"yoast-schema-graph\">{\"@context\":\"https:\\\/\\\/schema.org\",\"@graph\":[{\"@type\":\"Article\",\"@id\":\"https:\\\/\\\/diariotextual.com\\\/inicio\\\/index.php\\\/2023\\\/07\\\/25\\\/comenzo-el-juicio-a-yanina-coronel-la-mujer-acusada-de-envenenar-a-su-pareja\\\/#article\",\"isPartOf\":{\"@id\":\"https:\\\/\\\/diariotextual.com\\\/inicio\\\/index.php\\\/2023\\\/07\\\/25\\\/comenzo-el-juicio-a-yanina-coronel-la-mujer-acusada-de-envenenar-a-su-pareja\\\/\"},\"author\":{\"name\":\"diario5\",\"@id\":\"https:\\\/\\\/diariotextual.com\\\/inicio\\\/#\\\/schema\\\/person\\\/c7834961ad8b29b1d9cdbf4571299067\"},\"headline\":\"Comenz\u00f3 el juicio a Yanina Coronel: revel\u00f3 que sufr\u00eda violencia y que su pareja la amenaz\u00f3 con matarla\",\"datePublished\":\"2023-07-25T12:49:14+00:00\",\"dateModified\":\"2023-07-25T13:53:03+00:00\",\"mainEntityOfPage\":{\"@id\":\"https:\\\/\\\/diariotextual.com\\\/inicio\\\/index.php\\\/2023\\\/07\\\/25\\\/comenzo-el-juicio-a-yanina-coronel-la-mujer-acusada-de-envenenar-a-su-pareja\\\/\"},\"wordCount\":695,\"publisher\":{\"@id\":\"https:\\\/\\\/diariotextual.com\\\/inicio\\\/#organization\"},\"image\":{\"@id\":\"https:\\\/\\\/diariotextual.com\\\/inicio\\\/index.php\\\/2023\\\/07\\\/25\\\/comenzo-el-juicio-a-yanina-coronel-la-mujer-acusada-de-envenenar-a-su-pareja\\\/#primaryimage\"},\"thumbnailUrl\":\"https:\\\/\\\/diariotextual.com\\\/inicio\\\/wp-content\\\/uploads\\\/2023\\\/07\\\/yaninacoroneljuicio.jpg\",\"articleSection\":[\"A - DESTACADAS (mod 16)\",\"SOCIEDAD\"],\"inLanguage\":\"es\"},{\"@type\":\"WebPage\",\"@id\":\"https:\\\/\\\/diariotextual.com\\\/inicio\\\/index.php\\\/2023\\\/07\\\/25\\\/comenzo-el-juicio-a-yanina-coronel-la-mujer-acusada-de-envenenar-a-su-pareja\\\/\",\"url\":\"https:\\\/\\\/diariotextual.com\\\/inicio\\\/index.php\\\/2023\\\/07\\\/25\\\/comenzo-el-juicio-a-yanina-coronel-la-mujer-acusada-de-envenenar-a-su-pareja\\\/\",\"name\":\"Comenz\u00f3 el juicio a Yanina Coronel: revel\u00f3 que sufr\u00eda violencia y que su pareja la amenaz\u00f3 con matarla - Diario Textual\",\"isPartOf\":{\"@id\":\"https:\\\/\\\/diariotextual.com\\\/inicio\\\/#website\"},\"primaryImageOfPage\":{\"@id\":\"https:\\\/\\\/diariotextual.com\\\/inicio\\\/index.php\\\/2023\\\/07\\\/25\\\/comenzo-el-juicio-a-yanina-coronel-la-mujer-acusada-de-envenenar-a-su-pareja\\\/#primaryimage\"},\"image\":{\"@id\":\"https:\\\/\\\/diariotextual.com\\\/inicio\\\/index.php\\\/2023\\\/07\\\/25\\\/comenzo-el-juicio-a-yanina-coronel-la-mujer-acusada-de-envenenar-a-su-pareja\\\/#primaryimage\"},\"thumbnailUrl\":\"https:\\\/\\\/diariotextual.com\\\/inicio\\\/wp-content\\\/uploads\\\/2023\\\/07\\\/yaninacoroneljuicio.jpg\",\"datePublished\":\"2023-07-25T12:49:14+00:00\",\"dateModified\":\"2023-07-25T13:53:03+00:00\",\"breadcrumb\":{\"@id\":\"https:\\\/\\\/diariotextual.com\\\/inicio\\\/index.php\\\/2023\\\/07\\\/25\\\/comenzo-el-juicio-a-yanina-coronel-la-mujer-acusada-de-envenenar-a-su-pareja\\\/#breadcrumb\"},\"inLanguage\":\"es\",\"potentialAction\":[{\"@type\":\"ReadAction\",\"target\":[\"https:\\\/\\\/diariotextual.com\\\/inicio\\\/index.php\\\/2023\\\/07\\\/25\\\/comenzo-el-juicio-a-yanina-coronel-la-mujer-acusada-de-envenenar-a-su-pareja\\\/\"]}]},{\"@type\":\"ImageObject\",\"inLanguage\":\"es\",\"@id\":\"https:\\\/\\\/diariotextual.com\\\/inicio\\\/index.php\\\/2023\\\/07\\\/25\\\/comenzo-el-juicio-a-yanina-coronel-la-mujer-acusada-de-envenenar-a-su-pareja\\\/#primaryimage\",\"url\":\"https:\\\/\\\/diariotextual.com\\\/inicio\\\/wp-content\\\/uploads\\\/2023\\\/07\\\/yaninacoroneljuicio.jpg\",\"contentUrl\":\"https:\\\/\\\/diariotextual.com\\\/inicio\\\/wp-content\\\/uploads\\\/2023\\\/07\\\/yaninacoroneljuicio.jpg\",\"width\":1600,\"height\":1147},{\"@type\":\"BreadcrumbList\",\"@id\":\"https:\\\/\\\/diariotextual.com\\\/inicio\\\/index.php\\\/2023\\\/07\\\/25\\\/comenzo-el-juicio-a-yanina-coronel-la-mujer-acusada-de-envenenar-a-su-pareja\\\/#breadcrumb\",\"itemListElement\":[{\"@type\":\"ListItem\",\"position\":1,\"name\":\"Portada\",\"item\":\"https:\\\/\\\/diariotextual.com\\\/inicio\\\/\"},{\"@type\":\"ListItem\",\"position\":2,\"name\":\"Comenz\u00f3 el juicio a Yanina Coronel: revel\u00f3 que sufr\u00eda violencia y que su pareja la amenaz\u00f3 con matarla\"}]},{\"@type\":\"WebSite\",\"@id\":\"https:\\\/\\\/diariotextual.com\\\/inicio\\\/#website\",\"url\":\"https:\\\/\\\/diariotextual.com\\\/inicio\\\/\",\"name\":\"Diario Textual\",\"description\":\"\",\"publisher\":{\"@id\":\"https:\\\/\\\/diariotextual.com\\\/inicio\\\/#organization\"},\"potentialAction\":[{\"@type\":\"SearchAction\",\"target\":{\"@type\":\"EntryPoint\",\"urlTemplate\":\"https:\\\/\\\/diariotextual.com\\\/inicio\\\/?s={search_term_string}\"},\"query-input\":{\"@type\":\"PropertyValueSpecification\",\"valueRequired\":true,\"valueName\":\"search_term_string\"}}],\"inLanguage\":\"es\"},{\"@type\":\"Organization\",\"@id\":\"https:\\\/\\\/diariotextual.com\\\/inicio\\\/#organization\",\"name\":\"Diario Textual\",\"url\":\"https:\\\/\\\/diariotextual.com\\\/inicio\\\/\",\"logo\":{\"@type\":\"ImageObject\",\"inLanguage\":\"es\",\"@id\":\"https:\\\/\\\/diariotextual.com\\\/inicio\\\/#\\\/schema\\\/logo\\\/image\\\/\",\"url\":\"https:\\\/\\\/diariotextual.com\\\/inicio\\\/wp-content\\\/uploads\\\/2023\\\/05\\\/logotextual1.jpg\",\"contentUrl\":\"https:\\\/\\\/diariotextual.com\\\/inicio\\\/wp-content\\\/uploads\\\/2023\\\/05\\\/logotextual1.jpg\",\"width\":516,\"height\":76,\"caption\":\"Diario Textual\"},\"image\":{\"@id\":\"https:\\\/\\\/diariotextual.com\\\/inicio\\\/#\\\/schema\\\/logo\\\/image\\\/\"},\"sameAs\":[\"https:\\\/\\\/www.facebook.com\\\/eltextual\",\"https:\\\/\\\/x.com\\\/eltextual\",\"http:\\\/\\\/www.instagram.com\\\/eltextual\"]},{\"@type\":\"Person\",\"@id\":\"https:\\\/\\\/diariotextual.com\\\/inicio\\\/#\\\/schema\\\/person\\\/c7834961ad8b29b1d9cdbf4571299067\",\"name\":\"diario5\",\"image\":{\"@type\":\"ImageObject\",\"inLanguage\":\"es\",\"@id\":\"https:\\\/\\\/secure.gravatar.com\\\/avatar\\\/948c893b847ca6df68216ead81b63f363408ec9b0f600fefc0641ce78613b111?s=96&d=mm&r=g\",\"url\":\"https:\\\/\\\/secure.gravatar.com\\\/avatar\\\/948c893b847ca6df68216ead81b63f363408ec9b0f600fefc0641ce78613b111?s=96&d=mm&r=g\",\"contentUrl\":\"https:\\\/\\\/secure.gravatar.com\\\/avatar\\\/948c893b847ca6df68216ead81b63f363408ec9b0f600fefc0641ce78613b111?s=96&d=mm&r=g\",\"caption\":\"diario5\"},\"url\":\"https:\\\/\\\/diariotextual.com\\\/inicio\\\/index.php\\\/author\\\/diario5\\\/\"}]}<\/script>\n<!-- \/ Yoast SEO plugin. -->","yoast_head_json":{"title":"Comenz\u00f3 el juicio a Yanina Coronel: revel\u00f3 que sufr\u00eda violencia y que su pareja la amenaz\u00f3 con matarla - Diario Textual","robots":{"index":"index","follow":"follow","max-snippet":"max-snippet:-1","max-image-preview":"max-image-preview:large","max-video-preview":"max-video-preview:-1"},"canonical":"https:\/\/diariotextual.com\/inicio\/index.php\/2023\/07\/25\/comenzo-el-juicio-a-yanina-coronel-la-mujer-acusada-de-envenenar-a-su-pareja\/","og_locale":"es_ES","og_type":"article","og_title":"Comenz\u00f3 el juicio a Yanina Coronel: revel\u00f3 que sufr\u00eda violencia y que su pareja la amenaz\u00f3 con matarla - Diario Textual","og_description":"Comenz\u00f3 este martes en el Centro Judicial de Santa Rosa el juicio a Yanina Coronel, la mujer de 31 a\u00f1os acusada de envenenar a su pareja, el polic\u00eda&nbsp;Gabriel P\u00e1ez Albornoz.&hellip;","og_url":"https:\/\/diariotextual.com\/inicio\/index.php\/2023\/07\/25\/comenzo-el-juicio-a-yanina-coronel-la-mujer-acusada-de-envenenar-a-su-pareja\/","og_site_name":"Diario Textual","article_publisher":"https:\/\/www.facebook.com\/eltextual","article_published_time":"2023-07-25T12:49:14+00:00","article_modified_time":"2023-07-25T13:53:03+00:00","og_image":[{"width":1600,"height":1147,"url":"https:\/\/diariotextual.com\/inicio\/wp-content\/uploads\/2023\/07\/yaninacoroneljuicio.jpg","type":"image\/jpeg"}],"author":"diario5","twitter_card":"summary_large_image","twitter_creator":"@eltextual","twitter_site":"@eltextual","twitter_misc":{"Escrito por":"diario5","Tiempo de lectura":"4 minutos"},"schema":{"@context":"https:\/\/schema.org","@graph":[{"@type":"Article","@id":"https:\/\/diariotextual.com\/inicio\/index.php\/2023\/07\/25\/comenzo-el-juicio-a-yanina-coronel-la-mujer-acusada-de-envenenar-a-su-pareja\/#article","isPartOf":{"@id":"https:\/\/diariotextual.com\/inicio\/index.php\/2023\/07\/25\/comenzo-el-juicio-a-yanina-coronel-la-mujer-acusada-de-envenenar-a-su-pareja\/"},"author":{"name":"diario5","@id":"https:\/\/diariotextual.com\/inicio\/#\/schema\/person\/c7834961ad8b29b1d9cdbf4571299067"},"headline":"Comenz\u00f3 el juicio a Yanina Coronel: revel\u00f3 que sufr\u00eda violencia y que su pareja la amenaz\u00f3 con matarla","datePublished":"2023-07-25T12:49:14+00:00","dateModified":"2023-07-25T13:53:03+00:00","mainEntityOfPage":{"@id":"https:\/\/diariotextual.com\/inicio\/index.php\/2023\/07\/25\/comenzo-el-juicio-a-yanina-coronel-la-mujer-acusada-de-envenenar-a-su-pareja\/"},"wordCount":695,"publisher":{"@id":"https:\/\/diariotextual.com\/inicio\/#organization"},"image":{"@id":"https:\/\/diariotextual.com\/inicio\/index.php\/2023\/07\/25\/comenzo-el-juicio-a-yanina-coronel-la-mujer-acusada-de-envenenar-a-su-pareja\/#primaryimage"},"thumbnailUrl":"https:\/\/diariotextual.com\/inicio\/wp-content\/uploads\/2023\/07\/yaninacoroneljuicio.jpg","articleSection":["A - DESTACADAS (mod 16)","SOCIEDAD"],"inLanguage":"es"},{"@type":"WebPage","@id":"https:\/\/diariotextual.com\/inicio\/index.php\/2023\/07\/25\/comenzo-el-juicio-a-yanina-coronel-la-mujer-acusada-de-envenenar-a-su-pareja\/","url":"https:\/\/diariotextual.com\/inicio\/index.php\/2023\/07\/25\/comenzo-el-juicio-a-yanina-coronel-la-mujer-acusada-de-envenenar-a-su-pareja\/","name":"Comenz\u00f3 el juicio a Yanina Coronel: revel\u00f3 que sufr\u00eda violencia y que su pareja la amenaz\u00f3 con matarla - Diario Textual","isPartOf":{"@id":"https:\/\/diariotextual.com\/inicio\/#website"},"primaryImageOfPage":{"@id":"https:\/\/diariotextual.com\/inicio\/index.php\/2023\/07\/25\/comenzo-el-juicio-a-yanina-coronel-la-mujer-acusada-de-envenenar-a-su-pareja\/#primaryimage"},"image":{"@id":"https:\/\/diariotextual.com\/inicio\/index.php\/2023\/07\/25\/comenzo-el-juicio-a-yanina-coronel-la-mujer-acusada-de-envenenar-a-su-pareja\/#primaryimage"},"thumbnailUrl":"https:\/\/diariotextual.com\/inicio\/wp-content\/uploads\/2023\/07\/yaninacoroneljuicio.jpg","datePublished":"2023-07-25T12:49:14+00:00","dateModified":"2023-07-25T13:53:03+00:00","breadcrumb":{"@id":"https:\/\/diariotextual.com\/inicio\/index.php\/2023\/07\/25\/comenzo-el-juicio-a-yanina-coronel-la-mujer-acusada-de-envenenar-a-su-pareja\/#breadcrumb"},"inLanguage":"es","potentialAction":[{"@type":"ReadAction","target":["https:\/\/diariotextual.com\/inicio\/index.php\/2023\/07\/25\/comenzo-el-juicio-a-yanina-coronel-la-mujer-acusada-de-envenenar-a-su-pareja\/"]}]},{"@type":"ImageObject","inLanguage":"es","@id":"https:\/\/diariotextual.com\/inicio\/index.php\/2023\/07\/25\/comenzo-el-juicio-a-yanina-coronel-la-mujer-acusada-de-envenenar-a-su-pareja\/#primaryimage","url":"https:\/\/diariotextual.com\/inicio\/wp-content\/uploads\/2023\/07\/yaninacoroneljuicio.jpg","contentUrl":"https:\/\/diariotextual.com\/inicio\/wp-content\/uploads\/2023\/07\/yaninacoroneljuicio.jpg","width":1600,"height":1147},{"@type":"BreadcrumbList","@id":"https:\/\/diariotextual.com\/inicio\/index.php\/2023\/07\/25\/comenzo-el-juicio-a-yanina-coronel-la-mujer-acusada-de-envenenar-a-su-pareja\/#breadcrumb","itemListElement":[{"@type":"ListItem","position":1,"name":"Portada","item":"https:\/\/diariotextual.com\/inicio\/"},{"@type":"ListItem","position":2,"name":"Comenz\u00f3 el juicio a Yanina Coronel: revel\u00f3 que sufr\u00eda violencia y que su pareja la amenaz\u00f3 con matarla"}]},{"@type":"WebSite","@id":"https:\/\/diariotextual.com\/inicio\/#website","url":"https:\/\/diariotextual.com\/inicio\/","name":"Diario Textual","description":"","publisher":{"@id":"https:\/\/diariotextual.com\/inicio\/#organization"},"potentialAction":[{"@type":"SearchAction","target":{"@type":"EntryPoint","urlTemplate":"https:\/\/diariotextual.com\/inicio\/?s={search_term_string}"},"query-input":{"@type":"PropertyValueSpecification","valueRequired":true,"valueName":"search_term_string"}}],"inLanguage":"es"},{"@type":"Organization","@id":"https:\/\/diariotextual.com\/inicio\/#organization","name":"Diario Textual","url":"https:\/\/diariotextual.com\/inicio\/","logo":{"@type":"ImageObject","inLanguage":"es","@id":"https:\/\/diariotextual.com\/inicio\/#\/schema\/logo\/image\/","url":"https:\/\/diariotextual.com\/inicio\/wp-content\/uploads\/2023\/05\/logotextual1.jpg","contentUrl":"https:\/\/diariotextual.com\/inicio\/wp-content\/uploads\/2023\/05\/logotextual1.jpg","width":516,"height":76,"caption":"Diario Textual"},"image":{"@id":"https:\/\/diariotextual.com\/inicio\/#\/schema\/logo\/image\/"},"sameAs":["https:\/\/www.facebook.com\/eltextual","https:\/\/x.com\/eltextual","http:\/\/www.instagram.com\/eltextual"]},{"@type":"Person","@id":"https:\/\/diariotextual.com\/inicio\/#\/schema\/person\/c7834961ad8b29b1d9cdbf4571299067","name":"diario5","image":{"@type":"ImageObject","inLanguage":"es","@id":"https:\/\/secure.gravatar.com\/avatar\/948c893b847ca6df68216ead81b63f363408ec9b0f600fefc0641ce78613b111?s=96&d=mm&r=g","url":"https:\/\/secure.gravatar.com\/avatar\/948c893b847ca6df68216ead81b63f363408ec9b0f600fefc0641ce78613b111?s=96&d=mm&r=g","contentUrl":"https:\/\/secure.gravatar.com\/avatar\/948c893b847ca6df68216ead81b63f363408ec9b0f600fefc0641ce78613b111?s=96&d=mm&r=g","caption":"diario5"},"url":"https:\/\/diariotextual.com\/inicio\/index.php\/author\/diario5\/"}]}},"_links":{"self":[{"href":"https:\/\/diariotextual.com\/inicio\/index.php\/wp-json\/wp\/v2\/posts\/231728","targetHints":{"allow":["GET"]}}],"collection":[{"href":"https:\/\/diariotextual.com\/inicio\/index.php\/wp-json\/wp\/v2\/posts"}],"about":[{"href":"https:\/\/diariotextual.com\/inicio\/index.php\/wp-json\/wp\/v2\/types\/post"}],"author":[{"embeddable":true,"href":"https:\/\/diariotextual.com\/inicio\/index.php\/wp-json\/wp\/v2\/users\/7"}],"replies":[{"embeddable":true,"href":"https:\/\/diariotextual.com\/inicio\/index.php\/wp-json\/wp\/v2\/comments?post=231728"}],"version-history":[{"count":7,"href":"https:\/\/diariotextual.com\/inicio\/index.php\/wp-json\/wp\/v2\/posts\/231728\/revisions"}],"predecessor-version":[{"id":231750,"href":"https:\/\/diariotextual.com\/inicio\/index.php\/wp-json\/wp\/v2\/posts\/231728\/revisions\/231750"}],"wp:featuredmedia":[{"embeddable":true,"href":"https:\/\/diariotextual.com\/inicio\/index.php\/wp-json\/wp\/v2\/media\/231746"}],"wp:attachment":[{"href":"https:\/\/diariotextual.com\/inicio\/index.php\/wp-json\/wp\/v2\/media?parent=231728"}],"wp:term":[{"taxonomy":"category","embeddable":true,"href":"https:\/\/diariotextual.com\/inicio\/index.php\/wp-json\/wp\/v2\/categories?post=231728"},{"taxonomy":"post_tag","embeddable":true,"href":"https:\/\/diariotextual.com\/inicio\/index.php\/wp-json\/wp\/v2\/tags?post=231728"}],"curies":[{"name":"wp","href":"https:\/\/api.w.org\/{rel}","templated":true}]}}