{"id":231735,"date":"2023-07-25T10:30:24","date_gmt":"2023-07-25T13:30:24","guid":{"rendered":"https:\/\/diariotextual.com\/inicio\/?p=231735"},"modified":"2023-07-25T16:40:34","modified_gmt":"2023-07-25T19:40:34","slug":"hay-una-empanada-pampeana-en-trenel-organizaron-un-concurso","status":"publish","type":"post","link":"https:\/\/diariotextual.com\/inicio\/index.php\/2023\/07\/25\/hay-una-empanada-pampeana-en-trenel-organizaron-un-concurso\/","title":{"rendered":"\u00bfHay una empanada pampeana? Organizaron un concurso"},"content":{"rendered":"\n<p>\u00bfHay una receta de empanada que identifique a La Pampa? Por lo pronto, la Secretar\u00eda de Turismo de La Pampa organiz\u00f3 el primer Concurso Provincial de la Empanada Pampeana. El objetivo, precisamente, es seleccionar una receta que sea representativa de la gastronom\u00eda pampeana.<\/p>\n\n\n\n<p>\u201cEst\u00e1 abierta la convocatoria para generar una receta \u00fanica y original de empanada, que sea representativa de la gastronom\u00eda de La Pampa y seleccionar el representante que pueda mostrar esa receta en distintos eventos y festivales\u201d, anunci\u00f3 la subsecretar\u00eda.<\/p>\n\n\n\n<p>La convocatoria est\u00e1 abierta a cualquier persona mayor de edad con residencia en alguno de los municipios de la provincia, aficionados o profesionales de la gastronom\u00eda para participar en la competencia que contar\u00e1 de dos rondas de tres participantes cada una.<\/p>\n\n\n\n<p>Las personas interesadas podr\u00e1n inscribirse de manera virtual hasta el lunes 7 de agosto donde presentar\u00e1n una receta original de masa y relleno para realizar 12 unidades de empanadas.<\/p>\n\n\n\n<p>Una vez cerrada la inscripci\u00f3n, el jurado seleccionar\u00e1 los elegidos para la ronda final que ser\u00e1 entre el 15 y el 18 de agosto. Ser\u00e1 presencial y cada participante tendr\u00e1 2 horas para la realizaci\u00f3n de la receta que el jurado degustar\u00e1 para luego seleccionar el ganador.<\/p>\n\n\n\n<p>Esta iniciativa nace del trabajo conjunto entre la Secretar\u00eda de Turismo y la Secretar\u00eda de Trabajo del Gobierno de La Pampa, UTGHRA y la Asociaci\u00f3n Hotelera de La Pampa.<\/p>\n\n\n\n<p>La inscripci\u00f3n se realizar\u00e1 completando el siguiente formulario donde adem\u00e1s podr\u00e1n encontrar las bases y condiciones del concurso: <strong><a href=\"https:\/\/acortar.link\/nIZv39\" target=\"_blank\" rel=\"noreferrer noopener\">&nbsp;https:\/\/acortar.link\/nIZv39<\/a><\/strong><\/p>\n\n\n\n<p>Para mayor informaci\u00f3n comunicarse con la Secretar\u00eda de Turismo de La Pampa:<\/p>\n\n\n\n<p>Tel\u00e9fono: 2954 425060<\/p>\n\n\n\n<p>Whatsapp: 2954 299843<\/p>\n","protected":false},"excerpt":{"rendered":"<p>\u00bfHay una receta de empanada que identifique a La Pampa? Por lo pronto, la Secretar\u00eda de Turismo de La Pampa organiz\u00f3 el primer Concurso Provincial de la Empanada Pampeana. El&hellip;<\/p>\n","protected":false},"author":3,"featured_media":231741,"comment_status":"closed","ping_status":"open","sticky":false,"template":"","format":"standard","meta":{"_acf_changed":false,"footnotes":""},"categories":[1,11,12],"tags":[],"class_list":["post-231735","post","type-post","status-publish","format-standard","has-post-thumbnail","hentry","category-es-noticia","category-que-pasa","category-sociedad"],"acf":[],"yoast_head":"<!-- This site is optimized with the Yoast SEO plugin v27.5 - https:\/\/yoast.com\/product\/yoast-seo-wordpress\/ -->\n<title>\u00bfHay una empanada pampeana? Organizaron un concurso - Diario Textual<\/title>\n<meta name=\"robots\" content=\"index, follow, max-snippet:-1, max-image-preview:large, max-video-preview:-1\" \/>\n<link rel=\"canonical\" href=\"https:\/\/diariotextual.com\/inicio\/index.php\/2023\/07\/25\/hay-una-empanada-pampeana-en-trenel-organizaron-un-concurso\/\" \/>\n<meta property=\"og:locale\" content=\"es_ES\" \/>\n<meta property=\"og:type\" content=\"article\" \/>\n<meta property=\"og:title\" content=\"\u00bfHay una empanada pampeana? Organizaron un concurso - Diario Textual\" \/>\n<meta property=\"og:description\" content=\"\u00bfHay una receta de empanada que identifique a La Pampa? Por lo pronto, la Secretar\u00eda de Turismo de La Pampa organiz\u00f3 el primer Concurso Provincial de la Empanada Pampeana. El&hellip;\" \/>\n<meta property=\"og:url\" content=\"https:\/\/diariotextual.com\/inicio\/index.php\/2023\/07\/25\/hay-una-empanada-pampeana-en-trenel-organizaron-un-concurso\/\" \/>\n<meta property=\"og:site_name\" content=\"Diario Textual\" \/>\n<meta property=\"article:publisher\" content=\"https:\/\/www.facebook.com\/eltextual\" \/>\n<meta property=\"article:published_time\" content=\"2023-07-25T13:30:24+00:00\" \/>\n<meta property=\"article:modified_time\" content=\"2023-07-25T19:40:34+00:00\" \/>\n<meta property=\"og:image\" content=\"https:\/\/diariotextual.com\/inicio\/wp-content\/uploads\/2023\/07\/empanadas003.jpg\" \/>\n\t<meta property=\"og:image:width\" content=\"700\" \/>\n\t<meta property=\"og:image:height\" content=\"462\" \/>\n\t<meta property=\"og:image:type\" content=\"image\/jpeg\" \/>\n<meta name=\"author\" content=\"Diario1 Diario1\" \/>\n<meta name=\"twitter:card\" content=\"summary_large_image\" \/>\n<meta name=\"twitter:creator\" content=\"@eltextual\" \/>\n<meta name=\"twitter:site\" content=\"@eltextual\" \/>\n<meta name=\"twitter:label1\" content=\"Escrito por\" \/>\n\t<meta name=\"twitter:data1\" content=\"Diario1 Diario1\" \/>\n\t<meta name=\"twitter:label2\" content=\"Tiempo de lectura\" \/>\n\t<meta name=\"twitter:data2\" content=\"2 minutos\" \/>\n<script type=\"application\/ld+json\" class=\"yoast-schema-graph\">{\"@context\":\"https:\\\/\\\/schema.org\",\"@graph\":[{\"@type\":\"Article\",\"@id\":\"https:\\\/\\\/diariotextual.com\\\/inicio\\\/index.php\\\/2023\\\/07\\\/25\\\/hay-una-empanada-pampeana-en-trenel-organizaron-un-concurso\\\/#article\",\"isPartOf\":{\"@id\":\"https:\\\/\\\/diariotextual.com\\\/inicio\\\/index.php\\\/2023\\\/07\\\/25\\\/hay-una-empanada-pampeana-en-trenel-organizaron-un-concurso\\\/\"},\"author\":{\"name\":\"Diario1 Diario1\",\"@id\":\"https:\\\/\\\/diariotextual.com\\\/inicio\\\/#\\\/schema\\\/person\\\/418fc4093c33e86ed41562db3508f958\"},\"headline\":\"\u00bfHay una empanada pampeana? Organizaron un concurso\",\"datePublished\":\"2023-07-25T13:30:24+00:00\",\"dateModified\":\"2023-07-25T19:40:34+00:00\",\"mainEntityOfPage\":{\"@id\":\"https:\\\/\\\/diariotextual.com\\\/inicio\\\/index.php\\\/2023\\\/07\\\/25\\\/hay-una-empanada-pampeana-en-trenel-organizaron-un-concurso\\\/\"},\"wordCount\":285,\"publisher\":{\"@id\":\"https:\\\/\\\/diariotextual.com\\\/inicio\\\/#organization\"},\"image\":{\"@id\":\"https:\\\/\\\/diariotextual.com\\\/inicio\\\/index.php\\\/2023\\\/07\\\/25\\\/hay-una-empanada-pampeana-en-trenel-organizaron-un-concurso\\\/#primaryimage\"},\"thumbnailUrl\":\"https:\\\/\\\/diariotextual.com\\\/inicio\\\/wp-content\\\/uploads\\\/2023\\\/07\\\/empanadas003.jpg\",\"articleSection\":[\"A - ES NOTICIA (van abajo)\",\"A - QUE PASA (al costado)\",\"SOCIEDAD\"],\"inLanguage\":\"es\"},{\"@type\":\"WebPage\",\"@id\":\"https:\\\/\\\/diariotextual.com\\\/inicio\\\/index.php\\\/2023\\\/07\\\/25\\\/hay-una-empanada-pampeana-en-trenel-organizaron-un-concurso\\\/\",\"url\":\"https:\\\/\\\/diariotextual.com\\\/inicio\\\/index.php\\\/2023\\\/07\\\/25\\\/hay-una-empanada-pampeana-en-trenel-organizaron-un-concurso\\\/\",\"name\":\"\u00bfHay una empanada pampeana? Organizaron un concurso - Diario Textual\",\"isPartOf\":{\"@id\":\"https:\\\/\\\/diariotextual.com\\\/inicio\\\/#website\"},\"primaryImageOfPage\":{\"@id\":\"https:\\\/\\\/diariotextual.com\\\/inicio\\\/index.php\\\/2023\\\/07\\\/25\\\/hay-una-empanada-pampeana-en-trenel-organizaron-un-concurso\\\/#primaryimage\"},\"image\":{\"@id\":\"https:\\\/\\\/diariotextual.com\\\/inicio\\\/index.php\\\/2023\\\/07\\\/25\\\/hay-una-empanada-pampeana-en-trenel-organizaron-un-concurso\\\/#primaryimage\"},\"thumbnailUrl\":\"https:\\\/\\\/diariotextual.com\\\/inicio\\\/wp-content\\\/uploads\\\/2023\\\/07\\\/empanadas003.jpg\",\"datePublished\":\"2023-07-25T13:30:24+00:00\",\"dateModified\":\"2023-07-25T19:40:34+00:00\",\"breadcrumb\":{\"@id\":\"https:\\\/\\\/diariotextual.com\\\/inicio\\\/index.php\\\/2023\\\/07\\\/25\\\/hay-una-empanada-pampeana-en-trenel-organizaron-un-concurso\\\/#breadcrumb\"},\"inLanguage\":\"es\",\"potentialAction\":[{\"@type\":\"ReadAction\",\"target\":[\"https:\\\/\\\/diariotextual.com\\\/inicio\\\/index.php\\\/2023\\\/07\\\/25\\\/hay-una-empanada-pampeana-en-trenel-organizaron-un-concurso\\\/\"]}]},{\"@type\":\"ImageObject\",\"inLanguage\":\"es\",\"@id\":\"https:\\\/\\\/diariotextual.com\\\/inicio\\\/index.php\\\/2023\\\/07\\\/25\\\/hay-una-empanada-pampeana-en-trenel-organizaron-un-concurso\\\/#primaryimage\",\"url\":\"https:\\\/\\\/diariotextual.com\\\/inicio\\\/wp-content\\\/uploads\\\/2023\\\/07\\\/empanadas003.jpg\",\"contentUrl\":\"https:\\\/\\\/diariotextual.com\\\/inicio\\\/wp-content\\\/uploads\\\/2023\\\/07\\\/empanadas003.jpg\",\"width\":700,\"height\":462},{\"@type\":\"BreadcrumbList\",\"@id\":\"https:\\\/\\\/diariotextual.com\\\/inicio\\\/index.php\\\/2023\\\/07\\\/25\\\/hay-una-empanada-pampeana-en-trenel-organizaron-un-concurso\\\/#breadcrumb\",\"itemListElement\":[{\"@type\":\"ListItem\",\"position\":1,\"name\":\"Portada\",\"item\":\"https:\\\/\\\/diariotextual.com\\\/inicio\\\/\"},{\"@type\":\"ListItem\",\"position\":2,\"name\":\"\u00bfHay una empanada pampeana? Organizaron un concurso\"}]},{\"@type\":\"WebSite\",\"@id\":\"https:\\\/\\\/diariotextual.com\\\/inicio\\\/#website\",\"url\":\"https:\\\/\\\/diariotextual.com\\\/inicio\\\/\",\"name\":\"Diario Textual\",\"description\":\"\",\"publisher\":{\"@id\":\"https:\\\/\\\/diariotextual.com\\\/inicio\\\/#organization\"},\"potentialAction\":[{\"@type\":\"SearchAction\",\"target\":{\"@type\":\"EntryPoint\",\"urlTemplate\":\"https:\\\/\\\/diariotextual.com\\\/inicio\\\/?s={search_term_string}\"},\"query-input\":{\"@type\":\"PropertyValueSpecification\",\"valueRequired\":true,\"valueName\":\"search_term_string\"}}],\"inLanguage\":\"es\"},{\"@type\":\"Organization\",\"@id\":\"https:\\\/\\\/diariotextual.com\\\/inicio\\\/#organization\",\"name\":\"Diario Textual\",\"url\":\"https:\\\/\\\/diariotextual.com\\\/inicio\\\/\",\"logo\":{\"@type\":\"ImageObject\",\"inLanguage\":\"es\",\"@id\":\"https:\\\/\\\/diariotextual.com\\\/inicio\\\/#\\\/schema\\\/logo\\\/image\\\/\",\"url\":\"https:\\\/\\\/diariotextual.com\\\/inicio\\\/wp-content\\\/uploads\\\/2023\\\/05\\\/logotextual1.jpg\",\"contentUrl\":\"https:\\\/\\\/diariotextual.com\\\/inicio\\\/wp-content\\\/uploads\\\/2023\\\/05\\\/logotextual1.jpg\",\"width\":516,\"height\":76,\"caption\":\"Diario Textual\"},\"image\":{\"@id\":\"https:\\\/\\\/diariotextual.com\\\/inicio\\\/#\\\/schema\\\/logo\\\/image\\\/\"},\"sameAs\":[\"https:\\\/\\\/www.facebook.com\\\/eltextual\",\"https:\\\/\\\/x.com\\\/eltextual\",\"http:\\\/\\\/www.instagram.com\\\/eltextual\"]},{\"@type\":\"Person\",\"@id\":\"https:\\\/\\\/diariotextual.com\\\/inicio\\\/#\\\/schema\\\/person\\\/418fc4093c33e86ed41562db3508f958\",\"name\":\"Diario1 Diario1\",\"image\":{\"@type\":\"ImageObject\",\"inLanguage\":\"es\",\"@id\":\"https:\\\/\\\/secure.gravatar.com\\\/avatar\\\/9167d280179c85bc18be67aa7eda765854300033af4896dd779b608640f2ef7a?s=96&d=mm&r=g\",\"url\":\"https:\\\/\\\/secure.gravatar.com\\\/avatar\\\/9167d280179c85bc18be67aa7eda765854300033af4896dd779b608640f2ef7a?s=96&d=mm&r=g\",\"contentUrl\":\"https:\\\/\\\/secure.gravatar.com\\\/avatar\\\/9167d280179c85bc18be67aa7eda765854300033af4896dd779b608640f2ef7a?s=96&d=mm&r=g\",\"caption\":\"Diario1 Diario1\"},\"url\":\"https:\\\/\\\/diariotextual.com\\\/inicio\\\/index.php\\\/author\\\/diario1\\\/\"}]}<\/script>\n<!-- \/ Yoast SEO plugin. -->","yoast_head_json":{"title":"\u00bfHay una empanada pampeana? Organizaron un concurso - Diario Textual","robots":{"index":"index","follow":"follow","max-snippet":"max-snippet:-1","max-image-preview":"max-image-preview:large","max-video-preview":"max-video-preview:-1"},"canonical":"https:\/\/diariotextual.com\/inicio\/index.php\/2023\/07\/25\/hay-una-empanada-pampeana-en-trenel-organizaron-un-concurso\/","og_locale":"es_ES","og_type":"article","og_title":"\u00bfHay una empanada pampeana? Organizaron un concurso - Diario Textual","og_description":"\u00bfHay una receta de empanada que identifique a La Pampa? Por lo pronto, la Secretar\u00eda de Turismo de La Pampa organiz\u00f3 el primer Concurso Provincial de la Empanada Pampeana. El&hellip;","og_url":"https:\/\/diariotextual.com\/inicio\/index.php\/2023\/07\/25\/hay-una-empanada-pampeana-en-trenel-organizaron-un-concurso\/","og_site_name":"Diario Textual","article_publisher":"https:\/\/www.facebook.com\/eltextual","article_published_time":"2023-07-25T13:30:24+00:00","article_modified_time":"2023-07-25T19:40:34+00:00","og_image":[{"width":700,"height":462,"url":"https:\/\/diariotextual.com\/inicio\/wp-content\/uploads\/2023\/07\/empanadas003.jpg","type":"image\/jpeg"}],"author":"Diario1 Diario1","twitter_card":"summary_large_image","twitter_creator":"@eltextual","twitter_site":"@eltextual","twitter_misc":{"Escrito por":"Diario1 Diario1","Tiempo de lectura":"2 minutos"},"schema":{"@context":"https:\/\/schema.org","@graph":[{"@type":"Article","@id":"https:\/\/diariotextual.com\/inicio\/index.php\/2023\/07\/25\/hay-una-empanada-pampeana-en-trenel-organizaron-un-concurso\/#article","isPartOf":{"@id":"https:\/\/diariotextual.com\/inicio\/index.php\/2023\/07\/25\/hay-una-empanada-pampeana-en-trenel-organizaron-un-concurso\/"},"author":{"name":"Diario1 Diario1","@id":"https:\/\/diariotextual.com\/inicio\/#\/schema\/person\/418fc4093c33e86ed41562db3508f958"},"headline":"\u00bfHay una empanada pampeana? Organizaron un concurso","datePublished":"2023-07-25T13:30:24+00:00","dateModified":"2023-07-25T19:40:34+00:00","mainEntityOfPage":{"@id":"https:\/\/diariotextual.com\/inicio\/index.php\/2023\/07\/25\/hay-una-empanada-pampeana-en-trenel-organizaron-un-concurso\/"},"wordCount":285,"publisher":{"@id":"https:\/\/diariotextual.com\/inicio\/#organization"},"image":{"@id":"https:\/\/diariotextual.com\/inicio\/index.php\/2023\/07\/25\/hay-una-empanada-pampeana-en-trenel-organizaron-un-concurso\/#primaryimage"},"thumbnailUrl":"https:\/\/diariotextual.com\/inicio\/wp-content\/uploads\/2023\/07\/empanadas003.jpg","articleSection":["A - ES NOTICIA (van abajo)","A - QUE PASA (al costado)","SOCIEDAD"],"inLanguage":"es"},{"@type":"WebPage","@id":"https:\/\/diariotextual.com\/inicio\/index.php\/2023\/07\/25\/hay-una-empanada-pampeana-en-trenel-organizaron-un-concurso\/","url":"https:\/\/diariotextual.com\/inicio\/index.php\/2023\/07\/25\/hay-una-empanada-pampeana-en-trenel-organizaron-un-concurso\/","name":"\u00bfHay una empanada pampeana? Organizaron un concurso - Diario Textual","isPartOf":{"@id":"https:\/\/diariotextual.com\/inicio\/#website"},"primaryImageOfPage":{"@id":"https:\/\/diariotextual.com\/inicio\/index.php\/2023\/07\/25\/hay-una-empanada-pampeana-en-trenel-organizaron-un-concurso\/#primaryimage"},"image":{"@id":"https:\/\/diariotextual.com\/inicio\/index.php\/2023\/07\/25\/hay-una-empanada-pampeana-en-trenel-organizaron-un-concurso\/#primaryimage"},"thumbnailUrl":"https:\/\/diariotextual.com\/inicio\/wp-content\/uploads\/2023\/07\/empanadas003.jpg","datePublished":"2023-07-25T13:30:24+00:00","dateModified":"2023-07-25T19:40:34+00:00","breadcrumb":{"@id":"https:\/\/diariotextual.com\/inicio\/index.php\/2023\/07\/25\/hay-una-empanada-pampeana-en-trenel-organizaron-un-concurso\/#breadcrumb"},"inLanguage":"es","potentialAction":[{"@type":"ReadAction","target":["https:\/\/diariotextual.com\/inicio\/index.php\/2023\/07\/25\/hay-una-empanada-pampeana-en-trenel-organizaron-un-concurso\/"]}]},{"@type":"ImageObject","inLanguage":"es","@id":"https:\/\/diariotextual.com\/inicio\/index.php\/2023\/07\/25\/hay-una-empanada-pampeana-en-trenel-organizaron-un-concurso\/#primaryimage","url":"https:\/\/diariotextual.com\/inicio\/wp-content\/uploads\/2023\/07\/empanadas003.jpg","contentUrl":"https:\/\/diariotextual.com\/inicio\/wp-content\/uploads\/2023\/07\/empanadas003.jpg","width":700,"height":462},{"@type":"BreadcrumbList","@id":"https:\/\/diariotextual.com\/inicio\/index.php\/2023\/07\/25\/hay-una-empanada-pampeana-en-trenel-organizaron-un-concurso\/#breadcrumb","itemListElement":[{"@type":"ListItem","position":1,"name":"Portada","item":"https:\/\/diariotextual.com\/inicio\/"},{"@type":"ListItem","position":2,"name":"\u00bfHay una empanada pampeana? Organizaron un concurso"}]},{"@type":"WebSite","@id":"https:\/\/diariotextual.com\/inicio\/#website","url":"https:\/\/diariotextual.com\/inicio\/","name":"Diario Textual","description":"","publisher":{"@id":"https:\/\/diariotextual.com\/inicio\/#organization"},"potentialAction":[{"@type":"SearchAction","target":{"@type":"EntryPoint","urlTemplate":"https:\/\/diariotextual.com\/inicio\/?s={search_term_string}"},"query-input":{"@type":"PropertyValueSpecification","valueRequired":true,"valueName":"search_term_string"}}],"inLanguage":"es"},{"@type":"Organization","@id":"https:\/\/diariotextual.com\/inicio\/#organization","name":"Diario Textual","url":"https:\/\/diariotextual.com\/inicio\/","logo":{"@type":"ImageObject","inLanguage":"es","@id":"https:\/\/diariotextual.com\/inicio\/#\/schema\/logo\/image\/","url":"https:\/\/diariotextual.com\/inicio\/wp-content\/uploads\/2023\/05\/logotextual1.jpg","contentUrl":"https:\/\/diariotextual.com\/inicio\/wp-content\/uploads\/2023\/05\/logotextual1.jpg","width":516,"height":76,"caption":"Diario Textual"},"image":{"@id":"https:\/\/diariotextual.com\/inicio\/#\/schema\/logo\/image\/"},"sameAs":["https:\/\/www.facebook.com\/eltextual","https:\/\/x.com\/eltextual","http:\/\/www.instagram.com\/eltextual"]},{"@type":"Person","@id":"https:\/\/diariotextual.com\/inicio\/#\/schema\/person\/418fc4093c33e86ed41562db3508f958","name":"Diario1 Diario1","image":{"@type":"ImageObject","inLanguage":"es","@id":"https:\/\/secure.gravatar.com\/avatar\/9167d280179c85bc18be67aa7eda765854300033af4896dd779b608640f2ef7a?s=96&d=mm&r=g","url":"https:\/\/secure.gravatar.com\/avatar\/9167d280179c85bc18be67aa7eda765854300033af4896dd779b608640f2ef7a?s=96&d=mm&r=g","contentUrl":"https:\/\/secure.gravatar.com\/avatar\/9167d280179c85bc18be67aa7eda765854300033af4896dd779b608640f2ef7a?s=96&d=mm&r=g","caption":"Diario1 Diario1"},"url":"https:\/\/diariotextual.com\/inicio\/index.php\/author\/diario1\/"}]}},"_links":{"self":[{"href":"https:\/\/diariotextual.com\/inicio\/index.php\/wp-json\/wp\/v2\/posts\/231735","targetHints":{"allow":["GET"]}}],"collection":[{"href":"https:\/\/diariotextual.com\/inicio\/index.php\/wp-json\/wp\/v2\/posts"}],"about":[{"href":"https:\/\/diariotextual.com\/inicio\/index.php\/wp-json\/wp\/v2\/types\/post"}],"author":[{"embeddable":true,"href":"https:\/\/diariotextual.com\/inicio\/index.php\/wp-json\/wp\/v2\/users\/3"}],"replies":[{"embeddable":true,"href":"https:\/\/diariotextual.com\/inicio\/index.php\/wp-json\/wp\/v2\/comments?post=231735"}],"version-history":[{"count":4,"href":"https:\/\/diariotextual.com\/inicio\/index.php\/wp-json\/wp\/v2\/posts\/231735\/revisions"}],"predecessor-version":[{"id":231767,"href":"https:\/\/diariotextual.com\/inicio\/index.php\/wp-json\/wp\/v2\/posts\/231735\/revisions\/231767"}],"wp:featuredmedia":[{"embeddable":true,"href":"https:\/\/diariotextual.com\/inicio\/index.php\/wp-json\/wp\/v2\/media\/231741"}],"wp:attachment":[{"href":"https:\/\/diariotextual.com\/inicio\/index.php\/wp-json\/wp\/v2\/media?parent=231735"}],"wp:term":[{"taxonomy":"category","embeddable":true,"href":"https:\/\/diariotextual.com\/inicio\/index.php\/wp-json\/wp\/v2\/categories?post=231735"},{"taxonomy":"post_tag","embeddable":true,"href":"https:\/\/diariotextual.com\/inicio\/index.php\/wp-json\/wp\/v2\/tags?post=231735"}],"curies":[{"name":"wp","href":"https:\/\/api.w.org\/{rel}","templated":true}]}}