{"id":231775,"date":"2023-07-25T14:41:46","date_gmt":"2023-07-25T17:41:46","guid":{"rendered":"https:\/\/diariotextual.com\/inicio\/?p=231775"},"modified":"2023-07-25T14:41:48","modified_gmt":"2023-07-25T17:41:48","slug":"condenado-por-robos-con-arma-de-utileria","status":"publish","type":"post","link":"https:\/\/diariotextual.com\/inicio\/index.php\/2023\/07\/25\/condenado-por-robos-con-arma-de-utileria\/","title":{"rendered":"Condenado por robos con arma de utiler\u00eda"},"content":{"rendered":"\n<p>Un joven de 24 a\u00f1os fue condenado hoy a una pena unificada de tres a\u00f1os de prisi\u00f3n de cumplimiento efectivo, al ser declarado autor de los<strong> delitos de robo agravado por haber sido cometido con un arma de utiler\u00eda en dos ocasiones<\/strong> \u2013una en grado de tentativa\u2013 y tenencia ilegal de arma de fuego de uso civil sin la debida autorizaci\u00f3n legal; en concurso real entre s\u00ed.<\/p>\n\n\n\n<p>La sentencia fue dictada por la jueza de control santarrose\u00f1a, Mar\u00eda Paolo Frigerio, en perjuicio de Arami Emiliano Carra luego que se acordara el procedimiento de juicio abreviado entre la fiscala Leticia Pordomingo, la defensora oficial Paula Arrigone \u2013subrogando a su par Juan Herm\u00faa\u2013 y el propio acusado. Los damnificados tambi\u00e9n brindaron su consentimiento.<\/p>\n\n\n\n<p>Los dos hechos imputados a Carra ocurrieron el pasado 13 de mayo a la madrugada. A la una ingres\u00f3, junto a una persona que a\u00fan no pudo ser identificada, a una vivienda de la calle Rubio, en Santa Rosa. All\u00ed hab\u00eda un hombre durmiendo. El condenado le exhibi\u00f3 \u201cun arma negra, tipo pistola; en tanto la otra persona comenz\u00f3 a indicarle que lo matara y a exigir dinero\u201d, detall\u00f3 la jueza en el fallo.<\/p>\n\n\n\n<p>En esas circunstancias se produjo un forcejeo entre los agresores y la v\u00edctima y esta \u00faltima sufri\u00f3 heridas de arma blanca en sus brazos y golpes en la cabeza. Los ladrones huyeron con 8.000 pesos, una tarjeta de d\u00e9bito, tres celulares, un cuchillo y un reloj.<\/p>\n\n\n\n<p>Dos horas m\u00e1s tarde, Carra entr\u00f3 a un domicilio de la calle Pestalozzi e intent\u00f3 sustraer una bicicleta rodado 29, aunque no lo logr\u00f3 porque fue sorprendido por uno de los moradores. All\u00ed el imputado \u201csac\u00f3 un arma tipo de fuego de la cintura\u201d y amedrent\u00f3 a aquel. La v\u00edctima ingres\u00f3 a la casa de su hermano \u2013donde estaba con otros familiares\u2013 y varios salieron a perseguir al ladr\u00f3n. Carra \u201cde a ratos frenaba, les apuntaba con el arma y les gatillaba\u201d, hasta que en Pasteur y Jos\u00e9 Luro lo alcanzaron y posteriormente la polic\u00eda lo aprehendi\u00f3.<\/p>\n\n\n\n<p>Cuando el acusado fue detenido se le secuestr\u00f3 uno de los celulares robados en el primer hecho y \u201cun arma de pu\u00f1o de gas comprimido\u201d. Un informe bal\u00edstico concluy\u00f3 que se trat\u00f3 de \u201cuna pistola de gas carb\u00f3nico de aire comprimido, calibre 4,5 mil\u00edmetros marca Stinger, que no se encuentra apta para efectuar disparos\u201d.<\/p>\n\n\n\n<p>Con respecto al segundo hecho se le secuestr\u00f3 \u201cun arma de fuego tipo rev\u00f3lver calibre 22, marca Posper, sin contar con la debida autorizaci\u00f3n para su tenencia\u201d.<\/p>\n\n\n\n<p>Frigerio, a pedido de las partes \u2013en los abreviados los jueces y juezas no pueden imponer sanciones m\u00e1s severas que las requeridas por el Ministerio P\u00fablico Fiscal\u2013, le impuso los tres a\u00f1os de prisi\u00f3n efectivo y le unific\u00f3 esa pena con una anterior en una pena \u00fanica de tres a\u00f1os. Carra ya hab\u00eda sido condenado en mayo a un a\u00f1o y nuevo meses de prisi\u00f3n en suspenso y por eso la magistrada le revoc\u00f3 esa condicionalidad. Adem\u00e1s, una vez que el fallo quede firme, se proceder\u00e1 al decomiso y destrucci\u00f3n de la pistola de utiler\u00eda y el rev\u00f3lver calibre 22.\u200b<\/p>\n","protected":false},"excerpt":{"rendered":"<p>Un joven de 24 a\u00f1os fue condenado hoy a una pena unificada de tres a\u00f1os de prisi\u00f3n de cumplimiento efectivo, al ser declarado autor de los delitos de robo agravado&hellip;<\/p>\n","protected":false},"author":4,"featured_media":219597,"comment_status":"closed","ping_status":"open","sticky":false,"template":"","format":"standard","meta":{"_acf_changed":false,"footnotes":""},"categories":[1,12],"tags":[],"class_list":["post-231775","post","type-post","status-publish","format-standard","has-post-thumbnail","hentry","category-es-noticia","category-sociedad"],"acf":[],"yoast_head":"<!-- This site is optimized with the Yoast SEO plugin v27.5 - https:\/\/yoast.com\/product\/yoast-seo-wordpress\/ -->\n<title>Condenado por robos con arma de utiler\u00eda - Diario Textual<\/title>\n<meta name=\"robots\" content=\"index, follow, max-snippet:-1, max-image-preview:large, max-video-preview:-1\" \/>\n<link rel=\"canonical\" href=\"https:\/\/diariotextual.com\/inicio\/index.php\/2023\/07\/25\/condenado-por-robos-con-arma-de-utileria\/\" \/>\n<meta property=\"og:locale\" content=\"es_ES\" \/>\n<meta property=\"og:type\" content=\"article\" \/>\n<meta property=\"og:title\" content=\"Condenado por robos con arma de utiler\u00eda - Diario Textual\" \/>\n<meta property=\"og:description\" content=\"Un joven de 24 a\u00f1os fue condenado hoy a una pena unificada de tres a\u00f1os de prisi\u00f3n de cumplimiento efectivo, al ser declarado autor de los delitos de robo agravado&hellip;\" \/>\n<meta property=\"og:url\" content=\"https:\/\/diariotextual.com\/inicio\/index.php\/2023\/07\/25\/condenado-por-robos-con-arma-de-utileria\/\" \/>\n<meta property=\"og:site_name\" content=\"Diario Textual\" \/>\n<meta property=\"article:publisher\" content=\"https:\/\/www.facebook.com\/eltextual\" \/>\n<meta property=\"article:published_time\" content=\"2023-07-25T17:41:46+00:00\" \/>\n<meta property=\"article:modified_time\" content=\"2023-07-25T17:41:48+00:00\" \/>\n<meta property=\"og:image\" content=\"https:\/\/diariotextual.com\/inicio\/wp-content\/uploads\/2023\/03\/armajuguete001.jpg\" \/>\n\t<meta property=\"og:image:width\" content=\"600\" \/>\n\t<meta property=\"og:image:height\" content=\"455\" \/>\n\t<meta property=\"og:image:type\" content=\"image\/jpeg\" \/>\n<meta name=\"author\" content=\"diario2\" \/>\n<meta name=\"twitter:card\" content=\"summary_large_image\" \/>\n<meta name=\"twitter:creator\" content=\"@eltextual\" \/>\n<meta name=\"twitter:site\" content=\"@eltextual\" \/>\n<meta name=\"twitter:label1\" content=\"Escrito por\" \/>\n\t<meta name=\"twitter:data1\" content=\"diario2\" \/>\n\t<meta name=\"twitter:label2\" content=\"Tiempo de lectura\" \/>\n\t<meta name=\"twitter:data2\" content=\"3 minutos\" \/>\n<script type=\"application\/ld+json\" class=\"yoast-schema-graph\">{\"@context\":\"https:\\\/\\\/schema.org\",\"@graph\":[{\"@type\":\"Article\",\"@id\":\"https:\\\/\\\/diariotextual.com\\\/inicio\\\/index.php\\\/2023\\\/07\\\/25\\\/condenado-por-robos-con-arma-de-utileria\\\/#article\",\"isPartOf\":{\"@id\":\"https:\\\/\\\/diariotextual.com\\\/inicio\\\/index.php\\\/2023\\\/07\\\/25\\\/condenado-por-robos-con-arma-de-utileria\\\/\"},\"author\":{\"name\":\"diario2\",\"@id\":\"https:\\\/\\\/diariotextual.com\\\/inicio\\\/#\\\/schema\\\/person\\\/694f60677f23c4a530867a98f22b3768\"},\"headline\":\"Condenado por robos con arma de utiler\u00eda\",\"datePublished\":\"2023-07-25T17:41:46+00:00\",\"dateModified\":\"2023-07-25T17:41:48+00:00\",\"mainEntityOfPage\":{\"@id\":\"https:\\\/\\\/diariotextual.com\\\/inicio\\\/index.php\\\/2023\\\/07\\\/25\\\/condenado-por-robos-con-arma-de-utileria\\\/\"},\"wordCount\":555,\"publisher\":{\"@id\":\"https:\\\/\\\/diariotextual.com\\\/inicio\\\/#organization\"},\"image\":{\"@id\":\"https:\\\/\\\/diariotextual.com\\\/inicio\\\/index.php\\\/2023\\\/07\\\/25\\\/condenado-por-robos-con-arma-de-utileria\\\/#primaryimage\"},\"thumbnailUrl\":\"https:\\\/\\\/diariotextual.com\\\/inicio\\\/wp-content\\\/uploads\\\/2023\\\/03\\\/armajuguete001.jpg\",\"articleSection\":[\"A - ES NOTICIA (van abajo)\",\"SOCIEDAD\"],\"inLanguage\":\"es\"},{\"@type\":\"WebPage\",\"@id\":\"https:\\\/\\\/diariotextual.com\\\/inicio\\\/index.php\\\/2023\\\/07\\\/25\\\/condenado-por-robos-con-arma-de-utileria\\\/\",\"url\":\"https:\\\/\\\/diariotextual.com\\\/inicio\\\/index.php\\\/2023\\\/07\\\/25\\\/condenado-por-robos-con-arma-de-utileria\\\/\",\"name\":\"Condenado por robos con arma de utiler\u00eda - Diario Textual\",\"isPartOf\":{\"@id\":\"https:\\\/\\\/diariotextual.com\\\/inicio\\\/#website\"},\"primaryImageOfPage\":{\"@id\":\"https:\\\/\\\/diariotextual.com\\\/inicio\\\/index.php\\\/2023\\\/07\\\/25\\\/condenado-por-robos-con-arma-de-utileria\\\/#primaryimage\"},\"image\":{\"@id\":\"https:\\\/\\\/diariotextual.com\\\/inicio\\\/index.php\\\/2023\\\/07\\\/25\\\/condenado-por-robos-con-arma-de-utileria\\\/#primaryimage\"},\"thumbnailUrl\":\"https:\\\/\\\/diariotextual.com\\\/inicio\\\/wp-content\\\/uploads\\\/2023\\\/03\\\/armajuguete001.jpg\",\"datePublished\":\"2023-07-25T17:41:46+00:00\",\"dateModified\":\"2023-07-25T17:41:48+00:00\",\"breadcrumb\":{\"@id\":\"https:\\\/\\\/diariotextual.com\\\/inicio\\\/index.php\\\/2023\\\/07\\\/25\\\/condenado-por-robos-con-arma-de-utileria\\\/#breadcrumb\"},\"inLanguage\":\"es\",\"potentialAction\":[{\"@type\":\"ReadAction\",\"target\":[\"https:\\\/\\\/diariotextual.com\\\/inicio\\\/index.php\\\/2023\\\/07\\\/25\\\/condenado-por-robos-con-arma-de-utileria\\\/\"]}]},{\"@type\":\"ImageObject\",\"inLanguage\":\"es\",\"@id\":\"https:\\\/\\\/diariotextual.com\\\/inicio\\\/index.php\\\/2023\\\/07\\\/25\\\/condenado-por-robos-con-arma-de-utileria\\\/#primaryimage\",\"url\":\"https:\\\/\\\/diariotextual.com\\\/inicio\\\/wp-content\\\/uploads\\\/2023\\\/03\\\/armajuguete001.jpg\",\"contentUrl\":\"https:\\\/\\\/diariotextual.com\\\/inicio\\\/wp-content\\\/uploads\\\/2023\\\/03\\\/armajuguete001.jpg\",\"width\":600,\"height\":455},{\"@type\":\"BreadcrumbList\",\"@id\":\"https:\\\/\\\/diariotextual.com\\\/inicio\\\/index.php\\\/2023\\\/07\\\/25\\\/condenado-por-robos-con-arma-de-utileria\\\/#breadcrumb\",\"itemListElement\":[{\"@type\":\"ListItem\",\"position\":1,\"name\":\"Portada\",\"item\":\"https:\\\/\\\/diariotextual.com\\\/inicio\\\/\"},{\"@type\":\"ListItem\",\"position\":2,\"name\":\"Condenado por robos con arma de utiler\u00eda\"}]},{\"@type\":\"WebSite\",\"@id\":\"https:\\\/\\\/diariotextual.com\\\/inicio\\\/#website\",\"url\":\"https:\\\/\\\/diariotextual.com\\\/inicio\\\/\",\"name\":\"Diario Textual\",\"description\":\"\",\"publisher\":{\"@id\":\"https:\\\/\\\/diariotextual.com\\\/inicio\\\/#organization\"},\"potentialAction\":[{\"@type\":\"SearchAction\",\"target\":{\"@type\":\"EntryPoint\",\"urlTemplate\":\"https:\\\/\\\/diariotextual.com\\\/inicio\\\/?s={search_term_string}\"},\"query-input\":{\"@type\":\"PropertyValueSpecification\",\"valueRequired\":true,\"valueName\":\"search_term_string\"}}],\"inLanguage\":\"es\"},{\"@type\":\"Organization\",\"@id\":\"https:\\\/\\\/diariotextual.com\\\/inicio\\\/#organization\",\"name\":\"Diario Textual\",\"url\":\"https:\\\/\\\/diariotextual.com\\\/inicio\\\/\",\"logo\":{\"@type\":\"ImageObject\",\"inLanguage\":\"es\",\"@id\":\"https:\\\/\\\/diariotextual.com\\\/inicio\\\/#\\\/schema\\\/logo\\\/image\\\/\",\"url\":\"https:\\\/\\\/diariotextual.com\\\/inicio\\\/wp-content\\\/uploads\\\/2023\\\/05\\\/logotextual1.jpg\",\"contentUrl\":\"https:\\\/\\\/diariotextual.com\\\/inicio\\\/wp-content\\\/uploads\\\/2023\\\/05\\\/logotextual1.jpg\",\"width\":516,\"height\":76,\"caption\":\"Diario Textual\"},\"image\":{\"@id\":\"https:\\\/\\\/diariotextual.com\\\/inicio\\\/#\\\/schema\\\/logo\\\/image\\\/\"},\"sameAs\":[\"https:\\\/\\\/www.facebook.com\\\/eltextual\",\"https:\\\/\\\/x.com\\\/eltextual\",\"http:\\\/\\\/www.instagram.com\\\/eltextual\"]},{\"@type\":\"Person\",\"@id\":\"https:\\\/\\\/diariotextual.com\\\/inicio\\\/#\\\/schema\\\/person\\\/694f60677f23c4a530867a98f22b3768\",\"name\":\"diario2\",\"image\":{\"@type\":\"ImageObject\",\"inLanguage\":\"es\",\"@id\":\"https:\\\/\\\/secure.gravatar.com\\\/avatar\\\/5a2567495ba16b852fcd8f1ed006a2e24fcace936018ed8237e95f488ad6e0a7?s=96&d=mm&r=g\",\"url\":\"https:\\\/\\\/secure.gravatar.com\\\/avatar\\\/5a2567495ba16b852fcd8f1ed006a2e24fcace936018ed8237e95f488ad6e0a7?s=96&d=mm&r=g\",\"contentUrl\":\"https:\\\/\\\/secure.gravatar.com\\\/avatar\\\/5a2567495ba16b852fcd8f1ed006a2e24fcace936018ed8237e95f488ad6e0a7?s=96&d=mm&r=g\",\"caption\":\"diario2\"},\"url\":\"https:\\\/\\\/diariotextual.com\\\/inicio\\\/index.php\\\/author\\\/diario2\\\/\"}]}<\/script>\n<!-- \/ Yoast SEO plugin. -->","yoast_head_json":{"title":"Condenado por robos con arma de utiler\u00eda - Diario Textual","robots":{"index":"index","follow":"follow","max-snippet":"max-snippet:-1","max-image-preview":"max-image-preview:large","max-video-preview":"max-video-preview:-1"},"canonical":"https:\/\/diariotextual.com\/inicio\/index.php\/2023\/07\/25\/condenado-por-robos-con-arma-de-utileria\/","og_locale":"es_ES","og_type":"article","og_title":"Condenado por robos con arma de utiler\u00eda - Diario Textual","og_description":"Un joven de 24 a\u00f1os fue condenado hoy a una pena unificada de tres a\u00f1os de prisi\u00f3n de cumplimiento efectivo, al ser declarado autor de los delitos de robo agravado&hellip;","og_url":"https:\/\/diariotextual.com\/inicio\/index.php\/2023\/07\/25\/condenado-por-robos-con-arma-de-utileria\/","og_site_name":"Diario Textual","article_publisher":"https:\/\/www.facebook.com\/eltextual","article_published_time":"2023-07-25T17:41:46+00:00","article_modified_time":"2023-07-25T17:41:48+00:00","og_image":[{"width":600,"height":455,"url":"https:\/\/diariotextual.com\/inicio\/wp-content\/uploads\/2023\/03\/armajuguete001.jpg","type":"image\/jpeg"}],"author":"diario2","twitter_card":"summary_large_image","twitter_creator":"@eltextual","twitter_site":"@eltextual","twitter_misc":{"Escrito por":"diario2","Tiempo de lectura":"3 minutos"},"schema":{"@context":"https:\/\/schema.org","@graph":[{"@type":"Article","@id":"https:\/\/diariotextual.com\/inicio\/index.php\/2023\/07\/25\/condenado-por-robos-con-arma-de-utileria\/#article","isPartOf":{"@id":"https:\/\/diariotextual.com\/inicio\/index.php\/2023\/07\/25\/condenado-por-robos-con-arma-de-utileria\/"},"author":{"name":"diario2","@id":"https:\/\/diariotextual.com\/inicio\/#\/schema\/person\/694f60677f23c4a530867a98f22b3768"},"headline":"Condenado por robos con arma de utiler\u00eda","datePublished":"2023-07-25T17:41:46+00:00","dateModified":"2023-07-25T17:41:48+00:00","mainEntityOfPage":{"@id":"https:\/\/diariotextual.com\/inicio\/index.php\/2023\/07\/25\/condenado-por-robos-con-arma-de-utileria\/"},"wordCount":555,"publisher":{"@id":"https:\/\/diariotextual.com\/inicio\/#organization"},"image":{"@id":"https:\/\/diariotextual.com\/inicio\/index.php\/2023\/07\/25\/condenado-por-robos-con-arma-de-utileria\/#primaryimage"},"thumbnailUrl":"https:\/\/diariotextual.com\/inicio\/wp-content\/uploads\/2023\/03\/armajuguete001.jpg","articleSection":["A - ES NOTICIA (van abajo)","SOCIEDAD"],"inLanguage":"es"},{"@type":"WebPage","@id":"https:\/\/diariotextual.com\/inicio\/index.php\/2023\/07\/25\/condenado-por-robos-con-arma-de-utileria\/","url":"https:\/\/diariotextual.com\/inicio\/index.php\/2023\/07\/25\/condenado-por-robos-con-arma-de-utileria\/","name":"Condenado por robos con arma de utiler\u00eda - Diario Textual","isPartOf":{"@id":"https:\/\/diariotextual.com\/inicio\/#website"},"primaryImageOfPage":{"@id":"https:\/\/diariotextual.com\/inicio\/index.php\/2023\/07\/25\/condenado-por-robos-con-arma-de-utileria\/#primaryimage"},"image":{"@id":"https:\/\/diariotextual.com\/inicio\/index.php\/2023\/07\/25\/condenado-por-robos-con-arma-de-utileria\/#primaryimage"},"thumbnailUrl":"https:\/\/diariotextual.com\/inicio\/wp-content\/uploads\/2023\/03\/armajuguete001.jpg","datePublished":"2023-07-25T17:41:46+00:00","dateModified":"2023-07-25T17:41:48+00:00","breadcrumb":{"@id":"https:\/\/diariotextual.com\/inicio\/index.php\/2023\/07\/25\/condenado-por-robos-con-arma-de-utileria\/#breadcrumb"},"inLanguage":"es","potentialAction":[{"@type":"ReadAction","target":["https:\/\/diariotextual.com\/inicio\/index.php\/2023\/07\/25\/condenado-por-robos-con-arma-de-utileria\/"]}]},{"@type":"ImageObject","inLanguage":"es","@id":"https:\/\/diariotextual.com\/inicio\/index.php\/2023\/07\/25\/condenado-por-robos-con-arma-de-utileria\/#primaryimage","url":"https:\/\/diariotextual.com\/inicio\/wp-content\/uploads\/2023\/03\/armajuguete001.jpg","contentUrl":"https:\/\/diariotextual.com\/inicio\/wp-content\/uploads\/2023\/03\/armajuguete001.jpg","width":600,"height":455},{"@type":"BreadcrumbList","@id":"https:\/\/diariotextual.com\/inicio\/index.php\/2023\/07\/25\/condenado-por-robos-con-arma-de-utileria\/#breadcrumb","itemListElement":[{"@type":"ListItem","position":1,"name":"Portada","item":"https:\/\/diariotextual.com\/inicio\/"},{"@type":"ListItem","position":2,"name":"Condenado por robos con arma de utiler\u00eda"}]},{"@type":"WebSite","@id":"https:\/\/diariotextual.com\/inicio\/#website","url":"https:\/\/diariotextual.com\/inicio\/","name":"Diario Textual","description":"","publisher":{"@id":"https:\/\/diariotextual.com\/inicio\/#organization"},"potentialAction":[{"@type":"SearchAction","target":{"@type":"EntryPoint","urlTemplate":"https:\/\/diariotextual.com\/inicio\/?s={search_term_string}"},"query-input":{"@type":"PropertyValueSpecification","valueRequired":true,"valueName":"search_term_string"}}],"inLanguage":"es"},{"@type":"Organization","@id":"https:\/\/diariotextual.com\/inicio\/#organization","name":"Diario Textual","url":"https:\/\/diariotextual.com\/inicio\/","logo":{"@type":"ImageObject","inLanguage":"es","@id":"https:\/\/diariotextual.com\/inicio\/#\/schema\/logo\/image\/","url":"https:\/\/diariotextual.com\/inicio\/wp-content\/uploads\/2023\/05\/logotextual1.jpg","contentUrl":"https:\/\/diariotextual.com\/inicio\/wp-content\/uploads\/2023\/05\/logotextual1.jpg","width":516,"height":76,"caption":"Diario Textual"},"image":{"@id":"https:\/\/diariotextual.com\/inicio\/#\/schema\/logo\/image\/"},"sameAs":["https:\/\/www.facebook.com\/eltextual","https:\/\/x.com\/eltextual","http:\/\/www.instagram.com\/eltextual"]},{"@type":"Person","@id":"https:\/\/diariotextual.com\/inicio\/#\/schema\/person\/694f60677f23c4a530867a98f22b3768","name":"diario2","image":{"@type":"ImageObject","inLanguage":"es","@id":"https:\/\/secure.gravatar.com\/avatar\/5a2567495ba16b852fcd8f1ed006a2e24fcace936018ed8237e95f488ad6e0a7?s=96&d=mm&r=g","url":"https:\/\/secure.gravatar.com\/avatar\/5a2567495ba16b852fcd8f1ed006a2e24fcace936018ed8237e95f488ad6e0a7?s=96&d=mm&r=g","contentUrl":"https:\/\/secure.gravatar.com\/avatar\/5a2567495ba16b852fcd8f1ed006a2e24fcace936018ed8237e95f488ad6e0a7?s=96&d=mm&r=g","caption":"diario2"},"url":"https:\/\/diariotextual.com\/inicio\/index.php\/author\/diario2\/"}]}},"_links":{"self":[{"href":"https:\/\/diariotextual.com\/inicio\/index.php\/wp-json\/wp\/v2\/posts\/231775","targetHints":{"allow":["GET"]}}],"collection":[{"href":"https:\/\/diariotextual.com\/inicio\/index.php\/wp-json\/wp\/v2\/posts"}],"about":[{"href":"https:\/\/diariotextual.com\/inicio\/index.php\/wp-json\/wp\/v2\/types\/post"}],"author":[{"embeddable":true,"href":"https:\/\/diariotextual.com\/inicio\/index.php\/wp-json\/wp\/v2\/users\/4"}],"replies":[{"embeddable":true,"href":"https:\/\/diariotextual.com\/inicio\/index.php\/wp-json\/wp\/v2\/comments?post=231775"}],"version-history":[{"count":1,"href":"https:\/\/diariotextual.com\/inicio\/index.php\/wp-json\/wp\/v2\/posts\/231775\/revisions"}],"predecessor-version":[{"id":231776,"href":"https:\/\/diariotextual.com\/inicio\/index.php\/wp-json\/wp\/v2\/posts\/231775\/revisions\/231776"}],"wp:featuredmedia":[{"embeddable":true,"href":"https:\/\/diariotextual.com\/inicio\/index.php\/wp-json\/wp\/v2\/media\/219597"}],"wp:attachment":[{"href":"https:\/\/diariotextual.com\/inicio\/index.php\/wp-json\/wp\/v2\/media?parent=231775"}],"wp:term":[{"taxonomy":"category","embeddable":true,"href":"https:\/\/diariotextual.com\/inicio\/index.php\/wp-json\/wp\/v2\/categories?post=231775"},{"taxonomy":"post_tag","embeddable":true,"href":"https:\/\/diariotextual.com\/inicio\/index.php\/wp-json\/wp\/v2\/tags?post=231775"}],"curies":[{"name":"wp","href":"https:\/\/api.w.org\/{rel}","templated":true}]}}