{"id":231779,"date":"2023-07-25T15:07:36","date_gmt":"2023-07-25T18:07:36","guid":{"rendered":"https:\/\/diariotextual.com\/inicio\/?p=231779"},"modified":"2023-07-25T20:05:06","modified_gmt":"2023-07-25T23:05:06","slug":"el-tribunal-de-cuentas-cumple-70-anos-con-el-compromiso-del-control-de-los-fondos-publicos","status":"publish","type":"post","link":"https:\/\/diariotextual.com\/inicio\/index.php\/2023\/07\/25\/el-tribunal-de-cuentas-cumple-70-anos-con-el-compromiso-del-control-de-los-fondos-publicos\/","title":{"rendered":"El Tribunal de Cuentas cumple 70 a\u00f1os con el compromiso del control de los fondos p\u00fablicos"},"content":{"rendered":"\n<p>Este mes de julio el Tribunal de Cuentas de La Pampa est\u00e1 cumpliendo 70 a\u00f1os de su creaci\u00f3n y lo celebrar\u00e1 con una serie de actividades. La central ser\u00e1 un acto el viernes 28 de julio en el que se inaugurar\u00e1 oficialmente el actual edificio del organismo con la presencia del gobernador Sergio Ziliotto.<\/p>\n\n\n\n<p>El aniversario se cumpli\u00f3 el 22 de julio ya que ese d\u00eda en 1953, a dos a\u00f1os de provincializada La Pampa, la C\u00e1mara de Diputados cre\u00f3 mediante la Ley Nro. 8 el Tribunal de Cuentas aprobando un proyecto de ley enviado a la legislatura por el primer gobernador Salvador Anan\u00eda. La primera Constituci\u00f3n de nuestra provincia hab\u00eda incorporado la figura del TdeC como \u00f3rgano de control externo.<\/p>\n\n\n\n<p>La presidenta del TdeC, Mar\u00eda Alejandra Mac Allister, record\u00f3 que \u201cel gobernador Anan\u00eda el 30 de junio de 1953, elev\u00f3 el proyecto de ley a la C\u00e1mara y en uno de los pasajes del mensaje expres\u00f3 que el tribunal tiene por objeto primordial \u2018el contralor de los gastos del Estado y constituye una garant\u00eda de buena administraci\u00f3n\u2019. Cada integrante de nuestro equipo seguramente est\u00e1 convencido de este camino al que nos hemos comprometido y seguiremos haci\u00e9ndolo para honrar esa consigna. Desde hace 70 a\u00f1os, estamos comprometidos con el control de las cuentas p\u00fablicas de los pampeanos\u201d.<\/p>\n\n\n\n<p>El actual edificio del TdeC est\u00e1 ubicado en el Centro C\u00edvico de la ciudad de Santa Rosa, y all\u00ed funciona desde el a\u00f1o 2018. Iba a ser inaugurado poco despu\u00e9s, pero en 2019 se produjo la pandemia Covid-19 por lo que se pospuso y ahora se lo hizo coincidir con el aniversario n\u00famero setenta.<\/p>\n\n\n\n<p>Adem\u00e1s de la inauguraci\u00f3n est\u00e1n previstas una serie de actividades, como la muestra de objetos hist\u00f3ricos en el hall de entrada del Tribunal, que ya se puede visitar; la realizaci\u00f3n de un video conmemorativo y una intervenci\u00f3n en el jard\u00edn del edificio, ubicado sobre la calle Padre Buodo.<\/p>\n","protected":false},"excerpt":{"rendered":"<p>Este mes de julio el Tribunal de Cuentas de La Pampa est\u00e1 cumpliendo 70 a\u00f1os de su creaci\u00f3n y lo celebrar\u00e1 con una serie de actividades. La central ser\u00e1 un&hellip;<\/p>\n","protected":false},"author":4,"featured_media":231780,"comment_status":"closed","ping_status":"open","sticky":false,"template":"","format":"standard","meta":{"_acf_changed":false,"footnotes":""},"categories":[1,11,12],"tags":[],"class_list":["post-231779","post","type-post","status-publish","format-standard","has-post-thumbnail","hentry","category-es-noticia","category-que-pasa","category-sociedad"],"acf":[],"yoast_head":"<!-- This site is optimized with the Yoast SEO plugin v27.5 - https:\/\/yoast.com\/product\/yoast-seo-wordpress\/ -->\n<title>El Tribunal de Cuentas cumple 70 a\u00f1os con el compromiso del control de los fondos p\u00fablicos - Diario Textual<\/title>\n<meta name=\"robots\" content=\"index, follow, max-snippet:-1, max-image-preview:large, max-video-preview:-1\" \/>\n<link rel=\"canonical\" href=\"https:\/\/diariotextual.com\/inicio\/index.php\/2023\/07\/25\/el-tribunal-de-cuentas-cumple-70-anos-con-el-compromiso-del-control-de-los-fondos-publicos\/\" \/>\n<meta property=\"og:locale\" content=\"es_ES\" \/>\n<meta property=\"og:type\" content=\"article\" \/>\n<meta property=\"og:title\" content=\"El Tribunal de Cuentas cumple 70 a\u00f1os con el compromiso del control de los fondos p\u00fablicos - Diario Textual\" \/>\n<meta property=\"og:description\" content=\"Este mes de julio el Tribunal de Cuentas de La Pampa est\u00e1 cumpliendo 70 a\u00f1os de su creaci\u00f3n y lo celebrar\u00e1 con una serie de actividades. La central ser\u00e1 un&hellip;\" \/>\n<meta property=\"og:url\" content=\"https:\/\/diariotextual.com\/inicio\/index.php\/2023\/07\/25\/el-tribunal-de-cuentas-cumple-70-anos-con-el-compromiso-del-control-de-los-fondos-publicos\/\" \/>\n<meta property=\"og:site_name\" content=\"Diario Textual\" \/>\n<meta property=\"article:publisher\" content=\"https:\/\/www.facebook.com\/eltextual\" \/>\n<meta property=\"article:published_time\" content=\"2023-07-25T18:07:36+00:00\" \/>\n<meta property=\"article:modified_time\" content=\"2023-07-25T23:05:06+00:00\" \/>\n<meta property=\"og:image\" content=\"https:\/\/diariotextual.com\/inicio\/wp-content\/uploads\/2023\/07\/tribunaldecuentasgeneral45.jpg\" \/>\n\t<meta property=\"og:image:width\" content=\"1000\" \/>\n\t<meta property=\"og:image:height\" content=\"604\" \/>\n\t<meta property=\"og:image:type\" content=\"image\/jpeg\" \/>\n<meta name=\"author\" content=\"diario2\" \/>\n<meta name=\"twitter:card\" content=\"summary_large_image\" \/>\n<meta name=\"twitter:creator\" content=\"@eltextual\" \/>\n<meta name=\"twitter:site\" content=\"@eltextual\" \/>\n<meta name=\"twitter:label1\" content=\"Escrito por\" \/>\n\t<meta name=\"twitter:data1\" content=\"diario2\" \/>\n\t<meta name=\"twitter:label2\" content=\"Tiempo de lectura\" \/>\n\t<meta name=\"twitter:data2\" content=\"2 minutos\" \/>\n<script type=\"application\/ld+json\" class=\"yoast-schema-graph\">{\"@context\":\"https:\\\/\\\/schema.org\",\"@graph\":[{\"@type\":\"Article\",\"@id\":\"https:\\\/\\\/diariotextual.com\\\/inicio\\\/index.php\\\/2023\\\/07\\\/25\\\/el-tribunal-de-cuentas-cumple-70-anos-con-el-compromiso-del-control-de-los-fondos-publicos\\\/#article\",\"isPartOf\":{\"@id\":\"https:\\\/\\\/diariotextual.com\\\/inicio\\\/index.php\\\/2023\\\/07\\\/25\\\/el-tribunal-de-cuentas-cumple-70-anos-con-el-compromiso-del-control-de-los-fondos-publicos\\\/\"},\"author\":{\"name\":\"diario2\",\"@id\":\"https:\\\/\\\/diariotextual.com\\\/inicio\\\/#\\\/schema\\\/person\\\/694f60677f23c4a530867a98f22b3768\"},\"headline\":\"El Tribunal de Cuentas cumple 70 a\u00f1os con el compromiso del control de los fondos p\u00fablicos\",\"datePublished\":\"2023-07-25T18:07:36+00:00\",\"dateModified\":\"2023-07-25T23:05:06+00:00\",\"mainEntityOfPage\":{\"@id\":\"https:\\\/\\\/diariotextual.com\\\/inicio\\\/index.php\\\/2023\\\/07\\\/25\\\/el-tribunal-de-cuentas-cumple-70-anos-con-el-compromiso-del-control-de-los-fondos-publicos\\\/\"},\"wordCount\":353,\"publisher\":{\"@id\":\"https:\\\/\\\/diariotextual.com\\\/inicio\\\/#organization\"},\"image\":{\"@id\":\"https:\\\/\\\/diariotextual.com\\\/inicio\\\/index.php\\\/2023\\\/07\\\/25\\\/el-tribunal-de-cuentas-cumple-70-anos-con-el-compromiso-del-control-de-los-fondos-publicos\\\/#primaryimage\"},\"thumbnailUrl\":\"https:\\\/\\\/diariotextual.com\\\/inicio\\\/wp-content\\\/uploads\\\/2023\\\/07\\\/tribunaldecuentasgeneral45.jpg\",\"articleSection\":[\"A - ES NOTICIA (van abajo)\",\"A - QUE PASA (al costado)\",\"SOCIEDAD\"],\"inLanguage\":\"es\"},{\"@type\":\"WebPage\",\"@id\":\"https:\\\/\\\/diariotextual.com\\\/inicio\\\/index.php\\\/2023\\\/07\\\/25\\\/el-tribunal-de-cuentas-cumple-70-anos-con-el-compromiso-del-control-de-los-fondos-publicos\\\/\",\"url\":\"https:\\\/\\\/diariotextual.com\\\/inicio\\\/index.php\\\/2023\\\/07\\\/25\\\/el-tribunal-de-cuentas-cumple-70-anos-con-el-compromiso-del-control-de-los-fondos-publicos\\\/\",\"name\":\"El Tribunal de Cuentas cumple 70 a\u00f1os con el compromiso del control de los fondos p\u00fablicos - Diario Textual\",\"isPartOf\":{\"@id\":\"https:\\\/\\\/diariotextual.com\\\/inicio\\\/#website\"},\"primaryImageOfPage\":{\"@id\":\"https:\\\/\\\/diariotextual.com\\\/inicio\\\/index.php\\\/2023\\\/07\\\/25\\\/el-tribunal-de-cuentas-cumple-70-anos-con-el-compromiso-del-control-de-los-fondos-publicos\\\/#primaryimage\"},\"image\":{\"@id\":\"https:\\\/\\\/diariotextual.com\\\/inicio\\\/index.php\\\/2023\\\/07\\\/25\\\/el-tribunal-de-cuentas-cumple-70-anos-con-el-compromiso-del-control-de-los-fondos-publicos\\\/#primaryimage\"},\"thumbnailUrl\":\"https:\\\/\\\/diariotextual.com\\\/inicio\\\/wp-content\\\/uploads\\\/2023\\\/07\\\/tribunaldecuentasgeneral45.jpg\",\"datePublished\":\"2023-07-25T18:07:36+00:00\",\"dateModified\":\"2023-07-25T23:05:06+00:00\",\"breadcrumb\":{\"@id\":\"https:\\\/\\\/diariotextual.com\\\/inicio\\\/index.php\\\/2023\\\/07\\\/25\\\/el-tribunal-de-cuentas-cumple-70-anos-con-el-compromiso-del-control-de-los-fondos-publicos\\\/#breadcrumb\"},\"inLanguage\":\"es\",\"potentialAction\":[{\"@type\":\"ReadAction\",\"target\":[\"https:\\\/\\\/diariotextual.com\\\/inicio\\\/index.php\\\/2023\\\/07\\\/25\\\/el-tribunal-de-cuentas-cumple-70-anos-con-el-compromiso-del-control-de-los-fondos-publicos\\\/\"]}]},{\"@type\":\"ImageObject\",\"inLanguage\":\"es\",\"@id\":\"https:\\\/\\\/diariotextual.com\\\/inicio\\\/index.php\\\/2023\\\/07\\\/25\\\/el-tribunal-de-cuentas-cumple-70-anos-con-el-compromiso-del-control-de-los-fondos-publicos\\\/#primaryimage\",\"url\":\"https:\\\/\\\/diariotextual.com\\\/inicio\\\/wp-content\\\/uploads\\\/2023\\\/07\\\/tribunaldecuentasgeneral45.jpg\",\"contentUrl\":\"https:\\\/\\\/diariotextual.com\\\/inicio\\\/wp-content\\\/uploads\\\/2023\\\/07\\\/tribunaldecuentasgeneral45.jpg\",\"width\":1000,\"height\":604},{\"@type\":\"BreadcrumbList\",\"@id\":\"https:\\\/\\\/diariotextual.com\\\/inicio\\\/index.php\\\/2023\\\/07\\\/25\\\/el-tribunal-de-cuentas-cumple-70-anos-con-el-compromiso-del-control-de-los-fondos-publicos\\\/#breadcrumb\",\"itemListElement\":[{\"@type\":\"ListItem\",\"position\":1,\"name\":\"Portada\",\"item\":\"https:\\\/\\\/diariotextual.com\\\/inicio\\\/\"},{\"@type\":\"ListItem\",\"position\":2,\"name\":\"El Tribunal de Cuentas cumple 70 a\u00f1os con el compromiso del control de los fondos p\u00fablicos\"}]},{\"@type\":\"WebSite\",\"@id\":\"https:\\\/\\\/diariotextual.com\\\/inicio\\\/#website\",\"url\":\"https:\\\/\\\/diariotextual.com\\\/inicio\\\/\",\"name\":\"Diario Textual\",\"description\":\"\",\"publisher\":{\"@id\":\"https:\\\/\\\/diariotextual.com\\\/inicio\\\/#organization\"},\"potentialAction\":[{\"@type\":\"SearchAction\",\"target\":{\"@type\":\"EntryPoint\",\"urlTemplate\":\"https:\\\/\\\/diariotextual.com\\\/inicio\\\/?s={search_term_string}\"},\"query-input\":{\"@type\":\"PropertyValueSpecification\",\"valueRequired\":true,\"valueName\":\"search_term_string\"}}],\"inLanguage\":\"es\"},{\"@type\":\"Organization\",\"@id\":\"https:\\\/\\\/diariotextual.com\\\/inicio\\\/#organization\",\"name\":\"Diario Textual\",\"url\":\"https:\\\/\\\/diariotextual.com\\\/inicio\\\/\",\"logo\":{\"@type\":\"ImageObject\",\"inLanguage\":\"es\",\"@id\":\"https:\\\/\\\/diariotextual.com\\\/inicio\\\/#\\\/schema\\\/logo\\\/image\\\/\",\"url\":\"https:\\\/\\\/diariotextual.com\\\/inicio\\\/wp-content\\\/uploads\\\/2023\\\/05\\\/logotextual1.jpg\",\"contentUrl\":\"https:\\\/\\\/diariotextual.com\\\/inicio\\\/wp-content\\\/uploads\\\/2023\\\/05\\\/logotextual1.jpg\",\"width\":516,\"height\":76,\"caption\":\"Diario Textual\"},\"image\":{\"@id\":\"https:\\\/\\\/diariotextual.com\\\/inicio\\\/#\\\/schema\\\/logo\\\/image\\\/\"},\"sameAs\":[\"https:\\\/\\\/www.facebook.com\\\/eltextual\",\"https:\\\/\\\/x.com\\\/eltextual\",\"http:\\\/\\\/www.instagram.com\\\/eltextual\"]},{\"@type\":\"Person\",\"@id\":\"https:\\\/\\\/diariotextual.com\\\/inicio\\\/#\\\/schema\\\/person\\\/694f60677f23c4a530867a98f22b3768\",\"name\":\"diario2\",\"image\":{\"@type\":\"ImageObject\",\"inLanguage\":\"es\",\"@id\":\"https:\\\/\\\/secure.gravatar.com\\\/avatar\\\/5a2567495ba16b852fcd8f1ed006a2e24fcace936018ed8237e95f488ad6e0a7?s=96&d=mm&r=g\",\"url\":\"https:\\\/\\\/secure.gravatar.com\\\/avatar\\\/5a2567495ba16b852fcd8f1ed006a2e24fcace936018ed8237e95f488ad6e0a7?s=96&d=mm&r=g\",\"contentUrl\":\"https:\\\/\\\/secure.gravatar.com\\\/avatar\\\/5a2567495ba16b852fcd8f1ed006a2e24fcace936018ed8237e95f488ad6e0a7?s=96&d=mm&r=g\",\"caption\":\"diario2\"},\"url\":\"https:\\\/\\\/diariotextual.com\\\/inicio\\\/index.php\\\/author\\\/diario2\\\/\"}]}<\/script>\n<!-- \/ Yoast SEO plugin. -->","yoast_head_json":{"title":"El Tribunal de Cuentas cumple 70 a\u00f1os con el compromiso del control de los fondos p\u00fablicos - Diario Textual","robots":{"index":"index","follow":"follow","max-snippet":"max-snippet:-1","max-image-preview":"max-image-preview:large","max-video-preview":"max-video-preview:-1"},"canonical":"https:\/\/diariotextual.com\/inicio\/index.php\/2023\/07\/25\/el-tribunal-de-cuentas-cumple-70-anos-con-el-compromiso-del-control-de-los-fondos-publicos\/","og_locale":"es_ES","og_type":"article","og_title":"El Tribunal de Cuentas cumple 70 a\u00f1os con el compromiso del control de los fondos p\u00fablicos - Diario Textual","og_description":"Este mes de julio el Tribunal de Cuentas de La Pampa est\u00e1 cumpliendo 70 a\u00f1os de su creaci\u00f3n y lo celebrar\u00e1 con una serie de actividades. La central ser\u00e1 un&hellip;","og_url":"https:\/\/diariotextual.com\/inicio\/index.php\/2023\/07\/25\/el-tribunal-de-cuentas-cumple-70-anos-con-el-compromiso-del-control-de-los-fondos-publicos\/","og_site_name":"Diario Textual","article_publisher":"https:\/\/www.facebook.com\/eltextual","article_published_time":"2023-07-25T18:07:36+00:00","article_modified_time":"2023-07-25T23:05:06+00:00","og_image":[{"width":1000,"height":604,"url":"https:\/\/diariotextual.com\/inicio\/wp-content\/uploads\/2023\/07\/tribunaldecuentasgeneral45.jpg","type":"image\/jpeg"}],"author":"diario2","twitter_card":"summary_large_image","twitter_creator":"@eltextual","twitter_site":"@eltextual","twitter_misc":{"Escrito por":"diario2","Tiempo de lectura":"2 minutos"},"schema":{"@context":"https:\/\/schema.org","@graph":[{"@type":"Article","@id":"https:\/\/diariotextual.com\/inicio\/index.php\/2023\/07\/25\/el-tribunal-de-cuentas-cumple-70-anos-con-el-compromiso-del-control-de-los-fondos-publicos\/#article","isPartOf":{"@id":"https:\/\/diariotextual.com\/inicio\/index.php\/2023\/07\/25\/el-tribunal-de-cuentas-cumple-70-anos-con-el-compromiso-del-control-de-los-fondos-publicos\/"},"author":{"name":"diario2","@id":"https:\/\/diariotextual.com\/inicio\/#\/schema\/person\/694f60677f23c4a530867a98f22b3768"},"headline":"El Tribunal de Cuentas cumple 70 a\u00f1os con el compromiso del control de los fondos p\u00fablicos","datePublished":"2023-07-25T18:07:36+00:00","dateModified":"2023-07-25T23:05:06+00:00","mainEntityOfPage":{"@id":"https:\/\/diariotextual.com\/inicio\/index.php\/2023\/07\/25\/el-tribunal-de-cuentas-cumple-70-anos-con-el-compromiso-del-control-de-los-fondos-publicos\/"},"wordCount":353,"publisher":{"@id":"https:\/\/diariotextual.com\/inicio\/#organization"},"image":{"@id":"https:\/\/diariotextual.com\/inicio\/index.php\/2023\/07\/25\/el-tribunal-de-cuentas-cumple-70-anos-con-el-compromiso-del-control-de-los-fondos-publicos\/#primaryimage"},"thumbnailUrl":"https:\/\/diariotextual.com\/inicio\/wp-content\/uploads\/2023\/07\/tribunaldecuentasgeneral45.jpg","articleSection":["A - ES NOTICIA (van abajo)","A - QUE PASA (al costado)","SOCIEDAD"],"inLanguage":"es"},{"@type":"WebPage","@id":"https:\/\/diariotextual.com\/inicio\/index.php\/2023\/07\/25\/el-tribunal-de-cuentas-cumple-70-anos-con-el-compromiso-del-control-de-los-fondos-publicos\/","url":"https:\/\/diariotextual.com\/inicio\/index.php\/2023\/07\/25\/el-tribunal-de-cuentas-cumple-70-anos-con-el-compromiso-del-control-de-los-fondos-publicos\/","name":"El Tribunal de Cuentas cumple 70 a\u00f1os con el compromiso del control de los fondos p\u00fablicos - Diario Textual","isPartOf":{"@id":"https:\/\/diariotextual.com\/inicio\/#website"},"primaryImageOfPage":{"@id":"https:\/\/diariotextual.com\/inicio\/index.php\/2023\/07\/25\/el-tribunal-de-cuentas-cumple-70-anos-con-el-compromiso-del-control-de-los-fondos-publicos\/#primaryimage"},"image":{"@id":"https:\/\/diariotextual.com\/inicio\/index.php\/2023\/07\/25\/el-tribunal-de-cuentas-cumple-70-anos-con-el-compromiso-del-control-de-los-fondos-publicos\/#primaryimage"},"thumbnailUrl":"https:\/\/diariotextual.com\/inicio\/wp-content\/uploads\/2023\/07\/tribunaldecuentasgeneral45.jpg","datePublished":"2023-07-25T18:07:36+00:00","dateModified":"2023-07-25T23:05:06+00:00","breadcrumb":{"@id":"https:\/\/diariotextual.com\/inicio\/index.php\/2023\/07\/25\/el-tribunal-de-cuentas-cumple-70-anos-con-el-compromiso-del-control-de-los-fondos-publicos\/#breadcrumb"},"inLanguage":"es","potentialAction":[{"@type":"ReadAction","target":["https:\/\/diariotextual.com\/inicio\/index.php\/2023\/07\/25\/el-tribunal-de-cuentas-cumple-70-anos-con-el-compromiso-del-control-de-los-fondos-publicos\/"]}]},{"@type":"ImageObject","inLanguage":"es","@id":"https:\/\/diariotextual.com\/inicio\/index.php\/2023\/07\/25\/el-tribunal-de-cuentas-cumple-70-anos-con-el-compromiso-del-control-de-los-fondos-publicos\/#primaryimage","url":"https:\/\/diariotextual.com\/inicio\/wp-content\/uploads\/2023\/07\/tribunaldecuentasgeneral45.jpg","contentUrl":"https:\/\/diariotextual.com\/inicio\/wp-content\/uploads\/2023\/07\/tribunaldecuentasgeneral45.jpg","width":1000,"height":604},{"@type":"BreadcrumbList","@id":"https:\/\/diariotextual.com\/inicio\/index.php\/2023\/07\/25\/el-tribunal-de-cuentas-cumple-70-anos-con-el-compromiso-del-control-de-los-fondos-publicos\/#breadcrumb","itemListElement":[{"@type":"ListItem","position":1,"name":"Portada","item":"https:\/\/diariotextual.com\/inicio\/"},{"@type":"ListItem","position":2,"name":"El Tribunal de Cuentas cumple 70 a\u00f1os con el compromiso del control de los fondos p\u00fablicos"}]},{"@type":"WebSite","@id":"https:\/\/diariotextual.com\/inicio\/#website","url":"https:\/\/diariotextual.com\/inicio\/","name":"Diario Textual","description":"","publisher":{"@id":"https:\/\/diariotextual.com\/inicio\/#organization"},"potentialAction":[{"@type":"SearchAction","target":{"@type":"EntryPoint","urlTemplate":"https:\/\/diariotextual.com\/inicio\/?s={search_term_string}"},"query-input":{"@type":"PropertyValueSpecification","valueRequired":true,"valueName":"search_term_string"}}],"inLanguage":"es"},{"@type":"Organization","@id":"https:\/\/diariotextual.com\/inicio\/#organization","name":"Diario Textual","url":"https:\/\/diariotextual.com\/inicio\/","logo":{"@type":"ImageObject","inLanguage":"es","@id":"https:\/\/diariotextual.com\/inicio\/#\/schema\/logo\/image\/","url":"https:\/\/diariotextual.com\/inicio\/wp-content\/uploads\/2023\/05\/logotextual1.jpg","contentUrl":"https:\/\/diariotextual.com\/inicio\/wp-content\/uploads\/2023\/05\/logotextual1.jpg","width":516,"height":76,"caption":"Diario Textual"},"image":{"@id":"https:\/\/diariotextual.com\/inicio\/#\/schema\/logo\/image\/"},"sameAs":["https:\/\/www.facebook.com\/eltextual","https:\/\/x.com\/eltextual","http:\/\/www.instagram.com\/eltextual"]},{"@type":"Person","@id":"https:\/\/diariotextual.com\/inicio\/#\/schema\/person\/694f60677f23c4a530867a98f22b3768","name":"diario2","image":{"@type":"ImageObject","inLanguage":"es","@id":"https:\/\/secure.gravatar.com\/avatar\/5a2567495ba16b852fcd8f1ed006a2e24fcace936018ed8237e95f488ad6e0a7?s=96&d=mm&r=g","url":"https:\/\/secure.gravatar.com\/avatar\/5a2567495ba16b852fcd8f1ed006a2e24fcace936018ed8237e95f488ad6e0a7?s=96&d=mm&r=g","contentUrl":"https:\/\/secure.gravatar.com\/avatar\/5a2567495ba16b852fcd8f1ed006a2e24fcace936018ed8237e95f488ad6e0a7?s=96&d=mm&r=g","caption":"diario2"},"url":"https:\/\/diariotextual.com\/inicio\/index.php\/author\/diario2\/"}]}},"_links":{"self":[{"href":"https:\/\/diariotextual.com\/inicio\/index.php\/wp-json\/wp\/v2\/posts\/231779","targetHints":{"allow":["GET"]}}],"collection":[{"href":"https:\/\/diariotextual.com\/inicio\/index.php\/wp-json\/wp\/v2\/posts"}],"about":[{"href":"https:\/\/diariotextual.com\/inicio\/index.php\/wp-json\/wp\/v2\/types\/post"}],"author":[{"embeddable":true,"href":"https:\/\/diariotextual.com\/inicio\/index.php\/wp-json\/wp\/v2\/users\/4"}],"replies":[{"embeddable":true,"href":"https:\/\/diariotextual.com\/inicio\/index.php\/wp-json\/wp\/v2\/comments?post=231779"}],"version-history":[{"count":1,"href":"https:\/\/diariotextual.com\/inicio\/index.php\/wp-json\/wp\/v2\/posts\/231779\/revisions"}],"predecessor-version":[{"id":231781,"href":"https:\/\/diariotextual.com\/inicio\/index.php\/wp-json\/wp\/v2\/posts\/231779\/revisions\/231781"}],"wp:featuredmedia":[{"embeddable":true,"href":"https:\/\/diariotextual.com\/inicio\/index.php\/wp-json\/wp\/v2\/media\/231780"}],"wp:attachment":[{"href":"https:\/\/diariotextual.com\/inicio\/index.php\/wp-json\/wp\/v2\/media?parent=231779"}],"wp:term":[{"taxonomy":"category","embeddable":true,"href":"https:\/\/diariotextual.com\/inicio\/index.php\/wp-json\/wp\/v2\/categories?post=231779"},{"taxonomy":"post_tag","embeddable":true,"href":"https:\/\/diariotextual.com\/inicio\/index.php\/wp-json\/wp\/v2\/tags?post=231779"}],"curies":[{"name":"wp","href":"https:\/\/api.w.org\/{rel}","templated":true}]}}