{"id":231782,"date":"2023-07-25T16:40:11","date_gmt":"2023-07-25T19:40:11","guid":{"rendered":"https:\/\/diariotextual.com\/inicio\/?p=231782"},"modified":"2023-07-26T08:23:14","modified_gmt":"2023-07-26T11:23:14","slug":"alberto-fernandez-el-agro-y-la-industria-van-de-la-mano-no-estan-contrapuestas","status":"publish","type":"post","link":"https:\/\/diariotextual.com\/inicio\/index.php\/2023\/07\/25\/alberto-fernandez-el-agro-y-la-industria-van-de-la-mano-no-estan-contrapuestas\/","title":{"rendered":"Alberto Fern\u00e1ndez: \u201cEl agro y la industria van de la mano, no est\u00e1n contrapuestas\u201d"},"content":{"rendered":"\n<p>El presidente&nbsp;<strong>Alberto Fern\u00e1ndez<\/strong>&nbsp;afirm\u00f3 este martes que el sector agropecuario y la industria no son actividades \u201ccontrapuestas\u201d, reiter\u00f3 su idea de una necesaria industrializaci\u00f3n de las materias primas y lament\u00f3 la sequ\u00eda sufrida durante el \u00faltimo a\u00f1o causando impacto de magnitud en las finanzas nacionales.<br><br><strong>\u201cPareciera ser que uno es que quiere al agro o quiere la industria, y la verdad es que van de la mano y no est\u00e1n contrapuestas. Uno tiene que prestarle atenci\u00f3n al mundo agropecuario y al mundo industrial\u201d<\/strong>, dijo el Jefe de Estado al participar del&nbsp;<em>45\u00b0 Consejo Federal Agropecuario<\/em>&nbsp;que sesion\u00f3 en el Museo del Bicentenario.<\/p>\n\n\n\n<p>Acompa\u00f1ando por el secretario de Agricultura,&nbsp;<strong>Juan Jos\u00e9 Bahillo<\/strong>, y de las m\u00e1ximas autoridades provinciales del sector agroindustrial, Fern\u00e1ndez se\u00f1al\u00f3 la importancia del sector en la econom\u00eda nacional y se refiri\u00f3 con especial detalle a la problem\u00e1tica del&nbsp;<strong>cambio clim\u00e1tico<\/strong>.<br><br>\u201cLa actividad industrial crece un 3% en lo que va del a\u00f1o, la agropecuaria cae un 45%.&nbsp;<strong>Si no hubi\u00e9ramos tenido la sequ\u00eda, estar\u00edamos creciendo cuatro o cinco puntos este a\u00f1o<\/strong>\u201d, lament\u00f3 el mandatario.<\/p>\n\n\n\n<p>Fern\u00e1ndez consider\u00f3 que es una \u201cdiscusi\u00f3n banal\u201d estimar \u201ccu\u00e1nto pesa la agroindustria en Argentina\u201d, ya que su magnitud qued\u00f3 evidenciada en el hecho de que \u201cuna sequ\u00eda\u201d gener\u00f3 \u201cun da\u00f1o econ\u00f3mico impresionante\u201d.<br><br>\u201cEs tan cierto eso como que&nbsp;<strong>la Argentina no vive de la agricultura. Perdimos el 20% de las exportaciones, exportamos un 80% de otras cosas. Ahora, un 20 por ciento es un mont\u00f3n, es much\u00edsimo. Hay que prestarle atenci\u00f3n<\/strong>\u201d, agreg\u00f3.<\/p>\n\n\n\n<p><\/p>\n","protected":false},"excerpt":{"rendered":"<p>El presidente&nbsp;Alberto Fern\u00e1ndez&nbsp;afirm\u00f3 este martes que el sector agropecuario y la industria no son actividades \u201ccontrapuestas\u201d, reiter\u00f3 su idea de una necesaria industrializaci\u00f3n de las materias primas y lament\u00f3 la&hellip;<\/p>\n","protected":false},"author":3,"featured_media":231784,"comment_status":"closed","ping_status":"open","sticky":false,"template":"","format":"standard","meta":{"_acf_changed":false,"footnotes":""},"categories":[11,8],"tags":[],"class_list":["post-231782","post","type-post","status-publish","format-standard","has-post-thumbnail","hentry","category-que-pasa","category-politica"],"acf":[],"yoast_head":"<!-- This site is optimized with the Yoast SEO plugin v27.5 - https:\/\/yoast.com\/product\/yoast-seo-wordpress\/ -->\n<title>Alberto Fern\u00e1ndez: \u201cEl agro y la industria van de la mano, no est\u00e1n contrapuestas\u201d - Diario Textual<\/title>\n<meta name=\"robots\" content=\"index, follow, max-snippet:-1, max-image-preview:large, max-video-preview:-1\" \/>\n<link rel=\"canonical\" href=\"https:\/\/diariotextual.com\/inicio\/index.php\/2023\/07\/25\/alberto-fernandez-el-agro-y-la-industria-van-de-la-mano-no-estan-contrapuestas\/\" \/>\n<meta property=\"og:locale\" content=\"es_ES\" \/>\n<meta property=\"og:type\" content=\"article\" \/>\n<meta property=\"og:title\" content=\"Alberto Fern\u00e1ndez: \u201cEl agro y la industria van de la mano, no est\u00e1n contrapuestas\u201d - Diario Textual\" \/>\n<meta property=\"og:description\" content=\"El presidente&nbsp;Alberto Fern\u00e1ndez&nbsp;afirm\u00f3 este martes que el sector agropecuario y la industria no son actividades \u201ccontrapuestas\u201d, reiter\u00f3 su idea de una necesaria industrializaci\u00f3n de las materias primas y lament\u00f3 la&hellip;\" \/>\n<meta property=\"og:url\" content=\"https:\/\/diariotextual.com\/inicio\/index.php\/2023\/07\/25\/alberto-fernandez-el-agro-y-la-industria-van-de-la-mano-no-estan-contrapuestas\/\" \/>\n<meta property=\"og:site_name\" content=\"Diario Textual\" \/>\n<meta property=\"article:publisher\" content=\"https:\/\/www.facebook.com\/eltextual\" \/>\n<meta property=\"article:published_time\" content=\"2023-07-25T19:40:11+00:00\" \/>\n<meta property=\"article:modified_time\" content=\"2023-07-26T11:23:14+00:00\" \/>\n<meta property=\"og:image\" content=\"https:\/\/diariotextual.com\/inicio\/wp-content\/uploads\/2023\/07\/fernandezalbertoconsejoagroindustrialargentino2023-1.jpg\" \/>\n\t<meta property=\"og:image:width\" content=\"1400\" \/>\n\t<meta property=\"og:image:height\" content=\"934\" \/>\n\t<meta property=\"og:image:type\" content=\"image\/jpeg\" \/>\n<meta name=\"author\" content=\"Diario1 Diario1\" \/>\n<meta name=\"twitter:card\" content=\"summary_large_image\" \/>\n<meta name=\"twitter:creator\" content=\"@eltextual\" \/>\n<meta name=\"twitter:site\" content=\"@eltextual\" \/>\n<meta name=\"twitter:label1\" content=\"Escrito por\" \/>\n\t<meta name=\"twitter:data1\" content=\"Diario1 Diario1\" \/>\n\t<meta name=\"twitter:label2\" content=\"Tiempo de lectura\" \/>\n\t<meta name=\"twitter:data2\" content=\"2 minutos\" \/>\n<script type=\"application\/ld+json\" class=\"yoast-schema-graph\">{\"@context\":\"https:\\\/\\\/schema.org\",\"@graph\":[{\"@type\":\"Article\",\"@id\":\"https:\\\/\\\/diariotextual.com\\\/inicio\\\/index.php\\\/2023\\\/07\\\/25\\\/alberto-fernandez-el-agro-y-la-industria-van-de-la-mano-no-estan-contrapuestas\\\/#article\",\"isPartOf\":{\"@id\":\"https:\\\/\\\/diariotextual.com\\\/inicio\\\/index.php\\\/2023\\\/07\\\/25\\\/alberto-fernandez-el-agro-y-la-industria-van-de-la-mano-no-estan-contrapuestas\\\/\"},\"author\":{\"name\":\"Diario1 Diario1\",\"@id\":\"https:\\\/\\\/diariotextual.com\\\/inicio\\\/#\\\/schema\\\/person\\\/418fc4093c33e86ed41562db3508f958\"},\"headline\":\"Alberto Fern\u00e1ndez: \u201cEl agro y la industria van de la mano, no est\u00e1n contrapuestas\u201d\",\"datePublished\":\"2023-07-25T19:40:11+00:00\",\"dateModified\":\"2023-07-26T11:23:14+00:00\",\"mainEntityOfPage\":{\"@id\":\"https:\\\/\\\/diariotextual.com\\\/inicio\\\/index.php\\\/2023\\\/07\\\/25\\\/alberto-fernandez-el-agro-y-la-industria-van-de-la-mano-no-estan-contrapuestas\\\/\"},\"wordCount\":294,\"publisher\":{\"@id\":\"https:\\\/\\\/diariotextual.com\\\/inicio\\\/#organization\"},\"image\":{\"@id\":\"https:\\\/\\\/diariotextual.com\\\/inicio\\\/index.php\\\/2023\\\/07\\\/25\\\/alberto-fernandez-el-agro-y-la-industria-van-de-la-mano-no-estan-contrapuestas\\\/#primaryimage\"},\"thumbnailUrl\":\"https:\\\/\\\/diariotextual.com\\\/inicio\\\/wp-content\\\/uploads\\\/2023\\\/07\\\/fernandezalbertoconsejoagroindustrialargentino2023-1.jpg\",\"articleSection\":[\"A - QUE PASA (al costado)\",\"POLITICA\"],\"inLanguage\":\"es\"},{\"@type\":\"WebPage\",\"@id\":\"https:\\\/\\\/diariotextual.com\\\/inicio\\\/index.php\\\/2023\\\/07\\\/25\\\/alberto-fernandez-el-agro-y-la-industria-van-de-la-mano-no-estan-contrapuestas\\\/\",\"url\":\"https:\\\/\\\/diariotextual.com\\\/inicio\\\/index.php\\\/2023\\\/07\\\/25\\\/alberto-fernandez-el-agro-y-la-industria-van-de-la-mano-no-estan-contrapuestas\\\/\",\"name\":\"Alberto Fern\u00e1ndez: \u201cEl agro y la industria van de la mano, no est\u00e1n contrapuestas\u201d - Diario Textual\",\"isPartOf\":{\"@id\":\"https:\\\/\\\/diariotextual.com\\\/inicio\\\/#website\"},\"primaryImageOfPage\":{\"@id\":\"https:\\\/\\\/diariotextual.com\\\/inicio\\\/index.php\\\/2023\\\/07\\\/25\\\/alberto-fernandez-el-agro-y-la-industria-van-de-la-mano-no-estan-contrapuestas\\\/#primaryimage\"},\"image\":{\"@id\":\"https:\\\/\\\/diariotextual.com\\\/inicio\\\/index.php\\\/2023\\\/07\\\/25\\\/alberto-fernandez-el-agro-y-la-industria-van-de-la-mano-no-estan-contrapuestas\\\/#primaryimage\"},\"thumbnailUrl\":\"https:\\\/\\\/diariotextual.com\\\/inicio\\\/wp-content\\\/uploads\\\/2023\\\/07\\\/fernandezalbertoconsejoagroindustrialargentino2023-1.jpg\",\"datePublished\":\"2023-07-25T19:40:11+00:00\",\"dateModified\":\"2023-07-26T11:23:14+00:00\",\"breadcrumb\":{\"@id\":\"https:\\\/\\\/diariotextual.com\\\/inicio\\\/index.php\\\/2023\\\/07\\\/25\\\/alberto-fernandez-el-agro-y-la-industria-van-de-la-mano-no-estan-contrapuestas\\\/#breadcrumb\"},\"inLanguage\":\"es\",\"potentialAction\":[{\"@type\":\"ReadAction\",\"target\":[\"https:\\\/\\\/diariotextual.com\\\/inicio\\\/index.php\\\/2023\\\/07\\\/25\\\/alberto-fernandez-el-agro-y-la-industria-van-de-la-mano-no-estan-contrapuestas\\\/\"]}]},{\"@type\":\"ImageObject\",\"inLanguage\":\"es\",\"@id\":\"https:\\\/\\\/diariotextual.com\\\/inicio\\\/index.php\\\/2023\\\/07\\\/25\\\/alberto-fernandez-el-agro-y-la-industria-van-de-la-mano-no-estan-contrapuestas\\\/#primaryimage\",\"url\":\"https:\\\/\\\/diariotextual.com\\\/inicio\\\/wp-content\\\/uploads\\\/2023\\\/07\\\/fernandezalbertoconsejoagroindustrialargentino2023-1.jpg\",\"contentUrl\":\"https:\\\/\\\/diariotextual.com\\\/inicio\\\/wp-content\\\/uploads\\\/2023\\\/07\\\/fernandezalbertoconsejoagroindustrialargentino2023-1.jpg\",\"width\":1400,\"height\":934},{\"@type\":\"BreadcrumbList\",\"@id\":\"https:\\\/\\\/diariotextual.com\\\/inicio\\\/index.php\\\/2023\\\/07\\\/25\\\/alberto-fernandez-el-agro-y-la-industria-van-de-la-mano-no-estan-contrapuestas\\\/#breadcrumb\",\"itemListElement\":[{\"@type\":\"ListItem\",\"position\":1,\"name\":\"Portada\",\"item\":\"https:\\\/\\\/diariotextual.com\\\/inicio\\\/\"},{\"@type\":\"ListItem\",\"position\":2,\"name\":\"Alberto Fern\u00e1ndez: \u201cEl agro y la industria van de la mano, no est\u00e1n contrapuestas\u201d\"}]},{\"@type\":\"WebSite\",\"@id\":\"https:\\\/\\\/diariotextual.com\\\/inicio\\\/#website\",\"url\":\"https:\\\/\\\/diariotextual.com\\\/inicio\\\/\",\"name\":\"Diario Textual\",\"description\":\"\",\"publisher\":{\"@id\":\"https:\\\/\\\/diariotextual.com\\\/inicio\\\/#organization\"},\"potentialAction\":[{\"@type\":\"SearchAction\",\"target\":{\"@type\":\"EntryPoint\",\"urlTemplate\":\"https:\\\/\\\/diariotextual.com\\\/inicio\\\/?s={search_term_string}\"},\"query-input\":{\"@type\":\"PropertyValueSpecification\",\"valueRequired\":true,\"valueName\":\"search_term_string\"}}],\"inLanguage\":\"es\"},{\"@type\":\"Organization\",\"@id\":\"https:\\\/\\\/diariotextual.com\\\/inicio\\\/#organization\",\"name\":\"Diario Textual\",\"url\":\"https:\\\/\\\/diariotextual.com\\\/inicio\\\/\",\"logo\":{\"@type\":\"ImageObject\",\"inLanguage\":\"es\",\"@id\":\"https:\\\/\\\/diariotextual.com\\\/inicio\\\/#\\\/schema\\\/logo\\\/image\\\/\",\"url\":\"https:\\\/\\\/diariotextual.com\\\/inicio\\\/wp-content\\\/uploads\\\/2023\\\/05\\\/logotextual1.jpg\",\"contentUrl\":\"https:\\\/\\\/diariotextual.com\\\/inicio\\\/wp-content\\\/uploads\\\/2023\\\/05\\\/logotextual1.jpg\",\"width\":516,\"height\":76,\"caption\":\"Diario Textual\"},\"image\":{\"@id\":\"https:\\\/\\\/diariotextual.com\\\/inicio\\\/#\\\/schema\\\/logo\\\/image\\\/\"},\"sameAs\":[\"https:\\\/\\\/www.facebook.com\\\/eltextual\",\"https:\\\/\\\/x.com\\\/eltextual\",\"http:\\\/\\\/www.instagram.com\\\/eltextual\"]},{\"@type\":\"Person\",\"@id\":\"https:\\\/\\\/diariotextual.com\\\/inicio\\\/#\\\/schema\\\/person\\\/418fc4093c33e86ed41562db3508f958\",\"name\":\"Diario1 Diario1\",\"image\":{\"@type\":\"ImageObject\",\"inLanguage\":\"es\",\"@id\":\"https:\\\/\\\/secure.gravatar.com\\\/avatar\\\/9167d280179c85bc18be67aa7eda765854300033af4896dd779b608640f2ef7a?s=96&d=mm&r=g\",\"url\":\"https:\\\/\\\/secure.gravatar.com\\\/avatar\\\/9167d280179c85bc18be67aa7eda765854300033af4896dd779b608640f2ef7a?s=96&d=mm&r=g\",\"contentUrl\":\"https:\\\/\\\/secure.gravatar.com\\\/avatar\\\/9167d280179c85bc18be67aa7eda765854300033af4896dd779b608640f2ef7a?s=96&d=mm&r=g\",\"caption\":\"Diario1 Diario1\"},\"url\":\"https:\\\/\\\/diariotextual.com\\\/inicio\\\/index.php\\\/author\\\/diario1\\\/\"}]}<\/script>\n<!-- \/ Yoast SEO plugin. -->","yoast_head_json":{"title":"Alberto Fern\u00e1ndez: \u201cEl agro y la industria van de la mano, no est\u00e1n contrapuestas\u201d - Diario Textual","robots":{"index":"index","follow":"follow","max-snippet":"max-snippet:-1","max-image-preview":"max-image-preview:large","max-video-preview":"max-video-preview:-1"},"canonical":"https:\/\/diariotextual.com\/inicio\/index.php\/2023\/07\/25\/alberto-fernandez-el-agro-y-la-industria-van-de-la-mano-no-estan-contrapuestas\/","og_locale":"es_ES","og_type":"article","og_title":"Alberto Fern\u00e1ndez: \u201cEl agro y la industria van de la mano, no est\u00e1n contrapuestas\u201d - Diario Textual","og_description":"El presidente&nbsp;Alberto Fern\u00e1ndez&nbsp;afirm\u00f3 este martes que el sector agropecuario y la industria no son actividades \u201ccontrapuestas\u201d, reiter\u00f3 su idea de una necesaria industrializaci\u00f3n de las materias primas y lament\u00f3 la&hellip;","og_url":"https:\/\/diariotextual.com\/inicio\/index.php\/2023\/07\/25\/alberto-fernandez-el-agro-y-la-industria-van-de-la-mano-no-estan-contrapuestas\/","og_site_name":"Diario Textual","article_publisher":"https:\/\/www.facebook.com\/eltextual","article_published_time":"2023-07-25T19:40:11+00:00","article_modified_time":"2023-07-26T11:23:14+00:00","og_image":[{"width":1400,"height":934,"url":"https:\/\/diariotextual.com\/inicio\/wp-content\/uploads\/2023\/07\/fernandezalbertoconsejoagroindustrialargentino2023-1.jpg","type":"image\/jpeg"}],"author":"Diario1 Diario1","twitter_card":"summary_large_image","twitter_creator":"@eltextual","twitter_site":"@eltextual","twitter_misc":{"Escrito por":"Diario1 Diario1","Tiempo de lectura":"2 minutos"},"schema":{"@context":"https:\/\/schema.org","@graph":[{"@type":"Article","@id":"https:\/\/diariotextual.com\/inicio\/index.php\/2023\/07\/25\/alberto-fernandez-el-agro-y-la-industria-van-de-la-mano-no-estan-contrapuestas\/#article","isPartOf":{"@id":"https:\/\/diariotextual.com\/inicio\/index.php\/2023\/07\/25\/alberto-fernandez-el-agro-y-la-industria-van-de-la-mano-no-estan-contrapuestas\/"},"author":{"name":"Diario1 Diario1","@id":"https:\/\/diariotextual.com\/inicio\/#\/schema\/person\/418fc4093c33e86ed41562db3508f958"},"headline":"Alberto Fern\u00e1ndez: \u201cEl agro y la industria van de la mano, no est\u00e1n contrapuestas\u201d","datePublished":"2023-07-25T19:40:11+00:00","dateModified":"2023-07-26T11:23:14+00:00","mainEntityOfPage":{"@id":"https:\/\/diariotextual.com\/inicio\/index.php\/2023\/07\/25\/alberto-fernandez-el-agro-y-la-industria-van-de-la-mano-no-estan-contrapuestas\/"},"wordCount":294,"publisher":{"@id":"https:\/\/diariotextual.com\/inicio\/#organization"},"image":{"@id":"https:\/\/diariotextual.com\/inicio\/index.php\/2023\/07\/25\/alberto-fernandez-el-agro-y-la-industria-van-de-la-mano-no-estan-contrapuestas\/#primaryimage"},"thumbnailUrl":"https:\/\/diariotextual.com\/inicio\/wp-content\/uploads\/2023\/07\/fernandezalbertoconsejoagroindustrialargentino2023-1.jpg","articleSection":["A - QUE PASA (al costado)","POLITICA"],"inLanguage":"es"},{"@type":"WebPage","@id":"https:\/\/diariotextual.com\/inicio\/index.php\/2023\/07\/25\/alberto-fernandez-el-agro-y-la-industria-van-de-la-mano-no-estan-contrapuestas\/","url":"https:\/\/diariotextual.com\/inicio\/index.php\/2023\/07\/25\/alberto-fernandez-el-agro-y-la-industria-van-de-la-mano-no-estan-contrapuestas\/","name":"Alberto Fern\u00e1ndez: \u201cEl agro y la industria van de la mano, no est\u00e1n contrapuestas\u201d - Diario Textual","isPartOf":{"@id":"https:\/\/diariotextual.com\/inicio\/#website"},"primaryImageOfPage":{"@id":"https:\/\/diariotextual.com\/inicio\/index.php\/2023\/07\/25\/alberto-fernandez-el-agro-y-la-industria-van-de-la-mano-no-estan-contrapuestas\/#primaryimage"},"image":{"@id":"https:\/\/diariotextual.com\/inicio\/index.php\/2023\/07\/25\/alberto-fernandez-el-agro-y-la-industria-van-de-la-mano-no-estan-contrapuestas\/#primaryimage"},"thumbnailUrl":"https:\/\/diariotextual.com\/inicio\/wp-content\/uploads\/2023\/07\/fernandezalbertoconsejoagroindustrialargentino2023-1.jpg","datePublished":"2023-07-25T19:40:11+00:00","dateModified":"2023-07-26T11:23:14+00:00","breadcrumb":{"@id":"https:\/\/diariotextual.com\/inicio\/index.php\/2023\/07\/25\/alberto-fernandez-el-agro-y-la-industria-van-de-la-mano-no-estan-contrapuestas\/#breadcrumb"},"inLanguage":"es","potentialAction":[{"@type":"ReadAction","target":["https:\/\/diariotextual.com\/inicio\/index.php\/2023\/07\/25\/alberto-fernandez-el-agro-y-la-industria-van-de-la-mano-no-estan-contrapuestas\/"]}]},{"@type":"ImageObject","inLanguage":"es","@id":"https:\/\/diariotextual.com\/inicio\/index.php\/2023\/07\/25\/alberto-fernandez-el-agro-y-la-industria-van-de-la-mano-no-estan-contrapuestas\/#primaryimage","url":"https:\/\/diariotextual.com\/inicio\/wp-content\/uploads\/2023\/07\/fernandezalbertoconsejoagroindustrialargentino2023-1.jpg","contentUrl":"https:\/\/diariotextual.com\/inicio\/wp-content\/uploads\/2023\/07\/fernandezalbertoconsejoagroindustrialargentino2023-1.jpg","width":1400,"height":934},{"@type":"BreadcrumbList","@id":"https:\/\/diariotextual.com\/inicio\/index.php\/2023\/07\/25\/alberto-fernandez-el-agro-y-la-industria-van-de-la-mano-no-estan-contrapuestas\/#breadcrumb","itemListElement":[{"@type":"ListItem","position":1,"name":"Portada","item":"https:\/\/diariotextual.com\/inicio\/"},{"@type":"ListItem","position":2,"name":"Alberto Fern\u00e1ndez: \u201cEl agro y la industria van de la mano, no est\u00e1n contrapuestas\u201d"}]},{"@type":"WebSite","@id":"https:\/\/diariotextual.com\/inicio\/#website","url":"https:\/\/diariotextual.com\/inicio\/","name":"Diario Textual","description":"","publisher":{"@id":"https:\/\/diariotextual.com\/inicio\/#organization"},"potentialAction":[{"@type":"SearchAction","target":{"@type":"EntryPoint","urlTemplate":"https:\/\/diariotextual.com\/inicio\/?s={search_term_string}"},"query-input":{"@type":"PropertyValueSpecification","valueRequired":true,"valueName":"search_term_string"}}],"inLanguage":"es"},{"@type":"Organization","@id":"https:\/\/diariotextual.com\/inicio\/#organization","name":"Diario Textual","url":"https:\/\/diariotextual.com\/inicio\/","logo":{"@type":"ImageObject","inLanguage":"es","@id":"https:\/\/diariotextual.com\/inicio\/#\/schema\/logo\/image\/","url":"https:\/\/diariotextual.com\/inicio\/wp-content\/uploads\/2023\/05\/logotextual1.jpg","contentUrl":"https:\/\/diariotextual.com\/inicio\/wp-content\/uploads\/2023\/05\/logotextual1.jpg","width":516,"height":76,"caption":"Diario Textual"},"image":{"@id":"https:\/\/diariotextual.com\/inicio\/#\/schema\/logo\/image\/"},"sameAs":["https:\/\/www.facebook.com\/eltextual","https:\/\/x.com\/eltextual","http:\/\/www.instagram.com\/eltextual"]},{"@type":"Person","@id":"https:\/\/diariotextual.com\/inicio\/#\/schema\/person\/418fc4093c33e86ed41562db3508f958","name":"Diario1 Diario1","image":{"@type":"ImageObject","inLanguage":"es","@id":"https:\/\/secure.gravatar.com\/avatar\/9167d280179c85bc18be67aa7eda765854300033af4896dd779b608640f2ef7a?s=96&d=mm&r=g","url":"https:\/\/secure.gravatar.com\/avatar\/9167d280179c85bc18be67aa7eda765854300033af4896dd779b608640f2ef7a?s=96&d=mm&r=g","contentUrl":"https:\/\/secure.gravatar.com\/avatar\/9167d280179c85bc18be67aa7eda765854300033af4896dd779b608640f2ef7a?s=96&d=mm&r=g","caption":"Diario1 Diario1"},"url":"https:\/\/diariotextual.com\/inicio\/index.php\/author\/diario1\/"}]}},"_links":{"self":[{"href":"https:\/\/diariotextual.com\/inicio\/index.php\/wp-json\/wp\/v2\/posts\/231782","targetHints":{"allow":["GET"]}}],"collection":[{"href":"https:\/\/diariotextual.com\/inicio\/index.php\/wp-json\/wp\/v2\/posts"}],"about":[{"href":"https:\/\/diariotextual.com\/inicio\/index.php\/wp-json\/wp\/v2\/types\/post"}],"author":[{"embeddable":true,"href":"https:\/\/diariotextual.com\/inicio\/index.php\/wp-json\/wp\/v2\/users\/3"}],"replies":[{"embeddable":true,"href":"https:\/\/diariotextual.com\/inicio\/index.php\/wp-json\/wp\/v2\/comments?post=231782"}],"version-history":[{"count":2,"href":"https:\/\/diariotextual.com\/inicio\/index.php\/wp-json\/wp\/v2\/posts\/231782\/revisions"}],"predecessor-version":[{"id":231861,"href":"https:\/\/diariotextual.com\/inicio\/index.php\/wp-json\/wp\/v2\/posts\/231782\/revisions\/231861"}],"wp:featuredmedia":[{"embeddable":true,"href":"https:\/\/diariotextual.com\/inicio\/index.php\/wp-json\/wp\/v2\/media\/231784"}],"wp:attachment":[{"href":"https:\/\/diariotextual.com\/inicio\/index.php\/wp-json\/wp\/v2\/media?parent=231782"}],"wp:term":[{"taxonomy":"category","embeddable":true,"href":"https:\/\/diariotextual.com\/inicio\/index.php\/wp-json\/wp\/v2\/categories?post=231782"},{"taxonomy":"post_tag","embeddable":true,"href":"https:\/\/diariotextual.com\/inicio\/index.php\/wp-json\/wp\/v2\/tags?post=231782"}],"curies":[{"name":"wp","href":"https:\/\/api.w.org\/{rel}","templated":true}]}}