{"id":231786,"date":"2023-07-25T16:51:46","date_gmt":"2023-07-25T19:51:46","guid":{"rendered":"https:\/\/diariotextual.com\/inicio\/?p=231786"},"modified":"2023-07-26T11:25:59","modified_gmt":"2023-07-26T14:25:59","slug":"gerardo-morales-en-la-pampa-necesitamos-un-gobierno-federal","status":"publish","type":"post","link":"https:\/\/diariotextual.com\/inicio\/index.php\/2023\/07\/25\/gerardo-morales-en-la-pampa-necesitamos-un-gobierno-federal\/","title":{"rendered":"Gerardo Morales, en La Pampa: \u201cNecesitamos un gobierno federal\u201d"},"content":{"rendered":"\n<p>El gobernador juje\u00f1o y precandidato a vicepresidente,&nbsp;<strong>Gerardo Morales<\/strong>, est\u00e1 de campa\u00f1a este martes en La Pampa. Visit\u00f3 Santa Rosa, General Acha y General Pico.<\/p>\n\n\n\n<p>\u201cNecesitamos un gobierno federal, que trate a todas las provincias por igual y que piense a futuro. Es el momento de hacer grandes transformaciones para cambiarle la vida a cada argentino\u201d, dijo el dirigente.<\/p>\n\n\n\n<p>Cerca del mediod\u00eda estuvo en Santa Rosa, luego fue a Acha -donde se hizo el acto central- y por la tarde se traslad\u00f3 a General Pico. Estuvo acompa\u00f1ado por Francisco Torroba, precandidato a diputado nacional por La Pampa; el senador Daniel Kroneberger; el diputado Martin Maquieyra; y la senadora Victoria Huala, entre otros dirigentes del espacio.&nbsp;<\/p>\n\n\n\n<figure class=\"wp-block-image size-large\"><img fetchpriority=\"high\" decoding=\"async\" width=\"1024\" height=\"682\" src=\"https:\/\/diariotextual.com\/inicio\/wp-content\/uploads\/2023\/07\/moralesgerardotorrobaardohain2023-2-1024x682.jpg\" alt=\"\" class=\"wp-image-231790\" srcset=\"https:\/\/diariotextual.com\/inicio\/wp-content\/uploads\/2023\/07\/moralesgerardotorrobaardohain2023-2-1024x682.jpg 1024w, https:\/\/diariotextual.com\/inicio\/wp-content\/uploads\/2023\/07\/moralesgerardotorrobaardohain2023-2-300x200.jpg 300w, https:\/\/diariotextual.com\/inicio\/wp-content\/uploads\/2023\/07\/moralesgerardotorrobaardohain2023-2-768x511.jpg 768w, https:\/\/diariotextual.com\/inicio\/wp-content\/uploads\/2023\/07\/moralesgerardotorrobaardohain2023-2-1170x779.jpg 1170w, https:\/\/diariotextual.com\/inicio\/wp-content\/uploads\/2023\/07\/moralesgerardotorrobaardohain2023-2-585x389.jpg 585w, https:\/\/diariotextual.com\/inicio\/wp-content\/uploads\/2023\/07\/moralesgerardotorrobaardohain2023-2-263x175.jpg 263w, https:\/\/diariotextual.com\/inicio\/wp-content\/uploads\/2023\/07\/moralesgerardotorrobaardohain2023-2.jpg 1280w\" sizes=\"(max-width: 1024px) 100vw, 1024px\" \/><\/figure>\n\n\n\n<p>Morales es compa\u00f1ero de f\u00f3rmula de Horacio Rodr\u00edguez Larreta. \u201cCon Horacio somos hombres de gesti\u00f3n. A \u00e9l y a mi nos toca gobernar todos los d\u00edas. Dejarles la tranquilidad al pueblo de que Juntos por el Cambio va a estar m\u00e1s unido que nunca. Y expresa el pensamiento diverso de Juntos del Cambio\u201d, dijo. \u201cTodo lo que decimos lo hemos hecho con Horario. Lo hice en mi provincia. El pa\u00eds necesita un liderazgo, gestionar y tomar decisiones y afrontar las consecuencias. Saber que nadie es infalible. Tener la capacidad de dialogar. El pa\u00eds tiene que ir en esa direcci\u00f3n. Pensamos en el di\u00e1logo. El camino es ese y terminar con la violencia\u201d, dijo en conferencia de prensa.<\/p>\n\n\n\n<p>Adem\u00e1s, fue consultado por las denuncias de represi\u00f3n a las movilizaciones en contra de la reforma constitucional en Jujuy. En ese marco, dijo que el llamado Tercer Mal\u00f3n de la Paz es organizado por el ministro de Seguridad, An\u00edbal Fern\u00e1ndez. \u201cAn\u00edbal est\u00e1 en Jujuy organizando el mal\u00f3n de la paz. Est\u00e1 \u00e9l ayudando a los piqueteros. Hay una injerencia directa del gobierno nacional\u201d, sostuvo. \u201cLos que est\u00e1n detr\u00e1s son dirigentes del kirchnerismo de algunas organizaciones sociales, y hoy est\u00e1n cometiendo delitos. Los que hoy est\u00e1n en los cortes son unos delincuentes, sostenidos por el Gobierno Nacional\u201d, expres\u00f3.<\/p>\n\n\n\n<p>\u201cLa presencia de An\u00edbal organizando esto da cuenta de lo que pasa. No les tenemos miedo. Nos quisieron empujar en Jujuy, quieren meter miedo, una actitud antidemocr\u00e1tica del Frente de Todos. Esto que est\u00e1 afuera es el pa\u00eds que queremos dejar atr\u00e1s. Para mi, es un orgullo que vengan los violentos porque la contracara de los que est\u00e1n afuera es lo que nosotros estamos construyendo por una Argentina que recupere la cultura del trabajo\u201d, finaliz\u00f3.<\/p>\n\n\n\n<p>Precisamente en Santa Rosa hubo manifestaciones en contra de la visita del gobernador juje\u00f1o.<\/p>\n\n\n\n<figure class=\"wp-block-embed is-type-wp-embed is-provider-diario-textual wp-block-embed-diario-textual\"><div class=\"wp-block-embed__wrapper\">\n<blockquote class=\"wp-embedded-content\" data-secret=\"G9ACHuELby\"><a href=\"https:\/\/diariotextual.com\/inicio\/index.php\/2023\/07\/25\/organizaciones-sociales-y-gremiales-repudian-la-llegada-de-morales-en-la-pampa\/\">Organizaciones sociales y gremiales repudian la llegada de Morales a La Pampa<\/a><\/blockquote><iframe class=\"wp-embedded-content\" sandbox=\"allow-scripts\" security=\"restricted\" style=\"position: absolute; clip: rect(1px, 1px, 1px, 1px);\" title=\"\u00abOrganizaciones sociales y gremiales repudian la llegada de Morales a La Pampa\u00bb \u2014 Diario Textual\" src=\"https:\/\/diariotextual.com\/inicio\/index.php\/2023\/07\/25\/organizaciones-sociales-y-gremiales-repudian-la-llegada-de-morales-en-la-pampa\/embed\/#?secret=7vJ5KI8ve4#?secret=G9ACHuELby\" data-secret=\"G9ACHuELby\" width=\"600\" height=\"338\" frameborder=\"0\" marginwidth=\"0\" marginheight=\"0\" scrolling=\"no\"><\/iframe>\n<\/div><\/figure>\n","protected":false},"excerpt":{"rendered":"<p>El gobernador juje\u00f1o y precandidato a vicepresidente,&nbsp;Gerardo Morales, est\u00e1 de campa\u00f1a este martes en La Pampa. Visit\u00f3 Santa Rosa, General Acha y General Pico. \u201cNecesitamos un gobierno federal, que trate&hellip;<\/p>\n","protected":false},"author":3,"featured_media":231791,"comment_status":"closed","ping_status":"open","sticky":false,"template":"","format":"standard","meta":{"_acf_changed":false,"footnotes":""},"categories":[1,11,8],"tags":[],"class_list":["post-231786","post","type-post","status-publish","format-standard","has-post-thumbnail","hentry","category-es-noticia","category-que-pasa","category-politica"],"acf":[],"yoast_head":"<!-- This site is optimized with the Yoast SEO plugin v27.5 - https:\/\/yoast.com\/product\/yoast-seo-wordpress\/ -->\n<title>Gerardo Morales, en La Pampa: \u201cNecesitamos un gobierno federal\u201d - Diario Textual<\/title>\n<meta name=\"robots\" content=\"index, follow, max-snippet:-1, max-image-preview:large, max-video-preview:-1\" \/>\n<link rel=\"canonical\" href=\"https:\/\/diariotextual.com\/inicio\/index.php\/2023\/07\/25\/gerardo-morales-en-la-pampa-necesitamos-un-gobierno-federal\/\" \/>\n<meta property=\"og:locale\" content=\"es_ES\" \/>\n<meta property=\"og:type\" content=\"article\" \/>\n<meta property=\"og:title\" content=\"Gerardo Morales, en La Pampa: \u201cNecesitamos un gobierno federal\u201d - Diario Textual\" \/>\n<meta property=\"og:description\" content=\"El gobernador juje\u00f1o y precandidato a vicepresidente,&nbsp;Gerardo Morales, est\u00e1 de campa\u00f1a este martes en La Pampa. Visit\u00f3 Santa Rosa, General Acha y General Pico. \u201cNecesitamos un gobierno federal, que trate&hellip;\" \/>\n<meta property=\"og:url\" content=\"https:\/\/diariotextual.com\/inicio\/index.php\/2023\/07\/25\/gerardo-morales-en-la-pampa-necesitamos-un-gobierno-federal\/\" \/>\n<meta property=\"og:site_name\" content=\"Diario Textual\" \/>\n<meta property=\"article:publisher\" content=\"https:\/\/www.facebook.com\/eltextual\" \/>\n<meta property=\"article:published_time\" content=\"2023-07-25T19:51:46+00:00\" \/>\n<meta property=\"article:modified_time\" content=\"2023-07-26T14:25:59+00:00\" \/>\n<meta property=\"og:image\" content=\"https:\/\/diariotextual.com\/inicio\/wp-content\/uploads\/2023\/07\/moralesgerardotorrobaardohain2023-1.jpg\" \/>\n\t<meta property=\"og:image:width\" content=\"1280\" \/>\n\t<meta property=\"og:image:height\" content=\"852\" \/>\n\t<meta property=\"og:image:type\" content=\"image\/jpeg\" \/>\n<meta name=\"author\" content=\"Diario1 Diario1\" \/>\n<meta name=\"twitter:card\" content=\"summary_large_image\" \/>\n<meta name=\"twitter:creator\" content=\"@eltextual\" \/>\n<meta name=\"twitter:site\" content=\"@eltextual\" \/>\n<meta name=\"twitter:label1\" content=\"Escrito por\" \/>\n\t<meta name=\"twitter:data1\" content=\"Diario1 Diario1\" \/>\n\t<meta name=\"twitter:label2\" content=\"Tiempo de lectura\" \/>\n\t<meta name=\"twitter:data2\" content=\"3 minutos\" \/>\n<script type=\"application\/ld+json\" class=\"yoast-schema-graph\">{\"@context\":\"https:\\\/\\\/schema.org\",\"@graph\":[{\"@type\":\"Article\",\"@id\":\"https:\\\/\\\/diariotextual.com\\\/inicio\\\/index.php\\\/2023\\\/07\\\/25\\\/gerardo-morales-en-la-pampa-necesitamos-un-gobierno-federal\\\/#article\",\"isPartOf\":{\"@id\":\"https:\\\/\\\/diariotextual.com\\\/inicio\\\/index.php\\\/2023\\\/07\\\/25\\\/gerardo-morales-en-la-pampa-necesitamos-un-gobierno-federal\\\/\"},\"author\":{\"name\":\"Diario1 Diario1\",\"@id\":\"https:\\\/\\\/diariotextual.com\\\/inicio\\\/#\\\/schema\\\/person\\\/418fc4093c33e86ed41562db3508f958\"},\"headline\":\"Gerardo Morales, en La Pampa: \u201cNecesitamos un gobierno federal\u201d\",\"datePublished\":\"2023-07-25T19:51:46+00:00\",\"dateModified\":\"2023-07-26T14:25:59+00:00\",\"mainEntityOfPage\":{\"@id\":\"https:\\\/\\\/diariotextual.com\\\/inicio\\\/index.php\\\/2023\\\/07\\\/25\\\/gerardo-morales-en-la-pampa-necesitamos-un-gobierno-federal\\\/\"},\"wordCount\":467,\"publisher\":{\"@id\":\"https:\\\/\\\/diariotextual.com\\\/inicio\\\/#organization\"},\"image\":{\"@id\":\"https:\\\/\\\/diariotextual.com\\\/inicio\\\/index.php\\\/2023\\\/07\\\/25\\\/gerardo-morales-en-la-pampa-necesitamos-un-gobierno-federal\\\/#primaryimage\"},\"thumbnailUrl\":\"https:\\\/\\\/diariotextual.com\\\/inicio\\\/wp-content\\\/uploads\\\/2023\\\/07\\\/moralesgerardotorrobaardohain2023-1.jpg\",\"articleSection\":[\"A - ES NOTICIA (van abajo)\",\"A - QUE PASA (al costado)\",\"POLITICA\"],\"inLanguage\":\"es\"},{\"@type\":\"WebPage\",\"@id\":\"https:\\\/\\\/diariotextual.com\\\/inicio\\\/index.php\\\/2023\\\/07\\\/25\\\/gerardo-morales-en-la-pampa-necesitamos-un-gobierno-federal\\\/\",\"url\":\"https:\\\/\\\/diariotextual.com\\\/inicio\\\/index.php\\\/2023\\\/07\\\/25\\\/gerardo-morales-en-la-pampa-necesitamos-un-gobierno-federal\\\/\",\"name\":\"Gerardo Morales, en La Pampa: \u201cNecesitamos un gobierno federal\u201d - Diario Textual\",\"isPartOf\":{\"@id\":\"https:\\\/\\\/diariotextual.com\\\/inicio\\\/#website\"},\"primaryImageOfPage\":{\"@id\":\"https:\\\/\\\/diariotextual.com\\\/inicio\\\/index.php\\\/2023\\\/07\\\/25\\\/gerardo-morales-en-la-pampa-necesitamos-un-gobierno-federal\\\/#primaryimage\"},\"image\":{\"@id\":\"https:\\\/\\\/diariotextual.com\\\/inicio\\\/index.php\\\/2023\\\/07\\\/25\\\/gerardo-morales-en-la-pampa-necesitamos-un-gobierno-federal\\\/#primaryimage\"},\"thumbnailUrl\":\"https:\\\/\\\/diariotextual.com\\\/inicio\\\/wp-content\\\/uploads\\\/2023\\\/07\\\/moralesgerardotorrobaardohain2023-1.jpg\",\"datePublished\":\"2023-07-25T19:51:46+00:00\",\"dateModified\":\"2023-07-26T14:25:59+00:00\",\"breadcrumb\":{\"@id\":\"https:\\\/\\\/diariotextual.com\\\/inicio\\\/index.php\\\/2023\\\/07\\\/25\\\/gerardo-morales-en-la-pampa-necesitamos-un-gobierno-federal\\\/#breadcrumb\"},\"inLanguage\":\"es\",\"potentialAction\":[{\"@type\":\"ReadAction\",\"target\":[\"https:\\\/\\\/diariotextual.com\\\/inicio\\\/index.php\\\/2023\\\/07\\\/25\\\/gerardo-morales-en-la-pampa-necesitamos-un-gobierno-federal\\\/\"]}]},{\"@type\":\"ImageObject\",\"inLanguage\":\"es\",\"@id\":\"https:\\\/\\\/diariotextual.com\\\/inicio\\\/index.php\\\/2023\\\/07\\\/25\\\/gerardo-morales-en-la-pampa-necesitamos-un-gobierno-federal\\\/#primaryimage\",\"url\":\"https:\\\/\\\/diariotextual.com\\\/inicio\\\/wp-content\\\/uploads\\\/2023\\\/07\\\/moralesgerardotorrobaardohain2023-1.jpg\",\"contentUrl\":\"https:\\\/\\\/diariotextual.com\\\/inicio\\\/wp-content\\\/uploads\\\/2023\\\/07\\\/moralesgerardotorrobaardohain2023-1.jpg\",\"width\":1280,\"height\":852},{\"@type\":\"BreadcrumbList\",\"@id\":\"https:\\\/\\\/diariotextual.com\\\/inicio\\\/index.php\\\/2023\\\/07\\\/25\\\/gerardo-morales-en-la-pampa-necesitamos-un-gobierno-federal\\\/#breadcrumb\",\"itemListElement\":[{\"@type\":\"ListItem\",\"position\":1,\"name\":\"Portada\",\"item\":\"https:\\\/\\\/diariotextual.com\\\/inicio\\\/\"},{\"@type\":\"ListItem\",\"position\":2,\"name\":\"Gerardo Morales, en La Pampa: \u201cNecesitamos un gobierno federal\u201d\"}]},{\"@type\":\"WebSite\",\"@id\":\"https:\\\/\\\/diariotextual.com\\\/inicio\\\/#website\",\"url\":\"https:\\\/\\\/diariotextual.com\\\/inicio\\\/\",\"name\":\"Diario Textual\",\"description\":\"\",\"publisher\":{\"@id\":\"https:\\\/\\\/diariotextual.com\\\/inicio\\\/#organization\"},\"potentialAction\":[{\"@type\":\"SearchAction\",\"target\":{\"@type\":\"EntryPoint\",\"urlTemplate\":\"https:\\\/\\\/diariotextual.com\\\/inicio\\\/?s={search_term_string}\"},\"query-input\":{\"@type\":\"PropertyValueSpecification\",\"valueRequired\":true,\"valueName\":\"search_term_string\"}}],\"inLanguage\":\"es\"},{\"@type\":\"Organization\",\"@id\":\"https:\\\/\\\/diariotextual.com\\\/inicio\\\/#organization\",\"name\":\"Diario Textual\",\"url\":\"https:\\\/\\\/diariotextual.com\\\/inicio\\\/\",\"logo\":{\"@type\":\"ImageObject\",\"inLanguage\":\"es\",\"@id\":\"https:\\\/\\\/diariotextual.com\\\/inicio\\\/#\\\/schema\\\/logo\\\/image\\\/\",\"url\":\"https:\\\/\\\/diariotextual.com\\\/inicio\\\/wp-content\\\/uploads\\\/2023\\\/05\\\/logotextual1.jpg\",\"contentUrl\":\"https:\\\/\\\/diariotextual.com\\\/inicio\\\/wp-content\\\/uploads\\\/2023\\\/05\\\/logotextual1.jpg\",\"width\":516,\"height\":76,\"caption\":\"Diario Textual\"},\"image\":{\"@id\":\"https:\\\/\\\/diariotextual.com\\\/inicio\\\/#\\\/schema\\\/logo\\\/image\\\/\"},\"sameAs\":[\"https:\\\/\\\/www.facebook.com\\\/eltextual\",\"https:\\\/\\\/x.com\\\/eltextual\",\"http:\\\/\\\/www.instagram.com\\\/eltextual\"]},{\"@type\":\"Person\",\"@id\":\"https:\\\/\\\/diariotextual.com\\\/inicio\\\/#\\\/schema\\\/person\\\/418fc4093c33e86ed41562db3508f958\",\"name\":\"Diario1 Diario1\",\"image\":{\"@type\":\"ImageObject\",\"inLanguage\":\"es\",\"@id\":\"https:\\\/\\\/secure.gravatar.com\\\/avatar\\\/9167d280179c85bc18be67aa7eda765854300033af4896dd779b608640f2ef7a?s=96&d=mm&r=g\",\"url\":\"https:\\\/\\\/secure.gravatar.com\\\/avatar\\\/9167d280179c85bc18be67aa7eda765854300033af4896dd779b608640f2ef7a?s=96&d=mm&r=g\",\"contentUrl\":\"https:\\\/\\\/secure.gravatar.com\\\/avatar\\\/9167d280179c85bc18be67aa7eda765854300033af4896dd779b608640f2ef7a?s=96&d=mm&r=g\",\"caption\":\"Diario1 Diario1\"},\"url\":\"https:\\\/\\\/diariotextual.com\\\/inicio\\\/index.php\\\/author\\\/diario1\\\/\"}]}<\/script>\n<!-- \/ Yoast SEO plugin. -->","yoast_head_json":{"title":"Gerardo Morales, en La Pampa: \u201cNecesitamos un gobierno federal\u201d - Diario Textual","robots":{"index":"index","follow":"follow","max-snippet":"max-snippet:-1","max-image-preview":"max-image-preview:large","max-video-preview":"max-video-preview:-1"},"canonical":"https:\/\/diariotextual.com\/inicio\/index.php\/2023\/07\/25\/gerardo-morales-en-la-pampa-necesitamos-un-gobierno-federal\/","og_locale":"es_ES","og_type":"article","og_title":"Gerardo Morales, en La Pampa: \u201cNecesitamos un gobierno federal\u201d - Diario Textual","og_description":"El gobernador juje\u00f1o y precandidato a vicepresidente,&nbsp;Gerardo Morales, est\u00e1 de campa\u00f1a este martes en La Pampa. Visit\u00f3 Santa Rosa, General Acha y General Pico. \u201cNecesitamos un gobierno federal, que trate&hellip;","og_url":"https:\/\/diariotextual.com\/inicio\/index.php\/2023\/07\/25\/gerardo-morales-en-la-pampa-necesitamos-un-gobierno-federal\/","og_site_name":"Diario Textual","article_publisher":"https:\/\/www.facebook.com\/eltextual","article_published_time":"2023-07-25T19:51:46+00:00","article_modified_time":"2023-07-26T14:25:59+00:00","og_image":[{"width":1280,"height":852,"url":"https:\/\/diariotextual.com\/inicio\/wp-content\/uploads\/2023\/07\/moralesgerardotorrobaardohain2023-1.jpg","type":"image\/jpeg"}],"author":"Diario1 Diario1","twitter_card":"summary_large_image","twitter_creator":"@eltextual","twitter_site":"@eltextual","twitter_misc":{"Escrito por":"Diario1 Diario1","Tiempo de lectura":"3 minutos"},"schema":{"@context":"https:\/\/schema.org","@graph":[{"@type":"Article","@id":"https:\/\/diariotextual.com\/inicio\/index.php\/2023\/07\/25\/gerardo-morales-en-la-pampa-necesitamos-un-gobierno-federal\/#article","isPartOf":{"@id":"https:\/\/diariotextual.com\/inicio\/index.php\/2023\/07\/25\/gerardo-morales-en-la-pampa-necesitamos-un-gobierno-federal\/"},"author":{"name":"Diario1 Diario1","@id":"https:\/\/diariotextual.com\/inicio\/#\/schema\/person\/418fc4093c33e86ed41562db3508f958"},"headline":"Gerardo Morales, en La Pampa: \u201cNecesitamos un gobierno federal\u201d","datePublished":"2023-07-25T19:51:46+00:00","dateModified":"2023-07-26T14:25:59+00:00","mainEntityOfPage":{"@id":"https:\/\/diariotextual.com\/inicio\/index.php\/2023\/07\/25\/gerardo-morales-en-la-pampa-necesitamos-un-gobierno-federal\/"},"wordCount":467,"publisher":{"@id":"https:\/\/diariotextual.com\/inicio\/#organization"},"image":{"@id":"https:\/\/diariotextual.com\/inicio\/index.php\/2023\/07\/25\/gerardo-morales-en-la-pampa-necesitamos-un-gobierno-federal\/#primaryimage"},"thumbnailUrl":"https:\/\/diariotextual.com\/inicio\/wp-content\/uploads\/2023\/07\/moralesgerardotorrobaardohain2023-1.jpg","articleSection":["A - ES NOTICIA (van abajo)","A - QUE PASA (al costado)","POLITICA"],"inLanguage":"es"},{"@type":"WebPage","@id":"https:\/\/diariotextual.com\/inicio\/index.php\/2023\/07\/25\/gerardo-morales-en-la-pampa-necesitamos-un-gobierno-federal\/","url":"https:\/\/diariotextual.com\/inicio\/index.php\/2023\/07\/25\/gerardo-morales-en-la-pampa-necesitamos-un-gobierno-federal\/","name":"Gerardo Morales, en La Pampa: \u201cNecesitamos un gobierno federal\u201d - Diario Textual","isPartOf":{"@id":"https:\/\/diariotextual.com\/inicio\/#website"},"primaryImageOfPage":{"@id":"https:\/\/diariotextual.com\/inicio\/index.php\/2023\/07\/25\/gerardo-morales-en-la-pampa-necesitamos-un-gobierno-federal\/#primaryimage"},"image":{"@id":"https:\/\/diariotextual.com\/inicio\/index.php\/2023\/07\/25\/gerardo-morales-en-la-pampa-necesitamos-un-gobierno-federal\/#primaryimage"},"thumbnailUrl":"https:\/\/diariotextual.com\/inicio\/wp-content\/uploads\/2023\/07\/moralesgerardotorrobaardohain2023-1.jpg","datePublished":"2023-07-25T19:51:46+00:00","dateModified":"2023-07-26T14:25:59+00:00","breadcrumb":{"@id":"https:\/\/diariotextual.com\/inicio\/index.php\/2023\/07\/25\/gerardo-morales-en-la-pampa-necesitamos-un-gobierno-federal\/#breadcrumb"},"inLanguage":"es","potentialAction":[{"@type":"ReadAction","target":["https:\/\/diariotextual.com\/inicio\/index.php\/2023\/07\/25\/gerardo-morales-en-la-pampa-necesitamos-un-gobierno-federal\/"]}]},{"@type":"ImageObject","inLanguage":"es","@id":"https:\/\/diariotextual.com\/inicio\/index.php\/2023\/07\/25\/gerardo-morales-en-la-pampa-necesitamos-un-gobierno-federal\/#primaryimage","url":"https:\/\/diariotextual.com\/inicio\/wp-content\/uploads\/2023\/07\/moralesgerardotorrobaardohain2023-1.jpg","contentUrl":"https:\/\/diariotextual.com\/inicio\/wp-content\/uploads\/2023\/07\/moralesgerardotorrobaardohain2023-1.jpg","width":1280,"height":852},{"@type":"BreadcrumbList","@id":"https:\/\/diariotextual.com\/inicio\/index.php\/2023\/07\/25\/gerardo-morales-en-la-pampa-necesitamos-un-gobierno-federal\/#breadcrumb","itemListElement":[{"@type":"ListItem","position":1,"name":"Portada","item":"https:\/\/diariotextual.com\/inicio\/"},{"@type":"ListItem","position":2,"name":"Gerardo Morales, en La Pampa: \u201cNecesitamos un gobierno federal\u201d"}]},{"@type":"WebSite","@id":"https:\/\/diariotextual.com\/inicio\/#website","url":"https:\/\/diariotextual.com\/inicio\/","name":"Diario Textual","description":"","publisher":{"@id":"https:\/\/diariotextual.com\/inicio\/#organization"},"potentialAction":[{"@type":"SearchAction","target":{"@type":"EntryPoint","urlTemplate":"https:\/\/diariotextual.com\/inicio\/?s={search_term_string}"},"query-input":{"@type":"PropertyValueSpecification","valueRequired":true,"valueName":"search_term_string"}}],"inLanguage":"es"},{"@type":"Organization","@id":"https:\/\/diariotextual.com\/inicio\/#organization","name":"Diario Textual","url":"https:\/\/diariotextual.com\/inicio\/","logo":{"@type":"ImageObject","inLanguage":"es","@id":"https:\/\/diariotextual.com\/inicio\/#\/schema\/logo\/image\/","url":"https:\/\/diariotextual.com\/inicio\/wp-content\/uploads\/2023\/05\/logotextual1.jpg","contentUrl":"https:\/\/diariotextual.com\/inicio\/wp-content\/uploads\/2023\/05\/logotextual1.jpg","width":516,"height":76,"caption":"Diario Textual"},"image":{"@id":"https:\/\/diariotextual.com\/inicio\/#\/schema\/logo\/image\/"},"sameAs":["https:\/\/www.facebook.com\/eltextual","https:\/\/x.com\/eltextual","http:\/\/www.instagram.com\/eltextual"]},{"@type":"Person","@id":"https:\/\/diariotextual.com\/inicio\/#\/schema\/person\/418fc4093c33e86ed41562db3508f958","name":"Diario1 Diario1","image":{"@type":"ImageObject","inLanguage":"es","@id":"https:\/\/secure.gravatar.com\/avatar\/9167d280179c85bc18be67aa7eda765854300033af4896dd779b608640f2ef7a?s=96&d=mm&r=g","url":"https:\/\/secure.gravatar.com\/avatar\/9167d280179c85bc18be67aa7eda765854300033af4896dd779b608640f2ef7a?s=96&d=mm&r=g","contentUrl":"https:\/\/secure.gravatar.com\/avatar\/9167d280179c85bc18be67aa7eda765854300033af4896dd779b608640f2ef7a?s=96&d=mm&r=g","caption":"Diario1 Diario1"},"url":"https:\/\/diariotextual.com\/inicio\/index.php\/author\/diario1\/"}]}},"_links":{"self":[{"href":"https:\/\/diariotextual.com\/inicio\/index.php\/wp-json\/wp\/v2\/posts\/231786","targetHints":{"allow":["GET"]}}],"collection":[{"href":"https:\/\/diariotextual.com\/inicio\/index.php\/wp-json\/wp\/v2\/posts"}],"about":[{"href":"https:\/\/diariotextual.com\/inicio\/index.php\/wp-json\/wp\/v2\/types\/post"}],"author":[{"embeddable":true,"href":"https:\/\/diariotextual.com\/inicio\/index.php\/wp-json\/wp\/v2\/users\/3"}],"replies":[{"embeddable":true,"href":"https:\/\/diariotextual.com\/inicio\/index.php\/wp-json\/wp\/v2\/comments?post=231786"}],"version-history":[{"count":9,"href":"https:\/\/diariotextual.com\/inicio\/index.php\/wp-json\/wp\/v2\/posts\/231786\/revisions"}],"predecessor-version":[{"id":231799,"href":"https:\/\/diariotextual.com\/inicio\/index.php\/wp-json\/wp\/v2\/posts\/231786\/revisions\/231799"}],"wp:featuredmedia":[{"embeddable":true,"href":"https:\/\/diariotextual.com\/inicio\/index.php\/wp-json\/wp\/v2\/media\/231791"}],"wp:attachment":[{"href":"https:\/\/diariotextual.com\/inicio\/index.php\/wp-json\/wp\/v2\/media?parent=231786"}],"wp:term":[{"taxonomy":"category","embeddable":true,"href":"https:\/\/diariotextual.com\/inicio\/index.php\/wp-json\/wp\/v2\/categories?post=231786"},{"taxonomy":"post_tag","embeddable":true,"href":"https:\/\/diariotextual.com\/inicio\/index.php\/wp-json\/wp\/v2\/tags?post=231786"}],"curies":[{"name":"wp","href":"https:\/\/api.w.org\/{rel}","templated":true}]}}