{"id":231805,"date":"2023-07-25T18:15:07","date_gmt":"2023-07-25T21:15:07","guid":{"rendered":"https:\/\/diariotextual.com\/inicio\/?p=231805"},"modified":"2023-07-25T18:15:09","modified_gmt":"2023-07-25T21:15:09","slug":"soy-de-la-agro-anuncian-tercera-edicion-de-concurso-estudiantil","status":"publish","type":"post","link":"https:\/\/diariotextual.com\/inicio\/index.php\/2023\/07\/25\/soy-de-la-agro-anuncian-tercera-edicion-de-concurso-estudiantil\/","title":{"rendered":"\u201cSoy de la Agro\u201d: anuncian tercera edici\u00f3n de concurso estudiantil"},"content":{"rendered":"\n<p>El Ministerio de Educaci\u00f3n de La Pampa -a trav\u00e9s de la Subsecretar\u00eda de Educaci\u00f3n T\u00e9cnico Profesional- anunci\u00f3 la tercera edici\u00f3n de concurso estudiantil \u201cSoy de la Agro\u201d. La convocatoria se enmarca en los 140 a\u00f1os de la ense\u00f1anza agropecuaria en la Argentina que se celebrar\u00e1 el pr\u00f3ximo 6 de agosto.<\/p>\n\n\n\n<p>El concurso busca recuperar las innumerables experiencias de docentes y estudiantes en las categor\u00edas del Ciclo B\u00e1sico (1\u00b0, 2\u00b0 y 3\u00b0 a\u00f1o), del Ciclo Orientado (4\u00b0, 5\u00b0 y 6\u00b0 a\u00f1o) y Pr\u00e1cticas Profesionalizantes (7\u00b0 a\u00f1o), Habilidades Verdes y Perspectiva de G\u00e9nero. La participaci\u00f3n debe ser en parejas o en grupos de hasta 3 integrantes. En el caso de la categor\u00eda Logo del concurso se podr\u00e1 presentar s\u00f3lo un trabajo por escuela.<\/p>\n\n\n\n<p>El 1 de septiembre finaliza el per\u00edodo de recepci\u00f3n de trabajos participantes. Ante dudas o consultas, pueden comunicarse al correo electr\u00f3nico concursoagrolapampa@gmail.com\u00a0<\/p>\n\n\n\n<p>Las bases y condiciones pod\u00e9s lleelas ac\u00e1: \u00a0<a href=\"https:\/\/sitio.lapampa.edu.ar\/index.php\/unidades-de-organizacion\/ministerio-de-educacion\/subsecretaria-de-educacion-tecnico-profesional\/concurso-agro\" target=\"_blank\" rel=\"noreferrer noopener\">https:\/\/sitio.lapampa.edu.ar\/index.php\/unidades-de-organizacion\/ministerio-de-educacion\/subsecretaria-de-educacion-tecnico-profesional\/concurso-agro\u00a0<\/a><\/p>\n","protected":false},"excerpt":{"rendered":"<p>El Ministerio de Educaci\u00f3n de La Pampa -a trav\u00e9s de la Subsecretar\u00eda de Educaci\u00f3n T\u00e9cnico Profesional- anunci\u00f3 la tercera edici\u00f3n de concurso estudiantil \u201cSoy de la Agro\u201d. La convocatoria se&hellip;<\/p>\n","protected":false},"author":4,"featured_media":4548,"comment_status":"closed","ping_status":"open","sticky":false,"template":"","format":"standard","meta":{"_acf_changed":false,"footnotes":""},"categories":[1,20],"tags":[],"class_list":["post-231805","post","type-post","status-publish","format-standard","has-post-thumbnail","hentry","category-es-noticia","category-campo"],"acf":[],"yoast_head":"<!-- This site is optimized with the Yoast SEO plugin v27.5 - https:\/\/yoast.com\/product\/yoast-seo-wordpress\/ -->\n<title>\u201cSoy de la Agro\u201d: anuncian tercera edici\u00f3n de concurso estudiantil - Diario Textual<\/title>\n<meta name=\"robots\" content=\"index, follow, max-snippet:-1, max-image-preview:large, max-video-preview:-1\" \/>\n<link rel=\"canonical\" href=\"https:\/\/diariotextual.com\/inicio\/index.php\/2023\/07\/25\/soy-de-la-agro-anuncian-tercera-edicion-de-concurso-estudiantil\/\" \/>\n<meta property=\"og:locale\" content=\"es_ES\" \/>\n<meta property=\"og:type\" content=\"article\" \/>\n<meta property=\"og:title\" content=\"\u201cSoy de la Agro\u201d: anuncian tercera edici\u00f3n de concurso estudiantil - Diario Textual\" \/>\n<meta property=\"og:description\" content=\"El Ministerio de Educaci\u00f3n de La Pampa -a trav\u00e9s de la Subsecretar\u00eda de Educaci\u00f3n T\u00e9cnico Profesional- anunci\u00f3 la tercera edici\u00f3n de concurso estudiantil \u201cSoy de la Agro\u201d. La convocatoria se&hellip;\" \/>\n<meta property=\"og:url\" content=\"https:\/\/diariotextual.com\/inicio\/index.php\/2023\/07\/25\/soy-de-la-agro-anuncian-tercera-edicion-de-concurso-estudiantil\/\" \/>\n<meta property=\"og:site_name\" content=\"Diario Textual\" \/>\n<meta property=\"article:publisher\" content=\"https:\/\/www.facebook.com\/eltextual\" \/>\n<meta property=\"article:published_time\" content=\"2023-07-25T21:15:07+00:00\" \/>\n<meta property=\"article:modified_time\" content=\"2023-07-25T21:15:09+00:00\" \/>\n<meta property=\"og:image\" content=\"https:\/\/diariotextual.com\/inicio\/wp-content\/uploads\/2018\/04\/fotografia355.jpg\" \/>\n\t<meta property=\"og:image:width\" content=\"663\" \/>\n\t<meta property=\"og:image:height\" content=\"398\" \/>\n\t<meta property=\"og:image:type\" content=\"image\/jpeg\" \/>\n<meta name=\"author\" content=\"diario2\" \/>\n<meta name=\"twitter:card\" content=\"summary_large_image\" \/>\n<meta name=\"twitter:creator\" content=\"@eltextual\" \/>\n<meta name=\"twitter:site\" content=\"@eltextual\" \/>\n<meta name=\"twitter:label1\" content=\"Escrito por\" \/>\n\t<meta name=\"twitter:data1\" content=\"diario2\" \/>\n\t<meta name=\"twitter:label2\" content=\"Tiempo de lectura\" \/>\n\t<meta name=\"twitter:data2\" content=\"1 minuto\" \/>\n<script type=\"application\/ld+json\" class=\"yoast-schema-graph\">{\"@context\":\"https:\\\/\\\/schema.org\",\"@graph\":[{\"@type\":\"Article\",\"@id\":\"https:\\\/\\\/diariotextual.com\\\/inicio\\\/index.php\\\/2023\\\/07\\\/25\\\/soy-de-la-agro-anuncian-tercera-edicion-de-concurso-estudiantil\\\/#article\",\"isPartOf\":{\"@id\":\"https:\\\/\\\/diariotextual.com\\\/inicio\\\/index.php\\\/2023\\\/07\\\/25\\\/soy-de-la-agro-anuncian-tercera-edicion-de-concurso-estudiantil\\\/\"},\"author\":{\"name\":\"diario2\",\"@id\":\"https:\\\/\\\/diariotextual.com\\\/inicio\\\/#\\\/schema\\\/person\\\/694f60677f23c4a530867a98f22b3768\"},\"headline\":\"\u201cSoy de la Agro\u201d: anuncian tercera edici\u00f3n de concurso estudiantil\",\"datePublished\":\"2023-07-25T21:15:07+00:00\",\"dateModified\":\"2023-07-25T21:15:09+00:00\",\"mainEntityOfPage\":{\"@id\":\"https:\\\/\\\/diariotextual.com\\\/inicio\\\/index.php\\\/2023\\\/07\\\/25\\\/soy-de-la-agro-anuncian-tercera-edicion-de-concurso-estudiantil\\\/\"},\"wordCount\":186,\"publisher\":{\"@id\":\"https:\\\/\\\/diariotextual.com\\\/inicio\\\/#organization\"},\"image\":{\"@id\":\"https:\\\/\\\/diariotextual.com\\\/inicio\\\/index.php\\\/2023\\\/07\\\/25\\\/soy-de-la-agro-anuncian-tercera-edicion-de-concurso-estudiantil\\\/#primaryimage\"},\"thumbnailUrl\":\"https:\\\/\\\/diariotextual.com\\\/inicio\\\/wp-content\\\/uploads\\\/2018\\\/04\\\/fotografia355.jpg\",\"articleSection\":[\"A - ES NOTICIA (van abajo)\",\"CAMPO\"],\"inLanguage\":\"es\"},{\"@type\":\"WebPage\",\"@id\":\"https:\\\/\\\/diariotextual.com\\\/inicio\\\/index.php\\\/2023\\\/07\\\/25\\\/soy-de-la-agro-anuncian-tercera-edicion-de-concurso-estudiantil\\\/\",\"url\":\"https:\\\/\\\/diariotextual.com\\\/inicio\\\/index.php\\\/2023\\\/07\\\/25\\\/soy-de-la-agro-anuncian-tercera-edicion-de-concurso-estudiantil\\\/\",\"name\":\"\u201cSoy de la Agro\u201d: anuncian tercera edici\u00f3n de concurso estudiantil - Diario Textual\",\"isPartOf\":{\"@id\":\"https:\\\/\\\/diariotextual.com\\\/inicio\\\/#website\"},\"primaryImageOfPage\":{\"@id\":\"https:\\\/\\\/diariotextual.com\\\/inicio\\\/index.php\\\/2023\\\/07\\\/25\\\/soy-de-la-agro-anuncian-tercera-edicion-de-concurso-estudiantil\\\/#primaryimage\"},\"image\":{\"@id\":\"https:\\\/\\\/diariotextual.com\\\/inicio\\\/index.php\\\/2023\\\/07\\\/25\\\/soy-de-la-agro-anuncian-tercera-edicion-de-concurso-estudiantil\\\/#primaryimage\"},\"thumbnailUrl\":\"https:\\\/\\\/diariotextual.com\\\/inicio\\\/wp-content\\\/uploads\\\/2018\\\/04\\\/fotografia355.jpg\",\"datePublished\":\"2023-07-25T21:15:07+00:00\",\"dateModified\":\"2023-07-25T21:15:09+00:00\",\"breadcrumb\":{\"@id\":\"https:\\\/\\\/diariotextual.com\\\/inicio\\\/index.php\\\/2023\\\/07\\\/25\\\/soy-de-la-agro-anuncian-tercera-edicion-de-concurso-estudiantil\\\/#breadcrumb\"},\"inLanguage\":\"es\",\"potentialAction\":[{\"@type\":\"ReadAction\",\"target\":[\"https:\\\/\\\/diariotextual.com\\\/inicio\\\/index.php\\\/2023\\\/07\\\/25\\\/soy-de-la-agro-anuncian-tercera-edicion-de-concurso-estudiantil\\\/\"]}]},{\"@type\":\"ImageObject\",\"inLanguage\":\"es\",\"@id\":\"https:\\\/\\\/diariotextual.com\\\/inicio\\\/index.php\\\/2023\\\/07\\\/25\\\/soy-de-la-agro-anuncian-tercera-edicion-de-concurso-estudiantil\\\/#primaryimage\",\"url\":\"https:\\\/\\\/diariotextual.com\\\/inicio\\\/wp-content\\\/uploads\\\/2018\\\/04\\\/fotografia355.jpg\",\"contentUrl\":\"https:\\\/\\\/diariotextual.com\\\/inicio\\\/wp-content\\\/uploads\\\/2018\\\/04\\\/fotografia355.jpg\",\"width\":663,\"height\":398},{\"@type\":\"BreadcrumbList\",\"@id\":\"https:\\\/\\\/diariotextual.com\\\/inicio\\\/index.php\\\/2023\\\/07\\\/25\\\/soy-de-la-agro-anuncian-tercera-edicion-de-concurso-estudiantil\\\/#breadcrumb\",\"itemListElement\":[{\"@type\":\"ListItem\",\"position\":1,\"name\":\"Portada\",\"item\":\"https:\\\/\\\/diariotextual.com\\\/inicio\\\/\"},{\"@type\":\"ListItem\",\"position\":2,\"name\":\"\u201cSoy de la Agro\u201d: anuncian tercera edici\u00f3n de concurso estudiantil\"}]},{\"@type\":\"WebSite\",\"@id\":\"https:\\\/\\\/diariotextual.com\\\/inicio\\\/#website\",\"url\":\"https:\\\/\\\/diariotextual.com\\\/inicio\\\/\",\"name\":\"Diario Textual\",\"description\":\"\",\"publisher\":{\"@id\":\"https:\\\/\\\/diariotextual.com\\\/inicio\\\/#organization\"},\"potentialAction\":[{\"@type\":\"SearchAction\",\"target\":{\"@type\":\"EntryPoint\",\"urlTemplate\":\"https:\\\/\\\/diariotextual.com\\\/inicio\\\/?s={search_term_string}\"},\"query-input\":{\"@type\":\"PropertyValueSpecification\",\"valueRequired\":true,\"valueName\":\"search_term_string\"}}],\"inLanguage\":\"es\"},{\"@type\":\"Organization\",\"@id\":\"https:\\\/\\\/diariotextual.com\\\/inicio\\\/#organization\",\"name\":\"Diario Textual\",\"url\":\"https:\\\/\\\/diariotextual.com\\\/inicio\\\/\",\"logo\":{\"@type\":\"ImageObject\",\"inLanguage\":\"es\",\"@id\":\"https:\\\/\\\/diariotextual.com\\\/inicio\\\/#\\\/schema\\\/logo\\\/image\\\/\",\"url\":\"https:\\\/\\\/diariotextual.com\\\/inicio\\\/wp-content\\\/uploads\\\/2023\\\/05\\\/logotextual1.jpg\",\"contentUrl\":\"https:\\\/\\\/diariotextual.com\\\/inicio\\\/wp-content\\\/uploads\\\/2023\\\/05\\\/logotextual1.jpg\",\"width\":516,\"height\":76,\"caption\":\"Diario Textual\"},\"image\":{\"@id\":\"https:\\\/\\\/diariotextual.com\\\/inicio\\\/#\\\/schema\\\/logo\\\/image\\\/\"},\"sameAs\":[\"https:\\\/\\\/www.facebook.com\\\/eltextual\",\"https:\\\/\\\/x.com\\\/eltextual\",\"http:\\\/\\\/www.instagram.com\\\/eltextual\"]},{\"@type\":\"Person\",\"@id\":\"https:\\\/\\\/diariotextual.com\\\/inicio\\\/#\\\/schema\\\/person\\\/694f60677f23c4a530867a98f22b3768\",\"name\":\"diario2\",\"image\":{\"@type\":\"ImageObject\",\"inLanguage\":\"es\",\"@id\":\"https:\\\/\\\/secure.gravatar.com\\\/avatar\\\/5a2567495ba16b852fcd8f1ed006a2e24fcace936018ed8237e95f488ad6e0a7?s=96&d=mm&r=g\",\"url\":\"https:\\\/\\\/secure.gravatar.com\\\/avatar\\\/5a2567495ba16b852fcd8f1ed006a2e24fcace936018ed8237e95f488ad6e0a7?s=96&d=mm&r=g\",\"contentUrl\":\"https:\\\/\\\/secure.gravatar.com\\\/avatar\\\/5a2567495ba16b852fcd8f1ed006a2e24fcace936018ed8237e95f488ad6e0a7?s=96&d=mm&r=g\",\"caption\":\"diario2\"},\"url\":\"https:\\\/\\\/diariotextual.com\\\/inicio\\\/index.php\\\/author\\\/diario2\\\/\"}]}<\/script>\n<!-- \/ Yoast SEO plugin. -->","yoast_head_json":{"title":"\u201cSoy de la Agro\u201d: anuncian tercera edici\u00f3n de concurso estudiantil - Diario Textual","robots":{"index":"index","follow":"follow","max-snippet":"max-snippet:-1","max-image-preview":"max-image-preview:large","max-video-preview":"max-video-preview:-1"},"canonical":"https:\/\/diariotextual.com\/inicio\/index.php\/2023\/07\/25\/soy-de-la-agro-anuncian-tercera-edicion-de-concurso-estudiantil\/","og_locale":"es_ES","og_type":"article","og_title":"\u201cSoy de la Agro\u201d: anuncian tercera edici\u00f3n de concurso estudiantil - Diario Textual","og_description":"El Ministerio de Educaci\u00f3n de La Pampa -a trav\u00e9s de la Subsecretar\u00eda de Educaci\u00f3n T\u00e9cnico Profesional- anunci\u00f3 la tercera edici\u00f3n de concurso estudiantil \u201cSoy de la Agro\u201d. La convocatoria se&hellip;","og_url":"https:\/\/diariotextual.com\/inicio\/index.php\/2023\/07\/25\/soy-de-la-agro-anuncian-tercera-edicion-de-concurso-estudiantil\/","og_site_name":"Diario Textual","article_publisher":"https:\/\/www.facebook.com\/eltextual","article_published_time":"2023-07-25T21:15:07+00:00","article_modified_time":"2023-07-25T21:15:09+00:00","og_image":[{"width":663,"height":398,"url":"https:\/\/diariotextual.com\/inicio\/wp-content\/uploads\/2018\/04\/fotografia355.jpg","type":"image\/jpeg"}],"author":"diario2","twitter_card":"summary_large_image","twitter_creator":"@eltextual","twitter_site":"@eltextual","twitter_misc":{"Escrito por":"diario2","Tiempo de lectura":"1 minuto"},"schema":{"@context":"https:\/\/schema.org","@graph":[{"@type":"Article","@id":"https:\/\/diariotextual.com\/inicio\/index.php\/2023\/07\/25\/soy-de-la-agro-anuncian-tercera-edicion-de-concurso-estudiantil\/#article","isPartOf":{"@id":"https:\/\/diariotextual.com\/inicio\/index.php\/2023\/07\/25\/soy-de-la-agro-anuncian-tercera-edicion-de-concurso-estudiantil\/"},"author":{"name":"diario2","@id":"https:\/\/diariotextual.com\/inicio\/#\/schema\/person\/694f60677f23c4a530867a98f22b3768"},"headline":"\u201cSoy de la Agro\u201d: anuncian tercera edici\u00f3n de concurso estudiantil","datePublished":"2023-07-25T21:15:07+00:00","dateModified":"2023-07-25T21:15:09+00:00","mainEntityOfPage":{"@id":"https:\/\/diariotextual.com\/inicio\/index.php\/2023\/07\/25\/soy-de-la-agro-anuncian-tercera-edicion-de-concurso-estudiantil\/"},"wordCount":186,"publisher":{"@id":"https:\/\/diariotextual.com\/inicio\/#organization"},"image":{"@id":"https:\/\/diariotextual.com\/inicio\/index.php\/2023\/07\/25\/soy-de-la-agro-anuncian-tercera-edicion-de-concurso-estudiantil\/#primaryimage"},"thumbnailUrl":"https:\/\/diariotextual.com\/inicio\/wp-content\/uploads\/2018\/04\/fotografia355.jpg","articleSection":["A - ES NOTICIA (van abajo)","CAMPO"],"inLanguage":"es"},{"@type":"WebPage","@id":"https:\/\/diariotextual.com\/inicio\/index.php\/2023\/07\/25\/soy-de-la-agro-anuncian-tercera-edicion-de-concurso-estudiantil\/","url":"https:\/\/diariotextual.com\/inicio\/index.php\/2023\/07\/25\/soy-de-la-agro-anuncian-tercera-edicion-de-concurso-estudiantil\/","name":"\u201cSoy de la Agro\u201d: anuncian tercera edici\u00f3n de concurso estudiantil - Diario Textual","isPartOf":{"@id":"https:\/\/diariotextual.com\/inicio\/#website"},"primaryImageOfPage":{"@id":"https:\/\/diariotextual.com\/inicio\/index.php\/2023\/07\/25\/soy-de-la-agro-anuncian-tercera-edicion-de-concurso-estudiantil\/#primaryimage"},"image":{"@id":"https:\/\/diariotextual.com\/inicio\/index.php\/2023\/07\/25\/soy-de-la-agro-anuncian-tercera-edicion-de-concurso-estudiantil\/#primaryimage"},"thumbnailUrl":"https:\/\/diariotextual.com\/inicio\/wp-content\/uploads\/2018\/04\/fotografia355.jpg","datePublished":"2023-07-25T21:15:07+00:00","dateModified":"2023-07-25T21:15:09+00:00","breadcrumb":{"@id":"https:\/\/diariotextual.com\/inicio\/index.php\/2023\/07\/25\/soy-de-la-agro-anuncian-tercera-edicion-de-concurso-estudiantil\/#breadcrumb"},"inLanguage":"es","potentialAction":[{"@type":"ReadAction","target":["https:\/\/diariotextual.com\/inicio\/index.php\/2023\/07\/25\/soy-de-la-agro-anuncian-tercera-edicion-de-concurso-estudiantil\/"]}]},{"@type":"ImageObject","inLanguage":"es","@id":"https:\/\/diariotextual.com\/inicio\/index.php\/2023\/07\/25\/soy-de-la-agro-anuncian-tercera-edicion-de-concurso-estudiantil\/#primaryimage","url":"https:\/\/diariotextual.com\/inicio\/wp-content\/uploads\/2018\/04\/fotografia355.jpg","contentUrl":"https:\/\/diariotextual.com\/inicio\/wp-content\/uploads\/2018\/04\/fotografia355.jpg","width":663,"height":398},{"@type":"BreadcrumbList","@id":"https:\/\/diariotextual.com\/inicio\/index.php\/2023\/07\/25\/soy-de-la-agro-anuncian-tercera-edicion-de-concurso-estudiantil\/#breadcrumb","itemListElement":[{"@type":"ListItem","position":1,"name":"Portada","item":"https:\/\/diariotextual.com\/inicio\/"},{"@type":"ListItem","position":2,"name":"\u201cSoy de la Agro\u201d: anuncian tercera edici\u00f3n de concurso estudiantil"}]},{"@type":"WebSite","@id":"https:\/\/diariotextual.com\/inicio\/#website","url":"https:\/\/diariotextual.com\/inicio\/","name":"Diario Textual","description":"","publisher":{"@id":"https:\/\/diariotextual.com\/inicio\/#organization"},"potentialAction":[{"@type":"SearchAction","target":{"@type":"EntryPoint","urlTemplate":"https:\/\/diariotextual.com\/inicio\/?s={search_term_string}"},"query-input":{"@type":"PropertyValueSpecification","valueRequired":true,"valueName":"search_term_string"}}],"inLanguage":"es"},{"@type":"Organization","@id":"https:\/\/diariotextual.com\/inicio\/#organization","name":"Diario Textual","url":"https:\/\/diariotextual.com\/inicio\/","logo":{"@type":"ImageObject","inLanguage":"es","@id":"https:\/\/diariotextual.com\/inicio\/#\/schema\/logo\/image\/","url":"https:\/\/diariotextual.com\/inicio\/wp-content\/uploads\/2023\/05\/logotextual1.jpg","contentUrl":"https:\/\/diariotextual.com\/inicio\/wp-content\/uploads\/2023\/05\/logotextual1.jpg","width":516,"height":76,"caption":"Diario Textual"},"image":{"@id":"https:\/\/diariotextual.com\/inicio\/#\/schema\/logo\/image\/"},"sameAs":["https:\/\/www.facebook.com\/eltextual","https:\/\/x.com\/eltextual","http:\/\/www.instagram.com\/eltextual"]},{"@type":"Person","@id":"https:\/\/diariotextual.com\/inicio\/#\/schema\/person\/694f60677f23c4a530867a98f22b3768","name":"diario2","image":{"@type":"ImageObject","inLanguage":"es","@id":"https:\/\/secure.gravatar.com\/avatar\/5a2567495ba16b852fcd8f1ed006a2e24fcace936018ed8237e95f488ad6e0a7?s=96&d=mm&r=g","url":"https:\/\/secure.gravatar.com\/avatar\/5a2567495ba16b852fcd8f1ed006a2e24fcace936018ed8237e95f488ad6e0a7?s=96&d=mm&r=g","contentUrl":"https:\/\/secure.gravatar.com\/avatar\/5a2567495ba16b852fcd8f1ed006a2e24fcace936018ed8237e95f488ad6e0a7?s=96&d=mm&r=g","caption":"diario2"},"url":"https:\/\/diariotextual.com\/inicio\/index.php\/author\/diario2\/"}]}},"_links":{"self":[{"href":"https:\/\/diariotextual.com\/inicio\/index.php\/wp-json\/wp\/v2\/posts\/231805","targetHints":{"allow":["GET"]}}],"collection":[{"href":"https:\/\/diariotextual.com\/inicio\/index.php\/wp-json\/wp\/v2\/posts"}],"about":[{"href":"https:\/\/diariotextual.com\/inicio\/index.php\/wp-json\/wp\/v2\/types\/post"}],"author":[{"embeddable":true,"href":"https:\/\/diariotextual.com\/inicio\/index.php\/wp-json\/wp\/v2\/users\/4"}],"replies":[{"embeddable":true,"href":"https:\/\/diariotextual.com\/inicio\/index.php\/wp-json\/wp\/v2\/comments?post=231805"}],"version-history":[{"count":1,"href":"https:\/\/diariotextual.com\/inicio\/index.php\/wp-json\/wp\/v2\/posts\/231805\/revisions"}],"predecessor-version":[{"id":231811,"href":"https:\/\/diariotextual.com\/inicio\/index.php\/wp-json\/wp\/v2\/posts\/231805\/revisions\/231811"}],"wp:featuredmedia":[{"embeddable":true,"href":"https:\/\/diariotextual.com\/inicio\/index.php\/wp-json\/wp\/v2\/media\/4548"}],"wp:attachment":[{"href":"https:\/\/diariotextual.com\/inicio\/index.php\/wp-json\/wp\/v2\/media?parent=231805"}],"wp:term":[{"taxonomy":"category","embeddable":true,"href":"https:\/\/diariotextual.com\/inicio\/index.php\/wp-json\/wp\/v2\/categories?post=231805"},{"taxonomy":"post_tag","embeddable":true,"href":"https:\/\/diariotextual.com\/inicio\/index.php\/wp-json\/wp\/v2\/tags?post=231805"}],"curies":[{"name":"wp","href":"https:\/\/api.w.org\/{rel}","templated":true}]}}