{"id":231823,"date":"2023-07-25T20:08:07","date_gmt":"2023-07-25T23:08:07","guid":{"rendered":"https:\/\/diariotextual.com\/inicio\/?p=231823"},"modified":"2023-07-26T11:25:45","modified_gmt":"2023-07-26T14:25:45","slug":"violencia-de-genero-municipios-pampeanos-incorporan-sistema-integrado","status":"publish","type":"post","link":"https:\/\/diariotextual.com\/inicio\/index.php\/2023\/07\/25\/violencia-de-genero-municipios-pampeanos-incorporan-sistema-integrado\/","title":{"rendered":"Violencia de G\u00e9nero: municipios pampeanos incorporan sistema integrado"},"content":{"rendered":"\n<p>Integrantes de la Secretar\u00eda de la Mujer, G\u00e9neros y Diversidad de Naci\u00f3n desarrollaron esta ma\u00f1ana una reuni\u00f3n para presentar el m\u00f3dulo federal del Sistema Integrado de Casos de Violencias por motivos de G\u00e9nero (SICVG).<\/p>\n\n\n\n<p>Este sistema es una herramienta, desarrollada por el Ministerio de las Mujeres, G\u00e9neros y Diversidad que tiene el objetivo de sistematizar y gestionar la informaci\u00f3n sobre violencia por motivos de g\u00e9nero que reciben los distintos organismos provinciales y nacionales y de diversas \u00e1reas como Salud, Seguridad, Justicia, entre otras, de todo el pa\u00eds.<\/p>\n\n\n\n<p>Por parte del Ministerio de las Mujeres, G\u00e9neros y Diversidad, Lorena Baraldini, directora t\u00e9cnica de Registros de Bases de Datos, y Candela Lepera fueron las encargadas de capacitar y comentar datos que se obtuvieron hasta el momento.<\/p>\n\n\n\n<p>La secretaria de la Mujer, G\u00e9neros y Diversidad de La Pampa, Liliana Robledo y el ministro de Seguridad, Horacio di N\u00e1poli participaron de la capacitaci\u00f3n.<\/p>\n\n\n\n<p>Robledo expres\u00f3 la alegr\u00eda de contar con las presencias de referentes pampeanos: \u201cConsideramos que esta herramienta es de uso fundamental. Solamente hay 10 municipios de nuestra Provincia que se encuentran cargando datos, por eso es de suma importancia que este n\u00famero aumente. Es muy valioso contar con toda la informaci\u00f3n en un mismo lugar: datos de la v\u00edctima y del victimario y determinar el nivel de riesgo que est\u00e1 corriendo la persona vulnerada. Se trata de agilizar el trabajo de cada organismo, no revictimizar y poder dar una respuesta a tiempo y de manera eficiente\u201d.<\/p>\n\n\n\n<p>Di N\u00e1poli insisti\u00f3 en la necesidad del compromiso de toda la sociedad con el fin de erradicar el flagelo de la violencia. Adem\u00e1s, hizo hincapi\u00e9 en el compromiso&nbsp; y en la necesidad de evitarle a la persona afectada la revictimizaci\u00f3n.<\/p>\n\n\n\n<p>Las referentes del MMGYD dieron un pantallazo del informe de 2022 y capacitaron a las y los referentes municipales, de salud y seguridad en cuanto a diversos aspectos a tener en cuenta para la carga de datos. La actividad se desarroll\u00f3 en el Centro Territorial Integral de Pol\u00edticas de G\u00e9nero y Diversidad recientemente inaugurado.<\/p>\n","protected":false},"excerpt":{"rendered":"<p>Integrantes de la Secretar\u00eda de la Mujer, G\u00e9neros y Diversidad de Naci\u00f3n desarrollaron esta ma\u00f1ana una reuni\u00f3n para presentar el m\u00f3dulo federal del Sistema Integrado de Casos de Violencias por&hellip;<\/p>\n","protected":false},"author":5,"featured_media":231824,"comment_status":"closed","ping_status":"open","sticky":false,"template":"","format":"standard","meta":{"_acf_changed":false,"footnotes":""},"categories":[1,11,12],"tags":[211],"class_list":["post-231823","post","type-post","status-publish","format-standard","has-post-thumbnail","hentry","category-es-noticia","category-que-pasa","category-sociedad","tag-violencia-de-genero"],"acf":[],"yoast_head":"<!-- This site is optimized with the Yoast SEO plugin v27.5 - https:\/\/yoast.com\/product\/yoast-seo-wordpress\/ -->\n<title>Violencia de G\u00e9nero: municipios pampeanos incorporan sistema integrado - Diario Textual<\/title>\n<meta name=\"robots\" content=\"index, follow, max-snippet:-1, max-image-preview:large, max-video-preview:-1\" \/>\n<link rel=\"canonical\" href=\"https:\/\/diariotextual.com\/inicio\/index.php\/2023\/07\/25\/violencia-de-genero-municipios-pampeanos-incorporan-sistema-integrado\/\" \/>\n<meta property=\"og:locale\" content=\"es_ES\" \/>\n<meta property=\"og:type\" content=\"article\" \/>\n<meta property=\"og:title\" content=\"Violencia de G\u00e9nero: municipios pampeanos incorporan sistema integrado - Diario Textual\" \/>\n<meta property=\"og:description\" content=\"Integrantes de la Secretar\u00eda de la Mujer, G\u00e9neros y Diversidad de Naci\u00f3n desarrollaron esta ma\u00f1ana una reuni\u00f3n para presentar el m\u00f3dulo federal del Sistema Integrado de Casos de Violencias por&hellip;\" \/>\n<meta property=\"og:url\" content=\"https:\/\/diariotextual.com\/inicio\/index.php\/2023\/07\/25\/violencia-de-genero-municipios-pampeanos-incorporan-sistema-integrado\/\" \/>\n<meta property=\"og:site_name\" content=\"Diario Textual\" \/>\n<meta property=\"article:publisher\" content=\"https:\/\/www.facebook.com\/eltextual\" \/>\n<meta property=\"article:published_time\" content=\"2023-07-25T23:08:07+00:00\" \/>\n<meta property=\"article:modified_time\" content=\"2023-07-26T14:25:45+00:00\" \/>\n<meta property=\"og:image\" content=\"https:\/\/diariotextual.com\/inicio\/wp-content\/uploads\/2023\/07\/RobledoDiNapoli2023.jpg\" \/>\n\t<meta property=\"og:image:width\" content=\"900\" \/>\n\t<meta property=\"og:image:height\" content=\"496\" \/>\n\t<meta property=\"og:image:type\" content=\"image\/jpeg\" \/>\n<meta name=\"author\" content=\"diario3\" \/>\n<meta name=\"twitter:card\" content=\"summary_large_image\" \/>\n<meta name=\"twitter:creator\" content=\"@eltextual\" \/>\n<meta name=\"twitter:site\" content=\"@eltextual\" \/>\n<meta name=\"twitter:label1\" content=\"Escrito por\" \/>\n\t<meta name=\"twitter:data1\" content=\"diario3\" \/>\n\t<meta name=\"twitter:label2\" content=\"Tiempo de lectura\" \/>\n\t<meta name=\"twitter:data2\" content=\"2 minutos\" \/>\n<script type=\"application\/ld+json\" class=\"yoast-schema-graph\">{\"@context\":\"https:\\\/\\\/schema.org\",\"@graph\":[{\"@type\":\"Article\",\"@id\":\"https:\\\/\\\/diariotextual.com\\\/inicio\\\/index.php\\\/2023\\\/07\\\/25\\\/violencia-de-genero-municipios-pampeanos-incorporan-sistema-integrado\\\/#article\",\"isPartOf\":{\"@id\":\"https:\\\/\\\/diariotextual.com\\\/inicio\\\/index.php\\\/2023\\\/07\\\/25\\\/violencia-de-genero-municipios-pampeanos-incorporan-sistema-integrado\\\/\"},\"author\":{\"name\":\"diario3\",\"@id\":\"https:\\\/\\\/diariotextual.com\\\/inicio\\\/#\\\/schema\\\/person\\\/a1b6f563e0ee944c60f98119389a4d9f\"},\"headline\":\"Violencia de G\u00e9nero: municipios pampeanos incorporan sistema integrado\",\"datePublished\":\"2023-07-25T23:08:07+00:00\",\"dateModified\":\"2023-07-26T14:25:45+00:00\",\"mainEntityOfPage\":{\"@id\":\"https:\\\/\\\/diariotextual.com\\\/inicio\\\/index.php\\\/2023\\\/07\\\/25\\\/violencia-de-genero-municipios-pampeanos-incorporan-sistema-integrado\\\/\"},\"wordCount\":371,\"publisher\":{\"@id\":\"https:\\\/\\\/diariotextual.com\\\/inicio\\\/#organization\"},\"image\":{\"@id\":\"https:\\\/\\\/diariotextual.com\\\/inicio\\\/index.php\\\/2023\\\/07\\\/25\\\/violencia-de-genero-municipios-pampeanos-incorporan-sistema-integrado\\\/#primaryimage\"},\"thumbnailUrl\":\"https:\\\/\\\/diariotextual.com\\\/inicio\\\/wp-content\\\/uploads\\\/2023\\\/07\\\/RobledoDiNapoli2023.jpg\",\"keywords\":[\"violencia de genero\"],\"articleSection\":[\"A - ES NOTICIA (van abajo)\",\"A - QUE PASA (al costado)\",\"SOCIEDAD\"],\"inLanguage\":\"es\"},{\"@type\":\"WebPage\",\"@id\":\"https:\\\/\\\/diariotextual.com\\\/inicio\\\/index.php\\\/2023\\\/07\\\/25\\\/violencia-de-genero-municipios-pampeanos-incorporan-sistema-integrado\\\/\",\"url\":\"https:\\\/\\\/diariotextual.com\\\/inicio\\\/index.php\\\/2023\\\/07\\\/25\\\/violencia-de-genero-municipios-pampeanos-incorporan-sistema-integrado\\\/\",\"name\":\"Violencia de G\u00e9nero: municipios pampeanos incorporan sistema integrado - Diario Textual\",\"isPartOf\":{\"@id\":\"https:\\\/\\\/diariotextual.com\\\/inicio\\\/#website\"},\"primaryImageOfPage\":{\"@id\":\"https:\\\/\\\/diariotextual.com\\\/inicio\\\/index.php\\\/2023\\\/07\\\/25\\\/violencia-de-genero-municipios-pampeanos-incorporan-sistema-integrado\\\/#primaryimage\"},\"image\":{\"@id\":\"https:\\\/\\\/diariotextual.com\\\/inicio\\\/index.php\\\/2023\\\/07\\\/25\\\/violencia-de-genero-municipios-pampeanos-incorporan-sistema-integrado\\\/#primaryimage\"},\"thumbnailUrl\":\"https:\\\/\\\/diariotextual.com\\\/inicio\\\/wp-content\\\/uploads\\\/2023\\\/07\\\/RobledoDiNapoli2023.jpg\",\"datePublished\":\"2023-07-25T23:08:07+00:00\",\"dateModified\":\"2023-07-26T14:25:45+00:00\",\"breadcrumb\":{\"@id\":\"https:\\\/\\\/diariotextual.com\\\/inicio\\\/index.php\\\/2023\\\/07\\\/25\\\/violencia-de-genero-municipios-pampeanos-incorporan-sistema-integrado\\\/#breadcrumb\"},\"inLanguage\":\"es\",\"potentialAction\":[{\"@type\":\"ReadAction\",\"target\":[\"https:\\\/\\\/diariotextual.com\\\/inicio\\\/index.php\\\/2023\\\/07\\\/25\\\/violencia-de-genero-municipios-pampeanos-incorporan-sistema-integrado\\\/\"]}]},{\"@type\":\"ImageObject\",\"inLanguage\":\"es\",\"@id\":\"https:\\\/\\\/diariotextual.com\\\/inicio\\\/index.php\\\/2023\\\/07\\\/25\\\/violencia-de-genero-municipios-pampeanos-incorporan-sistema-integrado\\\/#primaryimage\",\"url\":\"https:\\\/\\\/diariotextual.com\\\/inicio\\\/wp-content\\\/uploads\\\/2023\\\/07\\\/RobledoDiNapoli2023.jpg\",\"contentUrl\":\"https:\\\/\\\/diariotextual.com\\\/inicio\\\/wp-content\\\/uploads\\\/2023\\\/07\\\/RobledoDiNapoli2023.jpg\",\"width\":900,\"height\":496},{\"@type\":\"BreadcrumbList\",\"@id\":\"https:\\\/\\\/diariotextual.com\\\/inicio\\\/index.php\\\/2023\\\/07\\\/25\\\/violencia-de-genero-municipios-pampeanos-incorporan-sistema-integrado\\\/#breadcrumb\",\"itemListElement\":[{\"@type\":\"ListItem\",\"position\":1,\"name\":\"Portada\",\"item\":\"https:\\\/\\\/diariotextual.com\\\/inicio\\\/\"},{\"@type\":\"ListItem\",\"position\":2,\"name\":\"Violencia de G\u00e9nero: municipios pampeanos incorporan sistema integrado\"}]},{\"@type\":\"WebSite\",\"@id\":\"https:\\\/\\\/diariotextual.com\\\/inicio\\\/#website\",\"url\":\"https:\\\/\\\/diariotextual.com\\\/inicio\\\/\",\"name\":\"Diario Textual\",\"description\":\"\",\"publisher\":{\"@id\":\"https:\\\/\\\/diariotextual.com\\\/inicio\\\/#organization\"},\"potentialAction\":[{\"@type\":\"SearchAction\",\"target\":{\"@type\":\"EntryPoint\",\"urlTemplate\":\"https:\\\/\\\/diariotextual.com\\\/inicio\\\/?s={search_term_string}\"},\"query-input\":{\"@type\":\"PropertyValueSpecification\",\"valueRequired\":true,\"valueName\":\"search_term_string\"}}],\"inLanguage\":\"es\"},{\"@type\":\"Organization\",\"@id\":\"https:\\\/\\\/diariotextual.com\\\/inicio\\\/#organization\",\"name\":\"Diario Textual\",\"url\":\"https:\\\/\\\/diariotextual.com\\\/inicio\\\/\",\"logo\":{\"@type\":\"ImageObject\",\"inLanguage\":\"es\",\"@id\":\"https:\\\/\\\/diariotextual.com\\\/inicio\\\/#\\\/schema\\\/logo\\\/image\\\/\",\"url\":\"https:\\\/\\\/diariotextual.com\\\/inicio\\\/wp-content\\\/uploads\\\/2023\\\/05\\\/logotextual1.jpg\",\"contentUrl\":\"https:\\\/\\\/diariotextual.com\\\/inicio\\\/wp-content\\\/uploads\\\/2023\\\/05\\\/logotextual1.jpg\",\"width\":516,\"height\":76,\"caption\":\"Diario Textual\"},\"image\":{\"@id\":\"https:\\\/\\\/diariotextual.com\\\/inicio\\\/#\\\/schema\\\/logo\\\/image\\\/\"},\"sameAs\":[\"https:\\\/\\\/www.facebook.com\\\/eltextual\",\"https:\\\/\\\/x.com\\\/eltextual\",\"http:\\\/\\\/www.instagram.com\\\/eltextual\"]},{\"@type\":\"Person\",\"@id\":\"https:\\\/\\\/diariotextual.com\\\/inicio\\\/#\\\/schema\\\/person\\\/a1b6f563e0ee944c60f98119389a4d9f\",\"name\":\"diario3\",\"image\":{\"@type\":\"ImageObject\",\"inLanguage\":\"es\",\"@id\":\"https:\\\/\\\/secure.gravatar.com\\\/avatar\\\/5e7ee62c82fc04d9dd79d746a390d93c69c43223e5faeeb3ea9461ef752bfc5d?s=96&d=mm&r=g\",\"url\":\"https:\\\/\\\/secure.gravatar.com\\\/avatar\\\/5e7ee62c82fc04d9dd79d746a390d93c69c43223e5faeeb3ea9461ef752bfc5d?s=96&d=mm&r=g\",\"contentUrl\":\"https:\\\/\\\/secure.gravatar.com\\\/avatar\\\/5e7ee62c82fc04d9dd79d746a390d93c69c43223e5faeeb3ea9461ef752bfc5d?s=96&d=mm&r=g\",\"caption\":\"diario3\"},\"url\":\"https:\\\/\\\/diariotextual.com\\\/inicio\\\/index.php\\\/author\\\/diario3\\\/\"}]}<\/script>\n<!-- \/ Yoast SEO plugin. -->","yoast_head_json":{"title":"Violencia de G\u00e9nero: municipios pampeanos incorporan sistema integrado - Diario Textual","robots":{"index":"index","follow":"follow","max-snippet":"max-snippet:-1","max-image-preview":"max-image-preview:large","max-video-preview":"max-video-preview:-1"},"canonical":"https:\/\/diariotextual.com\/inicio\/index.php\/2023\/07\/25\/violencia-de-genero-municipios-pampeanos-incorporan-sistema-integrado\/","og_locale":"es_ES","og_type":"article","og_title":"Violencia de G\u00e9nero: municipios pampeanos incorporan sistema integrado - Diario Textual","og_description":"Integrantes de la Secretar\u00eda de la Mujer, G\u00e9neros y Diversidad de Naci\u00f3n desarrollaron esta ma\u00f1ana una reuni\u00f3n para presentar el m\u00f3dulo federal del Sistema Integrado de Casos de Violencias por&hellip;","og_url":"https:\/\/diariotextual.com\/inicio\/index.php\/2023\/07\/25\/violencia-de-genero-municipios-pampeanos-incorporan-sistema-integrado\/","og_site_name":"Diario Textual","article_publisher":"https:\/\/www.facebook.com\/eltextual","article_published_time":"2023-07-25T23:08:07+00:00","article_modified_time":"2023-07-26T14:25:45+00:00","og_image":[{"width":900,"height":496,"url":"https:\/\/diariotextual.com\/inicio\/wp-content\/uploads\/2023\/07\/RobledoDiNapoli2023.jpg","type":"image\/jpeg"}],"author":"diario3","twitter_card":"summary_large_image","twitter_creator":"@eltextual","twitter_site":"@eltextual","twitter_misc":{"Escrito por":"diario3","Tiempo de lectura":"2 minutos"},"schema":{"@context":"https:\/\/schema.org","@graph":[{"@type":"Article","@id":"https:\/\/diariotextual.com\/inicio\/index.php\/2023\/07\/25\/violencia-de-genero-municipios-pampeanos-incorporan-sistema-integrado\/#article","isPartOf":{"@id":"https:\/\/diariotextual.com\/inicio\/index.php\/2023\/07\/25\/violencia-de-genero-municipios-pampeanos-incorporan-sistema-integrado\/"},"author":{"name":"diario3","@id":"https:\/\/diariotextual.com\/inicio\/#\/schema\/person\/a1b6f563e0ee944c60f98119389a4d9f"},"headline":"Violencia de G\u00e9nero: municipios pampeanos incorporan sistema integrado","datePublished":"2023-07-25T23:08:07+00:00","dateModified":"2023-07-26T14:25:45+00:00","mainEntityOfPage":{"@id":"https:\/\/diariotextual.com\/inicio\/index.php\/2023\/07\/25\/violencia-de-genero-municipios-pampeanos-incorporan-sistema-integrado\/"},"wordCount":371,"publisher":{"@id":"https:\/\/diariotextual.com\/inicio\/#organization"},"image":{"@id":"https:\/\/diariotextual.com\/inicio\/index.php\/2023\/07\/25\/violencia-de-genero-municipios-pampeanos-incorporan-sistema-integrado\/#primaryimage"},"thumbnailUrl":"https:\/\/diariotextual.com\/inicio\/wp-content\/uploads\/2023\/07\/RobledoDiNapoli2023.jpg","keywords":["violencia de genero"],"articleSection":["A - ES NOTICIA (van abajo)","A - QUE PASA (al costado)","SOCIEDAD"],"inLanguage":"es"},{"@type":"WebPage","@id":"https:\/\/diariotextual.com\/inicio\/index.php\/2023\/07\/25\/violencia-de-genero-municipios-pampeanos-incorporan-sistema-integrado\/","url":"https:\/\/diariotextual.com\/inicio\/index.php\/2023\/07\/25\/violencia-de-genero-municipios-pampeanos-incorporan-sistema-integrado\/","name":"Violencia de G\u00e9nero: municipios pampeanos incorporan sistema integrado - Diario Textual","isPartOf":{"@id":"https:\/\/diariotextual.com\/inicio\/#website"},"primaryImageOfPage":{"@id":"https:\/\/diariotextual.com\/inicio\/index.php\/2023\/07\/25\/violencia-de-genero-municipios-pampeanos-incorporan-sistema-integrado\/#primaryimage"},"image":{"@id":"https:\/\/diariotextual.com\/inicio\/index.php\/2023\/07\/25\/violencia-de-genero-municipios-pampeanos-incorporan-sistema-integrado\/#primaryimage"},"thumbnailUrl":"https:\/\/diariotextual.com\/inicio\/wp-content\/uploads\/2023\/07\/RobledoDiNapoli2023.jpg","datePublished":"2023-07-25T23:08:07+00:00","dateModified":"2023-07-26T14:25:45+00:00","breadcrumb":{"@id":"https:\/\/diariotextual.com\/inicio\/index.php\/2023\/07\/25\/violencia-de-genero-municipios-pampeanos-incorporan-sistema-integrado\/#breadcrumb"},"inLanguage":"es","potentialAction":[{"@type":"ReadAction","target":["https:\/\/diariotextual.com\/inicio\/index.php\/2023\/07\/25\/violencia-de-genero-municipios-pampeanos-incorporan-sistema-integrado\/"]}]},{"@type":"ImageObject","inLanguage":"es","@id":"https:\/\/diariotextual.com\/inicio\/index.php\/2023\/07\/25\/violencia-de-genero-municipios-pampeanos-incorporan-sistema-integrado\/#primaryimage","url":"https:\/\/diariotextual.com\/inicio\/wp-content\/uploads\/2023\/07\/RobledoDiNapoli2023.jpg","contentUrl":"https:\/\/diariotextual.com\/inicio\/wp-content\/uploads\/2023\/07\/RobledoDiNapoli2023.jpg","width":900,"height":496},{"@type":"BreadcrumbList","@id":"https:\/\/diariotextual.com\/inicio\/index.php\/2023\/07\/25\/violencia-de-genero-municipios-pampeanos-incorporan-sistema-integrado\/#breadcrumb","itemListElement":[{"@type":"ListItem","position":1,"name":"Portada","item":"https:\/\/diariotextual.com\/inicio\/"},{"@type":"ListItem","position":2,"name":"Violencia de G\u00e9nero: municipios pampeanos incorporan sistema integrado"}]},{"@type":"WebSite","@id":"https:\/\/diariotextual.com\/inicio\/#website","url":"https:\/\/diariotextual.com\/inicio\/","name":"Diario Textual","description":"","publisher":{"@id":"https:\/\/diariotextual.com\/inicio\/#organization"},"potentialAction":[{"@type":"SearchAction","target":{"@type":"EntryPoint","urlTemplate":"https:\/\/diariotextual.com\/inicio\/?s={search_term_string}"},"query-input":{"@type":"PropertyValueSpecification","valueRequired":true,"valueName":"search_term_string"}}],"inLanguage":"es"},{"@type":"Organization","@id":"https:\/\/diariotextual.com\/inicio\/#organization","name":"Diario Textual","url":"https:\/\/diariotextual.com\/inicio\/","logo":{"@type":"ImageObject","inLanguage":"es","@id":"https:\/\/diariotextual.com\/inicio\/#\/schema\/logo\/image\/","url":"https:\/\/diariotextual.com\/inicio\/wp-content\/uploads\/2023\/05\/logotextual1.jpg","contentUrl":"https:\/\/diariotextual.com\/inicio\/wp-content\/uploads\/2023\/05\/logotextual1.jpg","width":516,"height":76,"caption":"Diario Textual"},"image":{"@id":"https:\/\/diariotextual.com\/inicio\/#\/schema\/logo\/image\/"},"sameAs":["https:\/\/www.facebook.com\/eltextual","https:\/\/x.com\/eltextual","http:\/\/www.instagram.com\/eltextual"]},{"@type":"Person","@id":"https:\/\/diariotextual.com\/inicio\/#\/schema\/person\/a1b6f563e0ee944c60f98119389a4d9f","name":"diario3","image":{"@type":"ImageObject","inLanguage":"es","@id":"https:\/\/secure.gravatar.com\/avatar\/5e7ee62c82fc04d9dd79d746a390d93c69c43223e5faeeb3ea9461ef752bfc5d?s=96&d=mm&r=g","url":"https:\/\/secure.gravatar.com\/avatar\/5e7ee62c82fc04d9dd79d746a390d93c69c43223e5faeeb3ea9461ef752bfc5d?s=96&d=mm&r=g","contentUrl":"https:\/\/secure.gravatar.com\/avatar\/5e7ee62c82fc04d9dd79d746a390d93c69c43223e5faeeb3ea9461ef752bfc5d?s=96&d=mm&r=g","caption":"diario3"},"url":"https:\/\/diariotextual.com\/inicio\/index.php\/author\/diario3\/"}]}},"_links":{"self":[{"href":"https:\/\/diariotextual.com\/inicio\/index.php\/wp-json\/wp\/v2\/posts\/231823","targetHints":{"allow":["GET"]}}],"collection":[{"href":"https:\/\/diariotextual.com\/inicio\/index.php\/wp-json\/wp\/v2\/posts"}],"about":[{"href":"https:\/\/diariotextual.com\/inicio\/index.php\/wp-json\/wp\/v2\/types\/post"}],"author":[{"embeddable":true,"href":"https:\/\/diariotextual.com\/inicio\/index.php\/wp-json\/wp\/v2\/users\/5"}],"replies":[{"embeddable":true,"href":"https:\/\/diariotextual.com\/inicio\/index.php\/wp-json\/wp\/v2\/comments?post=231823"}],"version-history":[{"count":1,"href":"https:\/\/diariotextual.com\/inicio\/index.php\/wp-json\/wp\/v2\/posts\/231823\/revisions"}],"predecessor-version":[{"id":231825,"href":"https:\/\/diariotextual.com\/inicio\/index.php\/wp-json\/wp\/v2\/posts\/231823\/revisions\/231825"}],"wp:featuredmedia":[{"embeddable":true,"href":"https:\/\/diariotextual.com\/inicio\/index.php\/wp-json\/wp\/v2\/media\/231824"}],"wp:attachment":[{"href":"https:\/\/diariotextual.com\/inicio\/index.php\/wp-json\/wp\/v2\/media?parent=231823"}],"wp:term":[{"taxonomy":"category","embeddable":true,"href":"https:\/\/diariotextual.com\/inicio\/index.php\/wp-json\/wp\/v2\/categories?post=231823"},{"taxonomy":"post_tag","embeddable":true,"href":"https:\/\/diariotextual.com\/inicio\/index.php\/wp-json\/wp\/v2\/tags?post=231823"}],"curies":[{"name":"wp","href":"https:\/\/api.w.org\/{rel}","templated":true}]}}