{"id":231887,"date":"2023-07-26T10:38:39","date_gmt":"2023-07-26T13:38:39","guid":{"rendered":"https:\/\/diariotextual.com\/inicio\/?p=231887"},"modified":"2023-07-27T04:38:02","modified_gmt":"2023-07-27T07:38:02","slug":"ziliotto-el-apoyo-a-massa-la-campana-de-la-realidad-y-otra-advertencia-por-la-obra-publica","status":"publish","type":"post","link":"https:\/\/diariotextual.com\/inicio\/index.php\/2023\/07\/26\/ziliotto-el-apoyo-a-massa-la-campana-de-la-realidad-y-otra-advertencia-por-la-obra-publica\/","title":{"rendered":"Ziliotto: el apoyo a Massa, la \u201ccampa\u00f1a de la realidad\u201d y otra advertencia por la obra p\u00fablica"},"content":{"rendered":"\n<p>El gobernador <strong>Segio Ziliotto<\/strong> expres\u00f3 este mi\u00e9rcoles un fuerte apoyo a la precandidatura presidencial de <strong>Sergio Massa (Uni\u00f3n por la Patria)<\/strong>, sostuvo que el frente justicialista debe encarar una <strong>\u201ccampa\u00f1a de la realidad\u201d<\/strong> para plantearle al votante lo que fue el pa\u00eds durante el gobierno de Mauricio Macri y lo que es ahora con el gobierno peronista y, tal como lo hab\u00eda hecho d\u00edas atr\u00e1s, volvi\u00f3 a advertir sobre el peligro que implicar\u00eda un triunfo opositor en cuanto a la obra p\u00fablica.<\/p>\n\n\n\n<p><strong>\u201cEl PJ pampeano apoya a Sergio Massa\u201d<\/strong>, dijo Ziliotto en rueda de prensa en la Fundaci\u00f3n del Banco de La Pampa, y le tir\u00f3 palos, sin nombrarla, a la precandidata de Juntos por el Cambio Patricia Bullrich. <strong>\u201cHoy tenemos una candidata a presidenta que propone endeudarse nuevamente con el FMI, vaya a saber a qu\u00e9 tasas\u201d<\/strong>, cuestion\u00f3.<\/p>\n\n\n\n<p>Le sugiri\u00f3 al votante <strong>\u201cdespojarse de lo pasional\u201d<\/strong> y de los problemas diarios que afronta para <strong>\u201ctener en claro a la hora de votar los dos espejos: el gobierno de Mauricio Macri, donde en la provincia solo se hicieron 63 casas y 11 kil\u00f3metros de pavimento y el gobierno peronista actual\u201d<\/strong>, dijo.<\/p>\n\n\n\n<p><strong>\u201cAc\u00e1 no hay campa\u00f1a del miedo, sino que debemos hacer la campa\u00f1a de la realidad\u201d<\/strong>, sostuvo, y volvi\u00f3 a advertir de los peligros que implicar\u00eda para la obra p\u00fablica un triunfo opositor. Y a modo de ejemplo, se refiri\u00f3 al acueducto del r\u00edo Colorado al norte. \u201cNo podr\u00edamos hacer frente porque implica, a valores actuales, 42 mil millones de pesos, la mitad dle presupuesto de La Pampa en obra p\u00fablica\u201d, plante\u00f3.<\/p>\n\n\n\n<p>Reconoci\u00f3 que la inflaci\u00f3n es \u201cdeterminante\u201d, sostuvo que \u201cno se baja m\u00e1gicamente\u201d y valor\u00f3 los esfuerzos que est\u00e1 haciendo el Gobierno nacional para morigerar las \u201ccuestiones ex\u00f3genas que impactan en la Argentina\u201d.<\/p>\n\n\n\n<p><strong>\u201cHoy tenemos un comisario que es el FMI, que no lo trajo este gobierno. Debemos sacarlo de encima lo antes posible porque no podemos vivir con el usurero que te lleva todo lo que ingresa\u201d<\/strong>, agreg\u00f3.<\/p>\n","protected":false},"excerpt":{"rendered":"<p>El gobernador Segio Ziliotto expres\u00f3 este mi\u00e9rcoles un fuerte apoyo a la precandidatura presidencial de Sergio Massa (Uni\u00f3n por la Patria), sostuvo que el frente justicialista debe encarar una \u201ccampa\u00f1a&hellip;<\/p>\n","protected":false},"author":7,"featured_media":231933,"comment_status":"closed","ping_status":"open","sticky":false,"template":"","format":"standard","meta":{"_acf_changed":false,"footnotes":""},"categories":[11,8],"tags":[],"class_list":["post-231887","post","type-post","status-publish","format-standard","has-post-thumbnail","hentry","category-que-pasa","category-politica"],"acf":[],"yoast_head":"<!-- This site is optimized with the Yoast SEO plugin v27.5 - https:\/\/yoast.com\/product\/yoast-seo-wordpress\/ -->\n<title>Ziliotto: el apoyo a Massa, la \u201ccampa\u00f1a de la realidad\u201d y otra advertencia por la obra p\u00fablica - Diario Textual<\/title>\n<meta name=\"robots\" content=\"index, follow, max-snippet:-1, max-image-preview:large, max-video-preview:-1\" \/>\n<link rel=\"canonical\" href=\"https:\/\/diariotextual.com\/inicio\/index.php\/2023\/07\/26\/ziliotto-el-apoyo-a-massa-la-campana-de-la-realidad-y-otra-advertencia-por-la-obra-publica\/\" \/>\n<meta property=\"og:locale\" content=\"es_ES\" \/>\n<meta property=\"og:type\" content=\"article\" \/>\n<meta property=\"og:title\" content=\"Ziliotto: el apoyo a Massa, la \u201ccampa\u00f1a de la realidad\u201d y otra advertencia por la obra p\u00fablica - Diario Textual\" \/>\n<meta property=\"og:description\" content=\"El gobernador Segio Ziliotto expres\u00f3 este mi\u00e9rcoles un fuerte apoyo a la precandidatura presidencial de Sergio Massa (Uni\u00f3n por la Patria), sostuvo que el frente justicialista debe encarar una \u201ccampa\u00f1a&hellip;\" \/>\n<meta property=\"og:url\" content=\"https:\/\/diariotextual.com\/inicio\/index.php\/2023\/07\/26\/ziliotto-el-apoyo-a-massa-la-campana-de-la-realidad-y-otra-advertencia-por-la-obra-publica\/\" \/>\n<meta property=\"og:site_name\" content=\"Diario Textual\" \/>\n<meta property=\"article:publisher\" content=\"https:\/\/www.facebook.com\/eltextual\" \/>\n<meta property=\"article:published_time\" content=\"2023-07-26T13:38:39+00:00\" \/>\n<meta property=\"article:modified_time\" content=\"2023-07-27T07:38:02+00:00\" \/>\n<meta property=\"og:image\" content=\"https:\/\/diariotextual.com\/inicio\/wp-content\/uploads\/2023\/07\/ziliottosergio2023-127.jpg\" \/>\n\t<meta property=\"og:image:width\" content=\"1500\" \/>\n\t<meta property=\"og:image:height\" content=\"1000\" \/>\n\t<meta property=\"og:image:type\" content=\"image\/jpeg\" \/>\n<meta name=\"author\" content=\"diario5\" \/>\n<meta name=\"twitter:card\" content=\"summary_large_image\" \/>\n<meta name=\"twitter:creator\" content=\"@eltextual\" \/>\n<meta name=\"twitter:site\" content=\"@eltextual\" \/>\n<meta name=\"twitter:label1\" content=\"Escrito por\" \/>\n\t<meta name=\"twitter:data1\" content=\"diario5\" \/>\n\t<meta name=\"twitter:label2\" content=\"Tiempo de lectura\" \/>\n\t<meta name=\"twitter:data2\" content=\"2 minutos\" \/>\n<script type=\"application\/ld+json\" class=\"yoast-schema-graph\">{\"@context\":\"https:\\\/\\\/schema.org\",\"@graph\":[{\"@type\":\"Article\",\"@id\":\"https:\\\/\\\/diariotextual.com\\\/inicio\\\/index.php\\\/2023\\\/07\\\/26\\\/ziliotto-el-apoyo-a-massa-la-campana-de-la-realidad-y-otra-advertencia-por-la-obra-publica\\\/#article\",\"isPartOf\":{\"@id\":\"https:\\\/\\\/diariotextual.com\\\/inicio\\\/index.php\\\/2023\\\/07\\\/26\\\/ziliotto-el-apoyo-a-massa-la-campana-de-la-realidad-y-otra-advertencia-por-la-obra-publica\\\/\"},\"author\":{\"name\":\"diario5\",\"@id\":\"https:\\\/\\\/diariotextual.com\\\/inicio\\\/#\\\/schema\\\/person\\\/c7834961ad8b29b1d9cdbf4571299067\"},\"headline\":\"Ziliotto: el apoyo a Massa, la \u201ccampa\u00f1a de la realidad\u201d y otra advertencia por la obra p\u00fablica\",\"datePublished\":\"2023-07-26T13:38:39+00:00\",\"dateModified\":\"2023-07-27T07:38:02+00:00\",\"mainEntityOfPage\":{\"@id\":\"https:\\\/\\\/diariotextual.com\\\/inicio\\\/index.php\\\/2023\\\/07\\\/26\\\/ziliotto-el-apoyo-a-massa-la-campana-de-la-realidad-y-otra-advertencia-por-la-obra-publica\\\/\"},\"wordCount\":367,\"publisher\":{\"@id\":\"https:\\\/\\\/diariotextual.com\\\/inicio\\\/#organization\"},\"image\":{\"@id\":\"https:\\\/\\\/diariotextual.com\\\/inicio\\\/index.php\\\/2023\\\/07\\\/26\\\/ziliotto-el-apoyo-a-massa-la-campana-de-la-realidad-y-otra-advertencia-por-la-obra-publica\\\/#primaryimage\"},\"thumbnailUrl\":\"https:\\\/\\\/diariotextual.com\\\/inicio\\\/wp-content\\\/uploads\\\/2023\\\/07\\\/ziliottosergio2023-127.jpg\",\"articleSection\":[\"A - QUE PASA (al costado)\",\"POLITICA\"],\"inLanguage\":\"es\"},{\"@type\":\"WebPage\",\"@id\":\"https:\\\/\\\/diariotextual.com\\\/inicio\\\/index.php\\\/2023\\\/07\\\/26\\\/ziliotto-el-apoyo-a-massa-la-campana-de-la-realidad-y-otra-advertencia-por-la-obra-publica\\\/\",\"url\":\"https:\\\/\\\/diariotextual.com\\\/inicio\\\/index.php\\\/2023\\\/07\\\/26\\\/ziliotto-el-apoyo-a-massa-la-campana-de-la-realidad-y-otra-advertencia-por-la-obra-publica\\\/\",\"name\":\"Ziliotto: el apoyo a Massa, la \u201ccampa\u00f1a de la realidad\u201d y otra advertencia por la obra p\u00fablica - Diario Textual\",\"isPartOf\":{\"@id\":\"https:\\\/\\\/diariotextual.com\\\/inicio\\\/#website\"},\"primaryImageOfPage\":{\"@id\":\"https:\\\/\\\/diariotextual.com\\\/inicio\\\/index.php\\\/2023\\\/07\\\/26\\\/ziliotto-el-apoyo-a-massa-la-campana-de-la-realidad-y-otra-advertencia-por-la-obra-publica\\\/#primaryimage\"},\"image\":{\"@id\":\"https:\\\/\\\/diariotextual.com\\\/inicio\\\/index.php\\\/2023\\\/07\\\/26\\\/ziliotto-el-apoyo-a-massa-la-campana-de-la-realidad-y-otra-advertencia-por-la-obra-publica\\\/#primaryimage\"},\"thumbnailUrl\":\"https:\\\/\\\/diariotextual.com\\\/inicio\\\/wp-content\\\/uploads\\\/2023\\\/07\\\/ziliottosergio2023-127.jpg\",\"datePublished\":\"2023-07-26T13:38:39+00:00\",\"dateModified\":\"2023-07-27T07:38:02+00:00\",\"breadcrumb\":{\"@id\":\"https:\\\/\\\/diariotextual.com\\\/inicio\\\/index.php\\\/2023\\\/07\\\/26\\\/ziliotto-el-apoyo-a-massa-la-campana-de-la-realidad-y-otra-advertencia-por-la-obra-publica\\\/#breadcrumb\"},\"inLanguage\":\"es\",\"potentialAction\":[{\"@type\":\"ReadAction\",\"target\":[\"https:\\\/\\\/diariotextual.com\\\/inicio\\\/index.php\\\/2023\\\/07\\\/26\\\/ziliotto-el-apoyo-a-massa-la-campana-de-la-realidad-y-otra-advertencia-por-la-obra-publica\\\/\"]}]},{\"@type\":\"ImageObject\",\"inLanguage\":\"es\",\"@id\":\"https:\\\/\\\/diariotextual.com\\\/inicio\\\/index.php\\\/2023\\\/07\\\/26\\\/ziliotto-el-apoyo-a-massa-la-campana-de-la-realidad-y-otra-advertencia-por-la-obra-publica\\\/#primaryimage\",\"url\":\"https:\\\/\\\/diariotextual.com\\\/inicio\\\/wp-content\\\/uploads\\\/2023\\\/07\\\/ziliottosergio2023-127.jpg\",\"contentUrl\":\"https:\\\/\\\/diariotextual.com\\\/inicio\\\/wp-content\\\/uploads\\\/2023\\\/07\\\/ziliottosergio2023-127.jpg\",\"width\":1500,\"height\":1000},{\"@type\":\"BreadcrumbList\",\"@id\":\"https:\\\/\\\/diariotextual.com\\\/inicio\\\/index.php\\\/2023\\\/07\\\/26\\\/ziliotto-el-apoyo-a-massa-la-campana-de-la-realidad-y-otra-advertencia-por-la-obra-publica\\\/#breadcrumb\",\"itemListElement\":[{\"@type\":\"ListItem\",\"position\":1,\"name\":\"Portada\",\"item\":\"https:\\\/\\\/diariotextual.com\\\/inicio\\\/\"},{\"@type\":\"ListItem\",\"position\":2,\"name\":\"Ziliotto: el apoyo a Massa, la \u201ccampa\u00f1a de la realidad\u201d y otra advertencia por la obra p\u00fablica\"}]},{\"@type\":\"WebSite\",\"@id\":\"https:\\\/\\\/diariotextual.com\\\/inicio\\\/#website\",\"url\":\"https:\\\/\\\/diariotextual.com\\\/inicio\\\/\",\"name\":\"Diario Textual\",\"description\":\"\",\"publisher\":{\"@id\":\"https:\\\/\\\/diariotextual.com\\\/inicio\\\/#organization\"},\"potentialAction\":[{\"@type\":\"SearchAction\",\"target\":{\"@type\":\"EntryPoint\",\"urlTemplate\":\"https:\\\/\\\/diariotextual.com\\\/inicio\\\/?s={search_term_string}\"},\"query-input\":{\"@type\":\"PropertyValueSpecification\",\"valueRequired\":true,\"valueName\":\"search_term_string\"}}],\"inLanguage\":\"es\"},{\"@type\":\"Organization\",\"@id\":\"https:\\\/\\\/diariotextual.com\\\/inicio\\\/#organization\",\"name\":\"Diario Textual\",\"url\":\"https:\\\/\\\/diariotextual.com\\\/inicio\\\/\",\"logo\":{\"@type\":\"ImageObject\",\"inLanguage\":\"es\",\"@id\":\"https:\\\/\\\/diariotextual.com\\\/inicio\\\/#\\\/schema\\\/logo\\\/image\\\/\",\"url\":\"https:\\\/\\\/diariotextual.com\\\/inicio\\\/wp-content\\\/uploads\\\/2023\\\/05\\\/logotextual1.jpg\",\"contentUrl\":\"https:\\\/\\\/diariotextual.com\\\/inicio\\\/wp-content\\\/uploads\\\/2023\\\/05\\\/logotextual1.jpg\",\"width\":516,\"height\":76,\"caption\":\"Diario Textual\"},\"image\":{\"@id\":\"https:\\\/\\\/diariotextual.com\\\/inicio\\\/#\\\/schema\\\/logo\\\/image\\\/\"},\"sameAs\":[\"https:\\\/\\\/www.facebook.com\\\/eltextual\",\"https:\\\/\\\/x.com\\\/eltextual\",\"http:\\\/\\\/www.instagram.com\\\/eltextual\"]},{\"@type\":\"Person\",\"@id\":\"https:\\\/\\\/diariotextual.com\\\/inicio\\\/#\\\/schema\\\/person\\\/c7834961ad8b29b1d9cdbf4571299067\",\"name\":\"diario5\",\"image\":{\"@type\":\"ImageObject\",\"inLanguage\":\"es\",\"@id\":\"https:\\\/\\\/secure.gravatar.com\\\/avatar\\\/948c893b847ca6df68216ead81b63f363408ec9b0f600fefc0641ce78613b111?s=96&d=mm&r=g\",\"url\":\"https:\\\/\\\/secure.gravatar.com\\\/avatar\\\/948c893b847ca6df68216ead81b63f363408ec9b0f600fefc0641ce78613b111?s=96&d=mm&r=g\",\"contentUrl\":\"https:\\\/\\\/secure.gravatar.com\\\/avatar\\\/948c893b847ca6df68216ead81b63f363408ec9b0f600fefc0641ce78613b111?s=96&d=mm&r=g\",\"caption\":\"diario5\"},\"url\":\"https:\\\/\\\/diariotextual.com\\\/inicio\\\/index.php\\\/author\\\/diario5\\\/\"}]}<\/script>\n<!-- \/ Yoast SEO plugin. -->","yoast_head_json":{"title":"Ziliotto: el apoyo a Massa, la \u201ccampa\u00f1a de la realidad\u201d y otra advertencia por la obra p\u00fablica - Diario Textual","robots":{"index":"index","follow":"follow","max-snippet":"max-snippet:-1","max-image-preview":"max-image-preview:large","max-video-preview":"max-video-preview:-1"},"canonical":"https:\/\/diariotextual.com\/inicio\/index.php\/2023\/07\/26\/ziliotto-el-apoyo-a-massa-la-campana-de-la-realidad-y-otra-advertencia-por-la-obra-publica\/","og_locale":"es_ES","og_type":"article","og_title":"Ziliotto: el apoyo a Massa, la \u201ccampa\u00f1a de la realidad\u201d y otra advertencia por la obra p\u00fablica - Diario Textual","og_description":"El gobernador Segio Ziliotto expres\u00f3 este mi\u00e9rcoles un fuerte apoyo a la precandidatura presidencial de Sergio Massa (Uni\u00f3n por la Patria), sostuvo que el frente justicialista debe encarar una \u201ccampa\u00f1a&hellip;","og_url":"https:\/\/diariotextual.com\/inicio\/index.php\/2023\/07\/26\/ziliotto-el-apoyo-a-massa-la-campana-de-la-realidad-y-otra-advertencia-por-la-obra-publica\/","og_site_name":"Diario Textual","article_publisher":"https:\/\/www.facebook.com\/eltextual","article_published_time":"2023-07-26T13:38:39+00:00","article_modified_time":"2023-07-27T07:38:02+00:00","og_image":[{"width":1500,"height":1000,"url":"https:\/\/diariotextual.com\/inicio\/wp-content\/uploads\/2023\/07\/ziliottosergio2023-127.jpg","type":"image\/jpeg"}],"author":"diario5","twitter_card":"summary_large_image","twitter_creator":"@eltextual","twitter_site":"@eltextual","twitter_misc":{"Escrito por":"diario5","Tiempo de lectura":"2 minutos"},"schema":{"@context":"https:\/\/schema.org","@graph":[{"@type":"Article","@id":"https:\/\/diariotextual.com\/inicio\/index.php\/2023\/07\/26\/ziliotto-el-apoyo-a-massa-la-campana-de-la-realidad-y-otra-advertencia-por-la-obra-publica\/#article","isPartOf":{"@id":"https:\/\/diariotextual.com\/inicio\/index.php\/2023\/07\/26\/ziliotto-el-apoyo-a-massa-la-campana-de-la-realidad-y-otra-advertencia-por-la-obra-publica\/"},"author":{"name":"diario5","@id":"https:\/\/diariotextual.com\/inicio\/#\/schema\/person\/c7834961ad8b29b1d9cdbf4571299067"},"headline":"Ziliotto: el apoyo a Massa, la \u201ccampa\u00f1a de la realidad\u201d y otra advertencia por la obra p\u00fablica","datePublished":"2023-07-26T13:38:39+00:00","dateModified":"2023-07-27T07:38:02+00:00","mainEntityOfPage":{"@id":"https:\/\/diariotextual.com\/inicio\/index.php\/2023\/07\/26\/ziliotto-el-apoyo-a-massa-la-campana-de-la-realidad-y-otra-advertencia-por-la-obra-publica\/"},"wordCount":367,"publisher":{"@id":"https:\/\/diariotextual.com\/inicio\/#organization"},"image":{"@id":"https:\/\/diariotextual.com\/inicio\/index.php\/2023\/07\/26\/ziliotto-el-apoyo-a-massa-la-campana-de-la-realidad-y-otra-advertencia-por-la-obra-publica\/#primaryimage"},"thumbnailUrl":"https:\/\/diariotextual.com\/inicio\/wp-content\/uploads\/2023\/07\/ziliottosergio2023-127.jpg","articleSection":["A - QUE PASA (al costado)","POLITICA"],"inLanguage":"es"},{"@type":"WebPage","@id":"https:\/\/diariotextual.com\/inicio\/index.php\/2023\/07\/26\/ziliotto-el-apoyo-a-massa-la-campana-de-la-realidad-y-otra-advertencia-por-la-obra-publica\/","url":"https:\/\/diariotextual.com\/inicio\/index.php\/2023\/07\/26\/ziliotto-el-apoyo-a-massa-la-campana-de-la-realidad-y-otra-advertencia-por-la-obra-publica\/","name":"Ziliotto: el apoyo a Massa, la \u201ccampa\u00f1a de la realidad\u201d y otra advertencia por la obra p\u00fablica - Diario Textual","isPartOf":{"@id":"https:\/\/diariotextual.com\/inicio\/#website"},"primaryImageOfPage":{"@id":"https:\/\/diariotextual.com\/inicio\/index.php\/2023\/07\/26\/ziliotto-el-apoyo-a-massa-la-campana-de-la-realidad-y-otra-advertencia-por-la-obra-publica\/#primaryimage"},"image":{"@id":"https:\/\/diariotextual.com\/inicio\/index.php\/2023\/07\/26\/ziliotto-el-apoyo-a-massa-la-campana-de-la-realidad-y-otra-advertencia-por-la-obra-publica\/#primaryimage"},"thumbnailUrl":"https:\/\/diariotextual.com\/inicio\/wp-content\/uploads\/2023\/07\/ziliottosergio2023-127.jpg","datePublished":"2023-07-26T13:38:39+00:00","dateModified":"2023-07-27T07:38:02+00:00","breadcrumb":{"@id":"https:\/\/diariotextual.com\/inicio\/index.php\/2023\/07\/26\/ziliotto-el-apoyo-a-massa-la-campana-de-la-realidad-y-otra-advertencia-por-la-obra-publica\/#breadcrumb"},"inLanguage":"es","potentialAction":[{"@type":"ReadAction","target":["https:\/\/diariotextual.com\/inicio\/index.php\/2023\/07\/26\/ziliotto-el-apoyo-a-massa-la-campana-de-la-realidad-y-otra-advertencia-por-la-obra-publica\/"]}]},{"@type":"ImageObject","inLanguage":"es","@id":"https:\/\/diariotextual.com\/inicio\/index.php\/2023\/07\/26\/ziliotto-el-apoyo-a-massa-la-campana-de-la-realidad-y-otra-advertencia-por-la-obra-publica\/#primaryimage","url":"https:\/\/diariotextual.com\/inicio\/wp-content\/uploads\/2023\/07\/ziliottosergio2023-127.jpg","contentUrl":"https:\/\/diariotextual.com\/inicio\/wp-content\/uploads\/2023\/07\/ziliottosergio2023-127.jpg","width":1500,"height":1000},{"@type":"BreadcrumbList","@id":"https:\/\/diariotextual.com\/inicio\/index.php\/2023\/07\/26\/ziliotto-el-apoyo-a-massa-la-campana-de-la-realidad-y-otra-advertencia-por-la-obra-publica\/#breadcrumb","itemListElement":[{"@type":"ListItem","position":1,"name":"Portada","item":"https:\/\/diariotextual.com\/inicio\/"},{"@type":"ListItem","position":2,"name":"Ziliotto: el apoyo a Massa, la \u201ccampa\u00f1a de la realidad\u201d y otra advertencia por la obra p\u00fablica"}]},{"@type":"WebSite","@id":"https:\/\/diariotextual.com\/inicio\/#website","url":"https:\/\/diariotextual.com\/inicio\/","name":"Diario Textual","description":"","publisher":{"@id":"https:\/\/diariotextual.com\/inicio\/#organization"},"potentialAction":[{"@type":"SearchAction","target":{"@type":"EntryPoint","urlTemplate":"https:\/\/diariotextual.com\/inicio\/?s={search_term_string}"},"query-input":{"@type":"PropertyValueSpecification","valueRequired":true,"valueName":"search_term_string"}}],"inLanguage":"es"},{"@type":"Organization","@id":"https:\/\/diariotextual.com\/inicio\/#organization","name":"Diario Textual","url":"https:\/\/diariotextual.com\/inicio\/","logo":{"@type":"ImageObject","inLanguage":"es","@id":"https:\/\/diariotextual.com\/inicio\/#\/schema\/logo\/image\/","url":"https:\/\/diariotextual.com\/inicio\/wp-content\/uploads\/2023\/05\/logotextual1.jpg","contentUrl":"https:\/\/diariotextual.com\/inicio\/wp-content\/uploads\/2023\/05\/logotextual1.jpg","width":516,"height":76,"caption":"Diario Textual"},"image":{"@id":"https:\/\/diariotextual.com\/inicio\/#\/schema\/logo\/image\/"},"sameAs":["https:\/\/www.facebook.com\/eltextual","https:\/\/x.com\/eltextual","http:\/\/www.instagram.com\/eltextual"]},{"@type":"Person","@id":"https:\/\/diariotextual.com\/inicio\/#\/schema\/person\/c7834961ad8b29b1d9cdbf4571299067","name":"diario5","image":{"@type":"ImageObject","inLanguage":"es","@id":"https:\/\/secure.gravatar.com\/avatar\/948c893b847ca6df68216ead81b63f363408ec9b0f600fefc0641ce78613b111?s=96&d=mm&r=g","url":"https:\/\/secure.gravatar.com\/avatar\/948c893b847ca6df68216ead81b63f363408ec9b0f600fefc0641ce78613b111?s=96&d=mm&r=g","contentUrl":"https:\/\/secure.gravatar.com\/avatar\/948c893b847ca6df68216ead81b63f363408ec9b0f600fefc0641ce78613b111?s=96&d=mm&r=g","caption":"diario5"},"url":"https:\/\/diariotextual.com\/inicio\/index.php\/author\/diario5\/"}]}},"_links":{"self":[{"href":"https:\/\/diariotextual.com\/inicio\/index.php\/wp-json\/wp\/v2\/posts\/231887","targetHints":{"allow":["GET"]}}],"collection":[{"href":"https:\/\/diariotextual.com\/inicio\/index.php\/wp-json\/wp\/v2\/posts"}],"about":[{"href":"https:\/\/diariotextual.com\/inicio\/index.php\/wp-json\/wp\/v2\/types\/post"}],"author":[{"embeddable":true,"href":"https:\/\/diariotextual.com\/inicio\/index.php\/wp-json\/wp\/v2\/users\/7"}],"replies":[{"embeddable":true,"href":"https:\/\/diariotextual.com\/inicio\/index.php\/wp-json\/wp\/v2\/comments?post=231887"}],"version-history":[{"count":3,"href":"https:\/\/diariotextual.com\/inicio\/index.php\/wp-json\/wp\/v2\/posts\/231887\/revisions"}],"predecessor-version":[{"id":231896,"href":"https:\/\/diariotextual.com\/inicio\/index.php\/wp-json\/wp\/v2\/posts\/231887\/revisions\/231896"}],"wp:featuredmedia":[{"embeddable":true,"href":"https:\/\/diariotextual.com\/inicio\/index.php\/wp-json\/wp\/v2\/media\/231933"}],"wp:attachment":[{"href":"https:\/\/diariotextual.com\/inicio\/index.php\/wp-json\/wp\/v2\/media?parent=231887"}],"wp:term":[{"taxonomy":"category","embeddable":true,"href":"https:\/\/diariotextual.com\/inicio\/index.php\/wp-json\/wp\/v2\/categories?post=231887"},{"taxonomy":"post_tag","embeddable":true,"href":"https:\/\/diariotextual.com\/inicio\/index.php\/wp-json\/wp\/v2\/tags?post=231887"}],"curies":[{"name":"wp","href":"https:\/\/api.w.org\/{rel}","templated":true}]}}