{"id":231917,"date":"2023-07-26T11:25:23","date_gmt":"2023-07-26T14:25:23","guid":{"rendered":"https:\/\/diariotextual.com\/inicio\/?p=231917"},"modified":"2023-07-26T20:02:16","modified_gmt":"2023-07-26T23:02:16","slug":"en-plenario-en-diputados-analizan-proyecto-de-procedimiento-judicial-laboral","status":"publish","type":"post","link":"https:\/\/diariotextual.com\/inicio\/index.php\/2023\/07\/26\/en-plenario-en-diputados-analizan-proyecto-de-procedimiento-judicial-laboral\/","title":{"rendered":"En plenario en Diputados analizan proyecto de procedimiento judicial laboral"},"content":{"rendered":"\n<p>Se conform\u00f3 un Plenario de comisiones de Asuntos Constitucionales, Hacienda y Presupuesto y Legislaci\u00f3n General para seguir analizando el proyecto del Poder Ejecutivo por la cual se propicia la sanci\u00f3n de una nueva normativa que regule el procedimiento judicial laboral, en el \u00e1mbito de la provincia de La Pampa.<\/p>\n\n\n\n<p>Con esta iniciativa se pretende modernizar y acelerar el tr\u00e1mite judicial, sin desmedro del respeto por el derecho de defensa de las partes, dijeron las autoridades. Las reformas m\u00e1s trascendentales tienen que ver con la creaci\u00f3n de una Audiencia de Conciliaci\u00f3n y Prueba para generar rapidez procesal y probatoria.<br><br><\/p>\n\n\n\n<p>Adem\u00e1s se adopta la distinci\u00f3n entre el beneficio de la gratuidad y el beneficio de litigar sin gastos, y se regula el funcionamiento del vencimiento parcial y mutuo en materia de costas, al tiempo que se incorpora procesalmente el instituto de la pluspetici\u00f3n inexcusable.<br><br><\/p>\n\n\n\n<p>Tambi\u00e9n se regulan los comienzos de los plazos procesales y, en materia probatoria, se incorpora la posibilidad de producir pruebas testimoniales en sede extrajudicial. Asimismo, se incorporan v\u00edas para acudir al proceso ejecutivo ante reclamos laborales.<\/p>\n\n\n\n<p>En cuanto a la situaci\u00f3n econ\u00f3mica del pa\u00eds, se prev\u00e9n mecanismos de actualizaci\u00f3n autom\u00e1tica de montos de multas y dep\u00f3sitos procesales. Por \u00faltimo, se ha regulado el desalojo de inmuebles entregados en el marco de relaciones laborales, cuyo procedimiento no se encontraba previsto.<\/p>\n\n\n\n<p>\u201cHemos abordado el 50% del tratamiento. El otro 50% est\u00e1 destinado para que cada bloque env\u00ede las modificaciones que pretenda hacer\u201d, coment\u00f3 Alicia Mayoral. \u201cPor el momento no hay nada cerrado, pero la intenci\u00f3n es que sigamos avanzando\u201d, pidi\u00f3 la diputada.<\/p>\n\n\n\n<p>Para continuar con el estudio del proyecto se realiz\u00f3 la invitaci\u00f3n al Poder Ejecutivo, quien resolver\u00e1 las \u00e1reas pertinentes que tendr\u00e1n que concurrir a la Legislatura para responder las dudas de los diputados y las diputadas.<\/p>\n","protected":false},"excerpt":{"rendered":"<p>Se conform\u00f3 un Plenario de comisiones de Asuntos Constitucionales, Hacienda y Presupuesto y Legislaci\u00f3n General para seguir analizando el proyecto del Poder Ejecutivo por la cual se propicia la sanci\u00f3n&hellip;<\/p>\n","protected":false},"author":3,"featured_media":231919,"comment_status":"closed","ping_status":"open","sticky":false,"template":"","format":"standard","meta":{"_acf_changed":false,"footnotes":""},"categories":[1,11,8],"tags":[],"class_list":["post-231917","post","type-post","status-publish","format-standard","has-post-thumbnail","hentry","category-es-noticia","category-que-pasa","category-politica"],"acf":[],"yoast_head":"<!-- This site is optimized with the Yoast SEO plugin v27.5 - https:\/\/yoast.com\/product\/yoast-seo-wordpress\/ -->\n<title>En plenario en Diputados analizan proyecto de procedimiento judicial laboral - Diario Textual<\/title>\n<meta name=\"robots\" content=\"index, follow, max-snippet:-1, max-image-preview:large, max-video-preview:-1\" \/>\n<link rel=\"canonical\" href=\"https:\/\/diariotextual.com\/inicio\/index.php\/2023\/07\/26\/en-plenario-en-diputados-analizan-proyecto-de-procedimiento-judicial-laboral\/\" \/>\n<meta property=\"og:locale\" content=\"es_ES\" \/>\n<meta property=\"og:type\" content=\"article\" \/>\n<meta property=\"og:title\" content=\"En plenario en Diputados analizan proyecto de procedimiento judicial laboral - Diario Textual\" \/>\n<meta property=\"og:description\" content=\"Se conform\u00f3 un Plenario de comisiones de Asuntos Constitucionales, Hacienda y Presupuesto y Legislaci\u00f3n General para seguir analizando el proyecto del Poder Ejecutivo por la cual se propicia la sanci\u00f3n&hellip;\" \/>\n<meta property=\"og:url\" content=\"https:\/\/diariotextual.com\/inicio\/index.php\/2023\/07\/26\/en-plenario-en-diputados-analizan-proyecto-de-procedimiento-judicial-laboral\/\" \/>\n<meta property=\"og:site_name\" content=\"Diario Textual\" \/>\n<meta property=\"article:publisher\" content=\"https:\/\/www.facebook.com\/eltextual\" \/>\n<meta property=\"article:published_time\" content=\"2023-07-26T14:25:23+00:00\" \/>\n<meta property=\"article:modified_time\" content=\"2023-07-26T23:02:16+00:00\" \/>\n<meta property=\"og:image\" content=\"https:\/\/diariotextual.com\/inicio\/wp-content\/uploads\/2023\/07\/mayoralalicialujangonzalezjulio2023-12.jpg\" \/>\n\t<meta property=\"og:image:width\" content=\"1500\" \/>\n\t<meta property=\"og:image:height\" content=\"993\" \/>\n\t<meta property=\"og:image:type\" content=\"image\/jpeg\" \/>\n<meta name=\"author\" content=\"Diario1 Diario1\" \/>\n<meta name=\"twitter:card\" content=\"summary_large_image\" \/>\n<meta name=\"twitter:creator\" content=\"@eltextual\" \/>\n<meta name=\"twitter:site\" content=\"@eltextual\" \/>\n<meta name=\"twitter:label1\" content=\"Escrito por\" \/>\n\t<meta name=\"twitter:data1\" content=\"Diario1 Diario1\" \/>\n\t<meta name=\"twitter:label2\" content=\"Tiempo de lectura\" \/>\n\t<meta name=\"twitter:data2\" content=\"2 minutos\" \/>\n<script type=\"application\/ld+json\" class=\"yoast-schema-graph\">{\"@context\":\"https:\\\/\\\/schema.org\",\"@graph\":[{\"@type\":\"Article\",\"@id\":\"https:\\\/\\\/diariotextual.com\\\/inicio\\\/index.php\\\/2023\\\/07\\\/26\\\/en-plenario-en-diputados-analizan-proyecto-de-procedimiento-judicial-laboral\\\/#article\",\"isPartOf\":{\"@id\":\"https:\\\/\\\/diariotextual.com\\\/inicio\\\/index.php\\\/2023\\\/07\\\/26\\\/en-plenario-en-diputados-analizan-proyecto-de-procedimiento-judicial-laboral\\\/\"},\"author\":{\"name\":\"Diario1 Diario1\",\"@id\":\"https:\\\/\\\/diariotextual.com\\\/inicio\\\/#\\\/schema\\\/person\\\/418fc4093c33e86ed41562db3508f958\"},\"headline\":\"En plenario en Diputados analizan proyecto de procedimiento judicial laboral\",\"datePublished\":\"2023-07-26T14:25:23+00:00\",\"dateModified\":\"2023-07-26T23:02:16+00:00\",\"mainEntityOfPage\":{\"@id\":\"https:\\\/\\\/diariotextual.com\\\/inicio\\\/index.php\\\/2023\\\/07\\\/26\\\/en-plenario-en-diputados-analizan-proyecto-de-procedimiento-judicial-laboral\\\/\"},\"wordCount\":328,\"publisher\":{\"@id\":\"https:\\\/\\\/diariotextual.com\\\/inicio\\\/#organization\"},\"image\":{\"@id\":\"https:\\\/\\\/diariotextual.com\\\/inicio\\\/index.php\\\/2023\\\/07\\\/26\\\/en-plenario-en-diputados-analizan-proyecto-de-procedimiento-judicial-laboral\\\/#primaryimage\"},\"thumbnailUrl\":\"https:\\\/\\\/diariotextual.com\\\/inicio\\\/wp-content\\\/uploads\\\/2023\\\/07\\\/mayoralalicialujangonzalezjulio2023-12.jpg\",\"articleSection\":[\"A - ES NOTICIA (van abajo)\",\"A - QUE PASA (al costado)\",\"POLITICA\"],\"inLanguage\":\"es\"},{\"@type\":\"WebPage\",\"@id\":\"https:\\\/\\\/diariotextual.com\\\/inicio\\\/index.php\\\/2023\\\/07\\\/26\\\/en-plenario-en-diputados-analizan-proyecto-de-procedimiento-judicial-laboral\\\/\",\"url\":\"https:\\\/\\\/diariotextual.com\\\/inicio\\\/index.php\\\/2023\\\/07\\\/26\\\/en-plenario-en-diputados-analizan-proyecto-de-procedimiento-judicial-laboral\\\/\",\"name\":\"En plenario en Diputados analizan proyecto de procedimiento judicial laboral - Diario Textual\",\"isPartOf\":{\"@id\":\"https:\\\/\\\/diariotextual.com\\\/inicio\\\/#website\"},\"primaryImageOfPage\":{\"@id\":\"https:\\\/\\\/diariotextual.com\\\/inicio\\\/index.php\\\/2023\\\/07\\\/26\\\/en-plenario-en-diputados-analizan-proyecto-de-procedimiento-judicial-laboral\\\/#primaryimage\"},\"image\":{\"@id\":\"https:\\\/\\\/diariotextual.com\\\/inicio\\\/index.php\\\/2023\\\/07\\\/26\\\/en-plenario-en-diputados-analizan-proyecto-de-procedimiento-judicial-laboral\\\/#primaryimage\"},\"thumbnailUrl\":\"https:\\\/\\\/diariotextual.com\\\/inicio\\\/wp-content\\\/uploads\\\/2023\\\/07\\\/mayoralalicialujangonzalezjulio2023-12.jpg\",\"datePublished\":\"2023-07-26T14:25:23+00:00\",\"dateModified\":\"2023-07-26T23:02:16+00:00\",\"breadcrumb\":{\"@id\":\"https:\\\/\\\/diariotextual.com\\\/inicio\\\/index.php\\\/2023\\\/07\\\/26\\\/en-plenario-en-diputados-analizan-proyecto-de-procedimiento-judicial-laboral\\\/#breadcrumb\"},\"inLanguage\":\"es\",\"potentialAction\":[{\"@type\":\"ReadAction\",\"target\":[\"https:\\\/\\\/diariotextual.com\\\/inicio\\\/index.php\\\/2023\\\/07\\\/26\\\/en-plenario-en-diputados-analizan-proyecto-de-procedimiento-judicial-laboral\\\/\"]}]},{\"@type\":\"ImageObject\",\"inLanguage\":\"es\",\"@id\":\"https:\\\/\\\/diariotextual.com\\\/inicio\\\/index.php\\\/2023\\\/07\\\/26\\\/en-plenario-en-diputados-analizan-proyecto-de-procedimiento-judicial-laboral\\\/#primaryimage\",\"url\":\"https:\\\/\\\/diariotextual.com\\\/inicio\\\/wp-content\\\/uploads\\\/2023\\\/07\\\/mayoralalicialujangonzalezjulio2023-12.jpg\",\"contentUrl\":\"https:\\\/\\\/diariotextual.com\\\/inicio\\\/wp-content\\\/uploads\\\/2023\\\/07\\\/mayoralalicialujangonzalezjulio2023-12.jpg\",\"width\":1500,\"height\":993},{\"@type\":\"BreadcrumbList\",\"@id\":\"https:\\\/\\\/diariotextual.com\\\/inicio\\\/index.php\\\/2023\\\/07\\\/26\\\/en-plenario-en-diputados-analizan-proyecto-de-procedimiento-judicial-laboral\\\/#breadcrumb\",\"itemListElement\":[{\"@type\":\"ListItem\",\"position\":1,\"name\":\"Portada\",\"item\":\"https:\\\/\\\/diariotextual.com\\\/inicio\\\/\"},{\"@type\":\"ListItem\",\"position\":2,\"name\":\"En plenario en Diputados analizan proyecto de procedimiento judicial laboral\"}]},{\"@type\":\"WebSite\",\"@id\":\"https:\\\/\\\/diariotextual.com\\\/inicio\\\/#website\",\"url\":\"https:\\\/\\\/diariotextual.com\\\/inicio\\\/\",\"name\":\"Diario Textual\",\"description\":\"\",\"publisher\":{\"@id\":\"https:\\\/\\\/diariotextual.com\\\/inicio\\\/#organization\"},\"potentialAction\":[{\"@type\":\"SearchAction\",\"target\":{\"@type\":\"EntryPoint\",\"urlTemplate\":\"https:\\\/\\\/diariotextual.com\\\/inicio\\\/?s={search_term_string}\"},\"query-input\":{\"@type\":\"PropertyValueSpecification\",\"valueRequired\":true,\"valueName\":\"search_term_string\"}}],\"inLanguage\":\"es\"},{\"@type\":\"Organization\",\"@id\":\"https:\\\/\\\/diariotextual.com\\\/inicio\\\/#organization\",\"name\":\"Diario Textual\",\"url\":\"https:\\\/\\\/diariotextual.com\\\/inicio\\\/\",\"logo\":{\"@type\":\"ImageObject\",\"inLanguage\":\"es\",\"@id\":\"https:\\\/\\\/diariotextual.com\\\/inicio\\\/#\\\/schema\\\/logo\\\/image\\\/\",\"url\":\"https:\\\/\\\/diariotextual.com\\\/inicio\\\/wp-content\\\/uploads\\\/2023\\\/05\\\/logotextual1.jpg\",\"contentUrl\":\"https:\\\/\\\/diariotextual.com\\\/inicio\\\/wp-content\\\/uploads\\\/2023\\\/05\\\/logotextual1.jpg\",\"width\":516,\"height\":76,\"caption\":\"Diario Textual\"},\"image\":{\"@id\":\"https:\\\/\\\/diariotextual.com\\\/inicio\\\/#\\\/schema\\\/logo\\\/image\\\/\"},\"sameAs\":[\"https:\\\/\\\/www.facebook.com\\\/eltextual\",\"https:\\\/\\\/x.com\\\/eltextual\",\"http:\\\/\\\/www.instagram.com\\\/eltextual\"]},{\"@type\":\"Person\",\"@id\":\"https:\\\/\\\/diariotextual.com\\\/inicio\\\/#\\\/schema\\\/person\\\/418fc4093c33e86ed41562db3508f958\",\"name\":\"Diario1 Diario1\",\"image\":{\"@type\":\"ImageObject\",\"inLanguage\":\"es\",\"@id\":\"https:\\\/\\\/secure.gravatar.com\\\/avatar\\\/9167d280179c85bc18be67aa7eda765854300033af4896dd779b608640f2ef7a?s=96&d=mm&r=g\",\"url\":\"https:\\\/\\\/secure.gravatar.com\\\/avatar\\\/9167d280179c85bc18be67aa7eda765854300033af4896dd779b608640f2ef7a?s=96&d=mm&r=g\",\"contentUrl\":\"https:\\\/\\\/secure.gravatar.com\\\/avatar\\\/9167d280179c85bc18be67aa7eda765854300033af4896dd779b608640f2ef7a?s=96&d=mm&r=g\",\"caption\":\"Diario1 Diario1\"},\"url\":\"https:\\\/\\\/diariotextual.com\\\/inicio\\\/index.php\\\/author\\\/diario1\\\/\"}]}<\/script>\n<!-- \/ Yoast SEO plugin. -->","yoast_head_json":{"title":"En plenario en Diputados analizan proyecto de procedimiento judicial laboral - Diario Textual","robots":{"index":"index","follow":"follow","max-snippet":"max-snippet:-1","max-image-preview":"max-image-preview:large","max-video-preview":"max-video-preview:-1"},"canonical":"https:\/\/diariotextual.com\/inicio\/index.php\/2023\/07\/26\/en-plenario-en-diputados-analizan-proyecto-de-procedimiento-judicial-laboral\/","og_locale":"es_ES","og_type":"article","og_title":"En plenario en Diputados analizan proyecto de procedimiento judicial laboral - Diario Textual","og_description":"Se conform\u00f3 un Plenario de comisiones de Asuntos Constitucionales, Hacienda y Presupuesto y Legislaci\u00f3n General para seguir analizando el proyecto del Poder Ejecutivo por la cual se propicia la sanci\u00f3n&hellip;","og_url":"https:\/\/diariotextual.com\/inicio\/index.php\/2023\/07\/26\/en-plenario-en-diputados-analizan-proyecto-de-procedimiento-judicial-laboral\/","og_site_name":"Diario Textual","article_publisher":"https:\/\/www.facebook.com\/eltextual","article_published_time":"2023-07-26T14:25:23+00:00","article_modified_time":"2023-07-26T23:02:16+00:00","og_image":[{"width":1500,"height":993,"url":"https:\/\/diariotextual.com\/inicio\/wp-content\/uploads\/2023\/07\/mayoralalicialujangonzalezjulio2023-12.jpg","type":"image\/jpeg"}],"author":"Diario1 Diario1","twitter_card":"summary_large_image","twitter_creator":"@eltextual","twitter_site":"@eltextual","twitter_misc":{"Escrito por":"Diario1 Diario1","Tiempo de lectura":"2 minutos"},"schema":{"@context":"https:\/\/schema.org","@graph":[{"@type":"Article","@id":"https:\/\/diariotextual.com\/inicio\/index.php\/2023\/07\/26\/en-plenario-en-diputados-analizan-proyecto-de-procedimiento-judicial-laboral\/#article","isPartOf":{"@id":"https:\/\/diariotextual.com\/inicio\/index.php\/2023\/07\/26\/en-plenario-en-diputados-analizan-proyecto-de-procedimiento-judicial-laboral\/"},"author":{"name":"Diario1 Diario1","@id":"https:\/\/diariotextual.com\/inicio\/#\/schema\/person\/418fc4093c33e86ed41562db3508f958"},"headline":"En plenario en Diputados analizan proyecto de procedimiento judicial laboral","datePublished":"2023-07-26T14:25:23+00:00","dateModified":"2023-07-26T23:02:16+00:00","mainEntityOfPage":{"@id":"https:\/\/diariotextual.com\/inicio\/index.php\/2023\/07\/26\/en-plenario-en-diputados-analizan-proyecto-de-procedimiento-judicial-laboral\/"},"wordCount":328,"publisher":{"@id":"https:\/\/diariotextual.com\/inicio\/#organization"},"image":{"@id":"https:\/\/diariotextual.com\/inicio\/index.php\/2023\/07\/26\/en-plenario-en-diputados-analizan-proyecto-de-procedimiento-judicial-laboral\/#primaryimage"},"thumbnailUrl":"https:\/\/diariotextual.com\/inicio\/wp-content\/uploads\/2023\/07\/mayoralalicialujangonzalezjulio2023-12.jpg","articleSection":["A - ES NOTICIA (van abajo)","A - QUE PASA (al costado)","POLITICA"],"inLanguage":"es"},{"@type":"WebPage","@id":"https:\/\/diariotextual.com\/inicio\/index.php\/2023\/07\/26\/en-plenario-en-diputados-analizan-proyecto-de-procedimiento-judicial-laboral\/","url":"https:\/\/diariotextual.com\/inicio\/index.php\/2023\/07\/26\/en-plenario-en-diputados-analizan-proyecto-de-procedimiento-judicial-laboral\/","name":"En plenario en Diputados analizan proyecto de procedimiento judicial laboral - Diario Textual","isPartOf":{"@id":"https:\/\/diariotextual.com\/inicio\/#website"},"primaryImageOfPage":{"@id":"https:\/\/diariotextual.com\/inicio\/index.php\/2023\/07\/26\/en-plenario-en-diputados-analizan-proyecto-de-procedimiento-judicial-laboral\/#primaryimage"},"image":{"@id":"https:\/\/diariotextual.com\/inicio\/index.php\/2023\/07\/26\/en-plenario-en-diputados-analizan-proyecto-de-procedimiento-judicial-laboral\/#primaryimage"},"thumbnailUrl":"https:\/\/diariotextual.com\/inicio\/wp-content\/uploads\/2023\/07\/mayoralalicialujangonzalezjulio2023-12.jpg","datePublished":"2023-07-26T14:25:23+00:00","dateModified":"2023-07-26T23:02:16+00:00","breadcrumb":{"@id":"https:\/\/diariotextual.com\/inicio\/index.php\/2023\/07\/26\/en-plenario-en-diputados-analizan-proyecto-de-procedimiento-judicial-laboral\/#breadcrumb"},"inLanguage":"es","potentialAction":[{"@type":"ReadAction","target":["https:\/\/diariotextual.com\/inicio\/index.php\/2023\/07\/26\/en-plenario-en-diputados-analizan-proyecto-de-procedimiento-judicial-laboral\/"]}]},{"@type":"ImageObject","inLanguage":"es","@id":"https:\/\/diariotextual.com\/inicio\/index.php\/2023\/07\/26\/en-plenario-en-diputados-analizan-proyecto-de-procedimiento-judicial-laboral\/#primaryimage","url":"https:\/\/diariotextual.com\/inicio\/wp-content\/uploads\/2023\/07\/mayoralalicialujangonzalezjulio2023-12.jpg","contentUrl":"https:\/\/diariotextual.com\/inicio\/wp-content\/uploads\/2023\/07\/mayoralalicialujangonzalezjulio2023-12.jpg","width":1500,"height":993},{"@type":"BreadcrumbList","@id":"https:\/\/diariotextual.com\/inicio\/index.php\/2023\/07\/26\/en-plenario-en-diputados-analizan-proyecto-de-procedimiento-judicial-laboral\/#breadcrumb","itemListElement":[{"@type":"ListItem","position":1,"name":"Portada","item":"https:\/\/diariotextual.com\/inicio\/"},{"@type":"ListItem","position":2,"name":"En plenario en Diputados analizan proyecto de procedimiento judicial laboral"}]},{"@type":"WebSite","@id":"https:\/\/diariotextual.com\/inicio\/#website","url":"https:\/\/diariotextual.com\/inicio\/","name":"Diario Textual","description":"","publisher":{"@id":"https:\/\/diariotextual.com\/inicio\/#organization"},"potentialAction":[{"@type":"SearchAction","target":{"@type":"EntryPoint","urlTemplate":"https:\/\/diariotextual.com\/inicio\/?s={search_term_string}"},"query-input":{"@type":"PropertyValueSpecification","valueRequired":true,"valueName":"search_term_string"}}],"inLanguage":"es"},{"@type":"Organization","@id":"https:\/\/diariotextual.com\/inicio\/#organization","name":"Diario Textual","url":"https:\/\/diariotextual.com\/inicio\/","logo":{"@type":"ImageObject","inLanguage":"es","@id":"https:\/\/diariotextual.com\/inicio\/#\/schema\/logo\/image\/","url":"https:\/\/diariotextual.com\/inicio\/wp-content\/uploads\/2023\/05\/logotextual1.jpg","contentUrl":"https:\/\/diariotextual.com\/inicio\/wp-content\/uploads\/2023\/05\/logotextual1.jpg","width":516,"height":76,"caption":"Diario Textual"},"image":{"@id":"https:\/\/diariotextual.com\/inicio\/#\/schema\/logo\/image\/"},"sameAs":["https:\/\/www.facebook.com\/eltextual","https:\/\/x.com\/eltextual","http:\/\/www.instagram.com\/eltextual"]},{"@type":"Person","@id":"https:\/\/diariotextual.com\/inicio\/#\/schema\/person\/418fc4093c33e86ed41562db3508f958","name":"Diario1 Diario1","image":{"@type":"ImageObject","inLanguage":"es","@id":"https:\/\/secure.gravatar.com\/avatar\/9167d280179c85bc18be67aa7eda765854300033af4896dd779b608640f2ef7a?s=96&d=mm&r=g","url":"https:\/\/secure.gravatar.com\/avatar\/9167d280179c85bc18be67aa7eda765854300033af4896dd779b608640f2ef7a?s=96&d=mm&r=g","contentUrl":"https:\/\/secure.gravatar.com\/avatar\/9167d280179c85bc18be67aa7eda765854300033af4896dd779b608640f2ef7a?s=96&d=mm&r=g","caption":"Diario1 Diario1"},"url":"https:\/\/diariotextual.com\/inicio\/index.php\/author\/diario1\/"}]}},"_links":{"self":[{"href":"https:\/\/diariotextual.com\/inicio\/index.php\/wp-json\/wp\/v2\/posts\/231917","targetHints":{"allow":["GET"]}}],"collection":[{"href":"https:\/\/diariotextual.com\/inicio\/index.php\/wp-json\/wp\/v2\/posts"}],"about":[{"href":"https:\/\/diariotextual.com\/inicio\/index.php\/wp-json\/wp\/v2\/types\/post"}],"author":[{"embeddable":true,"href":"https:\/\/diariotextual.com\/inicio\/index.php\/wp-json\/wp\/v2\/users\/3"}],"replies":[{"embeddable":true,"href":"https:\/\/diariotextual.com\/inicio\/index.php\/wp-json\/wp\/v2\/comments?post=231917"}],"version-history":[{"count":1,"href":"https:\/\/diariotextual.com\/inicio\/index.php\/wp-json\/wp\/v2\/posts\/231917\/revisions"}],"predecessor-version":[{"id":231918,"href":"https:\/\/diariotextual.com\/inicio\/index.php\/wp-json\/wp\/v2\/posts\/231917\/revisions\/231918"}],"wp:featuredmedia":[{"embeddable":true,"href":"https:\/\/diariotextual.com\/inicio\/index.php\/wp-json\/wp\/v2\/media\/231919"}],"wp:attachment":[{"href":"https:\/\/diariotextual.com\/inicio\/index.php\/wp-json\/wp\/v2\/media?parent=231917"}],"wp:term":[{"taxonomy":"category","embeddable":true,"href":"https:\/\/diariotextual.com\/inicio\/index.php\/wp-json\/wp\/v2\/categories?post=231917"},{"taxonomy":"post_tag","embeddable":true,"href":"https:\/\/diariotextual.com\/inicio\/index.php\/wp-json\/wp\/v2\/tags?post=231917"}],"curies":[{"name":"wp","href":"https:\/\/api.w.org\/{rel}","templated":true}]}}