{"id":231924,"date":"2023-07-26T12:21:54","date_gmt":"2023-07-26T15:21:54","guid":{"rendered":"https:\/\/diariotextual.com\/inicio\/?p=231924"},"modified":"2023-07-26T18:07:01","modified_gmt":"2023-07-26T21:07:01","slug":"anchorena-10-anos-de-carcel-por-pegarle-un-tiro-en-la-cara-a-su-pareja","status":"publish","type":"post","link":"https:\/\/diariotextual.com\/inicio\/index.php\/2023\/07\/26\/anchorena-10-anos-de-carcel-por-pegarle-un-tiro-en-la-cara-a-su-pareja\/","title":{"rendered":"Anchorena: 10 a\u00f1os de c\u00e1rcel por pegarle un tiro en la cara a su pareja"},"content":{"rendered":"\n<p>El hombre que el a\u00f1o pasado<strong> le dispar\u00f3 en la cara a su pareja<\/strong>, en el pueblo de<strong> Tom\u00e1s Manuel de Anchorena<\/strong>, fue condenado hoy a<strong> diez a\u00f1os y tres meses de prisi\u00f3n de cumplimiento efectivo<\/strong>, como autor del<strong><em> delito de homicidio calificado por la relaci\u00f3n de pareja y por femicidio, en grado de tentativa.<\/em><\/strong><\/p>\n\n\n\n<p>La sentencia contra <strong>Gustavo Rolando Rudolf <\/strong>fue dictada por el juez de audiencia santarrose\u00f1o <strong>Daniel S\u00e1ez Zamora<\/strong>, a partir de un acuerdo de juicio abreviado presentado conjuntamente por la fiscala <strong>Mar\u00eda Cecilia Molinari<\/strong>, el querellante particular<strong> Sergio S\u00e1nchez Alustiza<\/strong> \u2013en representaci\u00f3n de la hija de la v\u00edctima\u2013 y el propio imputado, cuyo abogado particular es <strong>Omar Gebruers.<\/strong><\/p>\n\n\n\n<p>Adem\u00e1s se le mantuvo la medida coercitiva oportunamente \u2013permanece detenido con prisi\u00f3n preventiva\u2013 hasta que el fallo quede firme.<\/p>\n\n\n\n<div style=\"height:100px\" aria-hidden=\"true\" class=\"wp-block-spacer\"><\/div>\n\n\n\n<p><strong>El caso<\/strong><\/p>\n\n\n\n<p>El hecho ocurri\u00f3 el 19 de mayo de 2022 a la hora de la siesta, en el domicilio donde ambos conviv\u00edan. En ese contexto, Rudolf, de 55 a\u00f1os,<strong> \u201chiri\u00f3 con un disparo de arma de fuego (carabina calibre 22) en la cara (a su pareja), caus\u00e1ndole heridas de consideraci\u00f3n que pusieron en riesgo su vida y que sobrevivi\u00f3 por razones ajenas a la voluntad\u201d del agresor.<\/strong><\/p>\n\n\n\n<p>En la resoluci\u00f3n puede leerse que el acusado, <strong>en el primer contacto con un polic\u00eda, afirm\u00f3 que el disparo hab\u00eda sido accidental. Pero luego admiti\u00f3 espont\u00e1neamente ante el encargado de la comisar\u00eda que, en medio de una discusi\u00f3n, agarr\u00f3 el arma, \u201cse puso en blanco\u201d y dispar\u00f3. Ambos uniformados ratificaron en sus declaraciones testimoniales esta \u00faltima versi\u00f3n.<\/strong><\/p>\n\n\n\n<p>Incluso una pericia mostr\u00f3 que<strong> la carabina no es un arma de \u201cmecanismo liviano o celosa\u201d y que se necesita \u201cuna fuerza superior a 20 N o 2 kilos para liberar el mecanismo de disparo <\/strong>(\u2026) Es decir que el acusado, para efectuar el disparo, debi\u00f3 ejercer una fuerza considerable, por lo que es poco probable\u201d que haya gatillado en forma accidental. Ello corrobor\u00f3 los dichos de los dos polic\u00edas.<\/p>\n\n\n\n<p>\u201cLa zona donde fue causada la herida demuestra que <strong>la intenci\u00f3n (del victimario) fue la de matar<\/strong>; dado que el proyectil impact\u00f3 en una regi\u00f3n vital del cuerpo de la v\u00edctima y la corta distancia desde la que se efectu\u00f3 el disparo\u201d, expres\u00f3 S\u00e1ez Zamora en la sentencia.<\/p>\n\n\n\n<p>Agreg\u00f3: \u201cEl resultado final de muerte era el que mayor probabilidades ten\u00eda dentro del curso causal planeado por el accionar del acusado, circunstancia que no result\u00f3 de esa manera por razones ajenas a su voluntad\u201d; especialmente por los cuidados m\u00e9dicos recibidos por la mujer en el hospital Lucio Molas.<\/p>\n\n\n\n<div style=\"height:100px\" aria-hidden=\"true\" class=\"wp-block-spacer\"><\/div>\n\n\n\n<p><strong>Indemnizaci\u00f3n<\/strong><\/p>\n\n\n\n<p><strong>Un hecho novedoso del fallo es que dentro del acuerdo de juicio abreviado se incluy\u00f3 una indemnizaci\u00f3n por el da\u00f1o provocado a la v\u00edctima, algo previsto en el art\u00edculo 29, inciso 2) del C\u00f3digo Penal referido a la reparaci\u00f3n de perjuicios. All\u00ed se estableci\u00f3 que Rudolf entreg\u00f3 a su expareja la titularidad de un Nissan Sentra modelo 2011 y la decisi\u00f3n de los derechos de la casa que le fuera adjudicada a \u00e9l y donde se produjo el violento episodio.<\/strong><\/p>\n\n\n\n<p>Por \u00faltimo, el magistrado \u2013en base al acuerdo de las partes\u2013 sobresey\u00f3 al imputado por la tenencia de arma de fuego sin la debida autorizaci\u00f3n legal, teniendo en cuenta que entreg\u00f3 voluntariamente a carabina y, por ello, es aplicable la amnist\u00eda dispuesta por la ley 26216 (Programa Nacional de Entrega Voluntaria de Armas de Fuego).<\/p>\n\n\n\n<p>En esta clase de procedimientos alternativos como el juicio abreviado, los jueces y juezas no pueden fijar penas m\u00e1s gravosas que las requeridas por el Ministerio P\u00fablico Fiscal.\u200b<\/p>\n\n\n\n<p><\/p>\n","protected":false},"excerpt":{"rendered":"<p>El hombre que el a\u00f1o pasado le dispar\u00f3 en la cara a su pareja, en el pueblo de Tom\u00e1s Manuel de Anchorena, fue condenado hoy a diez a\u00f1os y tres&hellip;<\/p>\n","protected":false},"author":3,"featured_media":139627,"comment_status":"closed","ping_status":"open","sticky":false,"template":"","format":"standard","meta":{"_acf_changed":false,"footnotes":""},"categories":[1,11,12],"tags":[],"class_list":["post-231924","post","type-post","status-publish","format-standard","has-post-thumbnail","hentry","category-es-noticia","category-que-pasa","category-sociedad"],"acf":[],"yoast_head":"<!-- This site is optimized with the Yoast SEO plugin v27.5 - https:\/\/yoast.com\/product\/yoast-seo-wordpress\/ -->\n<title>Anchorena: 10 a\u00f1os de c\u00e1rcel por pegarle un tiro en la cara a su pareja - Diario Textual<\/title>\n<meta name=\"robots\" content=\"index, follow, max-snippet:-1, max-image-preview:large, max-video-preview:-1\" \/>\n<link rel=\"canonical\" href=\"https:\/\/diariotextual.com\/inicio\/index.php\/2023\/07\/26\/anchorena-10-anos-de-carcel-por-pegarle-un-tiro-en-la-cara-a-su-pareja\/\" \/>\n<meta property=\"og:locale\" content=\"es_ES\" \/>\n<meta property=\"og:type\" content=\"article\" \/>\n<meta property=\"og:title\" content=\"Anchorena: 10 a\u00f1os de c\u00e1rcel por pegarle un tiro en la cara a su pareja - Diario Textual\" \/>\n<meta property=\"og:description\" content=\"El hombre que el a\u00f1o pasado le dispar\u00f3 en la cara a su pareja, en el pueblo de Tom\u00e1s Manuel de Anchorena, fue condenado hoy a diez a\u00f1os y tres&hellip;\" \/>\n<meta property=\"og:url\" content=\"https:\/\/diariotextual.com\/inicio\/index.php\/2023\/07\/26\/anchorena-10-anos-de-carcel-por-pegarle-un-tiro-en-la-cara-a-su-pareja\/\" \/>\n<meta property=\"og:site_name\" content=\"Diario Textual\" \/>\n<meta property=\"article:publisher\" content=\"https:\/\/www.facebook.com\/eltextual\" \/>\n<meta property=\"article:published_time\" content=\"2023-07-26T15:21:54+00:00\" \/>\n<meta property=\"article:modified_time\" content=\"2023-07-26T21:07:01+00:00\" \/>\n<meta property=\"og:image\" content=\"https:\/\/diariotextual.com\/inicio\/wp-content\/uploads\/2021\/03\/anchorenaacceso33.jpg\" \/>\n\t<meta property=\"og:image:width\" content=\"900\" \/>\n\t<meta property=\"og:image:height\" content=\"507\" \/>\n\t<meta property=\"og:image:type\" content=\"image\/jpeg\" \/>\n<meta name=\"author\" content=\"Diario1 Diario1\" \/>\n<meta name=\"twitter:card\" content=\"summary_large_image\" \/>\n<meta name=\"twitter:creator\" content=\"@eltextual\" \/>\n<meta name=\"twitter:site\" content=\"@eltextual\" \/>\n<meta name=\"twitter:label1\" content=\"Escrito por\" \/>\n\t<meta name=\"twitter:data1\" content=\"Diario1 Diario1\" \/>\n\t<meta name=\"twitter:label2\" content=\"Tiempo de lectura\" \/>\n\t<meta name=\"twitter:data2\" content=\"3 minutos\" \/>\n<script type=\"application\/ld+json\" class=\"yoast-schema-graph\">{\"@context\":\"https:\\\/\\\/schema.org\",\"@graph\":[{\"@type\":\"Article\",\"@id\":\"https:\\\/\\\/diariotextual.com\\\/inicio\\\/index.php\\\/2023\\\/07\\\/26\\\/anchorena-10-anos-de-carcel-por-pegarle-un-tiro-en-la-cara-a-su-pareja\\\/#article\",\"isPartOf\":{\"@id\":\"https:\\\/\\\/diariotextual.com\\\/inicio\\\/index.php\\\/2023\\\/07\\\/26\\\/anchorena-10-anos-de-carcel-por-pegarle-un-tiro-en-la-cara-a-su-pareja\\\/\"},\"author\":{\"name\":\"Diario1 Diario1\",\"@id\":\"https:\\\/\\\/diariotextual.com\\\/inicio\\\/#\\\/schema\\\/person\\\/418fc4093c33e86ed41562db3508f958\"},\"headline\":\"Anchorena: 10 a\u00f1os de c\u00e1rcel por pegarle un tiro en la cara a su pareja\",\"datePublished\":\"2023-07-26T15:21:54+00:00\",\"dateModified\":\"2023-07-26T21:07:01+00:00\",\"mainEntityOfPage\":{\"@id\":\"https:\\\/\\\/diariotextual.com\\\/inicio\\\/index.php\\\/2023\\\/07\\\/26\\\/anchorena-10-anos-de-carcel-por-pegarle-un-tiro-en-la-cara-a-su-pareja\\\/\"},\"wordCount\":635,\"publisher\":{\"@id\":\"https:\\\/\\\/diariotextual.com\\\/inicio\\\/#organization\"},\"image\":{\"@id\":\"https:\\\/\\\/diariotextual.com\\\/inicio\\\/index.php\\\/2023\\\/07\\\/26\\\/anchorena-10-anos-de-carcel-por-pegarle-un-tiro-en-la-cara-a-su-pareja\\\/#primaryimage\"},\"thumbnailUrl\":\"https:\\\/\\\/diariotextual.com\\\/inicio\\\/wp-content\\\/uploads\\\/2021\\\/03\\\/anchorenaacceso33.jpg\",\"articleSection\":[\"A - ES NOTICIA (van abajo)\",\"A - QUE PASA (al costado)\",\"SOCIEDAD\"],\"inLanguage\":\"es\"},{\"@type\":\"WebPage\",\"@id\":\"https:\\\/\\\/diariotextual.com\\\/inicio\\\/index.php\\\/2023\\\/07\\\/26\\\/anchorena-10-anos-de-carcel-por-pegarle-un-tiro-en-la-cara-a-su-pareja\\\/\",\"url\":\"https:\\\/\\\/diariotextual.com\\\/inicio\\\/index.php\\\/2023\\\/07\\\/26\\\/anchorena-10-anos-de-carcel-por-pegarle-un-tiro-en-la-cara-a-su-pareja\\\/\",\"name\":\"Anchorena: 10 a\u00f1os de c\u00e1rcel por pegarle un tiro en la cara a su pareja - Diario Textual\",\"isPartOf\":{\"@id\":\"https:\\\/\\\/diariotextual.com\\\/inicio\\\/#website\"},\"primaryImageOfPage\":{\"@id\":\"https:\\\/\\\/diariotextual.com\\\/inicio\\\/index.php\\\/2023\\\/07\\\/26\\\/anchorena-10-anos-de-carcel-por-pegarle-un-tiro-en-la-cara-a-su-pareja\\\/#primaryimage\"},\"image\":{\"@id\":\"https:\\\/\\\/diariotextual.com\\\/inicio\\\/index.php\\\/2023\\\/07\\\/26\\\/anchorena-10-anos-de-carcel-por-pegarle-un-tiro-en-la-cara-a-su-pareja\\\/#primaryimage\"},\"thumbnailUrl\":\"https:\\\/\\\/diariotextual.com\\\/inicio\\\/wp-content\\\/uploads\\\/2021\\\/03\\\/anchorenaacceso33.jpg\",\"datePublished\":\"2023-07-26T15:21:54+00:00\",\"dateModified\":\"2023-07-26T21:07:01+00:00\",\"breadcrumb\":{\"@id\":\"https:\\\/\\\/diariotextual.com\\\/inicio\\\/index.php\\\/2023\\\/07\\\/26\\\/anchorena-10-anos-de-carcel-por-pegarle-un-tiro-en-la-cara-a-su-pareja\\\/#breadcrumb\"},\"inLanguage\":\"es\",\"potentialAction\":[{\"@type\":\"ReadAction\",\"target\":[\"https:\\\/\\\/diariotextual.com\\\/inicio\\\/index.php\\\/2023\\\/07\\\/26\\\/anchorena-10-anos-de-carcel-por-pegarle-un-tiro-en-la-cara-a-su-pareja\\\/\"]}]},{\"@type\":\"ImageObject\",\"inLanguage\":\"es\",\"@id\":\"https:\\\/\\\/diariotextual.com\\\/inicio\\\/index.php\\\/2023\\\/07\\\/26\\\/anchorena-10-anos-de-carcel-por-pegarle-un-tiro-en-la-cara-a-su-pareja\\\/#primaryimage\",\"url\":\"https:\\\/\\\/diariotextual.com\\\/inicio\\\/wp-content\\\/uploads\\\/2021\\\/03\\\/anchorenaacceso33.jpg\",\"contentUrl\":\"https:\\\/\\\/diariotextual.com\\\/inicio\\\/wp-content\\\/uploads\\\/2021\\\/03\\\/anchorenaacceso33.jpg\",\"width\":900,\"height\":507},{\"@type\":\"BreadcrumbList\",\"@id\":\"https:\\\/\\\/diariotextual.com\\\/inicio\\\/index.php\\\/2023\\\/07\\\/26\\\/anchorena-10-anos-de-carcel-por-pegarle-un-tiro-en-la-cara-a-su-pareja\\\/#breadcrumb\",\"itemListElement\":[{\"@type\":\"ListItem\",\"position\":1,\"name\":\"Portada\",\"item\":\"https:\\\/\\\/diariotextual.com\\\/inicio\\\/\"},{\"@type\":\"ListItem\",\"position\":2,\"name\":\"Anchorena: 10 a\u00f1os de c\u00e1rcel por pegarle un tiro en la cara a su pareja\"}]},{\"@type\":\"WebSite\",\"@id\":\"https:\\\/\\\/diariotextual.com\\\/inicio\\\/#website\",\"url\":\"https:\\\/\\\/diariotextual.com\\\/inicio\\\/\",\"name\":\"Diario Textual\",\"description\":\"\",\"publisher\":{\"@id\":\"https:\\\/\\\/diariotextual.com\\\/inicio\\\/#organization\"},\"potentialAction\":[{\"@type\":\"SearchAction\",\"target\":{\"@type\":\"EntryPoint\",\"urlTemplate\":\"https:\\\/\\\/diariotextual.com\\\/inicio\\\/?s={search_term_string}\"},\"query-input\":{\"@type\":\"PropertyValueSpecification\",\"valueRequired\":true,\"valueName\":\"search_term_string\"}}],\"inLanguage\":\"es\"},{\"@type\":\"Organization\",\"@id\":\"https:\\\/\\\/diariotextual.com\\\/inicio\\\/#organization\",\"name\":\"Diario Textual\",\"url\":\"https:\\\/\\\/diariotextual.com\\\/inicio\\\/\",\"logo\":{\"@type\":\"ImageObject\",\"inLanguage\":\"es\",\"@id\":\"https:\\\/\\\/diariotextual.com\\\/inicio\\\/#\\\/schema\\\/logo\\\/image\\\/\",\"url\":\"https:\\\/\\\/diariotextual.com\\\/inicio\\\/wp-content\\\/uploads\\\/2023\\\/05\\\/logotextual1.jpg\",\"contentUrl\":\"https:\\\/\\\/diariotextual.com\\\/inicio\\\/wp-content\\\/uploads\\\/2023\\\/05\\\/logotextual1.jpg\",\"width\":516,\"height\":76,\"caption\":\"Diario Textual\"},\"image\":{\"@id\":\"https:\\\/\\\/diariotextual.com\\\/inicio\\\/#\\\/schema\\\/logo\\\/image\\\/\"},\"sameAs\":[\"https:\\\/\\\/www.facebook.com\\\/eltextual\",\"https:\\\/\\\/x.com\\\/eltextual\",\"http:\\\/\\\/www.instagram.com\\\/eltextual\"]},{\"@type\":\"Person\",\"@id\":\"https:\\\/\\\/diariotextual.com\\\/inicio\\\/#\\\/schema\\\/person\\\/418fc4093c33e86ed41562db3508f958\",\"name\":\"Diario1 Diario1\",\"image\":{\"@type\":\"ImageObject\",\"inLanguage\":\"es\",\"@id\":\"https:\\\/\\\/secure.gravatar.com\\\/avatar\\\/9167d280179c85bc18be67aa7eda765854300033af4896dd779b608640f2ef7a?s=96&d=mm&r=g\",\"url\":\"https:\\\/\\\/secure.gravatar.com\\\/avatar\\\/9167d280179c85bc18be67aa7eda765854300033af4896dd779b608640f2ef7a?s=96&d=mm&r=g\",\"contentUrl\":\"https:\\\/\\\/secure.gravatar.com\\\/avatar\\\/9167d280179c85bc18be67aa7eda765854300033af4896dd779b608640f2ef7a?s=96&d=mm&r=g\",\"caption\":\"Diario1 Diario1\"},\"url\":\"https:\\\/\\\/diariotextual.com\\\/inicio\\\/index.php\\\/author\\\/diario1\\\/\"}]}<\/script>\n<!-- \/ Yoast SEO plugin. -->","yoast_head_json":{"title":"Anchorena: 10 a\u00f1os de c\u00e1rcel por pegarle un tiro en la cara a su pareja - Diario Textual","robots":{"index":"index","follow":"follow","max-snippet":"max-snippet:-1","max-image-preview":"max-image-preview:large","max-video-preview":"max-video-preview:-1"},"canonical":"https:\/\/diariotextual.com\/inicio\/index.php\/2023\/07\/26\/anchorena-10-anos-de-carcel-por-pegarle-un-tiro-en-la-cara-a-su-pareja\/","og_locale":"es_ES","og_type":"article","og_title":"Anchorena: 10 a\u00f1os de c\u00e1rcel por pegarle un tiro en la cara a su pareja - Diario Textual","og_description":"El hombre que el a\u00f1o pasado le dispar\u00f3 en la cara a su pareja, en el pueblo de Tom\u00e1s Manuel de Anchorena, fue condenado hoy a diez a\u00f1os y tres&hellip;","og_url":"https:\/\/diariotextual.com\/inicio\/index.php\/2023\/07\/26\/anchorena-10-anos-de-carcel-por-pegarle-un-tiro-en-la-cara-a-su-pareja\/","og_site_name":"Diario Textual","article_publisher":"https:\/\/www.facebook.com\/eltextual","article_published_time":"2023-07-26T15:21:54+00:00","article_modified_time":"2023-07-26T21:07:01+00:00","og_image":[{"width":900,"height":507,"url":"https:\/\/diariotextual.com\/inicio\/wp-content\/uploads\/2021\/03\/anchorenaacceso33.jpg","type":"image\/jpeg"}],"author":"Diario1 Diario1","twitter_card":"summary_large_image","twitter_creator":"@eltextual","twitter_site":"@eltextual","twitter_misc":{"Escrito por":"Diario1 Diario1","Tiempo de lectura":"3 minutos"},"schema":{"@context":"https:\/\/schema.org","@graph":[{"@type":"Article","@id":"https:\/\/diariotextual.com\/inicio\/index.php\/2023\/07\/26\/anchorena-10-anos-de-carcel-por-pegarle-un-tiro-en-la-cara-a-su-pareja\/#article","isPartOf":{"@id":"https:\/\/diariotextual.com\/inicio\/index.php\/2023\/07\/26\/anchorena-10-anos-de-carcel-por-pegarle-un-tiro-en-la-cara-a-su-pareja\/"},"author":{"name":"Diario1 Diario1","@id":"https:\/\/diariotextual.com\/inicio\/#\/schema\/person\/418fc4093c33e86ed41562db3508f958"},"headline":"Anchorena: 10 a\u00f1os de c\u00e1rcel por pegarle un tiro en la cara a su pareja","datePublished":"2023-07-26T15:21:54+00:00","dateModified":"2023-07-26T21:07:01+00:00","mainEntityOfPage":{"@id":"https:\/\/diariotextual.com\/inicio\/index.php\/2023\/07\/26\/anchorena-10-anos-de-carcel-por-pegarle-un-tiro-en-la-cara-a-su-pareja\/"},"wordCount":635,"publisher":{"@id":"https:\/\/diariotextual.com\/inicio\/#organization"},"image":{"@id":"https:\/\/diariotextual.com\/inicio\/index.php\/2023\/07\/26\/anchorena-10-anos-de-carcel-por-pegarle-un-tiro-en-la-cara-a-su-pareja\/#primaryimage"},"thumbnailUrl":"https:\/\/diariotextual.com\/inicio\/wp-content\/uploads\/2021\/03\/anchorenaacceso33.jpg","articleSection":["A - ES NOTICIA (van abajo)","A - QUE PASA (al costado)","SOCIEDAD"],"inLanguage":"es"},{"@type":"WebPage","@id":"https:\/\/diariotextual.com\/inicio\/index.php\/2023\/07\/26\/anchorena-10-anos-de-carcel-por-pegarle-un-tiro-en-la-cara-a-su-pareja\/","url":"https:\/\/diariotextual.com\/inicio\/index.php\/2023\/07\/26\/anchorena-10-anos-de-carcel-por-pegarle-un-tiro-en-la-cara-a-su-pareja\/","name":"Anchorena: 10 a\u00f1os de c\u00e1rcel por pegarle un tiro en la cara a su pareja - Diario Textual","isPartOf":{"@id":"https:\/\/diariotextual.com\/inicio\/#website"},"primaryImageOfPage":{"@id":"https:\/\/diariotextual.com\/inicio\/index.php\/2023\/07\/26\/anchorena-10-anos-de-carcel-por-pegarle-un-tiro-en-la-cara-a-su-pareja\/#primaryimage"},"image":{"@id":"https:\/\/diariotextual.com\/inicio\/index.php\/2023\/07\/26\/anchorena-10-anos-de-carcel-por-pegarle-un-tiro-en-la-cara-a-su-pareja\/#primaryimage"},"thumbnailUrl":"https:\/\/diariotextual.com\/inicio\/wp-content\/uploads\/2021\/03\/anchorenaacceso33.jpg","datePublished":"2023-07-26T15:21:54+00:00","dateModified":"2023-07-26T21:07:01+00:00","breadcrumb":{"@id":"https:\/\/diariotextual.com\/inicio\/index.php\/2023\/07\/26\/anchorena-10-anos-de-carcel-por-pegarle-un-tiro-en-la-cara-a-su-pareja\/#breadcrumb"},"inLanguage":"es","potentialAction":[{"@type":"ReadAction","target":["https:\/\/diariotextual.com\/inicio\/index.php\/2023\/07\/26\/anchorena-10-anos-de-carcel-por-pegarle-un-tiro-en-la-cara-a-su-pareja\/"]}]},{"@type":"ImageObject","inLanguage":"es","@id":"https:\/\/diariotextual.com\/inicio\/index.php\/2023\/07\/26\/anchorena-10-anos-de-carcel-por-pegarle-un-tiro-en-la-cara-a-su-pareja\/#primaryimage","url":"https:\/\/diariotextual.com\/inicio\/wp-content\/uploads\/2021\/03\/anchorenaacceso33.jpg","contentUrl":"https:\/\/diariotextual.com\/inicio\/wp-content\/uploads\/2021\/03\/anchorenaacceso33.jpg","width":900,"height":507},{"@type":"BreadcrumbList","@id":"https:\/\/diariotextual.com\/inicio\/index.php\/2023\/07\/26\/anchorena-10-anos-de-carcel-por-pegarle-un-tiro-en-la-cara-a-su-pareja\/#breadcrumb","itemListElement":[{"@type":"ListItem","position":1,"name":"Portada","item":"https:\/\/diariotextual.com\/inicio\/"},{"@type":"ListItem","position":2,"name":"Anchorena: 10 a\u00f1os de c\u00e1rcel por pegarle un tiro en la cara a su pareja"}]},{"@type":"WebSite","@id":"https:\/\/diariotextual.com\/inicio\/#website","url":"https:\/\/diariotextual.com\/inicio\/","name":"Diario Textual","description":"","publisher":{"@id":"https:\/\/diariotextual.com\/inicio\/#organization"},"potentialAction":[{"@type":"SearchAction","target":{"@type":"EntryPoint","urlTemplate":"https:\/\/diariotextual.com\/inicio\/?s={search_term_string}"},"query-input":{"@type":"PropertyValueSpecification","valueRequired":true,"valueName":"search_term_string"}}],"inLanguage":"es"},{"@type":"Organization","@id":"https:\/\/diariotextual.com\/inicio\/#organization","name":"Diario Textual","url":"https:\/\/diariotextual.com\/inicio\/","logo":{"@type":"ImageObject","inLanguage":"es","@id":"https:\/\/diariotextual.com\/inicio\/#\/schema\/logo\/image\/","url":"https:\/\/diariotextual.com\/inicio\/wp-content\/uploads\/2023\/05\/logotextual1.jpg","contentUrl":"https:\/\/diariotextual.com\/inicio\/wp-content\/uploads\/2023\/05\/logotextual1.jpg","width":516,"height":76,"caption":"Diario Textual"},"image":{"@id":"https:\/\/diariotextual.com\/inicio\/#\/schema\/logo\/image\/"},"sameAs":["https:\/\/www.facebook.com\/eltextual","https:\/\/x.com\/eltextual","http:\/\/www.instagram.com\/eltextual"]},{"@type":"Person","@id":"https:\/\/diariotextual.com\/inicio\/#\/schema\/person\/418fc4093c33e86ed41562db3508f958","name":"Diario1 Diario1","image":{"@type":"ImageObject","inLanguage":"es","@id":"https:\/\/secure.gravatar.com\/avatar\/9167d280179c85bc18be67aa7eda765854300033af4896dd779b608640f2ef7a?s=96&d=mm&r=g","url":"https:\/\/secure.gravatar.com\/avatar\/9167d280179c85bc18be67aa7eda765854300033af4896dd779b608640f2ef7a?s=96&d=mm&r=g","contentUrl":"https:\/\/secure.gravatar.com\/avatar\/9167d280179c85bc18be67aa7eda765854300033af4896dd779b608640f2ef7a?s=96&d=mm&r=g","caption":"Diario1 Diario1"},"url":"https:\/\/diariotextual.com\/inicio\/index.php\/author\/diario1\/"}]}},"_links":{"self":[{"href":"https:\/\/diariotextual.com\/inicio\/index.php\/wp-json\/wp\/v2\/posts\/231924","targetHints":{"allow":["GET"]}}],"collection":[{"href":"https:\/\/diariotextual.com\/inicio\/index.php\/wp-json\/wp\/v2\/posts"}],"about":[{"href":"https:\/\/diariotextual.com\/inicio\/index.php\/wp-json\/wp\/v2\/types\/post"}],"author":[{"embeddable":true,"href":"https:\/\/diariotextual.com\/inicio\/index.php\/wp-json\/wp\/v2\/users\/3"}],"replies":[{"embeddable":true,"href":"https:\/\/diariotextual.com\/inicio\/index.php\/wp-json\/wp\/v2\/comments?post=231924"}],"version-history":[{"count":4,"href":"https:\/\/diariotextual.com\/inicio\/index.php\/wp-json\/wp\/v2\/posts\/231924\/revisions"}],"predecessor-version":[{"id":231929,"href":"https:\/\/diariotextual.com\/inicio\/index.php\/wp-json\/wp\/v2\/posts\/231924\/revisions\/231929"}],"wp:featuredmedia":[{"embeddable":true,"href":"https:\/\/diariotextual.com\/inicio\/index.php\/wp-json\/wp\/v2\/media\/139627"}],"wp:attachment":[{"href":"https:\/\/diariotextual.com\/inicio\/index.php\/wp-json\/wp\/v2\/media?parent=231924"}],"wp:term":[{"taxonomy":"category","embeddable":true,"href":"https:\/\/diariotextual.com\/inicio\/index.php\/wp-json\/wp\/v2\/categories?post=231924"},{"taxonomy":"post_tag","embeddable":true,"href":"https:\/\/diariotextual.com\/inicio\/index.php\/wp-json\/wp\/v2\/tags?post=231924"}],"curies":[{"name":"wp","href":"https:\/\/api.w.org\/{rel}","templated":true}]}}