{"id":231930,"date":"2023-07-26T12:31:13","date_gmt":"2023-07-26T15:31:13","guid":{"rendered":"https:\/\/diariotextual.com\/inicio\/?p=231930"},"modified":"2023-07-26T17:26:09","modified_gmt":"2023-07-26T20:26:09","slug":"pena-de-san-lorenzo-entrego-camperas-buzos-y-gorros-en-el-asentamiento-el-amanecer","status":"publish","type":"post","link":"https:\/\/diariotextual.com\/inicio\/index.php\/2023\/07\/26\/pena-de-san-lorenzo-entrego-camperas-buzos-y-gorros-en-el-asentamiento-el-amanecer\/","title":{"rendered":"Pe\u00f1a de San Lorenzo entreg\u00f3 camperas, buzos y gorros en el asentamiento El Amanecer"},"content":{"rendered":"\n<p><strong>Bajo el lema \u201cSan Lorenzo es m\u00e1s que 90 minutos de un partido de f\u00fatbol\u201d, la pe\u00f1a \u201cCuervos de La Pampa\u201d contin\u00faa colaborando socialmente con distintas instituciones y organizaciones no gubernamentales.<\/strong><\/p>\n\n\n\n<p>La \u00faltima actividad fue la campa\u00f1a anual del abrigo, donde tras recibir donaciones de ropas \u2013entre otras cosas\u2013 para familias necesitadas, sus autoridades terminaron entregando un millar de prendas al merendero El Amanecer, ubicado en Santa Rosa. Ello incluy\u00f3 camperas, buzos, remeras, camisetas, jogging, gorros, guantes, bufandas, medias y mantas.<\/p>\n\n\n\n<p>Anteriormente, la agrupaci\u00f3n que re\u00fane a los hinchas y socios de San Lorenzo hab\u00eda donado \u00fatiles escolares a la Escuela 201, tambi\u00e9n de Santa Rosa, a partir de los aportes voluntarios de cuervas\/os y del uso de los fondos econ\u00f3micos reunidos por la pe\u00f1a.<\/p>\n\n\n\n<p>Los simpatizantes azulgranas llevan seis a\u00f1os colaborando en forma silenciosa y permanente con entidades del medio y todos los a\u00f1os viene realizando las campa\u00f1as del litro de leche, de los \u00fatiles escolares y del abrigo, entre otras iniciativas.<\/p>\n\n\n\n<p>Los interesados en colaborar con la agrupaci\u00f3n pueden contactarse a los tel\u00e9fonos 2954-678753, 571653 y 517557. Actualmente la campa\u00f1a est\u00e1 presidida por Bessim Assad como presidente, Amparo Borrego como vicepresidenta, Juan Pablo Herrera como tesorero y Sebasti\u00e1n Assad como tesorero.<\/p>\n","protected":false},"excerpt":{"rendered":"<p>Bajo el lema \u201cSan Lorenzo es m\u00e1s que 90 minutos de un partido de f\u00fatbol\u201d, la pe\u00f1a \u201cCuervos de La Pampa\u201d contin\u00faa colaborando socialmente con distintas instituciones y organizaciones no&hellip;<\/p>\n","protected":false},"author":3,"featured_media":231932,"comment_status":"closed","ping_status":"open","sticky":false,"template":"","format":"standard","meta":{"_acf_changed":false,"footnotes":""},"categories":[1,11,12],"tags":[],"class_list":["post-231930","post","type-post","status-publish","format-standard","has-post-thumbnail","hentry","category-es-noticia","category-que-pasa","category-sociedad"],"acf":[],"yoast_head":"<!-- This site is optimized with the Yoast SEO plugin v27.5 - https:\/\/yoast.com\/product\/yoast-seo-wordpress\/ -->\n<title>Pe\u00f1a de San Lorenzo entreg\u00f3 camperas, buzos y gorros en el asentamiento El Amanecer - Diario Textual<\/title>\n<meta name=\"robots\" content=\"index, follow, max-snippet:-1, max-image-preview:large, max-video-preview:-1\" \/>\n<link rel=\"canonical\" href=\"https:\/\/diariotextual.com\/inicio\/index.php\/2023\/07\/26\/pena-de-san-lorenzo-entrego-camperas-buzos-y-gorros-en-el-asentamiento-el-amanecer\/\" \/>\n<meta property=\"og:locale\" content=\"es_ES\" \/>\n<meta property=\"og:type\" content=\"article\" \/>\n<meta property=\"og:title\" content=\"Pe\u00f1a de San Lorenzo entreg\u00f3 camperas, buzos y gorros en el asentamiento El Amanecer - Diario Textual\" \/>\n<meta property=\"og:description\" content=\"Bajo el lema \u201cSan Lorenzo es m\u00e1s que 90 minutos de un partido de f\u00fatbol\u201d, la pe\u00f1a \u201cCuervos de La Pampa\u201d contin\u00faa colaborando socialmente con distintas instituciones y organizaciones no&hellip;\" \/>\n<meta property=\"og:url\" content=\"https:\/\/diariotextual.com\/inicio\/index.php\/2023\/07\/26\/pena-de-san-lorenzo-entrego-camperas-buzos-y-gorros-en-el-asentamiento-el-amanecer\/\" \/>\n<meta property=\"og:site_name\" content=\"Diario Textual\" \/>\n<meta property=\"article:publisher\" content=\"https:\/\/www.facebook.com\/eltextual\" \/>\n<meta property=\"article:published_time\" content=\"2023-07-26T15:31:13+00:00\" \/>\n<meta property=\"article:modified_time\" content=\"2023-07-26T20:26:09+00:00\" \/>\n<meta property=\"og:image\" content=\"https:\/\/diariotextual.com\/inicio\/wp-content\/uploads\/2023\/07\/penadesanlorenzocuervosamanecer2023-1.jpg\" \/>\n\t<meta property=\"og:image:width\" content=\"1245\" \/>\n\t<meta property=\"og:image:height\" content=\"725\" \/>\n\t<meta property=\"og:image:type\" content=\"image\/jpeg\" \/>\n<meta name=\"author\" content=\"Diario1 Diario1\" \/>\n<meta name=\"twitter:card\" content=\"summary_large_image\" \/>\n<meta name=\"twitter:creator\" content=\"@eltextual\" \/>\n<meta name=\"twitter:site\" content=\"@eltextual\" \/>\n<meta name=\"twitter:label1\" content=\"Escrito por\" \/>\n\t<meta name=\"twitter:data1\" content=\"Diario1 Diario1\" \/>\n\t<meta name=\"twitter:label2\" content=\"Tiempo de lectura\" \/>\n\t<meta name=\"twitter:data2\" content=\"1 minuto\" \/>\n<script type=\"application\/ld+json\" class=\"yoast-schema-graph\">{\"@context\":\"https:\\\/\\\/schema.org\",\"@graph\":[{\"@type\":\"Article\",\"@id\":\"https:\\\/\\\/diariotextual.com\\\/inicio\\\/index.php\\\/2023\\\/07\\\/26\\\/pena-de-san-lorenzo-entrego-camperas-buzos-y-gorros-en-el-asentamiento-el-amanecer\\\/#article\",\"isPartOf\":{\"@id\":\"https:\\\/\\\/diariotextual.com\\\/inicio\\\/index.php\\\/2023\\\/07\\\/26\\\/pena-de-san-lorenzo-entrego-camperas-buzos-y-gorros-en-el-asentamiento-el-amanecer\\\/\"},\"author\":{\"name\":\"Diario1 Diario1\",\"@id\":\"https:\\\/\\\/diariotextual.com\\\/inicio\\\/#\\\/schema\\\/person\\\/418fc4093c33e86ed41562db3508f958\"},\"headline\":\"Pe\u00f1a de San Lorenzo entreg\u00f3 camperas, buzos y gorros en el asentamiento El Amanecer\",\"datePublished\":\"2023-07-26T15:31:13+00:00\",\"dateModified\":\"2023-07-26T20:26:09+00:00\",\"mainEntityOfPage\":{\"@id\":\"https:\\\/\\\/diariotextual.com\\\/inicio\\\/index.php\\\/2023\\\/07\\\/26\\\/pena-de-san-lorenzo-entrego-camperas-buzos-y-gorros-en-el-asentamiento-el-amanecer\\\/\"},\"wordCount\":233,\"publisher\":{\"@id\":\"https:\\\/\\\/diariotextual.com\\\/inicio\\\/#organization\"},\"image\":{\"@id\":\"https:\\\/\\\/diariotextual.com\\\/inicio\\\/index.php\\\/2023\\\/07\\\/26\\\/pena-de-san-lorenzo-entrego-camperas-buzos-y-gorros-en-el-asentamiento-el-amanecer\\\/#primaryimage\"},\"thumbnailUrl\":\"https:\\\/\\\/diariotextual.com\\\/inicio\\\/wp-content\\\/uploads\\\/2023\\\/07\\\/penadesanlorenzocuervosamanecer2023-1.jpg\",\"articleSection\":[\"A - ES NOTICIA (van abajo)\",\"A - QUE PASA (al costado)\",\"SOCIEDAD\"],\"inLanguage\":\"es\"},{\"@type\":\"WebPage\",\"@id\":\"https:\\\/\\\/diariotextual.com\\\/inicio\\\/index.php\\\/2023\\\/07\\\/26\\\/pena-de-san-lorenzo-entrego-camperas-buzos-y-gorros-en-el-asentamiento-el-amanecer\\\/\",\"url\":\"https:\\\/\\\/diariotextual.com\\\/inicio\\\/index.php\\\/2023\\\/07\\\/26\\\/pena-de-san-lorenzo-entrego-camperas-buzos-y-gorros-en-el-asentamiento-el-amanecer\\\/\",\"name\":\"Pe\u00f1a de San Lorenzo entreg\u00f3 camperas, buzos y gorros en el asentamiento El Amanecer - Diario Textual\",\"isPartOf\":{\"@id\":\"https:\\\/\\\/diariotextual.com\\\/inicio\\\/#website\"},\"primaryImageOfPage\":{\"@id\":\"https:\\\/\\\/diariotextual.com\\\/inicio\\\/index.php\\\/2023\\\/07\\\/26\\\/pena-de-san-lorenzo-entrego-camperas-buzos-y-gorros-en-el-asentamiento-el-amanecer\\\/#primaryimage\"},\"image\":{\"@id\":\"https:\\\/\\\/diariotextual.com\\\/inicio\\\/index.php\\\/2023\\\/07\\\/26\\\/pena-de-san-lorenzo-entrego-camperas-buzos-y-gorros-en-el-asentamiento-el-amanecer\\\/#primaryimage\"},\"thumbnailUrl\":\"https:\\\/\\\/diariotextual.com\\\/inicio\\\/wp-content\\\/uploads\\\/2023\\\/07\\\/penadesanlorenzocuervosamanecer2023-1.jpg\",\"datePublished\":\"2023-07-26T15:31:13+00:00\",\"dateModified\":\"2023-07-26T20:26:09+00:00\",\"breadcrumb\":{\"@id\":\"https:\\\/\\\/diariotextual.com\\\/inicio\\\/index.php\\\/2023\\\/07\\\/26\\\/pena-de-san-lorenzo-entrego-camperas-buzos-y-gorros-en-el-asentamiento-el-amanecer\\\/#breadcrumb\"},\"inLanguage\":\"es\",\"potentialAction\":[{\"@type\":\"ReadAction\",\"target\":[\"https:\\\/\\\/diariotextual.com\\\/inicio\\\/index.php\\\/2023\\\/07\\\/26\\\/pena-de-san-lorenzo-entrego-camperas-buzos-y-gorros-en-el-asentamiento-el-amanecer\\\/\"]}]},{\"@type\":\"ImageObject\",\"inLanguage\":\"es\",\"@id\":\"https:\\\/\\\/diariotextual.com\\\/inicio\\\/index.php\\\/2023\\\/07\\\/26\\\/pena-de-san-lorenzo-entrego-camperas-buzos-y-gorros-en-el-asentamiento-el-amanecer\\\/#primaryimage\",\"url\":\"https:\\\/\\\/diariotextual.com\\\/inicio\\\/wp-content\\\/uploads\\\/2023\\\/07\\\/penadesanlorenzocuervosamanecer2023-1.jpg\",\"contentUrl\":\"https:\\\/\\\/diariotextual.com\\\/inicio\\\/wp-content\\\/uploads\\\/2023\\\/07\\\/penadesanlorenzocuervosamanecer2023-1.jpg\",\"width\":1245,\"height\":725},{\"@type\":\"BreadcrumbList\",\"@id\":\"https:\\\/\\\/diariotextual.com\\\/inicio\\\/index.php\\\/2023\\\/07\\\/26\\\/pena-de-san-lorenzo-entrego-camperas-buzos-y-gorros-en-el-asentamiento-el-amanecer\\\/#breadcrumb\",\"itemListElement\":[{\"@type\":\"ListItem\",\"position\":1,\"name\":\"Portada\",\"item\":\"https:\\\/\\\/diariotextual.com\\\/inicio\\\/\"},{\"@type\":\"ListItem\",\"position\":2,\"name\":\"Pe\u00f1a de San Lorenzo entreg\u00f3 camperas, buzos y gorros en el asentamiento El Amanecer\"}]},{\"@type\":\"WebSite\",\"@id\":\"https:\\\/\\\/diariotextual.com\\\/inicio\\\/#website\",\"url\":\"https:\\\/\\\/diariotextual.com\\\/inicio\\\/\",\"name\":\"Diario Textual\",\"description\":\"\",\"publisher\":{\"@id\":\"https:\\\/\\\/diariotextual.com\\\/inicio\\\/#organization\"},\"potentialAction\":[{\"@type\":\"SearchAction\",\"target\":{\"@type\":\"EntryPoint\",\"urlTemplate\":\"https:\\\/\\\/diariotextual.com\\\/inicio\\\/?s={search_term_string}\"},\"query-input\":{\"@type\":\"PropertyValueSpecification\",\"valueRequired\":true,\"valueName\":\"search_term_string\"}}],\"inLanguage\":\"es\"},{\"@type\":\"Organization\",\"@id\":\"https:\\\/\\\/diariotextual.com\\\/inicio\\\/#organization\",\"name\":\"Diario Textual\",\"url\":\"https:\\\/\\\/diariotextual.com\\\/inicio\\\/\",\"logo\":{\"@type\":\"ImageObject\",\"inLanguage\":\"es\",\"@id\":\"https:\\\/\\\/diariotextual.com\\\/inicio\\\/#\\\/schema\\\/logo\\\/image\\\/\",\"url\":\"https:\\\/\\\/diariotextual.com\\\/inicio\\\/wp-content\\\/uploads\\\/2023\\\/05\\\/logotextual1.jpg\",\"contentUrl\":\"https:\\\/\\\/diariotextual.com\\\/inicio\\\/wp-content\\\/uploads\\\/2023\\\/05\\\/logotextual1.jpg\",\"width\":516,\"height\":76,\"caption\":\"Diario Textual\"},\"image\":{\"@id\":\"https:\\\/\\\/diariotextual.com\\\/inicio\\\/#\\\/schema\\\/logo\\\/image\\\/\"},\"sameAs\":[\"https:\\\/\\\/www.facebook.com\\\/eltextual\",\"https:\\\/\\\/x.com\\\/eltextual\",\"http:\\\/\\\/www.instagram.com\\\/eltextual\"]},{\"@type\":\"Person\",\"@id\":\"https:\\\/\\\/diariotextual.com\\\/inicio\\\/#\\\/schema\\\/person\\\/418fc4093c33e86ed41562db3508f958\",\"name\":\"Diario1 Diario1\",\"image\":{\"@type\":\"ImageObject\",\"inLanguage\":\"es\",\"@id\":\"https:\\\/\\\/secure.gravatar.com\\\/avatar\\\/9167d280179c85bc18be67aa7eda765854300033af4896dd779b608640f2ef7a?s=96&d=mm&r=g\",\"url\":\"https:\\\/\\\/secure.gravatar.com\\\/avatar\\\/9167d280179c85bc18be67aa7eda765854300033af4896dd779b608640f2ef7a?s=96&d=mm&r=g\",\"contentUrl\":\"https:\\\/\\\/secure.gravatar.com\\\/avatar\\\/9167d280179c85bc18be67aa7eda765854300033af4896dd779b608640f2ef7a?s=96&d=mm&r=g\",\"caption\":\"Diario1 Diario1\"},\"url\":\"https:\\\/\\\/diariotextual.com\\\/inicio\\\/index.php\\\/author\\\/diario1\\\/\"}]}<\/script>\n<!-- \/ Yoast SEO plugin. -->","yoast_head_json":{"title":"Pe\u00f1a de San Lorenzo entreg\u00f3 camperas, buzos y gorros en el asentamiento El Amanecer - Diario Textual","robots":{"index":"index","follow":"follow","max-snippet":"max-snippet:-1","max-image-preview":"max-image-preview:large","max-video-preview":"max-video-preview:-1"},"canonical":"https:\/\/diariotextual.com\/inicio\/index.php\/2023\/07\/26\/pena-de-san-lorenzo-entrego-camperas-buzos-y-gorros-en-el-asentamiento-el-amanecer\/","og_locale":"es_ES","og_type":"article","og_title":"Pe\u00f1a de San Lorenzo entreg\u00f3 camperas, buzos y gorros en el asentamiento El Amanecer - Diario Textual","og_description":"Bajo el lema \u201cSan Lorenzo es m\u00e1s que 90 minutos de un partido de f\u00fatbol\u201d, la pe\u00f1a \u201cCuervos de La Pampa\u201d contin\u00faa colaborando socialmente con distintas instituciones y organizaciones no&hellip;","og_url":"https:\/\/diariotextual.com\/inicio\/index.php\/2023\/07\/26\/pena-de-san-lorenzo-entrego-camperas-buzos-y-gorros-en-el-asentamiento-el-amanecer\/","og_site_name":"Diario Textual","article_publisher":"https:\/\/www.facebook.com\/eltextual","article_published_time":"2023-07-26T15:31:13+00:00","article_modified_time":"2023-07-26T20:26:09+00:00","og_image":[{"width":1245,"height":725,"url":"https:\/\/diariotextual.com\/inicio\/wp-content\/uploads\/2023\/07\/penadesanlorenzocuervosamanecer2023-1.jpg","type":"image\/jpeg"}],"author":"Diario1 Diario1","twitter_card":"summary_large_image","twitter_creator":"@eltextual","twitter_site":"@eltextual","twitter_misc":{"Escrito por":"Diario1 Diario1","Tiempo de lectura":"1 minuto"},"schema":{"@context":"https:\/\/schema.org","@graph":[{"@type":"Article","@id":"https:\/\/diariotextual.com\/inicio\/index.php\/2023\/07\/26\/pena-de-san-lorenzo-entrego-camperas-buzos-y-gorros-en-el-asentamiento-el-amanecer\/#article","isPartOf":{"@id":"https:\/\/diariotextual.com\/inicio\/index.php\/2023\/07\/26\/pena-de-san-lorenzo-entrego-camperas-buzos-y-gorros-en-el-asentamiento-el-amanecer\/"},"author":{"name":"Diario1 Diario1","@id":"https:\/\/diariotextual.com\/inicio\/#\/schema\/person\/418fc4093c33e86ed41562db3508f958"},"headline":"Pe\u00f1a de San Lorenzo entreg\u00f3 camperas, buzos y gorros en el asentamiento El Amanecer","datePublished":"2023-07-26T15:31:13+00:00","dateModified":"2023-07-26T20:26:09+00:00","mainEntityOfPage":{"@id":"https:\/\/diariotextual.com\/inicio\/index.php\/2023\/07\/26\/pena-de-san-lorenzo-entrego-camperas-buzos-y-gorros-en-el-asentamiento-el-amanecer\/"},"wordCount":233,"publisher":{"@id":"https:\/\/diariotextual.com\/inicio\/#organization"},"image":{"@id":"https:\/\/diariotextual.com\/inicio\/index.php\/2023\/07\/26\/pena-de-san-lorenzo-entrego-camperas-buzos-y-gorros-en-el-asentamiento-el-amanecer\/#primaryimage"},"thumbnailUrl":"https:\/\/diariotextual.com\/inicio\/wp-content\/uploads\/2023\/07\/penadesanlorenzocuervosamanecer2023-1.jpg","articleSection":["A - ES NOTICIA (van abajo)","A - QUE PASA (al costado)","SOCIEDAD"],"inLanguage":"es"},{"@type":"WebPage","@id":"https:\/\/diariotextual.com\/inicio\/index.php\/2023\/07\/26\/pena-de-san-lorenzo-entrego-camperas-buzos-y-gorros-en-el-asentamiento-el-amanecer\/","url":"https:\/\/diariotextual.com\/inicio\/index.php\/2023\/07\/26\/pena-de-san-lorenzo-entrego-camperas-buzos-y-gorros-en-el-asentamiento-el-amanecer\/","name":"Pe\u00f1a de San Lorenzo entreg\u00f3 camperas, buzos y gorros en el asentamiento El Amanecer - Diario Textual","isPartOf":{"@id":"https:\/\/diariotextual.com\/inicio\/#website"},"primaryImageOfPage":{"@id":"https:\/\/diariotextual.com\/inicio\/index.php\/2023\/07\/26\/pena-de-san-lorenzo-entrego-camperas-buzos-y-gorros-en-el-asentamiento-el-amanecer\/#primaryimage"},"image":{"@id":"https:\/\/diariotextual.com\/inicio\/index.php\/2023\/07\/26\/pena-de-san-lorenzo-entrego-camperas-buzos-y-gorros-en-el-asentamiento-el-amanecer\/#primaryimage"},"thumbnailUrl":"https:\/\/diariotextual.com\/inicio\/wp-content\/uploads\/2023\/07\/penadesanlorenzocuervosamanecer2023-1.jpg","datePublished":"2023-07-26T15:31:13+00:00","dateModified":"2023-07-26T20:26:09+00:00","breadcrumb":{"@id":"https:\/\/diariotextual.com\/inicio\/index.php\/2023\/07\/26\/pena-de-san-lorenzo-entrego-camperas-buzos-y-gorros-en-el-asentamiento-el-amanecer\/#breadcrumb"},"inLanguage":"es","potentialAction":[{"@type":"ReadAction","target":["https:\/\/diariotextual.com\/inicio\/index.php\/2023\/07\/26\/pena-de-san-lorenzo-entrego-camperas-buzos-y-gorros-en-el-asentamiento-el-amanecer\/"]}]},{"@type":"ImageObject","inLanguage":"es","@id":"https:\/\/diariotextual.com\/inicio\/index.php\/2023\/07\/26\/pena-de-san-lorenzo-entrego-camperas-buzos-y-gorros-en-el-asentamiento-el-amanecer\/#primaryimage","url":"https:\/\/diariotextual.com\/inicio\/wp-content\/uploads\/2023\/07\/penadesanlorenzocuervosamanecer2023-1.jpg","contentUrl":"https:\/\/diariotextual.com\/inicio\/wp-content\/uploads\/2023\/07\/penadesanlorenzocuervosamanecer2023-1.jpg","width":1245,"height":725},{"@type":"BreadcrumbList","@id":"https:\/\/diariotextual.com\/inicio\/index.php\/2023\/07\/26\/pena-de-san-lorenzo-entrego-camperas-buzos-y-gorros-en-el-asentamiento-el-amanecer\/#breadcrumb","itemListElement":[{"@type":"ListItem","position":1,"name":"Portada","item":"https:\/\/diariotextual.com\/inicio\/"},{"@type":"ListItem","position":2,"name":"Pe\u00f1a de San Lorenzo entreg\u00f3 camperas, buzos y gorros en el asentamiento El Amanecer"}]},{"@type":"WebSite","@id":"https:\/\/diariotextual.com\/inicio\/#website","url":"https:\/\/diariotextual.com\/inicio\/","name":"Diario Textual","description":"","publisher":{"@id":"https:\/\/diariotextual.com\/inicio\/#organization"},"potentialAction":[{"@type":"SearchAction","target":{"@type":"EntryPoint","urlTemplate":"https:\/\/diariotextual.com\/inicio\/?s={search_term_string}"},"query-input":{"@type":"PropertyValueSpecification","valueRequired":true,"valueName":"search_term_string"}}],"inLanguage":"es"},{"@type":"Organization","@id":"https:\/\/diariotextual.com\/inicio\/#organization","name":"Diario Textual","url":"https:\/\/diariotextual.com\/inicio\/","logo":{"@type":"ImageObject","inLanguage":"es","@id":"https:\/\/diariotextual.com\/inicio\/#\/schema\/logo\/image\/","url":"https:\/\/diariotextual.com\/inicio\/wp-content\/uploads\/2023\/05\/logotextual1.jpg","contentUrl":"https:\/\/diariotextual.com\/inicio\/wp-content\/uploads\/2023\/05\/logotextual1.jpg","width":516,"height":76,"caption":"Diario Textual"},"image":{"@id":"https:\/\/diariotextual.com\/inicio\/#\/schema\/logo\/image\/"},"sameAs":["https:\/\/www.facebook.com\/eltextual","https:\/\/x.com\/eltextual","http:\/\/www.instagram.com\/eltextual"]},{"@type":"Person","@id":"https:\/\/diariotextual.com\/inicio\/#\/schema\/person\/418fc4093c33e86ed41562db3508f958","name":"Diario1 Diario1","image":{"@type":"ImageObject","inLanguage":"es","@id":"https:\/\/secure.gravatar.com\/avatar\/9167d280179c85bc18be67aa7eda765854300033af4896dd779b608640f2ef7a?s=96&d=mm&r=g","url":"https:\/\/secure.gravatar.com\/avatar\/9167d280179c85bc18be67aa7eda765854300033af4896dd779b608640f2ef7a?s=96&d=mm&r=g","contentUrl":"https:\/\/secure.gravatar.com\/avatar\/9167d280179c85bc18be67aa7eda765854300033af4896dd779b608640f2ef7a?s=96&d=mm&r=g","caption":"Diario1 Diario1"},"url":"https:\/\/diariotextual.com\/inicio\/index.php\/author\/diario1\/"}]}},"_links":{"self":[{"href":"https:\/\/diariotextual.com\/inicio\/index.php\/wp-json\/wp\/v2\/posts\/231930","targetHints":{"allow":["GET"]}}],"collection":[{"href":"https:\/\/diariotextual.com\/inicio\/index.php\/wp-json\/wp\/v2\/posts"}],"about":[{"href":"https:\/\/diariotextual.com\/inicio\/index.php\/wp-json\/wp\/v2\/types\/post"}],"author":[{"embeddable":true,"href":"https:\/\/diariotextual.com\/inicio\/index.php\/wp-json\/wp\/v2\/users\/3"}],"replies":[{"embeddable":true,"href":"https:\/\/diariotextual.com\/inicio\/index.php\/wp-json\/wp\/v2\/comments?post=231930"}],"version-history":[{"count":1,"href":"https:\/\/diariotextual.com\/inicio\/index.php\/wp-json\/wp\/v2\/posts\/231930\/revisions"}],"predecessor-version":[{"id":231931,"href":"https:\/\/diariotextual.com\/inicio\/index.php\/wp-json\/wp\/v2\/posts\/231930\/revisions\/231931"}],"wp:featuredmedia":[{"embeddable":true,"href":"https:\/\/diariotextual.com\/inicio\/index.php\/wp-json\/wp\/v2\/media\/231932"}],"wp:attachment":[{"href":"https:\/\/diariotextual.com\/inicio\/index.php\/wp-json\/wp\/v2\/media?parent=231930"}],"wp:term":[{"taxonomy":"category","embeddable":true,"href":"https:\/\/diariotextual.com\/inicio\/index.php\/wp-json\/wp\/v2\/categories?post=231930"},{"taxonomy":"post_tag","embeddable":true,"href":"https:\/\/diariotextual.com\/inicio\/index.php\/wp-json\/wp\/v2\/tags?post=231930"}],"curies":[{"name":"wp","href":"https:\/\/api.w.org\/{rel}","templated":true}]}}