{"id":231939,"date":"2023-07-26T16:10:27","date_gmt":"2023-07-26T19:10:27","guid":{"rendered":"https:\/\/diariotextual.com\/inicio\/?p=231939"},"modified":"2023-07-27T09:29:28","modified_gmt":"2023-07-27T12:29:28","slug":"trabajo-rural-buscan-compatibilizar-planes-sociales-y-empleo-registrado","status":"publish","type":"post","link":"https:\/\/diariotextual.com\/inicio\/index.php\/2023\/07\/26\/trabajo-rural-buscan-compatibilizar-planes-sociales-y-empleo-registrado\/","title":{"rendered":"Trabajo rural: buscan compatibilizar planes sociales y empleo registrado"},"content":{"rendered":"\n<p>La Confederaci\u00f3n Argentina de la Mediana Empresa (CAME) y la senadora nacional Nora del Valle Gim\u00e9nez presentaron hoy un proyecto de ley para <strong>compatibilizar los planes sociales con el trabajo rural registrado<\/strong>, buscando extender as\u00ed los beneficios del Decreto 514\/2021.<\/p>\n\n\n\n<p>La iniciativa presentada como proyecto de ley es producto del trabajo conjunto entre CAME, la legisladora y la Uni\u00f3n Argentina de Trabajadores Rurales y Estibadores (Uatre).<\/p>\n\n\n\n<p>\u201cRespondiendo al reclamo de la entidad pyme, que busca favorecer tanto a los trabajadores rurales como a los productores agropecuarios\u201d, explic\u00f3 la entidad pyme en un comunicado.<\/p>\n\n\n\n<p>El presidente de CAME, Alfredo Gonz\u00e1lez, destac\u00f3 la colaboraci\u00f3n entre el sector p\u00fablico y privado para la elaboraci\u00f3n del proyecto \u201ctanto el Estado como los empresarios y el sindicato debemos darles la oportunidad de incorporarse al mercado laboral formal a todos aquellos que reciben una asistencia social\u201d.<\/p>\n\n\n\n<p>Tambi\u00e9n, Gonz\u00e1lez, se refiri\u00f3 a la necesidad de capacitaci\u00f3n para el trabajo \u201cno creemos que la tecnolog\u00eda vaya a reemplazar al trabajador rural, pero s\u00ed se va a necesitar capacitaci\u00f3n\u201d, dijo.<\/p>\n\n\n\n<p>Por su parte, la senadora manifest\u00f3 que \u201cel decreto no fue tan efectivo porque no parti\u00f3 del trabajo conjunto del sector p\u00fablico con el privado\u201d y destac\u00f3 que \u201cno pudimos evitar la desconfianza de los trabajadores, que prefirieron, por miedo, seguir trabajando en negro\u201d.<\/p>\n\n\n\n<p>Para finalizar, Voytenco afirm\u00f3: \u201cHay que empezar a construir pol\u00edticas que permitan potenciar a las econom\u00edas regionales, generando trabajo y valor agregado para mejorar la calidad de vida de todos los argentinos\u201d, remarc\u00f3. El Decreto 514\/2021 que articula planes sociales y empleo fue una iniciativa del Poder Ejecutivo ante la falta de mano de obra en las producciones rurales, ya que permite conservar la asistencia social estatal junto con un trabajo legalmente registrado<\/p>\n","protected":false},"excerpt":{"rendered":"<p>La Confederaci\u00f3n Argentina de la Mediana Empresa (CAME) y la senadora nacional Nora del Valle Gim\u00e9nez presentaron hoy un proyecto de ley para compatibilizar los planes sociales con el trabajo&hellip;<\/p>\n","protected":false},"author":4,"featured_media":70163,"comment_status":"closed","ping_status":"open","sticky":false,"template":"","format":"standard","meta":{"_acf_changed":false,"footnotes":""},"categories":[11,12],"tags":[],"class_list":["post-231939","post","type-post","status-publish","format-standard","has-post-thumbnail","hentry","category-que-pasa","category-sociedad"],"acf":[],"yoast_head":"<!-- This site is optimized with the Yoast SEO plugin v27.5 - https:\/\/yoast.com\/product\/yoast-seo-wordpress\/ -->\n<title>Trabajo rural: buscan compatibilizar planes sociales y empleo registrado - Diario Textual<\/title>\n<meta name=\"robots\" content=\"index, follow, max-snippet:-1, max-image-preview:large, max-video-preview:-1\" \/>\n<link rel=\"canonical\" href=\"https:\/\/diariotextual.com\/inicio\/index.php\/2023\/07\/26\/trabajo-rural-buscan-compatibilizar-planes-sociales-y-empleo-registrado\/\" \/>\n<meta property=\"og:locale\" content=\"es_ES\" \/>\n<meta property=\"og:type\" content=\"article\" \/>\n<meta property=\"og:title\" content=\"Trabajo rural: buscan compatibilizar planes sociales y empleo registrado - Diario Textual\" \/>\n<meta property=\"og:description\" content=\"La Confederaci\u00f3n Argentina de la Mediana Empresa (CAME) y la senadora nacional Nora del Valle Gim\u00e9nez presentaron hoy un proyecto de ley para compatibilizar los planes sociales con el trabajo&hellip;\" \/>\n<meta property=\"og:url\" content=\"https:\/\/diariotextual.com\/inicio\/index.php\/2023\/07\/26\/trabajo-rural-buscan-compatibilizar-planes-sociales-y-empleo-registrado\/\" \/>\n<meta property=\"og:site_name\" content=\"Diario Textual\" \/>\n<meta property=\"article:publisher\" content=\"https:\/\/www.facebook.com\/eltextual\" \/>\n<meta property=\"article:published_time\" content=\"2023-07-26T19:10:27+00:00\" \/>\n<meta property=\"article:modified_time\" content=\"2023-07-27T12:29:28+00:00\" \/>\n<meta property=\"og:image\" content=\"https:\/\/diariotextual.com\/inicio\/wp-content\/uploads\/2019\/11\/gauchocampo23.jpg\" \/>\n\t<meta property=\"og:image:width\" content=\"855\" \/>\n\t<meta property=\"og:image:height\" content=\"586\" \/>\n\t<meta property=\"og:image:type\" content=\"image\/jpeg\" \/>\n<meta name=\"author\" content=\"diario2\" \/>\n<meta name=\"twitter:card\" content=\"summary_large_image\" \/>\n<meta name=\"twitter:creator\" content=\"@eltextual\" \/>\n<meta name=\"twitter:site\" content=\"@eltextual\" \/>\n<meta name=\"twitter:label1\" content=\"Escrito por\" \/>\n\t<meta name=\"twitter:data1\" content=\"diario2\" \/>\n\t<meta name=\"twitter:label2\" content=\"Tiempo de lectura\" \/>\n\t<meta name=\"twitter:data2\" content=\"2 minutos\" \/>\n<script type=\"application\/ld+json\" class=\"yoast-schema-graph\">{\"@context\":\"https:\\\/\\\/schema.org\",\"@graph\":[{\"@type\":\"Article\",\"@id\":\"https:\\\/\\\/diariotextual.com\\\/inicio\\\/index.php\\\/2023\\\/07\\\/26\\\/trabajo-rural-buscan-compatibilizar-planes-sociales-y-empleo-registrado\\\/#article\",\"isPartOf\":{\"@id\":\"https:\\\/\\\/diariotextual.com\\\/inicio\\\/index.php\\\/2023\\\/07\\\/26\\\/trabajo-rural-buscan-compatibilizar-planes-sociales-y-empleo-registrado\\\/\"},\"author\":{\"name\":\"diario2\",\"@id\":\"https:\\\/\\\/diariotextual.com\\\/inicio\\\/#\\\/schema\\\/person\\\/694f60677f23c4a530867a98f22b3768\"},\"headline\":\"Trabajo rural: buscan compatibilizar planes sociales y empleo registrado\",\"datePublished\":\"2023-07-26T19:10:27+00:00\",\"dateModified\":\"2023-07-27T12:29:28+00:00\",\"mainEntityOfPage\":{\"@id\":\"https:\\\/\\\/diariotextual.com\\\/inicio\\\/index.php\\\/2023\\\/07\\\/26\\\/trabajo-rural-buscan-compatibilizar-planes-sociales-y-empleo-registrado\\\/\"},\"wordCount\":310,\"publisher\":{\"@id\":\"https:\\\/\\\/diariotextual.com\\\/inicio\\\/#organization\"},\"image\":{\"@id\":\"https:\\\/\\\/diariotextual.com\\\/inicio\\\/index.php\\\/2023\\\/07\\\/26\\\/trabajo-rural-buscan-compatibilizar-planes-sociales-y-empleo-registrado\\\/#primaryimage\"},\"thumbnailUrl\":\"https:\\\/\\\/diariotextual.com\\\/inicio\\\/wp-content\\\/uploads\\\/2019\\\/11\\\/gauchocampo23.jpg\",\"articleSection\":[\"A - QUE PASA (al costado)\",\"SOCIEDAD\"],\"inLanguage\":\"es\"},{\"@type\":\"WebPage\",\"@id\":\"https:\\\/\\\/diariotextual.com\\\/inicio\\\/index.php\\\/2023\\\/07\\\/26\\\/trabajo-rural-buscan-compatibilizar-planes-sociales-y-empleo-registrado\\\/\",\"url\":\"https:\\\/\\\/diariotextual.com\\\/inicio\\\/index.php\\\/2023\\\/07\\\/26\\\/trabajo-rural-buscan-compatibilizar-planes-sociales-y-empleo-registrado\\\/\",\"name\":\"Trabajo rural: buscan compatibilizar planes sociales y empleo registrado - Diario Textual\",\"isPartOf\":{\"@id\":\"https:\\\/\\\/diariotextual.com\\\/inicio\\\/#website\"},\"primaryImageOfPage\":{\"@id\":\"https:\\\/\\\/diariotextual.com\\\/inicio\\\/index.php\\\/2023\\\/07\\\/26\\\/trabajo-rural-buscan-compatibilizar-planes-sociales-y-empleo-registrado\\\/#primaryimage\"},\"image\":{\"@id\":\"https:\\\/\\\/diariotextual.com\\\/inicio\\\/index.php\\\/2023\\\/07\\\/26\\\/trabajo-rural-buscan-compatibilizar-planes-sociales-y-empleo-registrado\\\/#primaryimage\"},\"thumbnailUrl\":\"https:\\\/\\\/diariotextual.com\\\/inicio\\\/wp-content\\\/uploads\\\/2019\\\/11\\\/gauchocampo23.jpg\",\"datePublished\":\"2023-07-26T19:10:27+00:00\",\"dateModified\":\"2023-07-27T12:29:28+00:00\",\"breadcrumb\":{\"@id\":\"https:\\\/\\\/diariotextual.com\\\/inicio\\\/index.php\\\/2023\\\/07\\\/26\\\/trabajo-rural-buscan-compatibilizar-planes-sociales-y-empleo-registrado\\\/#breadcrumb\"},\"inLanguage\":\"es\",\"potentialAction\":[{\"@type\":\"ReadAction\",\"target\":[\"https:\\\/\\\/diariotextual.com\\\/inicio\\\/index.php\\\/2023\\\/07\\\/26\\\/trabajo-rural-buscan-compatibilizar-planes-sociales-y-empleo-registrado\\\/\"]}]},{\"@type\":\"ImageObject\",\"inLanguage\":\"es\",\"@id\":\"https:\\\/\\\/diariotextual.com\\\/inicio\\\/index.php\\\/2023\\\/07\\\/26\\\/trabajo-rural-buscan-compatibilizar-planes-sociales-y-empleo-registrado\\\/#primaryimage\",\"url\":\"https:\\\/\\\/diariotextual.com\\\/inicio\\\/wp-content\\\/uploads\\\/2019\\\/11\\\/gauchocampo23.jpg\",\"contentUrl\":\"https:\\\/\\\/diariotextual.com\\\/inicio\\\/wp-content\\\/uploads\\\/2019\\\/11\\\/gauchocampo23.jpg\",\"width\":855,\"height\":586},{\"@type\":\"BreadcrumbList\",\"@id\":\"https:\\\/\\\/diariotextual.com\\\/inicio\\\/index.php\\\/2023\\\/07\\\/26\\\/trabajo-rural-buscan-compatibilizar-planes-sociales-y-empleo-registrado\\\/#breadcrumb\",\"itemListElement\":[{\"@type\":\"ListItem\",\"position\":1,\"name\":\"Portada\",\"item\":\"https:\\\/\\\/diariotextual.com\\\/inicio\\\/\"},{\"@type\":\"ListItem\",\"position\":2,\"name\":\"Trabajo rural: buscan compatibilizar planes sociales y empleo registrado\"}]},{\"@type\":\"WebSite\",\"@id\":\"https:\\\/\\\/diariotextual.com\\\/inicio\\\/#website\",\"url\":\"https:\\\/\\\/diariotextual.com\\\/inicio\\\/\",\"name\":\"Diario Textual\",\"description\":\"\",\"publisher\":{\"@id\":\"https:\\\/\\\/diariotextual.com\\\/inicio\\\/#organization\"},\"potentialAction\":[{\"@type\":\"SearchAction\",\"target\":{\"@type\":\"EntryPoint\",\"urlTemplate\":\"https:\\\/\\\/diariotextual.com\\\/inicio\\\/?s={search_term_string}\"},\"query-input\":{\"@type\":\"PropertyValueSpecification\",\"valueRequired\":true,\"valueName\":\"search_term_string\"}}],\"inLanguage\":\"es\"},{\"@type\":\"Organization\",\"@id\":\"https:\\\/\\\/diariotextual.com\\\/inicio\\\/#organization\",\"name\":\"Diario Textual\",\"url\":\"https:\\\/\\\/diariotextual.com\\\/inicio\\\/\",\"logo\":{\"@type\":\"ImageObject\",\"inLanguage\":\"es\",\"@id\":\"https:\\\/\\\/diariotextual.com\\\/inicio\\\/#\\\/schema\\\/logo\\\/image\\\/\",\"url\":\"https:\\\/\\\/diariotextual.com\\\/inicio\\\/wp-content\\\/uploads\\\/2023\\\/05\\\/logotextual1.jpg\",\"contentUrl\":\"https:\\\/\\\/diariotextual.com\\\/inicio\\\/wp-content\\\/uploads\\\/2023\\\/05\\\/logotextual1.jpg\",\"width\":516,\"height\":76,\"caption\":\"Diario Textual\"},\"image\":{\"@id\":\"https:\\\/\\\/diariotextual.com\\\/inicio\\\/#\\\/schema\\\/logo\\\/image\\\/\"},\"sameAs\":[\"https:\\\/\\\/www.facebook.com\\\/eltextual\",\"https:\\\/\\\/x.com\\\/eltextual\",\"http:\\\/\\\/www.instagram.com\\\/eltextual\"]},{\"@type\":\"Person\",\"@id\":\"https:\\\/\\\/diariotextual.com\\\/inicio\\\/#\\\/schema\\\/person\\\/694f60677f23c4a530867a98f22b3768\",\"name\":\"diario2\",\"image\":{\"@type\":\"ImageObject\",\"inLanguage\":\"es\",\"@id\":\"https:\\\/\\\/secure.gravatar.com\\\/avatar\\\/5a2567495ba16b852fcd8f1ed006a2e24fcace936018ed8237e95f488ad6e0a7?s=96&d=mm&r=g\",\"url\":\"https:\\\/\\\/secure.gravatar.com\\\/avatar\\\/5a2567495ba16b852fcd8f1ed006a2e24fcace936018ed8237e95f488ad6e0a7?s=96&d=mm&r=g\",\"contentUrl\":\"https:\\\/\\\/secure.gravatar.com\\\/avatar\\\/5a2567495ba16b852fcd8f1ed006a2e24fcace936018ed8237e95f488ad6e0a7?s=96&d=mm&r=g\",\"caption\":\"diario2\"},\"url\":\"https:\\\/\\\/diariotextual.com\\\/inicio\\\/index.php\\\/author\\\/diario2\\\/\"}]}<\/script>\n<!-- \/ Yoast SEO plugin. -->","yoast_head_json":{"title":"Trabajo rural: buscan compatibilizar planes sociales y empleo registrado - Diario Textual","robots":{"index":"index","follow":"follow","max-snippet":"max-snippet:-1","max-image-preview":"max-image-preview:large","max-video-preview":"max-video-preview:-1"},"canonical":"https:\/\/diariotextual.com\/inicio\/index.php\/2023\/07\/26\/trabajo-rural-buscan-compatibilizar-planes-sociales-y-empleo-registrado\/","og_locale":"es_ES","og_type":"article","og_title":"Trabajo rural: buscan compatibilizar planes sociales y empleo registrado - Diario Textual","og_description":"La Confederaci\u00f3n Argentina de la Mediana Empresa (CAME) y la senadora nacional Nora del Valle Gim\u00e9nez presentaron hoy un proyecto de ley para compatibilizar los planes sociales con el trabajo&hellip;","og_url":"https:\/\/diariotextual.com\/inicio\/index.php\/2023\/07\/26\/trabajo-rural-buscan-compatibilizar-planes-sociales-y-empleo-registrado\/","og_site_name":"Diario Textual","article_publisher":"https:\/\/www.facebook.com\/eltextual","article_published_time":"2023-07-26T19:10:27+00:00","article_modified_time":"2023-07-27T12:29:28+00:00","og_image":[{"width":855,"height":586,"url":"https:\/\/diariotextual.com\/inicio\/wp-content\/uploads\/2019\/11\/gauchocampo23.jpg","type":"image\/jpeg"}],"author":"diario2","twitter_card":"summary_large_image","twitter_creator":"@eltextual","twitter_site":"@eltextual","twitter_misc":{"Escrito por":"diario2","Tiempo de lectura":"2 minutos"},"schema":{"@context":"https:\/\/schema.org","@graph":[{"@type":"Article","@id":"https:\/\/diariotextual.com\/inicio\/index.php\/2023\/07\/26\/trabajo-rural-buscan-compatibilizar-planes-sociales-y-empleo-registrado\/#article","isPartOf":{"@id":"https:\/\/diariotextual.com\/inicio\/index.php\/2023\/07\/26\/trabajo-rural-buscan-compatibilizar-planes-sociales-y-empleo-registrado\/"},"author":{"name":"diario2","@id":"https:\/\/diariotextual.com\/inicio\/#\/schema\/person\/694f60677f23c4a530867a98f22b3768"},"headline":"Trabajo rural: buscan compatibilizar planes sociales y empleo registrado","datePublished":"2023-07-26T19:10:27+00:00","dateModified":"2023-07-27T12:29:28+00:00","mainEntityOfPage":{"@id":"https:\/\/diariotextual.com\/inicio\/index.php\/2023\/07\/26\/trabajo-rural-buscan-compatibilizar-planes-sociales-y-empleo-registrado\/"},"wordCount":310,"publisher":{"@id":"https:\/\/diariotextual.com\/inicio\/#organization"},"image":{"@id":"https:\/\/diariotextual.com\/inicio\/index.php\/2023\/07\/26\/trabajo-rural-buscan-compatibilizar-planes-sociales-y-empleo-registrado\/#primaryimage"},"thumbnailUrl":"https:\/\/diariotextual.com\/inicio\/wp-content\/uploads\/2019\/11\/gauchocampo23.jpg","articleSection":["A - QUE PASA (al costado)","SOCIEDAD"],"inLanguage":"es"},{"@type":"WebPage","@id":"https:\/\/diariotextual.com\/inicio\/index.php\/2023\/07\/26\/trabajo-rural-buscan-compatibilizar-planes-sociales-y-empleo-registrado\/","url":"https:\/\/diariotextual.com\/inicio\/index.php\/2023\/07\/26\/trabajo-rural-buscan-compatibilizar-planes-sociales-y-empleo-registrado\/","name":"Trabajo rural: buscan compatibilizar planes sociales y empleo registrado - Diario Textual","isPartOf":{"@id":"https:\/\/diariotextual.com\/inicio\/#website"},"primaryImageOfPage":{"@id":"https:\/\/diariotextual.com\/inicio\/index.php\/2023\/07\/26\/trabajo-rural-buscan-compatibilizar-planes-sociales-y-empleo-registrado\/#primaryimage"},"image":{"@id":"https:\/\/diariotextual.com\/inicio\/index.php\/2023\/07\/26\/trabajo-rural-buscan-compatibilizar-planes-sociales-y-empleo-registrado\/#primaryimage"},"thumbnailUrl":"https:\/\/diariotextual.com\/inicio\/wp-content\/uploads\/2019\/11\/gauchocampo23.jpg","datePublished":"2023-07-26T19:10:27+00:00","dateModified":"2023-07-27T12:29:28+00:00","breadcrumb":{"@id":"https:\/\/diariotextual.com\/inicio\/index.php\/2023\/07\/26\/trabajo-rural-buscan-compatibilizar-planes-sociales-y-empleo-registrado\/#breadcrumb"},"inLanguage":"es","potentialAction":[{"@type":"ReadAction","target":["https:\/\/diariotextual.com\/inicio\/index.php\/2023\/07\/26\/trabajo-rural-buscan-compatibilizar-planes-sociales-y-empleo-registrado\/"]}]},{"@type":"ImageObject","inLanguage":"es","@id":"https:\/\/diariotextual.com\/inicio\/index.php\/2023\/07\/26\/trabajo-rural-buscan-compatibilizar-planes-sociales-y-empleo-registrado\/#primaryimage","url":"https:\/\/diariotextual.com\/inicio\/wp-content\/uploads\/2019\/11\/gauchocampo23.jpg","contentUrl":"https:\/\/diariotextual.com\/inicio\/wp-content\/uploads\/2019\/11\/gauchocampo23.jpg","width":855,"height":586},{"@type":"BreadcrumbList","@id":"https:\/\/diariotextual.com\/inicio\/index.php\/2023\/07\/26\/trabajo-rural-buscan-compatibilizar-planes-sociales-y-empleo-registrado\/#breadcrumb","itemListElement":[{"@type":"ListItem","position":1,"name":"Portada","item":"https:\/\/diariotextual.com\/inicio\/"},{"@type":"ListItem","position":2,"name":"Trabajo rural: buscan compatibilizar planes sociales y empleo registrado"}]},{"@type":"WebSite","@id":"https:\/\/diariotextual.com\/inicio\/#website","url":"https:\/\/diariotextual.com\/inicio\/","name":"Diario Textual","description":"","publisher":{"@id":"https:\/\/diariotextual.com\/inicio\/#organization"},"potentialAction":[{"@type":"SearchAction","target":{"@type":"EntryPoint","urlTemplate":"https:\/\/diariotextual.com\/inicio\/?s={search_term_string}"},"query-input":{"@type":"PropertyValueSpecification","valueRequired":true,"valueName":"search_term_string"}}],"inLanguage":"es"},{"@type":"Organization","@id":"https:\/\/diariotextual.com\/inicio\/#organization","name":"Diario Textual","url":"https:\/\/diariotextual.com\/inicio\/","logo":{"@type":"ImageObject","inLanguage":"es","@id":"https:\/\/diariotextual.com\/inicio\/#\/schema\/logo\/image\/","url":"https:\/\/diariotextual.com\/inicio\/wp-content\/uploads\/2023\/05\/logotextual1.jpg","contentUrl":"https:\/\/diariotextual.com\/inicio\/wp-content\/uploads\/2023\/05\/logotextual1.jpg","width":516,"height":76,"caption":"Diario Textual"},"image":{"@id":"https:\/\/diariotextual.com\/inicio\/#\/schema\/logo\/image\/"},"sameAs":["https:\/\/www.facebook.com\/eltextual","https:\/\/x.com\/eltextual","http:\/\/www.instagram.com\/eltextual"]},{"@type":"Person","@id":"https:\/\/diariotextual.com\/inicio\/#\/schema\/person\/694f60677f23c4a530867a98f22b3768","name":"diario2","image":{"@type":"ImageObject","inLanguage":"es","@id":"https:\/\/secure.gravatar.com\/avatar\/5a2567495ba16b852fcd8f1ed006a2e24fcace936018ed8237e95f488ad6e0a7?s=96&d=mm&r=g","url":"https:\/\/secure.gravatar.com\/avatar\/5a2567495ba16b852fcd8f1ed006a2e24fcace936018ed8237e95f488ad6e0a7?s=96&d=mm&r=g","contentUrl":"https:\/\/secure.gravatar.com\/avatar\/5a2567495ba16b852fcd8f1ed006a2e24fcace936018ed8237e95f488ad6e0a7?s=96&d=mm&r=g","caption":"diario2"},"url":"https:\/\/diariotextual.com\/inicio\/index.php\/author\/diario2\/"}]}},"_links":{"self":[{"href":"https:\/\/diariotextual.com\/inicio\/index.php\/wp-json\/wp\/v2\/posts\/231939","targetHints":{"allow":["GET"]}}],"collection":[{"href":"https:\/\/diariotextual.com\/inicio\/index.php\/wp-json\/wp\/v2\/posts"}],"about":[{"href":"https:\/\/diariotextual.com\/inicio\/index.php\/wp-json\/wp\/v2\/types\/post"}],"author":[{"embeddable":true,"href":"https:\/\/diariotextual.com\/inicio\/index.php\/wp-json\/wp\/v2\/users\/4"}],"replies":[{"embeddable":true,"href":"https:\/\/diariotextual.com\/inicio\/index.php\/wp-json\/wp\/v2\/comments?post=231939"}],"version-history":[{"count":1,"href":"https:\/\/diariotextual.com\/inicio\/index.php\/wp-json\/wp\/v2\/posts\/231939\/revisions"}],"predecessor-version":[{"id":231940,"href":"https:\/\/diariotextual.com\/inicio\/index.php\/wp-json\/wp\/v2\/posts\/231939\/revisions\/231940"}],"wp:featuredmedia":[{"embeddable":true,"href":"https:\/\/diariotextual.com\/inicio\/index.php\/wp-json\/wp\/v2\/media\/70163"}],"wp:attachment":[{"href":"https:\/\/diariotextual.com\/inicio\/index.php\/wp-json\/wp\/v2\/media?parent=231939"}],"wp:term":[{"taxonomy":"category","embeddable":true,"href":"https:\/\/diariotextual.com\/inicio\/index.php\/wp-json\/wp\/v2\/categories?post=231939"},{"taxonomy":"post_tag","embeddable":true,"href":"https:\/\/diariotextual.com\/inicio\/index.php\/wp-json\/wp\/v2\/tags?post=231939"}],"curies":[{"name":"wp","href":"https:\/\/api.w.org\/{rel}","templated":true}]}}