{"id":231986,"date":"2023-07-26T19:07:31","date_gmt":"2023-07-26T22:07:31","guid":{"rendered":"https:\/\/diariotextual.com\/inicio\/?p=231986"},"modified":"2023-07-27T04:23:55","modified_gmt":"2023-07-27T07:23:55","slug":"construiran-un-centro-logistico-para-almacenar-vacunas-en-el-molas","status":"publish","type":"post","link":"https:\/\/diariotextual.com\/inicio\/index.php\/2023\/07\/26\/construiran-un-centro-logistico-para-almacenar-vacunas-en-el-molas\/","title":{"rendered":"Construir\u00e1n un centro log\u00edstico para almacenar vacunas en el Molas"},"content":{"rendered":"\n<p>Desde el Gobierno provincial, y en concordancia con el Gobierno nacional, se anunci\u00f3 la puesta en marcha de la obra \u201cAlmac\u00e9n Provincial de Vacunas\u201d. Estar\u00e1 emplazado en el predio del Hospital Lucio Molas de Santa Rosa y se concretar\u00e1 con financiamiento de Naci\u00f3n. Permitir\u00e1 ampliar la capacidad de almacenamiento de vacunas para distribuir en los 110 vacunatorios de la Provincia.<\/p>\n\n\n\n<p>Recibir\u00e1 las vacunas que requiere la poblaci\u00f3n pampeana pudiendo contemplar las diferentes cadenas de frio (refrigeraci\u00f3n o congelaci\u00f3n. Este proyecto tiene como fin ampliar el almacenamiento de las vacunas para luego distribuirlas a los 110 vacunatorios del interior provincial.<br><\/p>\n\n\n\n<p>A nivel nacional se implementaron importantes pol\u00edticas de inmunizaciones a lo largo de las \u00faltimas d\u00e9cadas, entre ellas la ampliaci\u00f3n del Calendario Nacional de Vacunas y algunas campa\u00f1as focalizadas tendientes a fortalecer las pol\u00edticas de prevenci\u00f3n de enfermedades y de muertes, teniendo como principal objetivo el pasaje de la vacunaci\u00f3n del ni\u00f1o a la familia, incluyendo los adultos e identificando los grupos de riesgo para favorecer el acceso de esta poblaci\u00f3n a las vacunas especiales.<br><\/p>\n\n\n\n<p>Desde el Ministerio de Salud destacaron que las vacunas constituyen uno de los avances m\u00e1s importantes en materia de salud a nivel mundial y son el m\u00e9todo m\u00e1s seguro que hay para proteger a las comunidades de enfermedades letales. En un pasado no tan lejano, estas enfermedades eran responsables de epidemias devastadoras contra las que no ten\u00edamos remedios efectivos. Sin embargo, para que las vacunas sean realmente eficaces, se debe asegurar mantener en todo momento la potencia inmunol\u00f3gica de estos productos biol\u00f3gicos sensibles a la temperatura.<br><\/p>\n\n\n\n<p>No obstante, es importante resaltar que el \u00e9xito o el fracaso de un sistema de inmunizaciones, depende b\u00e1sicamente de la calidad y potencia inmunol\u00f3gica de las vacunas utilizadas y por eso es fundamental el mantenimiento de condiciones adecuadas desde el laboratorio productor hasta su aplicaci\u00f3n en el usuario final. Las redes de distribuci\u00f3n son complejas, lo que hace que en cada punto cr\u00edtico se tenga especial cuidado en la detecci\u00f3n y correcci\u00f3n de las excursiones, en las condiciones de conservaci\u00f3n.<\/p>\n","protected":false},"excerpt":{"rendered":"<p>Desde el Gobierno provincial, y en concordancia con el Gobierno nacional, se anunci\u00f3 la puesta en marcha de la obra \u201cAlmac\u00e9n Provincial de Vacunas\u201d. Estar\u00e1 emplazado en el predio del&hellip;<\/p>\n","protected":false},"author":3,"featured_media":231989,"comment_status":"closed","ping_status":"open","sticky":false,"template":"","format":"standard","meta":{"_acf_changed":false,"footnotes":""},"categories":[1,12],"tags":[],"class_list":["post-231986","post","type-post","status-publish","format-standard","has-post-thumbnail","hentry","category-es-noticia","category-sociedad"],"acf":[],"yoast_head":"<!-- This site is optimized with the Yoast SEO plugin v27.5 - https:\/\/yoast.com\/product\/yoast-seo-wordpress\/ -->\n<title>Construir\u00e1n un centro log\u00edstico para almacenar vacunas en el Molas - Diario Textual<\/title>\n<meta name=\"robots\" content=\"index, follow, max-snippet:-1, max-image-preview:large, max-video-preview:-1\" \/>\n<link rel=\"canonical\" href=\"https:\/\/diariotextual.com\/inicio\/index.php\/2023\/07\/26\/construiran-un-centro-logistico-para-almacenar-vacunas-en-el-molas\/\" \/>\n<meta property=\"og:locale\" content=\"es_ES\" \/>\n<meta property=\"og:type\" content=\"article\" \/>\n<meta property=\"og:title\" content=\"Construir\u00e1n un centro log\u00edstico para almacenar vacunas en el Molas - Diario Textual\" \/>\n<meta property=\"og:description\" content=\"Desde el Gobierno provincial, y en concordancia con el Gobierno nacional, se anunci\u00f3 la puesta en marcha de la obra \u201cAlmac\u00e9n Provincial de Vacunas\u201d. Estar\u00e1 emplazado en el predio del&hellip;\" \/>\n<meta property=\"og:url\" content=\"https:\/\/diariotextual.com\/inicio\/index.php\/2023\/07\/26\/construiran-un-centro-logistico-para-almacenar-vacunas-en-el-molas\/\" \/>\n<meta property=\"og:site_name\" content=\"Diario Textual\" \/>\n<meta property=\"article:publisher\" content=\"https:\/\/www.facebook.com\/eltextual\" \/>\n<meta property=\"article:published_time\" content=\"2023-07-26T22:07:31+00:00\" \/>\n<meta property=\"article:modified_time\" content=\"2023-07-27T07:23:55+00:00\" \/>\n<meta property=\"og:image\" content=\"https:\/\/diariotextual.com\/inicio\/wp-content\/uploads\/2023\/07\/almacenprovincialdevacunasrender2023-1.jpg\" \/>\n\t<meta property=\"og:image:width\" content=\"900\" \/>\n\t<meta property=\"og:image:height\" content=\"507\" \/>\n\t<meta property=\"og:image:type\" content=\"image\/jpeg\" \/>\n<meta name=\"author\" content=\"Diario1 Diario1\" \/>\n<meta name=\"twitter:card\" content=\"summary_large_image\" \/>\n<meta name=\"twitter:creator\" content=\"@eltextual\" \/>\n<meta name=\"twitter:site\" content=\"@eltextual\" \/>\n<meta name=\"twitter:label1\" content=\"Escrito por\" \/>\n\t<meta name=\"twitter:data1\" content=\"Diario1 Diario1\" \/>\n\t<meta name=\"twitter:label2\" content=\"Tiempo de lectura\" \/>\n\t<meta name=\"twitter:data2\" content=\"2 minutos\" \/>\n<script type=\"application\/ld+json\" class=\"yoast-schema-graph\">{\"@context\":\"https:\\\/\\\/schema.org\",\"@graph\":[{\"@type\":\"Article\",\"@id\":\"https:\\\/\\\/diariotextual.com\\\/inicio\\\/index.php\\\/2023\\\/07\\\/26\\\/construiran-un-centro-logistico-para-almacenar-vacunas-en-el-molas\\\/#article\",\"isPartOf\":{\"@id\":\"https:\\\/\\\/diariotextual.com\\\/inicio\\\/index.php\\\/2023\\\/07\\\/26\\\/construiran-un-centro-logistico-para-almacenar-vacunas-en-el-molas\\\/\"},\"author\":{\"name\":\"Diario1 Diario1\",\"@id\":\"https:\\\/\\\/diariotextual.com\\\/inicio\\\/#\\\/schema\\\/person\\\/418fc4093c33e86ed41562db3508f958\"},\"headline\":\"Construir\u00e1n un centro log\u00edstico para almacenar vacunas en el Molas\",\"datePublished\":\"2023-07-26T22:07:31+00:00\",\"dateModified\":\"2023-07-27T07:23:55+00:00\",\"mainEntityOfPage\":{\"@id\":\"https:\\\/\\\/diariotextual.com\\\/inicio\\\/index.php\\\/2023\\\/07\\\/26\\\/construiran-un-centro-logistico-para-almacenar-vacunas-en-el-molas\\\/\"},\"wordCount\":378,\"publisher\":{\"@id\":\"https:\\\/\\\/diariotextual.com\\\/inicio\\\/#organization\"},\"image\":{\"@id\":\"https:\\\/\\\/diariotextual.com\\\/inicio\\\/index.php\\\/2023\\\/07\\\/26\\\/construiran-un-centro-logistico-para-almacenar-vacunas-en-el-molas\\\/#primaryimage\"},\"thumbnailUrl\":\"https:\\\/\\\/diariotextual.com\\\/inicio\\\/wp-content\\\/uploads\\\/2023\\\/07\\\/almacenprovincialdevacunasrender2023-1.jpg\",\"articleSection\":[\"A - ES NOTICIA (van abajo)\",\"SOCIEDAD\"],\"inLanguage\":\"es\"},{\"@type\":\"WebPage\",\"@id\":\"https:\\\/\\\/diariotextual.com\\\/inicio\\\/index.php\\\/2023\\\/07\\\/26\\\/construiran-un-centro-logistico-para-almacenar-vacunas-en-el-molas\\\/\",\"url\":\"https:\\\/\\\/diariotextual.com\\\/inicio\\\/index.php\\\/2023\\\/07\\\/26\\\/construiran-un-centro-logistico-para-almacenar-vacunas-en-el-molas\\\/\",\"name\":\"Construir\u00e1n un centro log\u00edstico para almacenar vacunas en el Molas - Diario Textual\",\"isPartOf\":{\"@id\":\"https:\\\/\\\/diariotextual.com\\\/inicio\\\/#website\"},\"primaryImageOfPage\":{\"@id\":\"https:\\\/\\\/diariotextual.com\\\/inicio\\\/index.php\\\/2023\\\/07\\\/26\\\/construiran-un-centro-logistico-para-almacenar-vacunas-en-el-molas\\\/#primaryimage\"},\"image\":{\"@id\":\"https:\\\/\\\/diariotextual.com\\\/inicio\\\/index.php\\\/2023\\\/07\\\/26\\\/construiran-un-centro-logistico-para-almacenar-vacunas-en-el-molas\\\/#primaryimage\"},\"thumbnailUrl\":\"https:\\\/\\\/diariotextual.com\\\/inicio\\\/wp-content\\\/uploads\\\/2023\\\/07\\\/almacenprovincialdevacunasrender2023-1.jpg\",\"datePublished\":\"2023-07-26T22:07:31+00:00\",\"dateModified\":\"2023-07-27T07:23:55+00:00\",\"breadcrumb\":{\"@id\":\"https:\\\/\\\/diariotextual.com\\\/inicio\\\/index.php\\\/2023\\\/07\\\/26\\\/construiran-un-centro-logistico-para-almacenar-vacunas-en-el-molas\\\/#breadcrumb\"},\"inLanguage\":\"es\",\"potentialAction\":[{\"@type\":\"ReadAction\",\"target\":[\"https:\\\/\\\/diariotextual.com\\\/inicio\\\/index.php\\\/2023\\\/07\\\/26\\\/construiran-un-centro-logistico-para-almacenar-vacunas-en-el-molas\\\/\"]}]},{\"@type\":\"ImageObject\",\"inLanguage\":\"es\",\"@id\":\"https:\\\/\\\/diariotextual.com\\\/inicio\\\/index.php\\\/2023\\\/07\\\/26\\\/construiran-un-centro-logistico-para-almacenar-vacunas-en-el-molas\\\/#primaryimage\",\"url\":\"https:\\\/\\\/diariotextual.com\\\/inicio\\\/wp-content\\\/uploads\\\/2023\\\/07\\\/almacenprovincialdevacunasrender2023-1.jpg\",\"contentUrl\":\"https:\\\/\\\/diariotextual.com\\\/inicio\\\/wp-content\\\/uploads\\\/2023\\\/07\\\/almacenprovincialdevacunasrender2023-1.jpg\",\"width\":900,\"height\":507},{\"@type\":\"BreadcrumbList\",\"@id\":\"https:\\\/\\\/diariotextual.com\\\/inicio\\\/index.php\\\/2023\\\/07\\\/26\\\/construiran-un-centro-logistico-para-almacenar-vacunas-en-el-molas\\\/#breadcrumb\",\"itemListElement\":[{\"@type\":\"ListItem\",\"position\":1,\"name\":\"Portada\",\"item\":\"https:\\\/\\\/diariotextual.com\\\/inicio\\\/\"},{\"@type\":\"ListItem\",\"position\":2,\"name\":\"Construir\u00e1n un centro log\u00edstico para almacenar vacunas en el Molas\"}]},{\"@type\":\"WebSite\",\"@id\":\"https:\\\/\\\/diariotextual.com\\\/inicio\\\/#website\",\"url\":\"https:\\\/\\\/diariotextual.com\\\/inicio\\\/\",\"name\":\"Diario Textual\",\"description\":\"\",\"publisher\":{\"@id\":\"https:\\\/\\\/diariotextual.com\\\/inicio\\\/#organization\"},\"potentialAction\":[{\"@type\":\"SearchAction\",\"target\":{\"@type\":\"EntryPoint\",\"urlTemplate\":\"https:\\\/\\\/diariotextual.com\\\/inicio\\\/?s={search_term_string}\"},\"query-input\":{\"@type\":\"PropertyValueSpecification\",\"valueRequired\":true,\"valueName\":\"search_term_string\"}}],\"inLanguage\":\"es\"},{\"@type\":\"Organization\",\"@id\":\"https:\\\/\\\/diariotextual.com\\\/inicio\\\/#organization\",\"name\":\"Diario Textual\",\"url\":\"https:\\\/\\\/diariotextual.com\\\/inicio\\\/\",\"logo\":{\"@type\":\"ImageObject\",\"inLanguage\":\"es\",\"@id\":\"https:\\\/\\\/diariotextual.com\\\/inicio\\\/#\\\/schema\\\/logo\\\/image\\\/\",\"url\":\"https:\\\/\\\/diariotextual.com\\\/inicio\\\/wp-content\\\/uploads\\\/2023\\\/05\\\/logotextual1.jpg\",\"contentUrl\":\"https:\\\/\\\/diariotextual.com\\\/inicio\\\/wp-content\\\/uploads\\\/2023\\\/05\\\/logotextual1.jpg\",\"width\":516,\"height\":76,\"caption\":\"Diario Textual\"},\"image\":{\"@id\":\"https:\\\/\\\/diariotextual.com\\\/inicio\\\/#\\\/schema\\\/logo\\\/image\\\/\"},\"sameAs\":[\"https:\\\/\\\/www.facebook.com\\\/eltextual\",\"https:\\\/\\\/x.com\\\/eltextual\",\"http:\\\/\\\/www.instagram.com\\\/eltextual\"]},{\"@type\":\"Person\",\"@id\":\"https:\\\/\\\/diariotextual.com\\\/inicio\\\/#\\\/schema\\\/person\\\/418fc4093c33e86ed41562db3508f958\",\"name\":\"Diario1 Diario1\",\"image\":{\"@type\":\"ImageObject\",\"inLanguage\":\"es\",\"@id\":\"https:\\\/\\\/secure.gravatar.com\\\/avatar\\\/9167d280179c85bc18be67aa7eda765854300033af4896dd779b608640f2ef7a?s=96&d=mm&r=g\",\"url\":\"https:\\\/\\\/secure.gravatar.com\\\/avatar\\\/9167d280179c85bc18be67aa7eda765854300033af4896dd779b608640f2ef7a?s=96&d=mm&r=g\",\"contentUrl\":\"https:\\\/\\\/secure.gravatar.com\\\/avatar\\\/9167d280179c85bc18be67aa7eda765854300033af4896dd779b608640f2ef7a?s=96&d=mm&r=g\",\"caption\":\"Diario1 Diario1\"},\"url\":\"https:\\\/\\\/diariotextual.com\\\/inicio\\\/index.php\\\/author\\\/diario1\\\/\"}]}<\/script>\n<!-- \/ Yoast SEO plugin. -->","yoast_head_json":{"title":"Construir\u00e1n un centro log\u00edstico para almacenar vacunas en el Molas - Diario Textual","robots":{"index":"index","follow":"follow","max-snippet":"max-snippet:-1","max-image-preview":"max-image-preview:large","max-video-preview":"max-video-preview:-1"},"canonical":"https:\/\/diariotextual.com\/inicio\/index.php\/2023\/07\/26\/construiran-un-centro-logistico-para-almacenar-vacunas-en-el-molas\/","og_locale":"es_ES","og_type":"article","og_title":"Construir\u00e1n un centro log\u00edstico para almacenar vacunas en el Molas - Diario Textual","og_description":"Desde el Gobierno provincial, y en concordancia con el Gobierno nacional, se anunci\u00f3 la puesta en marcha de la obra \u201cAlmac\u00e9n Provincial de Vacunas\u201d. Estar\u00e1 emplazado en el predio del&hellip;","og_url":"https:\/\/diariotextual.com\/inicio\/index.php\/2023\/07\/26\/construiran-un-centro-logistico-para-almacenar-vacunas-en-el-molas\/","og_site_name":"Diario Textual","article_publisher":"https:\/\/www.facebook.com\/eltextual","article_published_time":"2023-07-26T22:07:31+00:00","article_modified_time":"2023-07-27T07:23:55+00:00","og_image":[{"width":900,"height":507,"url":"https:\/\/diariotextual.com\/inicio\/wp-content\/uploads\/2023\/07\/almacenprovincialdevacunasrender2023-1.jpg","type":"image\/jpeg"}],"author":"Diario1 Diario1","twitter_card":"summary_large_image","twitter_creator":"@eltextual","twitter_site":"@eltextual","twitter_misc":{"Escrito por":"Diario1 Diario1","Tiempo de lectura":"2 minutos"},"schema":{"@context":"https:\/\/schema.org","@graph":[{"@type":"Article","@id":"https:\/\/diariotextual.com\/inicio\/index.php\/2023\/07\/26\/construiran-un-centro-logistico-para-almacenar-vacunas-en-el-molas\/#article","isPartOf":{"@id":"https:\/\/diariotextual.com\/inicio\/index.php\/2023\/07\/26\/construiran-un-centro-logistico-para-almacenar-vacunas-en-el-molas\/"},"author":{"name":"Diario1 Diario1","@id":"https:\/\/diariotextual.com\/inicio\/#\/schema\/person\/418fc4093c33e86ed41562db3508f958"},"headline":"Construir\u00e1n un centro log\u00edstico para almacenar vacunas en el Molas","datePublished":"2023-07-26T22:07:31+00:00","dateModified":"2023-07-27T07:23:55+00:00","mainEntityOfPage":{"@id":"https:\/\/diariotextual.com\/inicio\/index.php\/2023\/07\/26\/construiran-un-centro-logistico-para-almacenar-vacunas-en-el-molas\/"},"wordCount":378,"publisher":{"@id":"https:\/\/diariotextual.com\/inicio\/#organization"},"image":{"@id":"https:\/\/diariotextual.com\/inicio\/index.php\/2023\/07\/26\/construiran-un-centro-logistico-para-almacenar-vacunas-en-el-molas\/#primaryimage"},"thumbnailUrl":"https:\/\/diariotextual.com\/inicio\/wp-content\/uploads\/2023\/07\/almacenprovincialdevacunasrender2023-1.jpg","articleSection":["A - ES NOTICIA (van abajo)","SOCIEDAD"],"inLanguage":"es"},{"@type":"WebPage","@id":"https:\/\/diariotextual.com\/inicio\/index.php\/2023\/07\/26\/construiran-un-centro-logistico-para-almacenar-vacunas-en-el-molas\/","url":"https:\/\/diariotextual.com\/inicio\/index.php\/2023\/07\/26\/construiran-un-centro-logistico-para-almacenar-vacunas-en-el-molas\/","name":"Construir\u00e1n un centro log\u00edstico para almacenar vacunas en el Molas - Diario Textual","isPartOf":{"@id":"https:\/\/diariotextual.com\/inicio\/#website"},"primaryImageOfPage":{"@id":"https:\/\/diariotextual.com\/inicio\/index.php\/2023\/07\/26\/construiran-un-centro-logistico-para-almacenar-vacunas-en-el-molas\/#primaryimage"},"image":{"@id":"https:\/\/diariotextual.com\/inicio\/index.php\/2023\/07\/26\/construiran-un-centro-logistico-para-almacenar-vacunas-en-el-molas\/#primaryimage"},"thumbnailUrl":"https:\/\/diariotextual.com\/inicio\/wp-content\/uploads\/2023\/07\/almacenprovincialdevacunasrender2023-1.jpg","datePublished":"2023-07-26T22:07:31+00:00","dateModified":"2023-07-27T07:23:55+00:00","breadcrumb":{"@id":"https:\/\/diariotextual.com\/inicio\/index.php\/2023\/07\/26\/construiran-un-centro-logistico-para-almacenar-vacunas-en-el-molas\/#breadcrumb"},"inLanguage":"es","potentialAction":[{"@type":"ReadAction","target":["https:\/\/diariotextual.com\/inicio\/index.php\/2023\/07\/26\/construiran-un-centro-logistico-para-almacenar-vacunas-en-el-molas\/"]}]},{"@type":"ImageObject","inLanguage":"es","@id":"https:\/\/diariotextual.com\/inicio\/index.php\/2023\/07\/26\/construiran-un-centro-logistico-para-almacenar-vacunas-en-el-molas\/#primaryimage","url":"https:\/\/diariotextual.com\/inicio\/wp-content\/uploads\/2023\/07\/almacenprovincialdevacunasrender2023-1.jpg","contentUrl":"https:\/\/diariotextual.com\/inicio\/wp-content\/uploads\/2023\/07\/almacenprovincialdevacunasrender2023-1.jpg","width":900,"height":507},{"@type":"BreadcrumbList","@id":"https:\/\/diariotextual.com\/inicio\/index.php\/2023\/07\/26\/construiran-un-centro-logistico-para-almacenar-vacunas-en-el-molas\/#breadcrumb","itemListElement":[{"@type":"ListItem","position":1,"name":"Portada","item":"https:\/\/diariotextual.com\/inicio\/"},{"@type":"ListItem","position":2,"name":"Construir\u00e1n un centro log\u00edstico para almacenar vacunas en el Molas"}]},{"@type":"WebSite","@id":"https:\/\/diariotextual.com\/inicio\/#website","url":"https:\/\/diariotextual.com\/inicio\/","name":"Diario Textual","description":"","publisher":{"@id":"https:\/\/diariotextual.com\/inicio\/#organization"},"potentialAction":[{"@type":"SearchAction","target":{"@type":"EntryPoint","urlTemplate":"https:\/\/diariotextual.com\/inicio\/?s={search_term_string}"},"query-input":{"@type":"PropertyValueSpecification","valueRequired":true,"valueName":"search_term_string"}}],"inLanguage":"es"},{"@type":"Organization","@id":"https:\/\/diariotextual.com\/inicio\/#organization","name":"Diario Textual","url":"https:\/\/diariotextual.com\/inicio\/","logo":{"@type":"ImageObject","inLanguage":"es","@id":"https:\/\/diariotextual.com\/inicio\/#\/schema\/logo\/image\/","url":"https:\/\/diariotextual.com\/inicio\/wp-content\/uploads\/2023\/05\/logotextual1.jpg","contentUrl":"https:\/\/diariotextual.com\/inicio\/wp-content\/uploads\/2023\/05\/logotextual1.jpg","width":516,"height":76,"caption":"Diario Textual"},"image":{"@id":"https:\/\/diariotextual.com\/inicio\/#\/schema\/logo\/image\/"},"sameAs":["https:\/\/www.facebook.com\/eltextual","https:\/\/x.com\/eltextual","http:\/\/www.instagram.com\/eltextual"]},{"@type":"Person","@id":"https:\/\/diariotextual.com\/inicio\/#\/schema\/person\/418fc4093c33e86ed41562db3508f958","name":"Diario1 Diario1","image":{"@type":"ImageObject","inLanguage":"es","@id":"https:\/\/secure.gravatar.com\/avatar\/9167d280179c85bc18be67aa7eda765854300033af4896dd779b608640f2ef7a?s=96&d=mm&r=g","url":"https:\/\/secure.gravatar.com\/avatar\/9167d280179c85bc18be67aa7eda765854300033af4896dd779b608640f2ef7a?s=96&d=mm&r=g","contentUrl":"https:\/\/secure.gravatar.com\/avatar\/9167d280179c85bc18be67aa7eda765854300033af4896dd779b608640f2ef7a?s=96&d=mm&r=g","caption":"Diario1 Diario1"},"url":"https:\/\/diariotextual.com\/inicio\/index.php\/author\/diario1\/"}]}},"_links":{"self":[{"href":"https:\/\/diariotextual.com\/inicio\/index.php\/wp-json\/wp\/v2\/posts\/231986","targetHints":{"allow":["GET"]}}],"collection":[{"href":"https:\/\/diariotextual.com\/inicio\/index.php\/wp-json\/wp\/v2\/posts"}],"about":[{"href":"https:\/\/diariotextual.com\/inicio\/index.php\/wp-json\/wp\/v2\/types\/post"}],"author":[{"embeddable":true,"href":"https:\/\/diariotextual.com\/inicio\/index.php\/wp-json\/wp\/v2\/users\/3"}],"replies":[{"embeddable":true,"href":"https:\/\/diariotextual.com\/inicio\/index.php\/wp-json\/wp\/v2\/comments?post=231986"}],"version-history":[{"count":4,"href":"https:\/\/diariotextual.com\/inicio\/index.php\/wp-json\/wp\/v2\/posts\/231986\/revisions"}],"predecessor-version":[{"id":231993,"href":"https:\/\/diariotextual.com\/inicio\/index.php\/wp-json\/wp\/v2\/posts\/231986\/revisions\/231993"}],"wp:featuredmedia":[{"embeddable":true,"href":"https:\/\/diariotextual.com\/inicio\/index.php\/wp-json\/wp\/v2\/media\/231989"}],"wp:attachment":[{"href":"https:\/\/diariotextual.com\/inicio\/index.php\/wp-json\/wp\/v2\/media?parent=231986"}],"wp:term":[{"taxonomy":"category","embeddable":true,"href":"https:\/\/diariotextual.com\/inicio\/index.php\/wp-json\/wp\/v2\/categories?post=231986"},{"taxonomy":"post_tag","embeddable":true,"href":"https:\/\/diariotextual.com\/inicio\/index.php\/wp-json\/wp\/v2\/tags?post=231986"}],"curies":[{"name":"wp","href":"https:\/\/api.w.org\/{rel}","templated":true}]}}