{"id":232032,"date":"2023-07-27T16:37:00","date_gmt":"2023-07-27T19:37:00","guid":{"rendered":"https:\/\/diariotextual.com\/inicio\/?p=232032"},"modified":"2023-07-28T19:02:44","modified_gmt":"2023-07-28T22:02:44","slug":"la-pampa-sumara-dos-diputados-del-campo-al-proximo-congreso","status":"publish","type":"post","link":"https:\/\/diariotextual.com\/inicio\/index.php\/2023\/07\/27\/la-pampa-sumara-dos-diputados-del-campo-al-proximo-congreso\/","title":{"rendered":"La Pampa sumar\u00e1 dos diputados del campo al pr\u00f3ximo Congreso"},"content":{"rendered":"\n<p>La Pampa sumar\u00e1 dos diputados con estrechos v\u00ednculos con el sector del campo en el pr\u00f3ximo Congreso, si se mantiene la tendencia de que el peronismo y la oposici\u00f3n ingresen un legislador cada fuerza en las pr\u00f3ximas elecciones legislativas.<br><\/p>\n\n\n\n<p>La Pampa renueva dos diputados, justamente dos tambi\u00e9n vinculados al sector agropecuario. En las PASO del 13 de agosto, las dos principales fuerzas son Uni\u00f3n por la Patria que llevar\u00e1 como precandidato a diputado nacional a <strong>Ariel Rauschenberger<\/strong> (actual ministro, contador p\u00fablico y productor rural); mientras que Juntos por el Cambio presenta dos listas que dirimen su interna, una lleva a <strong>Francisco Torroba<\/strong> (actual diputado provincial, abogado y productor agropecuario) y la otra a <strong>Mart\u00edn Ardohain <\/strong>(actual diputado provincial, Licenciado en Administraci\u00f3n Agraria y productor agropecuario). Si la elecci\u00f3n de octubre se da como en las de los \u00faltimos a\u00f1os, UP y JxC ingresar\u00e1n un legislador cada uno.<br><\/p>\n\n\n\n<p>En Uni\u00f3n por la Patria Rauschenberger es tambi\u00e9n productor agropecuario (peque\u00f1o) en el sur provincial en la zona de Abramo y Bernasconi. \u201cMi viejo era contratista rural y de chico aprend\u00ed a manejar un tracto y una cosechadora\u201d, afirma a Diario Textual.<br><\/p>\n\n\n\n<p>\u201cEs muy importante lo que genera el campo en nuestra econom\u00eda, para La Pampa, y creo que a eso que se genera tenemos que agregarle valor a trav\u00e9s de la industria. Por eso es importante que se apruebe el proyecto de Ley Agroindustrial que propone Massa\u201d, explica.<br><\/p>\n\n\n\n<p>\u201cHay que darle condiciones de conectividad y tecnolog\u00eda adecuadas al productor agropecuario para el arraigo y profundizar el desarrollo gen\u00e9tico en La Pampa con caba\u00f1as de primer nivel\u201d, indica sobre su propuesta para el Congreso.<br><\/p>\n\n\n\n<p>Por el lado de JxC uno de los precandidatos que encabezan la lista es Ardohain, que estar\u00e1 en la boleta de Patricia Bullrich. Tiene su campo en la zona de Doblas, en la zona donde ten\u00edan sus tolder\u00edas Calfucur\u00e1 y Namuncur\u00e1. \u201cSoy productor agropecuario de toda la vida, tercera generaci\u00f3n\u201d, destac\u00f3.<br><\/p>\n\n\n\n<p>Ardohain resalt\u00f3 esta semana las declaraciones de Bullrich sobre la baja de las retenciones y la necesidad de terminar con el cepo.<br><\/p>\n\n\n\n<p>\u201cPatricia Bullrich afirma que hay que lograr el equilibrio fiscal para poder comenzar a bajar la inflaci\u00f3n, sacar el cepo lo antes posible e ir bajando las retenciones cuanto antes, las nuevas medidas anunciadas por el ministro y candidato, Sergio Massa, resultan nuevos parches que tienden a estirar la desidia de un gobierno que ha perdido el rumbo y la credibilidad\u00bb, afirm\u00f3.<br><\/p>\n\n\n\n<p>\u201cSabemos que la \u00fanica que puede sacar al sector agropecuario de los problemas que est\u00e1 padeciendo, es Patricia y como ella afirm\u00f3, el campo es, fue y ser\u00e1 el motor de la econom\u00eda argentina y del bienestar de mucha gente que vive en pueblos y ciudades\u201d destac\u00f3 el diputado.<br><\/p>\n\n\n\n<p>\u201cVamos a terminar con las restricciones a las exportaciones, trabajaremos muy fuerte para sacarlas lo antes posible\u201d, dijo Ardohain en l\u00ednea con Bullrich.<br><\/p>\n\n\n\n<p>El otro precandidato de JxC que tiene como postulante a la presidencia a Horacio Rodr\u00edguez Larreta, es Torroba. Tambi\u00e9n es de una familia dedicada toda su vida al campo. Su padre lleg\u00f3 en 1896 a La Pampa, tuvo un almac\u00e9n de ramos generales y luego compr\u00f3 el campo que hoy administra.<br><\/p>\n\n\n\n<p>En l\u00ednea con Larreta, que lanz\u00f3 la frase \u201cal campo lo que es del campo\u201d, acompa\u00f1a las medidas del precandidato presidencial. \u201cArgentina ya es el productor de prote\u00ednas m\u00e1s eficiente del mundo. Como supimos ser en otros momentos de nuestra historia, podemos convertirnos en una potencia exportadora de alimentos, tecnolog\u00eda y productos industrializados asociados al agro. Y este proceso de cambio vamos a hacerlo juntos. Con reglas claras, sin trabas, impulsando la producci\u00f3n\u201d, indica su propuesta.<br><\/p>\n\n\n\n<p>Propone un tipo de cambio \u00fanico y libre en el primer a\u00f1o de gobierno, la eliminaci\u00f3n de las retenciones y de todos los cupos y restricciones a las exportaciones, mitigar los efectos de los eventos clim\u00e1ticos y abrir nuevos mercados internacionales. Adem\u00e1s, generar incentivos para la registraci\u00f3n laboral y un SENASA al servicio del productor.<\/p>\n\n\n\n<p><\/p>\n","protected":false},"excerpt":{"rendered":"<p>La Pampa sumar\u00e1 dos diputados con estrechos v\u00ednculos con el sector del campo en el pr\u00f3ximo Congreso, si se mantiene la tendencia de que el peronismo y la oposici\u00f3n ingresen&hellip;<\/p>\n","protected":false},"author":3,"featured_media":232037,"comment_status":"closed","ping_status":"open","sticky":false,"template":"","format":"standard","meta":{"_acf_changed":false,"footnotes":""},"categories":[1,11,8],"tags":[],"class_list":["post-232032","post","type-post","status-publish","format-standard","has-post-thumbnail","hentry","category-es-noticia","category-que-pasa","category-politica"],"acf":[],"yoast_head":"<!-- This site is optimized with the Yoast SEO plugin v27.5 - https:\/\/yoast.com\/product\/yoast-seo-wordpress\/ -->\n<title>La Pampa sumar\u00e1 dos diputados del campo al pr\u00f3ximo Congreso - Diario Textual<\/title>\n<meta name=\"robots\" content=\"index, follow, max-snippet:-1, max-image-preview:large, max-video-preview:-1\" \/>\n<link rel=\"canonical\" href=\"https:\/\/diariotextual.com\/inicio\/index.php\/2023\/07\/27\/la-pampa-sumara-dos-diputados-del-campo-al-proximo-congreso\/\" \/>\n<meta property=\"og:locale\" content=\"es_ES\" \/>\n<meta property=\"og:type\" content=\"article\" \/>\n<meta property=\"og:title\" content=\"La Pampa sumar\u00e1 dos diputados del campo al pr\u00f3ximo Congreso - Diario Textual\" \/>\n<meta property=\"og:description\" content=\"La Pampa sumar\u00e1 dos diputados con estrechos v\u00ednculos con el sector del campo en el pr\u00f3ximo Congreso, si se mantiene la tendencia de que el peronismo y la oposici\u00f3n ingresen&hellip;\" \/>\n<meta property=\"og:url\" content=\"https:\/\/diariotextual.com\/inicio\/index.php\/2023\/07\/27\/la-pampa-sumara-dos-diputados-del-campo-al-proximo-congreso\/\" \/>\n<meta property=\"og:site_name\" content=\"Diario Textual\" \/>\n<meta property=\"article:publisher\" content=\"https:\/\/www.facebook.com\/eltextual\" \/>\n<meta property=\"article:published_time\" content=\"2023-07-27T19:37:00+00:00\" \/>\n<meta property=\"article:modified_time\" content=\"2023-07-28T22:02:44+00:00\" \/>\n<meta property=\"og:image\" content=\"https:\/\/diariotextual.com\/inicio\/wp-content\/uploads\/2023\/07\/ardohainrauschenbergertorroba2023-1.jpeg\" \/>\n\t<meta property=\"og:image:width\" content=\"1600\" \/>\n\t<meta property=\"og:image:height\" content=\"1003\" \/>\n\t<meta property=\"og:image:type\" content=\"image\/jpeg\" \/>\n<meta name=\"author\" content=\"Diario1 Diario1\" \/>\n<meta name=\"twitter:card\" content=\"summary_large_image\" \/>\n<meta name=\"twitter:creator\" content=\"@eltextual\" \/>\n<meta name=\"twitter:site\" content=\"@eltextual\" \/>\n<meta name=\"twitter:label1\" content=\"Escrito por\" \/>\n\t<meta name=\"twitter:data1\" content=\"Diario1 Diario1\" \/>\n\t<meta name=\"twitter:label2\" content=\"Tiempo de lectura\" \/>\n\t<meta name=\"twitter:data2\" content=\"4 minutos\" \/>\n<script type=\"application\/ld+json\" class=\"yoast-schema-graph\">{\"@context\":\"https:\\\/\\\/schema.org\",\"@graph\":[{\"@type\":\"Article\",\"@id\":\"https:\\\/\\\/diariotextual.com\\\/inicio\\\/index.php\\\/2023\\\/07\\\/27\\\/la-pampa-sumara-dos-diputados-del-campo-al-proximo-congreso\\\/#article\",\"isPartOf\":{\"@id\":\"https:\\\/\\\/diariotextual.com\\\/inicio\\\/index.php\\\/2023\\\/07\\\/27\\\/la-pampa-sumara-dos-diputados-del-campo-al-proximo-congreso\\\/\"},\"author\":{\"name\":\"Diario1 Diario1\",\"@id\":\"https:\\\/\\\/diariotextual.com\\\/inicio\\\/#\\\/schema\\\/person\\\/418fc4093c33e86ed41562db3508f958\"},\"headline\":\"La Pampa sumar\u00e1 dos diputados del campo al pr\u00f3ximo Congreso\",\"datePublished\":\"2023-07-27T19:37:00+00:00\",\"dateModified\":\"2023-07-28T22:02:44+00:00\",\"mainEntityOfPage\":{\"@id\":\"https:\\\/\\\/diariotextual.com\\\/inicio\\\/index.php\\\/2023\\\/07\\\/27\\\/la-pampa-sumara-dos-diputados-del-campo-al-proximo-congreso\\\/\"},\"wordCount\":709,\"publisher\":{\"@id\":\"https:\\\/\\\/diariotextual.com\\\/inicio\\\/#organization\"},\"image\":{\"@id\":\"https:\\\/\\\/diariotextual.com\\\/inicio\\\/index.php\\\/2023\\\/07\\\/27\\\/la-pampa-sumara-dos-diputados-del-campo-al-proximo-congreso\\\/#primaryimage\"},\"thumbnailUrl\":\"https:\\\/\\\/diariotextual.com\\\/inicio\\\/wp-content\\\/uploads\\\/2023\\\/07\\\/ardohainrauschenbergertorroba2023-1.jpeg\",\"articleSection\":[\"A - ES NOTICIA (van abajo)\",\"A - QUE PASA (al costado)\",\"POLITICA\"],\"inLanguage\":\"es\"},{\"@type\":\"WebPage\",\"@id\":\"https:\\\/\\\/diariotextual.com\\\/inicio\\\/index.php\\\/2023\\\/07\\\/27\\\/la-pampa-sumara-dos-diputados-del-campo-al-proximo-congreso\\\/\",\"url\":\"https:\\\/\\\/diariotextual.com\\\/inicio\\\/index.php\\\/2023\\\/07\\\/27\\\/la-pampa-sumara-dos-diputados-del-campo-al-proximo-congreso\\\/\",\"name\":\"La Pampa sumar\u00e1 dos diputados del campo al pr\u00f3ximo Congreso - Diario Textual\",\"isPartOf\":{\"@id\":\"https:\\\/\\\/diariotextual.com\\\/inicio\\\/#website\"},\"primaryImageOfPage\":{\"@id\":\"https:\\\/\\\/diariotextual.com\\\/inicio\\\/index.php\\\/2023\\\/07\\\/27\\\/la-pampa-sumara-dos-diputados-del-campo-al-proximo-congreso\\\/#primaryimage\"},\"image\":{\"@id\":\"https:\\\/\\\/diariotextual.com\\\/inicio\\\/index.php\\\/2023\\\/07\\\/27\\\/la-pampa-sumara-dos-diputados-del-campo-al-proximo-congreso\\\/#primaryimage\"},\"thumbnailUrl\":\"https:\\\/\\\/diariotextual.com\\\/inicio\\\/wp-content\\\/uploads\\\/2023\\\/07\\\/ardohainrauschenbergertorroba2023-1.jpeg\",\"datePublished\":\"2023-07-27T19:37:00+00:00\",\"dateModified\":\"2023-07-28T22:02:44+00:00\",\"breadcrumb\":{\"@id\":\"https:\\\/\\\/diariotextual.com\\\/inicio\\\/index.php\\\/2023\\\/07\\\/27\\\/la-pampa-sumara-dos-diputados-del-campo-al-proximo-congreso\\\/#breadcrumb\"},\"inLanguage\":\"es\",\"potentialAction\":[{\"@type\":\"ReadAction\",\"target\":[\"https:\\\/\\\/diariotextual.com\\\/inicio\\\/index.php\\\/2023\\\/07\\\/27\\\/la-pampa-sumara-dos-diputados-del-campo-al-proximo-congreso\\\/\"]}]},{\"@type\":\"ImageObject\",\"inLanguage\":\"es\",\"@id\":\"https:\\\/\\\/diariotextual.com\\\/inicio\\\/index.php\\\/2023\\\/07\\\/27\\\/la-pampa-sumara-dos-diputados-del-campo-al-proximo-congreso\\\/#primaryimage\",\"url\":\"https:\\\/\\\/diariotextual.com\\\/inicio\\\/wp-content\\\/uploads\\\/2023\\\/07\\\/ardohainrauschenbergertorroba2023-1.jpeg\",\"contentUrl\":\"https:\\\/\\\/diariotextual.com\\\/inicio\\\/wp-content\\\/uploads\\\/2023\\\/07\\\/ardohainrauschenbergertorroba2023-1.jpeg\",\"width\":1600,\"height\":1003},{\"@type\":\"BreadcrumbList\",\"@id\":\"https:\\\/\\\/diariotextual.com\\\/inicio\\\/index.php\\\/2023\\\/07\\\/27\\\/la-pampa-sumara-dos-diputados-del-campo-al-proximo-congreso\\\/#breadcrumb\",\"itemListElement\":[{\"@type\":\"ListItem\",\"position\":1,\"name\":\"Portada\",\"item\":\"https:\\\/\\\/diariotextual.com\\\/inicio\\\/\"},{\"@type\":\"ListItem\",\"position\":2,\"name\":\"La Pampa sumar\u00e1 dos diputados del campo al pr\u00f3ximo Congreso\"}]},{\"@type\":\"WebSite\",\"@id\":\"https:\\\/\\\/diariotextual.com\\\/inicio\\\/#website\",\"url\":\"https:\\\/\\\/diariotextual.com\\\/inicio\\\/\",\"name\":\"Diario Textual\",\"description\":\"\",\"publisher\":{\"@id\":\"https:\\\/\\\/diariotextual.com\\\/inicio\\\/#organization\"},\"potentialAction\":[{\"@type\":\"SearchAction\",\"target\":{\"@type\":\"EntryPoint\",\"urlTemplate\":\"https:\\\/\\\/diariotextual.com\\\/inicio\\\/?s={search_term_string}\"},\"query-input\":{\"@type\":\"PropertyValueSpecification\",\"valueRequired\":true,\"valueName\":\"search_term_string\"}}],\"inLanguage\":\"es\"},{\"@type\":\"Organization\",\"@id\":\"https:\\\/\\\/diariotextual.com\\\/inicio\\\/#organization\",\"name\":\"Diario Textual\",\"url\":\"https:\\\/\\\/diariotextual.com\\\/inicio\\\/\",\"logo\":{\"@type\":\"ImageObject\",\"inLanguage\":\"es\",\"@id\":\"https:\\\/\\\/diariotextual.com\\\/inicio\\\/#\\\/schema\\\/logo\\\/image\\\/\",\"url\":\"https:\\\/\\\/diariotextual.com\\\/inicio\\\/wp-content\\\/uploads\\\/2023\\\/05\\\/logotextual1.jpg\",\"contentUrl\":\"https:\\\/\\\/diariotextual.com\\\/inicio\\\/wp-content\\\/uploads\\\/2023\\\/05\\\/logotextual1.jpg\",\"width\":516,\"height\":76,\"caption\":\"Diario Textual\"},\"image\":{\"@id\":\"https:\\\/\\\/diariotextual.com\\\/inicio\\\/#\\\/schema\\\/logo\\\/image\\\/\"},\"sameAs\":[\"https:\\\/\\\/www.facebook.com\\\/eltextual\",\"https:\\\/\\\/x.com\\\/eltextual\",\"http:\\\/\\\/www.instagram.com\\\/eltextual\"]},{\"@type\":\"Person\",\"@id\":\"https:\\\/\\\/diariotextual.com\\\/inicio\\\/#\\\/schema\\\/person\\\/418fc4093c33e86ed41562db3508f958\",\"name\":\"Diario1 Diario1\",\"image\":{\"@type\":\"ImageObject\",\"inLanguage\":\"es\",\"@id\":\"https:\\\/\\\/secure.gravatar.com\\\/avatar\\\/9167d280179c85bc18be67aa7eda765854300033af4896dd779b608640f2ef7a?s=96&d=mm&r=g\",\"url\":\"https:\\\/\\\/secure.gravatar.com\\\/avatar\\\/9167d280179c85bc18be67aa7eda765854300033af4896dd779b608640f2ef7a?s=96&d=mm&r=g\",\"contentUrl\":\"https:\\\/\\\/secure.gravatar.com\\\/avatar\\\/9167d280179c85bc18be67aa7eda765854300033af4896dd779b608640f2ef7a?s=96&d=mm&r=g\",\"caption\":\"Diario1 Diario1\"},\"url\":\"https:\\\/\\\/diariotextual.com\\\/inicio\\\/index.php\\\/author\\\/diario1\\\/\"}]}<\/script>\n<!-- \/ Yoast SEO plugin. -->","yoast_head_json":{"title":"La Pampa sumar\u00e1 dos diputados del campo al pr\u00f3ximo Congreso - Diario Textual","robots":{"index":"index","follow":"follow","max-snippet":"max-snippet:-1","max-image-preview":"max-image-preview:large","max-video-preview":"max-video-preview:-1"},"canonical":"https:\/\/diariotextual.com\/inicio\/index.php\/2023\/07\/27\/la-pampa-sumara-dos-diputados-del-campo-al-proximo-congreso\/","og_locale":"es_ES","og_type":"article","og_title":"La Pampa sumar\u00e1 dos diputados del campo al pr\u00f3ximo Congreso - Diario Textual","og_description":"La Pampa sumar\u00e1 dos diputados con estrechos v\u00ednculos con el sector del campo en el pr\u00f3ximo Congreso, si se mantiene la tendencia de que el peronismo y la oposici\u00f3n ingresen&hellip;","og_url":"https:\/\/diariotextual.com\/inicio\/index.php\/2023\/07\/27\/la-pampa-sumara-dos-diputados-del-campo-al-proximo-congreso\/","og_site_name":"Diario Textual","article_publisher":"https:\/\/www.facebook.com\/eltextual","article_published_time":"2023-07-27T19:37:00+00:00","article_modified_time":"2023-07-28T22:02:44+00:00","og_image":[{"width":1600,"height":1003,"url":"https:\/\/diariotextual.com\/inicio\/wp-content\/uploads\/2023\/07\/ardohainrauschenbergertorroba2023-1.jpeg","type":"image\/jpeg"}],"author":"Diario1 Diario1","twitter_card":"summary_large_image","twitter_creator":"@eltextual","twitter_site":"@eltextual","twitter_misc":{"Escrito por":"Diario1 Diario1","Tiempo de lectura":"4 minutos"},"schema":{"@context":"https:\/\/schema.org","@graph":[{"@type":"Article","@id":"https:\/\/diariotextual.com\/inicio\/index.php\/2023\/07\/27\/la-pampa-sumara-dos-diputados-del-campo-al-proximo-congreso\/#article","isPartOf":{"@id":"https:\/\/diariotextual.com\/inicio\/index.php\/2023\/07\/27\/la-pampa-sumara-dos-diputados-del-campo-al-proximo-congreso\/"},"author":{"name":"Diario1 Diario1","@id":"https:\/\/diariotextual.com\/inicio\/#\/schema\/person\/418fc4093c33e86ed41562db3508f958"},"headline":"La Pampa sumar\u00e1 dos diputados del campo al pr\u00f3ximo Congreso","datePublished":"2023-07-27T19:37:00+00:00","dateModified":"2023-07-28T22:02:44+00:00","mainEntityOfPage":{"@id":"https:\/\/diariotextual.com\/inicio\/index.php\/2023\/07\/27\/la-pampa-sumara-dos-diputados-del-campo-al-proximo-congreso\/"},"wordCount":709,"publisher":{"@id":"https:\/\/diariotextual.com\/inicio\/#organization"},"image":{"@id":"https:\/\/diariotextual.com\/inicio\/index.php\/2023\/07\/27\/la-pampa-sumara-dos-diputados-del-campo-al-proximo-congreso\/#primaryimage"},"thumbnailUrl":"https:\/\/diariotextual.com\/inicio\/wp-content\/uploads\/2023\/07\/ardohainrauschenbergertorroba2023-1.jpeg","articleSection":["A - ES NOTICIA (van abajo)","A - QUE PASA (al costado)","POLITICA"],"inLanguage":"es"},{"@type":"WebPage","@id":"https:\/\/diariotextual.com\/inicio\/index.php\/2023\/07\/27\/la-pampa-sumara-dos-diputados-del-campo-al-proximo-congreso\/","url":"https:\/\/diariotextual.com\/inicio\/index.php\/2023\/07\/27\/la-pampa-sumara-dos-diputados-del-campo-al-proximo-congreso\/","name":"La Pampa sumar\u00e1 dos diputados del campo al pr\u00f3ximo Congreso - Diario Textual","isPartOf":{"@id":"https:\/\/diariotextual.com\/inicio\/#website"},"primaryImageOfPage":{"@id":"https:\/\/diariotextual.com\/inicio\/index.php\/2023\/07\/27\/la-pampa-sumara-dos-diputados-del-campo-al-proximo-congreso\/#primaryimage"},"image":{"@id":"https:\/\/diariotextual.com\/inicio\/index.php\/2023\/07\/27\/la-pampa-sumara-dos-diputados-del-campo-al-proximo-congreso\/#primaryimage"},"thumbnailUrl":"https:\/\/diariotextual.com\/inicio\/wp-content\/uploads\/2023\/07\/ardohainrauschenbergertorroba2023-1.jpeg","datePublished":"2023-07-27T19:37:00+00:00","dateModified":"2023-07-28T22:02:44+00:00","breadcrumb":{"@id":"https:\/\/diariotextual.com\/inicio\/index.php\/2023\/07\/27\/la-pampa-sumara-dos-diputados-del-campo-al-proximo-congreso\/#breadcrumb"},"inLanguage":"es","potentialAction":[{"@type":"ReadAction","target":["https:\/\/diariotextual.com\/inicio\/index.php\/2023\/07\/27\/la-pampa-sumara-dos-diputados-del-campo-al-proximo-congreso\/"]}]},{"@type":"ImageObject","inLanguage":"es","@id":"https:\/\/diariotextual.com\/inicio\/index.php\/2023\/07\/27\/la-pampa-sumara-dos-diputados-del-campo-al-proximo-congreso\/#primaryimage","url":"https:\/\/diariotextual.com\/inicio\/wp-content\/uploads\/2023\/07\/ardohainrauschenbergertorroba2023-1.jpeg","contentUrl":"https:\/\/diariotextual.com\/inicio\/wp-content\/uploads\/2023\/07\/ardohainrauschenbergertorroba2023-1.jpeg","width":1600,"height":1003},{"@type":"BreadcrumbList","@id":"https:\/\/diariotextual.com\/inicio\/index.php\/2023\/07\/27\/la-pampa-sumara-dos-diputados-del-campo-al-proximo-congreso\/#breadcrumb","itemListElement":[{"@type":"ListItem","position":1,"name":"Portada","item":"https:\/\/diariotextual.com\/inicio\/"},{"@type":"ListItem","position":2,"name":"La Pampa sumar\u00e1 dos diputados del campo al pr\u00f3ximo Congreso"}]},{"@type":"WebSite","@id":"https:\/\/diariotextual.com\/inicio\/#website","url":"https:\/\/diariotextual.com\/inicio\/","name":"Diario Textual","description":"","publisher":{"@id":"https:\/\/diariotextual.com\/inicio\/#organization"},"potentialAction":[{"@type":"SearchAction","target":{"@type":"EntryPoint","urlTemplate":"https:\/\/diariotextual.com\/inicio\/?s={search_term_string}"},"query-input":{"@type":"PropertyValueSpecification","valueRequired":true,"valueName":"search_term_string"}}],"inLanguage":"es"},{"@type":"Organization","@id":"https:\/\/diariotextual.com\/inicio\/#organization","name":"Diario Textual","url":"https:\/\/diariotextual.com\/inicio\/","logo":{"@type":"ImageObject","inLanguage":"es","@id":"https:\/\/diariotextual.com\/inicio\/#\/schema\/logo\/image\/","url":"https:\/\/diariotextual.com\/inicio\/wp-content\/uploads\/2023\/05\/logotextual1.jpg","contentUrl":"https:\/\/diariotextual.com\/inicio\/wp-content\/uploads\/2023\/05\/logotextual1.jpg","width":516,"height":76,"caption":"Diario Textual"},"image":{"@id":"https:\/\/diariotextual.com\/inicio\/#\/schema\/logo\/image\/"},"sameAs":["https:\/\/www.facebook.com\/eltextual","https:\/\/x.com\/eltextual","http:\/\/www.instagram.com\/eltextual"]},{"@type":"Person","@id":"https:\/\/diariotextual.com\/inicio\/#\/schema\/person\/418fc4093c33e86ed41562db3508f958","name":"Diario1 Diario1","image":{"@type":"ImageObject","inLanguage":"es","@id":"https:\/\/secure.gravatar.com\/avatar\/9167d280179c85bc18be67aa7eda765854300033af4896dd779b608640f2ef7a?s=96&d=mm&r=g","url":"https:\/\/secure.gravatar.com\/avatar\/9167d280179c85bc18be67aa7eda765854300033af4896dd779b608640f2ef7a?s=96&d=mm&r=g","contentUrl":"https:\/\/secure.gravatar.com\/avatar\/9167d280179c85bc18be67aa7eda765854300033af4896dd779b608640f2ef7a?s=96&d=mm&r=g","caption":"Diario1 Diario1"},"url":"https:\/\/diariotextual.com\/inicio\/index.php\/author\/diario1\/"}]}},"_links":{"self":[{"href":"https:\/\/diariotextual.com\/inicio\/index.php\/wp-json\/wp\/v2\/posts\/232032","targetHints":{"allow":["GET"]}}],"collection":[{"href":"https:\/\/diariotextual.com\/inicio\/index.php\/wp-json\/wp\/v2\/posts"}],"about":[{"href":"https:\/\/diariotextual.com\/inicio\/index.php\/wp-json\/wp\/v2\/types\/post"}],"author":[{"embeddable":true,"href":"https:\/\/diariotextual.com\/inicio\/index.php\/wp-json\/wp\/v2\/users\/3"}],"replies":[{"embeddable":true,"href":"https:\/\/diariotextual.com\/inicio\/index.php\/wp-json\/wp\/v2\/comments?post=232032"}],"version-history":[{"count":7,"href":"https:\/\/diariotextual.com\/inicio\/index.php\/wp-json\/wp\/v2\/posts\/232032\/revisions"}],"predecessor-version":[{"id":232093,"href":"https:\/\/diariotextual.com\/inicio\/index.php\/wp-json\/wp\/v2\/posts\/232032\/revisions\/232093"}],"wp:featuredmedia":[{"embeddable":true,"href":"https:\/\/diariotextual.com\/inicio\/index.php\/wp-json\/wp\/v2\/media\/232037"}],"wp:attachment":[{"href":"https:\/\/diariotextual.com\/inicio\/index.php\/wp-json\/wp\/v2\/media?parent=232032"}],"wp:term":[{"taxonomy":"category","embeddable":true,"href":"https:\/\/diariotextual.com\/inicio\/index.php\/wp-json\/wp\/v2\/categories?post=232032"},{"taxonomy":"post_tag","embeddable":true,"href":"https:\/\/diariotextual.com\/inicio\/index.php\/wp-json\/wp\/v2\/tags?post=232032"}],"curies":[{"name":"wp","href":"https:\/\/api.w.org\/{rel}","templated":true}]}}