{"id":232069,"date":"2023-07-27T12:02:17","date_gmt":"2023-07-27T15:02:17","guid":{"rendered":"https:\/\/diariotextual.com\/inicio\/?p=232069"},"modified":"2023-07-28T08:55:31","modified_gmt":"2023-07-28T11:55:31","slug":"coparticipacion-el-vernismo-salio-a-respaldar-a-ziliotto-y-cuestiono-a-di-napoli","status":"publish","type":"post","link":"https:\/\/diariotextual.com\/inicio\/index.php\/2023\/07\/27\/coparticipacion-el-vernismo-salio-a-respaldar-a-ziliotto-y-cuestiono-a-di-napoli\/","title":{"rendered":"Coparticipaci\u00f3n: el vernismo respald\u00f3 a Ziliotto y cuestion\u00f3 a Di N\u00e1poli"},"content":{"rendered":"\n<p>Los halcones de<strong> Carlos Verna <\/strong>dieron un fuerte respaldo al proyecto que envi\u00f3 a la Legislatura el gobernador<strong> Sergio Ziliotto <\/strong>para modificar la Ley de Coparticipaci\u00f3n y cuestionaron al intendente Luciano di N\u00e1poli por oponerse.<\/p>\n\n\n\n<p>Ayer, la intendenta de Pico, <strong>Fernanda Alonso<\/strong>, dijo a Diario Textual que \u201ces una ley posible\u201d y que, con el fondo adicional que se pretende crear, la ciudad norte\u00f1a se beneficiar\u00e1. En concreto, <strong>en 2024 recibir\u00e1 unos 640 millones m\u00e1s. <\/strong><\/p>\n\n\n\n<p>Hoy, en el mismo sentido, se pronunci\u00f3<strong> Alicia Mayoral<\/strong>, diputada, vicegobernadora electa y una de las dirigentes m\u00e1s cercanas a Verna.<\/p>\n\n\n\n<p>\u201cEs una ley que se pone a disposici\u00f3n de la Legislatura. Ha hecho ruido, pero todas las leyes de coparticipaci\u00f3n han hecho ruido\u201d, manifest\u00f3 Mayoral.<\/p>\n\n\n\n<p>Dijo que la modificaci\u00f3n de la ley favorece a General Pico y asegur\u00f3 que ninguna intendencia recibir\u00e1 menos que ahora.<\/p>\n\n\n\n<p>Adem\u00e1s, <strong>Mayoral resalt\u00f3 la intenci\u00f3n de crear un observatorio para monitorear la aplicaci\u00f3n de la coparticipaci\u00f3n.<\/strong><\/p>\n\n\n\n<p>\u201cPor una vez por todas, debemos derribar ese mito de que las leyes no son perfectibles\u201d, expres\u00f3. \u201cEl observatorio, nos da la garant\u00eda que una vez que la ley se pueda seguir de cerca, para ver qui\u00e9nes son los perjudicados y qui\u00e9nes beneficiados\u201d, expres\u00f3. <strong>\u201cPara analizar pueblo por pueblo. Por eso antes de gritar, debemos esperar\u201d, expres\u00f3<\/strong>, en un claro mensaje a Di N\u00e1poli.<\/p>\n\n\n\n<p>El gobernador&nbsp;reuni\u00f3 ayer a los intendentes en un sal\u00f3n de Vialidad Provincial. All\u00ed detall\u00f3 los alcances del proyecto de ley. \u201cTodos ganan\u201d, les manifest\u00f3. Los presentes coincidieron en se\u00f1alar la necesidad del cambio a una ley que requer\u00eda ser actualizada. Fueron casi todos: solo falt\u00f3 el intendente de Santa Rosa, quien<strong><a href=\"https:\/\/diariotextual.com\/inicio\/index.php\/2023\/07\/26\/coparticipacion-di-napoli-dice-que-es-un-parche-y-por-eso-no-fue-a-la-reunion-de-intendentes\/\" target=\"_blank\" rel=\"noreferrer noopener\">&nbsp;considera un avance la modificaci\u00f3n que se pretende encarar, pero a\u00fan insuficiente.<\/a><\/strong>&nbsp;<\/p>\n\n\n\n<p>Concretamente,&nbsp;<strong>se pretende crear un nuevo fondo dentro de la Ley 1065: el Fondo Adicional de Distribuci\u00f3n Poblacional, que es de car\u00e1cter permanente, con recursos provinciales y de transferencia autom\u00e1tica que se distribuye exclusivamente por poblaci\u00f3n.<\/strong><\/p>\n\n\n\n<p>Ese fondo adicional, en caso de lograr la luz verde por los diputados y las diputadas, se pondr\u00e1 en marcha el 1\u00b0 de enero de 2024 y ser\u00e1 de 3500 millones de pesos.<\/p>\n\n\n\n<p><strong>Desde hace unos cinco a\u00f1os, Santa Rosa, General Pico, Toay, Eduardo Castex y General Acha, entre otras localidades m\u00e1s grandes de La Pampa, vienen perdiendo puntos en el \u00edndice de distribuci\u00f3n de la coparticipaci\u00f3n. A su vez, los pueblos m\u00e1s chicos, que incluso han incorporado m\u00e1s servicios, han embolsado m\u00e1s dinero.<\/strong>&nbsp;<strong>La intenci\u00f3n de este fondo adicional es frenar esa sangr\u00eda de las localidades m\u00e1s grandes.<\/strong><\/p>\n\n\n\n<p>Ayer, el intendente Luciano di N\u00e1poli explic\u00f3 por qu\u00e9 rechaza el proyecto de ley que elabor\u00f3 Sergio Ziliotto para modificar la distribuci\u00f3n de los recursos coparticipables. \u201cNo corrige la inequidad distributiva\u201d, dijo, por las redes sociales.<\/p>\n\n\n\n<p>\u201cResulta imperioso en mi opini\u00f3n que una nueva ley de copartipaci\u00f3n contemple en su criterio de distribuci\u00f3n en mayor proporci\u00f3n el \u00edndice de poblaci\u00f3n, al igual que sucede en las leyes del resto de las provincias aargentinas, menos en la ley pampeana\u201d, sostuvo el jefe comunal.<\/p>\n\n\n\n<p><\/p>\n\n\n\n<p>\u201cDebemos juntos encontrar un punto de equilibrio donde la inequidad distributiva actual, traducida en que un vecino de Santa Rosa recibe 15 veces menos comparado con un habitante de la localidad que m\u00e1s recibe, se corrija y se plasme legalmente de manera tal que no perjudique ni a los pueblos grandes ni a los pueblos chicos; situaci\u00f3n que considero no se revierte con la actual propuesta de ley\u201d, dijo. \u201cPosici\u00f3n que he planteado anteriormente por ante quienes correspond\u00eda\u201d.<\/p>\n","protected":false},"excerpt":{"rendered":"<p>Los halcones de Carlos Verna dieron un fuerte respaldo al proyecto que envi\u00f3 a la Legislatura el gobernador Sergio Ziliotto para modificar la Ley de Coparticipaci\u00f3n y cuestionaron al intendente&hellip;<\/p>\n","protected":false},"author":3,"featured_media":225287,"comment_status":"closed","ping_status":"open","sticky":false,"template":"","format":"standard","meta":{"_acf_changed":false,"footnotes":""},"categories":[11,8],"tags":[],"class_list":["post-232069","post","type-post","status-publish","format-standard","has-post-thumbnail","hentry","category-que-pasa","category-politica"],"acf":[],"yoast_head":"<!-- This site is optimized with the Yoast SEO plugin v27.5 - https:\/\/yoast.com\/product\/yoast-seo-wordpress\/ -->\n<title>Coparticipaci\u00f3n: el vernismo respald\u00f3 a Ziliotto y cuestion\u00f3 a Di N\u00e1poli - Diario Textual<\/title>\n<meta name=\"robots\" content=\"index, follow, max-snippet:-1, max-image-preview:large, max-video-preview:-1\" \/>\n<link rel=\"canonical\" href=\"https:\/\/diariotextual.com\/inicio\/index.php\/2023\/07\/27\/coparticipacion-el-vernismo-salio-a-respaldar-a-ziliotto-y-cuestiono-a-di-napoli\/\" \/>\n<meta property=\"og:locale\" content=\"es_ES\" \/>\n<meta property=\"og:type\" content=\"article\" \/>\n<meta property=\"og:title\" content=\"Coparticipaci\u00f3n: el vernismo respald\u00f3 a Ziliotto y cuestion\u00f3 a Di N\u00e1poli - Diario Textual\" \/>\n<meta property=\"og:description\" content=\"Los halcones de Carlos Verna dieron un fuerte respaldo al proyecto que envi\u00f3 a la Legislatura el gobernador Sergio Ziliotto para modificar la Ley de Coparticipaci\u00f3n y cuestionaron al intendente&hellip;\" \/>\n<meta property=\"og:url\" content=\"https:\/\/diariotextual.com\/inicio\/index.php\/2023\/07\/27\/coparticipacion-el-vernismo-salio-a-respaldar-a-ziliotto-y-cuestiono-a-di-napoli\/\" \/>\n<meta property=\"og:site_name\" content=\"Diario Textual\" \/>\n<meta property=\"article:publisher\" content=\"https:\/\/www.facebook.com\/eltextual\" \/>\n<meta property=\"article:published_time\" content=\"2023-07-27T15:02:17+00:00\" \/>\n<meta property=\"article:modified_time\" content=\"2023-07-28T11:55:31+00:00\" \/>\n<meta property=\"og:image\" content=\"https:\/\/diariotextual.com\/inicio\/wp-content\/uploads\/2023\/05\/ziliottosergiomayoral2023-0001.jpeg\" \/>\n\t<meta property=\"og:image:width\" content=\"1600\" \/>\n\t<meta property=\"og:image:height\" content=\"901\" \/>\n\t<meta property=\"og:image:type\" content=\"image\/jpeg\" \/>\n<meta name=\"author\" content=\"Diario1 Diario1\" \/>\n<meta name=\"twitter:card\" content=\"summary_large_image\" \/>\n<meta name=\"twitter:creator\" content=\"@eltextual\" \/>\n<meta name=\"twitter:site\" content=\"@eltextual\" \/>\n<meta name=\"twitter:label1\" content=\"Escrito por\" \/>\n\t<meta name=\"twitter:data1\" content=\"Diario1 Diario1\" \/>\n\t<meta name=\"twitter:label2\" content=\"Tiempo de lectura\" \/>\n\t<meta name=\"twitter:data2\" content=\"3 minutos\" \/>\n<script type=\"application\/ld+json\" class=\"yoast-schema-graph\">{\"@context\":\"https:\\\/\\\/schema.org\",\"@graph\":[{\"@type\":\"Article\",\"@id\":\"https:\\\/\\\/diariotextual.com\\\/inicio\\\/index.php\\\/2023\\\/07\\\/27\\\/coparticipacion-el-vernismo-salio-a-respaldar-a-ziliotto-y-cuestiono-a-di-napoli\\\/#article\",\"isPartOf\":{\"@id\":\"https:\\\/\\\/diariotextual.com\\\/inicio\\\/index.php\\\/2023\\\/07\\\/27\\\/coparticipacion-el-vernismo-salio-a-respaldar-a-ziliotto-y-cuestiono-a-di-napoli\\\/\"},\"author\":{\"name\":\"Diario1 Diario1\",\"@id\":\"https:\\\/\\\/diariotextual.com\\\/inicio\\\/#\\\/schema\\\/person\\\/418fc4093c33e86ed41562db3508f958\"},\"headline\":\"Coparticipaci\u00f3n: el vernismo respald\u00f3 a Ziliotto y cuestion\u00f3 a Di N\u00e1poli\",\"datePublished\":\"2023-07-27T15:02:17+00:00\",\"dateModified\":\"2023-07-28T11:55:31+00:00\",\"mainEntityOfPage\":{\"@id\":\"https:\\\/\\\/diariotextual.com\\\/inicio\\\/index.php\\\/2023\\\/07\\\/27\\\/coparticipacion-el-vernismo-salio-a-respaldar-a-ziliotto-y-cuestiono-a-di-napoli\\\/\"},\"wordCount\":637,\"publisher\":{\"@id\":\"https:\\\/\\\/diariotextual.com\\\/inicio\\\/#organization\"},\"image\":{\"@id\":\"https:\\\/\\\/diariotextual.com\\\/inicio\\\/index.php\\\/2023\\\/07\\\/27\\\/coparticipacion-el-vernismo-salio-a-respaldar-a-ziliotto-y-cuestiono-a-di-napoli\\\/#primaryimage\"},\"thumbnailUrl\":\"https:\\\/\\\/diariotextual.com\\\/inicio\\\/wp-content\\\/uploads\\\/2023\\\/05\\\/ziliottosergiomayoral2023-0001.jpeg\",\"articleSection\":[\"A - QUE PASA (al costado)\",\"POLITICA\"],\"inLanguage\":\"es\"},{\"@type\":\"WebPage\",\"@id\":\"https:\\\/\\\/diariotextual.com\\\/inicio\\\/index.php\\\/2023\\\/07\\\/27\\\/coparticipacion-el-vernismo-salio-a-respaldar-a-ziliotto-y-cuestiono-a-di-napoli\\\/\",\"url\":\"https:\\\/\\\/diariotextual.com\\\/inicio\\\/index.php\\\/2023\\\/07\\\/27\\\/coparticipacion-el-vernismo-salio-a-respaldar-a-ziliotto-y-cuestiono-a-di-napoli\\\/\",\"name\":\"Coparticipaci\u00f3n: el vernismo respald\u00f3 a Ziliotto y cuestion\u00f3 a Di N\u00e1poli - Diario Textual\",\"isPartOf\":{\"@id\":\"https:\\\/\\\/diariotextual.com\\\/inicio\\\/#website\"},\"primaryImageOfPage\":{\"@id\":\"https:\\\/\\\/diariotextual.com\\\/inicio\\\/index.php\\\/2023\\\/07\\\/27\\\/coparticipacion-el-vernismo-salio-a-respaldar-a-ziliotto-y-cuestiono-a-di-napoli\\\/#primaryimage\"},\"image\":{\"@id\":\"https:\\\/\\\/diariotextual.com\\\/inicio\\\/index.php\\\/2023\\\/07\\\/27\\\/coparticipacion-el-vernismo-salio-a-respaldar-a-ziliotto-y-cuestiono-a-di-napoli\\\/#primaryimage\"},\"thumbnailUrl\":\"https:\\\/\\\/diariotextual.com\\\/inicio\\\/wp-content\\\/uploads\\\/2023\\\/05\\\/ziliottosergiomayoral2023-0001.jpeg\",\"datePublished\":\"2023-07-27T15:02:17+00:00\",\"dateModified\":\"2023-07-28T11:55:31+00:00\",\"breadcrumb\":{\"@id\":\"https:\\\/\\\/diariotextual.com\\\/inicio\\\/index.php\\\/2023\\\/07\\\/27\\\/coparticipacion-el-vernismo-salio-a-respaldar-a-ziliotto-y-cuestiono-a-di-napoli\\\/#breadcrumb\"},\"inLanguage\":\"es\",\"potentialAction\":[{\"@type\":\"ReadAction\",\"target\":[\"https:\\\/\\\/diariotextual.com\\\/inicio\\\/index.php\\\/2023\\\/07\\\/27\\\/coparticipacion-el-vernismo-salio-a-respaldar-a-ziliotto-y-cuestiono-a-di-napoli\\\/\"]}]},{\"@type\":\"ImageObject\",\"inLanguage\":\"es\",\"@id\":\"https:\\\/\\\/diariotextual.com\\\/inicio\\\/index.php\\\/2023\\\/07\\\/27\\\/coparticipacion-el-vernismo-salio-a-respaldar-a-ziliotto-y-cuestiono-a-di-napoli\\\/#primaryimage\",\"url\":\"https:\\\/\\\/diariotextual.com\\\/inicio\\\/wp-content\\\/uploads\\\/2023\\\/05\\\/ziliottosergiomayoral2023-0001.jpeg\",\"contentUrl\":\"https:\\\/\\\/diariotextual.com\\\/inicio\\\/wp-content\\\/uploads\\\/2023\\\/05\\\/ziliottosergiomayoral2023-0001.jpeg\",\"width\":1600,\"height\":901},{\"@type\":\"BreadcrumbList\",\"@id\":\"https:\\\/\\\/diariotextual.com\\\/inicio\\\/index.php\\\/2023\\\/07\\\/27\\\/coparticipacion-el-vernismo-salio-a-respaldar-a-ziliotto-y-cuestiono-a-di-napoli\\\/#breadcrumb\",\"itemListElement\":[{\"@type\":\"ListItem\",\"position\":1,\"name\":\"Portada\",\"item\":\"https:\\\/\\\/diariotextual.com\\\/inicio\\\/\"},{\"@type\":\"ListItem\",\"position\":2,\"name\":\"Coparticipaci\u00f3n: el vernismo respald\u00f3 a Ziliotto y cuestion\u00f3 a Di N\u00e1poli\"}]},{\"@type\":\"WebSite\",\"@id\":\"https:\\\/\\\/diariotextual.com\\\/inicio\\\/#website\",\"url\":\"https:\\\/\\\/diariotextual.com\\\/inicio\\\/\",\"name\":\"Diario Textual\",\"description\":\"\",\"publisher\":{\"@id\":\"https:\\\/\\\/diariotextual.com\\\/inicio\\\/#organization\"},\"potentialAction\":[{\"@type\":\"SearchAction\",\"target\":{\"@type\":\"EntryPoint\",\"urlTemplate\":\"https:\\\/\\\/diariotextual.com\\\/inicio\\\/?s={search_term_string}\"},\"query-input\":{\"@type\":\"PropertyValueSpecification\",\"valueRequired\":true,\"valueName\":\"search_term_string\"}}],\"inLanguage\":\"es\"},{\"@type\":\"Organization\",\"@id\":\"https:\\\/\\\/diariotextual.com\\\/inicio\\\/#organization\",\"name\":\"Diario Textual\",\"url\":\"https:\\\/\\\/diariotextual.com\\\/inicio\\\/\",\"logo\":{\"@type\":\"ImageObject\",\"inLanguage\":\"es\",\"@id\":\"https:\\\/\\\/diariotextual.com\\\/inicio\\\/#\\\/schema\\\/logo\\\/image\\\/\",\"url\":\"https:\\\/\\\/diariotextual.com\\\/inicio\\\/wp-content\\\/uploads\\\/2023\\\/05\\\/logotextual1.jpg\",\"contentUrl\":\"https:\\\/\\\/diariotextual.com\\\/inicio\\\/wp-content\\\/uploads\\\/2023\\\/05\\\/logotextual1.jpg\",\"width\":516,\"height\":76,\"caption\":\"Diario Textual\"},\"image\":{\"@id\":\"https:\\\/\\\/diariotextual.com\\\/inicio\\\/#\\\/schema\\\/logo\\\/image\\\/\"},\"sameAs\":[\"https:\\\/\\\/www.facebook.com\\\/eltextual\",\"https:\\\/\\\/x.com\\\/eltextual\",\"http:\\\/\\\/www.instagram.com\\\/eltextual\"]},{\"@type\":\"Person\",\"@id\":\"https:\\\/\\\/diariotextual.com\\\/inicio\\\/#\\\/schema\\\/person\\\/418fc4093c33e86ed41562db3508f958\",\"name\":\"Diario1 Diario1\",\"image\":{\"@type\":\"ImageObject\",\"inLanguage\":\"es\",\"@id\":\"https:\\\/\\\/secure.gravatar.com\\\/avatar\\\/9167d280179c85bc18be67aa7eda765854300033af4896dd779b608640f2ef7a?s=96&d=mm&r=g\",\"url\":\"https:\\\/\\\/secure.gravatar.com\\\/avatar\\\/9167d280179c85bc18be67aa7eda765854300033af4896dd779b608640f2ef7a?s=96&d=mm&r=g\",\"contentUrl\":\"https:\\\/\\\/secure.gravatar.com\\\/avatar\\\/9167d280179c85bc18be67aa7eda765854300033af4896dd779b608640f2ef7a?s=96&d=mm&r=g\",\"caption\":\"Diario1 Diario1\"},\"url\":\"https:\\\/\\\/diariotextual.com\\\/inicio\\\/index.php\\\/author\\\/diario1\\\/\"}]}<\/script>\n<!-- \/ Yoast SEO plugin. -->","yoast_head_json":{"title":"Coparticipaci\u00f3n: el vernismo respald\u00f3 a Ziliotto y cuestion\u00f3 a Di N\u00e1poli - Diario Textual","robots":{"index":"index","follow":"follow","max-snippet":"max-snippet:-1","max-image-preview":"max-image-preview:large","max-video-preview":"max-video-preview:-1"},"canonical":"https:\/\/diariotextual.com\/inicio\/index.php\/2023\/07\/27\/coparticipacion-el-vernismo-salio-a-respaldar-a-ziliotto-y-cuestiono-a-di-napoli\/","og_locale":"es_ES","og_type":"article","og_title":"Coparticipaci\u00f3n: el vernismo respald\u00f3 a Ziliotto y cuestion\u00f3 a Di N\u00e1poli - Diario Textual","og_description":"Los halcones de Carlos Verna dieron un fuerte respaldo al proyecto que envi\u00f3 a la Legislatura el gobernador Sergio Ziliotto para modificar la Ley de Coparticipaci\u00f3n y cuestionaron al intendente&hellip;","og_url":"https:\/\/diariotextual.com\/inicio\/index.php\/2023\/07\/27\/coparticipacion-el-vernismo-salio-a-respaldar-a-ziliotto-y-cuestiono-a-di-napoli\/","og_site_name":"Diario Textual","article_publisher":"https:\/\/www.facebook.com\/eltextual","article_published_time":"2023-07-27T15:02:17+00:00","article_modified_time":"2023-07-28T11:55:31+00:00","og_image":[{"width":1600,"height":901,"url":"https:\/\/diariotextual.com\/inicio\/wp-content\/uploads\/2023\/05\/ziliottosergiomayoral2023-0001.jpeg","type":"image\/jpeg"}],"author":"Diario1 Diario1","twitter_card":"summary_large_image","twitter_creator":"@eltextual","twitter_site":"@eltextual","twitter_misc":{"Escrito por":"Diario1 Diario1","Tiempo de lectura":"3 minutos"},"schema":{"@context":"https:\/\/schema.org","@graph":[{"@type":"Article","@id":"https:\/\/diariotextual.com\/inicio\/index.php\/2023\/07\/27\/coparticipacion-el-vernismo-salio-a-respaldar-a-ziliotto-y-cuestiono-a-di-napoli\/#article","isPartOf":{"@id":"https:\/\/diariotextual.com\/inicio\/index.php\/2023\/07\/27\/coparticipacion-el-vernismo-salio-a-respaldar-a-ziliotto-y-cuestiono-a-di-napoli\/"},"author":{"name":"Diario1 Diario1","@id":"https:\/\/diariotextual.com\/inicio\/#\/schema\/person\/418fc4093c33e86ed41562db3508f958"},"headline":"Coparticipaci\u00f3n: el vernismo respald\u00f3 a Ziliotto y cuestion\u00f3 a Di N\u00e1poli","datePublished":"2023-07-27T15:02:17+00:00","dateModified":"2023-07-28T11:55:31+00:00","mainEntityOfPage":{"@id":"https:\/\/diariotextual.com\/inicio\/index.php\/2023\/07\/27\/coparticipacion-el-vernismo-salio-a-respaldar-a-ziliotto-y-cuestiono-a-di-napoli\/"},"wordCount":637,"publisher":{"@id":"https:\/\/diariotextual.com\/inicio\/#organization"},"image":{"@id":"https:\/\/diariotextual.com\/inicio\/index.php\/2023\/07\/27\/coparticipacion-el-vernismo-salio-a-respaldar-a-ziliotto-y-cuestiono-a-di-napoli\/#primaryimage"},"thumbnailUrl":"https:\/\/diariotextual.com\/inicio\/wp-content\/uploads\/2023\/05\/ziliottosergiomayoral2023-0001.jpeg","articleSection":["A - QUE PASA (al costado)","POLITICA"],"inLanguage":"es"},{"@type":"WebPage","@id":"https:\/\/diariotextual.com\/inicio\/index.php\/2023\/07\/27\/coparticipacion-el-vernismo-salio-a-respaldar-a-ziliotto-y-cuestiono-a-di-napoli\/","url":"https:\/\/diariotextual.com\/inicio\/index.php\/2023\/07\/27\/coparticipacion-el-vernismo-salio-a-respaldar-a-ziliotto-y-cuestiono-a-di-napoli\/","name":"Coparticipaci\u00f3n: el vernismo respald\u00f3 a Ziliotto y cuestion\u00f3 a Di N\u00e1poli - Diario Textual","isPartOf":{"@id":"https:\/\/diariotextual.com\/inicio\/#website"},"primaryImageOfPage":{"@id":"https:\/\/diariotextual.com\/inicio\/index.php\/2023\/07\/27\/coparticipacion-el-vernismo-salio-a-respaldar-a-ziliotto-y-cuestiono-a-di-napoli\/#primaryimage"},"image":{"@id":"https:\/\/diariotextual.com\/inicio\/index.php\/2023\/07\/27\/coparticipacion-el-vernismo-salio-a-respaldar-a-ziliotto-y-cuestiono-a-di-napoli\/#primaryimage"},"thumbnailUrl":"https:\/\/diariotextual.com\/inicio\/wp-content\/uploads\/2023\/05\/ziliottosergiomayoral2023-0001.jpeg","datePublished":"2023-07-27T15:02:17+00:00","dateModified":"2023-07-28T11:55:31+00:00","breadcrumb":{"@id":"https:\/\/diariotextual.com\/inicio\/index.php\/2023\/07\/27\/coparticipacion-el-vernismo-salio-a-respaldar-a-ziliotto-y-cuestiono-a-di-napoli\/#breadcrumb"},"inLanguage":"es","potentialAction":[{"@type":"ReadAction","target":["https:\/\/diariotextual.com\/inicio\/index.php\/2023\/07\/27\/coparticipacion-el-vernismo-salio-a-respaldar-a-ziliotto-y-cuestiono-a-di-napoli\/"]}]},{"@type":"ImageObject","inLanguage":"es","@id":"https:\/\/diariotextual.com\/inicio\/index.php\/2023\/07\/27\/coparticipacion-el-vernismo-salio-a-respaldar-a-ziliotto-y-cuestiono-a-di-napoli\/#primaryimage","url":"https:\/\/diariotextual.com\/inicio\/wp-content\/uploads\/2023\/05\/ziliottosergiomayoral2023-0001.jpeg","contentUrl":"https:\/\/diariotextual.com\/inicio\/wp-content\/uploads\/2023\/05\/ziliottosergiomayoral2023-0001.jpeg","width":1600,"height":901},{"@type":"BreadcrumbList","@id":"https:\/\/diariotextual.com\/inicio\/index.php\/2023\/07\/27\/coparticipacion-el-vernismo-salio-a-respaldar-a-ziliotto-y-cuestiono-a-di-napoli\/#breadcrumb","itemListElement":[{"@type":"ListItem","position":1,"name":"Portada","item":"https:\/\/diariotextual.com\/inicio\/"},{"@type":"ListItem","position":2,"name":"Coparticipaci\u00f3n: el vernismo respald\u00f3 a Ziliotto y cuestion\u00f3 a Di N\u00e1poli"}]},{"@type":"WebSite","@id":"https:\/\/diariotextual.com\/inicio\/#website","url":"https:\/\/diariotextual.com\/inicio\/","name":"Diario Textual","description":"","publisher":{"@id":"https:\/\/diariotextual.com\/inicio\/#organization"},"potentialAction":[{"@type":"SearchAction","target":{"@type":"EntryPoint","urlTemplate":"https:\/\/diariotextual.com\/inicio\/?s={search_term_string}"},"query-input":{"@type":"PropertyValueSpecification","valueRequired":true,"valueName":"search_term_string"}}],"inLanguage":"es"},{"@type":"Organization","@id":"https:\/\/diariotextual.com\/inicio\/#organization","name":"Diario Textual","url":"https:\/\/diariotextual.com\/inicio\/","logo":{"@type":"ImageObject","inLanguage":"es","@id":"https:\/\/diariotextual.com\/inicio\/#\/schema\/logo\/image\/","url":"https:\/\/diariotextual.com\/inicio\/wp-content\/uploads\/2023\/05\/logotextual1.jpg","contentUrl":"https:\/\/diariotextual.com\/inicio\/wp-content\/uploads\/2023\/05\/logotextual1.jpg","width":516,"height":76,"caption":"Diario Textual"},"image":{"@id":"https:\/\/diariotextual.com\/inicio\/#\/schema\/logo\/image\/"},"sameAs":["https:\/\/www.facebook.com\/eltextual","https:\/\/x.com\/eltextual","http:\/\/www.instagram.com\/eltextual"]},{"@type":"Person","@id":"https:\/\/diariotextual.com\/inicio\/#\/schema\/person\/418fc4093c33e86ed41562db3508f958","name":"Diario1 Diario1","image":{"@type":"ImageObject","inLanguage":"es","@id":"https:\/\/secure.gravatar.com\/avatar\/9167d280179c85bc18be67aa7eda765854300033af4896dd779b608640f2ef7a?s=96&d=mm&r=g","url":"https:\/\/secure.gravatar.com\/avatar\/9167d280179c85bc18be67aa7eda765854300033af4896dd779b608640f2ef7a?s=96&d=mm&r=g","contentUrl":"https:\/\/secure.gravatar.com\/avatar\/9167d280179c85bc18be67aa7eda765854300033af4896dd779b608640f2ef7a?s=96&d=mm&r=g","caption":"Diario1 Diario1"},"url":"https:\/\/diariotextual.com\/inicio\/index.php\/author\/diario1\/"}]}},"_links":{"self":[{"href":"https:\/\/diariotextual.com\/inicio\/index.php\/wp-json\/wp\/v2\/posts\/232069","targetHints":{"allow":["GET"]}}],"collection":[{"href":"https:\/\/diariotextual.com\/inicio\/index.php\/wp-json\/wp\/v2\/posts"}],"about":[{"href":"https:\/\/diariotextual.com\/inicio\/index.php\/wp-json\/wp\/v2\/types\/post"}],"author":[{"embeddable":true,"href":"https:\/\/diariotextual.com\/inicio\/index.php\/wp-json\/wp\/v2\/users\/3"}],"replies":[{"embeddable":true,"href":"https:\/\/diariotextual.com\/inicio\/index.php\/wp-json\/wp\/v2\/comments?post=232069"}],"version-history":[{"count":12,"href":"https:\/\/diariotextual.com\/inicio\/index.php\/wp-json\/wp\/v2\/posts\/232069\/revisions"}],"predecessor-version":[{"id":232088,"href":"https:\/\/diariotextual.com\/inicio\/index.php\/wp-json\/wp\/v2\/posts\/232069\/revisions\/232088"}],"wp:featuredmedia":[{"embeddable":true,"href":"https:\/\/diariotextual.com\/inicio\/index.php\/wp-json\/wp\/v2\/media\/225287"}],"wp:attachment":[{"href":"https:\/\/diariotextual.com\/inicio\/index.php\/wp-json\/wp\/v2\/media?parent=232069"}],"wp:term":[{"taxonomy":"category","embeddable":true,"href":"https:\/\/diariotextual.com\/inicio\/index.php\/wp-json\/wp\/v2\/categories?post=232069"},{"taxonomy":"post_tag","embeddable":true,"href":"https:\/\/diariotextual.com\/inicio\/index.php\/wp-json\/wp\/v2\/tags?post=232069"}],"curies":[{"name":"wp","href":"https:\/\/api.w.org\/{rel}","templated":true}]}}