{"id":232094,"date":"2023-07-27T16:56:46","date_gmt":"2023-07-27T19:56:46","guid":{"rendered":"https:\/\/diariotextual.com\/inicio\/?p=232094"},"modified":"2023-07-27T16:58:51","modified_gmt":"2023-07-27T19:58:51","slug":"licitan-el-nuevo-edificio-de-la-biblioteca-y-centro-de-conectividad-de-la-unlpam-en-pico","status":"publish","type":"post","link":"https:\/\/diariotextual.com\/inicio\/index.php\/2023\/07\/27\/licitan-el-nuevo-edificio-de-la-biblioteca-y-centro-de-conectividad-de-la-unlpam-en-pico\/","title":{"rendered":"Licitan el nuevo edificio de la Biblioteca y centro de conectividad de la UNLPam en Pico"},"content":{"rendered":"\n<p>La UNLPam y el Banco de Desarrollo de Am\u00e9rica Latina llamaron a licitaci\u00f3n para la construcci\u00f3n del nuevo edificio de la Biblioteca y Centro de Conectividad en el Centro Universitario de General Pico. La obra tiene un presupuesto de m\u00e1s de 556 millones de pesos (valores a mayo de 2023) y una superficie de unos 2.000 metros cuadrados.<br><\/p>\n\n\n\n<p>La obra hab\u00eda sido anunciada en su momento por el actual secretario de Pol\u00edticas Universitarias de Naci\u00f3n, y rector de la UNLPam en licencia, Oscar Alpa, como parte de la segunda etapa del Programa Nacional de Infraestructura Universitaria que inclu\u00eda un total de 75 obras en las 24 provincias a cargo de los ministerios de Obras P\u00fablicas y de Educaci\u00f3n.<br><\/p>\n\n\n\n<p>La Licitaci\u00f3n P\u00fablica Nacional LPN 03\/2023 implica un plazo de ejecuci\u00f3n de 540 d\u00edas corridos y la apertura de ofertas ser\u00e1 el d\u00eda 11 de septiembre pr\u00f3ximo.<br><\/p>\n\n\n\n<p>La recepci\u00f3n de ofertas ser\u00e1 hasta el 11 de septiembre a las 10 horas, previo a la apertura de ofertas y el pliego no tendr\u00e1 valor. Las ofertas se reciben en la Direcci\u00f3n de Contrataciones, en Gil 353. Para consultas y obtenci\u00f3n de pliegos se puede acceder en www.unlpam.edu.ar\/tramites\/contrataciones\/<br><\/p>\n\n\n\n<p>Las empresas que quieran presentarse tendr\u00e1n como requisito una capacidad requerida de 370 millones de pesos y acreditar una superficie construida de 2.384 metros cuadrados.<br><\/p>\n\n\n\n<p>El Programa Nacional de Infraestructura Universitaria tiene como objetivo ampliar la cobertura y mejorar el Sistema Universitario Nacional, as\u00ed como tambi\u00e9n se propone incrementar el acceso a la Educaci\u00f3n Superior; optimizar la calidad de la instrucci\u00f3n; fortalecer el funcionamiento y los servicios que prestan las instituciones y vincular el capital humano formado en las universidades con las fuerzas productivas locales.<\/p>\n\n\n\n<p><\/p>\n","protected":false},"excerpt":{"rendered":"<p>La UNLPam y el Banco de Desarrollo de Am\u00e9rica Latina llamaron a licitaci\u00f3n para la construcci\u00f3n del nuevo edificio de la Biblioteca y Centro de Conectividad en el Centro Universitario&hellip;<\/p>\n","protected":false},"author":3,"featured_media":232097,"comment_status":"closed","ping_status":"open","sticky":false,"template":"","format":"standard","meta":{"_acf_changed":false,"footnotes":""},"categories":[1,12],"tags":[],"class_list":["post-232094","post","type-post","status-publish","format-standard","has-post-thumbnail","hentry","category-es-noticia","category-sociedad"],"acf":[],"yoast_head":"<!-- This site is optimized with the Yoast SEO plugin v27.5 - https:\/\/yoast.com\/product\/yoast-seo-wordpress\/ -->\n<title>Licitan el nuevo edificio de la Biblioteca y centro de conectividad de la UNLPam en Pico - Diario Textual<\/title>\n<meta name=\"robots\" content=\"index, follow, max-snippet:-1, max-image-preview:large, max-video-preview:-1\" \/>\n<link rel=\"canonical\" href=\"https:\/\/diariotextual.com\/inicio\/index.php\/2023\/07\/27\/licitan-el-nuevo-edificio-de-la-biblioteca-y-centro-de-conectividad-de-la-unlpam-en-pico\/\" \/>\n<meta property=\"og:locale\" content=\"es_ES\" \/>\n<meta property=\"og:type\" content=\"article\" \/>\n<meta property=\"og:title\" content=\"Licitan el nuevo edificio de la Biblioteca y centro de conectividad de la UNLPam en Pico - Diario Textual\" \/>\n<meta property=\"og:description\" content=\"La UNLPam y el Banco de Desarrollo de Am\u00e9rica Latina llamaron a licitaci\u00f3n para la construcci\u00f3n del nuevo edificio de la Biblioteca y Centro de Conectividad en el Centro Universitario&hellip;\" \/>\n<meta property=\"og:url\" content=\"https:\/\/diariotextual.com\/inicio\/index.php\/2023\/07\/27\/licitan-el-nuevo-edificio-de-la-biblioteca-y-centro-de-conectividad-de-la-unlpam-en-pico\/\" \/>\n<meta property=\"og:site_name\" content=\"Diario Textual\" \/>\n<meta property=\"article:publisher\" content=\"https:\/\/www.facebook.com\/eltextual\" \/>\n<meta property=\"article:published_time\" content=\"2023-07-27T19:56:46+00:00\" \/>\n<meta property=\"article:modified_time\" content=\"2023-07-27T19:58:51+00:00\" \/>\n<meta property=\"og:image\" content=\"https:\/\/diariotextual.com\/inicio\/wp-content\/uploads\/2023\/07\/bibliotecacentroconectividadunlpampicorender2023-1.jpeg\" \/>\n\t<meta property=\"og:image:width\" content=\"1200\" \/>\n\t<meta property=\"og:image:height\" content=\"800\" \/>\n\t<meta property=\"og:image:type\" content=\"image\/jpeg\" \/>\n<meta name=\"author\" content=\"Diario1 Diario1\" \/>\n<meta name=\"twitter:card\" content=\"summary_large_image\" \/>\n<meta name=\"twitter:creator\" content=\"@eltextual\" \/>\n<meta name=\"twitter:site\" content=\"@eltextual\" \/>\n<meta name=\"twitter:label1\" content=\"Escrito por\" \/>\n\t<meta name=\"twitter:data1\" content=\"Diario1 Diario1\" \/>\n\t<meta name=\"twitter:label2\" content=\"Tiempo de lectura\" \/>\n\t<meta name=\"twitter:data2\" content=\"2 minutos\" \/>\n<script type=\"application\/ld+json\" class=\"yoast-schema-graph\">{\"@context\":\"https:\\\/\\\/schema.org\",\"@graph\":[{\"@type\":\"Article\",\"@id\":\"https:\\\/\\\/diariotextual.com\\\/inicio\\\/index.php\\\/2023\\\/07\\\/27\\\/licitan-el-nuevo-edificio-de-la-biblioteca-y-centro-de-conectividad-de-la-unlpam-en-pico\\\/#article\",\"isPartOf\":{\"@id\":\"https:\\\/\\\/diariotextual.com\\\/inicio\\\/index.php\\\/2023\\\/07\\\/27\\\/licitan-el-nuevo-edificio-de-la-biblioteca-y-centro-de-conectividad-de-la-unlpam-en-pico\\\/\"},\"author\":{\"name\":\"Diario1 Diario1\",\"@id\":\"https:\\\/\\\/diariotextual.com\\\/inicio\\\/#\\\/schema\\\/person\\\/418fc4093c33e86ed41562db3508f958\"},\"headline\":\"Licitan el nuevo edificio de la Biblioteca y centro de conectividad de la UNLPam en Pico\",\"datePublished\":\"2023-07-27T19:56:46+00:00\",\"dateModified\":\"2023-07-27T19:58:51+00:00\",\"mainEntityOfPage\":{\"@id\":\"https:\\\/\\\/diariotextual.com\\\/inicio\\\/index.php\\\/2023\\\/07\\\/27\\\/licitan-el-nuevo-edificio-de-la-biblioteca-y-centro-de-conectividad-de-la-unlpam-en-pico\\\/\"},\"wordCount\":310,\"publisher\":{\"@id\":\"https:\\\/\\\/diariotextual.com\\\/inicio\\\/#organization\"},\"image\":{\"@id\":\"https:\\\/\\\/diariotextual.com\\\/inicio\\\/index.php\\\/2023\\\/07\\\/27\\\/licitan-el-nuevo-edificio-de-la-biblioteca-y-centro-de-conectividad-de-la-unlpam-en-pico\\\/#primaryimage\"},\"thumbnailUrl\":\"https:\\\/\\\/diariotextual.com\\\/inicio\\\/wp-content\\\/uploads\\\/2023\\\/07\\\/bibliotecacentroconectividadunlpampicorender2023-1.jpeg\",\"articleSection\":[\"A - ES NOTICIA (van abajo)\",\"SOCIEDAD\"],\"inLanguage\":\"es\"},{\"@type\":\"WebPage\",\"@id\":\"https:\\\/\\\/diariotextual.com\\\/inicio\\\/index.php\\\/2023\\\/07\\\/27\\\/licitan-el-nuevo-edificio-de-la-biblioteca-y-centro-de-conectividad-de-la-unlpam-en-pico\\\/\",\"url\":\"https:\\\/\\\/diariotextual.com\\\/inicio\\\/index.php\\\/2023\\\/07\\\/27\\\/licitan-el-nuevo-edificio-de-la-biblioteca-y-centro-de-conectividad-de-la-unlpam-en-pico\\\/\",\"name\":\"Licitan el nuevo edificio de la Biblioteca y centro de conectividad de la UNLPam en Pico - Diario Textual\",\"isPartOf\":{\"@id\":\"https:\\\/\\\/diariotextual.com\\\/inicio\\\/#website\"},\"primaryImageOfPage\":{\"@id\":\"https:\\\/\\\/diariotextual.com\\\/inicio\\\/index.php\\\/2023\\\/07\\\/27\\\/licitan-el-nuevo-edificio-de-la-biblioteca-y-centro-de-conectividad-de-la-unlpam-en-pico\\\/#primaryimage\"},\"image\":{\"@id\":\"https:\\\/\\\/diariotextual.com\\\/inicio\\\/index.php\\\/2023\\\/07\\\/27\\\/licitan-el-nuevo-edificio-de-la-biblioteca-y-centro-de-conectividad-de-la-unlpam-en-pico\\\/#primaryimage\"},\"thumbnailUrl\":\"https:\\\/\\\/diariotextual.com\\\/inicio\\\/wp-content\\\/uploads\\\/2023\\\/07\\\/bibliotecacentroconectividadunlpampicorender2023-1.jpeg\",\"datePublished\":\"2023-07-27T19:56:46+00:00\",\"dateModified\":\"2023-07-27T19:58:51+00:00\",\"breadcrumb\":{\"@id\":\"https:\\\/\\\/diariotextual.com\\\/inicio\\\/index.php\\\/2023\\\/07\\\/27\\\/licitan-el-nuevo-edificio-de-la-biblioteca-y-centro-de-conectividad-de-la-unlpam-en-pico\\\/#breadcrumb\"},\"inLanguage\":\"es\",\"potentialAction\":[{\"@type\":\"ReadAction\",\"target\":[\"https:\\\/\\\/diariotextual.com\\\/inicio\\\/index.php\\\/2023\\\/07\\\/27\\\/licitan-el-nuevo-edificio-de-la-biblioteca-y-centro-de-conectividad-de-la-unlpam-en-pico\\\/\"]}]},{\"@type\":\"ImageObject\",\"inLanguage\":\"es\",\"@id\":\"https:\\\/\\\/diariotextual.com\\\/inicio\\\/index.php\\\/2023\\\/07\\\/27\\\/licitan-el-nuevo-edificio-de-la-biblioteca-y-centro-de-conectividad-de-la-unlpam-en-pico\\\/#primaryimage\",\"url\":\"https:\\\/\\\/diariotextual.com\\\/inicio\\\/wp-content\\\/uploads\\\/2023\\\/07\\\/bibliotecacentroconectividadunlpampicorender2023-1.jpeg\",\"contentUrl\":\"https:\\\/\\\/diariotextual.com\\\/inicio\\\/wp-content\\\/uploads\\\/2023\\\/07\\\/bibliotecacentroconectividadunlpampicorender2023-1.jpeg\",\"width\":1200,\"height\":800},{\"@type\":\"BreadcrumbList\",\"@id\":\"https:\\\/\\\/diariotextual.com\\\/inicio\\\/index.php\\\/2023\\\/07\\\/27\\\/licitan-el-nuevo-edificio-de-la-biblioteca-y-centro-de-conectividad-de-la-unlpam-en-pico\\\/#breadcrumb\",\"itemListElement\":[{\"@type\":\"ListItem\",\"position\":1,\"name\":\"Portada\",\"item\":\"https:\\\/\\\/diariotextual.com\\\/inicio\\\/\"},{\"@type\":\"ListItem\",\"position\":2,\"name\":\"Licitan el nuevo edificio de la Biblioteca y centro de conectividad de la UNLPam en Pico\"}]},{\"@type\":\"WebSite\",\"@id\":\"https:\\\/\\\/diariotextual.com\\\/inicio\\\/#website\",\"url\":\"https:\\\/\\\/diariotextual.com\\\/inicio\\\/\",\"name\":\"Diario Textual\",\"description\":\"\",\"publisher\":{\"@id\":\"https:\\\/\\\/diariotextual.com\\\/inicio\\\/#organization\"},\"potentialAction\":[{\"@type\":\"SearchAction\",\"target\":{\"@type\":\"EntryPoint\",\"urlTemplate\":\"https:\\\/\\\/diariotextual.com\\\/inicio\\\/?s={search_term_string}\"},\"query-input\":{\"@type\":\"PropertyValueSpecification\",\"valueRequired\":true,\"valueName\":\"search_term_string\"}}],\"inLanguage\":\"es\"},{\"@type\":\"Organization\",\"@id\":\"https:\\\/\\\/diariotextual.com\\\/inicio\\\/#organization\",\"name\":\"Diario Textual\",\"url\":\"https:\\\/\\\/diariotextual.com\\\/inicio\\\/\",\"logo\":{\"@type\":\"ImageObject\",\"inLanguage\":\"es\",\"@id\":\"https:\\\/\\\/diariotextual.com\\\/inicio\\\/#\\\/schema\\\/logo\\\/image\\\/\",\"url\":\"https:\\\/\\\/diariotextual.com\\\/inicio\\\/wp-content\\\/uploads\\\/2023\\\/05\\\/logotextual1.jpg\",\"contentUrl\":\"https:\\\/\\\/diariotextual.com\\\/inicio\\\/wp-content\\\/uploads\\\/2023\\\/05\\\/logotextual1.jpg\",\"width\":516,\"height\":76,\"caption\":\"Diario Textual\"},\"image\":{\"@id\":\"https:\\\/\\\/diariotextual.com\\\/inicio\\\/#\\\/schema\\\/logo\\\/image\\\/\"},\"sameAs\":[\"https:\\\/\\\/www.facebook.com\\\/eltextual\",\"https:\\\/\\\/x.com\\\/eltextual\",\"http:\\\/\\\/www.instagram.com\\\/eltextual\"]},{\"@type\":\"Person\",\"@id\":\"https:\\\/\\\/diariotextual.com\\\/inicio\\\/#\\\/schema\\\/person\\\/418fc4093c33e86ed41562db3508f958\",\"name\":\"Diario1 Diario1\",\"image\":{\"@type\":\"ImageObject\",\"inLanguage\":\"es\",\"@id\":\"https:\\\/\\\/secure.gravatar.com\\\/avatar\\\/9167d280179c85bc18be67aa7eda765854300033af4896dd779b608640f2ef7a?s=96&d=mm&r=g\",\"url\":\"https:\\\/\\\/secure.gravatar.com\\\/avatar\\\/9167d280179c85bc18be67aa7eda765854300033af4896dd779b608640f2ef7a?s=96&d=mm&r=g\",\"contentUrl\":\"https:\\\/\\\/secure.gravatar.com\\\/avatar\\\/9167d280179c85bc18be67aa7eda765854300033af4896dd779b608640f2ef7a?s=96&d=mm&r=g\",\"caption\":\"Diario1 Diario1\"},\"url\":\"https:\\\/\\\/diariotextual.com\\\/inicio\\\/index.php\\\/author\\\/diario1\\\/\"}]}<\/script>\n<!-- \/ Yoast SEO plugin. -->","yoast_head_json":{"title":"Licitan el nuevo edificio de la Biblioteca y centro de conectividad de la UNLPam en Pico - Diario Textual","robots":{"index":"index","follow":"follow","max-snippet":"max-snippet:-1","max-image-preview":"max-image-preview:large","max-video-preview":"max-video-preview:-1"},"canonical":"https:\/\/diariotextual.com\/inicio\/index.php\/2023\/07\/27\/licitan-el-nuevo-edificio-de-la-biblioteca-y-centro-de-conectividad-de-la-unlpam-en-pico\/","og_locale":"es_ES","og_type":"article","og_title":"Licitan el nuevo edificio de la Biblioteca y centro de conectividad de la UNLPam en Pico - Diario Textual","og_description":"La UNLPam y el Banco de Desarrollo de Am\u00e9rica Latina llamaron a licitaci\u00f3n para la construcci\u00f3n del nuevo edificio de la Biblioteca y Centro de Conectividad en el Centro Universitario&hellip;","og_url":"https:\/\/diariotextual.com\/inicio\/index.php\/2023\/07\/27\/licitan-el-nuevo-edificio-de-la-biblioteca-y-centro-de-conectividad-de-la-unlpam-en-pico\/","og_site_name":"Diario Textual","article_publisher":"https:\/\/www.facebook.com\/eltextual","article_published_time":"2023-07-27T19:56:46+00:00","article_modified_time":"2023-07-27T19:58:51+00:00","og_image":[{"width":1200,"height":800,"url":"https:\/\/diariotextual.com\/inicio\/wp-content\/uploads\/2023\/07\/bibliotecacentroconectividadunlpampicorender2023-1.jpeg","type":"image\/jpeg"}],"author":"Diario1 Diario1","twitter_card":"summary_large_image","twitter_creator":"@eltextual","twitter_site":"@eltextual","twitter_misc":{"Escrito por":"Diario1 Diario1","Tiempo de lectura":"2 minutos"},"schema":{"@context":"https:\/\/schema.org","@graph":[{"@type":"Article","@id":"https:\/\/diariotextual.com\/inicio\/index.php\/2023\/07\/27\/licitan-el-nuevo-edificio-de-la-biblioteca-y-centro-de-conectividad-de-la-unlpam-en-pico\/#article","isPartOf":{"@id":"https:\/\/diariotextual.com\/inicio\/index.php\/2023\/07\/27\/licitan-el-nuevo-edificio-de-la-biblioteca-y-centro-de-conectividad-de-la-unlpam-en-pico\/"},"author":{"name":"Diario1 Diario1","@id":"https:\/\/diariotextual.com\/inicio\/#\/schema\/person\/418fc4093c33e86ed41562db3508f958"},"headline":"Licitan el nuevo edificio de la Biblioteca y centro de conectividad de la UNLPam en Pico","datePublished":"2023-07-27T19:56:46+00:00","dateModified":"2023-07-27T19:58:51+00:00","mainEntityOfPage":{"@id":"https:\/\/diariotextual.com\/inicio\/index.php\/2023\/07\/27\/licitan-el-nuevo-edificio-de-la-biblioteca-y-centro-de-conectividad-de-la-unlpam-en-pico\/"},"wordCount":310,"publisher":{"@id":"https:\/\/diariotextual.com\/inicio\/#organization"},"image":{"@id":"https:\/\/diariotextual.com\/inicio\/index.php\/2023\/07\/27\/licitan-el-nuevo-edificio-de-la-biblioteca-y-centro-de-conectividad-de-la-unlpam-en-pico\/#primaryimage"},"thumbnailUrl":"https:\/\/diariotextual.com\/inicio\/wp-content\/uploads\/2023\/07\/bibliotecacentroconectividadunlpampicorender2023-1.jpeg","articleSection":["A - ES NOTICIA (van abajo)","SOCIEDAD"],"inLanguage":"es"},{"@type":"WebPage","@id":"https:\/\/diariotextual.com\/inicio\/index.php\/2023\/07\/27\/licitan-el-nuevo-edificio-de-la-biblioteca-y-centro-de-conectividad-de-la-unlpam-en-pico\/","url":"https:\/\/diariotextual.com\/inicio\/index.php\/2023\/07\/27\/licitan-el-nuevo-edificio-de-la-biblioteca-y-centro-de-conectividad-de-la-unlpam-en-pico\/","name":"Licitan el nuevo edificio de la Biblioteca y centro de conectividad de la UNLPam en Pico - Diario Textual","isPartOf":{"@id":"https:\/\/diariotextual.com\/inicio\/#website"},"primaryImageOfPage":{"@id":"https:\/\/diariotextual.com\/inicio\/index.php\/2023\/07\/27\/licitan-el-nuevo-edificio-de-la-biblioteca-y-centro-de-conectividad-de-la-unlpam-en-pico\/#primaryimage"},"image":{"@id":"https:\/\/diariotextual.com\/inicio\/index.php\/2023\/07\/27\/licitan-el-nuevo-edificio-de-la-biblioteca-y-centro-de-conectividad-de-la-unlpam-en-pico\/#primaryimage"},"thumbnailUrl":"https:\/\/diariotextual.com\/inicio\/wp-content\/uploads\/2023\/07\/bibliotecacentroconectividadunlpampicorender2023-1.jpeg","datePublished":"2023-07-27T19:56:46+00:00","dateModified":"2023-07-27T19:58:51+00:00","breadcrumb":{"@id":"https:\/\/diariotextual.com\/inicio\/index.php\/2023\/07\/27\/licitan-el-nuevo-edificio-de-la-biblioteca-y-centro-de-conectividad-de-la-unlpam-en-pico\/#breadcrumb"},"inLanguage":"es","potentialAction":[{"@type":"ReadAction","target":["https:\/\/diariotextual.com\/inicio\/index.php\/2023\/07\/27\/licitan-el-nuevo-edificio-de-la-biblioteca-y-centro-de-conectividad-de-la-unlpam-en-pico\/"]}]},{"@type":"ImageObject","inLanguage":"es","@id":"https:\/\/diariotextual.com\/inicio\/index.php\/2023\/07\/27\/licitan-el-nuevo-edificio-de-la-biblioteca-y-centro-de-conectividad-de-la-unlpam-en-pico\/#primaryimage","url":"https:\/\/diariotextual.com\/inicio\/wp-content\/uploads\/2023\/07\/bibliotecacentroconectividadunlpampicorender2023-1.jpeg","contentUrl":"https:\/\/diariotextual.com\/inicio\/wp-content\/uploads\/2023\/07\/bibliotecacentroconectividadunlpampicorender2023-1.jpeg","width":1200,"height":800},{"@type":"BreadcrumbList","@id":"https:\/\/diariotextual.com\/inicio\/index.php\/2023\/07\/27\/licitan-el-nuevo-edificio-de-la-biblioteca-y-centro-de-conectividad-de-la-unlpam-en-pico\/#breadcrumb","itemListElement":[{"@type":"ListItem","position":1,"name":"Portada","item":"https:\/\/diariotextual.com\/inicio\/"},{"@type":"ListItem","position":2,"name":"Licitan el nuevo edificio de la Biblioteca y centro de conectividad de la UNLPam en Pico"}]},{"@type":"WebSite","@id":"https:\/\/diariotextual.com\/inicio\/#website","url":"https:\/\/diariotextual.com\/inicio\/","name":"Diario Textual","description":"","publisher":{"@id":"https:\/\/diariotextual.com\/inicio\/#organization"},"potentialAction":[{"@type":"SearchAction","target":{"@type":"EntryPoint","urlTemplate":"https:\/\/diariotextual.com\/inicio\/?s={search_term_string}"},"query-input":{"@type":"PropertyValueSpecification","valueRequired":true,"valueName":"search_term_string"}}],"inLanguage":"es"},{"@type":"Organization","@id":"https:\/\/diariotextual.com\/inicio\/#organization","name":"Diario Textual","url":"https:\/\/diariotextual.com\/inicio\/","logo":{"@type":"ImageObject","inLanguage":"es","@id":"https:\/\/diariotextual.com\/inicio\/#\/schema\/logo\/image\/","url":"https:\/\/diariotextual.com\/inicio\/wp-content\/uploads\/2023\/05\/logotextual1.jpg","contentUrl":"https:\/\/diariotextual.com\/inicio\/wp-content\/uploads\/2023\/05\/logotextual1.jpg","width":516,"height":76,"caption":"Diario Textual"},"image":{"@id":"https:\/\/diariotextual.com\/inicio\/#\/schema\/logo\/image\/"},"sameAs":["https:\/\/www.facebook.com\/eltextual","https:\/\/x.com\/eltextual","http:\/\/www.instagram.com\/eltextual"]},{"@type":"Person","@id":"https:\/\/diariotextual.com\/inicio\/#\/schema\/person\/418fc4093c33e86ed41562db3508f958","name":"Diario1 Diario1","image":{"@type":"ImageObject","inLanguage":"es","@id":"https:\/\/secure.gravatar.com\/avatar\/9167d280179c85bc18be67aa7eda765854300033af4896dd779b608640f2ef7a?s=96&d=mm&r=g","url":"https:\/\/secure.gravatar.com\/avatar\/9167d280179c85bc18be67aa7eda765854300033af4896dd779b608640f2ef7a?s=96&d=mm&r=g","contentUrl":"https:\/\/secure.gravatar.com\/avatar\/9167d280179c85bc18be67aa7eda765854300033af4896dd779b608640f2ef7a?s=96&d=mm&r=g","caption":"Diario1 Diario1"},"url":"https:\/\/diariotextual.com\/inicio\/index.php\/author\/diario1\/"}]}},"_links":{"self":[{"href":"https:\/\/diariotextual.com\/inicio\/index.php\/wp-json\/wp\/v2\/posts\/232094","targetHints":{"allow":["GET"]}}],"collection":[{"href":"https:\/\/diariotextual.com\/inicio\/index.php\/wp-json\/wp\/v2\/posts"}],"about":[{"href":"https:\/\/diariotextual.com\/inicio\/index.php\/wp-json\/wp\/v2\/types\/post"}],"author":[{"embeddable":true,"href":"https:\/\/diariotextual.com\/inicio\/index.php\/wp-json\/wp\/v2\/users\/3"}],"replies":[{"embeddable":true,"href":"https:\/\/diariotextual.com\/inicio\/index.php\/wp-json\/wp\/v2\/comments?post=232094"}],"version-history":[{"count":3,"href":"https:\/\/diariotextual.com\/inicio\/index.php\/wp-json\/wp\/v2\/posts\/232094\/revisions"}],"predecessor-version":[{"id":232098,"href":"https:\/\/diariotextual.com\/inicio\/index.php\/wp-json\/wp\/v2\/posts\/232094\/revisions\/232098"}],"wp:featuredmedia":[{"embeddable":true,"href":"https:\/\/diariotextual.com\/inicio\/index.php\/wp-json\/wp\/v2\/media\/232097"}],"wp:attachment":[{"href":"https:\/\/diariotextual.com\/inicio\/index.php\/wp-json\/wp\/v2\/media?parent=232094"}],"wp:term":[{"taxonomy":"category","embeddable":true,"href":"https:\/\/diariotextual.com\/inicio\/index.php\/wp-json\/wp\/v2\/categories?post=232094"},{"taxonomy":"post_tag","embeddable":true,"href":"https:\/\/diariotextual.com\/inicio\/index.php\/wp-json\/wp\/v2\/tags?post=232094"}],"curies":[{"name":"wp","href":"https:\/\/api.w.org\/{rel}","templated":true}]}}