{"id":232108,"date":"2023-07-27T23:33:00","date_gmt":"2023-07-28T02:33:00","guid":{"rendered":"https:\/\/diariotextual.com\/inicio\/?p=232108"},"modified":"2023-07-28T13:42:34","modified_gmt":"2023-07-28T16:42:34","slug":"purreta-senalo-el-campo-donde-dice-que-enterro-a-andrea-lopez","status":"publish","type":"post","link":"https:\/\/diariotextual.com\/inicio\/index.php\/2023\/07\/27\/purreta-senalo-el-campo-donde-dice-que-enterro-a-andrea-lopez\/","title":{"rendered":"Purreta se\u00f1al\u00f3 el campo donde dice que enterr\u00f3 a Andrea L\u00f3pez"},"content":{"rendered":"\n<p>El exboxeador <strong>V\u00edctor Purreta <\/strong>finalmente empez\u00f3 a romper el silencio: se\u00f1al\u00f3 el campo donde presuntamente se encuentra el cuerpo de <strong>Andrea L\u00f3pez<\/strong>, a quien asesin\u00f3 en febrero de 2004.<\/p>\n\n\n\n<p>El dato pudo ser confirmado por <strong>Diario Textual <\/strong>de fuentes de la investigaci\u00f3n. Concretamente, <strong>Purreta le comunic\u00f3 a personal de la Subsecretar\u00eda de Derechos Humanos d\u00f3nde habr\u00eda enterrado a Andrea.<\/strong><\/p>\n\n\n\n<p>En ese marco, como ha ocurrido en los \u00faltimos a\u00f1os,<strong> desde la secretar\u00eda le comunicaron la novedad a la fiscal\u00eda a cargo de Cecilia Martin\u00ed.<\/strong><\/p>\n\n\n\n<p><strong>As\u00ed, este jueves pasado el mediod\u00eda Purreta fue trasladado para hacer una recorrida en un campo ubicado a la vera de la ruta nacional 35, entre la capital pampeana y Winifreda.<\/strong> Se trata del campo llamado <strong>Monte Chu\u00e9<\/strong>, en la zona de las viejas rastrilladas ranqueles. En ese lugar, con Purreta, estuvo la fiscal Martin\u00ed y personal de la Agencia de Investigaciones Cient\u00edficas.<\/p>\n\n\n\n<p>El lugar est\u00e1 se\u00f1alado. Pero hasta el momento no se han desarrollado excavaciones.<\/p>\n\n\n\n<p><strong>Purreta sigue en la c\u00e1rcel y ha pedido salidas transitorias, que le fueron rechazadas recientemente.<\/strong> <\/p>\n\n\n\n<p>En 2014<strong>\u00a0fue condenado a 18 a\u00f1os de prisi\u00f3n por el femicidio<\/strong>, a partir del testimonio del hijo que tuvo con Andrea. Pero, sumando otras causas por facilitamiento de la prostituci\u00f3n y lesiones,<strong>\u00a0debe cumplir una condena unificada de 25 a\u00f1os<\/strong>.<\/p>\n\n\n\n<p>Andrea fue la primera esposa de Purreta. Viv\u00edan juntos en una casa de la calle Maestros Puntanos, en un barrio al norte de la capital pampeana. Era obligada a prostituirse por su marido y eran recurrentes las peleas. Purreta la golpeaba, ella se iba a la casa de madre y \u00e9l la denunciaba en la Polic\u00eda por abandono de hogar. Volv\u00eda con su esposo y se reiniciaba el maltrato y la explotaci\u00f3n.<\/p>\n\n\n\n<p>Se cree que el asesinato de Andrea que se cometi\u00f3 en la noche del 9 de febrero o la madrugada del 10 de febrero de 2004. Emanuel o \u201cCarlitos\u201d,&nbsp;<strong>el hijo de ambos, dijo en 2011 en la Justicia que vio c\u00f3mo su padre, luego de molerla a palos con un rebenque y ahorcarla, la acost\u00f3 en una cama<\/strong>. Luego la llev\u00f3 a la rastra al ba\u00f1o. Por la hendija de la llave de la puerta, pudo observar que la hab\u00eda puesto bajo la ducha. Quer\u00eda reanimarla. Luego, su padre sali\u00f3 del ba\u00f1o y lo mand\u00f3 a dormir.<\/p>\n\n\n\n<p>Poco despu\u00e9s, lleg\u00f3 a la casa un familiar de Purreta a cuidar al nene. El boxeador sali\u00f3. En la madrugada del 10 de febrero, a las 5.20 horas, Purreta fue visto a bordo de su camioneta. Lo vio su propia madre. El boxeador, ya en el juicio, reconoci\u00f3 la pelea, dijo que sali\u00f3 a comprar cigarrillos y que al volver advirti\u00f3 que su esposa ya no estaba.&nbsp;<strong>\u201cYo no la mat\u00e9\u201d<\/strong>, asegur\u00f3 en ese momento.<\/p>\n\n\n\n<p>&nbsp;<\/p>\n\n\n\n<p><\/p>\n","protected":false},"excerpt":{"rendered":"<p>El exboxeador V\u00edctor Purreta finalmente empez\u00f3 a romper el silencio: se\u00f1al\u00f3 el campo donde presuntamente se encuentra el cuerpo de Andrea L\u00f3pez, a quien asesin\u00f3 en febrero de 2004. El&hellip;<\/p>\n","protected":false},"author":3,"featured_media":232110,"comment_status":"closed","ping_status":"open","sticky":false,"template":"","format":"standard","meta":{"_acf_changed":false,"footnotes":""},"categories":[11,12],"tags":[],"class_list":["post-232108","post","type-post","status-publish","format-standard","has-post-thumbnail","hentry","category-que-pasa","category-sociedad"],"acf":[],"yoast_head":"<!-- This site is optimized with the Yoast SEO plugin v27.5 - https:\/\/yoast.com\/product\/yoast-seo-wordpress\/ -->\n<title>Purreta se\u00f1al\u00f3 el campo donde dice que enterr\u00f3 a Andrea L\u00f3pez - Diario Textual<\/title>\n<meta name=\"robots\" content=\"index, follow, max-snippet:-1, max-image-preview:large, max-video-preview:-1\" \/>\n<link rel=\"canonical\" href=\"https:\/\/diariotextual.com\/inicio\/index.php\/2023\/07\/27\/purreta-senalo-el-campo-donde-dice-que-enterro-a-andrea-lopez\/\" \/>\n<meta property=\"og:locale\" content=\"es_ES\" \/>\n<meta property=\"og:type\" content=\"article\" \/>\n<meta property=\"og:title\" content=\"Purreta se\u00f1al\u00f3 el campo donde dice que enterr\u00f3 a Andrea L\u00f3pez - Diario Textual\" \/>\n<meta property=\"og:description\" content=\"El exboxeador V\u00edctor Purreta finalmente empez\u00f3 a romper el silencio: se\u00f1al\u00f3 el campo donde presuntamente se encuentra el cuerpo de Andrea L\u00f3pez, a quien asesin\u00f3 en febrero de 2004. El&hellip;\" \/>\n<meta property=\"og:url\" content=\"https:\/\/diariotextual.com\/inicio\/index.php\/2023\/07\/27\/purreta-senalo-el-campo-donde-dice-que-enterro-a-andrea-lopez\/\" \/>\n<meta property=\"og:site_name\" content=\"Diario Textual\" \/>\n<meta property=\"article:publisher\" content=\"https:\/\/www.facebook.com\/eltextual\" \/>\n<meta property=\"article:published_time\" content=\"2023-07-28T02:33:00+00:00\" \/>\n<meta property=\"article:modified_time\" content=\"2023-07-28T16:42:34+00:00\" \/>\n<meta property=\"og:image\" content=\"https:\/\/diariotextual.com\/inicio\/wp-content\/uploads\/2023\/07\/purretavictor3333.jpg\" \/>\n\t<meta property=\"og:image:width\" content=\"926\" \/>\n\t<meta property=\"og:image:height\" content=\"617\" \/>\n\t<meta property=\"og:image:type\" content=\"image\/jpeg\" \/>\n<meta name=\"author\" content=\"Diario1 Diario1\" \/>\n<meta name=\"twitter:card\" content=\"summary_large_image\" \/>\n<meta name=\"twitter:creator\" content=\"@eltextual\" \/>\n<meta name=\"twitter:site\" content=\"@eltextual\" \/>\n<meta name=\"twitter:label1\" content=\"Escrito por\" \/>\n\t<meta name=\"twitter:data1\" content=\"Diario1 Diario1\" \/>\n\t<meta name=\"twitter:label2\" content=\"Tiempo de lectura\" \/>\n\t<meta name=\"twitter:data2\" content=\"3 minutos\" \/>\n<script type=\"application\/ld+json\" class=\"yoast-schema-graph\">{\"@context\":\"https:\\\/\\\/schema.org\",\"@graph\":[{\"@type\":\"Article\",\"@id\":\"https:\\\/\\\/diariotextual.com\\\/inicio\\\/index.php\\\/2023\\\/07\\\/27\\\/purreta-senalo-el-campo-donde-dice-que-enterro-a-andrea-lopez\\\/#article\",\"isPartOf\":{\"@id\":\"https:\\\/\\\/diariotextual.com\\\/inicio\\\/index.php\\\/2023\\\/07\\\/27\\\/purreta-senalo-el-campo-donde-dice-que-enterro-a-andrea-lopez\\\/\"},\"author\":{\"name\":\"Diario1 Diario1\",\"@id\":\"https:\\\/\\\/diariotextual.com\\\/inicio\\\/#\\\/schema\\\/person\\\/418fc4093c33e86ed41562db3508f958\"},\"headline\":\"Purreta se\u00f1al\u00f3 el campo donde dice que enterr\u00f3 a Andrea L\u00f3pez\",\"datePublished\":\"2023-07-28T02:33:00+00:00\",\"dateModified\":\"2023-07-28T16:42:34+00:00\",\"mainEntityOfPage\":{\"@id\":\"https:\\\/\\\/diariotextual.com\\\/inicio\\\/index.php\\\/2023\\\/07\\\/27\\\/purreta-senalo-el-campo-donde-dice-que-enterro-a-andrea-lopez\\\/\"},\"wordCount\":494,\"publisher\":{\"@id\":\"https:\\\/\\\/diariotextual.com\\\/inicio\\\/#organization\"},\"image\":{\"@id\":\"https:\\\/\\\/diariotextual.com\\\/inicio\\\/index.php\\\/2023\\\/07\\\/27\\\/purreta-senalo-el-campo-donde-dice-que-enterro-a-andrea-lopez\\\/#primaryimage\"},\"thumbnailUrl\":\"https:\\\/\\\/diariotextual.com\\\/inicio\\\/wp-content\\\/uploads\\\/2023\\\/07\\\/purretavictor3333.jpg\",\"articleSection\":[\"A - QUE PASA (al costado)\",\"SOCIEDAD\"],\"inLanguage\":\"es\"},{\"@type\":\"WebPage\",\"@id\":\"https:\\\/\\\/diariotextual.com\\\/inicio\\\/index.php\\\/2023\\\/07\\\/27\\\/purreta-senalo-el-campo-donde-dice-que-enterro-a-andrea-lopez\\\/\",\"url\":\"https:\\\/\\\/diariotextual.com\\\/inicio\\\/index.php\\\/2023\\\/07\\\/27\\\/purreta-senalo-el-campo-donde-dice-que-enterro-a-andrea-lopez\\\/\",\"name\":\"Purreta se\u00f1al\u00f3 el campo donde dice que enterr\u00f3 a Andrea L\u00f3pez - Diario Textual\",\"isPartOf\":{\"@id\":\"https:\\\/\\\/diariotextual.com\\\/inicio\\\/#website\"},\"primaryImageOfPage\":{\"@id\":\"https:\\\/\\\/diariotextual.com\\\/inicio\\\/index.php\\\/2023\\\/07\\\/27\\\/purreta-senalo-el-campo-donde-dice-que-enterro-a-andrea-lopez\\\/#primaryimage\"},\"image\":{\"@id\":\"https:\\\/\\\/diariotextual.com\\\/inicio\\\/index.php\\\/2023\\\/07\\\/27\\\/purreta-senalo-el-campo-donde-dice-que-enterro-a-andrea-lopez\\\/#primaryimage\"},\"thumbnailUrl\":\"https:\\\/\\\/diariotextual.com\\\/inicio\\\/wp-content\\\/uploads\\\/2023\\\/07\\\/purretavictor3333.jpg\",\"datePublished\":\"2023-07-28T02:33:00+00:00\",\"dateModified\":\"2023-07-28T16:42:34+00:00\",\"breadcrumb\":{\"@id\":\"https:\\\/\\\/diariotextual.com\\\/inicio\\\/index.php\\\/2023\\\/07\\\/27\\\/purreta-senalo-el-campo-donde-dice-que-enterro-a-andrea-lopez\\\/#breadcrumb\"},\"inLanguage\":\"es\",\"potentialAction\":[{\"@type\":\"ReadAction\",\"target\":[\"https:\\\/\\\/diariotextual.com\\\/inicio\\\/index.php\\\/2023\\\/07\\\/27\\\/purreta-senalo-el-campo-donde-dice-que-enterro-a-andrea-lopez\\\/\"]}]},{\"@type\":\"ImageObject\",\"inLanguage\":\"es\",\"@id\":\"https:\\\/\\\/diariotextual.com\\\/inicio\\\/index.php\\\/2023\\\/07\\\/27\\\/purreta-senalo-el-campo-donde-dice-que-enterro-a-andrea-lopez\\\/#primaryimage\",\"url\":\"https:\\\/\\\/diariotextual.com\\\/inicio\\\/wp-content\\\/uploads\\\/2023\\\/07\\\/purretavictor3333.jpg\",\"contentUrl\":\"https:\\\/\\\/diariotextual.com\\\/inicio\\\/wp-content\\\/uploads\\\/2023\\\/07\\\/purretavictor3333.jpg\",\"width\":926,\"height\":617},{\"@type\":\"BreadcrumbList\",\"@id\":\"https:\\\/\\\/diariotextual.com\\\/inicio\\\/index.php\\\/2023\\\/07\\\/27\\\/purreta-senalo-el-campo-donde-dice-que-enterro-a-andrea-lopez\\\/#breadcrumb\",\"itemListElement\":[{\"@type\":\"ListItem\",\"position\":1,\"name\":\"Portada\",\"item\":\"https:\\\/\\\/diariotextual.com\\\/inicio\\\/\"},{\"@type\":\"ListItem\",\"position\":2,\"name\":\"Purreta se\u00f1al\u00f3 el campo donde dice que enterr\u00f3 a Andrea L\u00f3pez\"}]},{\"@type\":\"WebSite\",\"@id\":\"https:\\\/\\\/diariotextual.com\\\/inicio\\\/#website\",\"url\":\"https:\\\/\\\/diariotextual.com\\\/inicio\\\/\",\"name\":\"Diario Textual\",\"description\":\"\",\"publisher\":{\"@id\":\"https:\\\/\\\/diariotextual.com\\\/inicio\\\/#organization\"},\"potentialAction\":[{\"@type\":\"SearchAction\",\"target\":{\"@type\":\"EntryPoint\",\"urlTemplate\":\"https:\\\/\\\/diariotextual.com\\\/inicio\\\/?s={search_term_string}\"},\"query-input\":{\"@type\":\"PropertyValueSpecification\",\"valueRequired\":true,\"valueName\":\"search_term_string\"}}],\"inLanguage\":\"es\"},{\"@type\":\"Organization\",\"@id\":\"https:\\\/\\\/diariotextual.com\\\/inicio\\\/#organization\",\"name\":\"Diario Textual\",\"url\":\"https:\\\/\\\/diariotextual.com\\\/inicio\\\/\",\"logo\":{\"@type\":\"ImageObject\",\"inLanguage\":\"es\",\"@id\":\"https:\\\/\\\/diariotextual.com\\\/inicio\\\/#\\\/schema\\\/logo\\\/image\\\/\",\"url\":\"https:\\\/\\\/diariotextual.com\\\/inicio\\\/wp-content\\\/uploads\\\/2023\\\/05\\\/logotextual1.jpg\",\"contentUrl\":\"https:\\\/\\\/diariotextual.com\\\/inicio\\\/wp-content\\\/uploads\\\/2023\\\/05\\\/logotextual1.jpg\",\"width\":516,\"height\":76,\"caption\":\"Diario Textual\"},\"image\":{\"@id\":\"https:\\\/\\\/diariotextual.com\\\/inicio\\\/#\\\/schema\\\/logo\\\/image\\\/\"},\"sameAs\":[\"https:\\\/\\\/www.facebook.com\\\/eltextual\",\"https:\\\/\\\/x.com\\\/eltextual\",\"http:\\\/\\\/www.instagram.com\\\/eltextual\"]},{\"@type\":\"Person\",\"@id\":\"https:\\\/\\\/diariotextual.com\\\/inicio\\\/#\\\/schema\\\/person\\\/418fc4093c33e86ed41562db3508f958\",\"name\":\"Diario1 Diario1\",\"image\":{\"@type\":\"ImageObject\",\"inLanguage\":\"es\",\"@id\":\"https:\\\/\\\/secure.gravatar.com\\\/avatar\\\/9167d280179c85bc18be67aa7eda765854300033af4896dd779b608640f2ef7a?s=96&d=mm&r=g\",\"url\":\"https:\\\/\\\/secure.gravatar.com\\\/avatar\\\/9167d280179c85bc18be67aa7eda765854300033af4896dd779b608640f2ef7a?s=96&d=mm&r=g\",\"contentUrl\":\"https:\\\/\\\/secure.gravatar.com\\\/avatar\\\/9167d280179c85bc18be67aa7eda765854300033af4896dd779b608640f2ef7a?s=96&d=mm&r=g\",\"caption\":\"Diario1 Diario1\"},\"url\":\"https:\\\/\\\/diariotextual.com\\\/inicio\\\/index.php\\\/author\\\/diario1\\\/\"}]}<\/script>\n<!-- \/ Yoast SEO plugin. -->","yoast_head_json":{"title":"Purreta se\u00f1al\u00f3 el campo donde dice que enterr\u00f3 a Andrea L\u00f3pez - Diario Textual","robots":{"index":"index","follow":"follow","max-snippet":"max-snippet:-1","max-image-preview":"max-image-preview:large","max-video-preview":"max-video-preview:-1"},"canonical":"https:\/\/diariotextual.com\/inicio\/index.php\/2023\/07\/27\/purreta-senalo-el-campo-donde-dice-que-enterro-a-andrea-lopez\/","og_locale":"es_ES","og_type":"article","og_title":"Purreta se\u00f1al\u00f3 el campo donde dice que enterr\u00f3 a Andrea L\u00f3pez - Diario Textual","og_description":"El exboxeador V\u00edctor Purreta finalmente empez\u00f3 a romper el silencio: se\u00f1al\u00f3 el campo donde presuntamente se encuentra el cuerpo de Andrea L\u00f3pez, a quien asesin\u00f3 en febrero de 2004. El&hellip;","og_url":"https:\/\/diariotextual.com\/inicio\/index.php\/2023\/07\/27\/purreta-senalo-el-campo-donde-dice-que-enterro-a-andrea-lopez\/","og_site_name":"Diario Textual","article_publisher":"https:\/\/www.facebook.com\/eltextual","article_published_time":"2023-07-28T02:33:00+00:00","article_modified_time":"2023-07-28T16:42:34+00:00","og_image":[{"width":926,"height":617,"url":"https:\/\/diariotextual.com\/inicio\/wp-content\/uploads\/2023\/07\/purretavictor3333.jpg","type":"image\/jpeg"}],"author":"Diario1 Diario1","twitter_card":"summary_large_image","twitter_creator":"@eltextual","twitter_site":"@eltextual","twitter_misc":{"Escrito por":"Diario1 Diario1","Tiempo de lectura":"3 minutos"},"schema":{"@context":"https:\/\/schema.org","@graph":[{"@type":"Article","@id":"https:\/\/diariotextual.com\/inicio\/index.php\/2023\/07\/27\/purreta-senalo-el-campo-donde-dice-que-enterro-a-andrea-lopez\/#article","isPartOf":{"@id":"https:\/\/diariotextual.com\/inicio\/index.php\/2023\/07\/27\/purreta-senalo-el-campo-donde-dice-que-enterro-a-andrea-lopez\/"},"author":{"name":"Diario1 Diario1","@id":"https:\/\/diariotextual.com\/inicio\/#\/schema\/person\/418fc4093c33e86ed41562db3508f958"},"headline":"Purreta se\u00f1al\u00f3 el campo donde dice que enterr\u00f3 a Andrea L\u00f3pez","datePublished":"2023-07-28T02:33:00+00:00","dateModified":"2023-07-28T16:42:34+00:00","mainEntityOfPage":{"@id":"https:\/\/diariotextual.com\/inicio\/index.php\/2023\/07\/27\/purreta-senalo-el-campo-donde-dice-que-enterro-a-andrea-lopez\/"},"wordCount":494,"publisher":{"@id":"https:\/\/diariotextual.com\/inicio\/#organization"},"image":{"@id":"https:\/\/diariotextual.com\/inicio\/index.php\/2023\/07\/27\/purreta-senalo-el-campo-donde-dice-que-enterro-a-andrea-lopez\/#primaryimage"},"thumbnailUrl":"https:\/\/diariotextual.com\/inicio\/wp-content\/uploads\/2023\/07\/purretavictor3333.jpg","articleSection":["A - QUE PASA (al costado)","SOCIEDAD"],"inLanguage":"es"},{"@type":"WebPage","@id":"https:\/\/diariotextual.com\/inicio\/index.php\/2023\/07\/27\/purreta-senalo-el-campo-donde-dice-que-enterro-a-andrea-lopez\/","url":"https:\/\/diariotextual.com\/inicio\/index.php\/2023\/07\/27\/purreta-senalo-el-campo-donde-dice-que-enterro-a-andrea-lopez\/","name":"Purreta se\u00f1al\u00f3 el campo donde dice que enterr\u00f3 a Andrea L\u00f3pez - Diario Textual","isPartOf":{"@id":"https:\/\/diariotextual.com\/inicio\/#website"},"primaryImageOfPage":{"@id":"https:\/\/diariotextual.com\/inicio\/index.php\/2023\/07\/27\/purreta-senalo-el-campo-donde-dice-que-enterro-a-andrea-lopez\/#primaryimage"},"image":{"@id":"https:\/\/diariotextual.com\/inicio\/index.php\/2023\/07\/27\/purreta-senalo-el-campo-donde-dice-que-enterro-a-andrea-lopez\/#primaryimage"},"thumbnailUrl":"https:\/\/diariotextual.com\/inicio\/wp-content\/uploads\/2023\/07\/purretavictor3333.jpg","datePublished":"2023-07-28T02:33:00+00:00","dateModified":"2023-07-28T16:42:34+00:00","breadcrumb":{"@id":"https:\/\/diariotextual.com\/inicio\/index.php\/2023\/07\/27\/purreta-senalo-el-campo-donde-dice-que-enterro-a-andrea-lopez\/#breadcrumb"},"inLanguage":"es","potentialAction":[{"@type":"ReadAction","target":["https:\/\/diariotextual.com\/inicio\/index.php\/2023\/07\/27\/purreta-senalo-el-campo-donde-dice-que-enterro-a-andrea-lopez\/"]}]},{"@type":"ImageObject","inLanguage":"es","@id":"https:\/\/diariotextual.com\/inicio\/index.php\/2023\/07\/27\/purreta-senalo-el-campo-donde-dice-que-enterro-a-andrea-lopez\/#primaryimage","url":"https:\/\/diariotextual.com\/inicio\/wp-content\/uploads\/2023\/07\/purretavictor3333.jpg","contentUrl":"https:\/\/diariotextual.com\/inicio\/wp-content\/uploads\/2023\/07\/purretavictor3333.jpg","width":926,"height":617},{"@type":"BreadcrumbList","@id":"https:\/\/diariotextual.com\/inicio\/index.php\/2023\/07\/27\/purreta-senalo-el-campo-donde-dice-que-enterro-a-andrea-lopez\/#breadcrumb","itemListElement":[{"@type":"ListItem","position":1,"name":"Portada","item":"https:\/\/diariotextual.com\/inicio\/"},{"@type":"ListItem","position":2,"name":"Purreta se\u00f1al\u00f3 el campo donde dice que enterr\u00f3 a Andrea L\u00f3pez"}]},{"@type":"WebSite","@id":"https:\/\/diariotextual.com\/inicio\/#website","url":"https:\/\/diariotextual.com\/inicio\/","name":"Diario Textual","description":"","publisher":{"@id":"https:\/\/diariotextual.com\/inicio\/#organization"},"potentialAction":[{"@type":"SearchAction","target":{"@type":"EntryPoint","urlTemplate":"https:\/\/diariotextual.com\/inicio\/?s={search_term_string}"},"query-input":{"@type":"PropertyValueSpecification","valueRequired":true,"valueName":"search_term_string"}}],"inLanguage":"es"},{"@type":"Organization","@id":"https:\/\/diariotextual.com\/inicio\/#organization","name":"Diario Textual","url":"https:\/\/diariotextual.com\/inicio\/","logo":{"@type":"ImageObject","inLanguage":"es","@id":"https:\/\/diariotextual.com\/inicio\/#\/schema\/logo\/image\/","url":"https:\/\/diariotextual.com\/inicio\/wp-content\/uploads\/2023\/05\/logotextual1.jpg","contentUrl":"https:\/\/diariotextual.com\/inicio\/wp-content\/uploads\/2023\/05\/logotextual1.jpg","width":516,"height":76,"caption":"Diario Textual"},"image":{"@id":"https:\/\/diariotextual.com\/inicio\/#\/schema\/logo\/image\/"},"sameAs":["https:\/\/www.facebook.com\/eltextual","https:\/\/x.com\/eltextual","http:\/\/www.instagram.com\/eltextual"]},{"@type":"Person","@id":"https:\/\/diariotextual.com\/inicio\/#\/schema\/person\/418fc4093c33e86ed41562db3508f958","name":"Diario1 Diario1","image":{"@type":"ImageObject","inLanguage":"es","@id":"https:\/\/secure.gravatar.com\/avatar\/9167d280179c85bc18be67aa7eda765854300033af4896dd779b608640f2ef7a?s=96&d=mm&r=g","url":"https:\/\/secure.gravatar.com\/avatar\/9167d280179c85bc18be67aa7eda765854300033af4896dd779b608640f2ef7a?s=96&d=mm&r=g","contentUrl":"https:\/\/secure.gravatar.com\/avatar\/9167d280179c85bc18be67aa7eda765854300033af4896dd779b608640f2ef7a?s=96&d=mm&r=g","caption":"Diario1 Diario1"},"url":"https:\/\/diariotextual.com\/inicio\/index.php\/author\/diario1\/"}]}},"_links":{"self":[{"href":"https:\/\/diariotextual.com\/inicio\/index.php\/wp-json\/wp\/v2\/posts\/232108","targetHints":{"allow":["GET"]}}],"collection":[{"href":"https:\/\/diariotextual.com\/inicio\/index.php\/wp-json\/wp\/v2\/posts"}],"about":[{"href":"https:\/\/diariotextual.com\/inicio\/index.php\/wp-json\/wp\/v2\/types\/post"}],"author":[{"embeddable":true,"href":"https:\/\/diariotextual.com\/inicio\/index.php\/wp-json\/wp\/v2\/users\/3"}],"replies":[{"embeddable":true,"href":"https:\/\/diariotextual.com\/inicio\/index.php\/wp-json\/wp\/v2\/comments?post=232108"}],"version-history":[{"count":11,"href":"https:\/\/diariotextual.com\/inicio\/index.php\/wp-json\/wp\/v2\/posts\/232108\/revisions"}],"predecessor-version":[{"id":232178,"href":"https:\/\/diariotextual.com\/inicio\/index.php\/wp-json\/wp\/v2\/posts\/232108\/revisions\/232178"}],"wp:featuredmedia":[{"embeddable":true,"href":"https:\/\/diariotextual.com\/inicio\/index.php\/wp-json\/wp\/v2\/media\/232110"}],"wp:attachment":[{"href":"https:\/\/diariotextual.com\/inicio\/index.php\/wp-json\/wp\/v2\/media?parent=232108"}],"wp:term":[{"taxonomy":"category","embeddable":true,"href":"https:\/\/diariotextual.com\/inicio\/index.php\/wp-json\/wp\/v2\/categories?post=232108"},{"taxonomy":"post_tag","embeddable":true,"href":"https:\/\/diariotextual.com\/inicio\/index.php\/wp-json\/wp\/v2\/tags?post=232108"}],"curies":[{"name":"wp","href":"https:\/\/api.w.org\/{rel}","templated":true}]}}