{"id":232122,"date":"2023-07-27T20:51:55","date_gmt":"2023-07-27T23:51:55","guid":{"rendered":"https:\/\/diariotextual.com\/inicio\/?p=232122"},"modified":"2023-07-28T11:50:00","modified_gmt":"2023-07-28T14:50:00","slug":"barrio-calles-fue-mecanica-y-ahora-es-la-primera-pampeana-chofer-de-ambulancia","status":"publish","type":"post","link":"https:\/\/diariotextual.com\/inicio\/index.php\/2023\/07\/27\/barrio-calles-fue-mecanica-y-ahora-es-la-primera-pampeana-chofer-de-ambulancia\/","title":{"rendered":"Barri\u00f3 calles, fue mec\u00e1nica y ahora es la primera pampeana chofer de ambulancia"},"content":{"rendered":"\n<p>Marta Acosta, desde el Centro de Salud de Quetrequ\u00e9n, se convirti\u00f3 en la primera chofer de una ambulancia. Con emoci\u00f3n y agradeciendo no solo el apoyo familiar sino tambi\u00e9n de sus compa\u00f1eros y compa\u00f1eras de trabajo, cont\u00f3 a la Agencia Provincial de Noticias sus sentimientos ante este hecho in\u00e9dito en la provincia.<\/p>\n\n\n\n<p>Oriunda de Rancul y con 12 a\u00f1os de residencia en Quetrequ\u00e9n, Marta trabaja en el Centro de Salud desde hace seis a\u00f1os. Comenz\u00f3 como monotributista, transcurriendo la pandemia y luego gestionando la estabilidad laboral para mejorar la calidad de vida de su familia, hecho que lleg\u00f3 gracias a las gestiones conjuntas y la decisi\u00f3n de afectarla a la planta provincial a partir de un Art\u00edculo 6\u00b0. \u201cEn principio ingres\u00e9 como limpieza, hace unos tres meses, pero al mes me ofrecieron la posibilidad de ser chofera de ambulancia y mi respuesta fue s\u00ed, porque lo que quiero es trabajar y sacar a mi familia adelante\u201d, dijo. \u201cSoy una chica que le hace a todo, arranqu\u00e9 barriendo calles en Quetrequ\u00e9n, trabaj\u00e9 nueve a\u00f1os en un taller de chapa y pintura con mi pap\u00e1, y al darse esto no lo dud\u00e9, inici\u00e9 con los cursos en Santa Rosa, hice pr\u00e1cticas dos meses en el Hospital de Rancul, donde aprend\u00ed manejo de ambulancia, de camilla, aprend\u00ed mucho con los chicos de Rancul y lo de ayer fue impresionante porque las redes explotaron con la noticia de que era la primera chofera de ambulancias de La Pampa\u201d.<\/p>\n\n\n\n<p>De perfil bajo y con gran humildad, Marta agradeci\u00f3 cada llamado, saludo en la calle y comentario en las redes. \u201cTodos positivos\u201d, dijo. \u201cEs muy importante, tengo una alegr\u00eda que me explota el coraz\u00f3n, nunca pens\u00e9 llegar a d\u00f3nde estoy ahora, es muy lindo lo que estoy pasando\u201d.<\/p>\n\n\n\n<p>Con su mam\u00e1, dos hijas mayores y su hermano en Rancul, Marta reside en Quetrequ\u00e9n junto a su marido y sus mellizos de 10 a\u00f1os. \u201cEn la familia somos muy poquitos y est\u00e1n felices de esto, ellos me apoyaron en todo momento. Quiero decir que las mujeres podemos hacer lo mismo que los hombres, todo se puede en esta vida, lo que uno quiere lo puede conseguir as\u00ed que luchemos por lo que queremos\u201d, finaliz\u00f3.<\/p>\n","protected":false},"excerpt":{"rendered":"<p>Marta Acosta, desde el Centro de Salud de Quetrequ\u00e9n, se convirti\u00f3 en la primera chofer de una ambulancia. Con emoci\u00f3n y agradeciendo no solo el apoyo familiar sino tambi\u00e9n de&hellip;<\/p>\n","protected":false},"author":3,"featured_media":232124,"comment_status":"closed","ping_status":"open","sticky":false,"template":"","format":"standard","meta":{"_acf_changed":false,"footnotes":""},"categories":[1,11,12],"tags":[],"class_list":["post-232122","post","type-post","status-publish","format-standard","has-post-thumbnail","hentry","category-es-noticia","category-que-pasa","category-sociedad"],"acf":[],"yoast_head":"<!-- This site is optimized with the Yoast SEO plugin v27.5 - https:\/\/yoast.com\/product\/yoast-seo-wordpress\/ -->\n<title>Barri\u00f3 calles, fue mec\u00e1nica y ahora es la primera pampeana chofer de ambulancia - Diario Textual<\/title>\n<meta name=\"robots\" content=\"index, follow, max-snippet:-1, max-image-preview:large, max-video-preview:-1\" \/>\n<link rel=\"canonical\" href=\"https:\/\/diariotextual.com\/inicio\/index.php\/2023\/07\/27\/barrio-calles-fue-mecanica-y-ahora-es-la-primera-pampeana-chofer-de-ambulancia\/\" \/>\n<meta property=\"og:locale\" content=\"es_ES\" \/>\n<meta property=\"og:type\" content=\"article\" \/>\n<meta property=\"og:title\" content=\"Barri\u00f3 calles, fue mec\u00e1nica y ahora es la primera pampeana chofer de ambulancia - Diario Textual\" \/>\n<meta property=\"og:description\" content=\"Marta Acosta, desde el Centro de Salud de Quetrequ\u00e9n, se convirti\u00f3 en la primera chofer de una ambulancia. Con emoci\u00f3n y agradeciendo no solo el apoyo familiar sino tambi\u00e9n de&hellip;\" \/>\n<meta property=\"og:url\" content=\"https:\/\/diariotextual.com\/inicio\/index.php\/2023\/07\/27\/barrio-calles-fue-mecanica-y-ahora-es-la-primera-pampeana-chofer-de-ambulancia\/\" \/>\n<meta property=\"og:site_name\" content=\"Diario Textual\" \/>\n<meta property=\"article:publisher\" content=\"https:\/\/www.facebook.com\/eltextual\" \/>\n<meta property=\"article:published_time\" content=\"2023-07-27T23:51:55+00:00\" \/>\n<meta property=\"article:modified_time\" content=\"2023-07-28T14:50:00+00:00\" \/>\n<meta property=\"og:image\" content=\"https:\/\/diariotextual.com\/inicio\/wp-content\/uploads\/2023\/07\/acostamartachoferambulancia2023-1.jpeg\" \/>\n\t<meta property=\"og:image:width\" content=\"959\" \/>\n\t<meta property=\"og:image:height\" content=\"671\" \/>\n\t<meta property=\"og:image:type\" content=\"image\/jpeg\" \/>\n<meta name=\"author\" content=\"Diario1 Diario1\" \/>\n<meta name=\"twitter:card\" content=\"summary_large_image\" \/>\n<meta name=\"twitter:creator\" content=\"@eltextual\" \/>\n<meta name=\"twitter:site\" content=\"@eltextual\" \/>\n<meta name=\"twitter:label1\" content=\"Escrito por\" \/>\n\t<meta name=\"twitter:data1\" content=\"Diario1 Diario1\" \/>\n\t<meta name=\"twitter:label2\" content=\"Tiempo de lectura\" \/>\n\t<meta name=\"twitter:data2\" content=\"2 minutos\" \/>\n<script type=\"application\/ld+json\" class=\"yoast-schema-graph\">{\"@context\":\"https:\\\/\\\/schema.org\",\"@graph\":[{\"@type\":\"Article\",\"@id\":\"https:\\\/\\\/diariotextual.com\\\/inicio\\\/index.php\\\/2023\\\/07\\\/27\\\/barrio-calles-fue-mecanica-y-ahora-es-la-primera-pampeana-chofer-de-ambulancia\\\/#article\",\"isPartOf\":{\"@id\":\"https:\\\/\\\/diariotextual.com\\\/inicio\\\/index.php\\\/2023\\\/07\\\/27\\\/barrio-calles-fue-mecanica-y-ahora-es-la-primera-pampeana-chofer-de-ambulancia\\\/\"},\"author\":{\"name\":\"Diario1 Diario1\",\"@id\":\"https:\\\/\\\/diariotextual.com\\\/inicio\\\/#\\\/schema\\\/person\\\/418fc4093c33e86ed41562db3508f958\"},\"headline\":\"Barri\u00f3 calles, fue mec\u00e1nica y ahora es la primera pampeana chofer de ambulancia\",\"datePublished\":\"2023-07-27T23:51:55+00:00\",\"dateModified\":\"2023-07-28T14:50:00+00:00\",\"mainEntityOfPage\":{\"@id\":\"https:\\\/\\\/diariotextual.com\\\/inicio\\\/index.php\\\/2023\\\/07\\\/27\\\/barrio-calles-fue-mecanica-y-ahora-es-la-primera-pampeana-chofer-de-ambulancia\\\/\"},\"wordCount\":398,\"publisher\":{\"@id\":\"https:\\\/\\\/diariotextual.com\\\/inicio\\\/#organization\"},\"image\":{\"@id\":\"https:\\\/\\\/diariotextual.com\\\/inicio\\\/index.php\\\/2023\\\/07\\\/27\\\/barrio-calles-fue-mecanica-y-ahora-es-la-primera-pampeana-chofer-de-ambulancia\\\/#primaryimage\"},\"thumbnailUrl\":\"https:\\\/\\\/diariotextual.com\\\/inicio\\\/wp-content\\\/uploads\\\/2023\\\/07\\\/acostamartachoferambulancia2023-1.jpeg\",\"articleSection\":[\"A - ES NOTICIA (van abajo)\",\"A - QUE PASA (al costado)\",\"SOCIEDAD\"],\"inLanguage\":\"es\"},{\"@type\":\"WebPage\",\"@id\":\"https:\\\/\\\/diariotextual.com\\\/inicio\\\/index.php\\\/2023\\\/07\\\/27\\\/barrio-calles-fue-mecanica-y-ahora-es-la-primera-pampeana-chofer-de-ambulancia\\\/\",\"url\":\"https:\\\/\\\/diariotextual.com\\\/inicio\\\/index.php\\\/2023\\\/07\\\/27\\\/barrio-calles-fue-mecanica-y-ahora-es-la-primera-pampeana-chofer-de-ambulancia\\\/\",\"name\":\"Barri\u00f3 calles, fue mec\u00e1nica y ahora es la primera pampeana chofer de ambulancia - Diario Textual\",\"isPartOf\":{\"@id\":\"https:\\\/\\\/diariotextual.com\\\/inicio\\\/#website\"},\"primaryImageOfPage\":{\"@id\":\"https:\\\/\\\/diariotextual.com\\\/inicio\\\/index.php\\\/2023\\\/07\\\/27\\\/barrio-calles-fue-mecanica-y-ahora-es-la-primera-pampeana-chofer-de-ambulancia\\\/#primaryimage\"},\"image\":{\"@id\":\"https:\\\/\\\/diariotextual.com\\\/inicio\\\/index.php\\\/2023\\\/07\\\/27\\\/barrio-calles-fue-mecanica-y-ahora-es-la-primera-pampeana-chofer-de-ambulancia\\\/#primaryimage\"},\"thumbnailUrl\":\"https:\\\/\\\/diariotextual.com\\\/inicio\\\/wp-content\\\/uploads\\\/2023\\\/07\\\/acostamartachoferambulancia2023-1.jpeg\",\"datePublished\":\"2023-07-27T23:51:55+00:00\",\"dateModified\":\"2023-07-28T14:50:00+00:00\",\"breadcrumb\":{\"@id\":\"https:\\\/\\\/diariotextual.com\\\/inicio\\\/index.php\\\/2023\\\/07\\\/27\\\/barrio-calles-fue-mecanica-y-ahora-es-la-primera-pampeana-chofer-de-ambulancia\\\/#breadcrumb\"},\"inLanguage\":\"es\",\"potentialAction\":[{\"@type\":\"ReadAction\",\"target\":[\"https:\\\/\\\/diariotextual.com\\\/inicio\\\/index.php\\\/2023\\\/07\\\/27\\\/barrio-calles-fue-mecanica-y-ahora-es-la-primera-pampeana-chofer-de-ambulancia\\\/\"]}]},{\"@type\":\"ImageObject\",\"inLanguage\":\"es\",\"@id\":\"https:\\\/\\\/diariotextual.com\\\/inicio\\\/index.php\\\/2023\\\/07\\\/27\\\/barrio-calles-fue-mecanica-y-ahora-es-la-primera-pampeana-chofer-de-ambulancia\\\/#primaryimage\",\"url\":\"https:\\\/\\\/diariotextual.com\\\/inicio\\\/wp-content\\\/uploads\\\/2023\\\/07\\\/acostamartachoferambulancia2023-1.jpeg\",\"contentUrl\":\"https:\\\/\\\/diariotextual.com\\\/inicio\\\/wp-content\\\/uploads\\\/2023\\\/07\\\/acostamartachoferambulancia2023-1.jpeg\",\"width\":959,\"height\":671},{\"@type\":\"BreadcrumbList\",\"@id\":\"https:\\\/\\\/diariotextual.com\\\/inicio\\\/index.php\\\/2023\\\/07\\\/27\\\/barrio-calles-fue-mecanica-y-ahora-es-la-primera-pampeana-chofer-de-ambulancia\\\/#breadcrumb\",\"itemListElement\":[{\"@type\":\"ListItem\",\"position\":1,\"name\":\"Portada\",\"item\":\"https:\\\/\\\/diariotextual.com\\\/inicio\\\/\"},{\"@type\":\"ListItem\",\"position\":2,\"name\":\"Barri\u00f3 calles, fue mec\u00e1nica y ahora es la primera pampeana chofer de ambulancia\"}]},{\"@type\":\"WebSite\",\"@id\":\"https:\\\/\\\/diariotextual.com\\\/inicio\\\/#website\",\"url\":\"https:\\\/\\\/diariotextual.com\\\/inicio\\\/\",\"name\":\"Diario Textual\",\"description\":\"\",\"publisher\":{\"@id\":\"https:\\\/\\\/diariotextual.com\\\/inicio\\\/#organization\"},\"potentialAction\":[{\"@type\":\"SearchAction\",\"target\":{\"@type\":\"EntryPoint\",\"urlTemplate\":\"https:\\\/\\\/diariotextual.com\\\/inicio\\\/?s={search_term_string}\"},\"query-input\":{\"@type\":\"PropertyValueSpecification\",\"valueRequired\":true,\"valueName\":\"search_term_string\"}}],\"inLanguage\":\"es\"},{\"@type\":\"Organization\",\"@id\":\"https:\\\/\\\/diariotextual.com\\\/inicio\\\/#organization\",\"name\":\"Diario Textual\",\"url\":\"https:\\\/\\\/diariotextual.com\\\/inicio\\\/\",\"logo\":{\"@type\":\"ImageObject\",\"inLanguage\":\"es\",\"@id\":\"https:\\\/\\\/diariotextual.com\\\/inicio\\\/#\\\/schema\\\/logo\\\/image\\\/\",\"url\":\"https:\\\/\\\/diariotextual.com\\\/inicio\\\/wp-content\\\/uploads\\\/2023\\\/05\\\/logotextual1.jpg\",\"contentUrl\":\"https:\\\/\\\/diariotextual.com\\\/inicio\\\/wp-content\\\/uploads\\\/2023\\\/05\\\/logotextual1.jpg\",\"width\":516,\"height\":76,\"caption\":\"Diario Textual\"},\"image\":{\"@id\":\"https:\\\/\\\/diariotextual.com\\\/inicio\\\/#\\\/schema\\\/logo\\\/image\\\/\"},\"sameAs\":[\"https:\\\/\\\/www.facebook.com\\\/eltextual\",\"https:\\\/\\\/x.com\\\/eltextual\",\"http:\\\/\\\/www.instagram.com\\\/eltextual\"]},{\"@type\":\"Person\",\"@id\":\"https:\\\/\\\/diariotextual.com\\\/inicio\\\/#\\\/schema\\\/person\\\/418fc4093c33e86ed41562db3508f958\",\"name\":\"Diario1 Diario1\",\"image\":{\"@type\":\"ImageObject\",\"inLanguage\":\"es\",\"@id\":\"https:\\\/\\\/secure.gravatar.com\\\/avatar\\\/9167d280179c85bc18be67aa7eda765854300033af4896dd779b608640f2ef7a?s=96&d=mm&r=g\",\"url\":\"https:\\\/\\\/secure.gravatar.com\\\/avatar\\\/9167d280179c85bc18be67aa7eda765854300033af4896dd779b608640f2ef7a?s=96&d=mm&r=g\",\"contentUrl\":\"https:\\\/\\\/secure.gravatar.com\\\/avatar\\\/9167d280179c85bc18be67aa7eda765854300033af4896dd779b608640f2ef7a?s=96&d=mm&r=g\",\"caption\":\"Diario1 Diario1\"},\"url\":\"https:\\\/\\\/diariotextual.com\\\/inicio\\\/index.php\\\/author\\\/diario1\\\/\"}]}<\/script>\n<!-- \/ Yoast SEO plugin. -->","yoast_head_json":{"title":"Barri\u00f3 calles, fue mec\u00e1nica y ahora es la primera pampeana chofer de ambulancia - Diario Textual","robots":{"index":"index","follow":"follow","max-snippet":"max-snippet:-1","max-image-preview":"max-image-preview:large","max-video-preview":"max-video-preview:-1"},"canonical":"https:\/\/diariotextual.com\/inicio\/index.php\/2023\/07\/27\/barrio-calles-fue-mecanica-y-ahora-es-la-primera-pampeana-chofer-de-ambulancia\/","og_locale":"es_ES","og_type":"article","og_title":"Barri\u00f3 calles, fue mec\u00e1nica y ahora es la primera pampeana chofer de ambulancia - Diario Textual","og_description":"Marta Acosta, desde el Centro de Salud de Quetrequ\u00e9n, se convirti\u00f3 en la primera chofer de una ambulancia. Con emoci\u00f3n y agradeciendo no solo el apoyo familiar sino tambi\u00e9n de&hellip;","og_url":"https:\/\/diariotextual.com\/inicio\/index.php\/2023\/07\/27\/barrio-calles-fue-mecanica-y-ahora-es-la-primera-pampeana-chofer-de-ambulancia\/","og_site_name":"Diario Textual","article_publisher":"https:\/\/www.facebook.com\/eltextual","article_published_time":"2023-07-27T23:51:55+00:00","article_modified_time":"2023-07-28T14:50:00+00:00","og_image":[{"width":959,"height":671,"url":"https:\/\/diariotextual.com\/inicio\/wp-content\/uploads\/2023\/07\/acostamartachoferambulancia2023-1.jpeg","type":"image\/jpeg"}],"author":"Diario1 Diario1","twitter_card":"summary_large_image","twitter_creator":"@eltextual","twitter_site":"@eltextual","twitter_misc":{"Escrito por":"Diario1 Diario1","Tiempo de lectura":"2 minutos"},"schema":{"@context":"https:\/\/schema.org","@graph":[{"@type":"Article","@id":"https:\/\/diariotextual.com\/inicio\/index.php\/2023\/07\/27\/barrio-calles-fue-mecanica-y-ahora-es-la-primera-pampeana-chofer-de-ambulancia\/#article","isPartOf":{"@id":"https:\/\/diariotextual.com\/inicio\/index.php\/2023\/07\/27\/barrio-calles-fue-mecanica-y-ahora-es-la-primera-pampeana-chofer-de-ambulancia\/"},"author":{"name":"Diario1 Diario1","@id":"https:\/\/diariotextual.com\/inicio\/#\/schema\/person\/418fc4093c33e86ed41562db3508f958"},"headline":"Barri\u00f3 calles, fue mec\u00e1nica y ahora es la primera pampeana chofer de ambulancia","datePublished":"2023-07-27T23:51:55+00:00","dateModified":"2023-07-28T14:50:00+00:00","mainEntityOfPage":{"@id":"https:\/\/diariotextual.com\/inicio\/index.php\/2023\/07\/27\/barrio-calles-fue-mecanica-y-ahora-es-la-primera-pampeana-chofer-de-ambulancia\/"},"wordCount":398,"publisher":{"@id":"https:\/\/diariotextual.com\/inicio\/#organization"},"image":{"@id":"https:\/\/diariotextual.com\/inicio\/index.php\/2023\/07\/27\/barrio-calles-fue-mecanica-y-ahora-es-la-primera-pampeana-chofer-de-ambulancia\/#primaryimage"},"thumbnailUrl":"https:\/\/diariotextual.com\/inicio\/wp-content\/uploads\/2023\/07\/acostamartachoferambulancia2023-1.jpeg","articleSection":["A - ES NOTICIA (van abajo)","A - QUE PASA (al costado)","SOCIEDAD"],"inLanguage":"es"},{"@type":"WebPage","@id":"https:\/\/diariotextual.com\/inicio\/index.php\/2023\/07\/27\/barrio-calles-fue-mecanica-y-ahora-es-la-primera-pampeana-chofer-de-ambulancia\/","url":"https:\/\/diariotextual.com\/inicio\/index.php\/2023\/07\/27\/barrio-calles-fue-mecanica-y-ahora-es-la-primera-pampeana-chofer-de-ambulancia\/","name":"Barri\u00f3 calles, fue mec\u00e1nica y ahora es la primera pampeana chofer de ambulancia - Diario Textual","isPartOf":{"@id":"https:\/\/diariotextual.com\/inicio\/#website"},"primaryImageOfPage":{"@id":"https:\/\/diariotextual.com\/inicio\/index.php\/2023\/07\/27\/barrio-calles-fue-mecanica-y-ahora-es-la-primera-pampeana-chofer-de-ambulancia\/#primaryimage"},"image":{"@id":"https:\/\/diariotextual.com\/inicio\/index.php\/2023\/07\/27\/barrio-calles-fue-mecanica-y-ahora-es-la-primera-pampeana-chofer-de-ambulancia\/#primaryimage"},"thumbnailUrl":"https:\/\/diariotextual.com\/inicio\/wp-content\/uploads\/2023\/07\/acostamartachoferambulancia2023-1.jpeg","datePublished":"2023-07-27T23:51:55+00:00","dateModified":"2023-07-28T14:50:00+00:00","breadcrumb":{"@id":"https:\/\/diariotextual.com\/inicio\/index.php\/2023\/07\/27\/barrio-calles-fue-mecanica-y-ahora-es-la-primera-pampeana-chofer-de-ambulancia\/#breadcrumb"},"inLanguage":"es","potentialAction":[{"@type":"ReadAction","target":["https:\/\/diariotextual.com\/inicio\/index.php\/2023\/07\/27\/barrio-calles-fue-mecanica-y-ahora-es-la-primera-pampeana-chofer-de-ambulancia\/"]}]},{"@type":"ImageObject","inLanguage":"es","@id":"https:\/\/diariotextual.com\/inicio\/index.php\/2023\/07\/27\/barrio-calles-fue-mecanica-y-ahora-es-la-primera-pampeana-chofer-de-ambulancia\/#primaryimage","url":"https:\/\/diariotextual.com\/inicio\/wp-content\/uploads\/2023\/07\/acostamartachoferambulancia2023-1.jpeg","contentUrl":"https:\/\/diariotextual.com\/inicio\/wp-content\/uploads\/2023\/07\/acostamartachoferambulancia2023-1.jpeg","width":959,"height":671},{"@type":"BreadcrumbList","@id":"https:\/\/diariotextual.com\/inicio\/index.php\/2023\/07\/27\/barrio-calles-fue-mecanica-y-ahora-es-la-primera-pampeana-chofer-de-ambulancia\/#breadcrumb","itemListElement":[{"@type":"ListItem","position":1,"name":"Portada","item":"https:\/\/diariotextual.com\/inicio\/"},{"@type":"ListItem","position":2,"name":"Barri\u00f3 calles, fue mec\u00e1nica y ahora es la primera pampeana chofer de ambulancia"}]},{"@type":"WebSite","@id":"https:\/\/diariotextual.com\/inicio\/#website","url":"https:\/\/diariotextual.com\/inicio\/","name":"Diario Textual","description":"","publisher":{"@id":"https:\/\/diariotextual.com\/inicio\/#organization"},"potentialAction":[{"@type":"SearchAction","target":{"@type":"EntryPoint","urlTemplate":"https:\/\/diariotextual.com\/inicio\/?s={search_term_string}"},"query-input":{"@type":"PropertyValueSpecification","valueRequired":true,"valueName":"search_term_string"}}],"inLanguage":"es"},{"@type":"Organization","@id":"https:\/\/diariotextual.com\/inicio\/#organization","name":"Diario Textual","url":"https:\/\/diariotextual.com\/inicio\/","logo":{"@type":"ImageObject","inLanguage":"es","@id":"https:\/\/diariotextual.com\/inicio\/#\/schema\/logo\/image\/","url":"https:\/\/diariotextual.com\/inicio\/wp-content\/uploads\/2023\/05\/logotextual1.jpg","contentUrl":"https:\/\/diariotextual.com\/inicio\/wp-content\/uploads\/2023\/05\/logotextual1.jpg","width":516,"height":76,"caption":"Diario Textual"},"image":{"@id":"https:\/\/diariotextual.com\/inicio\/#\/schema\/logo\/image\/"},"sameAs":["https:\/\/www.facebook.com\/eltextual","https:\/\/x.com\/eltextual","http:\/\/www.instagram.com\/eltextual"]},{"@type":"Person","@id":"https:\/\/diariotextual.com\/inicio\/#\/schema\/person\/418fc4093c33e86ed41562db3508f958","name":"Diario1 Diario1","image":{"@type":"ImageObject","inLanguage":"es","@id":"https:\/\/secure.gravatar.com\/avatar\/9167d280179c85bc18be67aa7eda765854300033af4896dd779b608640f2ef7a?s=96&d=mm&r=g","url":"https:\/\/secure.gravatar.com\/avatar\/9167d280179c85bc18be67aa7eda765854300033af4896dd779b608640f2ef7a?s=96&d=mm&r=g","contentUrl":"https:\/\/secure.gravatar.com\/avatar\/9167d280179c85bc18be67aa7eda765854300033af4896dd779b608640f2ef7a?s=96&d=mm&r=g","caption":"Diario1 Diario1"},"url":"https:\/\/diariotextual.com\/inicio\/index.php\/author\/diario1\/"}]}},"_links":{"self":[{"href":"https:\/\/diariotextual.com\/inicio\/index.php\/wp-json\/wp\/v2\/posts\/232122","targetHints":{"allow":["GET"]}}],"collection":[{"href":"https:\/\/diariotextual.com\/inicio\/index.php\/wp-json\/wp\/v2\/posts"}],"about":[{"href":"https:\/\/diariotextual.com\/inicio\/index.php\/wp-json\/wp\/v2\/types\/post"}],"author":[{"embeddable":true,"href":"https:\/\/diariotextual.com\/inicio\/index.php\/wp-json\/wp\/v2\/users\/3"}],"replies":[{"embeddable":true,"href":"https:\/\/diariotextual.com\/inicio\/index.php\/wp-json\/wp\/v2\/comments?post=232122"}],"version-history":[{"count":2,"href":"https:\/\/diariotextual.com\/inicio\/index.php\/wp-json\/wp\/v2\/posts\/232122\/revisions"}],"predecessor-version":[{"id":232125,"href":"https:\/\/diariotextual.com\/inicio\/index.php\/wp-json\/wp\/v2\/posts\/232122\/revisions\/232125"}],"wp:featuredmedia":[{"embeddable":true,"href":"https:\/\/diariotextual.com\/inicio\/index.php\/wp-json\/wp\/v2\/media\/232124"}],"wp:attachment":[{"href":"https:\/\/diariotextual.com\/inicio\/index.php\/wp-json\/wp\/v2\/media?parent=232122"}],"wp:term":[{"taxonomy":"category","embeddable":true,"href":"https:\/\/diariotextual.com\/inicio\/index.php\/wp-json\/wp\/v2\/categories?post=232122"},{"taxonomy":"post_tag","embeddable":true,"href":"https:\/\/diariotextual.com\/inicio\/index.php\/wp-json\/wp\/v2\/tags?post=232122"}],"curies":[{"name":"wp","href":"https:\/\/api.w.org\/{rel}","templated":true}]}}