{"id":232126,"date":"2023-07-27T21:00:04","date_gmt":"2023-07-28T00:00:04","guid":{"rendered":"https:\/\/diariotextual.com\/inicio\/?p=232126"},"modified":"2023-07-28T06:56:10","modified_gmt":"2023-07-28T09:56:10","slug":"inedito-para-la-institucion-la-policia-pampeana-cuenta-con-dos-instructoras-de-tiro","status":"publish","type":"post","link":"https:\/\/diariotextual.com\/inicio\/index.php\/2023\/07\/27\/inedito-para-la-institucion-la-policia-pampeana-cuenta-con-dos-instructoras-de-tiro\/","title":{"rendered":"In\u00e9dito para la instituci\u00f3n: la Polic\u00eda pampeana cuenta con dos instructoras de tiro"},"content":{"rendered":"\n<p>La sede de la Escuela de Polic\u00eda Salvador Maci\u00e1, en Paran\u00e1, fue escenario del segundo curso internacional de formador de formadores, donde representantes de distintas fuerzas policiales y pa\u00edses se reunieron para compartir experiencias y fortalecer la capacitaci\u00f3n en el \u00e1mbito policial.<\/p>\n\n\n\n<p>En este importante encuentro, que cont\u00f3 con la presencia de polic\u00edas de Uruguay, Per\u00fa, Chile, Paraguay y varias provincias argentinas, se puso especial \u00e9nfasis en la importancia de disponer de informaci\u00f3n, ense\u00f1anzas y aprendizajes te\u00f3ricos y pr\u00e1cticos para actuar en situaciones de relevancia y transmitir esos conocimientos a otros formadores.<\/p>\n\n\n\n<p>Sin embargo, la destacada participaci\u00f3n de la provincia de La Pampa se convirti\u00f3 en el punto focal de la jornada. Por primera vez en la historia de la Polic\u00eda de La Pampa, dos mujeres, Ana Bel\u00e9n Rodr\u00edguez y Mar\u00eda Rebeca Calcavecchia, se convirtieron en instructoras de tiro marcando un hito significativo en la instituci\u00f3n.<\/p>\n\n\n\n<p>En relaci\u00f3n a esto, la cabo primero Calcavecchia remarc\u00f3 a la Agencia Provincial de Noticias el orgullo compartido con su compa\u00f1era. \u201cAgradezco por esta posibilidad y a las personas que nos tuvieron en cuenta al momento de armar este grupo que hoy conformamos por excelentes compa\u00f1eros, pero soy una polic\u00eda m\u00e1s que desea de coraz\u00f3n que el conocimiento que voy adquiriendo lo pueda volcar a nuestros camaradas de la mejor manera posible, con paciencia, dedicaci\u00f3n, entusiasmo, empat\u00eda y motivaci\u00f3n\u201d, dijo.<\/p>\n\n\n\n<p>En el mismo sentido se expres\u00f3 Rodr\u00edguez. \u201cMe siento realmente feliz de que se me diera tremenda oportunidad en esta carrera que eleg\u00ed. Es un privilegio poder ser parte de algo tan importante. Uno no toma dimensi\u00f3n de lo grande que es formar parte de una Escuela de Tiro, hasta que se nos presenta oportunidades c\u00f3mo \u00e9stas de poder seguir capacit\u00e1ndome, y ver otras realidades\u201d, dijo.<\/p>\n\n\n\n<p><\/p>\n\n\n\n<figure class=\"wp-block-image size-large\"><img fetchpriority=\"high\" decoding=\"async\" width=\"1024\" height=\"732\" src=\"https:\/\/diariotextual.com\/inicio\/wp-content\/uploads\/2023\/07\/instructorastiroAna-Belen-Rodriguez-y-Maria-Rebeca-Calcavecchia2023-2-1024x732.jpg\" alt=\"\" class=\"wp-image-232132\" srcset=\"https:\/\/diariotextual.com\/inicio\/wp-content\/uploads\/2023\/07\/instructorastiroAna-Belen-Rodriguez-y-Maria-Rebeca-Calcavecchia2023-2-1024x732.jpg 1024w, https:\/\/diariotextual.com\/inicio\/wp-content\/uploads\/2023\/07\/instructorastiroAna-Belen-Rodriguez-y-Maria-Rebeca-Calcavecchia2023-2-300x214.jpg 300w, https:\/\/diariotextual.com\/inicio\/wp-content\/uploads\/2023\/07\/instructorastiroAna-Belen-Rodriguez-y-Maria-Rebeca-Calcavecchia2023-2-768x549.jpg 768w, https:\/\/diariotextual.com\/inicio\/wp-content\/uploads\/2023\/07\/instructorastiroAna-Belen-Rodriguez-y-Maria-Rebeca-Calcavecchia2023-2-1536x1098.jpg 1536w, https:\/\/diariotextual.com\/inicio\/wp-content\/uploads\/2023\/07\/instructorastiroAna-Belen-Rodriguez-y-Maria-Rebeca-Calcavecchia2023-2-1170x836.jpg 1170w, https:\/\/diariotextual.com\/inicio\/wp-content\/uploads\/2023\/07\/instructorastiroAna-Belen-Rodriguez-y-Maria-Rebeca-Calcavecchia2023-2-585x418.jpg 585w, https:\/\/diariotextual.com\/inicio\/wp-content\/uploads\/2023\/07\/instructorastiroAna-Belen-Rodriguez-y-Maria-Rebeca-Calcavecchia2023-2.jpg 1599w\" sizes=\"(max-width: 1024px) 100vw, 1024px\" \/><\/figure>\n\n\n\n<p>Ambas polic\u00edas pampeanas, con su destacada trayectoria y compromiso con la seguridad, demostraron su capacidad y habilidad para asumir esta importante responsabilidad de formar a futuros agentes de seguridad en tiro. Su nombramiento refleja el avance y la apertura hacia la igualdad de g\u00e9nero en el \u00e1mbito policial y resalta la importancia de brindar oportunidades de desarrollo profesional a todas las personas sin distinci\u00f3n de g\u00e9nero.<\/p>\n","protected":false},"excerpt":{"rendered":"<p>La sede de la Escuela de Polic\u00eda Salvador Maci\u00e1, en Paran\u00e1, fue escenario del segundo curso internacional de formador de formadores, donde representantes de distintas fuerzas policiales y pa\u00edses se&hellip;<\/p>\n","protected":false},"author":3,"featured_media":232133,"comment_status":"closed","ping_status":"open","sticky":false,"template":"","format":"standard","meta":{"_acf_changed":false,"footnotes":""},"categories":[1,12],"tags":[],"class_list":["post-232126","post","type-post","status-publish","format-standard","has-post-thumbnail","hentry","category-es-noticia","category-sociedad"],"acf":[],"yoast_head":"<!-- This site is optimized with the Yoast SEO plugin v27.5 - https:\/\/yoast.com\/product\/yoast-seo-wordpress\/ -->\n<title>In\u00e9dito para la instituci\u00f3n: la Polic\u00eda pampeana cuenta con dos instructoras de tiro - Diario Textual<\/title>\n<meta name=\"robots\" content=\"index, follow, max-snippet:-1, max-image-preview:large, max-video-preview:-1\" \/>\n<link rel=\"canonical\" href=\"https:\/\/diariotextual.com\/inicio\/index.php\/2023\/07\/27\/inedito-para-la-institucion-la-policia-pampeana-cuenta-con-dos-instructoras-de-tiro\/\" \/>\n<meta property=\"og:locale\" content=\"es_ES\" \/>\n<meta property=\"og:type\" content=\"article\" \/>\n<meta property=\"og:title\" content=\"In\u00e9dito para la instituci\u00f3n: la Polic\u00eda pampeana cuenta con dos instructoras de tiro - Diario Textual\" \/>\n<meta property=\"og:description\" content=\"La sede de la Escuela de Polic\u00eda Salvador Maci\u00e1, en Paran\u00e1, fue escenario del segundo curso internacional de formador de formadores, donde representantes de distintas fuerzas policiales y pa\u00edses se&hellip;\" \/>\n<meta property=\"og:url\" content=\"https:\/\/diariotextual.com\/inicio\/index.php\/2023\/07\/27\/inedito-para-la-institucion-la-policia-pampeana-cuenta-con-dos-instructoras-de-tiro\/\" \/>\n<meta property=\"og:site_name\" content=\"Diario Textual\" \/>\n<meta property=\"article:publisher\" content=\"https:\/\/www.facebook.com\/eltextual\" \/>\n<meta property=\"article:published_time\" content=\"2023-07-28T00:00:04+00:00\" \/>\n<meta property=\"article:modified_time\" content=\"2023-07-28T09:56:10+00:00\" \/>\n<meta property=\"og:image\" content=\"https:\/\/diariotextual.com\/inicio\/wp-content\/uploads\/2023\/07\/instructorastiroAna-Belen-Rodriguez-y-Maria-Rebeca-Calcavecchia2023-1.jpg\" \/>\n\t<meta property=\"og:image:width\" content=\"1599\" \/>\n\t<meta property=\"og:image:height\" content=\"1143\" \/>\n\t<meta property=\"og:image:type\" content=\"image\/jpeg\" \/>\n<meta name=\"author\" content=\"Diario1 Diario1\" \/>\n<meta name=\"twitter:card\" content=\"summary_large_image\" \/>\n<meta name=\"twitter:creator\" content=\"@eltextual\" \/>\n<meta name=\"twitter:site\" content=\"@eltextual\" \/>\n<meta name=\"twitter:label1\" content=\"Escrito por\" \/>\n\t<meta name=\"twitter:data1\" content=\"Diario1 Diario1\" \/>\n\t<meta name=\"twitter:label2\" content=\"Tiempo de lectura\" \/>\n\t<meta name=\"twitter:data2\" content=\"2 minutos\" \/>\n<script type=\"application\/ld+json\" class=\"yoast-schema-graph\">{\"@context\":\"https:\\\/\\\/schema.org\",\"@graph\":[{\"@type\":\"Article\",\"@id\":\"https:\\\/\\\/diariotextual.com\\\/inicio\\\/index.php\\\/2023\\\/07\\\/27\\\/inedito-para-la-institucion-la-policia-pampeana-cuenta-con-dos-instructoras-de-tiro\\\/#article\",\"isPartOf\":{\"@id\":\"https:\\\/\\\/diariotextual.com\\\/inicio\\\/index.php\\\/2023\\\/07\\\/27\\\/inedito-para-la-institucion-la-policia-pampeana-cuenta-con-dos-instructoras-de-tiro\\\/\"},\"author\":{\"name\":\"Diario1 Diario1\",\"@id\":\"https:\\\/\\\/diariotextual.com\\\/inicio\\\/#\\\/schema\\\/person\\\/418fc4093c33e86ed41562db3508f958\"},\"headline\":\"In\u00e9dito para la instituci\u00f3n: la Polic\u00eda pampeana cuenta con dos instructoras de tiro\",\"datePublished\":\"2023-07-28T00:00:04+00:00\",\"dateModified\":\"2023-07-28T09:56:10+00:00\",\"mainEntityOfPage\":{\"@id\":\"https:\\\/\\\/diariotextual.com\\\/inicio\\\/index.php\\\/2023\\\/07\\\/27\\\/inedito-para-la-institucion-la-policia-pampeana-cuenta-con-dos-instructoras-de-tiro\\\/\"},\"wordCount\":405,\"publisher\":{\"@id\":\"https:\\\/\\\/diariotextual.com\\\/inicio\\\/#organization\"},\"image\":{\"@id\":\"https:\\\/\\\/diariotextual.com\\\/inicio\\\/index.php\\\/2023\\\/07\\\/27\\\/inedito-para-la-institucion-la-policia-pampeana-cuenta-con-dos-instructoras-de-tiro\\\/#primaryimage\"},\"thumbnailUrl\":\"https:\\\/\\\/diariotextual.com\\\/inicio\\\/wp-content\\\/uploads\\\/2023\\\/07\\\/instructorastiroAna-Belen-Rodriguez-y-Maria-Rebeca-Calcavecchia2023-1.jpg\",\"articleSection\":[\"A - ES NOTICIA (van abajo)\",\"SOCIEDAD\"],\"inLanguage\":\"es\"},{\"@type\":\"WebPage\",\"@id\":\"https:\\\/\\\/diariotextual.com\\\/inicio\\\/index.php\\\/2023\\\/07\\\/27\\\/inedito-para-la-institucion-la-policia-pampeana-cuenta-con-dos-instructoras-de-tiro\\\/\",\"url\":\"https:\\\/\\\/diariotextual.com\\\/inicio\\\/index.php\\\/2023\\\/07\\\/27\\\/inedito-para-la-institucion-la-policia-pampeana-cuenta-con-dos-instructoras-de-tiro\\\/\",\"name\":\"In\u00e9dito para la instituci\u00f3n: la Polic\u00eda pampeana cuenta con dos instructoras de tiro - Diario Textual\",\"isPartOf\":{\"@id\":\"https:\\\/\\\/diariotextual.com\\\/inicio\\\/#website\"},\"primaryImageOfPage\":{\"@id\":\"https:\\\/\\\/diariotextual.com\\\/inicio\\\/index.php\\\/2023\\\/07\\\/27\\\/inedito-para-la-institucion-la-policia-pampeana-cuenta-con-dos-instructoras-de-tiro\\\/#primaryimage\"},\"image\":{\"@id\":\"https:\\\/\\\/diariotextual.com\\\/inicio\\\/index.php\\\/2023\\\/07\\\/27\\\/inedito-para-la-institucion-la-policia-pampeana-cuenta-con-dos-instructoras-de-tiro\\\/#primaryimage\"},\"thumbnailUrl\":\"https:\\\/\\\/diariotextual.com\\\/inicio\\\/wp-content\\\/uploads\\\/2023\\\/07\\\/instructorastiroAna-Belen-Rodriguez-y-Maria-Rebeca-Calcavecchia2023-1.jpg\",\"datePublished\":\"2023-07-28T00:00:04+00:00\",\"dateModified\":\"2023-07-28T09:56:10+00:00\",\"breadcrumb\":{\"@id\":\"https:\\\/\\\/diariotextual.com\\\/inicio\\\/index.php\\\/2023\\\/07\\\/27\\\/inedito-para-la-institucion-la-policia-pampeana-cuenta-con-dos-instructoras-de-tiro\\\/#breadcrumb\"},\"inLanguage\":\"es\",\"potentialAction\":[{\"@type\":\"ReadAction\",\"target\":[\"https:\\\/\\\/diariotextual.com\\\/inicio\\\/index.php\\\/2023\\\/07\\\/27\\\/inedito-para-la-institucion-la-policia-pampeana-cuenta-con-dos-instructoras-de-tiro\\\/\"]}]},{\"@type\":\"ImageObject\",\"inLanguage\":\"es\",\"@id\":\"https:\\\/\\\/diariotextual.com\\\/inicio\\\/index.php\\\/2023\\\/07\\\/27\\\/inedito-para-la-institucion-la-policia-pampeana-cuenta-con-dos-instructoras-de-tiro\\\/#primaryimage\",\"url\":\"https:\\\/\\\/diariotextual.com\\\/inicio\\\/wp-content\\\/uploads\\\/2023\\\/07\\\/instructorastiroAna-Belen-Rodriguez-y-Maria-Rebeca-Calcavecchia2023-1.jpg\",\"contentUrl\":\"https:\\\/\\\/diariotextual.com\\\/inicio\\\/wp-content\\\/uploads\\\/2023\\\/07\\\/instructorastiroAna-Belen-Rodriguez-y-Maria-Rebeca-Calcavecchia2023-1.jpg\",\"width\":1599,\"height\":1143},{\"@type\":\"BreadcrumbList\",\"@id\":\"https:\\\/\\\/diariotextual.com\\\/inicio\\\/index.php\\\/2023\\\/07\\\/27\\\/inedito-para-la-institucion-la-policia-pampeana-cuenta-con-dos-instructoras-de-tiro\\\/#breadcrumb\",\"itemListElement\":[{\"@type\":\"ListItem\",\"position\":1,\"name\":\"Portada\",\"item\":\"https:\\\/\\\/diariotextual.com\\\/inicio\\\/\"},{\"@type\":\"ListItem\",\"position\":2,\"name\":\"In\u00e9dito para la instituci\u00f3n: la Polic\u00eda pampeana cuenta con dos instructoras de tiro\"}]},{\"@type\":\"WebSite\",\"@id\":\"https:\\\/\\\/diariotextual.com\\\/inicio\\\/#website\",\"url\":\"https:\\\/\\\/diariotextual.com\\\/inicio\\\/\",\"name\":\"Diario Textual\",\"description\":\"\",\"publisher\":{\"@id\":\"https:\\\/\\\/diariotextual.com\\\/inicio\\\/#organization\"},\"potentialAction\":[{\"@type\":\"SearchAction\",\"target\":{\"@type\":\"EntryPoint\",\"urlTemplate\":\"https:\\\/\\\/diariotextual.com\\\/inicio\\\/?s={search_term_string}\"},\"query-input\":{\"@type\":\"PropertyValueSpecification\",\"valueRequired\":true,\"valueName\":\"search_term_string\"}}],\"inLanguage\":\"es\"},{\"@type\":\"Organization\",\"@id\":\"https:\\\/\\\/diariotextual.com\\\/inicio\\\/#organization\",\"name\":\"Diario Textual\",\"url\":\"https:\\\/\\\/diariotextual.com\\\/inicio\\\/\",\"logo\":{\"@type\":\"ImageObject\",\"inLanguage\":\"es\",\"@id\":\"https:\\\/\\\/diariotextual.com\\\/inicio\\\/#\\\/schema\\\/logo\\\/image\\\/\",\"url\":\"https:\\\/\\\/diariotextual.com\\\/inicio\\\/wp-content\\\/uploads\\\/2023\\\/05\\\/logotextual1.jpg\",\"contentUrl\":\"https:\\\/\\\/diariotextual.com\\\/inicio\\\/wp-content\\\/uploads\\\/2023\\\/05\\\/logotextual1.jpg\",\"width\":516,\"height\":76,\"caption\":\"Diario Textual\"},\"image\":{\"@id\":\"https:\\\/\\\/diariotextual.com\\\/inicio\\\/#\\\/schema\\\/logo\\\/image\\\/\"},\"sameAs\":[\"https:\\\/\\\/www.facebook.com\\\/eltextual\",\"https:\\\/\\\/x.com\\\/eltextual\",\"http:\\\/\\\/www.instagram.com\\\/eltextual\"]},{\"@type\":\"Person\",\"@id\":\"https:\\\/\\\/diariotextual.com\\\/inicio\\\/#\\\/schema\\\/person\\\/418fc4093c33e86ed41562db3508f958\",\"name\":\"Diario1 Diario1\",\"image\":{\"@type\":\"ImageObject\",\"inLanguage\":\"es\",\"@id\":\"https:\\\/\\\/secure.gravatar.com\\\/avatar\\\/9167d280179c85bc18be67aa7eda765854300033af4896dd779b608640f2ef7a?s=96&d=mm&r=g\",\"url\":\"https:\\\/\\\/secure.gravatar.com\\\/avatar\\\/9167d280179c85bc18be67aa7eda765854300033af4896dd779b608640f2ef7a?s=96&d=mm&r=g\",\"contentUrl\":\"https:\\\/\\\/secure.gravatar.com\\\/avatar\\\/9167d280179c85bc18be67aa7eda765854300033af4896dd779b608640f2ef7a?s=96&d=mm&r=g\",\"caption\":\"Diario1 Diario1\"},\"url\":\"https:\\\/\\\/diariotextual.com\\\/inicio\\\/index.php\\\/author\\\/diario1\\\/\"}]}<\/script>\n<!-- \/ Yoast SEO plugin. -->","yoast_head_json":{"title":"In\u00e9dito para la instituci\u00f3n: la Polic\u00eda pampeana cuenta con dos instructoras de tiro - Diario Textual","robots":{"index":"index","follow":"follow","max-snippet":"max-snippet:-1","max-image-preview":"max-image-preview:large","max-video-preview":"max-video-preview:-1"},"canonical":"https:\/\/diariotextual.com\/inicio\/index.php\/2023\/07\/27\/inedito-para-la-institucion-la-policia-pampeana-cuenta-con-dos-instructoras-de-tiro\/","og_locale":"es_ES","og_type":"article","og_title":"In\u00e9dito para la instituci\u00f3n: la Polic\u00eda pampeana cuenta con dos instructoras de tiro - Diario Textual","og_description":"La sede de la Escuela de Polic\u00eda Salvador Maci\u00e1, en Paran\u00e1, fue escenario del segundo curso internacional de formador de formadores, donde representantes de distintas fuerzas policiales y pa\u00edses se&hellip;","og_url":"https:\/\/diariotextual.com\/inicio\/index.php\/2023\/07\/27\/inedito-para-la-institucion-la-policia-pampeana-cuenta-con-dos-instructoras-de-tiro\/","og_site_name":"Diario Textual","article_publisher":"https:\/\/www.facebook.com\/eltextual","article_published_time":"2023-07-28T00:00:04+00:00","article_modified_time":"2023-07-28T09:56:10+00:00","og_image":[{"width":1599,"height":1143,"url":"https:\/\/diariotextual.com\/inicio\/wp-content\/uploads\/2023\/07\/instructorastiroAna-Belen-Rodriguez-y-Maria-Rebeca-Calcavecchia2023-1.jpg","type":"image\/jpeg"}],"author":"Diario1 Diario1","twitter_card":"summary_large_image","twitter_creator":"@eltextual","twitter_site":"@eltextual","twitter_misc":{"Escrito por":"Diario1 Diario1","Tiempo de lectura":"2 minutos"},"schema":{"@context":"https:\/\/schema.org","@graph":[{"@type":"Article","@id":"https:\/\/diariotextual.com\/inicio\/index.php\/2023\/07\/27\/inedito-para-la-institucion-la-policia-pampeana-cuenta-con-dos-instructoras-de-tiro\/#article","isPartOf":{"@id":"https:\/\/diariotextual.com\/inicio\/index.php\/2023\/07\/27\/inedito-para-la-institucion-la-policia-pampeana-cuenta-con-dos-instructoras-de-tiro\/"},"author":{"name":"Diario1 Diario1","@id":"https:\/\/diariotextual.com\/inicio\/#\/schema\/person\/418fc4093c33e86ed41562db3508f958"},"headline":"In\u00e9dito para la instituci\u00f3n: la Polic\u00eda pampeana cuenta con dos instructoras de tiro","datePublished":"2023-07-28T00:00:04+00:00","dateModified":"2023-07-28T09:56:10+00:00","mainEntityOfPage":{"@id":"https:\/\/diariotextual.com\/inicio\/index.php\/2023\/07\/27\/inedito-para-la-institucion-la-policia-pampeana-cuenta-con-dos-instructoras-de-tiro\/"},"wordCount":405,"publisher":{"@id":"https:\/\/diariotextual.com\/inicio\/#organization"},"image":{"@id":"https:\/\/diariotextual.com\/inicio\/index.php\/2023\/07\/27\/inedito-para-la-institucion-la-policia-pampeana-cuenta-con-dos-instructoras-de-tiro\/#primaryimage"},"thumbnailUrl":"https:\/\/diariotextual.com\/inicio\/wp-content\/uploads\/2023\/07\/instructorastiroAna-Belen-Rodriguez-y-Maria-Rebeca-Calcavecchia2023-1.jpg","articleSection":["A - ES NOTICIA (van abajo)","SOCIEDAD"],"inLanguage":"es"},{"@type":"WebPage","@id":"https:\/\/diariotextual.com\/inicio\/index.php\/2023\/07\/27\/inedito-para-la-institucion-la-policia-pampeana-cuenta-con-dos-instructoras-de-tiro\/","url":"https:\/\/diariotextual.com\/inicio\/index.php\/2023\/07\/27\/inedito-para-la-institucion-la-policia-pampeana-cuenta-con-dos-instructoras-de-tiro\/","name":"In\u00e9dito para la instituci\u00f3n: la Polic\u00eda pampeana cuenta con dos instructoras de tiro - Diario Textual","isPartOf":{"@id":"https:\/\/diariotextual.com\/inicio\/#website"},"primaryImageOfPage":{"@id":"https:\/\/diariotextual.com\/inicio\/index.php\/2023\/07\/27\/inedito-para-la-institucion-la-policia-pampeana-cuenta-con-dos-instructoras-de-tiro\/#primaryimage"},"image":{"@id":"https:\/\/diariotextual.com\/inicio\/index.php\/2023\/07\/27\/inedito-para-la-institucion-la-policia-pampeana-cuenta-con-dos-instructoras-de-tiro\/#primaryimage"},"thumbnailUrl":"https:\/\/diariotextual.com\/inicio\/wp-content\/uploads\/2023\/07\/instructorastiroAna-Belen-Rodriguez-y-Maria-Rebeca-Calcavecchia2023-1.jpg","datePublished":"2023-07-28T00:00:04+00:00","dateModified":"2023-07-28T09:56:10+00:00","breadcrumb":{"@id":"https:\/\/diariotextual.com\/inicio\/index.php\/2023\/07\/27\/inedito-para-la-institucion-la-policia-pampeana-cuenta-con-dos-instructoras-de-tiro\/#breadcrumb"},"inLanguage":"es","potentialAction":[{"@type":"ReadAction","target":["https:\/\/diariotextual.com\/inicio\/index.php\/2023\/07\/27\/inedito-para-la-institucion-la-policia-pampeana-cuenta-con-dos-instructoras-de-tiro\/"]}]},{"@type":"ImageObject","inLanguage":"es","@id":"https:\/\/diariotextual.com\/inicio\/index.php\/2023\/07\/27\/inedito-para-la-institucion-la-policia-pampeana-cuenta-con-dos-instructoras-de-tiro\/#primaryimage","url":"https:\/\/diariotextual.com\/inicio\/wp-content\/uploads\/2023\/07\/instructorastiroAna-Belen-Rodriguez-y-Maria-Rebeca-Calcavecchia2023-1.jpg","contentUrl":"https:\/\/diariotextual.com\/inicio\/wp-content\/uploads\/2023\/07\/instructorastiroAna-Belen-Rodriguez-y-Maria-Rebeca-Calcavecchia2023-1.jpg","width":1599,"height":1143},{"@type":"BreadcrumbList","@id":"https:\/\/diariotextual.com\/inicio\/index.php\/2023\/07\/27\/inedito-para-la-institucion-la-policia-pampeana-cuenta-con-dos-instructoras-de-tiro\/#breadcrumb","itemListElement":[{"@type":"ListItem","position":1,"name":"Portada","item":"https:\/\/diariotextual.com\/inicio\/"},{"@type":"ListItem","position":2,"name":"In\u00e9dito para la instituci\u00f3n: la Polic\u00eda pampeana cuenta con dos instructoras de tiro"}]},{"@type":"WebSite","@id":"https:\/\/diariotextual.com\/inicio\/#website","url":"https:\/\/diariotextual.com\/inicio\/","name":"Diario Textual","description":"","publisher":{"@id":"https:\/\/diariotextual.com\/inicio\/#organization"},"potentialAction":[{"@type":"SearchAction","target":{"@type":"EntryPoint","urlTemplate":"https:\/\/diariotextual.com\/inicio\/?s={search_term_string}"},"query-input":{"@type":"PropertyValueSpecification","valueRequired":true,"valueName":"search_term_string"}}],"inLanguage":"es"},{"@type":"Organization","@id":"https:\/\/diariotextual.com\/inicio\/#organization","name":"Diario Textual","url":"https:\/\/diariotextual.com\/inicio\/","logo":{"@type":"ImageObject","inLanguage":"es","@id":"https:\/\/diariotextual.com\/inicio\/#\/schema\/logo\/image\/","url":"https:\/\/diariotextual.com\/inicio\/wp-content\/uploads\/2023\/05\/logotextual1.jpg","contentUrl":"https:\/\/diariotextual.com\/inicio\/wp-content\/uploads\/2023\/05\/logotextual1.jpg","width":516,"height":76,"caption":"Diario Textual"},"image":{"@id":"https:\/\/diariotextual.com\/inicio\/#\/schema\/logo\/image\/"},"sameAs":["https:\/\/www.facebook.com\/eltextual","https:\/\/x.com\/eltextual","http:\/\/www.instagram.com\/eltextual"]},{"@type":"Person","@id":"https:\/\/diariotextual.com\/inicio\/#\/schema\/person\/418fc4093c33e86ed41562db3508f958","name":"Diario1 Diario1","image":{"@type":"ImageObject","inLanguage":"es","@id":"https:\/\/secure.gravatar.com\/avatar\/9167d280179c85bc18be67aa7eda765854300033af4896dd779b608640f2ef7a?s=96&d=mm&r=g","url":"https:\/\/secure.gravatar.com\/avatar\/9167d280179c85bc18be67aa7eda765854300033af4896dd779b608640f2ef7a?s=96&d=mm&r=g","contentUrl":"https:\/\/secure.gravatar.com\/avatar\/9167d280179c85bc18be67aa7eda765854300033af4896dd779b608640f2ef7a?s=96&d=mm&r=g","caption":"Diario1 Diario1"},"url":"https:\/\/diariotextual.com\/inicio\/index.php\/author\/diario1\/"}]}},"_links":{"self":[{"href":"https:\/\/diariotextual.com\/inicio\/index.php\/wp-json\/wp\/v2\/posts\/232126","targetHints":{"allow":["GET"]}}],"collection":[{"href":"https:\/\/diariotextual.com\/inicio\/index.php\/wp-json\/wp\/v2\/posts"}],"about":[{"href":"https:\/\/diariotextual.com\/inicio\/index.php\/wp-json\/wp\/v2\/types\/post"}],"author":[{"embeddable":true,"href":"https:\/\/diariotextual.com\/inicio\/index.php\/wp-json\/wp\/v2\/users\/3"}],"replies":[{"embeddable":true,"href":"https:\/\/diariotextual.com\/inicio\/index.php\/wp-json\/wp\/v2\/comments?post=232126"}],"version-history":[{"count":3,"href":"https:\/\/diariotextual.com\/inicio\/index.php\/wp-json\/wp\/v2\/posts\/232126\/revisions"}],"predecessor-version":[{"id":232134,"href":"https:\/\/diariotextual.com\/inicio\/index.php\/wp-json\/wp\/v2\/posts\/232126\/revisions\/232134"}],"wp:featuredmedia":[{"embeddable":true,"href":"https:\/\/diariotextual.com\/inicio\/index.php\/wp-json\/wp\/v2\/media\/232133"}],"wp:attachment":[{"href":"https:\/\/diariotextual.com\/inicio\/index.php\/wp-json\/wp\/v2\/media?parent=232126"}],"wp:term":[{"taxonomy":"category","embeddable":true,"href":"https:\/\/diariotextual.com\/inicio\/index.php\/wp-json\/wp\/v2\/categories?post=232126"},{"taxonomy":"post_tag","embeddable":true,"href":"https:\/\/diariotextual.com\/inicio\/index.php\/wp-json\/wp\/v2\/tags?post=232126"}],"curies":[{"name":"wp","href":"https:\/\/api.w.org\/{rel}","templated":true}]}}