{"id":232128,"date":"2023-07-27T20:55:58","date_gmt":"2023-07-27T23:55:58","guid":{"rendered":"https:\/\/diariotextual.com\/inicio\/?p=232128"},"modified":"2023-07-28T08:22:17","modified_gmt":"2023-07-28T11:22:17","slug":"ahorro-en-el-pasaje-el-emtu-tendra-su-sistema-de-trasbordo-digital","status":"publish","type":"post","link":"https:\/\/diariotextual.com\/inicio\/index.php\/2023\/07\/27\/ahorro-en-el-pasaje-el-emtu-tendra-su-sistema-de-trasbordo-digital\/","title":{"rendered":"Ahorro en el pasaje: el EMTU tendr\u00e1 su sistema de trasbordo digital"},"content":{"rendered":"\n<p>El concejo deliberante de Santa Rosa aprob\u00f3 este jueves por unanimidad la implementaci\u00f3n de <strong>un nuevo sistema de transbordo para las y los usuarios del Ente Municipal de Transporte Urbano<\/strong>, al incorporar al cap\u00edtulo vig\u00e9simo cuarto de la ordenanza N\u00ba 237 el art\u00edculo 256 bis, referido a la eximici\u00f3n del pago de la tasa del servicio.<\/p>\n\n\n\n<p>\u201cLa propuesta es generar <strong>un nuevo sistema de transbordo digital, y se propone que cada usuario pueda utilizar m\u00e1s de una l\u00ednea de colectivo durante un lapso de 40 minutos.<\/strong> El beneficio genera un ahorro para el vecino y la vecina\u201d, dijo el edil Mariano Rodr\u00edguez Vega (FreJuPa).<\/p>\n\n\n\n<p>Su par, Pablo Pera Ibarguren (FrePam) manifest\u00f3 el acompa\u00f1amiento de su bloque: \u201cEsta medida de poder utilizar un sistema la herramienta transbordo materializa un anhelo de hace muchos a\u00f1os. Nos encuentra unidos y en conjunto todas las medidas que tome el Departamento Ejecutivo para mejorar el servicio de transporte\u201d.<\/p>\n\n\n\n<p>La sesi\u00f3n de este jueves estuvo a cargo de la presidenta Paula Grotto, y cont\u00f3 con la presencia de los concejales y concejalas Mariano Rodr\u00edguez Vega, Alba Fern\u00e1ndez, Jos\u00e9 Depetris, Natalia Sueldo, Juan Lima, Lorena Guaiqui\u00e1n, Pablo Pera Ibarguren, Gustavo Estavilla, Claudia Giorgis, Marcelo Guerrero y Fabiana Casta\u00f1iera. La secretar\u00eda legislativa estuvo a cargo de Alfredo Garc\u00eda.<\/p>\n\n\n\n<p>Tambi\u00e9n fue aprobada de forma un\u00e1nime la iniciativa que sustituye un art\u00edculo de la ordenanza que regula el servicio de transporte para personas con discapacidad, en relaci\u00f3n al domicilio real y legal de los choferes.<\/p>\n\n\n\n<p>Por otro lado, la totalidad de los concejales y concejalas declararon de inter\u00e9s municipal la campa\u00f1a de donaci\u00f3n y plantaci\u00f3n de \u00e1rboles a realizarse por el Grupo Sancor Salud en el marco de sus cincuenta a\u00f1os de trayectoria. La iniciativa tambi\u00e9n establece que ser\u00e1 la direcci\u00f3n de Espacios Verdes la responsable de informar al Grupo Sancor Salud los lugares indicados en el predio del Parque Don Tom\u00e1s para la plantaci\u00f3n de estos ejemplares.<\/p>\n\n\n\n<p>Por \u00faltimo, por unanimidad, fueron aprobadas una autorizaci\u00f3n para una obra de gas natural en la calle Aconcagua y otra autorizaci\u00f3n referida a la ordenanza de pol\u00edtica mortuoria.<\/p>\n","protected":false},"excerpt":{"rendered":"<p>El concejo deliberante de Santa Rosa aprob\u00f3 este jueves por unanimidad la implementaci\u00f3n de un nuevo sistema de transbordo para las y los usuarios del Ente Municipal de Transporte Urbano,&hellip;<\/p>\n","protected":false},"author":5,"featured_media":232129,"comment_status":"closed","ping_status":"open","sticky":false,"template":"","format":"standard","meta":{"_acf_changed":false,"footnotes":""},"categories":[1,12],"tags":[2031,3180,7618],"class_list":["post-232128","post","type-post","status-publish","format-standard","has-post-thumbnail","hentry","category-es-noticia","category-sociedad","tag-boleto","tag-emtu","tag-trasbordo"],"acf":[],"yoast_head":"<!-- This site is optimized with the Yoast SEO plugin v27.5 - https:\/\/yoast.com\/product\/yoast-seo-wordpress\/ -->\n<title>Ahorro en el pasaje: el EMTU tendr\u00e1 su sistema de trasbordo digital - Diario Textual<\/title>\n<meta name=\"robots\" content=\"index, follow, max-snippet:-1, max-image-preview:large, max-video-preview:-1\" \/>\n<link rel=\"canonical\" href=\"https:\/\/diariotextual.com\/inicio\/index.php\/2023\/07\/27\/ahorro-en-el-pasaje-el-emtu-tendra-su-sistema-de-trasbordo-digital\/\" \/>\n<meta property=\"og:locale\" content=\"es_ES\" \/>\n<meta property=\"og:type\" content=\"article\" \/>\n<meta property=\"og:title\" content=\"Ahorro en el pasaje: el EMTU tendr\u00e1 su sistema de trasbordo digital - Diario Textual\" \/>\n<meta property=\"og:description\" content=\"El concejo deliberante de Santa Rosa aprob\u00f3 este jueves por unanimidad la implementaci\u00f3n de un nuevo sistema de transbordo para las y los usuarios del Ente Municipal de Transporte Urbano,&hellip;\" \/>\n<meta property=\"og:url\" content=\"https:\/\/diariotextual.com\/inicio\/index.php\/2023\/07\/27\/ahorro-en-el-pasaje-el-emtu-tendra-su-sistema-de-trasbordo-digital\/\" \/>\n<meta property=\"og:site_name\" content=\"Diario Textual\" \/>\n<meta property=\"article:publisher\" content=\"https:\/\/www.facebook.com\/eltextual\" \/>\n<meta property=\"article:published_time\" content=\"2023-07-27T23:55:58+00:00\" \/>\n<meta property=\"article:modified_time\" content=\"2023-07-28T11:22:17+00:00\" \/>\n<meta property=\"og:image\" content=\"https:\/\/diariotextual.com\/inicio\/wp-content\/uploads\/2023\/07\/CDsantarosasesion2023.jpeg\" \/>\n\t<meta property=\"og:image:width\" content=\"900\" \/>\n\t<meta property=\"og:image:height\" content=\"499\" \/>\n\t<meta property=\"og:image:type\" content=\"image\/jpeg\" \/>\n<meta name=\"author\" content=\"diario3\" \/>\n<meta name=\"twitter:card\" content=\"summary_large_image\" \/>\n<meta name=\"twitter:creator\" content=\"@eltextual\" \/>\n<meta name=\"twitter:site\" content=\"@eltextual\" \/>\n<meta name=\"twitter:label1\" content=\"Escrito por\" \/>\n\t<meta name=\"twitter:data1\" content=\"diario3\" \/>\n\t<meta name=\"twitter:label2\" content=\"Tiempo de lectura\" \/>\n\t<meta name=\"twitter:data2\" content=\"2 minutos\" \/>\n<script type=\"application\/ld+json\" class=\"yoast-schema-graph\">{\"@context\":\"https:\\\/\\\/schema.org\",\"@graph\":[{\"@type\":\"Article\",\"@id\":\"https:\\\/\\\/diariotextual.com\\\/inicio\\\/index.php\\\/2023\\\/07\\\/27\\\/ahorro-en-el-pasaje-el-emtu-tendra-su-sistema-de-trasbordo-digital\\\/#article\",\"isPartOf\":{\"@id\":\"https:\\\/\\\/diariotextual.com\\\/inicio\\\/index.php\\\/2023\\\/07\\\/27\\\/ahorro-en-el-pasaje-el-emtu-tendra-su-sistema-de-trasbordo-digital\\\/\"},\"author\":{\"name\":\"diario3\",\"@id\":\"https:\\\/\\\/diariotextual.com\\\/inicio\\\/#\\\/schema\\\/person\\\/a1b6f563e0ee944c60f98119389a4d9f\"},\"headline\":\"Ahorro en el pasaje: el EMTU tendr\u00e1 su sistema de trasbordo digital\",\"datePublished\":\"2023-07-27T23:55:58+00:00\",\"dateModified\":\"2023-07-28T11:22:17+00:00\",\"mainEntityOfPage\":{\"@id\":\"https:\\\/\\\/diariotextual.com\\\/inicio\\\/index.php\\\/2023\\\/07\\\/27\\\/ahorro-en-el-pasaje-el-emtu-tendra-su-sistema-de-trasbordo-digital\\\/\"},\"wordCount\":388,\"publisher\":{\"@id\":\"https:\\\/\\\/diariotextual.com\\\/inicio\\\/#organization\"},\"image\":{\"@id\":\"https:\\\/\\\/diariotextual.com\\\/inicio\\\/index.php\\\/2023\\\/07\\\/27\\\/ahorro-en-el-pasaje-el-emtu-tendra-su-sistema-de-trasbordo-digital\\\/#primaryimage\"},\"thumbnailUrl\":\"https:\\\/\\\/diariotextual.com\\\/inicio\\\/wp-content\\\/uploads\\\/2023\\\/07\\\/CDsantarosasesion2023.jpeg\",\"keywords\":[\"boleto\",\"emtu\",\"trasbordo\"],\"articleSection\":[\"A - ES NOTICIA (van abajo)\",\"SOCIEDAD\"],\"inLanguage\":\"es\"},{\"@type\":\"WebPage\",\"@id\":\"https:\\\/\\\/diariotextual.com\\\/inicio\\\/index.php\\\/2023\\\/07\\\/27\\\/ahorro-en-el-pasaje-el-emtu-tendra-su-sistema-de-trasbordo-digital\\\/\",\"url\":\"https:\\\/\\\/diariotextual.com\\\/inicio\\\/index.php\\\/2023\\\/07\\\/27\\\/ahorro-en-el-pasaje-el-emtu-tendra-su-sistema-de-trasbordo-digital\\\/\",\"name\":\"Ahorro en el pasaje: el EMTU tendr\u00e1 su sistema de trasbordo digital - Diario Textual\",\"isPartOf\":{\"@id\":\"https:\\\/\\\/diariotextual.com\\\/inicio\\\/#website\"},\"primaryImageOfPage\":{\"@id\":\"https:\\\/\\\/diariotextual.com\\\/inicio\\\/index.php\\\/2023\\\/07\\\/27\\\/ahorro-en-el-pasaje-el-emtu-tendra-su-sistema-de-trasbordo-digital\\\/#primaryimage\"},\"image\":{\"@id\":\"https:\\\/\\\/diariotextual.com\\\/inicio\\\/index.php\\\/2023\\\/07\\\/27\\\/ahorro-en-el-pasaje-el-emtu-tendra-su-sistema-de-trasbordo-digital\\\/#primaryimage\"},\"thumbnailUrl\":\"https:\\\/\\\/diariotextual.com\\\/inicio\\\/wp-content\\\/uploads\\\/2023\\\/07\\\/CDsantarosasesion2023.jpeg\",\"datePublished\":\"2023-07-27T23:55:58+00:00\",\"dateModified\":\"2023-07-28T11:22:17+00:00\",\"breadcrumb\":{\"@id\":\"https:\\\/\\\/diariotextual.com\\\/inicio\\\/index.php\\\/2023\\\/07\\\/27\\\/ahorro-en-el-pasaje-el-emtu-tendra-su-sistema-de-trasbordo-digital\\\/#breadcrumb\"},\"inLanguage\":\"es\",\"potentialAction\":[{\"@type\":\"ReadAction\",\"target\":[\"https:\\\/\\\/diariotextual.com\\\/inicio\\\/index.php\\\/2023\\\/07\\\/27\\\/ahorro-en-el-pasaje-el-emtu-tendra-su-sistema-de-trasbordo-digital\\\/\"]}]},{\"@type\":\"ImageObject\",\"inLanguage\":\"es\",\"@id\":\"https:\\\/\\\/diariotextual.com\\\/inicio\\\/index.php\\\/2023\\\/07\\\/27\\\/ahorro-en-el-pasaje-el-emtu-tendra-su-sistema-de-trasbordo-digital\\\/#primaryimage\",\"url\":\"https:\\\/\\\/diariotextual.com\\\/inicio\\\/wp-content\\\/uploads\\\/2023\\\/07\\\/CDsantarosasesion2023.jpeg\",\"contentUrl\":\"https:\\\/\\\/diariotextual.com\\\/inicio\\\/wp-content\\\/uploads\\\/2023\\\/07\\\/CDsantarosasesion2023.jpeg\",\"width\":900,\"height\":499},{\"@type\":\"BreadcrumbList\",\"@id\":\"https:\\\/\\\/diariotextual.com\\\/inicio\\\/index.php\\\/2023\\\/07\\\/27\\\/ahorro-en-el-pasaje-el-emtu-tendra-su-sistema-de-trasbordo-digital\\\/#breadcrumb\",\"itemListElement\":[{\"@type\":\"ListItem\",\"position\":1,\"name\":\"Portada\",\"item\":\"https:\\\/\\\/diariotextual.com\\\/inicio\\\/\"},{\"@type\":\"ListItem\",\"position\":2,\"name\":\"Ahorro en el pasaje: el EMTU tendr\u00e1 su sistema de trasbordo digital\"}]},{\"@type\":\"WebSite\",\"@id\":\"https:\\\/\\\/diariotextual.com\\\/inicio\\\/#website\",\"url\":\"https:\\\/\\\/diariotextual.com\\\/inicio\\\/\",\"name\":\"Diario Textual\",\"description\":\"\",\"publisher\":{\"@id\":\"https:\\\/\\\/diariotextual.com\\\/inicio\\\/#organization\"},\"potentialAction\":[{\"@type\":\"SearchAction\",\"target\":{\"@type\":\"EntryPoint\",\"urlTemplate\":\"https:\\\/\\\/diariotextual.com\\\/inicio\\\/?s={search_term_string}\"},\"query-input\":{\"@type\":\"PropertyValueSpecification\",\"valueRequired\":true,\"valueName\":\"search_term_string\"}}],\"inLanguage\":\"es\"},{\"@type\":\"Organization\",\"@id\":\"https:\\\/\\\/diariotextual.com\\\/inicio\\\/#organization\",\"name\":\"Diario Textual\",\"url\":\"https:\\\/\\\/diariotextual.com\\\/inicio\\\/\",\"logo\":{\"@type\":\"ImageObject\",\"inLanguage\":\"es\",\"@id\":\"https:\\\/\\\/diariotextual.com\\\/inicio\\\/#\\\/schema\\\/logo\\\/image\\\/\",\"url\":\"https:\\\/\\\/diariotextual.com\\\/inicio\\\/wp-content\\\/uploads\\\/2023\\\/05\\\/logotextual1.jpg\",\"contentUrl\":\"https:\\\/\\\/diariotextual.com\\\/inicio\\\/wp-content\\\/uploads\\\/2023\\\/05\\\/logotextual1.jpg\",\"width\":516,\"height\":76,\"caption\":\"Diario Textual\"},\"image\":{\"@id\":\"https:\\\/\\\/diariotextual.com\\\/inicio\\\/#\\\/schema\\\/logo\\\/image\\\/\"},\"sameAs\":[\"https:\\\/\\\/www.facebook.com\\\/eltextual\",\"https:\\\/\\\/x.com\\\/eltextual\",\"http:\\\/\\\/www.instagram.com\\\/eltextual\"]},{\"@type\":\"Person\",\"@id\":\"https:\\\/\\\/diariotextual.com\\\/inicio\\\/#\\\/schema\\\/person\\\/a1b6f563e0ee944c60f98119389a4d9f\",\"name\":\"diario3\",\"image\":{\"@type\":\"ImageObject\",\"inLanguage\":\"es\",\"@id\":\"https:\\\/\\\/secure.gravatar.com\\\/avatar\\\/5e7ee62c82fc04d9dd79d746a390d93c69c43223e5faeeb3ea9461ef752bfc5d?s=96&d=mm&r=g\",\"url\":\"https:\\\/\\\/secure.gravatar.com\\\/avatar\\\/5e7ee62c82fc04d9dd79d746a390d93c69c43223e5faeeb3ea9461ef752bfc5d?s=96&d=mm&r=g\",\"contentUrl\":\"https:\\\/\\\/secure.gravatar.com\\\/avatar\\\/5e7ee62c82fc04d9dd79d746a390d93c69c43223e5faeeb3ea9461ef752bfc5d?s=96&d=mm&r=g\",\"caption\":\"diario3\"},\"url\":\"https:\\\/\\\/diariotextual.com\\\/inicio\\\/index.php\\\/author\\\/diario3\\\/\"}]}<\/script>\n<!-- \/ Yoast SEO plugin. -->","yoast_head_json":{"title":"Ahorro en el pasaje: el EMTU tendr\u00e1 su sistema de trasbordo digital - Diario Textual","robots":{"index":"index","follow":"follow","max-snippet":"max-snippet:-1","max-image-preview":"max-image-preview:large","max-video-preview":"max-video-preview:-1"},"canonical":"https:\/\/diariotextual.com\/inicio\/index.php\/2023\/07\/27\/ahorro-en-el-pasaje-el-emtu-tendra-su-sistema-de-trasbordo-digital\/","og_locale":"es_ES","og_type":"article","og_title":"Ahorro en el pasaje: el EMTU tendr\u00e1 su sistema de trasbordo digital - Diario Textual","og_description":"El concejo deliberante de Santa Rosa aprob\u00f3 este jueves por unanimidad la implementaci\u00f3n de un nuevo sistema de transbordo para las y los usuarios del Ente Municipal de Transporte Urbano,&hellip;","og_url":"https:\/\/diariotextual.com\/inicio\/index.php\/2023\/07\/27\/ahorro-en-el-pasaje-el-emtu-tendra-su-sistema-de-trasbordo-digital\/","og_site_name":"Diario Textual","article_publisher":"https:\/\/www.facebook.com\/eltextual","article_published_time":"2023-07-27T23:55:58+00:00","article_modified_time":"2023-07-28T11:22:17+00:00","og_image":[{"width":900,"height":499,"url":"https:\/\/diariotextual.com\/inicio\/wp-content\/uploads\/2023\/07\/CDsantarosasesion2023.jpeg","type":"image\/jpeg"}],"author":"diario3","twitter_card":"summary_large_image","twitter_creator":"@eltextual","twitter_site":"@eltextual","twitter_misc":{"Escrito por":"diario3","Tiempo de lectura":"2 minutos"},"schema":{"@context":"https:\/\/schema.org","@graph":[{"@type":"Article","@id":"https:\/\/diariotextual.com\/inicio\/index.php\/2023\/07\/27\/ahorro-en-el-pasaje-el-emtu-tendra-su-sistema-de-trasbordo-digital\/#article","isPartOf":{"@id":"https:\/\/diariotextual.com\/inicio\/index.php\/2023\/07\/27\/ahorro-en-el-pasaje-el-emtu-tendra-su-sistema-de-trasbordo-digital\/"},"author":{"name":"diario3","@id":"https:\/\/diariotextual.com\/inicio\/#\/schema\/person\/a1b6f563e0ee944c60f98119389a4d9f"},"headline":"Ahorro en el pasaje: el EMTU tendr\u00e1 su sistema de trasbordo digital","datePublished":"2023-07-27T23:55:58+00:00","dateModified":"2023-07-28T11:22:17+00:00","mainEntityOfPage":{"@id":"https:\/\/diariotextual.com\/inicio\/index.php\/2023\/07\/27\/ahorro-en-el-pasaje-el-emtu-tendra-su-sistema-de-trasbordo-digital\/"},"wordCount":388,"publisher":{"@id":"https:\/\/diariotextual.com\/inicio\/#organization"},"image":{"@id":"https:\/\/diariotextual.com\/inicio\/index.php\/2023\/07\/27\/ahorro-en-el-pasaje-el-emtu-tendra-su-sistema-de-trasbordo-digital\/#primaryimage"},"thumbnailUrl":"https:\/\/diariotextual.com\/inicio\/wp-content\/uploads\/2023\/07\/CDsantarosasesion2023.jpeg","keywords":["boleto","emtu","trasbordo"],"articleSection":["A - ES NOTICIA (van abajo)","SOCIEDAD"],"inLanguage":"es"},{"@type":"WebPage","@id":"https:\/\/diariotextual.com\/inicio\/index.php\/2023\/07\/27\/ahorro-en-el-pasaje-el-emtu-tendra-su-sistema-de-trasbordo-digital\/","url":"https:\/\/diariotextual.com\/inicio\/index.php\/2023\/07\/27\/ahorro-en-el-pasaje-el-emtu-tendra-su-sistema-de-trasbordo-digital\/","name":"Ahorro en el pasaje: el EMTU tendr\u00e1 su sistema de trasbordo digital - Diario Textual","isPartOf":{"@id":"https:\/\/diariotextual.com\/inicio\/#website"},"primaryImageOfPage":{"@id":"https:\/\/diariotextual.com\/inicio\/index.php\/2023\/07\/27\/ahorro-en-el-pasaje-el-emtu-tendra-su-sistema-de-trasbordo-digital\/#primaryimage"},"image":{"@id":"https:\/\/diariotextual.com\/inicio\/index.php\/2023\/07\/27\/ahorro-en-el-pasaje-el-emtu-tendra-su-sistema-de-trasbordo-digital\/#primaryimage"},"thumbnailUrl":"https:\/\/diariotextual.com\/inicio\/wp-content\/uploads\/2023\/07\/CDsantarosasesion2023.jpeg","datePublished":"2023-07-27T23:55:58+00:00","dateModified":"2023-07-28T11:22:17+00:00","breadcrumb":{"@id":"https:\/\/diariotextual.com\/inicio\/index.php\/2023\/07\/27\/ahorro-en-el-pasaje-el-emtu-tendra-su-sistema-de-trasbordo-digital\/#breadcrumb"},"inLanguage":"es","potentialAction":[{"@type":"ReadAction","target":["https:\/\/diariotextual.com\/inicio\/index.php\/2023\/07\/27\/ahorro-en-el-pasaje-el-emtu-tendra-su-sistema-de-trasbordo-digital\/"]}]},{"@type":"ImageObject","inLanguage":"es","@id":"https:\/\/diariotextual.com\/inicio\/index.php\/2023\/07\/27\/ahorro-en-el-pasaje-el-emtu-tendra-su-sistema-de-trasbordo-digital\/#primaryimage","url":"https:\/\/diariotextual.com\/inicio\/wp-content\/uploads\/2023\/07\/CDsantarosasesion2023.jpeg","contentUrl":"https:\/\/diariotextual.com\/inicio\/wp-content\/uploads\/2023\/07\/CDsantarosasesion2023.jpeg","width":900,"height":499},{"@type":"BreadcrumbList","@id":"https:\/\/diariotextual.com\/inicio\/index.php\/2023\/07\/27\/ahorro-en-el-pasaje-el-emtu-tendra-su-sistema-de-trasbordo-digital\/#breadcrumb","itemListElement":[{"@type":"ListItem","position":1,"name":"Portada","item":"https:\/\/diariotextual.com\/inicio\/"},{"@type":"ListItem","position":2,"name":"Ahorro en el pasaje: el EMTU tendr\u00e1 su sistema de trasbordo digital"}]},{"@type":"WebSite","@id":"https:\/\/diariotextual.com\/inicio\/#website","url":"https:\/\/diariotextual.com\/inicio\/","name":"Diario Textual","description":"","publisher":{"@id":"https:\/\/diariotextual.com\/inicio\/#organization"},"potentialAction":[{"@type":"SearchAction","target":{"@type":"EntryPoint","urlTemplate":"https:\/\/diariotextual.com\/inicio\/?s={search_term_string}"},"query-input":{"@type":"PropertyValueSpecification","valueRequired":true,"valueName":"search_term_string"}}],"inLanguage":"es"},{"@type":"Organization","@id":"https:\/\/diariotextual.com\/inicio\/#organization","name":"Diario Textual","url":"https:\/\/diariotextual.com\/inicio\/","logo":{"@type":"ImageObject","inLanguage":"es","@id":"https:\/\/diariotextual.com\/inicio\/#\/schema\/logo\/image\/","url":"https:\/\/diariotextual.com\/inicio\/wp-content\/uploads\/2023\/05\/logotextual1.jpg","contentUrl":"https:\/\/diariotextual.com\/inicio\/wp-content\/uploads\/2023\/05\/logotextual1.jpg","width":516,"height":76,"caption":"Diario Textual"},"image":{"@id":"https:\/\/diariotextual.com\/inicio\/#\/schema\/logo\/image\/"},"sameAs":["https:\/\/www.facebook.com\/eltextual","https:\/\/x.com\/eltextual","http:\/\/www.instagram.com\/eltextual"]},{"@type":"Person","@id":"https:\/\/diariotextual.com\/inicio\/#\/schema\/person\/a1b6f563e0ee944c60f98119389a4d9f","name":"diario3","image":{"@type":"ImageObject","inLanguage":"es","@id":"https:\/\/secure.gravatar.com\/avatar\/5e7ee62c82fc04d9dd79d746a390d93c69c43223e5faeeb3ea9461ef752bfc5d?s=96&d=mm&r=g","url":"https:\/\/secure.gravatar.com\/avatar\/5e7ee62c82fc04d9dd79d746a390d93c69c43223e5faeeb3ea9461ef752bfc5d?s=96&d=mm&r=g","contentUrl":"https:\/\/secure.gravatar.com\/avatar\/5e7ee62c82fc04d9dd79d746a390d93c69c43223e5faeeb3ea9461ef752bfc5d?s=96&d=mm&r=g","caption":"diario3"},"url":"https:\/\/diariotextual.com\/inicio\/index.php\/author\/diario3\/"}]}},"_links":{"self":[{"href":"https:\/\/diariotextual.com\/inicio\/index.php\/wp-json\/wp\/v2\/posts\/232128","targetHints":{"allow":["GET"]}}],"collection":[{"href":"https:\/\/diariotextual.com\/inicio\/index.php\/wp-json\/wp\/v2\/posts"}],"about":[{"href":"https:\/\/diariotextual.com\/inicio\/index.php\/wp-json\/wp\/v2\/types\/post"}],"author":[{"embeddable":true,"href":"https:\/\/diariotextual.com\/inicio\/index.php\/wp-json\/wp\/v2\/users\/5"}],"replies":[{"embeddable":true,"href":"https:\/\/diariotextual.com\/inicio\/index.php\/wp-json\/wp\/v2\/comments?post=232128"}],"version-history":[{"count":1,"href":"https:\/\/diariotextual.com\/inicio\/index.php\/wp-json\/wp\/v2\/posts\/232128\/revisions"}],"predecessor-version":[{"id":232130,"href":"https:\/\/diariotextual.com\/inicio\/index.php\/wp-json\/wp\/v2\/posts\/232128\/revisions\/232130"}],"wp:featuredmedia":[{"embeddable":true,"href":"https:\/\/diariotextual.com\/inicio\/index.php\/wp-json\/wp\/v2\/media\/232129"}],"wp:attachment":[{"href":"https:\/\/diariotextual.com\/inicio\/index.php\/wp-json\/wp\/v2\/media?parent=232128"}],"wp:term":[{"taxonomy":"category","embeddable":true,"href":"https:\/\/diariotextual.com\/inicio\/index.php\/wp-json\/wp\/v2\/categories?post=232128"},{"taxonomy":"post_tag","embeddable":true,"href":"https:\/\/diariotextual.com\/inicio\/index.php\/wp-json\/wp\/v2\/tags?post=232128"}],"curies":[{"name":"wp","href":"https:\/\/api.w.org\/{rel}","templated":true}]}}