{"id":232158,"date":"2023-07-28T07:12:06","date_gmt":"2023-07-28T10:12:06","guid":{"rendered":"https:\/\/diariotextual.com\/inicio\/?p=232158"},"modified":"2023-07-28T07:21:40","modified_gmt":"2023-07-28T10:21:40","slug":"las-40-familias-beneficiarias-del-sorteo-de-lote-propio-de-santa-rosa","status":"publish","type":"post","link":"https:\/\/diariotextual.com\/inicio\/index.php\/2023\/07\/28\/las-40-familias-beneficiarias-del-sorteo-de-lote-propio-de-santa-rosa\/","title":{"rendered":"Las 40 familias beneficiarias del \u201cLote Propio\u201d de Santa Rosa"},"content":{"rendered":"\n<p>Se realiz\u00f3 este jueves otro sorteo para adjudicar 40 lotes con servicios ubicados en Santa Rosa y en este caso correspondieron al segmento de personas con dos hijos o m\u00e1s a cargo.<\/p>\n\n\n\n<p>El acto se llev\u00f3 adelante en la Loter\u00eda de San Luis y fue trasmitido en vivo por la Televisi\u00f3n P\u00fablica Pampeana en cuyos estudios estuvieron presentes el presidente del Instituto Provincial de la Vivienda (IPAV), Jorge Lezcano, y el intendente local, Luciano di N\u00e1poli. Adem\u00e1s estuvieron las gerentas y gerentes del organismo, Victoria Rodr\u00edguez Marre, Romina Montes de Oca, Walter Faccipieri, Dar\u00edo D\u00edaz y Ramiro Rodr\u00edguez mientras que en San Luis y en la sede la Loter\u00eda puntana presenci\u00f3 el sorteo la gerenta de Planificaci\u00f3n y Adjudicaci\u00f3n, Erica Riboyra.<\/p>\n\n\n\n<p>Lezcano indic\u00f3 a la Agencia Provincial de Noticias que \u201cel gobernador Sergio Ziliotto se comprometi\u00f3 en su momento y dentro de la pol\u00edtica habitacional a diversificar las propuestas: hay viviendas sociales, est\u00e1 el Casa Propia, el Procrear y estos lotes con servicios que son para las familias que tienen la posibilidad de hacerse la vivienda y a quienes muchas veces el valor de mercado supera la posibi9lidad de construir la casa.<\/p>\n\n\n\n<div style=\"height:100px\" aria-hidden=\"true\" class=\"wp-block-spacer\"><\/div>\n\n\n\n<p><strong>Di N\u00e1poli<\/strong><\/p>\n\n\n\n<p>El intendente capitalino se manifest\u00f3 \u201cfeliz de poder participar de un nuevo sorteo de lotes de servicios que ben\u00e9fica a estas 40 familias. El Estado muestra una vez m\u00e1s que en la provincia de La Pampa est\u00e1 presente y es articulador en la pol\u00edtica de vivienda. Tenemos varios programas en ejecuci\u00f3n en la ciudad que podemos decir que son una soluci\u00f3n. Vamos a seguir trabajando codo a codo con el Gobernador y con el Estado nacional para dar en materia de vivienda a pampeanos y pampeanas\u201d.<\/p>\n\n\n\n<div style=\"height:100px\" aria-hidden=\"true\" class=\"wp-block-spacer\"><\/div>\n\n\n\n<p><strong>Personas adjudicatarias<\/strong><\/p>\n\n\n\n<p>1- Frank Brian Dar\u00edo 37825436<\/p>\n\n\n\n<p>2- Funes Daiana Carolina 37421552<\/p>\n\n\n\n<p>3- Arena Roc\u00edo Soledad 35385754<\/p>\n\n\n\n<p>4- Boltshauser Agust\u00edn Ernesto 31532816<\/p>\n\n\n\n<p>5- Oses Cecilia Yanel 31216624<\/p>\n\n\n\n<p>6- Aino Antonela Marisol 42915507<\/p>\n\n\n\n<p>7- Mora Paola Vanina 32668807<\/p>\n\n\n\n<p>8- Cora Melany Misael 36221060<\/p>\n\n\n\n<p>9- Pellat Ayala D\u00e9vora Alfonsina 32781118<\/p>\n\n\n\n<p>10- Canziani Cecilia Marina 30727267<\/p>\n\n\n\n<p>11- Toledo Maida Alexandra 37397378<\/p>\n\n\n\n<p>12- Moscoso Natalia Carolina 30699535<\/p>\n\n\n\n<p>13- Furch Claudia Alejandra 25851453<\/p>\n\n\n\n<p>14- \u00c1lvarez Martin Sebasti\u00e1n 31992005<\/p>\n\n\n\n<p>15- G\u00f3mez Natalia Elizabeth 39055929<\/p>\n\n\n\n<p>16- Ca\u00f1umil Tatiana Soledad 35386735<\/p>\n\n\n\n<p>17- Suhurt Ivon Mariel 37825444<\/p>\n\n\n\n<p>18- Figueroa Jorge 39942793<\/p>\n\n\n\n<p>19- Orellano Karen Soledad 31942268<\/p>\n\n\n\n<p>20- Martos Alejandra Paola 25783220<\/p>\n\n\n\n<p>21- L\u00f3pez D\u00e9bora Elisabeth 37086071<\/p>\n\n\n\n<p>22- L\u00f3pez Soraya Elisabet 23972291<\/p>\n\n\n\n<p>23- Zaracho Juliana Florencia 37953841<\/p>\n\n\n\n<p>24- Albarrac\u00edn Negrin Jaqueline 33773116<\/p>\n\n\n\n<p>25- Unaiche Corina Gimena 32214258<\/p>\n\n\n\n<p>26- Massini Helga Betiana 29283953<\/p>\n\n\n\n<p>27- Biscayart Carla Soledad 35886582<\/p>\n\n\n\n<p>28- Schmuker Elisabet Beatriz 27038458<\/p>\n\n\n\n<p>29- Martin Videla Ayelen Valentina 37825384<\/p>\n\n\n\n<p>30- Aguiar Y\u00e9sica Joana 32880543<\/p>\n\n\n\n<p>31- Cifuentes Guadalupe Esther 33454849<\/p>\n\n\n\n<p>32- Quiroga Marina Soledad 27982785<\/p>\n\n\n\n<p>33- Guti\u00e9rrez Roldan Maylen Stefania 42164444<\/p>\n\n\n\n<p>34- Cepeda Florencia Marcela 34221779<\/p>\n\n\n\n<p>35- Palacio Mar\u00eda Bernarda 30530652<\/p>\n\n\n\n<p>36- Garro Gustavo Ariel 28906143<\/p>\n\n\n\n<p>37- Ramos Micaela Giselle 35386248<\/p>\n\n\n\n<p>38- Di Pietro Alcides 24998811<\/p>\n\n\n\n<p>39- Mu\u00f1oz Dora Clarisa 33723988<\/p>\n\n\n\n<p>40- Beascoechea Dar\u00edo Juli\u00e1n 23186154&nbsp;<\/p>\n","protected":false},"excerpt":{"rendered":"<p>Se realiz\u00f3 este jueves otro sorteo para adjudicar 40 lotes con servicios ubicados en Santa Rosa y en este caso correspondieron al segmento de personas con dos hijos o m\u00e1s&hellip;<\/p>\n","protected":false},"author":4,"featured_media":232160,"comment_status":"closed","ping_status":"open","sticky":false,"template":"","format":"standard","meta":{"_acf_changed":false,"footnotes":""},"categories":[1,12],"tags":[],"class_list":["post-232158","post","type-post","status-publish","format-standard","has-post-thumbnail","hentry","category-es-noticia","category-sociedad"],"acf":[],"yoast_head":"<!-- This site is optimized with the Yoast SEO plugin v27.5 - https:\/\/yoast.com\/product\/yoast-seo-wordpress\/ -->\n<title>Las 40 familias beneficiarias del \u201cLote Propio\u201d de Santa Rosa - Diario Textual<\/title>\n<meta name=\"robots\" content=\"index, follow, max-snippet:-1, max-image-preview:large, max-video-preview:-1\" \/>\n<link rel=\"canonical\" href=\"https:\/\/diariotextual.com\/inicio\/index.php\/2023\/07\/28\/las-40-familias-beneficiarias-del-sorteo-de-lote-propio-de-santa-rosa\/\" \/>\n<meta property=\"og:locale\" content=\"es_ES\" \/>\n<meta property=\"og:type\" content=\"article\" \/>\n<meta property=\"og:title\" content=\"Las 40 familias beneficiarias del \u201cLote Propio\u201d de Santa Rosa - Diario Textual\" \/>\n<meta property=\"og:description\" content=\"Se realiz\u00f3 este jueves otro sorteo para adjudicar 40 lotes con servicios ubicados en Santa Rosa y en este caso correspondieron al segmento de personas con dos hijos o m\u00e1s&hellip;\" \/>\n<meta property=\"og:url\" content=\"https:\/\/diariotextual.com\/inicio\/index.php\/2023\/07\/28\/las-40-familias-beneficiarias-del-sorteo-de-lote-propio-de-santa-rosa\/\" \/>\n<meta property=\"og:site_name\" content=\"Diario Textual\" \/>\n<meta property=\"article:publisher\" content=\"https:\/\/www.facebook.com\/eltextual\" \/>\n<meta property=\"article:published_time\" content=\"2023-07-28T10:12:06+00:00\" \/>\n<meta property=\"article:modified_time\" content=\"2023-07-28T10:21:40+00:00\" \/>\n<meta property=\"og:image\" content=\"https:\/\/diariotextual.com\/inicio\/wp-content\/uploads\/2023\/07\/lotepropiodinapolilezcano674354.jpg\" \/>\n\t<meta property=\"og:image:width\" content=\"1000\" \/>\n\t<meta property=\"og:image:height\" content=\"563\" \/>\n\t<meta property=\"og:image:type\" content=\"image\/jpeg\" \/>\n<meta name=\"author\" content=\"diario2\" \/>\n<meta name=\"twitter:card\" content=\"summary_large_image\" \/>\n<meta name=\"twitter:creator\" content=\"@eltextual\" \/>\n<meta name=\"twitter:site\" content=\"@eltextual\" \/>\n<meta name=\"twitter:label1\" content=\"Escrito por\" \/>\n\t<meta name=\"twitter:data1\" content=\"diario2\" \/>\n\t<meta name=\"twitter:label2\" content=\"Tiempo de lectura\" \/>\n\t<meta name=\"twitter:data2\" content=\"3 minutos\" \/>\n<script type=\"application\/ld+json\" class=\"yoast-schema-graph\">{\"@context\":\"https:\\\/\\\/schema.org\",\"@graph\":[{\"@type\":\"Article\",\"@id\":\"https:\\\/\\\/diariotextual.com\\\/inicio\\\/index.php\\\/2023\\\/07\\\/28\\\/las-40-familias-beneficiarias-del-sorteo-de-lote-propio-de-santa-rosa\\\/#article\",\"isPartOf\":{\"@id\":\"https:\\\/\\\/diariotextual.com\\\/inicio\\\/index.php\\\/2023\\\/07\\\/28\\\/las-40-familias-beneficiarias-del-sorteo-de-lote-propio-de-santa-rosa\\\/\"},\"author\":{\"name\":\"diario2\",\"@id\":\"https:\\\/\\\/diariotextual.com\\\/inicio\\\/#\\\/schema\\\/person\\\/694f60677f23c4a530867a98f22b3768\"},\"headline\":\"Las 40 familias beneficiarias del \u201cLote Propio\u201d de Santa Rosa\",\"datePublished\":\"2023-07-28T10:12:06+00:00\",\"dateModified\":\"2023-07-28T10:21:40+00:00\",\"mainEntityOfPage\":{\"@id\":\"https:\\\/\\\/diariotextual.com\\\/inicio\\\/index.php\\\/2023\\\/07\\\/28\\\/las-40-familias-beneficiarias-del-sorteo-de-lote-propio-de-santa-rosa\\\/\"},\"wordCount\":490,\"publisher\":{\"@id\":\"https:\\\/\\\/diariotextual.com\\\/inicio\\\/#organization\"},\"image\":{\"@id\":\"https:\\\/\\\/diariotextual.com\\\/inicio\\\/index.php\\\/2023\\\/07\\\/28\\\/las-40-familias-beneficiarias-del-sorteo-de-lote-propio-de-santa-rosa\\\/#primaryimage\"},\"thumbnailUrl\":\"https:\\\/\\\/diariotextual.com\\\/inicio\\\/wp-content\\\/uploads\\\/2023\\\/07\\\/lotepropiodinapolilezcano674354.jpg\",\"articleSection\":[\"A - ES NOTICIA (van abajo)\",\"SOCIEDAD\"],\"inLanguage\":\"es\"},{\"@type\":\"WebPage\",\"@id\":\"https:\\\/\\\/diariotextual.com\\\/inicio\\\/index.php\\\/2023\\\/07\\\/28\\\/las-40-familias-beneficiarias-del-sorteo-de-lote-propio-de-santa-rosa\\\/\",\"url\":\"https:\\\/\\\/diariotextual.com\\\/inicio\\\/index.php\\\/2023\\\/07\\\/28\\\/las-40-familias-beneficiarias-del-sorteo-de-lote-propio-de-santa-rosa\\\/\",\"name\":\"Las 40 familias beneficiarias del \u201cLote Propio\u201d de Santa Rosa - Diario Textual\",\"isPartOf\":{\"@id\":\"https:\\\/\\\/diariotextual.com\\\/inicio\\\/#website\"},\"primaryImageOfPage\":{\"@id\":\"https:\\\/\\\/diariotextual.com\\\/inicio\\\/index.php\\\/2023\\\/07\\\/28\\\/las-40-familias-beneficiarias-del-sorteo-de-lote-propio-de-santa-rosa\\\/#primaryimage\"},\"image\":{\"@id\":\"https:\\\/\\\/diariotextual.com\\\/inicio\\\/index.php\\\/2023\\\/07\\\/28\\\/las-40-familias-beneficiarias-del-sorteo-de-lote-propio-de-santa-rosa\\\/#primaryimage\"},\"thumbnailUrl\":\"https:\\\/\\\/diariotextual.com\\\/inicio\\\/wp-content\\\/uploads\\\/2023\\\/07\\\/lotepropiodinapolilezcano674354.jpg\",\"datePublished\":\"2023-07-28T10:12:06+00:00\",\"dateModified\":\"2023-07-28T10:21:40+00:00\",\"breadcrumb\":{\"@id\":\"https:\\\/\\\/diariotextual.com\\\/inicio\\\/index.php\\\/2023\\\/07\\\/28\\\/las-40-familias-beneficiarias-del-sorteo-de-lote-propio-de-santa-rosa\\\/#breadcrumb\"},\"inLanguage\":\"es\",\"potentialAction\":[{\"@type\":\"ReadAction\",\"target\":[\"https:\\\/\\\/diariotextual.com\\\/inicio\\\/index.php\\\/2023\\\/07\\\/28\\\/las-40-familias-beneficiarias-del-sorteo-de-lote-propio-de-santa-rosa\\\/\"]}]},{\"@type\":\"ImageObject\",\"inLanguage\":\"es\",\"@id\":\"https:\\\/\\\/diariotextual.com\\\/inicio\\\/index.php\\\/2023\\\/07\\\/28\\\/las-40-familias-beneficiarias-del-sorteo-de-lote-propio-de-santa-rosa\\\/#primaryimage\",\"url\":\"https:\\\/\\\/diariotextual.com\\\/inicio\\\/wp-content\\\/uploads\\\/2023\\\/07\\\/lotepropiodinapolilezcano674354.jpg\",\"contentUrl\":\"https:\\\/\\\/diariotextual.com\\\/inicio\\\/wp-content\\\/uploads\\\/2023\\\/07\\\/lotepropiodinapolilezcano674354.jpg\",\"width\":1000,\"height\":563},{\"@type\":\"BreadcrumbList\",\"@id\":\"https:\\\/\\\/diariotextual.com\\\/inicio\\\/index.php\\\/2023\\\/07\\\/28\\\/las-40-familias-beneficiarias-del-sorteo-de-lote-propio-de-santa-rosa\\\/#breadcrumb\",\"itemListElement\":[{\"@type\":\"ListItem\",\"position\":1,\"name\":\"Portada\",\"item\":\"https:\\\/\\\/diariotextual.com\\\/inicio\\\/\"},{\"@type\":\"ListItem\",\"position\":2,\"name\":\"Las 40 familias beneficiarias del \u201cLote Propio\u201d de Santa Rosa\"}]},{\"@type\":\"WebSite\",\"@id\":\"https:\\\/\\\/diariotextual.com\\\/inicio\\\/#website\",\"url\":\"https:\\\/\\\/diariotextual.com\\\/inicio\\\/\",\"name\":\"Diario Textual\",\"description\":\"\",\"publisher\":{\"@id\":\"https:\\\/\\\/diariotextual.com\\\/inicio\\\/#organization\"},\"potentialAction\":[{\"@type\":\"SearchAction\",\"target\":{\"@type\":\"EntryPoint\",\"urlTemplate\":\"https:\\\/\\\/diariotextual.com\\\/inicio\\\/?s={search_term_string}\"},\"query-input\":{\"@type\":\"PropertyValueSpecification\",\"valueRequired\":true,\"valueName\":\"search_term_string\"}}],\"inLanguage\":\"es\"},{\"@type\":\"Organization\",\"@id\":\"https:\\\/\\\/diariotextual.com\\\/inicio\\\/#organization\",\"name\":\"Diario Textual\",\"url\":\"https:\\\/\\\/diariotextual.com\\\/inicio\\\/\",\"logo\":{\"@type\":\"ImageObject\",\"inLanguage\":\"es\",\"@id\":\"https:\\\/\\\/diariotextual.com\\\/inicio\\\/#\\\/schema\\\/logo\\\/image\\\/\",\"url\":\"https:\\\/\\\/diariotextual.com\\\/inicio\\\/wp-content\\\/uploads\\\/2023\\\/05\\\/logotextual1.jpg\",\"contentUrl\":\"https:\\\/\\\/diariotextual.com\\\/inicio\\\/wp-content\\\/uploads\\\/2023\\\/05\\\/logotextual1.jpg\",\"width\":516,\"height\":76,\"caption\":\"Diario Textual\"},\"image\":{\"@id\":\"https:\\\/\\\/diariotextual.com\\\/inicio\\\/#\\\/schema\\\/logo\\\/image\\\/\"},\"sameAs\":[\"https:\\\/\\\/www.facebook.com\\\/eltextual\",\"https:\\\/\\\/x.com\\\/eltextual\",\"http:\\\/\\\/www.instagram.com\\\/eltextual\"]},{\"@type\":\"Person\",\"@id\":\"https:\\\/\\\/diariotextual.com\\\/inicio\\\/#\\\/schema\\\/person\\\/694f60677f23c4a530867a98f22b3768\",\"name\":\"diario2\",\"image\":{\"@type\":\"ImageObject\",\"inLanguage\":\"es\",\"@id\":\"https:\\\/\\\/secure.gravatar.com\\\/avatar\\\/5a2567495ba16b852fcd8f1ed006a2e24fcace936018ed8237e95f488ad6e0a7?s=96&d=mm&r=g\",\"url\":\"https:\\\/\\\/secure.gravatar.com\\\/avatar\\\/5a2567495ba16b852fcd8f1ed006a2e24fcace936018ed8237e95f488ad6e0a7?s=96&d=mm&r=g\",\"contentUrl\":\"https:\\\/\\\/secure.gravatar.com\\\/avatar\\\/5a2567495ba16b852fcd8f1ed006a2e24fcace936018ed8237e95f488ad6e0a7?s=96&d=mm&r=g\",\"caption\":\"diario2\"},\"url\":\"https:\\\/\\\/diariotextual.com\\\/inicio\\\/index.php\\\/author\\\/diario2\\\/\"}]}<\/script>\n<!-- \/ Yoast SEO plugin. -->","yoast_head_json":{"title":"Las 40 familias beneficiarias del \u201cLote Propio\u201d de Santa Rosa - Diario Textual","robots":{"index":"index","follow":"follow","max-snippet":"max-snippet:-1","max-image-preview":"max-image-preview:large","max-video-preview":"max-video-preview:-1"},"canonical":"https:\/\/diariotextual.com\/inicio\/index.php\/2023\/07\/28\/las-40-familias-beneficiarias-del-sorteo-de-lote-propio-de-santa-rosa\/","og_locale":"es_ES","og_type":"article","og_title":"Las 40 familias beneficiarias del \u201cLote Propio\u201d de Santa Rosa - Diario Textual","og_description":"Se realiz\u00f3 este jueves otro sorteo para adjudicar 40 lotes con servicios ubicados en Santa Rosa y en este caso correspondieron al segmento de personas con dos hijos o m\u00e1s&hellip;","og_url":"https:\/\/diariotextual.com\/inicio\/index.php\/2023\/07\/28\/las-40-familias-beneficiarias-del-sorteo-de-lote-propio-de-santa-rosa\/","og_site_name":"Diario Textual","article_publisher":"https:\/\/www.facebook.com\/eltextual","article_published_time":"2023-07-28T10:12:06+00:00","article_modified_time":"2023-07-28T10:21:40+00:00","og_image":[{"width":1000,"height":563,"url":"https:\/\/diariotextual.com\/inicio\/wp-content\/uploads\/2023\/07\/lotepropiodinapolilezcano674354.jpg","type":"image\/jpeg"}],"author":"diario2","twitter_card":"summary_large_image","twitter_creator":"@eltextual","twitter_site":"@eltextual","twitter_misc":{"Escrito por":"diario2","Tiempo de lectura":"3 minutos"},"schema":{"@context":"https:\/\/schema.org","@graph":[{"@type":"Article","@id":"https:\/\/diariotextual.com\/inicio\/index.php\/2023\/07\/28\/las-40-familias-beneficiarias-del-sorteo-de-lote-propio-de-santa-rosa\/#article","isPartOf":{"@id":"https:\/\/diariotextual.com\/inicio\/index.php\/2023\/07\/28\/las-40-familias-beneficiarias-del-sorteo-de-lote-propio-de-santa-rosa\/"},"author":{"name":"diario2","@id":"https:\/\/diariotextual.com\/inicio\/#\/schema\/person\/694f60677f23c4a530867a98f22b3768"},"headline":"Las 40 familias beneficiarias del \u201cLote Propio\u201d de Santa Rosa","datePublished":"2023-07-28T10:12:06+00:00","dateModified":"2023-07-28T10:21:40+00:00","mainEntityOfPage":{"@id":"https:\/\/diariotextual.com\/inicio\/index.php\/2023\/07\/28\/las-40-familias-beneficiarias-del-sorteo-de-lote-propio-de-santa-rosa\/"},"wordCount":490,"publisher":{"@id":"https:\/\/diariotextual.com\/inicio\/#organization"},"image":{"@id":"https:\/\/diariotextual.com\/inicio\/index.php\/2023\/07\/28\/las-40-familias-beneficiarias-del-sorteo-de-lote-propio-de-santa-rosa\/#primaryimage"},"thumbnailUrl":"https:\/\/diariotextual.com\/inicio\/wp-content\/uploads\/2023\/07\/lotepropiodinapolilezcano674354.jpg","articleSection":["A - ES NOTICIA (van abajo)","SOCIEDAD"],"inLanguage":"es"},{"@type":"WebPage","@id":"https:\/\/diariotextual.com\/inicio\/index.php\/2023\/07\/28\/las-40-familias-beneficiarias-del-sorteo-de-lote-propio-de-santa-rosa\/","url":"https:\/\/diariotextual.com\/inicio\/index.php\/2023\/07\/28\/las-40-familias-beneficiarias-del-sorteo-de-lote-propio-de-santa-rosa\/","name":"Las 40 familias beneficiarias del \u201cLote Propio\u201d de Santa Rosa - Diario Textual","isPartOf":{"@id":"https:\/\/diariotextual.com\/inicio\/#website"},"primaryImageOfPage":{"@id":"https:\/\/diariotextual.com\/inicio\/index.php\/2023\/07\/28\/las-40-familias-beneficiarias-del-sorteo-de-lote-propio-de-santa-rosa\/#primaryimage"},"image":{"@id":"https:\/\/diariotextual.com\/inicio\/index.php\/2023\/07\/28\/las-40-familias-beneficiarias-del-sorteo-de-lote-propio-de-santa-rosa\/#primaryimage"},"thumbnailUrl":"https:\/\/diariotextual.com\/inicio\/wp-content\/uploads\/2023\/07\/lotepropiodinapolilezcano674354.jpg","datePublished":"2023-07-28T10:12:06+00:00","dateModified":"2023-07-28T10:21:40+00:00","breadcrumb":{"@id":"https:\/\/diariotextual.com\/inicio\/index.php\/2023\/07\/28\/las-40-familias-beneficiarias-del-sorteo-de-lote-propio-de-santa-rosa\/#breadcrumb"},"inLanguage":"es","potentialAction":[{"@type":"ReadAction","target":["https:\/\/diariotextual.com\/inicio\/index.php\/2023\/07\/28\/las-40-familias-beneficiarias-del-sorteo-de-lote-propio-de-santa-rosa\/"]}]},{"@type":"ImageObject","inLanguage":"es","@id":"https:\/\/diariotextual.com\/inicio\/index.php\/2023\/07\/28\/las-40-familias-beneficiarias-del-sorteo-de-lote-propio-de-santa-rosa\/#primaryimage","url":"https:\/\/diariotextual.com\/inicio\/wp-content\/uploads\/2023\/07\/lotepropiodinapolilezcano674354.jpg","contentUrl":"https:\/\/diariotextual.com\/inicio\/wp-content\/uploads\/2023\/07\/lotepropiodinapolilezcano674354.jpg","width":1000,"height":563},{"@type":"BreadcrumbList","@id":"https:\/\/diariotextual.com\/inicio\/index.php\/2023\/07\/28\/las-40-familias-beneficiarias-del-sorteo-de-lote-propio-de-santa-rosa\/#breadcrumb","itemListElement":[{"@type":"ListItem","position":1,"name":"Portada","item":"https:\/\/diariotextual.com\/inicio\/"},{"@type":"ListItem","position":2,"name":"Las 40 familias beneficiarias del \u201cLote Propio\u201d de Santa Rosa"}]},{"@type":"WebSite","@id":"https:\/\/diariotextual.com\/inicio\/#website","url":"https:\/\/diariotextual.com\/inicio\/","name":"Diario Textual","description":"","publisher":{"@id":"https:\/\/diariotextual.com\/inicio\/#organization"},"potentialAction":[{"@type":"SearchAction","target":{"@type":"EntryPoint","urlTemplate":"https:\/\/diariotextual.com\/inicio\/?s={search_term_string}"},"query-input":{"@type":"PropertyValueSpecification","valueRequired":true,"valueName":"search_term_string"}}],"inLanguage":"es"},{"@type":"Organization","@id":"https:\/\/diariotextual.com\/inicio\/#organization","name":"Diario Textual","url":"https:\/\/diariotextual.com\/inicio\/","logo":{"@type":"ImageObject","inLanguage":"es","@id":"https:\/\/diariotextual.com\/inicio\/#\/schema\/logo\/image\/","url":"https:\/\/diariotextual.com\/inicio\/wp-content\/uploads\/2023\/05\/logotextual1.jpg","contentUrl":"https:\/\/diariotextual.com\/inicio\/wp-content\/uploads\/2023\/05\/logotextual1.jpg","width":516,"height":76,"caption":"Diario Textual"},"image":{"@id":"https:\/\/diariotextual.com\/inicio\/#\/schema\/logo\/image\/"},"sameAs":["https:\/\/www.facebook.com\/eltextual","https:\/\/x.com\/eltextual","http:\/\/www.instagram.com\/eltextual"]},{"@type":"Person","@id":"https:\/\/diariotextual.com\/inicio\/#\/schema\/person\/694f60677f23c4a530867a98f22b3768","name":"diario2","image":{"@type":"ImageObject","inLanguage":"es","@id":"https:\/\/secure.gravatar.com\/avatar\/5a2567495ba16b852fcd8f1ed006a2e24fcace936018ed8237e95f488ad6e0a7?s=96&d=mm&r=g","url":"https:\/\/secure.gravatar.com\/avatar\/5a2567495ba16b852fcd8f1ed006a2e24fcace936018ed8237e95f488ad6e0a7?s=96&d=mm&r=g","contentUrl":"https:\/\/secure.gravatar.com\/avatar\/5a2567495ba16b852fcd8f1ed006a2e24fcace936018ed8237e95f488ad6e0a7?s=96&d=mm&r=g","caption":"diario2"},"url":"https:\/\/diariotextual.com\/inicio\/index.php\/author\/diario2\/"}]}},"_links":{"self":[{"href":"https:\/\/diariotextual.com\/inicio\/index.php\/wp-json\/wp\/v2\/posts\/232158","targetHints":{"allow":["GET"]}}],"collection":[{"href":"https:\/\/diariotextual.com\/inicio\/index.php\/wp-json\/wp\/v2\/posts"}],"about":[{"href":"https:\/\/diariotextual.com\/inicio\/index.php\/wp-json\/wp\/v2\/types\/post"}],"author":[{"embeddable":true,"href":"https:\/\/diariotextual.com\/inicio\/index.php\/wp-json\/wp\/v2\/users\/4"}],"replies":[{"embeddable":true,"href":"https:\/\/diariotextual.com\/inicio\/index.php\/wp-json\/wp\/v2\/comments?post=232158"}],"version-history":[{"count":3,"href":"https:\/\/diariotextual.com\/inicio\/index.php\/wp-json\/wp\/v2\/posts\/232158\/revisions"}],"predecessor-version":[{"id":232162,"href":"https:\/\/diariotextual.com\/inicio\/index.php\/wp-json\/wp\/v2\/posts\/232158\/revisions\/232162"}],"wp:featuredmedia":[{"embeddable":true,"href":"https:\/\/diariotextual.com\/inicio\/index.php\/wp-json\/wp\/v2\/media\/232160"}],"wp:attachment":[{"href":"https:\/\/diariotextual.com\/inicio\/index.php\/wp-json\/wp\/v2\/media?parent=232158"}],"wp:term":[{"taxonomy":"category","embeddable":true,"href":"https:\/\/diariotextual.com\/inicio\/index.php\/wp-json\/wp\/v2\/categories?post=232158"},{"taxonomy":"post_tag","embeddable":true,"href":"https:\/\/diariotextual.com\/inicio\/index.php\/wp-json\/wp\/v2\/tags?post=232158"}],"curies":[{"name":"wp","href":"https:\/\/api.w.org\/{rel}","templated":true}]}}