{"id":232168,"date":"2023-07-28T08:40:03","date_gmt":"2023-07-28T11:40:03","guid":{"rendered":"https:\/\/diariotextual.com\/inicio\/?p=232168"},"modified":"2023-07-28T08:40:05","modified_gmt":"2023-07-28T11:40:05","slug":"encontraron-el-cuerpo-del-cordobes-que-habia-desaparecido-en-mendoza","status":"publish","type":"post","link":"https:\/\/diariotextual.com\/inicio\/index.php\/2023\/07\/28\/encontraron-el-cuerpo-del-cordobes-que-habia-desaparecido-en-mendoza\/","title":{"rendered":"Encontraron el cuerpo del cordob\u00e9s que hab\u00eda desaparecido en Mendoza"},"content":{"rendered":"\n<p>La\u00a0Polic\u00eda de Mendoza\u00a0confirm\u00f3 el hallazgo del cuerpo del cordob\u00e9s que estaba desaparecido desde el 2 de julio, luego de que uno de los acusados por el homicidio confesara el lugar en el que hab\u00edan descartado el cad\u00e1ver tras haberle robado el auto particular en el que se hab\u00eda trasladado desde la localidad de San Basilio,\u00a0C\u00f3rdoba. Previamente a concretarse el crimen, el hombre fue estafado por una gran suma de dinero.<strong> La v\u00edctima hab\u00eda estado en Realic\u00f3 y Rancul.<\/strong><\/p>\n\n\n\n<p>Despu\u00e9s de varios d\u00edas de rastrillajes en\u00a0Ca\u00f1ada Seca\u00a0que dieron resultados negativos, los oficiales localizaron el paradero del cuerpo de\u00a0<strong>H\u00e9ctor Dionisio Aguilar,<\/strong> de 64 a\u00f1os, detr\u00e1s de\u00a0Cerro Bola, ubicado entre la ruta 150 y Villa 25 de Mayo. De acuerdo con la reconstrucci\u00f3n de los hechos, el motivo del viaje a\u00a0San Rafael\u00a0era reencontrarse con una mujer, identificada como Carla, con la que habr\u00eda tenido una relaci\u00f3n casual hace a\u00f1os y conocer a una presunta hija que hab\u00eda nacido producto de esos encuentros.<\/p>\n\n\n\n<p>Sin embargo, el fiscal a cargo de la causa,&nbsp;Javier Giaroli, determin\u00f3 que la banda de delincuentes hab\u00edan creado un perfil falso en las redes sociales para convencerlo de realizar m\u00faltiples transferencias de dinero a billeteras virtuales como forma de ofrecerles una ayuda econ\u00f3mica luego de que le aseguraran que estas dos supuestas mujeres no ten\u00edan para comer. Previo al hallazgo, Giaroli cambi\u00f3 la car\u00e1tula de la investigaci\u00f3n de \u201caveriguaci\u00f3n de paradero\u201d a \u201chomicidio criminis causa\u201d tras haber encontrado el auto&nbsp;Volkswagen Gol Trend&nbsp;de color blanco abandonado con manchas de sangre en el interior.<\/p>\n\n\n\n<p>Seg\u00fan la informaci\u00f3n a la que pudo acceder\u00a0T\u00e9lam, uno de los investigadores cont\u00f3 que \u201cuno de los acusados se quebr\u00f3 y declar\u00f3 el lugar donde hab\u00edan enterrado el cuerpo\u201d, lo que desat\u00f3 un nuevo rastrillaje en la zona serrana y, de esta manera, fue hallado el cad\u00e1ver.<strong> \u201cEl cuerpo estaba tapado con piedras de color laja amarillo\u201d,<\/strong> describi\u00f3 Giaroli luego de que reservara la identidad del criminal que aport\u00f3 los detalles \u201cpara no entorpecer la investigaci\u00f3n\u201d.<\/p>\n\n\n\n<p>\u201cLa confesi\u00f3n del detenido no fue a cambio de ning\u00fan beneficio carcelario, sino que esta persona ten\u00eda un profundo cargo de conciencia y quer\u00eda que sus familiares tuvieran el cuerpo para poder enterrarlo\u201d, explic\u00f3 el funcionario p\u00fablico tras volver a modificar la car\u00e1tula de la causa. Ahora, el caso se investiga como un \u201chomicidio criminis causa agravado por alevos\u00eda\u201d.<\/p>\n\n\n\n<p>Pese a que entre las pertenencias de la v\u00edctima no informaron haber encontrado alg\u00fan tipo de identificaci\u00f3n que confirmara que se trata del cordob\u00e9s, el fiscal asegur\u00f3 que \u201csi bien falta realizar las pericias de ADN y necrodactiloscopia, no hay duda que se trata de Aguilar por una pr\u00f3tesis e implantes que ten\u00eda y unos anteojos que estaban junto al cuerpo al que les faltaban un cristal que ya hab\u00eda aparecido en el auto de la v\u00edctima con sangre\u201d.<\/p>\n\n\n\n<p>Por otro lado, el investigador se\u00f1al\u00f3 que la v\u00edctima tuvo \u201cuna muerte violenta\u201d, debido a que a simple vista se apreciaba que hab\u00eda \u201cheridas de arma blanca y golpes\u201d.<strong> Las lesiones coinciden con la declaraci\u00f3n de una de las mujeres detenidas, quien confes\u00f3 que su pareja hab\u00eda acuchillado al hombre.<\/strong><\/p>\n\n\n\n<p>Adem\u00e1s, el representante del Ministerio P\u00fablico reconstruy\u00f3 que, \u201cal arribar con su auto a la localidad de Ca\u00f1ada Seca, en San Rafael, <strong>en vez de encontrarse con la supuesta se\u00f1orita fue abordado por un hombre que recientemente hab\u00eda salido de la c\u00e1rcel\u201d<\/strong>, y agreg\u00f3 que este ex preso \u201cse fue con el veh\u00edculo y sali\u00f3 a vender las autopartes\u201d.<\/p>\n\n\n\n<p>Los detenidos por el crimen fueron imputados por el delito de \u201cestafa en concurso real con robo agravado por uso de arma y homicidio agravado por alevos\u00eda y por ser cometido por el concurso de personas en concurso ideal\u201d. Se trata de&nbsp;Brian \u00c1ngel R\u00edos Quiroga&nbsp;(30); su pareja,&nbsp;Silvia Raquel Luffi&nbsp;(31);&nbsp;Alan Eloy Mart\u00ednez Guevara&nbsp;(28); y&nbsp;Hern\u00e1n Ariel Oviedo Castro&nbsp;(31). Adem\u00e1s,&nbsp;C\u00e9sar Daniel Campos Carmona&nbsp;fue acusado por \u201cencubrimiento agravado por la gravedad del hecho\u201d.<\/p>\n\n\n\n<p>\u201cCuando llega a Ca\u00f1ada Seca, a Salto de las Rosas, es esperado por una mujer que estaba con un masculino. Suben al auto y de ah\u00ed en m\u00e1s, nada m\u00e1s se supo\u201d, precis\u00f3 el abogado de la familia de la v\u00edctima,&nbsp;Daniel Fern\u00e1ndez, en una entrevista para&nbsp;Diario San Rafael. Incluso, plante\u00f3 que las personas con las que se habr\u00eda encontrado podr\u00edan haber sido R\u00edos Quiroga y Luffi, debido a que testigos declararon haber visto al masculino circular con el veh\u00edculo de Aguilar.<\/p>\n\n\n\n<p>Por este motivo, la pareja de criminales ser\u00edan los m\u00e1s complicados de la banda, ya que en el allanamiento que realizaron los agentes policiales se secuestr\u00f3 un cuchillo tipo carnicero que presuntamente habr\u00eda sido utilizado para asesinar al cordob\u00e9s. \u201cElla result\u00f3 ser concubina de Brian R\u00edos, que ser\u00eda el autor material del hecho y que el viernes intent\u00f3 suicidarse, por lo que est\u00e1 internado en el psiqui\u00e1trico con custodia\u201d, se\u00f1al\u00f3 el defensor, en referencia a la principal que baraja la Justicia hasta el momento.<\/p>\n","protected":false},"excerpt":{"rendered":"<p>La\u00a0Polic\u00eda de Mendoza\u00a0confirm\u00f3 el hallazgo del cuerpo del cordob\u00e9s que estaba desaparecido desde el 2 de julio, luego de que uno de los acusados por el homicidio confesara el lugar&hellip;<\/p>\n","protected":false},"author":4,"featured_media":232171,"comment_status":"closed","ping_status":"open","sticky":false,"template":"","format":"standard","meta":{"_acf_changed":false,"footnotes":""},"categories":[1,12],"tags":[],"class_list":["post-232168","post","type-post","status-publish","format-standard","has-post-thumbnail","hentry","category-es-noticia","category-sociedad"],"acf":[],"yoast_head":"<!-- This site is optimized with the Yoast SEO plugin v27.5 - https:\/\/yoast.com\/product\/yoast-seo-wordpress\/ -->\n<title>Encontraron el cuerpo del cordob\u00e9s que hab\u00eda desaparecido en Mendoza - Diario Textual<\/title>\n<meta name=\"robots\" content=\"index, follow, max-snippet:-1, max-image-preview:large, max-video-preview:-1\" \/>\n<link rel=\"canonical\" href=\"https:\/\/diariotextual.com\/inicio\/index.php\/2023\/07\/28\/encontraron-el-cuerpo-del-cordobes-que-habia-desaparecido-en-mendoza\/\" \/>\n<meta property=\"og:locale\" content=\"es_ES\" \/>\n<meta property=\"og:type\" content=\"article\" \/>\n<meta property=\"og:title\" content=\"Encontraron el cuerpo del cordob\u00e9s que hab\u00eda desaparecido en Mendoza - Diario Textual\" \/>\n<meta property=\"og:description\" content=\"La\u00a0Polic\u00eda de Mendoza\u00a0confirm\u00f3 el hallazgo del cuerpo del cordob\u00e9s que estaba desaparecido desde el 2 de julio, luego de que uno de los acusados por el homicidio confesara el lugar&hellip;\" \/>\n<meta property=\"og:url\" content=\"https:\/\/diariotextual.com\/inicio\/index.php\/2023\/07\/28\/encontraron-el-cuerpo-del-cordobes-que-habia-desaparecido-en-mendoza\/\" \/>\n<meta property=\"og:site_name\" content=\"Diario Textual\" \/>\n<meta property=\"article:publisher\" content=\"https:\/\/www.facebook.com\/eltextual\" \/>\n<meta property=\"article:published_time\" content=\"2023-07-28T11:40:03+00:00\" \/>\n<meta property=\"article:modified_time\" content=\"2023-07-28T11:40:05+00:00\" \/>\n<meta property=\"og:image\" content=\"https:\/\/diariotextual.com\/inicio\/wp-content\/uploads\/2023\/07\/dionisioaguilar5349.png\" \/>\n\t<meta property=\"og:image:width\" content=\"909\" \/>\n\t<meta property=\"og:image:height\" content=\"585\" \/>\n\t<meta property=\"og:image:type\" content=\"image\/png\" \/>\n<meta name=\"author\" content=\"diario2\" \/>\n<meta name=\"twitter:card\" content=\"summary_large_image\" \/>\n<meta name=\"twitter:creator\" content=\"@eltextual\" \/>\n<meta name=\"twitter:site\" content=\"@eltextual\" \/>\n<meta name=\"twitter:label1\" content=\"Escrito por\" \/>\n\t<meta name=\"twitter:data1\" content=\"diario2\" \/>\n\t<meta name=\"twitter:label2\" content=\"Tiempo de lectura\" \/>\n\t<meta name=\"twitter:data2\" content=\"4 minutos\" \/>\n<script type=\"application\/ld+json\" class=\"yoast-schema-graph\">{\"@context\":\"https:\\\/\\\/schema.org\",\"@graph\":[{\"@type\":\"Article\",\"@id\":\"https:\\\/\\\/diariotextual.com\\\/inicio\\\/index.php\\\/2023\\\/07\\\/28\\\/encontraron-el-cuerpo-del-cordobes-que-habia-desaparecido-en-mendoza\\\/#article\",\"isPartOf\":{\"@id\":\"https:\\\/\\\/diariotextual.com\\\/inicio\\\/index.php\\\/2023\\\/07\\\/28\\\/encontraron-el-cuerpo-del-cordobes-que-habia-desaparecido-en-mendoza\\\/\"},\"author\":{\"name\":\"diario2\",\"@id\":\"https:\\\/\\\/diariotextual.com\\\/inicio\\\/#\\\/schema\\\/person\\\/694f60677f23c4a530867a98f22b3768\"},\"headline\":\"Encontraron el cuerpo del cordob\u00e9s que hab\u00eda desaparecido en Mendoza\",\"datePublished\":\"2023-07-28T11:40:03+00:00\",\"dateModified\":\"2023-07-28T11:40:05+00:00\",\"mainEntityOfPage\":{\"@id\":\"https:\\\/\\\/diariotextual.com\\\/inicio\\\/index.php\\\/2023\\\/07\\\/28\\\/encontraron-el-cuerpo-del-cordobes-que-habia-desaparecido-en-mendoza\\\/\"},\"wordCount\":934,\"publisher\":{\"@id\":\"https:\\\/\\\/diariotextual.com\\\/inicio\\\/#organization\"},\"image\":{\"@id\":\"https:\\\/\\\/diariotextual.com\\\/inicio\\\/index.php\\\/2023\\\/07\\\/28\\\/encontraron-el-cuerpo-del-cordobes-que-habia-desaparecido-en-mendoza\\\/#primaryimage\"},\"thumbnailUrl\":\"https:\\\/\\\/diariotextual.com\\\/inicio\\\/wp-content\\\/uploads\\\/2023\\\/07\\\/dionisioaguilar5349.png\",\"articleSection\":[\"A - ES NOTICIA (van abajo)\",\"SOCIEDAD\"],\"inLanguage\":\"es\"},{\"@type\":\"WebPage\",\"@id\":\"https:\\\/\\\/diariotextual.com\\\/inicio\\\/index.php\\\/2023\\\/07\\\/28\\\/encontraron-el-cuerpo-del-cordobes-que-habia-desaparecido-en-mendoza\\\/\",\"url\":\"https:\\\/\\\/diariotextual.com\\\/inicio\\\/index.php\\\/2023\\\/07\\\/28\\\/encontraron-el-cuerpo-del-cordobes-que-habia-desaparecido-en-mendoza\\\/\",\"name\":\"Encontraron el cuerpo del cordob\u00e9s que hab\u00eda desaparecido en Mendoza - Diario Textual\",\"isPartOf\":{\"@id\":\"https:\\\/\\\/diariotextual.com\\\/inicio\\\/#website\"},\"primaryImageOfPage\":{\"@id\":\"https:\\\/\\\/diariotextual.com\\\/inicio\\\/index.php\\\/2023\\\/07\\\/28\\\/encontraron-el-cuerpo-del-cordobes-que-habia-desaparecido-en-mendoza\\\/#primaryimage\"},\"image\":{\"@id\":\"https:\\\/\\\/diariotextual.com\\\/inicio\\\/index.php\\\/2023\\\/07\\\/28\\\/encontraron-el-cuerpo-del-cordobes-que-habia-desaparecido-en-mendoza\\\/#primaryimage\"},\"thumbnailUrl\":\"https:\\\/\\\/diariotextual.com\\\/inicio\\\/wp-content\\\/uploads\\\/2023\\\/07\\\/dionisioaguilar5349.png\",\"datePublished\":\"2023-07-28T11:40:03+00:00\",\"dateModified\":\"2023-07-28T11:40:05+00:00\",\"breadcrumb\":{\"@id\":\"https:\\\/\\\/diariotextual.com\\\/inicio\\\/index.php\\\/2023\\\/07\\\/28\\\/encontraron-el-cuerpo-del-cordobes-que-habia-desaparecido-en-mendoza\\\/#breadcrumb\"},\"inLanguage\":\"es\",\"potentialAction\":[{\"@type\":\"ReadAction\",\"target\":[\"https:\\\/\\\/diariotextual.com\\\/inicio\\\/index.php\\\/2023\\\/07\\\/28\\\/encontraron-el-cuerpo-del-cordobes-que-habia-desaparecido-en-mendoza\\\/\"]}]},{\"@type\":\"ImageObject\",\"inLanguage\":\"es\",\"@id\":\"https:\\\/\\\/diariotextual.com\\\/inicio\\\/index.php\\\/2023\\\/07\\\/28\\\/encontraron-el-cuerpo-del-cordobes-que-habia-desaparecido-en-mendoza\\\/#primaryimage\",\"url\":\"https:\\\/\\\/diariotextual.com\\\/inicio\\\/wp-content\\\/uploads\\\/2023\\\/07\\\/dionisioaguilar5349.png\",\"contentUrl\":\"https:\\\/\\\/diariotextual.com\\\/inicio\\\/wp-content\\\/uploads\\\/2023\\\/07\\\/dionisioaguilar5349.png\",\"width\":909,\"height\":585},{\"@type\":\"BreadcrumbList\",\"@id\":\"https:\\\/\\\/diariotextual.com\\\/inicio\\\/index.php\\\/2023\\\/07\\\/28\\\/encontraron-el-cuerpo-del-cordobes-que-habia-desaparecido-en-mendoza\\\/#breadcrumb\",\"itemListElement\":[{\"@type\":\"ListItem\",\"position\":1,\"name\":\"Portada\",\"item\":\"https:\\\/\\\/diariotextual.com\\\/inicio\\\/\"},{\"@type\":\"ListItem\",\"position\":2,\"name\":\"Encontraron el cuerpo del cordob\u00e9s que hab\u00eda desaparecido en Mendoza\"}]},{\"@type\":\"WebSite\",\"@id\":\"https:\\\/\\\/diariotextual.com\\\/inicio\\\/#website\",\"url\":\"https:\\\/\\\/diariotextual.com\\\/inicio\\\/\",\"name\":\"Diario Textual\",\"description\":\"\",\"publisher\":{\"@id\":\"https:\\\/\\\/diariotextual.com\\\/inicio\\\/#organization\"},\"potentialAction\":[{\"@type\":\"SearchAction\",\"target\":{\"@type\":\"EntryPoint\",\"urlTemplate\":\"https:\\\/\\\/diariotextual.com\\\/inicio\\\/?s={search_term_string}\"},\"query-input\":{\"@type\":\"PropertyValueSpecification\",\"valueRequired\":true,\"valueName\":\"search_term_string\"}}],\"inLanguage\":\"es\"},{\"@type\":\"Organization\",\"@id\":\"https:\\\/\\\/diariotextual.com\\\/inicio\\\/#organization\",\"name\":\"Diario Textual\",\"url\":\"https:\\\/\\\/diariotextual.com\\\/inicio\\\/\",\"logo\":{\"@type\":\"ImageObject\",\"inLanguage\":\"es\",\"@id\":\"https:\\\/\\\/diariotextual.com\\\/inicio\\\/#\\\/schema\\\/logo\\\/image\\\/\",\"url\":\"https:\\\/\\\/diariotextual.com\\\/inicio\\\/wp-content\\\/uploads\\\/2023\\\/05\\\/logotextual1.jpg\",\"contentUrl\":\"https:\\\/\\\/diariotextual.com\\\/inicio\\\/wp-content\\\/uploads\\\/2023\\\/05\\\/logotextual1.jpg\",\"width\":516,\"height\":76,\"caption\":\"Diario Textual\"},\"image\":{\"@id\":\"https:\\\/\\\/diariotextual.com\\\/inicio\\\/#\\\/schema\\\/logo\\\/image\\\/\"},\"sameAs\":[\"https:\\\/\\\/www.facebook.com\\\/eltextual\",\"https:\\\/\\\/x.com\\\/eltextual\",\"http:\\\/\\\/www.instagram.com\\\/eltextual\"]},{\"@type\":\"Person\",\"@id\":\"https:\\\/\\\/diariotextual.com\\\/inicio\\\/#\\\/schema\\\/person\\\/694f60677f23c4a530867a98f22b3768\",\"name\":\"diario2\",\"image\":{\"@type\":\"ImageObject\",\"inLanguage\":\"es\",\"@id\":\"https:\\\/\\\/secure.gravatar.com\\\/avatar\\\/5a2567495ba16b852fcd8f1ed006a2e24fcace936018ed8237e95f488ad6e0a7?s=96&d=mm&r=g\",\"url\":\"https:\\\/\\\/secure.gravatar.com\\\/avatar\\\/5a2567495ba16b852fcd8f1ed006a2e24fcace936018ed8237e95f488ad6e0a7?s=96&d=mm&r=g\",\"contentUrl\":\"https:\\\/\\\/secure.gravatar.com\\\/avatar\\\/5a2567495ba16b852fcd8f1ed006a2e24fcace936018ed8237e95f488ad6e0a7?s=96&d=mm&r=g\",\"caption\":\"diario2\"},\"url\":\"https:\\\/\\\/diariotextual.com\\\/inicio\\\/index.php\\\/author\\\/diario2\\\/\"}]}<\/script>\n<!-- \/ Yoast SEO plugin. -->","yoast_head_json":{"title":"Encontraron el cuerpo del cordob\u00e9s que hab\u00eda desaparecido en Mendoza - Diario Textual","robots":{"index":"index","follow":"follow","max-snippet":"max-snippet:-1","max-image-preview":"max-image-preview:large","max-video-preview":"max-video-preview:-1"},"canonical":"https:\/\/diariotextual.com\/inicio\/index.php\/2023\/07\/28\/encontraron-el-cuerpo-del-cordobes-que-habia-desaparecido-en-mendoza\/","og_locale":"es_ES","og_type":"article","og_title":"Encontraron el cuerpo del cordob\u00e9s que hab\u00eda desaparecido en Mendoza - Diario Textual","og_description":"La\u00a0Polic\u00eda de Mendoza\u00a0confirm\u00f3 el hallazgo del cuerpo del cordob\u00e9s que estaba desaparecido desde el 2 de julio, luego de que uno de los acusados por el homicidio confesara el lugar&hellip;","og_url":"https:\/\/diariotextual.com\/inicio\/index.php\/2023\/07\/28\/encontraron-el-cuerpo-del-cordobes-que-habia-desaparecido-en-mendoza\/","og_site_name":"Diario Textual","article_publisher":"https:\/\/www.facebook.com\/eltextual","article_published_time":"2023-07-28T11:40:03+00:00","article_modified_time":"2023-07-28T11:40:05+00:00","og_image":[{"width":909,"height":585,"url":"https:\/\/diariotextual.com\/inicio\/wp-content\/uploads\/2023\/07\/dionisioaguilar5349.png","type":"image\/png"}],"author":"diario2","twitter_card":"summary_large_image","twitter_creator":"@eltextual","twitter_site":"@eltextual","twitter_misc":{"Escrito por":"diario2","Tiempo de lectura":"4 minutos"},"schema":{"@context":"https:\/\/schema.org","@graph":[{"@type":"Article","@id":"https:\/\/diariotextual.com\/inicio\/index.php\/2023\/07\/28\/encontraron-el-cuerpo-del-cordobes-que-habia-desaparecido-en-mendoza\/#article","isPartOf":{"@id":"https:\/\/diariotextual.com\/inicio\/index.php\/2023\/07\/28\/encontraron-el-cuerpo-del-cordobes-que-habia-desaparecido-en-mendoza\/"},"author":{"name":"diario2","@id":"https:\/\/diariotextual.com\/inicio\/#\/schema\/person\/694f60677f23c4a530867a98f22b3768"},"headline":"Encontraron el cuerpo del cordob\u00e9s que hab\u00eda desaparecido en Mendoza","datePublished":"2023-07-28T11:40:03+00:00","dateModified":"2023-07-28T11:40:05+00:00","mainEntityOfPage":{"@id":"https:\/\/diariotextual.com\/inicio\/index.php\/2023\/07\/28\/encontraron-el-cuerpo-del-cordobes-que-habia-desaparecido-en-mendoza\/"},"wordCount":934,"publisher":{"@id":"https:\/\/diariotextual.com\/inicio\/#organization"},"image":{"@id":"https:\/\/diariotextual.com\/inicio\/index.php\/2023\/07\/28\/encontraron-el-cuerpo-del-cordobes-que-habia-desaparecido-en-mendoza\/#primaryimage"},"thumbnailUrl":"https:\/\/diariotextual.com\/inicio\/wp-content\/uploads\/2023\/07\/dionisioaguilar5349.png","articleSection":["A - ES NOTICIA (van abajo)","SOCIEDAD"],"inLanguage":"es"},{"@type":"WebPage","@id":"https:\/\/diariotextual.com\/inicio\/index.php\/2023\/07\/28\/encontraron-el-cuerpo-del-cordobes-que-habia-desaparecido-en-mendoza\/","url":"https:\/\/diariotextual.com\/inicio\/index.php\/2023\/07\/28\/encontraron-el-cuerpo-del-cordobes-que-habia-desaparecido-en-mendoza\/","name":"Encontraron el cuerpo del cordob\u00e9s que hab\u00eda desaparecido en Mendoza - Diario Textual","isPartOf":{"@id":"https:\/\/diariotextual.com\/inicio\/#website"},"primaryImageOfPage":{"@id":"https:\/\/diariotextual.com\/inicio\/index.php\/2023\/07\/28\/encontraron-el-cuerpo-del-cordobes-que-habia-desaparecido-en-mendoza\/#primaryimage"},"image":{"@id":"https:\/\/diariotextual.com\/inicio\/index.php\/2023\/07\/28\/encontraron-el-cuerpo-del-cordobes-que-habia-desaparecido-en-mendoza\/#primaryimage"},"thumbnailUrl":"https:\/\/diariotextual.com\/inicio\/wp-content\/uploads\/2023\/07\/dionisioaguilar5349.png","datePublished":"2023-07-28T11:40:03+00:00","dateModified":"2023-07-28T11:40:05+00:00","breadcrumb":{"@id":"https:\/\/diariotextual.com\/inicio\/index.php\/2023\/07\/28\/encontraron-el-cuerpo-del-cordobes-que-habia-desaparecido-en-mendoza\/#breadcrumb"},"inLanguage":"es","potentialAction":[{"@type":"ReadAction","target":["https:\/\/diariotextual.com\/inicio\/index.php\/2023\/07\/28\/encontraron-el-cuerpo-del-cordobes-que-habia-desaparecido-en-mendoza\/"]}]},{"@type":"ImageObject","inLanguage":"es","@id":"https:\/\/diariotextual.com\/inicio\/index.php\/2023\/07\/28\/encontraron-el-cuerpo-del-cordobes-que-habia-desaparecido-en-mendoza\/#primaryimage","url":"https:\/\/diariotextual.com\/inicio\/wp-content\/uploads\/2023\/07\/dionisioaguilar5349.png","contentUrl":"https:\/\/diariotextual.com\/inicio\/wp-content\/uploads\/2023\/07\/dionisioaguilar5349.png","width":909,"height":585},{"@type":"BreadcrumbList","@id":"https:\/\/diariotextual.com\/inicio\/index.php\/2023\/07\/28\/encontraron-el-cuerpo-del-cordobes-que-habia-desaparecido-en-mendoza\/#breadcrumb","itemListElement":[{"@type":"ListItem","position":1,"name":"Portada","item":"https:\/\/diariotextual.com\/inicio\/"},{"@type":"ListItem","position":2,"name":"Encontraron el cuerpo del cordob\u00e9s que hab\u00eda desaparecido en Mendoza"}]},{"@type":"WebSite","@id":"https:\/\/diariotextual.com\/inicio\/#website","url":"https:\/\/diariotextual.com\/inicio\/","name":"Diario Textual","description":"","publisher":{"@id":"https:\/\/diariotextual.com\/inicio\/#organization"},"potentialAction":[{"@type":"SearchAction","target":{"@type":"EntryPoint","urlTemplate":"https:\/\/diariotextual.com\/inicio\/?s={search_term_string}"},"query-input":{"@type":"PropertyValueSpecification","valueRequired":true,"valueName":"search_term_string"}}],"inLanguage":"es"},{"@type":"Organization","@id":"https:\/\/diariotextual.com\/inicio\/#organization","name":"Diario Textual","url":"https:\/\/diariotextual.com\/inicio\/","logo":{"@type":"ImageObject","inLanguage":"es","@id":"https:\/\/diariotextual.com\/inicio\/#\/schema\/logo\/image\/","url":"https:\/\/diariotextual.com\/inicio\/wp-content\/uploads\/2023\/05\/logotextual1.jpg","contentUrl":"https:\/\/diariotextual.com\/inicio\/wp-content\/uploads\/2023\/05\/logotextual1.jpg","width":516,"height":76,"caption":"Diario Textual"},"image":{"@id":"https:\/\/diariotextual.com\/inicio\/#\/schema\/logo\/image\/"},"sameAs":["https:\/\/www.facebook.com\/eltextual","https:\/\/x.com\/eltextual","http:\/\/www.instagram.com\/eltextual"]},{"@type":"Person","@id":"https:\/\/diariotextual.com\/inicio\/#\/schema\/person\/694f60677f23c4a530867a98f22b3768","name":"diario2","image":{"@type":"ImageObject","inLanguage":"es","@id":"https:\/\/secure.gravatar.com\/avatar\/5a2567495ba16b852fcd8f1ed006a2e24fcace936018ed8237e95f488ad6e0a7?s=96&d=mm&r=g","url":"https:\/\/secure.gravatar.com\/avatar\/5a2567495ba16b852fcd8f1ed006a2e24fcace936018ed8237e95f488ad6e0a7?s=96&d=mm&r=g","contentUrl":"https:\/\/secure.gravatar.com\/avatar\/5a2567495ba16b852fcd8f1ed006a2e24fcace936018ed8237e95f488ad6e0a7?s=96&d=mm&r=g","caption":"diario2"},"url":"https:\/\/diariotextual.com\/inicio\/index.php\/author\/diario2\/"}]}},"_links":{"self":[{"href":"https:\/\/diariotextual.com\/inicio\/index.php\/wp-json\/wp\/v2\/posts\/232168","targetHints":{"allow":["GET"]}}],"collection":[{"href":"https:\/\/diariotextual.com\/inicio\/index.php\/wp-json\/wp\/v2\/posts"}],"about":[{"href":"https:\/\/diariotextual.com\/inicio\/index.php\/wp-json\/wp\/v2\/types\/post"}],"author":[{"embeddable":true,"href":"https:\/\/diariotextual.com\/inicio\/index.php\/wp-json\/wp\/v2\/users\/4"}],"replies":[{"embeddable":true,"href":"https:\/\/diariotextual.com\/inicio\/index.php\/wp-json\/wp\/v2\/comments?post=232168"}],"version-history":[{"count":2,"href":"https:\/\/diariotextual.com\/inicio\/index.php\/wp-json\/wp\/v2\/posts\/232168\/revisions"}],"predecessor-version":[{"id":232172,"href":"https:\/\/diariotextual.com\/inicio\/index.php\/wp-json\/wp\/v2\/posts\/232168\/revisions\/232172"}],"wp:featuredmedia":[{"embeddable":true,"href":"https:\/\/diariotextual.com\/inicio\/index.php\/wp-json\/wp\/v2\/media\/232171"}],"wp:attachment":[{"href":"https:\/\/diariotextual.com\/inicio\/index.php\/wp-json\/wp\/v2\/media?parent=232168"}],"wp:term":[{"taxonomy":"category","embeddable":true,"href":"https:\/\/diariotextual.com\/inicio\/index.php\/wp-json\/wp\/v2\/categories?post=232168"},{"taxonomy":"post_tag","embeddable":true,"href":"https:\/\/diariotextual.com\/inicio\/index.php\/wp-json\/wp\/v2\/tags?post=232168"}],"curies":[{"name":"wp","href":"https:\/\/api.w.org\/{rel}","templated":true}]}}