{"id":232181,"date":"2023-07-28T10:07:27","date_gmt":"2023-07-28T13:07:27","guid":{"rendered":"https:\/\/diariotextual.com\/inicio\/?p=232181"},"modified":"2023-07-28T20:04:45","modified_gmt":"2023-07-28T23:04:45","slug":"las-abuelas-de-plaza-de-mayo-encontraron-al-nieto-133","status":"publish","type":"post","link":"https:\/\/diariotextual.com\/inicio\/index.php\/2023\/07\/28\/las-abuelas-de-plaza-de-mayo-encontraron-al-nieto-133\/","title":{"rendered":"\u201cEncontramos al hijo de Cristina Navajas y Julio Santucho, el nieto de N\u00e9lida\u201d"},"content":{"rendered":"\n<p><strong>\u201cEncontramos al hijo de Cristina Navajas y Julio Santucho, el nieto de la Abuela N\u00e9lida Navajas\u201d<\/strong>, afirm\u00f3 Estela de Carlotto, en el comienzo del emotivo acto en el que se anuncia la recuperaci\u00f3n de<strong>\u00a0la identidad del nieto 133<\/strong>, apropiado durante la \u00faltima dictadura c\u00edvico militar. El anuncio formal se realiz\u00f3 en el auditorio de la Casa por la Identidad del Espacio Memoria y Derechos Humanos ex Esma.<br><br><strong>\u201cEl trabajo de la b\u00fasqueda que hacemos las Abuelas es una tarea tan seria como necesaria. Es desde el amor, que anima a que los que saben puedan decir lo que saben y los que dudan se acerquen\u201d<\/strong>, agreg\u00f3 Carlotto.<\/p>\n\n\n\n<p><strong>\u201cCon inmensa felicidad anunciamos el encuentro del nieto 133\u201d, anunci\u00f3 la organizaci\u00f3n de derechos humanos<\/strong>&nbsp;esta ma\u00f1ana a trav\u00e9s de su p\u00e1gina web, donde destaca, adem\u00e1s, que \u201ccada restituci\u00f3n reafirma que el pueblo argentino nos acompa\u00f1a y decide no olvidar\u201d.<\/p>\n\n\n\n<p><strong>Se trata de la primera restituci\u00f3n en lo que va de 2023.<\/strong>&nbsp;Las \u00faltimas hab\u00edan sido en diciembre de 2022, cuando ese mismo mes y con solo d\u00edas de diferencia se les devolvi\u00f3 la identidad biol\u00f3gica y de historia a dos hijos nacidos en cautiverio y de familias v\u00edctimas del terrorismo de Estado durante la \u00faltima dictadura c\u00edvico-militar.<\/p>\n\n\n\n<p>Esos hallazgos son producto del trabajo unido de Abuelas junto con la Comisi\u00f3n Nacional por el Derecho a la Identidad (Conadi), el Banco Nacional de Datos Gen\u00e9ticos (BNDG) y la Unidad Especializada para Casos de Apropiaci\u00f3n de Ni\u00f1os durante el terrorismo de Estado (Uficante).<\/p>\n","protected":false},"excerpt":{"rendered":"<p>\u201cEncontramos al hijo de Cristina Navajas y Julio Santucho, el nieto de la Abuela N\u00e9lida Navajas\u201d, afirm\u00f3 Estela de Carlotto, en el comienzo del emotivo acto en el que se&hellip;<\/p>\n","protected":false},"author":3,"featured_media":232209,"comment_status":"closed","ping_status":"open","sticky":false,"template":"","format":"standard","meta":{"_acf_changed":false,"footnotes":""},"categories":[1,11,12],"tags":[],"class_list":["post-232181","post","type-post","status-publish","format-standard","has-post-thumbnail","hentry","category-es-noticia","category-que-pasa","category-sociedad"],"acf":[],"yoast_head":"<!-- This site is optimized with the Yoast SEO plugin v27.5 - https:\/\/yoast.com\/product\/yoast-seo-wordpress\/ -->\n<title>\u201cEncontramos al hijo de Cristina Navajas y Julio Santucho, el nieto de N\u00e9lida\u201d - Diario Textual<\/title>\n<meta name=\"robots\" content=\"index, follow, max-snippet:-1, max-image-preview:large, max-video-preview:-1\" \/>\n<link rel=\"canonical\" href=\"https:\/\/diariotextual.com\/inicio\/index.php\/2023\/07\/28\/las-abuelas-de-plaza-de-mayo-encontraron-al-nieto-133\/\" \/>\n<meta property=\"og:locale\" content=\"es_ES\" \/>\n<meta property=\"og:type\" content=\"article\" \/>\n<meta property=\"og:title\" content=\"\u201cEncontramos al hijo de Cristina Navajas y Julio Santucho, el nieto de N\u00e9lida\u201d - Diario Textual\" \/>\n<meta property=\"og:description\" content=\"\u201cEncontramos al hijo de Cristina Navajas y Julio Santucho, el nieto de la Abuela N\u00e9lida Navajas\u201d, afirm\u00f3 Estela de Carlotto, en el comienzo del emotivo acto en el que se&hellip;\" \/>\n<meta property=\"og:url\" content=\"https:\/\/diariotextual.com\/inicio\/index.php\/2023\/07\/28\/las-abuelas-de-plaza-de-mayo-encontraron-al-nieto-133\/\" \/>\n<meta property=\"og:site_name\" content=\"Diario Textual\" \/>\n<meta property=\"article:publisher\" content=\"https:\/\/www.facebook.com\/eltextual\" \/>\n<meta property=\"article:published_time\" content=\"2023-07-28T13:07:27+00:00\" \/>\n<meta property=\"article:modified_time\" content=\"2023-07-28T23:04:45+00:00\" \/>\n<meta property=\"og:image\" content=\"https:\/\/diariotextual.com\/inicio\/wp-content\/uploads\/2023\/07\/nieto133abuelasdelplazamayotelam2023-1.jpg\" \/>\n\t<meta property=\"og:image:width\" content=\"1100\" \/>\n\t<meta property=\"og:image:height\" content=\"619\" \/>\n\t<meta property=\"og:image:type\" content=\"image\/jpeg\" \/>\n<meta name=\"author\" content=\"Diario1 Diario1\" \/>\n<meta name=\"twitter:card\" content=\"summary_large_image\" \/>\n<meta name=\"twitter:creator\" content=\"@eltextual\" \/>\n<meta name=\"twitter:site\" content=\"@eltextual\" \/>\n<meta name=\"twitter:label1\" content=\"Escrito por\" \/>\n\t<meta name=\"twitter:data1\" content=\"Diario1 Diario1\" \/>\n\t<meta name=\"twitter:label2\" content=\"Tiempo de lectura\" \/>\n\t<meta name=\"twitter:data2\" content=\"2 minutos\" \/>\n<script type=\"application\/ld+json\" class=\"yoast-schema-graph\">{\"@context\":\"https:\\\/\\\/schema.org\",\"@graph\":[{\"@type\":\"Article\",\"@id\":\"https:\\\/\\\/diariotextual.com\\\/inicio\\\/index.php\\\/2023\\\/07\\\/28\\\/las-abuelas-de-plaza-de-mayo-encontraron-al-nieto-133\\\/#article\",\"isPartOf\":{\"@id\":\"https:\\\/\\\/diariotextual.com\\\/inicio\\\/index.php\\\/2023\\\/07\\\/28\\\/las-abuelas-de-plaza-de-mayo-encontraron-al-nieto-133\\\/\"},\"author\":{\"name\":\"Diario1 Diario1\",\"@id\":\"https:\\\/\\\/diariotextual.com\\\/inicio\\\/#\\\/schema\\\/person\\\/418fc4093c33e86ed41562db3508f958\"},\"headline\":\"\u201cEncontramos al hijo de Cristina Navajas y Julio Santucho, el nieto de N\u00e9lida\u201d\",\"datePublished\":\"2023-07-28T13:07:27+00:00\",\"dateModified\":\"2023-07-28T23:04:45+00:00\",\"mainEntityOfPage\":{\"@id\":\"https:\\\/\\\/diariotextual.com\\\/inicio\\\/index.php\\\/2023\\\/07\\\/28\\\/las-abuelas-de-plaza-de-mayo-encontraron-al-nieto-133\\\/\"},\"wordCount\":283,\"publisher\":{\"@id\":\"https:\\\/\\\/diariotextual.com\\\/inicio\\\/#organization\"},\"image\":{\"@id\":\"https:\\\/\\\/diariotextual.com\\\/inicio\\\/index.php\\\/2023\\\/07\\\/28\\\/las-abuelas-de-plaza-de-mayo-encontraron-al-nieto-133\\\/#primaryimage\"},\"thumbnailUrl\":\"https:\\\/\\\/diariotextual.com\\\/inicio\\\/wp-content\\\/uploads\\\/2023\\\/07\\\/nieto133abuelasdelplazamayotelam2023-1.jpg\",\"articleSection\":[\"A - ES NOTICIA (van abajo)\",\"A - QUE PASA (al costado)\",\"SOCIEDAD\"],\"inLanguage\":\"es\"},{\"@type\":\"WebPage\",\"@id\":\"https:\\\/\\\/diariotextual.com\\\/inicio\\\/index.php\\\/2023\\\/07\\\/28\\\/las-abuelas-de-plaza-de-mayo-encontraron-al-nieto-133\\\/\",\"url\":\"https:\\\/\\\/diariotextual.com\\\/inicio\\\/index.php\\\/2023\\\/07\\\/28\\\/las-abuelas-de-plaza-de-mayo-encontraron-al-nieto-133\\\/\",\"name\":\"\u201cEncontramos al hijo de Cristina Navajas y Julio Santucho, el nieto de N\u00e9lida\u201d - Diario Textual\",\"isPartOf\":{\"@id\":\"https:\\\/\\\/diariotextual.com\\\/inicio\\\/#website\"},\"primaryImageOfPage\":{\"@id\":\"https:\\\/\\\/diariotextual.com\\\/inicio\\\/index.php\\\/2023\\\/07\\\/28\\\/las-abuelas-de-plaza-de-mayo-encontraron-al-nieto-133\\\/#primaryimage\"},\"image\":{\"@id\":\"https:\\\/\\\/diariotextual.com\\\/inicio\\\/index.php\\\/2023\\\/07\\\/28\\\/las-abuelas-de-plaza-de-mayo-encontraron-al-nieto-133\\\/#primaryimage\"},\"thumbnailUrl\":\"https:\\\/\\\/diariotextual.com\\\/inicio\\\/wp-content\\\/uploads\\\/2023\\\/07\\\/nieto133abuelasdelplazamayotelam2023-1.jpg\",\"datePublished\":\"2023-07-28T13:07:27+00:00\",\"dateModified\":\"2023-07-28T23:04:45+00:00\",\"breadcrumb\":{\"@id\":\"https:\\\/\\\/diariotextual.com\\\/inicio\\\/index.php\\\/2023\\\/07\\\/28\\\/las-abuelas-de-plaza-de-mayo-encontraron-al-nieto-133\\\/#breadcrumb\"},\"inLanguage\":\"es\",\"potentialAction\":[{\"@type\":\"ReadAction\",\"target\":[\"https:\\\/\\\/diariotextual.com\\\/inicio\\\/index.php\\\/2023\\\/07\\\/28\\\/las-abuelas-de-plaza-de-mayo-encontraron-al-nieto-133\\\/\"]}]},{\"@type\":\"ImageObject\",\"inLanguage\":\"es\",\"@id\":\"https:\\\/\\\/diariotextual.com\\\/inicio\\\/index.php\\\/2023\\\/07\\\/28\\\/las-abuelas-de-plaza-de-mayo-encontraron-al-nieto-133\\\/#primaryimage\",\"url\":\"https:\\\/\\\/diariotextual.com\\\/inicio\\\/wp-content\\\/uploads\\\/2023\\\/07\\\/nieto133abuelasdelplazamayotelam2023-1.jpg\",\"contentUrl\":\"https:\\\/\\\/diariotextual.com\\\/inicio\\\/wp-content\\\/uploads\\\/2023\\\/07\\\/nieto133abuelasdelplazamayotelam2023-1.jpg\",\"width\":1100,\"height\":619},{\"@type\":\"BreadcrumbList\",\"@id\":\"https:\\\/\\\/diariotextual.com\\\/inicio\\\/index.php\\\/2023\\\/07\\\/28\\\/las-abuelas-de-plaza-de-mayo-encontraron-al-nieto-133\\\/#breadcrumb\",\"itemListElement\":[{\"@type\":\"ListItem\",\"position\":1,\"name\":\"Portada\",\"item\":\"https:\\\/\\\/diariotextual.com\\\/inicio\\\/\"},{\"@type\":\"ListItem\",\"position\":2,\"name\":\"\u201cEncontramos al hijo de Cristina Navajas y Julio Santucho, el nieto de N\u00e9lida\u201d\"}]},{\"@type\":\"WebSite\",\"@id\":\"https:\\\/\\\/diariotextual.com\\\/inicio\\\/#website\",\"url\":\"https:\\\/\\\/diariotextual.com\\\/inicio\\\/\",\"name\":\"Diario Textual\",\"description\":\"\",\"publisher\":{\"@id\":\"https:\\\/\\\/diariotextual.com\\\/inicio\\\/#organization\"},\"potentialAction\":[{\"@type\":\"SearchAction\",\"target\":{\"@type\":\"EntryPoint\",\"urlTemplate\":\"https:\\\/\\\/diariotextual.com\\\/inicio\\\/?s={search_term_string}\"},\"query-input\":{\"@type\":\"PropertyValueSpecification\",\"valueRequired\":true,\"valueName\":\"search_term_string\"}}],\"inLanguage\":\"es\"},{\"@type\":\"Organization\",\"@id\":\"https:\\\/\\\/diariotextual.com\\\/inicio\\\/#organization\",\"name\":\"Diario Textual\",\"url\":\"https:\\\/\\\/diariotextual.com\\\/inicio\\\/\",\"logo\":{\"@type\":\"ImageObject\",\"inLanguage\":\"es\",\"@id\":\"https:\\\/\\\/diariotextual.com\\\/inicio\\\/#\\\/schema\\\/logo\\\/image\\\/\",\"url\":\"https:\\\/\\\/diariotextual.com\\\/inicio\\\/wp-content\\\/uploads\\\/2023\\\/05\\\/logotextual1.jpg\",\"contentUrl\":\"https:\\\/\\\/diariotextual.com\\\/inicio\\\/wp-content\\\/uploads\\\/2023\\\/05\\\/logotextual1.jpg\",\"width\":516,\"height\":76,\"caption\":\"Diario Textual\"},\"image\":{\"@id\":\"https:\\\/\\\/diariotextual.com\\\/inicio\\\/#\\\/schema\\\/logo\\\/image\\\/\"},\"sameAs\":[\"https:\\\/\\\/www.facebook.com\\\/eltextual\",\"https:\\\/\\\/x.com\\\/eltextual\",\"http:\\\/\\\/www.instagram.com\\\/eltextual\"]},{\"@type\":\"Person\",\"@id\":\"https:\\\/\\\/diariotextual.com\\\/inicio\\\/#\\\/schema\\\/person\\\/418fc4093c33e86ed41562db3508f958\",\"name\":\"Diario1 Diario1\",\"image\":{\"@type\":\"ImageObject\",\"inLanguage\":\"es\",\"@id\":\"https:\\\/\\\/secure.gravatar.com\\\/avatar\\\/9167d280179c85bc18be67aa7eda765854300033af4896dd779b608640f2ef7a?s=96&d=mm&r=g\",\"url\":\"https:\\\/\\\/secure.gravatar.com\\\/avatar\\\/9167d280179c85bc18be67aa7eda765854300033af4896dd779b608640f2ef7a?s=96&d=mm&r=g\",\"contentUrl\":\"https:\\\/\\\/secure.gravatar.com\\\/avatar\\\/9167d280179c85bc18be67aa7eda765854300033af4896dd779b608640f2ef7a?s=96&d=mm&r=g\",\"caption\":\"Diario1 Diario1\"},\"url\":\"https:\\\/\\\/diariotextual.com\\\/inicio\\\/index.php\\\/author\\\/diario1\\\/\"}]}<\/script>\n<!-- \/ Yoast SEO plugin. -->","yoast_head_json":{"title":"\u201cEncontramos al hijo de Cristina Navajas y Julio Santucho, el nieto de N\u00e9lida\u201d - Diario Textual","robots":{"index":"index","follow":"follow","max-snippet":"max-snippet:-1","max-image-preview":"max-image-preview:large","max-video-preview":"max-video-preview:-1"},"canonical":"https:\/\/diariotextual.com\/inicio\/index.php\/2023\/07\/28\/las-abuelas-de-plaza-de-mayo-encontraron-al-nieto-133\/","og_locale":"es_ES","og_type":"article","og_title":"\u201cEncontramos al hijo de Cristina Navajas y Julio Santucho, el nieto de N\u00e9lida\u201d - Diario Textual","og_description":"\u201cEncontramos al hijo de Cristina Navajas y Julio Santucho, el nieto de la Abuela N\u00e9lida Navajas\u201d, afirm\u00f3 Estela de Carlotto, en el comienzo del emotivo acto en el que se&hellip;","og_url":"https:\/\/diariotextual.com\/inicio\/index.php\/2023\/07\/28\/las-abuelas-de-plaza-de-mayo-encontraron-al-nieto-133\/","og_site_name":"Diario Textual","article_publisher":"https:\/\/www.facebook.com\/eltextual","article_published_time":"2023-07-28T13:07:27+00:00","article_modified_time":"2023-07-28T23:04:45+00:00","og_image":[{"width":1100,"height":619,"url":"https:\/\/diariotextual.com\/inicio\/wp-content\/uploads\/2023\/07\/nieto133abuelasdelplazamayotelam2023-1.jpg","type":"image\/jpeg"}],"author":"Diario1 Diario1","twitter_card":"summary_large_image","twitter_creator":"@eltextual","twitter_site":"@eltextual","twitter_misc":{"Escrito por":"Diario1 Diario1","Tiempo de lectura":"2 minutos"},"schema":{"@context":"https:\/\/schema.org","@graph":[{"@type":"Article","@id":"https:\/\/diariotextual.com\/inicio\/index.php\/2023\/07\/28\/las-abuelas-de-plaza-de-mayo-encontraron-al-nieto-133\/#article","isPartOf":{"@id":"https:\/\/diariotextual.com\/inicio\/index.php\/2023\/07\/28\/las-abuelas-de-plaza-de-mayo-encontraron-al-nieto-133\/"},"author":{"name":"Diario1 Diario1","@id":"https:\/\/diariotextual.com\/inicio\/#\/schema\/person\/418fc4093c33e86ed41562db3508f958"},"headline":"\u201cEncontramos al hijo de Cristina Navajas y Julio Santucho, el nieto de N\u00e9lida\u201d","datePublished":"2023-07-28T13:07:27+00:00","dateModified":"2023-07-28T23:04:45+00:00","mainEntityOfPage":{"@id":"https:\/\/diariotextual.com\/inicio\/index.php\/2023\/07\/28\/las-abuelas-de-plaza-de-mayo-encontraron-al-nieto-133\/"},"wordCount":283,"publisher":{"@id":"https:\/\/diariotextual.com\/inicio\/#organization"},"image":{"@id":"https:\/\/diariotextual.com\/inicio\/index.php\/2023\/07\/28\/las-abuelas-de-plaza-de-mayo-encontraron-al-nieto-133\/#primaryimage"},"thumbnailUrl":"https:\/\/diariotextual.com\/inicio\/wp-content\/uploads\/2023\/07\/nieto133abuelasdelplazamayotelam2023-1.jpg","articleSection":["A - ES NOTICIA (van abajo)","A - QUE PASA (al costado)","SOCIEDAD"],"inLanguage":"es"},{"@type":"WebPage","@id":"https:\/\/diariotextual.com\/inicio\/index.php\/2023\/07\/28\/las-abuelas-de-plaza-de-mayo-encontraron-al-nieto-133\/","url":"https:\/\/diariotextual.com\/inicio\/index.php\/2023\/07\/28\/las-abuelas-de-plaza-de-mayo-encontraron-al-nieto-133\/","name":"\u201cEncontramos al hijo de Cristina Navajas y Julio Santucho, el nieto de N\u00e9lida\u201d - Diario Textual","isPartOf":{"@id":"https:\/\/diariotextual.com\/inicio\/#website"},"primaryImageOfPage":{"@id":"https:\/\/diariotextual.com\/inicio\/index.php\/2023\/07\/28\/las-abuelas-de-plaza-de-mayo-encontraron-al-nieto-133\/#primaryimage"},"image":{"@id":"https:\/\/diariotextual.com\/inicio\/index.php\/2023\/07\/28\/las-abuelas-de-plaza-de-mayo-encontraron-al-nieto-133\/#primaryimage"},"thumbnailUrl":"https:\/\/diariotextual.com\/inicio\/wp-content\/uploads\/2023\/07\/nieto133abuelasdelplazamayotelam2023-1.jpg","datePublished":"2023-07-28T13:07:27+00:00","dateModified":"2023-07-28T23:04:45+00:00","breadcrumb":{"@id":"https:\/\/diariotextual.com\/inicio\/index.php\/2023\/07\/28\/las-abuelas-de-plaza-de-mayo-encontraron-al-nieto-133\/#breadcrumb"},"inLanguage":"es","potentialAction":[{"@type":"ReadAction","target":["https:\/\/diariotextual.com\/inicio\/index.php\/2023\/07\/28\/las-abuelas-de-plaza-de-mayo-encontraron-al-nieto-133\/"]}]},{"@type":"ImageObject","inLanguage":"es","@id":"https:\/\/diariotextual.com\/inicio\/index.php\/2023\/07\/28\/las-abuelas-de-plaza-de-mayo-encontraron-al-nieto-133\/#primaryimage","url":"https:\/\/diariotextual.com\/inicio\/wp-content\/uploads\/2023\/07\/nieto133abuelasdelplazamayotelam2023-1.jpg","contentUrl":"https:\/\/diariotextual.com\/inicio\/wp-content\/uploads\/2023\/07\/nieto133abuelasdelplazamayotelam2023-1.jpg","width":1100,"height":619},{"@type":"BreadcrumbList","@id":"https:\/\/diariotextual.com\/inicio\/index.php\/2023\/07\/28\/las-abuelas-de-plaza-de-mayo-encontraron-al-nieto-133\/#breadcrumb","itemListElement":[{"@type":"ListItem","position":1,"name":"Portada","item":"https:\/\/diariotextual.com\/inicio\/"},{"@type":"ListItem","position":2,"name":"\u201cEncontramos al hijo de Cristina Navajas y Julio Santucho, el nieto de N\u00e9lida\u201d"}]},{"@type":"WebSite","@id":"https:\/\/diariotextual.com\/inicio\/#website","url":"https:\/\/diariotextual.com\/inicio\/","name":"Diario Textual","description":"","publisher":{"@id":"https:\/\/diariotextual.com\/inicio\/#organization"},"potentialAction":[{"@type":"SearchAction","target":{"@type":"EntryPoint","urlTemplate":"https:\/\/diariotextual.com\/inicio\/?s={search_term_string}"},"query-input":{"@type":"PropertyValueSpecification","valueRequired":true,"valueName":"search_term_string"}}],"inLanguage":"es"},{"@type":"Organization","@id":"https:\/\/diariotextual.com\/inicio\/#organization","name":"Diario Textual","url":"https:\/\/diariotextual.com\/inicio\/","logo":{"@type":"ImageObject","inLanguage":"es","@id":"https:\/\/diariotextual.com\/inicio\/#\/schema\/logo\/image\/","url":"https:\/\/diariotextual.com\/inicio\/wp-content\/uploads\/2023\/05\/logotextual1.jpg","contentUrl":"https:\/\/diariotextual.com\/inicio\/wp-content\/uploads\/2023\/05\/logotextual1.jpg","width":516,"height":76,"caption":"Diario Textual"},"image":{"@id":"https:\/\/diariotextual.com\/inicio\/#\/schema\/logo\/image\/"},"sameAs":["https:\/\/www.facebook.com\/eltextual","https:\/\/x.com\/eltextual","http:\/\/www.instagram.com\/eltextual"]},{"@type":"Person","@id":"https:\/\/diariotextual.com\/inicio\/#\/schema\/person\/418fc4093c33e86ed41562db3508f958","name":"Diario1 Diario1","image":{"@type":"ImageObject","inLanguage":"es","@id":"https:\/\/secure.gravatar.com\/avatar\/9167d280179c85bc18be67aa7eda765854300033af4896dd779b608640f2ef7a?s=96&d=mm&r=g","url":"https:\/\/secure.gravatar.com\/avatar\/9167d280179c85bc18be67aa7eda765854300033af4896dd779b608640f2ef7a?s=96&d=mm&r=g","contentUrl":"https:\/\/secure.gravatar.com\/avatar\/9167d280179c85bc18be67aa7eda765854300033af4896dd779b608640f2ef7a?s=96&d=mm&r=g","caption":"Diario1 Diario1"},"url":"https:\/\/diariotextual.com\/inicio\/index.php\/author\/diario1\/"}]}},"_links":{"self":[{"href":"https:\/\/diariotextual.com\/inicio\/index.php\/wp-json\/wp\/v2\/posts\/232181","targetHints":{"allow":["GET"]}}],"collection":[{"href":"https:\/\/diariotextual.com\/inicio\/index.php\/wp-json\/wp\/v2\/posts"}],"about":[{"href":"https:\/\/diariotextual.com\/inicio\/index.php\/wp-json\/wp\/v2\/types\/post"}],"author":[{"embeddable":true,"href":"https:\/\/diariotextual.com\/inicio\/index.php\/wp-json\/wp\/v2\/users\/3"}],"replies":[{"embeddable":true,"href":"https:\/\/diariotextual.com\/inicio\/index.php\/wp-json\/wp\/v2\/comments?post=232181"}],"version-history":[{"count":3,"href":"https:\/\/diariotextual.com\/inicio\/index.php\/wp-json\/wp\/v2\/posts\/232181\/revisions"}],"predecessor-version":[{"id":232208,"href":"https:\/\/diariotextual.com\/inicio\/index.php\/wp-json\/wp\/v2\/posts\/232181\/revisions\/232208"}],"wp:featuredmedia":[{"embeddable":true,"href":"https:\/\/diariotextual.com\/inicio\/index.php\/wp-json\/wp\/v2\/media\/232209"}],"wp:attachment":[{"href":"https:\/\/diariotextual.com\/inicio\/index.php\/wp-json\/wp\/v2\/media?parent=232181"}],"wp:term":[{"taxonomy":"category","embeddable":true,"href":"https:\/\/diariotextual.com\/inicio\/index.php\/wp-json\/wp\/v2\/categories?post=232181"},{"taxonomy":"post_tag","embeddable":true,"href":"https:\/\/diariotextual.com\/inicio\/index.php\/wp-json\/wp\/v2\/tags?post=232181"}],"curies":[{"name":"wp","href":"https:\/\/api.w.org\/{rel}","templated":true}]}}